{"id":73159,"date":"2021-07-01T07:00:00","date_gmt":"2021-07-01T10:00:00","guid":{"rendered":"http:\/\/patagoniambiental.com.ar\/info\/?p=73159"},"modified":"2021-07-01T10:55:09","modified_gmt":"2021-07-01T13:55:09","slug":"proponen-desde-la-pampa-por-ley-una-opinion-vinculante-de-los-comites-de-cuenca","status":"publish","type":"post","link":"https:\/\/patagoniambiental.com.ar\/info\/proponen-desde-la-pampa-por-ley-una-opinion-vinculante-de-los-comites-de-cuenca\/","title":{"rendered":"Proponen desde La Pampa por ley una opini\u00f3n vinculante de los comit\u00e9s de cuenca"},"content":{"rendered":"\n<!--more-->\n\n\n\n<p>La Pampa.-El diputado nacional por el radicalismo Mart\u00edn Berhongaray se\u00f1ala que\u00a0<strong>\u00aben muchos casos esos\u00bb hay \u00abcomportamientos abusivos que resultan facilitados por la decisi\u00f3n de financiar con fondos nacionales\u00bb\u00a0<\/strong>las obras en cuesti\u00f3n.<\/p>\n\n\n\n<p>El diputado nacional Mart\u00edn Berhongaray present\u00f3 un proyecto que pretende reformar la ley 24.354 (Plan Nacional de Inversiones P\u00fablicas), disponiendo que en el caso de programas y proyectos referidos a cuencas hidrogr\u00e1ficas interprovinciales que tengan potencialidad de modificar negativamente el ambiente o alterar el equilibrio de los ecosistemas, deber\u00e1&nbsp;<strong>requerirse la opini\u00f3n del Comit\u00e9 de Cuenca correspondiente y, en caso de no encontrarse constituido, ser\u00e1 exigible la autorizaci\u00f3n de cada uno de los gobiernos cond\u00f3minos<\/strong>.<\/p>\n\n\n\n<p>Las objeciones totales o parciales formuladas por el organismo de cuenca pertinente o por alguno de los gobiernos afectados seg\u00fan el caso, tendr\u00e1n&nbsp;<strong>fuerza vinculante<\/strong>, seg\u00fan la iniciativa. Berhongara remarca que su iniciativa tiene un antecedente en una similar que hizo en su momento el justicialista&nbsp;<strong>Carlos Verna.<\/strong>&nbsp;Aunque no menciona ning\u00fan caso puntual, ronda en los fundamentos la situaci\u00f3n de&nbsp;<strong>Portezuelo del Viento, la obra que mantiene abierto el debate en el Comit\u00e9 Interjurisdiccional de cuenca del R\u00edo Colorado (COIRCO) aunque Mendoza avanza sin consultar al resto de las provincias afectadas<\/strong>.<\/p>\n\n\n\n<p>\u00abEntiendo que la reforma propuesta se alinea con la f\u00f3rmula incorporada en el art\u00edculo 41 de la reforma constitucional de 1994 que ordena enderezar todas las pol\u00edticas p\u00fablicas hacia comportamientos que resguarden la calidad de vida de las presentes y futuras generaciones\u00bb, se\u00f1ala el legislador del radicalismo.<\/p>\n\n\n\n<p>Advierte adem\u00e1s que \u00abno hay dudas de que el aprovechamiento de un recurso h\u00eddrico ser\u00e1 sustentable en la medida de que todos los proyectos, particularmente los de infraestructura y los del sector productivo, resulten compatibles con la protecci\u00f3n del ambiente\u00bb.<\/p>\n\n\n\n<p>Berhongaray se\u00f1ala que \u00abuno de los principios rectores de la pol\u00edtica h\u00eddrica es el denominado de &#8216;unidad de cuenca&#8217; que, a partir de considerar a la cuenca en su integralidad, reconoce como premisa b\u00e1sica la coordinaci\u00f3n institucional y la participaci\u00f3n activa en todas las decisiones de manejo por parte de aquellas jurisdicciones que ostenten el car\u00e1cter de cond\u00f3minas (cotitulares) del recurso\u00bb.<\/p>\n\n\n\n<p>\u00abEste principio directriz -dice- resulta abiertamente vulnerado cuando se dispone -en forma inconsulta- un aprovechamiento unilateral de un cauce que, por sus condiciones de interprovincialidad, debiera suponer una administraci\u00f3n compartida con la debida injerencia de todos los gobiernos cond\u00f3minos.&nbsp;<strong>En muchos casos esos comportamientos abusivos resultan facilitados por la decisi\u00f3n de financiar con fondos nacionales<\/strong>&nbsp;las siempre costosas obras de infraestructura que, inicialmente planteadas para regular los caudales y generar energ\u00eda el\u00e9ctrica, terminan en forma secundaria permitiendo usos consuntivos (irrigaci\u00f3n, Industriales, etc.) que resienten los escurrimientos aguas abajo y terminan ocasionando perjuicios sociales, productivos y ambientales de consideraci\u00f3n\u00bb.<\/p>\n\n\n\n<p>El proyecto apunta que se entiende \u00abnecesario restringir la posibilidad de que se financie con fondos nacionales a toda obra p\u00fablica que&nbsp;<strong>pueda modificar negativamente el ambiente y alterar el equilibrio de los ecosistemas pertenecientes a cuencas h\u00eddricas interprovinciales<\/strong>, y que en todos los casos esas decisiones de inversi\u00f3n deben necesariamente requerir el consentimiento -y autorizaci\u00f3n expresa para su realizaci\u00f3n- de cada una de las jurisdicciones cond\u00f3minas\u00bb.<\/p>\n\n\n\n<p>La modificaci\u00f3n propuesta -dice- \u00abguarda relaci\u00f3n con la intenci\u00f3n planteada en el proyecto parlamentario nro. 1019 presentado en el a\u00f1o 2010 por el ex Senador Nacional Carlos Verna, y en similares iniciativas presentadas con posterioridad que nunca prosperaron\u00bb.<\/p>\n\n\n\n<p>Fuente: https:\/\/www.eldiariodelapampa.com.ar\/la-pampa\/17022-proponen-por-ley-una-opinion-vinculante-de-los-comites-de-cuenca<\/p>\n","protected":false},"excerpt":{"rendered":"","protected":false},"author":6,"featured_media":73160,"comment_status":"open","ping_status":"open","sticky":false,"template":"","format":"standard","meta":{"site-sidebar-layout":"default","site-content-layout":"","ast-site-content-layout":"default","site-content-style":"default","site-sidebar-style":"default","ast-global-header-display":"","ast-banner-title-visibility":"","ast-main-header-display":"","ast-hfb-above-header-display":"","ast-hfb-below-header-display":"","ast-hfb-mobile-header-display":"","site-post-title":"","ast-breadcrumbs-content":"","ast-featured-img":"","footer-sml-layout":"","ast-disable-related-posts":"","theme-transparent-header-meta":"","adv-header-id-meta":"","stick-header-meta":"","header-above-stick-meta":"","header-main-stick-meta":"","header-below-stick-meta":"","astra-migrate-meta-layouts":"default","ast-page-background-enabled":"default","ast-page-background-meta":{"desktop":{"background-color":"var(--ast-global-color-5)","background-image":"","background-repeat":"repeat","background-position":"center center","background-size":"auto","background-attachment":"scroll","background-type":"","background-media":"","overlay-type":"","overlay-color":"","overlay-opacity":"","overlay-gradient":""},"tablet":{"background-color":"","background-image":"","background-repeat":"repeat","background-position":"center center","background-size":"auto","background-attachment":"scroll","background-type":"","background-media":"","overlay-type":"","overlay-color":"","overlay-opacity":"","overlay-gradient":""},"mobile":{"background-color":"","background-image":"","background-repeat":"repeat","background-position":"center center","background-size":"auto","background-attachment":"scroll","background-type":"","background-media":"","overlay-type":"","overlay-color":"","overlay-opacity":"","overlay-gradient":""}},"ast-content-background-meta":{"desktop":{"background-color":"var(--ast-global-color-4)","background-image":"","background-repeat":"repeat","background-position":"center center","background-size":"auto","background-attachment":"scroll","background-type":"","background-media":"","overlay-type":"","overlay-color":"","overlay-opacity":"","overlay-gradient":""},"tablet":{"background-color":"var(--ast-global-color-4)","background-image":"","background-repeat":"repeat","background-position":"center center","background-size":"auto","background-attachment":"scroll","background-type":"","background-media":"","overlay-type":"","overlay-color":"","overlay-opacity":"","overlay-gradient":""},"mobile":{"background-color":"var(--ast-global-color-4)","background-image":"","background-repeat":"repeat","background-position":"center center","background-size":"auto","background-attachment":"scroll","background-type":"","background-media":"","overlay-type":"","overlay-color":"","overlay-opacity":"","overlay-gradient":""}},"footnotes":""},"categories":[59,1,13],"tags":[],"class_list":["post-73159","post","type-post","status-publish","format-standard","has-post-thumbnail","hentry","category-la-pampa","category-noticias","category-provinciales"],"yoast_head":"<!-- This site is optimized with the Yoast SEO Premium plugin v23.0 (Yoast SEO v27.5) - https:\/\/yoast.com\/product\/yoast-seo-premium-wordpress\/ -->\n<title>Proponen desde La Pampa por ley una opini\u00f3n vinculante de los comit\u00e9s de cuenca<\/title>\n<meta name=\"robots\" content=\"index, follow, max-snippet:-1, max-image-preview:large, max-video-preview:-1\" \/>\n<link rel=\"canonical\" href=\"https:\/\/patagoniambiental.com.ar\/info\/proponen-desde-la-pampa-por-ley-una-opinion-vinculante-de-los-comites-de-cuenca\/\" \/>\n<meta property=\"og:locale\" content=\"es_ES\" \/>\n<meta property=\"og:type\" content=\"article\" \/>\n<meta property=\"og:title\" content=\"Proponen desde La Pampa por ley una opini\u00f3n vinculante de los comit\u00e9s de cuenca\" \/>\n<meta property=\"og:url\" content=\"https:\/\/patagoniambiental.com.ar\/info\/proponen-desde-la-pampa-por-ley-una-opinion-vinculante-de-los-comites-de-cuenca\/\" \/>\n<meta property=\"og:site_name\" content=\"Patagonia Ambiental\" \/>\n<meta property=\"article:publisher\" content=\"https:\/\/www.facebook.com\/patagonia.ambiental\" \/>\n<meta property=\"article:published_time\" content=\"2021-07-01T10:00:00+00:00\" \/>\n<meta property=\"article:modified_time\" content=\"2021-07-01T13:55:09+00:00\" \/>\n<meta property=\"og:image\" content=\"https:\/\/patagoniambiental.com.ar\/info\/wp-content\/uploads\/2021\/07\/martinb.jpg\" \/>\n\t<meta property=\"og:image:width\" content=\"812\" \/>\n\t<meta property=\"og:image:height\" content=\"498\" \/>\n\t<meta property=\"og:image:type\" content=\"image\/jpeg\" \/>\n<meta name=\"author\" content=\"BRAIAN ESTEVEZ\" \/>\n<meta name=\"twitter:card\" content=\"summary_large_image\" \/>\n<meta name=\"twitter:creator\" content=\"@PatAmb\" \/>\n<meta name=\"twitter:site\" content=\"@PatAmb\" \/>\n<script type=\"application\/ld+json\" class=\"yoast-schema-graph\">{\"@context\":\"https:\\\/\\\/schema.org\",\"@graph\":[{\"@type\":\"Article\",\"@id\":\"https:\\\/\\\/patagoniambiental.com.ar\\\/info\\\/proponen-desde-la-pampa-por-ley-una-opinion-vinculante-de-los-comites-de-cuenca\\\/#article\",\"isPartOf\":{\"@id\":\"https:\\\/\\\/patagoniambiental.com.ar\\\/info\\\/proponen-desde-la-pampa-por-ley-una-opinion-vinculante-de-los-comites-de-cuenca\\\/\"},\"author\":{\"name\":\"BRAIAN ESTEVEZ\",\"@id\":\"https:\\\/\\\/patagoniambiental.com.ar\\\/info\\\/#\\\/schema\\\/person\\\/e5af09d700b2e82cb10c6b8800e0c691\"},\"headline\":\"Proponen desde La Pampa por ley una opini\u00f3n vinculante de los comit\u00e9s de cuenca\",\"datePublished\":\"2021-07-01T10:00:00+00:00\",\"dateModified\":\"2021-07-01T13:55:09+00:00\",\"mainEntityOfPage\":{\"@id\":\"https:\\\/\\\/patagoniambiental.com.ar\\\/info\\\/proponen-desde-la-pampa-por-ley-una-opinion-vinculante-de-los-comites-de-cuenca\\\/\"},\"wordCount\":628,\"commentCount\":0,\"publisher\":{\"@id\":\"https:\\\/\\\/patagoniambiental.com.ar\\\/info\\\/#organization\"},\"image\":{\"@id\":\"https:\\\/\\\/patagoniambiental.com.ar\\\/info\\\/proponen-desde-la-pampa-por-ley-una-opinion-vinculante-de-los-comites-de-cuenca\\\/#primaryimage\"},\"thumbnailUrl\":\"https:\\\/\\\/patagoniambiental.com.ar\\\/info\\\/wp-content\\\/uploads\\\/2021\\\/07\\\/martinb.jpg\",\"articleSection\":[\"La Pampa\",\"Noticias\",\"Provinciales\"],\"inLanguage\":\"es\",\"potentialAction\":[{\"@type\":\"CommentAction\",\"name\":\"Comment\",\"target\":[\"https:\\\/\\\/patagoniambiental.com.ar\\\/info\\\/proponen-desde-la-pampa-por-ley-una-opinion-vinculante-de-los-comites-de-cuenca\\\/#respond\"]}]},{\"@type\":\"WebPage\",\"@id\":\"https:\\\/\\\/patagoniambiental.com.ar\\\/info\\\/proponen-desde-la-pampa-por-ley-una-opinion-vinculante-de-los-comites-de-cuenca\\\/\",\"url\":\"https:\\\/\\\/patagoniambiental.com.ar\\\/info\\\/proponen-desde-la-pampa-por-ley-una-opinion-vinculante-de-los-comites-de-cuenca\\\/\",\"name\":\"Proponen desde La Pampa por ley una opini\u00f3n vinculante de los comit\u00e9s de cuenca\",\"isPartOf\":{\"@id\":\"https:\\\/\\\/patagoniambiental.com.ar\\\/info\\\/#website\"},\"primaryImageOfPage\":{\"@id\":\"https:\\\/\\\/patagoniambiental.com.ar\\\/info\\\/proponen-desde-la-pampa-por-ley-una-opinion-vinculante-de-los-comites-de-cuenca\\\/#primaryimage\"},\"image\":{\"@id\":\"https:\\\/\\\/patagoniambiental.com.ar\\\/info\\\/proponen-desde-la-pampa-por-ley-una-opinion-vinculante-de-los-comites-de-cuenca\\\/#primaryimage\"},\"thumbnailUrl\":\"https:\\\/\\\/patagoniambiental.com.ar\\\/info\\\/wp-content\\\/uploads\\\/2021\\\/07\\\/martinb.jpg\",\"datePublished\":\"2021-07-01T10:00:00+00:00\",\"dateModified\":\"2021-07-01T13:55:09+00:00\",\"breadcrumb\":{\"@id\":\"https:\\\/\\\/patagoniambiental.com.ar\\\/info\\\/proponen-desde-la-pampa-por-ley-una-opinion-vinculante-de-los-comites-de-cuenca\\\/#breadcrumb\"},\"inLanguage\":\"es\",\"potentialAction\":[{\"@type\":\"ReadAction\",\"target\":[\"https:\\\/\\\/patagoniambiental.com.ar\\\/info\\\/proponen-desde-la-pampa-por-ley-una-opinion-vinculante-de-los-comites-de-cuenca\\\/\"]}]},{\"@type\":\"ImageObject\",\"inLanguage\":\"es\",\"@id\":\"https:\\\/\\\/patagoniambiental.com.ar\\\/info\\\/proponen-desde-la-pampa-por-ley-una-opinion-vinculante-de-los-comites-de-cuenca\\\/#primaryimage\",\"url\":\"https:\\\/\\\/patagoniambiental.com.ar\\\/info\\\/wp-content\\\/uploads\\\/2021\\\/07\\\/martinb.jpg\",\"contentUrl\":\"https:\\\/\\\/patagoniambiental.com.ar\\\/info\\\/wp-content\\\/uploads\\\/2021\\\/07\\\/martinb.jpg\",\"width\":812,\"height\":498},{\"@type\":\"BreadcrumbList\",\"@id\":\"https:\\\/\\\/patagoniambiental.com.ar\\\/info\\\/proponen-desde-la-pampa-por-ley-una-opinion-vinculante-de-los-comites-de-cuenca\\\/#breadcrumb\",\"itemListElement\":[{\"@type\":\"ListItem\",\"position\":1,\"name\":\"Inicio\",\"item\":\"https:\\\/\\\/patagoniambiental.com.ar\\\/info\\\/\"},{\"@type\":\"ListItem\",\"position\":2,\"name\":\"Proponen desde La Pampa por ley una opini\u00f3n vinculante de los comit\u00e9s de cuenca\"}]},{\"@type\":\"WebSite\",\"@id\":\"https:\\\/\\\/patagoniambiental.com.ar\\\/info\\\/#website\",\"url\":\"https:\\\/\\\/patagoniambiental.com.ar\\\/info\\\/\",\"name\":\"Patagonia Ambiental\",\"description\":\"Monitoreo y an\u00e1lisis de la situaci\u00f3n geopol\u00edtica en el mundo y su implicancia en la Patagonia\",\"publisher\":{\"@id\":\"https:\\\/\\\/patagoniambiental.com.ar\\\/info\\\/#organization\"},\"potentialAction\":[{\"@type\":\"SearchAction\",\"target\":{\"@type\":\"EntryPoint\",\"urlTemplate\":\"https:\\\/\\\/patagoniambiental.com.ar\\\/info\\\/?s={search_term_string}\"},\"query-input\":{\"@type\":\"PropertyValueSpecification\",\"valueRequired\":true,\"valueName\":\"search_term_string\"}}],\"inLanguage\":\"es\"},{\"@type\":\"Organization\",\"@id\":\"https:\\\/\\\/patagoniambiental.com.ar\\\/info\\\/#organization\",\"name\":\"Patagonia Ambiental\",\"url\":\"https:\\\/\\\/patagoniambiental.com.ar\\\/info\\\/\",\"logo\":{\"@type\":\"ImageObject\",\"inLanguage\":\"es\",\"@id\":\"https:\\\/\\\/patagoniambiental.com.ar\\\/info\\\/#\\\/schema\\\/logo\\\/image\\\/\",\"url\":\"https:\\\/\\\/patagoniambiental.com.ar\\\/info\\\/wp-content\\\/uploads\\\/2025\\\/05\\\/LOGO-PATAGONIA-AMBIENTAL.png\",\"contentUrl\":\"https:\\\/\\\/patagoniambiental.com.ar\\\/info\\\/wp-content\\\/uploads\\\/2025\\\/05\\\/LOGO-PATAGONIA-AMBIENTAL.png\",\"width\":433,\"height\":250,\"caption\":\"Patagonia Ambiental\"},\"image\":{\"@id\":\"https:\\\/\\\/patagoniambiental.com.ar\\\/info\\\/#\\\/schema\\\/logo\\\/image\\\/\"},\"sameAs\":[\"https:\\\/\\\/www.facebook.com\\\/patagonia.ambiental\",\"https:\\\/\\\/x.com\\\/PatAmb\"]},{\"@type\":\"Person\",\"@id\":\"https:\\\/\\\/patagoniambiental.com.ar\\\/info\\\/#\\\/schema\\\/person\\\/e5af09d700b2e82cb10c6b8800e0c691\",\"name\":\"BRAIAN ESTEVEZ\",\"sameAs\":[\"http:\\\/\\\/www.patagoniambiental.com.ar\"]}]}<\/script>\n<!-- \/ Yoast SEO Premium plugin. -->","yoast_head_json":{"title":"Proponen desde La Pampa por ley una opini\u00f3n vinculante de los comit\u00e9s de cuenca","robots":{"index":"index","follow":"follow","max-snippet":"max-snippet:-1","max-image-preview":"max-image-preview:large","max-video-preview":"max-video-preview:-1"},"canonical":"https:\/\/patagoniambiental.com.ar\/info\/proponen-desde-la-pampa-por-ley-una-opinion-vinculante-de-los-comites-de-cuenca\/","og_locale":"es_ES","og_type":"article","og_title":"Proponen desde La Pampa por ley una opini\u00f3n vinculante de los comit\u00e9s de cuenca","og_url":"https:\/\/patagoniambiental.com.ar\/info\/proponen-desde-la-pampa-por-ley-una-opinion-vinculante-de-los-comites-de-cuenca\/","og_site_name":"Patagonia Ambiental","article_publisher":"https:\/\/www.facebook.com\/patagonia.ambiental","article_published_time":"2021-07-01T10:00:00+00:00","article_modified_time":"2021-07-01T13:55:09+00:00","og_image":[{"width":812,"height":498,"url":"https:\/\/patagoniambiental.com.ar\/info\/wp-content\/uploads\/2021\/07\/martinb.jpg","type":"image\/jpeg"}],"author":"BRAIAN ESTEVEZ","twitter_card":"summary_large_image","twitter_creator":"@PatAmb","twitter_site":"@PatAmb","schema":{"@context":"https:\/\/schema.org","@graph":[{"@type":"Article","@id":"https:\/\/patagoniambiental.com.ar\/info\/proponen-desde-la-pampa-por-ley-una-opinion-vinculante-de-los-comites-de-cuenca\/#article","isPartOf":{"@id":"https:\/\/patagoniambiental.com.ar\/info\/proponen-desde-la-pampa-por-ley-una-opinion-vinculante-de-los-comites-de-cuenca\/"},"author":{"name":"BRAIAN ESTEVEZ","@id":"https:\/\/patagoniambiental.com.ar\/info\/#\/schema\/person\/e5af09d700b2e82cb10c6b8800e0c691"},"headline":"Proponen desde La Pampa por ley una opini\u00f3n vinculante de los comit\u00e9s de cuenca","datePublished":"2021-07-01T10:00:00+00:00","dateModified":"2021-07-01T13:55:09+00:00","mainEntityOfPage":{"@id":"https:\/\/patagoniambiental.com.ar\/info\/proponen-desde-la-pampa-por-ley-una-opinion-vinculante-de-los-comites-de-cuenca\/"},"wordCount":628,"commentCount":0,"publisher":{"@id":"https:\/\/patagoniambiental.com.ar\/info\/#organization"},"image":{"@id":"https:\/\/patagoniambiental.com.ar\/info\/proponen-desde-la-pampa-por-ley-una-opinion-vinculante-de-los-comites-de-cuenca\/#primaryimage"},"thumbnailUrl":"https:\/\/patagoniambiental.com.ar\/info\/wp-content\/uploads\/2021\/07\/martinb.jpg","articleSection":["La Pampa","Noticias","Provinciales"],"inLanguage":"es","potentialAction":[{"@type":"CommentAction","name":"Comment","target":["https:\/\/patagoniambiental.com.ar\/info\/proponen-desde-la-pampa-por-ley-una-opinion-vinculante-de-los-comites-de-cuenca\/#respond"]}]},{"@type":"WebPage","@id":"https:\/\/patagoniambiental.com.ar\/info\/proponen-desde-la-pampa-por-ley-una-opinion-vinculante-de-los-comites-de-cuenca\/","url":"https:\/\/patagoniambiental.com.ar\/info\/proponen-desde-la-pampa-por-ley-una-opinion-vinculante-de-los-comites-de-cuenca\/","name":"Proponen desde La Pampa por ley una opini\u00f3n vinculante de los comit\u00e9s de cuenca","isPartOf":{"@id":"https:\/\/patagoniambiental.com.ar\/info\/#website"},"primaryImageOfPage":{"@id":"https:\/\/patagoniambiental.com.ar\/info\/proponen-desde-la-pampa-por-ley-una-opinion-vinculante-de-los-comites-de-cuenca\/#primaryimage"},"image":{"@id":"https:\/\/patagoniambiental.com.ar\/info\/proponen-desde-la-pampa-por-ley-una-opinion-vinculante-de-los-comites-de-cuenca\/#primaryimage"},"thumbnailUrl":"https:\/\/patagoniambiental.com.ar\/info\/wp-content\/uploads\/2021\/07\/martinb.jpg","datePublished":"2021-07-01T10:00:00+00:00","dateModified":"2021-07-01T13:55:09+00:00","breadcrumb":{"@id":"https:\/\/patagoniambiental.com.ar\/info\/proponen-desde-la-pampa-por-ley-una-opinion-vinculante-de-los-comites-de-cuenca\/#breadcrumb"},"inLanguage":"es","potentialAction":[{"@type":"ReadAction","target":["https:\/\/patagoniambiental.com.ar\/info\/proponen-desde-la-pampa-por-ley-una-opinion-vinculante-de-los-comites-de-cuenca\/"]}]},{"@type":"ImageObject","inLanguage":"es","@id":"https:\/\/patagoniambiental.com.ar\/info\/proponen-desde-la-pampa-por-ley-una-opinion-vinculante-de-los-comites-de-cuenca\/#primaryimage","url":"https:\/\/patagoniambiental.com.ar\/info\/wp-content\/uploads\/2021\/07\/martinb.jpg","contentUrl":"https:\/\/patagoniambiental.com.ar\/info\/wp-content\/uploads\/2021\/07\/martinb.jpg","width":812,"height":498},{"@type":"BreadcrumbList","@id":"https:\/\/patagoniambiental.com.ar\/info\/proponen-desde-la-pampa-por-ley-una-opinion-vinculante-de-los-comites-de-cuenca\/#breadcrumb","itemListElement":[{"@type":"ListItem","position":1,"name":"Inicio","item":"https:\/\/patagoniambiental.com.ar\/info\/"},{"@type":"ListItem","position":2,"name":"Proponen desde La Pampa por ley una opini\u00f3n vinculante de los comit\u00e9s de cuenca"}]},{"@type":"WebSite","@id":"https:\/\/patagoniambiental.com.ar\/info\/#website","url":"https:\/\/patagoniambiental.com.ar\/info\/","name":"Patagonia Ambiental","description":"Monitoreo y an\u00e1lisis de la situaci\u00f3n geopol\u00edtica en el mundo y su implicancia en la Patagonia","publisher":{"@id":"https:\/\/patagoniambiental.com.ar\/info\/#organization"},"potentialAction":[{"@type":"SearchAction","target":{"@type":"EntryPoint","urlTemplate":"https:\/\/patagoniambiental.com.ar\/info\/?s={search_term_string}"},"query-input":{"@type":"PropertyValueSpecification","valueRequired":true,"valueName":"search_term_string"}}],"inLanguage":"es"},{"@type":"Organization","@id":"https:\/\/patagoniambiental.com.ar\/info\/#organization","name":"Patagonia Ambiental","url":"https:\/\/patagoniambiental.com.ar\/info\/","logo":{"@type":"ImageObject","inLanguage":"es","@id":"https:\/\/patagoniambiental.com.ar\/info\/#\/schema\/logo\/image\/","url":"https:\/\/patagoniambiental.com.ar\/info\/wp-content\/uploads\/2025\/05\/LOGO-PATAGONIA-AMBIENTAL.png","contentUrl":"https:\/\/patagoniambiental.com.ar\/info\/wp-content\/uploads\/2025\/05\/LOGO-PATAGONIA-AMBIENTAL.png","width":433,"height":250,"caption":"Patagonia Ambiental"},"image":{"@id":"https:\/\/patagoniambiental.com.ar\/info\/#\/schema\/logo\/image\/"},"sameAs":["https:\/\/www.facebook.com\/patagonia.ambiental","https:\/\/x.com\/PatAmb"]},{"@type":"Person","@id":"https:\/\/patagoniambiental.com.ar\/info\/#\/schema\/person\/e5af09d700b2e82cb10c6b8800e0c691","name":"BRAIAN ESTEVEZ","sameAs":["http:\/\/www.patagoniambiental.com.ar"]}]}},"_links":{"self":[{"href":"https:\/\/patagoniambiental.com.ar\/info\/wp-json\/wp\/v2\/posts\/73159","targetHints":{"allow":["GET"]}}],"collection":[{"href":"https:\/\/patagoniambiental.com.ar\/info\/wp-json\/wp\/v2\/posts"}],"about":[{"href":"https:\/\/patagoniambiental.com.ar\/info\/wp-json\/wp\/v2\/types\/post"}],"author":[{"embeddable":true,"href":"https:\/\/patagoniambiental.com.ar\/info\/wp-json\/wp\/v2\/users\/6"}],"replies":[{"embeddable":true,"href":"https:\/\/patagoniambiental.com.ar\/info\/wp-json\/wp\/v2\/comments?post=73159"}],"version-history":[{"count":0,"href":"https:\/\/patagoniambiental.com.ar\/info\/wp-json\/wp\/v2\/posts\/73159\/revisions"}],"wp:featuredmedia":[{"embeddable":true,"href":"https:\/\/patagoniambiental.com.ar\/info\/wp-json\/wp\/v2\/media\/73160"}],"wp:attachment":[{"href":"https:\/\/patagoniambiental.com.ar\/info\/wp-json\/wp\/v2\/media?parent=73159"}],"wp:term":[{"taxonomy":"category","embeddable":true,"href":"https:\/\/patagoniambiental.com.ar\/info\/wp-json\/wp\/v2\/categories?post=73159"},{"taxonomy":"post_tag","embeddable":true,"href":"https:\/\/patagoniambiental.com.ar\/info\/wp-json\/wp\/v2\/tags?post=73159"}],"curies":[{"name":"wp","href":"https:\/\/api.w.org\/{rel}","templated":true}]}}