{"id":73162,"date":"2021-07-01T16:02:14","date_gmt":"2021-07-01T19:02:14","guid":{"rendered":"http:\/\/patagoniambiental.com.ar\/info\/?p=73162"},"modified":"2021-07-01T16:02:37","modified_gmt":"2021-07-01T19:02:37","slug":"se-presentaron-cuatro-empresas-para-construir-el-primer-paleoparque-en-la-ciudad-rionegrina-de-comallo","status":"publish","type":"post","link":"https:\/\/patagoniambiental.com.ar\/info\/se-presentaron-cuatro-empresas-para-construir-el-primer-paleoparque-en-la-ciudad-rionegrina-de-comallo\/","title":{"rendered":"Se presentaron cuatro empresas para construir el primer Paleoparque en la ciudad rionegrina de Comallo"},"content":{"rendered":"\n<!--more-->\n\n\n\n<figure class=\"wp-block-table\"><table><tbody><tr><td>Hoy se llev\u00f3 a cabo la apertura de sobres del concurso de precios para la construcci\u00f3n del Paleoparque Comallo, una infraestructura de alto nivel que recuperar\u00e1 especies extintas que habitaron la regi\u00f3n hace millones de a\u00f1os.El parque ser\u00e1 construido por una de las 4 empresas que presentaron sus ofertas, luego de ser analizadas en detalle para posteriormente realizar el proceso adjudicatario. Se estima que las obras comenzar\u00e1n a realizarse en unos 90 d\u00edas y durar\u00e1n 12 meses hasta su finalizaci\u00f3n.Durante el acto, que se llev\u00f3 a cabo en Comallo, la ministra de Turismo y Deporte, Martha V\u00e9lez, y la subsecretaria de Desarrollo Tur\u00edstico, Lucrecia Yunes, detallaron el proyecto arquitect\u00f3nico y expusieron sobre el desarrollo tur\u00edstico en la localidad.V\u00e9lez sostuvo que \u201cesta obra ser\u00e1 de vital importancia para el corredor de la Estepa, ya que le permitir\u00e1 potenciar el producto paleontol\u00f3gico, que se sumar\u00e1 al ferroviario impulsado por La Trochita y el Tren Patag\u00f3nico. El turismo internacional busca constantemente paisajes y productos de nuestra Estepa, por lo que trabajamos codo a codo junto a los gobiernos municipales para que los destinos emergentes que la conforman puedan brindar servicios de primer nivel para los turistas\u201d.&nbsp;<strong>Sobre el Paleoparque Comallo<\/strong>&nbsp;Se trata de una obra enmarcada en el Plan Estrat\u00e9gico del Ministerio de Turismo y Deporte a desarrollarse en un predio de 1,5 hect\u00e1reas. Contar\u00e1 con un centro de visitantes cuya superficie cubierta ser\u00e1 de 260 metros cuadrados y la semicubierta de 321,69 m2. El mismo estar\u00e1 compuesto por un sal\u00f3n de exposiciones, un patio arqueol\u00f3gico, un cine\/auditorio, una oficina de turismo, una tienda de regalos, una confiter\u00eda y todos los servicios de apoyo.El presupuesto oficial es de $67.575.425,91 y cuenta con un plazo de ejecuci\u00f3n de 12 meses, una vez adjudicada la obra. Las empresas oferentes propusieron: Artegna S.A. monto $70.748.238,17; SyS Business S.A. $64.588.688.8,20; Hiza Ingenieria y Construcciones SRL $115.280.041,43 y la UTE conformada por South Mining Servicios S.A. y Agrovial Sur SA $63.325.461,05.En acto estuvieron presentes la ministra de Turismo y Deporte, Martha V\u00e9lez; el ministro de Obras e Infraestructura, Carlos Valeri; el Intendente de Comallo Ra\u00fal Hermosilla y los legisladores Graciela Vivanco y Juan Pablo Muenna, el paleont\u00f3logo local Guillermo Aguirrezabala junto a dem\u00e1s autoridades locales y provinciales y medios de comunicaci\u00f3n.&nbsp;<\/td><\/tr><\/tbody><\/table><\/figure>\n\n\n\n<figure class=\"wp-block-table\"><table><tbody><tr><td><a href=\"https:\/\/www.rionegro.gov.ar\/?contID=69894\" target=\"_blank\" rel=\"noreferrer noopener\">VER NOTA COMPLETA \u00bb<\/a>GOBIERNO DE R\u00cdO NEGROSecretar\u00eda de Comunicaci\u00f3n<a href=\"https:\/\/www.facebook.com\/rionegrogob\/\" target=\"_blank\" rel=\"noreferrer noopener\">Facebook<\/a><a href=\"https:\/\/twitter.com\/rionegrogob\" target=\"_blank\" rel=\"noreferrer noopener\">Twitter<\/a><a href=\"https:\/\/www.youtube.com\/channel\/UC6H8uadKTor1vy2y1EMqmLg\" target=\"_blank\" rel=\"noreferrer noopener\">Youtube<\/a><a href=\"https:\/\/www.flickr.com\/photos\/comunicacionrionegro\" target=\"_blank\" rel=\"noreferrer noopener\">Flickr<\/a>Laprida 212, Viedma, R.N.<br>comunicacionrionegro@gmail.com+54 02920 425700 \/ Interno 217<\/td><\/tr><\/tbody><\/table><figcaption>Fuente: Gaobierno de Rio Negro<\/figcaption><\/figure>\n","protected":false},"excerpt":{"rendered":"","protected":false},"author":6,"featured_media":73163,"comment_status":"open","ping_status":"open","sticky":false,"template":"","format":"standard","meta":{"site-sidebar-layout":"default","site-content-layout":"","ast-site-content-layout":"default","site-content-style":"default","site-sidebar-style":"default","ast-global-header-display":"","ast-banner-title-visibility":"","ast-main-header-display":"","ast-hfb-above-header-display":"","ast-hfb-below-header-display":"","ast-hfb-mobile-header-display":"","site-post-title":"","ast-breadcrumbs-content":"","ast-featured-img":"","footer-sml-layout":"","ast-disable-related-posts":"","theme-transparent-header-meta":"","adv-header-id-meta":"","stick-header-meta":"","header-above-stick-meta":"","header-main-stick-meta":"","header-below-stick-meta":"","astra-migrate-meta-layouts":"default","ast-page-background-enabled":"default","ast-page-background-meta":{"desktop":{"background-color":"var(--ast-global-color-5)","background-image":"","background-repeat":"repeat","background-position":"center center","background-size":"auto","background-attachment":"scroll","background-type":"","background-media":"","overlay-type":"","overlay-color":"","overlay-opacity":"","overlay-gradient":""},"tablet":{"background-color":"","background-image":"","background-repeat":"repeat","background-position":"center center","background-size":"auto","background-attachment":"scroll","background-type":"","background-media":"","overlay-type":"","overlay-color":"","overlay-opacity":"","overlay-gradient":""},"mobile":{"background-color":"","background-image":"","background-repeat":"repeat","background-position":"center center","background-size":"auto","background-attachment":"scroll","background-type":"","background-media":"","overlay-type":"","overlay-color":"","overlay-opacity":"","overlay-gradient":""}},"ast-content-background-meta":{"desktop":{"background-color":"var(--ast-global-color-4)","background-image":"","background-repeat":"repeat","background-position":"center center","background-size":"auto","background-attachment":"scroll","background-type":"","background-media":"","overlay-type":"","overlay-color":"","overlay-opacity":"","overlay-gradient":""},"tablet":{"background-color":"var(--ast-global-color-4)","background-image":"","background-repeat":"repeat","background-position":"center center","background-size":"auto","background-attachment":"scroll","background-type":"","background-media":"","overlay-type":"","overlay-color":"","overlay-opacity":"","overlay-gradient":""},"mobile":{"background-color":"var(--ast-global-color-4)","background-image":"","background-repeat":"repeat","background-position":"center center","background-size":"auto","background-attachment":"scroll","background-type":"","background-media":"","overlay-type":"","overlay-color":"","overlay-opacity":"","overlay-gradient":""}},"footnotes":""},"categories":[1,13,14],"tags":[],"class_list":["post-73162","post","type-post","status-publish","format-standard","has-post-thumbnail","hentry","category-noticias","category-provinciales","category-rio-negro"],"yoast_head":"<!-- This site is optimized with the Yoast SEO Premium plugin v23.0 (Yoast SEO v27.5) - https:\/\/yoast.com\/product\/yoast-seo-premium-wordpress\/ -->\n<title>Se presentaron cuatro empresas para construir el primer Paleoparque en la ciudad rionegrina de Comallo<\/title>\n<meta name=\"robots\" content=\"index, follow, max-snippet:-1, max-image-preview:large, max-video-preview:-1\" \/>\n<link rel=\"canonical\" href=\"https:\/\/patagoniambiental.com.ar\/info\/se-presentaron-cuatro-empresas-para-construir-el-primer-paleoparque-en-la-ciudad-rionegrina-de-comallo\/\" \/>\n<meta property=\"og:locale\" content=\"es_ES\" \/>\n<meta property=\"og:type\" content=\"article\" \/>\n<meta property=\"og:title\" content=\"Se presentaron cuatro empresas para construir el primer Paleoparque en la ciudad rionegrina de Comallo\" \/>\n<meta property=\"og:url\" content=\"https:\/\/patagoniambiental.com.ar\/info\/se-presentaron-cuatro-empresas-para-construir-el-primer-paleoparque-en-la-ciudad-rionegrina-de-comallo\/\" \/>\n<meta property=\"og:site_name\" content=\"Patagonia Ambiental\" \/>\n<meta property=\"article:publisher\" content=\"https:\/\/www.facebook.com\/patagonia.ambiental\" \/>\n<meta property=\"article:published_time\" content=\"2021-07-01T19:02:14+00:00\" \/>\n<meta property=\"article:modified_time\" content=\"2021-07-01T19:02:37+00:00\" \/>\n<meta property=\"og:image\" content=\"https:\/\/patagoniambiental.com.ar\/info\/wp-content\/uploads\/2021\/07\/00058249.jpg\" \/>\n\t<meta property=\"og:image:width\" content=\"462\" \/>\n\t<meta property=\"og:image:height\" content=\"308\" \/>\n\t<meta property=\"og:image:type\" content=\"image\/jpeg\" \/>\n<meta name=\"author\" content=\"BRAIAN ESTEVEZ\" \/>\n<meta name=\"twitter:card\" content=\"summary_large_image\" \/>\n<meta name=\"twitter:creator\" content=\"@PatAmb\" \/>\n<meta name=\"twitter:site\" content=\"@PatAmb\" \/>\n<script type=\"application\/ld+json\" class=\"yoast-schema-graph\">{\"@context\":\"https:\\\/\\\/schema.org\",\"@graph\":[{\"@type\":\"Article\",\"@id\":\"https:\\\/\\\/patagoniambiental.com.ar\\\/info\\\/se-presentaron-cuatro-empresas-para-construir-el-primer-paleoparque-en-la-ciudad-rionegrina-de-comallo\\\/#article\",\"isPartOf\":{\"@id\":\"https:\\\/\\\/patagoniambiental.com.ar\\\/info\\\/se-presentaron-cuatro-empresas-para-construir-el-primer-paleoparque-en-la-ciudad-rionegrina-de-comallo\\\/\"},\"author\":{\"name\":\"BRAIAN ESTEVEZ\",\"@id\":\"https:\\\/\\\/patagoniambiental.com.ar\\\/info\\\/#\\\/schema\\\/person\\\/e5af09d700b2e82cb10c6b8800e0c691\"},\"headline\":\"Se presentaron cuatro empresas para construir el primer Paleoparque en la ciudad rionegrina de Comallo\",\"datePublished\":\"2021-07-01T19:02:14+00:00\",\"dateModified\":\"2021-07-01T19:02:37+00:00\",\"mainEntityOfPage\":{\"@id\":\"https:\\\/\\\/patagoniambiental.com.ar\\\/info\\\/se-presentaron-cuatro-empresas-para-construir-el-primer-paleoparque-en-la-ciudad-rionegrina-de-comallo\\\/\"},\"wordCount\":440,\"commentCount\":0,\"publisher\":{\"@id\":\"https:\\\/\\\/patagoniambiental.com.ar\\\/info\\\/#organization\"},\"image\":{\"@id\":\"https:\\\/\\\/patagoniambiental.com.ar\\\/info\\\/se-presentaron-cuatro-empresas-para-construir-el-primer-paleoparque-en-la-ciudad-rionegrina-de-comallo\\\/#primaryimage\"},\"thumbnailUrl\":\"https:\\\/\\\/patagoniambiental.com.ar\\\/info\\\/wp-content\\\/uploads\\\/2021\\\/07\\\/00058249.jpg\",\"articleSection\":[\"Noticias\",\"Provinciales\",\"R\u00edo Negro\"],\"inLanguage\":\"es\",\"potentialAction\":[{\"@type\":\"CommentAction\",\"name\":\"Comment\",\"target\":[\"https:\\\/\\\/patagoniambiental.com.ar\\\/info\\\/se-presentaron-cuatro-empresas-para-construir-el-primer-paleoparque-en-la-ciudad-rionegrina-de-comallo\\\/#respond\"]}]},{\"@type\":\"WebPage\",\"@id\":\"https:\\\/\\\/patagoniambiental.com.ar\\\/info\\\/se-presentaron-cuatro-empresas-para-construir-el-primer-paleoparque-en-la-ciudad-rionegrina-de-comallo\\\/\",\"url\":\"https:\\\/\\\/patagoniambiental.com.ar\\\/info\\\/se-presentaron-cuatro-empresas-para-construir-el-primer-paleoparque-en-la-ciudad-rionegrina-de-comallo\\\/\",\"name\":\"Se presentaron cuatro empresas para construir el primer Paleoparque en la ciudad rionegrina de Comallo\",\"isPartOf\":{\"@id\":\"https:\\\/\\\/patagoniambiental.com.ar\\\/info\\\/#website\"},\"primaryImageOfPage\":{\"@id\":\"https:\\\/\\\/patagoniambiental.com.ar\\\/info\\\/se-presentaron-cuatro-empresas-para-construir-el-primer-paleoparque-en-la-ciudad-rionegrina-de-comallo\\\/#primaryimage\"},\"image\":{\"@id\":\"https:\\\/\\\/patagoniambiental.com.ar\\\/info\\\/se-presentaron-cuatro-empresas-para-construir-el-primer-paleoparque-en-la-ciudad-rionegrina-de-comallo\\\/#primaryimage\"},\"thumbnailUrl\":\"https:\\\/\\\/patagoniambiental.com.ar\\\/info\\\/wp-content\\\/uploads\\\/2021\\\/07\\\/00058249.jpg\",\"datePublished\":\"2021-07-01T19:02:14+00:00\",\"dateModified\":\"2021-07-01T19:02:37+00:00\",\"breadcrumb\":{\"@id\":\"https:\\\/\\\/patagoniambiental.com.ar\\\/info\\\/se-presentaron-cuatro-empresas-para-construir-el-primer-paleoparque-en-la-ciudad-rionegrina-de-comallo\\\/#breadcrumb\"},\"inLanguage\":\"es\",\"potentialAction\":[{\"@type\":\"ReadAction\",\"target\":[\"https:\\\/\\\/patagoniambiental.com.ar\\\/info\\\/se-presentaron-cuatro-empresas-para-construir-el-primer-paleoparque-en-la-ciudad-rionegrina-de-comallo\\\/\"]}]},{\"@type\":\"ImageObject\",\"inLanguage\":\"es\",\"@id\":\"https:\\\/\\\/patagoniambiental.com.ar\\\/info\\\/se-presentaron-cuatro-empresas-para-construir-el-primer-paleoparque-en-la-ciudad-rionegrina-de-comallo\\\/#primaryimage\",\"url\":\"https:\\\/\\\/patagoniambiental.com.ar\\\/info\\\/wp-content\\\/uploads\\\/2021\\\/07\\\/00058249.jpg\",\"contentUrl\":\"https:\\\/\\\/patagoniambiental.com.ar\\\/info\\\/wp-content\\\/uploads\\\/2021\\\/07\\\/00058249.jpg\",\"width\":462,\"height\":308},{\"@type\":\"BreadcrumbList\",\"@id\":\"https:\\\/\\\/patagoniambiental.com.ar\\\/info\\\/se-presentaron-cuatro-empresas-para-construir-el-primer-paleoparque-en-la-ciudad-rionegrina-de-comallo\\\/#breadcrumb\",\"itemListElement\":[{\"@type\":\"ListItem\",\"position\":1,\"name\":\"Inicio\",\"item\":\"https:\\\/\\\/patagoniambiental.com.ar\\\/info\\\/\"},{\"@type\":\"ListItem\",\"position\":2,\"name\":\"Se presentaron cuatro empresas para construir el primer Paleoparque en la ciudad rionegrina de Comallo\"}]},{\"@type\":\"WebSite\",\"@id\":\"https:\\\/\\\/patagoniambiental.com.ar\\\/info\\\/#website\",\"url\":\"https:\\\/\\\/patagoniambiental.com.ar\\\/info\\\/\",\"name\":\"Patagonia Ambiental\",\"description\":\"Monitoreo y an\u00e1lisis de la situaci\u00f3n geopol\u00edtica en el mundo y su implicancia en la Patagonia\",\"publisher\":{\"@id\":\"https:\\\/\\\/patagoniambiental.com.ar\\\/info\\\/#organization\"},\"potentialAction\":[{\"@type\":\"SearchAction\",\"target\":{\"@type\":\"EntryPoint\",\"urlTemplate\":\"https:\\\/\\\/patagoniambiental.com.ar\\\/info\\\/?s={search_term_string}\"},\"query-input\":{\"@type\":\"PropertyValueSpecification\",\"valueRequired\":true,\"valueName\":\"search_term_string\"}}],\"inLanguage\":\"es\"},{\"@type\":\"Organization\",\"@id\":\"https:\\\/\\\/patagoniambiental.com.ar\\\/info\\\/#organization\",\"name\":\"Patagonia Ambiental\",\"url\":\"https:\\\/\\\/patagoniambiental.com.ar\\\/info\\\/\",\"logo\":{\"@type\":\"ImageObject\",\"inLanguage\":\"es\",\"@id\":\"https:\\\/\\\/patagoniambiental.com.ar\\\/info\\\/#\\\/schema\\\/logo\\\/image\\\/\",\"url\":\"https:\\\/\\\/patagoniambiental.com.ar\\\/info\\\/wp-content\\\/uploads\\\/2025\\\/05\\\/LOGO-PATAGONIA-AMBIENTAL.png\",\"contentUrl\":\"https:\\\/\\\/patagoniambiental.com.ar\\\/info\\\/wp-content\\\/uploads\\\/2025\\\/05\\\/LOGO-PATAGONIA-AMBIENTAL.png\",\"width\":433,\"height\":250,\"caption\":\"Patagonia Ambiental\"},\"image\":{\"@id\":\"https:\\\/\\\/patagoniambiental.com.ar\\\/info\\\/#\\\/schema\\\/logo\\\/image\\\/\"},\"sameAs\":[\"https:\\\/\\\/www.facebook.com\\\/patagonia.ambiental\",\"https:\\\/\\\/x.com\\\/PatAmb\"]},{\"@type\":\"Person\",\"@id\":\"https:\\\/\\\/patagoniambiental.com.ar\\\/info\\\/#\\\/schema\\\/person\\\/e5af09d700b2e82cb10c6b8800e0c691\",\"name\":\"BRAIAN ESTEVEZ\",\"sameAs\":[\"http:\\\/\\\/www.patagoniambiental.com.ar\"]}]}<\/script>\n<!-- \/ Yoast SEO Premium plugin. -->","yoast_head_json":{"title":"Se presentaron cuatro empresas para construir el primer Paleoparque en la ciudad rionegrina de Comallo","robots":{"index":"index","follow":"follow","max-snippet":"max-snippet:-1","max-image-preview":"max-image-preview:large","max-video-preview":"max-video-preview:-1"},"canonical":"https:\/\/patagoniambiental.com.ar\/info\/se-presentaron-cuatro-empresas-para-construir-el-primer-paleoparque-en-la-ciudad-rionegrina-de-comallo\/","og_locale":"es_ES","og_type":"article","og_title":"Se presentaron cuatro empresas para construir el primer Paleoparque en la ciudad rionegrina de Comallo","og_url":"https:\/\/patagoniambiental.com.ar\/info\/se-presentaron-cuatro-empresas-para-construir-el-primer-paleoparque-en-la-ciudad-rionegrina-de-comallo\/","og_site_name":"Patagonia Ambiental","article_publisher":"https:\/\/www.facebook.com\/patagonia.ambiental","article_published_time":"2021-07-01T19:02:14+00:00","article_modified_time":"2021-07-01T19:02:37+00:00","og_image":[{"width":462,"height":308,"url":"https:\/\/patagoniambiental.com.ar\/info\/wp-content\/uploads\/2021\/07\/00058249.jpg","type":"image\/jpeg"}],"author":"BRAIAN ESTEVEZ","twitter_card":"summary_large_image","twitter_creator":"@PatAmb","twitter_site":"@PatAmb","schema":{"@context":"https:\/\/schema.org","@graph":[{"@type":"Article","@id":"https:\/\/patagoniambiental.com.ar\/info\/se-presentaron-cuatro-empresas-para-construir-el-primer-paleoparque-en-la-ciudad-rionegrina-de-comallo\/#article","isPartOf":{"@id":"https:\/\/patagoniambiental.com.ar\/info\/se-presentaron-cuatro-empresas-para-construir-el-primer-paleoparque-en-la-ciudad-rionegrina-de-comallo\/"},"author":{"name":"BRAIAN ESTEVEZ","@id":"https:\/\/patagoniambiental.com.ar\/info\/#\/schema\/person\/e5af09d700b2e82cb10c6b8800e0c691"},"headline":"Se presentaron cuatro empresas para construir el primer Paleoparque en la ciudad rionegrina de Comallo","datePublished":"2021-07-01T19:02:14+00:00","dateModified":"2021-07-01T19:02:37+00:00","mainEntityOfPage":{"@id":"https:\/\/patagoniambiental.com.ar\/info\/se-presentaron-cuatro-empresas-para-construir-el-primer-paleoparque-en-la-ciudad-rionegrina-de-comallo\/"},"wordCount":440,"commentCount":0,"publisher":{"@id":"https:\/\/patagoniambiental.com.ar\/info\/#organization"},"image":{"@id":"https:\/\/patagoniambiental.com.ar\/info\/se-presentaron-cuatro-empresas-para-construir-el-primer-paleoparque-en-la-ciudad-rionegrina-de-comallo\/#primaryimage"},"thumbnailUrl":"https:\/\/patagoniambiental.com.ar\/info\/wp-content\/uploads\/2021\/07\/00058249.jpg","articleSection":["Noticias","Provinciales","R\u00edo Negro"],"inLanguage":"es","potentialAction":[{"@type":"CommentAction","name":"Comment","target":["https:\/\/patagoniambiental.com.ar\/info\/se-presentaron-cuatro-empresas-para-construir-el-primer-paleoparque-en-la-ciudad-rionegrina-de-comallo\/#respond"]}]},{"@type":"WebPage","@id":"https:\/\/patagoniambiental.com.ar\/info\/se-presentaron-cuatro-empresas-para-construir-el-primer-paleoparque-en-la-ciudad-rionegrina-de-comallo\/","url":"https:\/\/patagoniambiental.com.ar\/info\/se-presentaron-cuatro-empresas-para-construir-el-primer-paleoparque-en-la-ciudad-rionegrina-de-comallo\/","name":"Se presentaron cuatro empresas para construir el primer Paleoparque en la ciudad rionegrina de Comallo","isPartOf":{"@id":"https:\/\/patagoniambiental.com.ar\/info\/#website"},"primaryImageOfPage":{"@id":"https:\/\/patagoniambiental.com.ar\/info\/se-presentaron-cuatro-empresas-para-construir-el-primer-paleoparque-en-la-ciudad-rionegrina-de-comallo\/#primaryimage"},"image":{"@id":"https:\/\/patagoniambiental.com.ar\/info\/se-presentaron-cuatro-empresas-para-construir-el-primer-paleoparque-en-la-ciudad-rionegrina-de-comallo\/#primaryimage"},"thumbnailUrl":"https:\/\/patagoniambiental.com.ar\/info\/wp-content\/uploads\/2021\/07\/00058249.jpg","datePublished":"2021-07-01T19:02:14+00:00","dateModified":"2021-07-01T19:02:37+00:00","breadcrumb":{"@id":"https:\/\/patagoniambiental.com.ar\/info\/se-presentaron-cuatro-empresas-para-construir-el-primer-paleoparque-en-la-ciudad-rionegrina-de-comallo\/#breadcrumb"},"inLanguage":"es","potentialAction":[{"@type":"ReadAction","target":["https:\/\/patagoniambiental.com.ar\/info\/se-presentaron-cuatro-empresas-para-construir-el-primer-paleoparque-en-la-ciudad-rionegrina-de-comallo\/"]}]},{"@type":"ImageObject","inLanguage":"es","@id":"https:\/\/patagoniambiental.com.ar\/info\/se-presentaron-cuatro-empresas-para-construir-el-primer-paleoparque-en-la-ciudad-rionegrina-de-comallo\/#primaryimage","url":"https:\/\/patagoniambiental.com.ar\/info\/wp-content\/uploads\/2021\/07\/00058249.jpg","contentUrl":"https:\/\/patagoniambiental.com.ar\/info\/wp-content\/uploads\/2021\/07\/00058249.jpg","width":462,"height":308},{"@type":"BreadcrumbList","@id":"https:\/\/patagoniambiental.com.ar\/info\/se-presentaron-cuatro-empresas-para-construir-el-primer-paleoparque-en-la-ciudad-rionegrina-de-comallo\/#breadcrumb","itemListElement":[{"@type":"ListItem","position":1,"name":"Inicio","item":"https:\/\/patagoniambiental.com.ar\/info\/"},{"@type":"ListItem","position":2,"name":"Se presentaron cuatro empresas para construir el primer Paleoparque en la ciudad rionegrina de Comallo"}]},{"@type":"WebSite","@id":"https:\/\/patagoniambiental.com.ar\/info\/#website","url":"https:\/\/patagoniambiental.com.ar\/info\/","name":"Patagonia Ambiental","description":"Monitoreo y an\u00e1lisis de la situaci\u00f3n geopol\u00edtica en el mundo y su implicancia en la Patagonia","publisher":{"@id":"https:\/\/patagoniambiental.com.ar\/info\/#organization"},"potentialAction":[{"@type":"SearchAction","target":{"@type":"EntryPoint","urlTemplate":"https:\/\/patagoniambiental.com.ar\/info\/?s={search_term_string}"},"query-input":{"@type":"PropertyValueSpecification","valueRequired":true,"valueName":"search_term_string"}}],"inLanguage":"es"},{"@type":"Organization","@id":"https:\/\/patagoniambiental.com.ar\/info\/#organization","name":"Patagonia Ambiental","url":"https:\/\/patagoniambiental.com.ar\/info\/","logo":{"@type":"ImageObject","inLanguage":"es","@id":"https:\/\/patagoniambiental.com.ar\/info\/#\/schema\/logo\/image\/","url":"https:\/\/patagoniambiental.com.ar\/info\/wp-content\/uploads\/2025\/05\/LOGO-PATAGONIA-AMBIENTAL.png","contentUrl":"https:\/\/patagoniambiental.com.ar\/info\/wp-content\/uploads\/2025\/05\/LOGO-PATAGONIA-AMBIENTAL.png","width":433,"height":250,"caption":"Patagonia Ambiental"},"image":{"@id":"https:\/\/patagoniambiental.com.ar\/info\/#\/schema\/logo\/image\/"},"sameAs":["https:\/\/www.facebook.com\/patagonia.ambiental","https:\/\/x.com\/PatAmb"]},{"@type":"Person","@id":"https:\/\/patagoniambiental.com.ar\/info\/#\/schema\/person\/e5af09d700b2e82cb10c6b8800e0c691","name":"BRAIAN ESTEVEZ","sameAs":["http:\/\/www.patagoniambiental.com.ar"]}]}},"_links":{"self":[{"href":"https:\/\/patagoniambiental.com.ar\/info\/wp-json\/wp\/v2\/posts\/73162","targetHints":{"allow":["GET"]}}],"collection":[{"href":"https:\/\/patagoniambiental.com.ar\/info\/wp-json\/wp\/v2\/posts"}],"about":[{"href":"https:\/\/patagoniambiental.com.ar\/info\/wp-json\/wp\/v2\/types\/post"}],"author":[{"embeddable":true,"href":"https:\/\/patagoniambiental.com.ar\/info\/wp-json\/wp\/v2\/users\/6"}],"replies":[{"embeddable":true,"href":"https:\/\/patagoniambiental.com.ar\/info\/wp-json\/wp\/v2\/comments?post=73162"}],"version-history":[{"count":0,"href":"https:\/\/patagoniambiental.com.ar\/info\/wp-json\/wp\/v2\/posts\/73162\/revisions"}],"wp:featuredmedia":[{"embeddable":true,"href":"https:\/\/patagoniambiental.com.ar\/info\/wp-json\/wp\/v2\/media\/73163"}],"wp:attachment":[{"href":"https:\/\/patagoniambiental.com.ar\/info\/wp-json\/wp\/v2\/media?parent=73162"}],"wp:term":[{"taxonomy":"category","embeddable":true,"href":"https:\/\/patagoniambiental.com.ar\/info\/wp-json\/wp\/v2\/categories?post=73162"},{"taxonomy":"post_tag","embeddable":true,"href":"https:\/\/patagoniambiental.com.ar\/info\/wp-json\/wp\/v2\/tags?post=73162"}],"curies":[{"name":"wp","href":"https:\/\/api.w.org\/{rel}","templated":true}]}}