{"id":73183,"date":"2021-06-30T19:00:00","date_gmt":"2021-06-30T22:00:00","guid":{"rendered":"http:\/\/patagoniambiental.com.ar\/info\/?p=73183"},"modified":"2021-07-01T18:46:29","modified_gmt":"2021-07-01T21:46:29","slug":"avanza-el-proyecto-para-crear-el-sendero-educativo-andres-quinteros-en-la-ciudad-rionegrina-de-bariloche","status":"publish","type":"post","link":"https:\/\/patagoniambiental.com.ar\/info\/avanza-el-proyecto-para-crear-el-sendero-educativo-andres-quinteros-en-la-ciudad-rionegrina-de-bariloche\/","title":{"rendered":"Avanza el proyecto para crear el sendero educativo \u00abAndr\u00e9s Quinteros\u00bb en la ciudad rionegrina de Bariloche"},"content":{"rendered":"\n<!--more-->\n\n\n\n<h3 class=\"wp-block-heading\">La propuesta se realiz\u00f3 por iniciativa de familiares del kayakista que desapareci\u00f3 en el lago Moreno en diciembre del 2020.<\/h3>\n\n\n\n<p>martes 29 de junio de 2021<img decoding=\"async\" src=\"https:\/\/anbariloche1.cdn.net.ar\/252\/anbariloche\/images\/89\/64\/896429_d69addf64d1bb06eaaef73597aef5fa2d138c428d5088788c93b09013deb1dca\/md.webp\" alt=\"Avanza el proyecto para crear el sendero educativo &quot;Andr\u00e9s Quinteros&quot;\">En diciembre, Quinteros desapareci\u00f3 en el lago Moreno luego de un desafortunado accidente. (Foto: Marcelo Mart\u00ednez)<\/p>\n\n\n\n<p>Este lunes se reuni\u00f3 nuevamente la comisi\u00f3n de Turismo y Medio Ambiente que coordina el concejal Ariel C\u00e1rdenas (BxC). En primer lugar, los ediles trataron una propuesta del FdT que impulsa la creaci\u00f3n del sendero educativo ambiental \u201cAndr\u00e9s Quinteros\u201d. La intenci\u00f3n es que recorra un sector de la margen norte del lago Moreno.<\/p>\n\n\n\n<p>La propuesta se realiz\u00f3 por iniciativa de familiares de Andr\u00e9s Quinteros, el kayakista, enfermero y estudiante de Medicina que el 9 de diciembre del a\u00f1o pasado desapareci\u00f3 en el lago Moreno luego de un desafortunado accidente.<\/p>\n\n\n\n<figure class=\"wp-block-image\"><img decoding=\"async\" src=\"https:\/\/anbariloche1.cdn.net.ar\/252\/anbariloche\/images\/93\/75\/937595_e08fdb298e967bcf1dc16787f97c755837241d744c96e57d29332979a23b8c5c\/sm.jpg\" alt=\"\"\/><\/figure>\n\n\n\n<p><em>Comisi\u00f3n de Turismo y Medio Ambiente.<\/em><\/p>\n\n\n\n<p>Particip\u00f3 de la comisi\u00f3n el t\u00edo de Andr\u00e9s, Leonardo Nicol\u00e1s, quien exhibi\u00f3 un video que grab\u00f3 mientras transitaba por una parte del sector en el que se busca crear el sendero.<\/p>\n\n\n\n<p>El proyecto fue dictaminado de manera positiva con el visto bueno de los concejales Ariel C\u00e1rdenas (BxC), Gerardo \u00c1vila (JSRN), Norma Taboada (JSRN), Julieta Wallace (FdT), Gerardo del R\u00edo (PUL) y Roxana Ferreyra (FdT).&nbsp;<\/p>\n\n\n\n<p><strong>Manejo de neum\u00e1ticos fuera de uso<\/strong><\/p>\n\n\n\n<p>Luego, los ediles trataron un proyecto del bloque JSRN que promueve la creaci\u00f3n de un Sistema Municipal de Manejo Responsable de Neum\u00e1ticos Fuera de Uso.<\/p>\n\n\n\n<p>Los autores tienen el objetivo de definir un marco regulatorio que garantice un manejo responsable y sostenible de dichos residuos en la ciudad.<\/p>\n\n\n\n<p>El documento establece que ser\u00e1 considerando como fuera de uso todo aquel neum\u00e1tico que se descarte ya sea por el fin de su vida \u00fatil, por da\u00f1os o condiciones que impidan la reconstituci\u00f3n de la banda de rodamiento o que hayan sido retirados del uso y de la circulaci\u00f3n efectiva por no cumplir con las normas y est\u00e1ndares vigentes de seguridad vial.<\/p>\n\n\n\n<p>El proyecto destaca que se busca establecer como pol\u00edtica p\u00fablica el reciclado, el reprocesamiento y toda forma de revalorizaci\u00f3n de los neum\u00e1ticos fuera de uso, con el objeto de reducir el impacto ambiental y sanitario de dichos residuos en la ciudad.<\/p>\n\n\n\n<p>La iniciativa tambi\u00e9n fue dictaminada de manera positiva y continuar\u00e1 siendo analizada en la pr\u00f3xima comisi\u00f3n. Cont\u00f3 con el aval de C\u00e1rdenas, \u00c1vila, Taboada, Ferreyra, Wallace y Del R\u00edo. En tanto, el edil Pablo Chamatropulos (Podemos Bariloche) reserv\u00f3 su dictamen. \u00a0<\/p>\n\n\n\n<p>Fuente: https:\/\/www.anbariloche.com.ar\/noticias\/2021\/06\/29\/80916-avanza-el-proyecto-para-crear-el-sendero-educativo-andres-quinteros<\/p>\n","protected":false},"excerpt":{"rendered":"","protected":false},"author":6,"featured_media":73184,"comment_status":"open","ping_status":"open","sticky":false,"template":"","format":"standard","meta":{"site-sidebar-layout":"default","site-content-layout":"","ast-site-content-layout":"default","site-content-style":"default","site-sidebar-style":"default","ast-global-header-display":"","ast-banner-title-visibility":"","ast-main-header-display":"","ast-hfb-above-header-display":"","ast-hfb-below-header-display":"","ast-hfb-mobile-header-display":"","site-post-title":"","ast-breadcrumbs-content":"","ast-featured-img":"","footer-sml-layout":"","ast-disable-related-posts":"","theme-transparent-header-meta":"","adv-header-id-meta":"","stick-header-meta":"","header-above-stick-meta":"","header-main-stick-meta":"","header-below-stick-meta":"","astra-migrate-meta-layouts":"default","ast-page-background-enabled":"default","ast-page-background-meta":{"desktop":{"background-color":"var(--ast-global-color-5)","background-image":"","background-repeat":"repeat","background-position":"center center","background-size":"auto","background-attachment":"scroll","background-type":"","background-media":"","overlay-type":"","overlay-color":"","overlay-opacity":"","overlay-gradient":""},"tablet":{"background-color":"","background-image":"","background-repeat":"repeat","background-position":"center center","background-size":"auto","background-attachment":"scroll","background-type":"","background-media":"","overlay-type":"","overlay-color":"","overlay-opacity":"","overlay-gradient":""},"mobile":{"background-color":"","background-image":"","background-repeat":"repeat","background-position":"center center","background-size":"auto","background-attachment":"scroll","background-type":"","background-media":"","overlay-type":"","overlay-color":"","overlay-opacity":"","overlay-gradient":""}},"ast-content-background-meta":{"desktop":{"background-color":"var(--ast-global-color-4)","background-image":"","background-repeat":"repeat","background-position":"center center","background-size":"auto","background-attachment":"scroll","background-type":"","background-media":"","overlay-type":"","overlay-color":"","overlay-opacity":"","overlay-gradient":""},"tablet":{"background-color":"var(--ast-global-color-4)","background-image":"","background-repeat":"repeat","background-position":"center center","background-size":"auto","background-attachment":"scroll","background-type":"","background-media":"","overlay-type":"","overlay-color":"","overlay-opacity":"","overlay-gradient":""},"mobile":{"background-color":"var(--ast-global-color-4)","background-image":"","background-repeat":"repeat","background-position":"center center","background-size":"auto","background-attachment":"scroll","background-type":"","background-media":"","overlay-type":"","overlay-color":"","overlay-opacity":"","overlay-gradient":""}},"footnotes":""},"categories":[16,1],"tags":[],"class_list":["post-73183","post","type-post","status-publish","format-standard","has-post-thumbnail","hentry","category-municipales","category-noticias"],"yoast_head":"<!-- This site is optimized with the Yoast SEO Premium plugin v23.0 (Yoast SEO v27.5) - https:\/\/yoast.com\/product\/yoast-seo-premium-wordpress\/ -->\n<title>Avanza el proyecto para crear el sendero educativo &quot;Andr\u00e9s Quinteros&quot; en la ciudad rionegrina de Bariloche<\/title>\n<meta name=\"robots\" content=\"index, follow, max-snippet:-1, max-image-preview:large, max-video-preview:-1\" \/>\n<link rel=\"canonical\" href=\"https:\/\/patagoniambiental.com.ar\/info\/avanza-el-proyecto-para-crear-el-sendero-educativo-andres-quinteros-en-la-ciudad-rionegrina-de-bariloche\/\" \/>\n<meta property=\"og:locale\" content=\"es_ES\" \/>\n<meta property=\"og:type\" content=\"article\" \/>\n<meta property=\"og:title\" content=\"Avanza el proyecto para crear el sendero educativo &quot;Andr\u00e9s Quinteros&quot; en la ciudad rionegrina de Bariloche\" \/>\n<meta property=\"og:url\" content=\"https:\/\/patagoniambiental.com.ar\/info\/avanza-el-proyecto-para-crear-el-sendero-educativo-andres-quinteros-en-la-ciudad-rionegrina-de-bariloche\/\" \/>\n<meta property=\"og:site_name\" content=\"Patagonia Ambiental\" \/>\n<meta property=\"article:publisher\" content=\"https:\/\/www.facebook.com\/patagonia.ambiental\" \/>\n<meta property=\"article:published_time\" content=\"2021-06-30T22:00:00+00:00\" \/>\n<meta property=\"article:modified_time\" content=\"2021-07-01T21:46:29+00:00\" \/>\n<meta property=\"og:image\" content=\"https:\/\/patagoniambiental.com.ar\/info\/wp-content\/uploads\/2021\/07\/sm.jpg\" \/>\n\t<meta property=\"og:image:width\" content=\"704\" \/>\n\t<meta property=\"og:image:height\" content=\"393\" \/>\n\t<meta property=\"og:image:type\" content=\"image\/jpeg\" \/>\n<meta name=\"author\" content=\"BRAIAN ESTEVEZ\" \/>\n<meta name=\"twitter:card\" content=\"summary_large_image\" \/>\n<meta name=\"twitter:creator\" content=\"@PatAmb\" \/>\n<meta name=\"twitter:site\" content=\"@PatAmb\" \/>\n<script type=\"application\/ld+json\" class=\"yoast-schema-graph\">{\"@context\":\"https:\\\/\\\/schema.org\",\"@graph\":[{\"@type\":\"Article\",\"@id\":\"https:\\\/\\\/patagoniambiental.com.ar\\\/info\\\/avanza-el-proyecto-para-crear-el-sendero-educativo-andres-quinteros-en-la-ciudad-rionegrina-de-bariloche\\\/#article\",\"isPartOf\":{\"@id\":\"https:\\\/\\\/patagoniambiental.com.ar\\\/info\\\/avanza-el-proyecto-para-crear-el-sendero-educativo-andres-quinteros-en-la-ciudad-rionegrina-de-bariloche\\\/\"},\"author\":{\"name\":\"BRAIAN ESTEVEZ\",\"@id\":\"https:\\\/\\\/patagoniambiental.com.ar\\\/info\\\/#\\\/schema\\\/person\\\/e5af09d700b2e82cb10c6b8800e0c691\"},\"headline\":\"Avanza el proyecto para crear el sendero educativo \u00abAndr\u00e9s Quinteros\u00bb en la ciudad rionegrina de Bariloche\",\"datePublished\":\"2021-06-30T22:00:00+00:00\",\"dateModified\":\"2021-07-01T21:46:29+00:00\",\"mainEntityOfPage\":{\"@id\":\"https:\\\/\\\/patagoniambiental.com.ar\\\/info\\\/avanza-el-proyecto-para-crear-el-sendero-educativo-andres-quinteros-en-la-ciudad-rionegrina-de-bariloche\\\/\"},\"wordCount\":453,\"commentCount\":0,\"publisher\":{\"@id\":\"https:\\\/\\\/patagoniambiental.com.ar\\\/info\\\/#organization\"},\"image\":{\"@id\":\"https:\\\/\\\/patagoniambiental.com.ar\\\/info\\\/avanza-el-proyecto-para-crear-el-sendero-educativo-andres-quinteros-en-la-ciudad-rionegrina-de-bariloche\\\/#primaryimage\"},\"thumbnailUrl\":\"https:\\\/\\\/patagoniambiental.com.ar\\\/info\\\/wp-content\\\/uploads\\\/2021\\\/07\\\/sm.jpg\",\"articleSection\":[\"Municipales\",\"Noticias\"],\"inLanguage\":\"es\",\"potentialAction\":[{\"@type\":\"CommentAction\",\"name\":\"Comment\",\"target\":[\"https:\\\/\\\/patagoniambiental.com.ar\\\/info\\\/avanza-el-proyecto-para-crear-el-sendero-educativo-andres-quinteros-en-la-ciudad-rionegrina-de-bariloche\\\/#respond\"]}]},{\"@type\":\"WebPage\",\"@id\":\"https:\\\/\\\/patagoniambiental.com.ar\\\/info\\\/avanza-el-proyecto-para-crear-el-sendero-educativo-andres-quinteros-en-la-ciudad-rionegrina-de-bariloche\\\/\",\"url\":\"https:\\\/\\\/patagoniambiental.com.ar\\\/info\\\/avanza-el-proyecto-para-crear-el-sendero-educativo-andres-quinteros-en-la-ciudad-rionegrina-de-bariloche\\\/\",\"name\":\"Avanza el proyecto para crear el sendero educativo \\\"Andr\u00e9s Quinteros\\\" en la ciudad rionegrina de Bariloche\",\"isPartOf\":{\"@id\":\"https:\\\/\\\/patagoniambiental.com.ar\\\/info\\\/#website\"},\"primaryImageOfPage\":{\"@id\":\"https:\\\/\\\/patagoniambiental.com.ar\\\/info\\\/avanza-el-proyecto-para-crear-el-sendero-educativo-andres-quinteros-en-la-ciudad-rionegrina-de-bariloche\\\/#primaryimage\"},\"image\":{\"@id\":\"https:\\\/\\\/patagoniambiental.com.ar\\\/info\\\/avanza-el-proyecto-para-crear-el-sendero-educativo-andres-quinteros-en-la-ciudad-rionegrina-de-bariloche\\\/#primaryimage\"},\"thumbnailUrl\":\"https:\\\/\\\/patagoniambiental.com.ar\\\/info\\\/wp-content\\\/uploads\\\/2021\\\/07\\\/sm.jpg\",\"datePublished\":\"2021-06-30T22:00:00+00:00\",\"dateModified\":\"2021-07-01T21:46:29+00:00\",\"breadcrumb\":{\"@id\":\"https:\\\/\\\/patagoniambiental.com.ar\\\/info\\\/avanza-el-proyecto-para-crear-el-sendero-educativo-andres-quinteros-en-la-ciudad-rionegrina-de-bariloche\\\/#breadcrumb\"},\"inLanguage\":\"es\",\"potentialAction\":[{\"@type\":\"ReadAction\",\"target\":[\"https:\\\/\\\/patagoniambiental.com.ar\\\/info\\\/avanza-el-proyecto-para-crear-el-sendero-educativo-andres-quinteros-en-la-ciudad-rionegrina-de-bariloche\\\/\"]}]},{\"@type\":\"ImageObject\",\"inLanguage\":\"es\",\"@id\":\"https:\\\/\\\/patagoniambiental.com.ar\\\/info\\\/avanza-el-proyecto-para-crear-el-sendero-educativo-andres-quinteros-en-la-ciudad-rionegrina-de-bariloche\\\/#primaryimage\",\"url\":\"https:\\\/\\\/patagoniambiental.com.ar\\\/info\\\/wp-content\\\/uploads\\\/2021\\\/07\\\/sm.jpg\",\"contentUrl\":\"https:\\\/\\\/patagoniambiental.com.ar\\\/info\\\/wp-content\\\/uploads\\\/2021\\\/07\\\/sm.jpg\",\"width\":704,\"height\":393},{\"@type\":\"BreadcrumbList\",\"@id\":\"https:\\\/\\\/patagoniambiental.com.ar\\\/info\\\/avanza-el-proyecto-para-crear-el-sendero-educativo-andres-quinteros-en-la-ciudad-rionegrina-de-bariloche\\\/#breadcrumb\",\"itemListElement\":[{\"@type\":\"ListItem\",\"position\":1,\"name\":\"Inicio\",\"item\":\"https:\\\/\\\/patagoniambiental.com.ar\\\/info\\\/\"},{\"@type\":\"ListItem\",\"position\":2,\"name\":\"Avanza el proyecto para crear el sendero educativo \u00abAndr\u00e9s Quinteros\u00bb en la ciudad rionegrina de Bariloche\"}]},{\"@type\":\"WebSite\",\"@id\":\"https:\\\/\\\/patagoniambiental.com.ar\\\/info\\\/#website\",\"url\":\"https:\\\/\\\/patagoniambiental.com.ar\\\/info\\\/\",\"name\":\"Patagonia Ambiental\",\"description\":\"Monitoreo y an\u00e1lisis de la situaci\u00f3n geopol\u00edtica en el mundo y su implicancia en la Patagonia\",\"publisher\":{\"@id\":\"https:\\\/\\\/patagoniambiental.com.ar\\\/info\\\/#organization\"},\"potentialAction\":[{\"@type\":\"SearchAction\",\"target\":{\"@type\":\"EntryPoint\",\"urlTemplate\":\"https:\\\/\\\/patagoniambiental.com.ar\\\/info\\\/?s={search_term_string}\"},\"query-input\":{\"@type\":\"PropertyValueSpecification\",\"valueRequired\":true,\"valueName\":\"search_term_string\"}}],\"inLanguage\":\"es\"},{\"@type\":\"Organization\",\"@id\":\"https:\\\/\\\/patagoniambiental.com.ar\\\/info\\\/#organization\",\"name\":\"Patagonia Ambiental\",\"url\":\"https:\\\/\\\/patagoniambiental.com.ar\\\/info\\\/\",\"logo\":{\"@type\":\"ImageObject\",\"inLanguage\":\"es\",\"@id\":\"https:\\\/\\\/patagoniambiental.com.ar\\\/info\\\/#\\\/schema\\\/logo\\\/image\\\/\",\"url\":\"https:\\\/\\\/patagoniambiental.com.ar\\\/info\\\/wp-content\\\/uploads\\\/2025\\\/05\\\/LOGO-PATAGONIA-AMBIENTAL.png\",\"contentUrl\":\"https:\\\/\\\/patagoniambiental.com.ar\\\/info\\\/wp-content\\\/uploads\\\/2025\\\/05\\\/LOGO-PATAGONIA-AMBIENTAL.png\",\"width\":433,\"height\":250,\"caption\":\"Patagonia Ambiental\"},\"image\":{\"@id\":\"https:\\\/\\\/patagoniambiental.com.ar\\\/info\\\/#\\\/schema\\\/logo\\\/image\\\/\"},\"sameAs\":[\"https:\\\/\\\/www.facebook.com\\\/patagonia.ambiental\",\"https:\\\/\\\/x.com\\\/PatAmb\"]},{\"@type\":\"Person\",\"@id\":\"https:\\\/\\\/patagoniambiental.com.ar\\\/info\\\/#\\\/schema\\\/person\\\/e5af09d700b2e82cb10c6b8800e0c691\",\"name\":\"BRAIAN ESTEVEZ\",\"sameAs\":[\"http:\\\/\\\/www.patagoniambiental.com.ar\"]}]}<\/script>\n<!-- \/ Yoast SEO Premium plugin. -->","yoast_head_json":{"title":"Avanza el proyecto para crear el sendero educativo \"Andr\u00e9s Quinteros\" en la ciudad rionegrina de Bariloche","robots":{"index":"index","follow":"follow","max-snippet":"max-snippet:-1","max-image-preview":"max-image-preview:large","max-video-preview":"max-video-preview:-1"},"canonical":"https:\/\/patagoniambiental.com.ar\/info\/avanza-el-proyecto-para-crear-el-sendero-educativo-andres-quinteros-en-la-ciudad-rionegrina-de-bariloche\/","og_locale":"es_ES","og_type":"article","og_title":"Avanza el proyecto para crear el sendero educativo \"Andr\u00e9s Quinteros\" en la ciudad rionegrina de Bariloche","og_url":"https:\/\/patagoniambiental.com.ar\/info\/avanza-el-proyecto-para-crear-el-sendero-educativo-andres-quinteros-en-la-ciudad-rionegrina-de-bariloche\/","og_site_name":"Patagonia Ambiental","article_publisher":"https:\/\/www.facebook.com\/patagonia.ambiental","article_published_time":"2021-06-30T22:00:00+00:00","article_modified_time":"2021-07-01T21:46:29+00:00","og_image":[{"width":704,"height":393,"url":"https:\/\/patagoniambiental.com.ar\/info\/wp-content\/uploads\/2021\/07\/sm.jpg","type":"image\/jpeg"}],"author":"BRAIAN ESTEVEZ","twitter_card":"summary_large_image","twitter_creator":"@PatAmb","twitter_site":"@PatAmb","schema":{"@context":"https:\/\/schema.org","@graph":[{"@type":"Article","@id":"https:\/\/patagoniambiental.com.ar\/info\/avanza-el-proyecto-para-crear-el-sendero-educativo-andres-quinteros-en-la-ciudad-rionegrina-de-bariloche\/#article","isPartOf":{"@id":"https:\/\/patagoniambiental.com.ar\/info\/avanza-el-proyecto-para-crear-el-sendero-educativo-andres-quinteros-en-la-ciudad-rionegrina-de-bariloche\/"},"author":{"name":"BRAIAN ESTEVEZ","@id":"https:\/\/patagoniambiental.com.ar\/info\/#\/schema\/person\/e5af09d700b2e82cb10c6b8800e0c691"},"headline":"Avanza el proyecto para crear el sendero educativo \u00abAndr\u00e9s Quinteros\u00bb en la ciudad rionegrina de Bariloche","datePublished":"2021-06-30T22:00:00+00:00","dateModified":"2021-07-01T21:46:29+00:00","mainEntityOfPage":{"@id":"https:\/\/patagoniambiental.com.ar\/info\/avanza-el-proyecto-para-crear-el-sendero-educativo-andres-quinteros-en-la-ciudad-rionegrina-de-bariloche\/"},"wordCount":453,"commentCount":0,"publisher":{"@id":"https:\/\/patagoniambiental.com.ar\/info\/#organization"},"image":{"@id":"https:\/\/patagoniambiental.com.ar\/info\/avanza-el-proyecto-para-crear-el-sendero-educativo-andres-quinteros-en-la-ciudad-rionegrina-de-bariloche\/#primaryimage"},"thumbnailUrl":"https:\/\/patagoniambiental.com.ar\/info\/wp-content\/uploads\/2021\/07\/sm.jpg","articleSection":["Municipales","Noticias"],"inLanguage":"es","potentialAction":[{"@type":"CommentAction","name":"Comment","target":["https:\/\/patagoniambiental.com.ar\/info\/avanza-el-proyecto-para-crear-el-sendero-educativo-andres-quinteros-en-la-ciudad-rionegrina-de-bariloche\/#respond"]}]},{"@type":"WebPage","@id":"https:\/\/patagoniambiental.com.ar\/info\/avanza-el-proyecto-para-crear-el-sendero-educativo-andres-quinteros-en-la-ciudad-rionegrina-de-bariloche\/","url":"https:\/\/patagoniambiental.com.ar\/info\/avanza-el-proyecto-para-crear-el-sendero-educativo-andres-quinteros-en-la-ciudad-rionegrina-de-bariloche\/","name":"Avanza el proyecto para crear el sendero educativo \"Andr\u00e9s Quinteros\" en la ciudad rionegrina de Bariloche","isPartOf":{"@id":"https:\/\/patagoniambiental.com.ar\/info\/#website"},"primaryImageOfPage":{"@id":"https:\/\/patagoniambiental.com.ar\/info\/avanza-el-proyecto-para-crear-el-sendero-educativo-andres-quinteros-en-la-ciudad-rionegrina-de-bariloche\/#primaryimage"},"image":{"@id":"https:\/\/patagoniambiental.com.ar\/info\/avanza-el-proyecto-para-crear-el-sendero-educativo-andres-quinteros-en-la-ciudad-rionegrina-de-bariloche\/#primaryimage"},"thumbnailUrl":"https:\/\/patagoniambiental.com.ar\/info\/wp-content\/uploads\/2021\/07\/sm.jpg","datePublished":"2021-06-30T22:00:00+00:00","dateModified":"2021-07-01T21:46:29+00:00","breadcrumb":{"@id":"https:\/\/patagoniambiental.com.ar\/info\/avanza-el-proyecto-para-crear-el-sendero-educativo-andres-quinteros-en-la-ciudad-rionegrina-de-bariloche\/#breadcrumb"},"inLanguage":"es","potentialAction":[{"@type":"ReadAction","target":["https:\/\/patagoniambiental.com.ar\/info\/avanza-el-proyecto-para-crear-el-sendero-educativo-andres-quinteros-en-la-ciudad-rionegrina-de-bariloche\/"]}]},{"@type":"ImageObject","inLanguage":"es","@id":"https:\/\/patagoniambiental.com.ar\/info\/avanza-el-proyecto-para-crear-el-sendero-educativo-andres-quinteros-en-la-ciudad-rionegrina-de-bariloche\/#primaryimage","url":"https:\/\/patagoniambiental.com.ar\/info\/wp-content\/uploads\/2021\/07\/sm.jpg","contentUrl":"https:\/\/patagoniambiental.com.ar\/info\/wp-content\/uploads\/2021\/07\/sm.jpg","width":704,"height":393},{"@type":"BreadcrumbList","@id":"https:\/\/patagoniambiental.com.ar\/info\/avanza-el-proyecto-para-crear-el-sendero-educativo-andres-quinteros-en-la-ciudad-rionegrina-de-bariloche\/#breadcrumb","itemListElement":[{"@type":"ListItem","position":1,"name":"Inicio","item":"https:\/\/patagoniambiental.com.ar\/info\/"},{"@type":"ListItem","position":2,"name":"Avanza el proyecto para crear el sendero educativo \u00abAndr\u00e9s Quinteros\u00bb en la ciudad rionegrina de Bariloche"}]},{"@type":"WebSite","@id":"https:\/\/patagoniambiental.com.ar\/info\/#website","url":"https:\/\/patagoniambiental.com.ar\/info\/","name":"Patagonia Ambiental","description":"Monitoreo y an\u00e1lisis de la situaci\u00f3n geopol\u00edtica en el mundo y su implicancia en la Patagonia","publisher":{"@id":"https:\/\/patagoniambiental.com.ar\/info\/#organization"},"potentialAction":[{"@type":"SearchAction","target":{"@type":"EntryPoint","urlTemplate":"https:\/\/patagoniambiental.com.ar\/info\/?s={search_term_string}"},"query-input":{"@type":"PropertyValueSpecification","valueRequired":true,"valueName":"search_term_string"}}],"inLanguage":"es"},{"@type":"Organization","@id":"https:\/\/patagoniambiental.com.ar\/info\/#organization","name":"Patagonia Ambiental","url":"https:\/\/patagoniambiental.com.ar\/info\/","logo":{"@type":"ImageObject","inLanguage":"es","@id":"https:\/\/patagoniambiental.com.ar\/info\/#\/schema\/logo\/image\/","url":"https:\/\/patagoniambiental.com.ar\/info\/wp-content\/uploads\/2025\/05\/LOGO-PATAGONIA-AMBIENTAL.png","contentUrl":"https:\/\/patagoniambiental.com.ar\/info\/wp-content\/uploads\/2025\/05\/LOGO-PATAGONIA-AMBIENTAL.png","width":433,"height":250,"caption":"Patagonia Ambiental"},"image":{"@id":"https:\/\/patagoniambiental.com.ar\/info\/#\/schema\/logo\/image\/"},"sameAs":["https:\/\/www.facebook.com\/patagonia.ambiental","https:\/\/x.com\/PatAmb"]},{"@type":"Person","@id":"https:\/\/patagoniambiental.com.ar\/info\/#\/schema\/person\/e5af09d700b2e82cb10c6b8800e0c691","name":"BRAIAN ESTEVEZ","sameAs":["http:\/\/www.patagoniambiental.com.ar"]}]}},"_links":{"self":[{"href":"https:\/\/patagoniambiental.com.ar\/info\/wp-json\/wp\/v2\/posts\/73183","targetHints":{"allow":["GET"]}}],"collection":[{"href":"https:\/\/patagoniambiental.com.ar\/info\/wp-json\/wp\/v2\/posts"}],"about":[{"href":"https:\/\/patagoniambiental.com.ar\/info\/wp-json\/wp\/v2\/types\/post"}],"author":[{"embeddable":true,"href":"https:\/\/patagoniambiental.com.ar\/info\/wp-json\/wp\/v2\/users\/6"}],"replies":[{"embeddable":true,"href":"https:\/\/patagoniambiental.com.ar\/info\/wp-json\/wp\/v2\/comments?post=73183"}],"version-history":[{"count":0,"href":"https:\/\/patagoniambiental.com.ar\/info\/wp-json\/wp\/v2\/posts\/73183\/revisions"}],"wp:featuredmedia":[{"embeddable":true,"href":"https:\/\/patagoniambiental.com.ar\/info\/wp-json\/wp\/v2\/media\/73184"}],"wp:attachment":[{"href":"https:\/\/patagoniambiental.com.ar\/info\/wp-json\/wp\/v2\/media?parent=73183"}],"wp:term":[{"taxonomy":"category","embeddable":true,"href":"https:\/\/patagoniambiental.com.ar\/info\/wp-json\/wp\/v2\/categories?post=73183"},{"taxonomy":"post_tag","embeddable":true,"href":"https:\/\/patagoniambiental.com.ar\/info\/wp-json\/wp\/v2\/tags?post=73183"}],"curies":[{"name":"wp","href":"https:\/\/api.w.org\/{rel}","templated":true}]}}