{"id":73198,"date":"2021-07-02T09:34:35","date_gmt":"2021-07-02T12:34:35","guid":{"rendered":"http:\/\/patagoniambiental.com.ar\/info\/?p=73198"},"modified":"2021-07-02T09:34:39","modified_gmt":"2021-07-02T12:34:39","slug":"portezuelo-unanime-respaldo-a-otro-estudio-de-impacto-ambiental-en-la-legislatura-de-la-pampa","status":"publish","type":"post","link":"https:\/\/patagoniambiental.com.ar\/info\/portezuelo-unanime-respaldo-a-otro-estudio-de-impacto-ambiental-en-la-legislatura-de-la-pampa\/","title":{"rendered":"Portezuelo: un\u00e1nime respaldo a otro estudio de impacto ambiental en la legislatura de La Pampa"},"content":{"rendered":"\n<!--more-->\n\n\n\n<p>La Pampa.-La Legislatura aval\u00f3 las gestiones para verificar las consecuencias de esa obra que agita Mendoza sobre el r\u00edo Colorado.\u00a0<strong>La oposici\u00f3n llam\u00f3 a pelear en todos los \u00e1mbitos.<\/strong><\/p>\n\n\n\n<p>Se aprob\u00f3 por unanimidad en la C\u00e1mara de Diputados y Diputadas, durante la seis\u00f3n del \u00faltimo jueves, el proyecto por el que se expresa benepl\u00e1cito por el nuevo estudio de impacto ambiental de Portezuelo del Viento.<\/p>\n\n\n\n<p>\u201cSe celebra este avance que se enmarca en la lucha hist\u00f3rica de nuestra provincia\u201d, dijo Juan Brindesi; mientras que Mauricio Ag\u00f3n opin\u00f3 que \u201cno puede continuar Portezuelo si no se cumple con la legislaci\u00f3n vigente. La lucha hay que darla en todos los \u00e1mbitos, en lo judicial, lo legislativo y lo pol\u00edtico\u201d.<\/p>\n\n\n\n<p>Antes de que se empiecen a tratar los temas previstos para el d\u00eda de la fecha, el diputado Leonardo Avenda\u00f1o rindi\u00f3 homenaje al ex presidente Juan Domingo Per\u00f3n en el aniversario n\u00ba 47 de su fallecimiento.<\/p>\n\n\n\n<p>\u201cHa pasado a la inmortalidad, y seguimos aprendiendo de sus libros lo que es la conducci\u00f3n pol\u00edtica. Fue un animal pol\u00edtico que comprendi\u00f3 quienes estaban afuera de la historia. Se convirti\u00f3 en la referencia del pueblo. Fund\u00f3 el movimiento de masas m\u00e1s importante del continente. Su doctrina es popular, social y cristiana. Per\u00f3n no s\u00f3lo dignific\u00f3 a la clase trabajadora, sino que organiz\u00f3 a la sociedad. Entonces reivindico esa doctrina, la de Per\u00f3n, la de Evita, la de N\u00e9stor y la de Cristina\u201d, manifest\u00f3 Avenda\u00f1o.<\/p>\n\n\n\n<p>Por su parte, Francisco Torroba reivindic\u00f3 el reencuentro de Per\u00f3n con Ricardo Balb\u00edn, y dijo: \u201cTenemos que aprender de esas ense\u00f1anzas de la historia para no tropezar con la misma piedra\u201d.<\/p>\n\n\n\n<p>Sobre tablas se aprob\u00f3 por unanimidad el proyecto por el que se declara de Inter\u00e9s Legislativo la Tercera Feria del Libro modalidad virtual, organizada por el Colegio Hugo Peinetti de Eduardo Castex.<\/p>\n\n\n\n<p>Adem\u00e1s se aprob\u00f3 en forma un\u00e1nime la iniciativa por la que se aprueba el Convenio suscripto entre la Direcci\u00f3n Nacional de Vialidad y la Direcci\u00f3n Provincial de Vialidad, el d\u00eda 20 de abril de 2021.<\/p>\n\n\n\n<p>\u201cEstas gestiones tienen como resultado la aceleraci\u00f3n de los convenios que permitir\u00edan realizar tres importantes obras en la ruta n\u00ba 8, 20 y 152. Uno de los motivos es la sobrecarga de las rutas provinciales en las que se ven da\u00f1adas antes de lo previsto. Estamos por comenzar estas importantes obras, que traer\u00e1 beneficios a la seguridad y a la generaci\u00f3n de mano de obra\u201d, destac\u00f3 Ariel Rojas.<\/p>\n\n\n\n<p>Durante el orden del d\u00eda se aprob\u00f3 por unanimidad el proyecto por el que se declaran de utilidad p\u00fablica y sujeto a expropiaci\u00f3n por el Estado provincial los inmuebles cuyo destino ser\u00e1 la creaci\u00f3n de un nuevo Parque de Actividades Econ\u00f3micas en General Pico.<\/p>\n\n\n\n<p>Alicia Mayoral se\u00f1al\u00f3 que \u201cla oposici\u00f3n hab\u00eda solicitado el estudio de impacto ambiental, que ya est\u00e1 en proceso. Esto va a ser bueno para la provincia\u201d, dijo. Marcos Cuelle expres\u00f3 que \u201ccon esto se da forma a la posibilidad del avance de la expropiaci\u00f3n al tiempo que protegemos y cuidamos algo tan importante como el medio ambiente. Por estos motivos es que acompa\u00f1amos\u201d. Juan Brindesi aport\u00f3 que \u201cesta iniciativa persigue ampliar la capacidad productiva sobre todo en el norte de la provincia\u201d.<\/p>\n\n\n\n<p><strong>Convenios y transferencia<\/strong><\/p>\n\n\n\n<p>M\u00e1s adelante se aprob\u00f3 en forma un\u00e1nime la iniciativa por la que se propicia la aprobaci\u00f3n del Convenio Marco de Cooperaci\u00f3n Tur\u00edstica entre Neuqu\u00e9n y La Pampa, celebrado el 3 de febrero de 2021. \u201cEl objetivo es contribuir a la consolidaci\u00f3n de las actividades culturales y econ\u00f3micas, asegurando el medio ambiente, a trav\u00e9s de la herramienta del turismo\u201d, manifest\u00f3 Lilia Caimari.<\/p>\n\n\n\n<p>Por unanimidad las y los diputados aprobaron el proyecto de ley del Poder Ejecutivo por el que se propicia la aprobaci\u00f3n del Convenio Marco de Colaboraci\u00f3n suscripto entre el Ministerio de Transporte de la Naci\u00f3n y la provincia de La Pampa. \u201cEs un convenio que tiende a mejorar los transportes de la provincia\u201d, aclar\u00f3 Rojas.<\/p>\n\n\n\n<p>Desde Propuesta Federal, Mart\u00edn Ardohain acompa\u00f1\u00f3 pero dijo que \u201cno estamos de acuerdo nunca en que se eviten las licitaciones, salvo en una situaci\u00f3n de emergencia\u201d.<\/p>\n\n\n\n<p>Adem\u00e1s se aprob\u00f3 el proyecto de ley por el que se propicia la transferencia de dominio a t\u00edtulo gratuito, al Instituto Provincial Aut\u00e1rquico de Vivienda, de los inmuebles titulares de la provincia de La Pampa, que ser\u00e1n destinados la construcci\u00f3n de viviendas.<\/p>\n\n\n\n<p>De igual manera sali\u00f3 la iniciativa por la que se propicia la aprobaci\u00f3n del Contrato de Comodato de uso gratuito de bien inmueble, suscripto entre La Pampa y el Club Argentino.<\/p>\n\n\n\n<p>Por unanimidad se aprob\u00f3 el proyecto de ley por el que se modifica el art\u00edculo 216 del C\u00f3digo Fiscal de La Pampa.<\/p>\n\n\n\n<p>Por \u00faltimo, se aprob\u00f3 por unanimidad el proyecto de resoluci\u00f3n por el que solicitan al gobierno provincial incluya en el Presupuesto para el a\u00f1o 2021, la continuaci\u00f3n de la ruta provincial n\u00ba 1 hasta el l\u00edmite con la provincia de C\u00f3rdoba.<\/p>\n\n\n\n<p>Fuente: |https:\/\/www.eldiariodelapampa.com.ar\/la-pampa\/17076-portezuelo-unanime-respaldo-a-otro-estudio-de-impacto-ambiental<\/p>\n","protected":false},"excerpt":{"rendered":"","protected":false},"author":6,"featured_media":73199,"comment_status":"open","ping_status":"open","sticky":false,"template":"","format":"standard","meta":{"site-sidebar-layout":"default","site-content-layout":"","ast-site-content-layout":"default","site-content-style":"default","site-sidebar-style":"default","ast-global-header-display":"","ast-banner-title-visibility":"","ast-main-header-display":"","ast-hfb-above-header-display":"","ast-hfb-below-header-display":"","ast-hfb-mobile-header-display":"","site-post-title":"","ast-breadcrumbs-content":"","ast-featured-img":"","footer-sml-layout":"","ast-disable-related-posts":"","theme-transparent-header-meta":"","adv-header-id-meta":"","stick-header-meta":"","header-above-stick-meta":"","header-main-stick-meta":"","header-below-stick-meta":"","astra-migrate-meta-layouts":"default","ast-page-background-enabled":"default","ast-page-background-meta":{"desktop":{"background-color":"var(--ast-global-color-5)","background-image":"","background-repeat":"repeat","background-position":"center center","background-size":"auto","background-attachment":"scroll","background-type":"","background-media":"","overlay-type":"","overlay-color":"","overlay-opacity":"","overlay-gradient":""},"tablet":{"background-color":"","background-image":"","background-repeat":"repeat","background-position":"center center","background-size":"auto","background-attachment":"scroll","background-type":"","background-media":"","overlay-type":"","overlay-color":"","overlay-opacity":"","overlay-gradient":""},"mobile":{"background-color":"","background-image":"","background-repeat":"repeat","background-position":"center center","background-size":"auto","background-attachment":"scroll","background-type":"","background-media":"","overlay-type":"","overlay-color":"","overlay-opacity":"","overlay-gradient":""}},"ast-content-background-meta":{"desktop":{"background-color":"var(--ast-global-color-4)","background-image":"","background-repeat":"repeat","background-position":"center center","background-size":"auto","background-attachment":"scroll","background-type":"","background-media":"","overlay-type":"","overlay-color":"","overlay-opacity":"","overlay-gradient":""},"tablet":{"background-color":"var(--ast-global-color-4)","background-image":"","background-repeat":"repeat","background-position":"center center","background-size":"auto","background-attachment":"scroll","background-type":"","background-media":"","overlay-type":"","overlay-color":"","overlay-opacity":"","overlay-gradient":""},"mobile":{"background-color":"var(--ast-global-color-4)","background-image":"","background-repeat":"repeat","background-position":"center center","background-size":"auto","background-attachment":"scroll","background-type":"","background-media":"","overlay-type":"","overlay-color":"","overlay-opacity":"","overlay-gradient":""}},"footnotes":""},"categories":[59,1,13],"tags":[],"class_list":["post-73198","post","type-post","status-publish","format-standard","has-post-thumbnail","hentry","category-la-pampa","category-noticias","category-provinciales"],"yoast_head":"<!-- This site is optimized with the Yoast SEO Premium plugin v23.0 (Yoast SEO v27.5) - https:\/\/yoast.com\/product\/yoast-seo-premium-wordpress\/ -->\n<title>Portezuelo: un\u00e1nime respaldo a otro estudio de impacto ambiental en la legislatura de La Pampa<\/title>\n<meta name=\"robots\" content=\"index, follow, max-snippet:-1, max-image-preview:large, max-video-preview:-1\" \/>\n<link rel=\"canonical\" href=\"https:\/\/patagoniambiental.com.ar\/info\/portezuelo-unanime-respaldo-a-otro-estudio-de-impacto-ambiental-en-la-legislatura-de-la-pampa\/\" \/>\n<meta property=\"og:locale\" content=\"es_ES\" \/>\n<meta property=\"og:type\" content=\"article\" \/>\n<meta property=\"og:title\" content=\"Portezuelo: un\u00e1nime respaldo a otro estudio de impacto ambiental en la legislatura de La Pampa\" \/>\n<meta property=\"og:url\" content=\"https:\/\/patagoniambiental.com.ar\/info\/portezuelo-unanime-respaldo-a-otro-estudio-de-impacto-ambiental-en-la-legislatura-de-la-pampa\/\" \/>\n<meta property=\"og:site_name\" content=\"Patagonia Ambiental\" \/>\n<meta property=\"article:publisher\" content=\"https:\/\/www.facebook.com\/patagonia.ambiental\" \/>\n<meta property=\"article:published_time\" content=\"2021-07-02T12:34:35+00:00\" \/>\n<meta property=\"article:modified_time\" content=\"2021-07-02T12:34:39+00:00\" \/>\n<meta property=\"og:image\" content=\"https:\/\/patagoniambiental.com.ar\/info\/wp-content\/uploads\/2021\/07\/ptz.jpg\" \/>\n\t<meta property=\"og:image:width\" content=\"920\" \/>\n\t<meta property=\"og:image:height\" content=\"517\" \/>\n\t<meta property=\"og:image:type\" content=\"image\/jpeg\" \/>\n<meta name=\"author\" content=\"BRAIAN ESTEVEZ\" \/>\n<meta name=\"twitter:card\" content=\"summary_large_image\" \/>\n<meta name=\"twitter:creator\" content=\"@PatAmb\" \/>\n<meta name=\"twitter:site\" content=\"@PatAmb\" \/>\n<script type=\"application\/ld+json\" class=\"yoast-schema-graph\">{\"@context\":\"https:\\\/\\\/schema.org\",\"@graph\":[{\"@type\":\"Article\",\"@id\":\"https:\\\/\\\/patagoniambiental.com.ar\\\/info\\\/portezuelo-unanime-respaldo-a-otro-estudio-de-impacto-ambiental-en-la-legislatura-de-la-pampa\\\/#article\",\"isPartOf\":{\"@id\":\"https:\\\/\\\/patagoniambiental.com.ar\\\/info\\\/portezuelo-unanime-respaldo-a-otro-estudio-de-impacto-ambiental-en-la-legislatura-de-la-pampa\\\/\"},\"author\":{\"name\":\"BRAIAN ESTEVEZ\",\"@id\":\"https:\\\/\\\/patagoniambiental.com.ar\\\/info\\\/#\\\/schema\\\/person\\\/e5af09d700b2e82cb10c6b8800e0c691\"},\"headline\":\"Portezuelo: un\u00e1nime respaldo a otro estudio de impacto ambiental en la legislatura de La Pampa\",\"datePublished\":\"2021-07-02T12:34:35+00:00\",\"dateModified\":\"2021-07-02T12:34:39+00:00\",\"mainEntityOfPage\":{\"@id\":\"https:\\\/\\\/patagoniambiental.com.ar\\\/info\\\/portezuelo-unanime-respaldo-a-otro-estudio-de-impacto-ambiental-en-la-legislatura-de-la-pampa\\\/\"},\"wordCount\":896,\"commentCount\":0,\"publisher\":{\"@id\":\"https:\\\/\\\/patagoniambiental.com.ar\\\/info\\\/#organization\"},\"image\":{\"@id\":\"https:\\\/\\\/patagoniambiental.com.ar\\\/info\\\/portezuelo-unanime-respaldo-a-otro-estudio-de-impacto-ambiental-en-la-legislatura-de-la-pampa\\\/#primaryimage\"},\"thumbnailUrl\":\"https:\\\/\\\/patagoniambiental.com.ar\\\/info\\\/wp-content\\\/uploads\\\/2021\\\/07\\\/ptz.jpg\",\"articleSection\":[\"La Pampa\",\"Noticias\",\"Provinciales\"],\"inLanguage\":\"es\",\"potentialAction\":[{\"@type\":\"CommentAction\",\"name\":\"Comment\",\"target\":[\"https:\\\/\\\/patagoniambiental.com.ar\\\/info\\\/portezuelo-unanime-respaldo-a-otro-estudio-de-impacto-ambiental-en-la-legislatura-de-la-pampa\\\/#respond\"]}]},{\"@type\":\"WebPage\",\"@id\":\"https:\\\/\\\/patagoniambiental.com.ar\\\/info\\\/portezuelo-unanime-respaldo-a-otro-estudio-de-impacto-ambiental-en-la-legislatura-de-la-pampa\\\/\",\"url\":\"https:\\\/\\\/patagoniambiental.com.ar\\\/info\\\/portezuelo-unanime-respaldo-a-otro-estudio-de-impacto-ambiental-en-la-legislatura-de-la-pampa\\\/\",\"name\":\"Portezuelo: un\u00e1nime respaldo a otro estudio de impacto ambiental en la legislatura de La Pampa\",\"isPartOf\":{\"@id\":\"https:\\\/\\\/patagoniambiental.com.ar\\\/info\\\/#website\"},\"primaryImageOfPage\":{\"@id\":\"https:\\\/\\\/patagoniambiental.com.ar\\\/info\\\/portezuelo-unanime-respaldo-a-otro-estudio-de-impacto-ambiental-en-la-legislatura-de-la-pampa\\\/#primaryimage\"},\"image\":{\"@id\":\"https:\\\/\\\/patagoniambiental.com.ar\\\/info\\\/portezuelo-unanime-respaldo-a-otro-estudio-de-impacto-ambiental-en-la-legislatura-de-la-pampa\\\/#primaryimage\"},\"thumbnailUrl\":\"https:\\\/\\\/patagoniambiental.com.ar\\\/info\\\/wp-content\\\/uploads\\\/2021\\\/07\\\/ptz.jpg\",\"datePublished\":\"2021-07-02T12:34:35+00:00\",\"dateModified\":\"2021-07-02T12:34:39+00:00\",\"breadcrumb\":{\"@id\":\"https:\\\/\\\/patagoniambiental.com.ar\\\/info\\\/portezuelo-unanime-respaldo-a-otro-estudio-de-impacto-ambiental-en-la-legislatura-de-la-pampa\\\/#breadcrumb\"},\"inLanguage\":\"es\",\"potentialAction\":[{\"@type\":\"ReadAction\",\"target\":[\"https:\\\/\\\/patagoniambiental.com.ar\\\/info\\\/portezuelo-unanime-respaldo-a-otro-estudio-de-impacto-ambiental-en-la-legislatura-de-la-pampa\\\/\"]}]},{\"@type\":\"ImageObject\",\"inLanguage\":\"es\",\"@id\":\"https:\\\/\\\/patagoniambiental.com.ar\\\/info\\\/portezuelo-unanime-respaldo-a-otro-estudio-de-impacto-ambiental-en-la-legislatura-de-la-pampa\\\/#primaryimage\",\"url\":\"https:\\\/\\\/patagoniambiental.com.ar\\\/info\\\/wp-content\\\/uploads\\\/2021\\\/07\\\/ptz.jpg\",\"contentUrl\":\"https:\\\/\\\/patagoniambiental.com.ar\\\/info\\\/wp-content\\\/uploads\\\/2021\\\/07\\\/ptz.jpg\",\"width\":920,\"height\":517},{\"@type\":\"BreadcrumbList\",\"@id\":\"https:\\\/\\\/patagoniambiental.com.ar\\\/info\\\/portezuelo-unanime-respaldo-a-otro-estudio-de-impacto-ambiental-en-la-legislatura-de-la-pampa\\\/#breadcrumb\",\"itemListElement\":[{\"@type\":\"ListItem\",\"position\":1,\"name\":\"Inicio\",\"item\":\"https:\\\/\\\/patagoniambiental.com.ar\\\/info\\\/\"},{\"@type\":\"ListItem\",\"position\":2,\"name\":\"Portezuelo: un\u00e1nime respaldo a otro estudio de impacto ambiental en la legislatura de La Pampa\"}]},{\"@type\":\"WebSite\",\"@id\":\"https:\\\/\\\/patagoniambiental.com.ar\\\/info\\\/#website\",\"url\":\"https:\\\/\\\/patagoniambiental.com.ar\\\/info\\\/\",\"name\":\"Patagonia Ambiental\",\"description\":\"Monitoreo y an\u00e1lisis de la situaci\u00f3n geopol\u00edtica en el mundo y su implicancia en la Patagonia\",\"publisher\":{\"@id\":\"https:\\\/\\\/patagoniambiental.com.ar\\\/info\\\/#organization\"},\"potentialAction\":[{\"@type\":\"SearchAction\",\"target\":{\"@type\":\"EntryPoint\",\"urlTemplate\":\"https:\\\/\\\/patagoniambiental.com.ar\\\/info\\\/?s={search_term_string}\"},\"query-input\":{\"@type\":\"PropertyValueSpecification\",\"valueRequired\":true,\"valueName\":\"search_term_string\"}}],\"inLanguage\":\"es\"},{\"@type\":\"Organization\",\"@id\":\"https:\\\/\\\/patagoniambiental.com.ar\\\/info\\\/#organization\",\"name\":\"Patagonia Ambiental\",\"url\":\"https:\\\/\\\/patagoniambiental.com.ar\\\/info\\\/\",\"logo\":{\"@type\":\"ImageObject\",\"inLanguage\":\"es\",\"@id\":\"https:\\\/\\\/patagoniambiental.com.ar\\\/info\\\/#\\\/schema\\\/logo\\\/image\\\/\",\"url\":\"https:\\\/\\\/patagoniambiental.com.ar\\\/info\\\/wp-content\\\/uploads\\\/2025\\\/05\\\/LOGO-PATAGONIA-AMBIENTAL.png\",\"contentUrl\":\"https:\\\/\\\/patagoniambiental.com.ar\\\/info\\\/wp-content\\\/uploads\\\/2025\\\/05\\\/LOGO-PATAGONIA-AMBIENTAL.png\",\"width\":433,\"height\":250,\"caption\":\"Patagonia Ambiental\"},\"image\":{\"@id\":\"https:\\\/\\\/patagoniambiental.com.ar\\\/info\\\/#\\\/schema\\\/logo\\\/image\\\/\"},\"sameAs\":[\"https:\\\/\\\/www.facebook.com\\\/patagonia.ambiental\",\"https:\\\/\\\/x.com\\\/PatAmb\"]},{\"@type\":\"Person\",\"@id\":\"https:\\\/\\\/patagoniambiental.com.ar\\\/info\\\/#\\\/schema\\\/person\\\/e5af09d700b2e82cb10c6b8800e0c691\",\"name\":\"BRAIAN ESTEVEZ\",\"sameAs\":[\"http:\\\/\\\/www.patagoniambiental.com.ar\"]}]}<\/script>\n<!-- \/ Yoast SEO Premium plugin. -->","yoast_head_json":{"title":"Portezuelo: un\u00e1nime respaldo a otro estudio de impacto ambiental en la legislatura de La Pampa","robots":{"index":"index","follow":"follow","max-snippet":"max-snippet:-1","max-image-preview":"max-image-preview:large","max-video-preview":"max-video-preview:-1"},"canonical":"https:\/\/patagoniambiental.com.ar\/info\/portezuelo-unanime-respaldo-a-otro-estudio-de-impacto-ambiental-en-la-legislatura-de-la-pampa\/","og_locale":"es_ES","og_type":"article","og_title":"Portezuelo: un\u00e1nime respaldo a otro estudio de impacto ambiental en la legislatura de La Pampa","og_url":"https:\/\/patagoniambiental.com.ar\/info\/portezuelo-unanime-respaldo-a-otro-estudio-de-impacto-ambiental-en-la-legislatura-de-la-pampa\/","og_site_name":"Patagonia Ambiental","article_publisher":"https:\/\/www.facebook.com\/patagonia.ambiental","article_published_time":"2021-07-02T12:34:35+00:00","article_modified_time":"2021-07-02T12:34:39+00:00","og_image":[{"width":920,"height":517,"url":"https:\/\/patagoniambiental.com.ar\/info\/wp-content\/uploads\/2021\/07\/ptz.jpg","type":"image\/jpeg"}],"author":"BRAIAN ESTEVEZ","twitter_card":"summary_large_image","twitter_creator":"@PatAmb","twitter_site":"@PatAmb","schema":{"@context":"https:\/\/schema.org","@graph":[{"@type":"Article","@id":"https:\/\/patagoniambiental.com.ar\/info\/portezuelo-unanime-respaldo-a-otro-estudio-de-impacto-ambiental-en-la-legislatura-de-la-pampa\/#article","isPartOf":{"@id":"https:\/\/patagoniambiental.com.ar\/info\/portezuelo-unanime-respaldo-a-otro-estudio-de-impacto-ambiental-en-la-legislatura-de-la-pampa\/"},"author":{"name":"BRAIAN ESTEVEZ","@id":"https:\/\/patagoniambiental.com.ar\/info\/#\/schema\/person\/e5af09d700b2e82cb10c6b8800e0c691"},"headline":"Portezuelo: un\u00e1nime respaldo a otro estudio de impacto ambiental en la legislatura de La Pampa","datePublished":"2021-07-02T12:34:35+00:00","dateModified":"2021-07-02T12:34:39+00:00","mainEntityOfPage":{"@id":"https:\/\/patagoniambiental.com.ar\/info\/portezuelo-unanime-respaldo-a-otro-estudio-de-impacto-ambiental-en-la-legislatura-de-la-pampa\/"},"wordCount":896,"commentCount":0,"publisher":{"@id":"https:\/\/patagoniambiental.com.ar\/info\/#organization"},"image":{"@id":"https:\/\/patagoniambiental.com.ar\/info\/portezuelo-unanime-respaldo-a-otro-estudio-de-impacto-ambiental-en-la-legislatura-de-la-pampa\/#primaryimage"},"thumbnailUrl":"https:\/\/patagoniambiental.com.ar\/info\/wp-content\/uploads\/2021\/07\/ptz.jpg","articleSection":["La Pampa","Noticias","Provinciales"],"inLanguage":"es","potentialAction":[{"@type":"CommentAction","name":"Comment","target":["https:\/\/patagoniambiental.com.ar\/info\/portezuelo-unanime-respaldo-a-otro-estudio-de-impacto-ambiental-en-la-legislatura-de-la-pampa\/#respond"]}]},{"@type":"WebPage","@id":"https:\/\/patagoniambiental.com.ar\/info\/portezuelo-unanime-respaldo-a-otro-estudio-de-impacto-ambiental-en-la-legislatura-de-la-pampa\/","url":"https:\/\/patagoniambiental.com.ar\/info\/portezuelo-unanime-respaldo-a-otro-estudio-de-impacto-ambiental-en-la-legislatura-de-la-pampa\/","name":"Portezuelo: un\u00e1nime respaldo a otro estudio de impacto ambiental en la legislatura de La Pampa","isPartOf":{"@id":"https:\/\/patagoniambiental.com.ar\/info\/#website"},"primaryImageOfPage":{"@id":"https:\/\/patagoniambiental.com.ar\/info\/portezuelo-unanime-respaldo-a-otro-estudio-de-impacto-ambiental-en-la-legislatura-de-la-pampa\/#primaryimage"},"image":{"@id":"https:\/\/patagoniambiental.com.ar\/info\/portezuelo-unanime-respaldo-a-otro-estudio-de-impacto-ambiental-en-la-legislatura-de-la-pampa\/#primaryimage"},"thumbnailUrl":"https:\/\/patagoniambiental.com.ar\/info\/wp-content\/uploads\/2021\/07\/ptz.jpg","datePublished":"2021-07-02T12:34:35+00:00","dateModified":"2021-07-02T12:34:39+00:00","breadcrumb":{"@id":"https:\/\/patagoniambiental.com.ar\/info\/portezuelo-unanime-respaldo-a-otro-estudio-de-impacto-ambiental-en-la-legislatura-de-la-pampa\/#breadcrumb"},"inLanguage":"es","potentialAction":[{"@type":"ReadAction","target":["https:\/\/patagoniambiental.com.ar\/info\/portezuelo-unanime-respaldo-a-otro-estudio-de-impacto-ambiental-en-la-legislatura-de-la-pampa\/"]}]},{"@type":"ImageObject","inLanguage":"es","@id":"https:\/\/patagoniambiental.com.ar\/info\/portezuelo-unanime-respaldo-a-otro-estudio-de-impacto-ambiental-en-la-legislatura-de-la-pampa\/#primaryimage","url":"https:\/\/patagoniambiental.com.ar\/info\/wp-content\/uploads\/2021\/07\/ptz.jpg","contentUrl":"https:\/\/patagoniambiental.com.ar\/info\/wp-content\/uploads\/2021\/07\/ptz.jpg","width":920,"height":517},{"@type":"BreadcrumbList","@id":"https:\/\/patagoniambiental.com.ar\/info\/portezuelo-unanime-respaldo-a-otro-estudio-de-impacto-ambiental-en-la-legislatura-de-la-pampa\/#breadcrumb","itemListElement":[{"@type":"ListItem","position":1,"name":"Inicio","item":"https:\/\/patagoniambiental.com.ar\/info\/"},{"@type":"ListItem","position":2,"name":"Portezuelo: un\u00e1nime respaldo a otro estudio de impacto ambiental en la legislatura de La Pampa"}]},{"@type":"WebSite","@id":"https:\/\/patagoniambiental.com.ar\/info\/#website","url":"https:\/\/patagoniambiental.com.ar\/info\/","name":"Patagonia Ambiental","description":"Monitoreo y an\u00e1lisis de la situaci\u00f3n geopol\u00edtica en el mundo y su implicancia en la Patagonia","publisher":{"@id":"https:\/\/patagoniambiental.com.ar\/info\/#organization"},"potentialAction":[{"@type":"SearchAction","target":{"@type":"EntryPoint","urlTemplate":"https:\/\/patagoniambiental.com.ar\/info\/?s={search_term_string}"},"query-input":{"@type":"PropertyValueSpecification","valueRequired":true,"valueName":"search_term_string"}}],"inLanguage":"es"},{"@type":"Organization","@id":"https:\/\/patagoniambiental.com.ar\/info\/#organization","name":"Patagonia Ambiental","url":"https:\/\/patagoniambiental.com.ar\/info\/","logo":{"@type":"ImageObject","inLanguage":"es","@id":"https:\/\/patagoniambiental.com.ar\/info\/#\/schema\/logo\/image\/","url":"https:\/\/patagoniambiental.com.ar\/info\/wp-content\/uploads\/2025\/05\/LOGO-PATAGONIA-AMBIENTAL.png","contentUrl":"https:\/\/patagoniambiental.com.ar\/info\/wp-content\/uploads\/2025\/05\/LOGO-PATAGONIA-AMBIENTAL.png","width":433,"height":250,"caption":"Patagonia Ambiental"},"image":{"@id":"https:\/\/patagoniambiental.com.ar\/info\/#\/schema\/logo\/image\/"},"sameAs":["https:\/\/www.facebook.com\/patagonia.ambiental","https:\/\/x.com\/PatAmb"]},{"@type":"Person","@id":"https:\/\/patagoniambiental.com.ar\/info\/#\/schema\/person\/e5af09d700b2e82cb10c6b8800e0c691","name":"BRAIAN ESTEVEZ","sameAs":["http:\/\/www.patagoniambiental.com.ar"]}]}},"_links":{"self":[{"href":"https:\/\/patagoniambiental.com.ar\/info\/wp-json\/wp\/v2\/posts\/73198","targetHints":{"allow":["GET"]}}],"collection":[{"href":"https:\/\/patagoniambiental.com.ar\/info\/wp-json\/wp\/v2\/posts"}],"about":[{"href":"https:\/\/patagoniambiental.com.ar\/info\/wp-json\/wp\/v2\/types\/post"}],"author":[{"embeddable":true,"href":"https:\/\/patagoniambiental.com.ar\/info\/wp-json\/wp\/v2\/users\/6"}],"replies":[{"embeddable":true,"href":"https:\/\/patagoniambiental.com.ar\/info\/wp-json\/wp\/v2\/comments?post=73198"}],"version-history":[{"count":0,"href":"https:\/\/patagoniambiental.com.ar\/info\/wp-json\/wp\/v2\/posts\/73198\/revisions"}],"wp:featuredmedia":[{"embeddable":true,"href":"https:\/\/patagoniambiental.com.ar\/info\/wp-json\/wp\/v2\/media\/73199"}],"wp:attachment":[{"href":"https:\/\/patagoniambiental.com.ar\/info\/wp-json\/wp\/v2\/media?parent=73198"}],"wp:term":[{"taxonomy":"category","embeddable":true,"href":"https:\/\/patagoniambiental.com.ar\/info\/wp-json\/wp\/v2\/categories?post=73198"},{"taxonomy":"post_tag","embeddable":true,"href":"https:\/\/patagoniambiental.com.ar\/info\/wp-json\/wp\/v2\/tags?post=73198"}],"curies":[{"name":"wp","href":"https:\/\/api.w.org\/{rel}","templated":true}]}}