{"id":73201,"date":"2021-07-03T07:00:00","date_gmt":"2021-07-03T10:00:00","guid":{"rendered":"http:\/\/patagoniambiental.com.ar\/info\/?p=73201"},"modified":"2021-07-02T09:37:01","modified_gmt":"2021-07-02T12:37:01","slug":"ya-funciona-separap-el-programa-de-separacion-de-residuos-en-la-ciudad-de-neuquen","status":"publish","type":"post","link":"https:\/\/patagoniambiental.com.ar\/info\/ya-funciona-separap-el-programa-de-separacion-de-residuos-en-la-ciudad-de-neuquen\/","title":{"rendered":"Ya funciona #SepaRap, el programa de separaci\u00f3n de residuos en la ciudad de Neuqu\u00e9n"},"content":{"rendered":"\n<!--more-->\n\n\n\n<p>El nuevo calendario para sacar la basura ya rige en Neuqu\u00e9n, distingue d\u00edas y materiales y vela por una ciudad m\u00e1s limpia.<\/p>\n\n\n\n<figure class=\"wp-block-image\"><img decoding=\"async\" src=\"https:\/\/www.neuquenalinstante.com.ar\/uploads\/imagenes\/repositorio\/2013\/7\/8\/6645\/20160226095422b8fd7211e5247891e4d4f0562418868a_med.jpg\" alt=\"Ya funciona #SepaRap, el programa de separaci\u00f3n de residuos\"\/><\/figure>\n\n\n\n<figure class=\"wp-block-embed\"><div class=\"wp-block-embed__wrapper\">\nhttps:\/\/www.facebook.com\/v2.0\/plugins\/like.php?action=like&#038;app_id=&#038;channel=https%3A%2F%2Fstaticxx.facebook.com%2Fx%2Fconnect%2Fxd_arbiter%2F%3Fversion%3D46%23cb%3Df1b545fa59c0cb%26domain%3Dwww.neuquenalinstante.com.ar%26origin%3Dhttps%253A%252F%252Fwww.neuquenalinstante.com.ar%252Ff517cb5f360e4%26relation%3Dparent.parent&#038;container_width=267&#038;href=https%3A%2F%2Fwww.neuquenalinstante.com.ar%2Fnoticias%2F2021%2F07%2F01%2F86920-&#038;layout=button_count&#038;locale=es_LA&#038;sdk=joey&#038;share=false&#038;show_faces=false&#038;width=100https:\/\/platform.twitter.com\/widgets\/tweet_button.e2f47d03e592fe463d1165605106478b.en.html#dnt=false&#038;id=twitter-widget-1&#038;lang=en&#038;original_referer=https%3A%2F%2Fwww.neuquenalinstante.com.ar%2Fnoticias%2F2021%2F07%2F01%2F86920-ya-funciona-separap-el-programa-de-separacion-de-residuos&#038;size=m&#038;text=Ya%20funciona%20%23SepaRap%2C%20el%20programa%20de%20separaci%C3%B3n%20de%20residuos%20%7C%20Neuqu%C3%A9n%20al%20Instante&#038;time=1625228992487&#038;type=share&#038;url=https%3A%2F%2Fwww.neuquenalinstante.com.ar%2Fnoticias%2F2021%2F07%2F01%2F86920-ya-funciona-separap-el-programa-de-separacion-de-residuoshttps:\/\/apis.google.com\/u\/0\/se\/0\/_\/+1\/fastbutton?usegapi=1&#038;hl=es&#038;origin=https%3A%2F%2Fwww.neuquenalinstante.com.ar&#038;url=https%3A%2F%2Fwww.neuquenalinstante.com.ar%2Fnoticias%2F2021%2F07%2F01%2F86920-ya-funciona-separap-el-programa-de-separacion-de-residuos&#038;gsrc=3p&#038;ic=1&#038;jsh=m%3B%2F_%2Fscs%2Fapps-static%2F_%2Fjs%2Fk%3Doz.gapi.es_419.7uasbUipTZs.O%2Fam%3DAQ%2Fd%3D1%2Frs%3DAGLTcCOYCOm_rytIEJGramIfYGUUFNVgow%2Fm%3D__features__#_methods=onPlusOne%2C_ready%2C_close%2C_open%2C_resizeMe%2C_renderstart%2Concircled%2Cdrefresh%2Cerefresh%2Conload&#038;id=I0_1625228990066&#038;_gfid=I0_1625228990066&#038;parent=https%3A%2F%2Fwww.neuquenalinstante.com.ar&#038;pfname=&#038;rpctoken=16211335\n<\/div><\/figure>\n\n\n\n<p>Esta semana comenz\u00f3 a funcionar el programa #SepaRap, la iniciativa de la Ciudad de Neuqu\u00e9n que propone la separaci\u00f3n de residuos seg\u00fan su material y volumen organizado mediante un calendario semanal fijo. La propuesta de la Secretar\u00eda de Movilidad y Servicios al Ciudadanoexige un mayor compromiso y responsabilidad ciudadana, el cuidado del medio ambiente y el reciclado de basura.<\/p>\n\n\n\n<p>En toda la ciudad de Neuqu\u00e9n los residuos secos deben ser sacados los d\u00edas lunes y jueves.https:\/\/platform.twitter.com\/embed\/Tweet.html?dnt=false&amp;embedId=twitter-widget-0&amp;features=eyJ0ZndfZXhwZXJpbWVudHNfY29va2llX2V4cGlyYXRpb24iOnsiYnVja2V0IjoxMjA5NjAwLCJ2ZXJzaW9uIjpudWxsfSwidGZ3X2hvcml6b25fdHdlZXRfZW1iZWRfOTU1NSI6eyJidWNrZXQiOiJodGUiLCJ2ZXJzaW9uIjpudWxsfSwidGZ3X3R3ZWV0X2VtYmVkX2NsaWNrYWJpbGl0eV8xMjEwMiI6eyJidWNrZXQiOiJjb250cm9sIiwidmVyc2lvbiI6bnVsbH19&amp;frame=false&amp;hideCard=false&amp;hideThread=false&amp;id=1408037042106294283&amp;lang=en&amp;origin=https%3A%2F%2Fwww.neuquenalinstante.com.ar%2Fnoticias%2F2021%2F07%2F01%2F86920-ya-funciona-separap-el-programa-de-separacion-de-residuos&amp;sessionId=46232617b41577944e5aaa34603ec62d00c7cfdd&amp;theme=light&amp;widgetsVersion=91a128e%3A1623306204510&amp;width=550px<\/p>\n\n\n\n<p>&nbsp;Siempre de 20 a 21 horas.<\/p>\n\n\n\n<p>\u00bfCu\u00e1les son los residuos secos?<br>Papeles, cartones, telas, metales, vidrio, pl\u00e1stico.<br>Deben estar limpios y secos.<\/p>\n\n\n\n<p>Los residuos h\u00famedos deben ser sacados los d\u00edas martes, mi\u00e9rcoles, viernes y domingos.<br>Siempre en el horario de 20 a 21 horas.<\/p>\n\n\n\n<p>\u00bfCu\u00e1les son los residuos h\u00famedos?<br>Residuos org\u00e1nicos, restos de comida, papeles y cartones sucios y telas impregnadas.<\/p>\n\n\n\n<p>\u00bfC\u00f3mo desecho los elementos cortopunzantes?<br>Este tipo de residuo deben ser envueltos siempre en papel y cart\u00f3n, y deben estar identificados con un cartel claro que diga \u00abELEMENTO CORTANTE\u00bb<\/p>\n\n\n\n<p>Luego, est\u00e1n los residuos considerados voluminosos (restos de poda, escombros, muebles, electrodom\u00e9sticos en desuso, chatarra y muebles) que no son considerados domiciliarios y por lo tanto deben ser trasladados de forma particular a los Centros de Transferencia gratuitos dispuestos por la Municipalidad de Neuqu\u00e9n.<\/p>\n\n\n\n<figure class=\"wp-block-image\"><img decoding=\"async\" src=\"https:\/\/www.neuquenalinstante.com.ar\/uploads\/imagenes\/repositorio\/2021\/07\/01\/28398\/20210701062030808310e684a4274b2788bb52fbe1b278.jpg\" alt=\"\"\/><\/figure>\n\n\n\n<p>Los Centros de Transferencia funcionan de lunes a s\u00e1bado de 9 a 18 horas y est\u00e1n ubicados en:<\/p>\n\n\n\n<p>-Tronador y Boerr.<br>-Quimey y Novella.<br><\/p>\n\n\n\n<p>Adem\u00e1s, la campa\u00f1a de concientizaci\u00f3n ciudadana cuenta con un programa de #Puntos Verdes, contenedores ubicados en distintos puntos de la ciudad, destinados a desechos secos y limpios.<\/p>\n\n\n\n<p>Los puntos verdes\u00a0<br><br>Delegaci\u00f3n Municipal Progreso (Ant\u00e1rtida Argentina y Arabarco)<br>Delegaci\u00f3n Agricultura Urbana (Reconquista 678)<br>Edificio Municipal (Mitre 461 1\u00b0Piso)<br>Vecinal B\u00b0 14 de octubre (Elias R. Troitinio 2710)<br>Alto Comahue Shopping (Dr. Ram\u00f3n 355)<br>Fuente: https:\/\/www.neuquenalinstante.com.ar\/noticias\/2021\/07\/01\/86920-ya-funciona-separap-el-programa-de-separacion-de-residuos<\/p>\n","protected":false},"excerpt":{"rendered":"","protected":false},"author":6,"featured_media":73202,"comment_status":"open","ping_status":"open","sticky":false,"template":"","format":"standard","meta":{"site-sidebar-layout":"default","site-content-layout":"","ast-site-content-layout":"default","site-content-style":"default","site-sidebar-style":"default","ast-global-header-display":"","ast-banner-title-visibility":"","ast-main-header-display":"","ast-hfb-above-header-display":"","ast-hfb-below-header-display":"","ast-hfb-mobile-header-display":"","site-post-title":"","ast-breadcrumbs-content":"","ast-featured-img":"","footer-sml-layout":"","ast-disable-related-posts":"","theme-transparent-header-meta":"","adv-header-id-meta":"","stick-header-meta":"","header-above-stick-meta":"","header-main-stick-meta":"","header-below-stick-meta":"","astra-migrate-meta-layouts":"default","ast-page-background-enabled":"default","ast-page-background-meta":{"desktop":{"background-color":"var(--ast-global-color-5)","background-image":"","background-repeat":"repeat","background-position":"center center","background-size":"auto","background-attachment":"scroll","background-type":"","background-media":"","overlay-type":"","overlay-color":"","overlay-opacity":"","overlay-gradient":""},"tablet":{"background-color":"","background-image":"","background-repeat":"repeat","background-position":"center center","background-size":"auto","background-attachment":"scroll","background-type":"","background-media":"","overlay-type":"","overlay-color":"","overlay-opacity":"","overlay-gradient":""},"mobile":{"background-color":"","background-image":"","background-repeat":"repeat","background-position":"center center","background-size":"auto","background-attachment":"scroll","background-type":"","background-media":"","overlay-type":"","overlay-color":"","overlay-opacity":"","overlay-gradient":""}},"ast-content-background-meta":{"desktop":{"background-color":"var(--ast-global-color-4)","background-image":"","background-repeat":"repeat","background-position":"center center","background-size":"auto","background-attachment":"scroll","background-type":"","background-media":"","overlay-type":"","overlay-color":"","overlay-opacity":"","overlay-gradient":""},"tablet":{"background-color":"var(--ast-global-color-4)","background-image":"","background-repeat":"repeat","background-position":"center center","background-size":"auto","background-attachment":"scroll","background-type":"","background-media":"","overlay-type":"","overlay-color":"","overlay-opacity":"","overlay-gradient":""},"mobile":{"background-color":"var(--ast-global-color-4)","background-image":"","background-repeat":"repeat","background-position":"center center","background-size":"auto","background-attachment":"scroll","background-type":"","background-media":"","overlay-type":"","overlay-color":"","overlay-opacity":"","overlay-gradient":""}},"footnotes":""},"categories":[3357,16,1],"tags":[],"class_list":["post-73201","post","type-post","status-publish","format-standard","has-post-thumbnail","hentry","category-girsu","category-municipales","category-noticias"],"yoast_head":"<!-- This site is optimized with the Yoast SEO Premium plugin v23.0 (Yoast SEO v27.5) - https:\/\/yoast.com\/product\/yoast-seo-premium-wordpress\/ -->\n<title>Ya funciona #SepaRap, el programa de separaci\u00f3n de residuos en la ciudad de Neuqu\u00e9n<\/title>\n<meta name=\"robots\" content=\"index, follow, max-snippet:-1, max-image-preview:large, max-video-preview:-1\" \/>\n<link rel=\"canonical\" href=\"https:\/\/patagoniambiental.com.ar\/info\/ya-funciona-separap-el-programa-de-separacion-de-residuos-en-la-ciudad-de-neuquen\/\" \/>\n<meta property=\"og:locale\" content=\"es_ES\" \/>\n<meta property=\"og:type\" content=\"article\" \/>\n<meta property=\"og:title\" content=\"Ya funciona #SepaRap, el programa de separaci\u00f3n de residuos en la ciudad de Neuqu\u00e9n\" \/>\n<meta property=\"og:url\" content=\"https:\/\/patagoniambiental.com.ar\/info\/ya-funciona-separap-el-programa-de-separacion-de-residuos-en-la-ciudad-de-neuquen\/\" \/>\n<meta property=\"og:site_name\" content=\"Patagonia Ambiental\" \/>\n<meta property=\"article:publisher\" content=\"https:\/\/www.facebook.com\/patagonia.ambiental\" \/>\n<meta property=\"article:published_time\" content=\"2021-07-03T10:00:00+00:00\" \/>\n<meta property=\"og:image\" content=\"https:\/\/patagoniambiental.com.ar\/info\/wp-content\/uploads\/2021\/07\/20160226095422b8fd7211e5247891e4d4f0562418868a_med.jpg\" \/>\n\t<meta property=\"og:image:width\" content=\"652\" \/>\n\t<meta property=\"og:image:height\" content=\"366\" \/>\n\t<meta property=\"og:image:type\" content=\"image\/jpeg\" \/>\n<meta name=\"author\" content=\"BRAIAN ESTEVEZ\" \/>\n<meta name=\"twitter:card\" content=\"summary_large_image\" \/>\n<meta name=\"twitter:creator\" content=\"@PatAmb\" \/>\n<meta name=\"twitter:site\" content=\"@PatAmb\" \/>\n<script type=\"application\/ld+json\" class=\"yoast-schema-graph\">{\"@context\":\"https:\\\/\\\/schema.org\",\"@graph\":[{\"@type\":\"Article\",\"@id\":\"https:\\\/\\\/patagoniambiental.com.ar\\\/info\\\/ya-funciona-separap-el-programa-de-separacion-de-residuos-en-la-ciudad-de-neuquen\\\/#article\",\"isPartOf\":{\"@id\":\"https:\\\/\\\/patagoniambiental.com.ar\\\/info\\\/ya-funciona-separap-el-programa-de-separacion-de-residuos-en-la-ciudad-de-neuquen\\\/\"},\"author\":{\"name\":\"BRAIAN ESTEVEZ\",\"@id\":\"https:\\\/\\\/patagoniambiental.com.ar\\\/info\\\/#\\\/schema\\\/person\\\/e5af09d700b2e82cb10c6b8800e0c691\"},\"headline\":\"Ya funciona #SepaRap, el programa de separaci\u00f3n de residuos en la ciudad de Neuqu\u00e9n\",\"datePublished\":\"2021-07-03T10:00:00+00:00\",\"mainEntityOfPage\":{\"@id\":\"https:\\\/\\\/patagoniambiental.com.ar\\\/info\\\/ya-funciona-separap-el-programa-de-separacion-de-residuos-en-la-ciudad-de-neuquen\\\/\"},\"wordCount\":736,\"commentCount\":0,\"publisher\":{\"@id\":\"https:\\\/\\\/patagoniambiental.com.ar\\\/info\\\/#organization\"},\"image\":{\"@id\":\"https:\\\/\\\/patagoniambiental.com.ar\\\/info\\\/ya-funciona-separap-el-programa-de-separacion-de-residuos-en-la-ciudad-de-neuquen\\\/#primaryimage\"},\"thumbnailUrl\":\"https:\\\/\\\/patagoniambiental.com.ar\\\/info\\\/wp-content\\\/uploads\\\/2021\\\/07\\\/20160226095422b8fd7211e5247891e4d4f0562418868a_med.jpg\",\"articleSection\":[\"GIRSU\",\"Municipales\",\"Noticias\"],\"inLanguage\":\"es\",\"potentialAction\":[{\"@type\":\"CommentAction\",\"name\":\"Comment\",\"target\":[\"https:\\\/\\\/patagoniambiental.com.ar\\\/info\\\/ya-funciona-separap-el-programa-de-separacion-de-residuos-en-la-ciudad-de-neuquen\\\/#respond\"]}]},{\"@type\":\"WebPage\",\"@id\":\"https:\\\/\\\/patagoniambiental.com.ar\\\/info\\\/ya-funciona-separap-el-programa-de-separacion-de-residuos-en-la-ciudad-de-neuquen\\\/\",\"url\":\"https:\\\/\\\/patagoniambiental.com.ar\\\/info\\\/ya-funciona-separap-el-programa-de-separacion-de-residuos-en-la-ciudad-de-neuquen\\\/\",\"name\":\"Ya funciona #SepaRap, el programa de separaci\u00f3n de residuos en la ciudad de Neuqu\u00e9n\",\"isPartOf\":{\"@id\":\"https:\\\/\\\/patagoniambiental.com.ar\\\/info\\\/#website\"},\"primaryImageOfPage\":{\"@id\":\"https:\\\/\\\/patagoniambiental.com.ar\\\/info\\\/ya-funciona-separap-el-programa-de-separacion-de-residuos-en-la-ciudad-de-neuquen\\\/#primaryimage\"},\"image\":{\"@id\":\"https:\\\/\\\/patagoniambiental.com.ar\\\/info\\\/ya-funciona-separap-el-programa-de-separacion-de-residuos-en-la-ciudad-de-neuquen\\\/#primaryimage\"},\"thumbnailUrl\":\"https:\\\/\\\/patagoniambiental.com.ar\\\/info\\\/wp-content\\\/uploads\\\/2021\\\/07\\\/20160226095422b8fd7211e5247891e4d4f0562418868a_med.jpg\",\"datePublished\":\"2021-07-03T10:00:00+00:00\",\"breadcrumb\":{\"@id\":\"https:\\\/\\\/patagoniambiental.com.ar\\\/info\\\/ya-funciona-separap-el-programa-de-separacion-de-residuos-en-la-ciudad-de-neuquen\\\/#breadcrumb\"},\"inLanguage\":\"es\",\"potentialAction\":[{\"@type\":\"ReadAction\",\"target\":[\"https:\\\/\\\/patagoniambiental.com.ar\\\/info\\\/ya-funciona-separap-el-programa-de-separacion-de-residuos-en-la-ciudad-de-neuquen\\\/\"]}]},{\"@type\":\"ImageObject\",\"inLanguage\":\"es\",\"@id\":\"https:\\\/\\\/patagoniambiental.com.ar\\\/info\\\/ya-funciona-separap-el-programa-de-separacion-de-residuos-en-la-ciudad-de-neuquen\\\/#primaryimage\",\"url\":\"https:\\\/\\\/patagoniambiental.com.ar\\\/info\\\/wp-content\\\/uploads\\\/2021\\\/07\\\/20160226095422b8fd7211e5247891e4d4f0562418868a_med.jpg\",\"contentUrl\":\"https:\\\/\\\/patagoniambiental.com.ar\\\/info\\\/wp-content\\\/uploads\\\/2021\\\/07\\\/20160226095422b8fd7211e5247891e4d4f0562418868a_med.jpg\",\"width\":652,\"height\":366},{\"@type\":\"BreadcrumbList\",\"@id\":\"https:\\\/\\\/patagoniambiental.com.ar\\\/info\\\/ya-funciona-separap-el-programa-de-separacion-de-residuos-en-la-ciudad-de-neuquen\\\/#breadcrumb\",\"itemListElement\":[{\"@type\":\"ListItem\",\"position\":1,\"name\":\"Inicio\",\"item\":\"https:\\\/\\\/patagoniambiental.com.ar\\\/info\\\/\"},{\"@type\":\"ListItem\",\"position\":2,\"name\":\"Ya funciona #SepaRap, el programa de separaci\u00f3n de residuos en la ciudad de Neuqu\u00e9n\"}]},{\"@type\":\"WebSite\",\"@id\":\"https:\\\/\\\/patagoniambiental.com.ar\\\/info\\\/#website\",\"url\":\"https:\\\/\\\/patagoniambiental.com.ar\\\/info\\\/\",\"name\":\"Patagonia Ambiental\",\"description\":\"Monitoreo y an\u00e1lisis de la situaci\u00f3n geopol\u00edtica en el mundo y su implicancia en la Patagonia\",\"publisher\":{\"@id\":\"https:\\\/\\\/patagoniambiental.com.ar\\\/info\\\/#organization\"},\"potentialAction\":[{\"@type\":\"SearchAction\",\"target\":{\"@type\":\"EntryPoint\",\"urlTemplate\":\"https:\\\/\\\/patagoniambiental.com.ar\\\/info\\\/?s={search_term_string}\"},\"query-input\":{\"@type\":\"PropertyValueSpecification\",\"valueRequired\":true,\"valueName\":\"search_term_string\"}}],\"inLanguage\":\"es\"},{\"@type\":\"Organization\",\"@id\":\"https:\\\/\\\/patagoniambiental.com.ar\\\/info\\\/#organization\",\"name\":\"Patagonia Ambiental\",\"url\":\"https:\\\/\\\/patagoniambiental.com.ar\\\/info\\\/\",\"logo\":{\"@type\":\"ImageObject\",\"inLanguage\":\"es\",\"@id\":\"https:\\\/\\\/patagoniambiental.com.ar\\\/info\\\/#\\\/schema\\\/logo\\\/image\\\/\",\"url\":\"https:\\\/\\\/patagoniambiental.com.ar\\\/info\\\/wp-content\\\/uploads\\\/2025\\\/05\\\/LOGO-PATAGONIA-AMBIENTAL.png\",\"contentUrl\":\"https:\\\/\\\/patagoniambiental.com.ar\\\/info\\\/wp-content\\\/uploads\\\/2025\\\/05\\\/LOGO-PATAGONIA-AMBIENTAL.png\",\"width\":433,\"height\":250,\"caption\":\"Patagonia Ambiental\"},\"image\":{\"@id\":\"https:\\\/\\\/patagoniambiental.com.ar\\\/info\\\/#\\\/schema\\\/logo\\\/image\\\/\"},\"sameAs\":[\"https:\\\/\\\/www.facebook.com\\\/patagonia.ambiental\",\"https:\\\/\\\/x.com\\\/PatAmb\"]},{\"@type\":\"Person\",\"@id\":\"https:\\\/\\\/patagoniambiental.com.ar\\\/info\\\/#\\\/schema\\\/person\\\/e5af09d700b2e82cb10c6b8800e0c691\",\"name\":\"BRAIAN ESTEVEZ\",\"sameAs\":[\"http:\\\/\\\/www.patagoniambiental.com.ar\"]}]}<\/script>\n<!-- \/ Yoast SEO Premium plugin. -->","yoast_head_json":{"title":"Ya funciona #SepaRap, el programa de separaci\u00f3n de residuos en la ciudad de Neuqu\u00e9n","robots":{"index":"index","follow":"follow","max-snippet":"max-snippet:-1","max-image-preview":"max-image-preview:large","max-video-preview":"max-video-preview:-1"},"canonical":"https:\/\/patagoniambiental.com.ar\/info\/ya-funciona-separap-el-programa-de-separacion-de-residuos-en-la-ciudad-de-neuquen\/","og_locale":"es_ES","og_type":"article","og_title":"Ya funciona #SepaRap, el programa de separaci\u00f3n de residuos en la ciudad de Neuqu\u00e9n","og_url":"https:\/\/patagoniambiental.com.ar\/info\/ya-funciona-separap-el-programa-de-separacion-de-residuos-en-la-ciudad-de-neuquen\/","og_site_name":"Patagonia Ambiental","article_publisher":"https:\/\/www.facebook.com\/patagonia.ambiental","article_published_time":"2021-07-03T10:00:00+00:00","og_image":[{"width":652,"height":366,"url":"https:\/\/patagoniambiental.com.ar\/info\/wp-content\/uploads\/2021\/07\/20160226095422b8fd7211e5247891e4d4f0562418868a_med.jpg","type":"image\/jpeg"}],"author":"BRAIAN ESTEVEZ","twitter_card":"summary_large_image","twitter_creator":"@PatAmb","twitter_site":"@PatAmb","schema":{"@context":"https:\/\/schema.org","@graph":[{"@type":"Article","@id":"https:\/\/patagoniambiental.com.ar\/info\/ya-funciona-separap-el-programa-de-separacion-de-residuos-en-la-ciudad-de-neuquen\/#article","isPartOf":{"@id":"https:\/\/patagoniambiental.com.ar\/info\/ya-funciona-separap-el-programa-de-separacion-de-residuos-en-la-ciudad-de-neuquen\/"},"author":{"name":"BRAIAN ESTEVEZ","@id":"https:\/\/patagoniambiental.com.ar\/info\/#\/schema\/person\/e5af09d700b2e82cb10c6b8800e0c691"},"headline":"Ya funciona #SepaRap, el programa de separaci\u00f3n de residuos en la ciudad de Neuqu\u00e9n","datePublished":"2021-07-03T10:00:00+00:00","mainEntityOfPage":{"@id":"https:\/\/patagoniambiental.com.ar\/info\/ya-funciona-separap-el-programa-de-separacion-de-residuos-en-la-ciudad-de-neuquen\/"},"wordCount":736,"commentCount":0,"publisher":{"@id":"https:\/\/patagoniambiental.com.ar\/info\/#organization"},"image":{"@id":"https:\/\/patagoniambiental.com.ar\/info\/ya-funciona-separap-el-programa-de-separacion-de-residuos-en-la-ciudad-de-neuquen\/#primaryimage"},"thumbnailUrl":"https:\/\/patagoniambiental.com.ar\/info\/wp-content\/uploads\/2021\/07\/20160226095422b8fd7211e5247891e4d4f0562418868a_med.jpg","articleSection":["GIRSU","Municipales","Noticias"],"inLanguage":"es","potentialAction":[{"@type":"CommentAction","name":"Comment","target":["https:\/\/patagoniambiental.com.ar\/info\/ya-funciona-separap-el-programa-de-separacion-de-residuos-en-la-ciudad-de-neuquen\/#respond"]}]},{"@type":"WebPage","@id":"https:\/\/patagoniambiental.com.ar\/info\/ya-funciona-separap-el-programa-de-separacion-de-residuos-en-la-ciudad-de-neuquen\/","url":"https:\/\/patagoniambiental.com.ar\/info\/ya-funciona-separap-el-programa-de-separacion-de-residuos-en-la-ciudad-de-neuquen\/","name":"Ya funciona #SepaRap, el programa de separaci\u00f3n de residuos en la ciudad de Neuqu\u00e9n","isPartOf":{"@id":"https:\/\/patagoniambiental.com.ar\/info\/#website"},"primaryImageOfPage":{"@id":"https:\/\/patagoniambiental.com.ar\/info\/ya-funciona-separap-el-programa-de-separacion-de-residuos-en-la-ciudad-de-neuquen\/#primaryimage"},"image":{"@id":"https:\/\/patagoniambiental.com.ar\/info\/ya-funciona-separap-el-programa-de-separacion-de-residuos-en-la-ciudad-de-neuquen\/#primaryimage"},"thumbnailUrl":"https:\/\/patagoniambiental.com.ar\/info\/wp-content\/uploads\/2021\/07\/20160226095422b8fd7211e5247891e4d4f0562418868a_med.jpg","datePublished":"2021-07-03T10:00:00+00:00","breadcrumb":{"@id":"https:\/\/patagoniambiental.com.ar\/info\/ya-funciona-separap-el-programa-de-separacion-de-residuos-en-la-ciudad-de-neuquen\/#breadcrumb"},"inLanguage":"es","potentialAction":[{"@type":"ReadAction","target":["https:\/\/patagoniambiental.com.ar\/info\/ya-funciona-separap-el-programa-de-separacion-de-residuos-en-la-ciudad-de-neuquen\/"]}]},{"@type":"ImageObject","inLanguage":"es","@id":"https:\/\/patagoniambiental.com.ar\/info\/ya-funciona-separap-el-programa-de-separacion-de-residuos-en-la-ciudad-de-neuquen\/#primaryimage","url":"https:\/\/patagoniambiental.com.ar\/info\/wp-content\/uploads\/2021\/07\/20160226095422b8fd7211e5247891e4d4f0562418868a_med.jpg","contentUrl":"https:\/\/patagoniambiental.com.ar\/info\/wp-content\/uploads\/2021\/07\/20160226095422b8fd7211e5247891e4d4f0562418868a_med.jpg","width":652,"height":366},{"@type":"BreadcrumbList","@id":"https:\/\/patagoniambiental.com.ar\/info\/ya-funciona-separap-el-programa-de-separacion-de-residuos-en-la-ciudad-de-neuquen\/#breadcrumb","itemListElement":[{"@type":"ListItem","position":1,"name":"Inicio","item":"https:\/\/patagoniambiental.com.ar\/info\/"},{"@type":"ListItem","position":2,"name":"Ya funciona #SepaRap, el programa de separaci\u00f3n de residuos en la ciudad de Neuqu\u00e9n"}]},{"@type":"WebSite","@id":"https:\/\/patagoniambiental.com.ar\/info\/#website","url":"https:\/\/patagoniambiental.com.ar\/info\/","name":"Patagonia Ambiental","description":"Monitoreo y an\u00e1lisis de la situaci\u00f3n geopol\u00edtica en el mundo y su implicancia en la Patagonia","publisher":{"@id":"https:\/\/patagoniambiental.com.ar\/info\/#organization"},"potentialAction":[{"@type":"SearchAction","target":{"@type":"EntryPoint","urlTemplate":"https:\/\/patagoniambiental.com.ar\/info\/?s={search_term_string}"},"query-input":{"@type":"PropertyValueSpecification","valueRequired":true,"valueName":"search_term_string"}}],"inLanguage":"es"},{"@type":"Organization","@id":"https:\/\/patagoniambiental.com.ar\/info\/#organization","name":"Patagonia Ambiental","url":"https:\/\/patagoniambiental.com.ar\/info\/","logo":{"@type":"ImageObject","inLanguage":"es","@id":"https:\/\/patagoniambiental.com.ar\/info\/#\/schema\/logo\/image\/","url":"https:\/\/patagoniambiental.com.ar\/info\/wp-content\/uploads\/2025\/05\/LOGO-PATAGONIA-AMBIENTAL.png","contentUrl":"https:\/\/patagoniambiental.com.ar\/info\/wp-content\/uploads\/2025\/05\/LOGO-PATAGONIA-AMBIENTAL.png","width":433,"height":250,"caption":"Patagonia Ambiental"},"image":{"@id":"https:\/\/patagoniambiental.com.ar\/info\/#\/schema\/logo\/image\/"},"sameAs":["https:\/\/www.facebook.com\/patagonia.ambiental","https:\/\/x.com\/PatAmb"]},{"@type":"Person","@id":"https:\/\/patagoniambiental.com.ar\/info\/#\/schema\/person\/e5af09d700b2e82cb10c6b8800e0c691","name":"BRAIAN ESTEVEZ","sameAs":["http:\/\/www.patagoniambiental.com.ar"]}]}},"_links":{"self":[{"href":"https:\/\/patagoniambiental.com.ar\/info\/wp-json\/wp\/v2\/posts\/73201","targetHints":{"allow":["GET"]}}],"collection":[{"href":"https:\/\/patagoniambiental.com.ar\/info\/wp-json\/wp\/v2\/posts"}],"about":[{"href":"https:\/\/patagoniambiental.com.ar\/info\/wp-json\/wp\/v2\/types\/post"}],"author":[{"embeddable":true,"href":"https:\/\/patagoniambiental.com.ar\/info\/wp-json\/wp\/v2\/users\/6"}],"replies":[{"embeddable":true,"href":"https:\/\/patagoniambiental.com.ar\/info\/wp-json\/wp\/v2\/comments?post=73201"}],"version-history":[{"count":0,"href":"https:\/\/patagoniambiental.com.ar\/info\/wp-json\/wp\/v2\/posts\/73201\/revisions"}],"wp:featuredmedia":[{"embeddable":true,"href":"https:\/\/patagoniambiental.com.ar\/info\/wp-json\/wp\/v2\/media\/73202"}],"wp:attachment":[{"href":"https:\/\/patagoniambiental.com.ar\/info\/wp-json\/wp\/v2\/media?parent=73201"}],"wp:term":[{"taxonomy":"category","embeddable":true,"href":"https:\/\/patagoniambiental.com.ar\/info\/wp-json\/wp\/v2\/categories?post=73201"},{"taxonomy":"post_tag","embeddable":true,"href":"https:\/\/patagoniambiental.com.ar\/info\/wp-json\/wp\/v2\/tags?post=73201"}],"curies":[{"name":"wp","href":"https:\/\/api.w.org\/{rel}","templated":true}]}}