{"id":73230,"date":"2021-07-05T19:13:11","date_gmt":"2021-07-05T22:13:11","guid":{"rendered":"http:\/\/patagoniambiental.com.ar\/info\/?p=73230"},"modified":"2021-07-05T19:13:14","modified_gmt":"2021-07-05T22:13:14","slug":"hidrogeno-verde-en-rio-negro-en-busca-de-menos-emisiones-de-gases-de-efecto-invernadero-y-mas-energias-limpias","status":"publish","type":"post","link":"https:\/\/patagoniambiental.com.ar\/info\/hidrogeno-verde-en-rio-negro-en-busca-de-menos-emisiones-de-gases-de-efecto-invernadero-y-mas-energias-limpias\/","title":{"rendered":"Hidr\u00f3geno Verde en Rio Negro: en busca de menos emisiones de gases de efecto invernadero y m\u00e1s energ\u00edas limpias"},"content":{"rendered":"\n<!--more-->\n\n\n\n<p>La Fundaci\u00f3n Bariloche (FB) que est\u00e1 en el coraz\u00f3n del programa Hidr\u00f3geno Verde del Gobierno de R\u00edo Negro, dio el puntapi\u00e9 inicial con la metodolog\u00eda para el Inventario de gases de efecto invernadero de la Provincia, y har\u00e1 un relevamiento de energ\u00edas alternativas en su territorio. Con la combinaci\u00f3n de estos conocimientos R\u00edo Negro marcha en busca de un futuro m\u00e1s sustentable.<\/p>\n\n\n\n<p>En ese contexto, el presidente de la FB, Nicol\u00e1s Di Sbraiovacca,&nbsp; explic\u00f3 que la entidad fue convocada por la Provincia para participar de las capacitaciones del programa Hidr\u00f3geno Verde y \u201cbrindar desde una mirada amplia y macro cu\u00e1l podr\u00eda ser la inserci\u00f3n de un vector como el hidr\u00f3geno dentro de la matriz energ\u00e9tica\u201d.<\/p>\n\n\n\n<p>Destac\u00f3 que R\u00edo Negro \u201ces una de las pocas provincias en el pa\u00eds\u201d en contar con el Inventario de emisiones de gases de efecto invernadero, al que defini\u00f3 como \u201cuna fotograf\u00eda de la cantidad de metano, di\u00f3xido de carbono y di\u00f3xido nitroso, principalmente, que emiten las actividades humanas\u201d.<\/p>\n\n\n\n<p>\u201cEste registro se toma del consumo de combustibles en la industria, el comercio, transporte, uso residencial o el manejo de la tierra y disposici\u00f3n de residuos, y la FB entreg\u00f3 a la Provincia la metodolog\u00eda para calcular y hacer el Inventario. La idea es que R\u00edo Negro contin\u00fae actualizando el Inventario e identifique las actividades en las que intervenir para morigerar las emisiones\u201d, agreg\u00f3.<\/p>\n\n\n\n<p>Di Sbraiovacca tiene un amplio recorrido cient\u00edfico como ingeniero en Petr\u00f3leo y capacitaciones en Italia en Econom\u00eda y Energ\u00eda, y Econom\u00eda del Medio Ambiente, y su asesor\u00eda a R\u00edo Negro aporta enfoques interdisciplinarios para \u201ctender puentes en el dise\u00f1o de pol\u00edticas p\u00fablicas\u201d en estas materias.<\/p>\n\n\n\n<p>En ese sentido aport\u00f3 y puso en marcha un proyecto de la Provincia, financiado por el CFI, para el trabajo complementario del registro de gases contaminantes, que apunta a variar la matriz energ\u00e9tica de la provincia disminuyendo esa generaci\u00f3n de efecto invernadero e incrementando el uso de energ\u00edas alternativas.<\/p>\n\n\n\n<p>Este proyecto que reci\u00e9n comienza es coordinado por el ingeniero Ignacio Sagardoy, quien explic\u00f3 que buscan \u201cidentificar los recursos renovables de la Provincia en toda su extensi\u00f3n, del mar a la cordillera\u201d.<\/p>\n\n\n\n<p>\u201cSe trata de recursos h\u00eddricos, de biomasa, solares, e\u00f3licos y otros, que ser\u00e1n identificados en forma geogr\u00e1fica, para hacer an\u00e1lisis de costos y alternativas tecnol\u00f3gicas, para que la Provincia tenga un panorama con mejores opciones para sus pol\u00edticas de desarrollo de energ\u00edas renovables y reducir las emisiones de gases de efecto invernadero\u201d, explic\u00f3 Sagardoy.<\/p>\n\n\n\n<p>Dijo que R\u00edo Negro cuenta con \u201cuna&nbsp; gran extensi\u00f3n y un potencial enorme, con recursos muy buenos en la zona de la meseta, adem\u00e1s de h\u00eddricos en otros lados, algunos ya explotados pero otros sin aprovechar\u201d.<\/p>\n\n\n\n<p>Agreg\u00f3 que en particular ir\u00e1n en busca de identificar recursos \u201cpara proyectos a m\u00e1s baja escala, no tanto en grandes parques e\u00f3licos o represas, sino m\u00e1s puntuales para encarar en donde est\u00e1n las comunidades y las demandas energ\u00e9ticas, para multiplicar su impacto positivo\u201d.<\/p>\n\n\n\n<p>\u201cEl hidr\u00f3geno es muy importante a futuro, porque las energ\u00edas alternativas son intermitentes, en algunos momentos se pueden generar con energ\u00eda e\u00f3lica o solar, pero cuando no se producen hay que encontrar forma de generar energ\u00eda para abastecer la demanda. All\u00ed el hidr\u00f3geno permite almacenar esa energ\u00eda y luego consumirla en forma sostenible, porque al usarla s\u00f3lo genera vapor de agua y electricidad, sin emisi\u00f3n de gases de efecto invernadero\u201d, explic\u00f3.<\/p>\n\n\n\n<p>Fuente: Gobierno de Rio Negro<\/p>\n","protected":false},"excerpt":{"rendered":"","protected":false},"author":6,"featured_media":73231,"comment_status":"open","ping_status":"open","sticky":false,"template":"","format":"standard","meta":{"site-sidebar-layout":"default","site-content-layout":"","ast-site-content-layout":"default","site-content-style":"default","site-sidebar-style":"default","ast-global-header-display":"","ast-banner-title-visibility":"","ast-main-header-display":"","ast-hfb-above-header-display":"","ast-hfb-below-header-display":"","ast-hfb-mobile-header-display":"","site-post-title":"","ast-breadcrumbs-content":"","ast-featured-img":"","footer-sml-layout":"","ast-disable-related-posts":"","theme-transparent-header-meta":"","adv-header-id-meta":"","stick-header-meta":"","header-above-stick-meta":"","header-main-stick-meta":"","header-below-stick-meta":"","astra-migrate-meta-layouts":"default","ast-page-background-enabled":"default","ast-page-background-meta":{"desktop":{"background-color":"var(--ast-global-color-5)","background-image":"","background-repeat":"repeat","background-position":"center center","background-size":"auto","background-attachment":"scroll","background-type":"","background-media":"","overlay-type":"","overlay-color":"","overlay-opacity":"","overlay-gradient":""},"tablet":{"background-color":"","background-image":"","background-repeat":"repeat","background-position":"center center","background-size":"auto","background-attachment":"scroll","background-type":"","background-media":"","overlay-type":"","overlay-color":"","overlay-opacity":"","overlay-gradient":""},"mobile":{"background-color":"","background-image":"","background-repeat":"repeat","background-position":"center center","background-size":"auto","background-attachment":"scroll","background-type":"","background-media":"","overlay-type":"","overlay-color":"","overlay-opacity":"","overlay-gradient":""}},"ast-content-background-meta":{"desktop":{"background-color":"var(--ast-global-color-4)","background-image":"","background-repeat":"repeat","background-position":"center center","background-size":"auto","background-attachment":"scroll","background-type":"","background-media":"","overlay-type":"","overlay-color":"","overlay-opacity":"","overlay-gradient":""},"tablet":{"background-color":"var(--ast-global-color-4)","background-image":"","background-repeat":"repeat","background-position":"center center","background-size":"auto","background-attachment":"scroll","background-type":"","background-media":"","overlay-type":"","overlay-color":"","overlay-opacity":"","overlay-gradient":""},"mobile":{"background-color":"var(--ast-global-color-4)","background-image":"","background-repeat":"repeat","background-position":"center center","background-size":"auto","background-attachment":"scroll","background-type":"","background-media":"","overlay-type":"","overlay-color":"","overlay-opacity":"","overlay-gradient":""}},"footnotes":""},"categories":[1,13,14],"tags":[],"class_list":["post-73230","post","type-post","status-publish","format-standard","has-post-thumbnail","hentry","category-noticias","category-provinciales","category-rio-negro"],"yoast_head":"<!-- This site is optimized with the Yoast SEO Premium plugin v23.0 (Yoast SEO v27.5) - https:\/\/yoast.com\/product\/yoast-seo-premium-wordpress\/ -->\n<title>Hidr\u00f3geno Verde en Rio Negro: en busca de menos emisiones de gases de efecto invernadero y m\u00e1s energ\u00edas limpias<\/title>\n<meta name=\"robots\" content=\"index, follow, max-snippet:-1, max-image-preview:large, max-video-preview:-1\" \/>\n<link rel=\"canonical\" href=\"https:\/\/patagoniambiental.com.ar\/info\/hidrogeno-verde-en-rio-negro-en-busca-de-menos-emisiones-de-gases-de-efecto-invernadero-y-mas-energias-limpias\/\" \/>\n<meta property=\"og:locale\" content=\"es_ES\" \/>\n<meta property=\"og:type\" content=\"article\" \/>\n<meta property=\"og:title\" content=\"Hidr\u00f3geno Verde en Rio Negro: en busca de menos emisiones de gases de efecto invernadero y m\u00e1s energ\u00edas limpias\" \/>\n<meta property=\"og:url\" content=\"https:\/\/patagoniambiental.com.ar\/info\/hidrogeno-verde-en-rio-negro-en-busca-de-menos-emisiones-de-gases-de-efecto-invernadero-y-mas-energias-limpias\/\" \/>\n<meta property=\"og:site_name\" content=\"Patagonia Ambiental\" \/>\n<meta property=\"article:publisher\" content=\"https:\/\/www.facebook.com\/patagonia.ambiental\" \/>\n<meta property=\"article:published_time\" content=\"2021-07-05T22:13:11+00:00\" \/>\n<meta property=\"article:modified_time\" content=\"2021-07-05T22:13:14+00:00\" \/>\n<meta property=\"og:image\" content=\"https:\/\/patagoniambiental.com.ar\/info\/wp-content\/uploads\/2021\/07\/00058369.jpg\" \/>\n\t<meta property=\"og:image:width\" content=\"462\" \/>\n\t<meta property=\"og:image:height\" content=\"308\" \/>\n\t<meta property=\"og:image:type\" content=\"image\/jpeg\" \/>\n<meta name=\"author\" content=\"BRAIAN ESTEVEZ\" \/>\n<meta name=\"twitter:card\" content=\"summary_large_image\" \/>\n<meta name=\"twitter:creator\" content=\"@PatAmb\" \/>\n<meta name=\"twitter:site\" content=\"@PatAmb\" \/>\n<script type=\"application\/ld+json\" class=\"yoast-schema-graph\">{\"@context\":\"https:\\\/\\\/schema.org\",\"@graph\":[{\"@type\":\"Article\",\"@id\":\"https:\\\/\\\/patagoniambiental.com.ar\\\/info\\\/hidrogeno-verde-en-rio-negro-en-busca-de-menos-emisiones-de-gases-de-efecto-invernadero-y-mas-energias-limpias\\\/#article\",\"isPartOf\":{\"@id\":\"https:\\\/\\\/patagoniambiental.com.ar\\\/info\\\/hidrogeno-verde-en-rio-negro-en-busca-de-menos-emisiones-de-gases-de-efecto-invernadero-y-mas-energias-limpias\\\/\"},\"author\":{\"name\":\"BRAIAN ESTEVEZ\",\"@id\":\"https:\\\/\\\/patagoniambiental.com.ar\\\/info\\\/#\\\/schema\\\/person\\\/e5af09d700b2e82cb10c6b8800e0c691\"},\"headline\":\"Hidr\u00f3geno Verde en Rio Negro: en busca de menos emisiones de gases de efecto invernadero y m\u00e1s energ\u00edas limpias\",\"datePublished\":\"2021-07-05T22:13:11+00:00\",\"dateModified\":\"2021-07-05T22:13:14+00:00\",\"mainEntityOfPage\":{\"@id\":\"https:\\\/\\\/patagoniambiental.com.ar\\\/info\\\/hidrogeno-verde-en-rio-negro-en-busca-de-menos-emisiones-de-gases-de-efecto-invernadero-y-mas-energias-limpias\\\/\"},\"wordCount\":653,\"commentCount\":0,\"publisher\":{\"@id\":\"https:\\\/\\\/patagoniambiental.com.ar\\\/info\\\/#organization\"},\"image\":{\"@id\":\"https:\\\/\\\/patagoniambiental.com.ar\\\/info\\\/hidrogeno-verde-en-rio-negro-en-busca-de-menos-emisiones-de-gases-de-efecto-invernadero-y-mas-energias-limpias\\\/#primaryimage\"},\"thumbnailUrl\":\"https:\\\/\\\/patagoniambiental.com.ar\\\/info\\\/wp-content\\\/uploads\\\/2021\\\/07\\\/00058369.jpg\",\"articleSection\":[\"Noticias\",\"Provinciales\",\"R\u00edo Negro\"],\"inLanguage\":\"es\",\"potentialAction\":[{\"@type\":\"CommentAction\",\"name\":\"Comment\",\"target\":[\"https:\\\/\\\/patagoniambiental.com.ar\\\/info\\\/hidrogeno-verde-en-rio-negro-en-busca-de-menos-emisiones-de-gases-de-efecto-invernadero-y-mas-energias-limpias\\\/#respond\"]}]},{\"@type\":\"WebPage\",\"@id\":\"https:\\\/\\\/patagoniambiental.com.ar\\\/info\\\/hidrogeno-verde-en-rio-negro-en-busca-de-menos-emisiones-de-gases-de-efecto-invernadero-y-mas-energias-limpias\\\/\",\"url\":\"https:\\\/\\\/patagoniambiental.com.ar\\\/info\\\/hidrogeno-verde-en-rio-negro-en-busca-de-menos-emisiones-de-gases-de-efecto-invernadero-y-mas-energias-limpias\\\/\",\"name\":\"Hidr\u00f3geno Verde en Rio Negro: en busca de menos emisiones de gases de efecto invernadero y m\u00e1s energ\u00edas limpias\",\"isPartOf\":{\"@id\":\"https:\\\/\\\/patagoniambiental.com.ar\\\/info\\\/#website\"},\"primaryImageOfPage\":{\"@id\":\"https:\\\/\\\/patagoniambiental.com.ar\\\/info\\\/hidrogeno-verde-en-rio-negro-en-busca-de-menos-emisiones-de-gases-de-efecto-invernadero-y-mas-energias-limpias\\\/#primaryimage\"},\"image\":{\"@id\":\"https:\\\/\\\/patagoniambiental.com.ar\\\/info\\\/hidrogeno-verde-en-rio-negro-en-busca-de-menos-emisiones-de-gases-de-efecto-invernadero-y-mas-energias-limpias\\\/#primaryimage\"},\"thumbnailUrl\":\"https:\\\/\\\/patagoniambiental.com.ar\\\/info\\\/wp-content\\\/uploads\\\/2021\\\/07\\\/00058369.jpg\",\"datePublished\":\"2021-07-05T22:13:11+00:00\",\"dateModified\":\"2021-07-05T22:13:14+00:00\",\"breadcrumb\":{\"@id\":\"https:\\\/\\\/patagoniambiental.com.ar\\\/info\\\/hidrogeno-verde-en-rio-negro-en-busca-de-menos-emisiones-de-gases-de-efecto-invernadero-y-mas-energias-limpias\\\/#breadcrumb\"},\"inLanguage\":\"es\",\"potentialAction\":[{\"@type\":\"ReadAction\",\"target\":[\"https:\\\/\\\/patagoniambiental.com.ar\\\/info\\\/hidrogeno-verde-en-rio-negro-en-busca-de-menos-emisiones-de-gases-de-efecto-invernadero-y-mas-energias-limpias\\\/\"]}]},{\"@type\":\"ImageObject\",\"inLanguage\":\"es\",\"@id\":\"https:\\\/\\\/patagoniambiental.com.ar\\\/info\\\/hidrogeno-verde-en-rio-negro-en-busca-de-menos-emisiones-de-gases-de-efecto-invernadero-y-mas-energias-limpias\\\/#primaryimage\",\"url\":\"https:\\\/\\\/patagoniambiental.com.ar\\\/info\\\/wp-content\\\/uploads\\\/2021\\\/07\\\/00058369.jpg\",\"contentUrl\":\"https:\\\/\\\/patagoniambiental.com.ar\\\/info\\\/wp-content\\\/uploads\\\/2021\\\/07\\\/00058369.jpg\",\"width\":462,\"height\":308},{\"@type\":\"BreadcrumbList\",\"@id\":\"https:\\\/\\\/patagoniambiental.com.ar\\\/info\\\/hidrogeno-verde-en-rio-negro-en-busca-de-menos-emisiones-de-gases-de-efecto-invernadero-y-mas-energias-limpias\\\/#breadcrumb\",\"itemListElement\":[{\"@type\":\"ListItem\",\"position\":1,\"name\":\"Inicio\",\"item\":\"https:\\\/\\\/patagoniambiental.com.ar\\\/info\\\/\"},{\"@type\":\"ListItem\",\"position\":2,\"name\":\"Hidr\u00f3geno Verde en Rio Negro: en busca de menos emisiones de gases de efecto invernadero y m\u00e1s energ\u00edas limpias\"}]},{\"@type\":\"WebSite\",\"@id\":\"https:\\\/\\\/patagoniambiental.com.ar\\\/info\\\/#website\",\"url\":\"https:\\\/\\\/patagoniambiental.com.ar\\\/info\\\/\",\"name\":\"Patagonia Ambiental\",\"description\":\"Monitoreo y an\u00e1lisis de la situaci\u00f3n geopol\u00edtica en el mundo y su implicancia en la Patagonia\",\"publisher\":{\"@id\":\"https:\\\/\\\/patagoniambiental.com.ar\\\/info\\\/#organization\"},\"potentialAction\":[{\"@type\":\"SearchAction\",\"target\":{\"@type\":\"EntryPoint\",\"urlTemplate\":\"https:\\\/\\\/patagoniambiental.com.ar\\\/info\\\/?s={search_term_string}\"},\"query-input\":{\"@type\":\"PropertyValueSpecification\",\"valueRequired\":true,\"valueName\":\"search_term_string\"}}],\"inLanguage\":\"es\"},{\"@type\":\"Organization\",\"@id\":\"https:\\\/\\\/patagoniambiental.com.ar\\\/info\\\/#organization\",\"name\":\"Patagonia Ambiental\",\"url\":\"https:\\\/\\\/patagoniambiental.com.ar\\\/info\\\/\",\"logo\":{\"@type\":\"ImageObject\",\"inLanguage\":\"es\",\"@id\":\"https:\\\/\\\/patagoniambiental.com.ar\\\/info\\\/#\\\/schema\\\/logo\\\/image\\\/\",\"url\":\"https:\\\/\\\/patagoniambiental.com.ar\\\/info\\\/wp-content\\\/uploads\\\/2025\\\/05\\\/LOGO-PATAGONIA-AMBIENTAL.png\",\"contentUrl\":\"https:\\\/\\\/patagoniambiental.com.ar\\\/info\\\/wp-content\\\/uploads\\\/2025\\\/05\\\/LOGO-PATAGONIA-AMBIENTAL.png\",\"width\":433,\"height\":250,\"caption\":\"Patagonia Ambiental\"},\"image\":{\"@id\":\"https:\\\/\\\/patagoniambiental.com.ar\\\/info\\\/#\\\/schema\\\/logo\\\/image\\\/\"},\"sameAs\":[\"https:\\\/\\\/www.facebook.com\\\/patagonia.ambiental\",\"https:\\\/\\\/x.com\\\/PatAmb\"]},{\"@type\":\"Person\",\"@id\":\"https:\\\/\\\/patagoniambiental.com.ar\\\/info\\\/#\\\/schema\\\/person\\\/e5af09d700b2e82cb10c6b8800e0c691\",\"name\":\"BRAIAN ESTEVEZ\",\"sameAs\":[\"http:\\\/\\\/www.patagoniambiental.com.ar\"]}]}<\/script>\n<!-- \/ Yoast SEO Premium plugin. -->","yoast_head_json":{"title":"Hidr\u00f3geno Verde en Rio Negro: en busca de menos emisiones de gases de efecto invernadero y m\u00e1s energ\u00edas limpias","robots":{"index":"index","follow":"follow","max-snippet":"max-snippet:-1","max-image-preview":"max-image-preview:large","max-video-preview":"max-video-preview:-1"},"canonical":"https:\/\/patagoniambiental.com.ar\/info\/hidrogeno-verde-en-rio-negro-en-busca-de-menos-emisiones-de-gases-de-efecto-invernadero-y-mas-energias-limpias\/","og_locale":"es_ES","og_type":"article","og_title":"Hidr\u00f3geno Verde en Rio Negro: en busca de menos emisiones de gases de efecto invernadero y m\u00e1s energ\u00edas limpias","og_url":"https:\/\/patagoniambiental.com.ar\/info\/hidrogeno-verde-en-rio-negro-en-busca-de-menos-emisiones-de-gases-de-efecto-invernadero-y-mas-energias-limpias\/","og_site_name":"Patagonia Ambiental","article_publisher":"https:\/\/www.facebook.com\/patagonia.ambiental","article_published_time":"2021-07-05T22:13:11+00:00","article_modified_time":"2021-07-05T22:13:14+00:00","og_image":[{"width":462,"height":308,"url":"https:\/\/patagoniambiental.com.ar\/info\/wp-content\/uploads\/2021\/07\/00058369.jpg","type":"image\/jpeg"}],"author":"BRAIAN ESTEVEZ","twitter_card":"summary_large_image","twitter_creator":"@PatAmb","twitter_site":"@PatAmb","schema":{"@context":"https:\/\/schema.org","@graph":[{"@type":"Article","@id":"https:\/\/patagoniambiental.com.ar\/info\/hidrogeno-verde-en-rio-negro-en-busca-de-menos-emisiones-de-gases-de-efecto-invernadero-y-mas-energias-limpias\/#article","isPartOf":{"@id":"https:\/\/patagoniambiental.com.ar\/info\/hidrogeno-verde-en-rio-negro-en-busca-de-menos-emisiones-de-gases-de-efecto-invernadero-y-mas-energias-limpias\/"},"author":{"name":"BRAIAN ESTEVEZ","@id":"https:\/\/patagoniambiental.com.ar\/info\/#\/schema\/person\/e5af09d700b2e82cb10c6b8800e0c691"},"headline":"Hidr\u00f3geno Verde en Rio Negro: en busca de menos emisiones de gases de efecto invernadero y m\u00e1s energ\u00edas limpias","datePublished":"2021-07-05T22:13:11+00:00","dateModified":"2021-07-05T22:13:14+00:00","mainEntityOfPage":{"@id":"https:\/\/patagoniambiental.com.ar\/info\/hidrogeno-verde-en-rio-negro-en-busca-de-menos-emisiones-de-gases-de-efecto-invernadero-y-mas-energias-limpias\/"},"wordCount":653,"commentCount":0,"publisher":{"@id":"https:\/\/patagoniambiental.com.ar\/info\/#organization"},"image":{"@id":"https:\/\/patagoniambiental.com.ar\/info\/hidrogeno-verde-en-rio-negro-en-busca-de-menos-emisiones-de-gases-de-efecto-invernadero-y-mas-energias-limpias\/#primaryimage"},"thumbnailUrl":"https:\/\/patagoniambiental.com.ar\/info\/wp-content\/uploads\/2021\/07\/00058369.jpg","articleSection":["Noticias","Provinciales","R\u00edo Negro"],"inLanguage":"es","potentialAction":[{"@type":"CommentAction","name":"Comment","target":["https:\/\/patagoniambiental.com.ar\/info\/hidrogeno-verde-en-rio-negro-en-busca-de-menos-emisiones-de-gases-de-efecto-invernadero-y-mas-energias-limpias\/#respond"]}]},{"@type":"WebPage","@id":"https:\/\/patagoniambiental.com.ar\/info\/hidrogeno-verde-en-rio-negro-en-busca-de-menos-emisiones-de-gases-de-efecto-invernadero-y-mas-energias-limpias\/","url":"https:\/\/patagoniambiental.com.ar\/info\/hidrogeno-verde-en-rio-negro-en-busca-de-menos-emisiones-de-gases-de-efecto-invernadero-y-mas-energias-limpias\/","name":"Hidr\u00f3geno Verde en Rio Negro: en busca de menos emisiones de gases de efecto invernadero y m\u00e1s energ\u00edas limpias","isPartOf":{"@id":"https:\/\/patagoniambiental.com.ar\/info\/#website"},"primaryImageOfPage":{"@id":"https:\/\/patagoniambiental.com.ar\/info\/hidrogeno-verde-en-rio-negro-en-busca-de-menos-emisiones-de-gases-de-efecto-invernadero-y-mas-energias-limpias\/#primaryimage"},"image":{"@id":"https:\/\/patagoniambiental.com.ar\/info\/hidrogeno-verde-en-rio-negro-en-busca-de-menos-emisiones-de-gases-de-efecto-invernadero-y-mas-energias-limpias\/#primaryimage"},"thumbnailUrl":"https:\/\/patagoniambiental.com.ar\/info\/wp-content\/uploads\/2021\/07\/00058369.jpg","datePublished":"2021-07-05T22:13:11+00:00","dateModified":"2021-07-05T22:13:14+00:00","breadcrumb":{"@id":"https:\/\/patagoniambiental.com.ar\/info\/hidrogeno-verde-en-rio-negro-en-busca-de-menos-emisiones-de-gases-de-efecto-invernadero-y-mas-energias-limpias\/#breadcrumb"},"inLanguage":"es","potentialAction":[{"@type":"ReadAction","target":["https:\/\/patagoniambiental.com.ar\/info\/hidrogeno-verde-en-rio-negro-en-busca-de-menos-emisiones-de-gases-de-efecto-invernadero-y-mas-energias-limpias\/"]}]},{"@type":"ImageObject","inLanguage":"es","@id":"https:\/\/patagoniambiental.com.ar\/info\/hidrogeno-verde-en-rio-negro-en-busca-de-menos-emisiones-de-gases-de-efecto-invernadero-y-mas-energias-limpias\/#primaryimage","url":"https:\/\/patagoniambiental.com.ar\/info\/wp-content\/uploads\/2021\/07\/00058369.jpg","contentUrl":"https:\/\/patagoniambiental.com.ar\/info\/wp-content\/uploads\/2021\/07\/00058369.jpg","width":462,"height":308},{"@type":"BreadcrumbList","@id":"https:\/\/patagoniambiental.com.ar\/info\/hidrogeno-verde-en-rio-negro-en-busca-de-menos-emisiones-de-gases-de-efecto-invernadero-y-mas-energias-limpias\/#breadcrumb","itemListElement":[{"@type":"ListItem","position":1,"name":"Inicio","item":"https:\/\/patagoniambiental.com.ar\/info\/"},{"@type":"ListItem","position":2,"name":"Hidr\u00f3geno Verde en Rio Negro: en busca de menos emisiones de gases de efecto invernadero y m\u00e1s energ\u00edas limpias"}]},{"@type":"WebSite","@id":"https:\/\/patagoniambiental.com.ar\/info\/#website","url":"https:\/\/patagoniambiental.com.ar\/info\/","name":"Patagonia Ambiental","description":"Monitoreo y an\u00e1lisis de la situaci\u00f3n geopol\u00edtica en el mundo y su implicancia en la Patagonia","publisher":{"@id":"https:\/\/patagoniambiental.com.ar\/info\/#organization"},"potentialAction":[{"@type":"SearchAction","target":{"@type":"EntryPoint","urlTemplate":"https:\/\/patagoniambiental.com.ar\/info\/?s={search_term_string}"},"query-input":{"@type":"PropertyValueSpecification","valueRequired":true,"valueName":"search_term_string"}}],"inLanguage":"es"},{"@type":"Organization","@id":"https:\/\/patagoniambiental.com.ar\/info\/#organization","name":"Patagonia Ambiental","url":"https:\/\/patagoniambiental.com.ar\/info\/","logo":{"@type":"ImageObject","inLanguage":"es","@id":"https:\/\/patagoniambiental.com.ar\/info\/#\/schema\/logo\/image\/","url":"https:\/\/patagoniambiental.com.ar\/info\/wp-content\/uploads\/2025\/05\/LOGO-PATAGONIA-AMBIENTAL.png","contentUrl":"https:\/\/patagoniambiental.com.ar\/info\/wp-content\/uploads\/2025\/05\/LOGO-PATAGONIA-AMBIENTAL.png","width":433,"height":250,"caption":"Patagonia Ambiental"},"image":{"@id":"https:\/\/patagoniambiental.com.ar\/info\/#\/schema\/logo\/image\/"},"sameAs":["https:\/\/www.facebook.com\/patagonia.ambiental","https:\/\/x.com\/PatAmb"]},{"@type":"Person","@id":"https:\/\/patagoniambiental.com.ar\/info\/#\/schema\/person\/e5af09d700b2e82cb10c6b8800e0c691","name":"BRAIAN ESTEVEZ","sameAs":["http:\/\/www.patagoniambiental.com.ar"]}]}},"_links":{"self":[{"href":"https:\/\/patagoniambiental.com.ar\/info\/wp-json\/wp\/v2\/posts\/73230","targetHints":{"allow":["GET"]}}],"collection":[{"href":"https:\/\/patagoniambiental.com.ar\/info\/wp-json\/wp\/v2\/posts"}],"about":[{"href":"https:\/\/patagoniambiental.com.ar\/info\/wp-json\/wp\/v2\/types\/post"}],"author":[{"embeddable":true,"href":"https:\/\/patagoniambiental.com.ar\/info\/wp-json\/wp\/v2\/users\/6"}],"replies":[{"embeddable":true,"href":"https:\/\/patagoniambiental.com.ar\/info\/wp-json\/wp\/v2\/comments?post=73230"}],"version-history":[{"count":0,"href":"https:\/\/patagoniambiental.com.ar\/info\/wp-json\/wp\/v2\/posts\/73230\/revisions"}],"wp:featuredmedia":[{"embeddable":true,"href":"https:\/\/patagoniambiental.com.ar\/info\/wp-json\/wp\/v2\/media\/73231"}],"wp:attachment":[{"href":"https:\/\/patagoniambiental.com.ar\/info\/wp-json\/wp\/v2\/media?parent=73230"}],"wp:term":[{"taxonomy":"category","embeddable":true,"href":"https:\/\/patagoniambiental.com.ar\/info\/wp-json\/wp\/v2\/categories?post=73230"},{"taxonomy":"post_tag","embeddable":true,"href":"https:\/\/patagoniambiental.com.ar\/info\/wp-json\/wp\/v2\/tags?post=73230"}],"curies":[{"name":"wp","href":"https:\/\/api.w.org\/{rel}","templated":true}]}}