{"id":73236,"date":"2021-07-06T07:00:00","date_gmt":"2021-07-06T10:00:00","guid":{"rendered":"http:\/\/patagoniambiental.com.ar\/info\/?p=73236"},"modified":"2021-07-05T19:20:40","modified_gmt":"2021-07-05T22:20:40","slug":"necesitas-vacaciones-necesitas-rio-negro-todas-las-propuestas-de-la-provincia-para-este-invierno","status":"publish","type":"post","link":"https:\/\/patagoniambiental.com.ar\/info\/necesitas-vacaciones-necesitas-rio-negro-todas-las-propuestas-de-la-provincia-para-este-invierno\/","title":{"rendered":"Necesit\u00e1s vacaciones, necesit\u00e1s R\u00edo Negro: todas las propuestas de la provincia para este invierno"},"content":{"rendered":"\n<!--more-->\n\n\n\n<figure class=\"wp-block-table\"><table><tbody><tr><td>Desde la cordillera al mar, R\u00edo Negro tiene una amplia gama de propuestas para disfrutar la temporada invernal, ajust\u00e1ndose a los protocolos sanitarios. Las actividades en contacto con la naturaleza se encuentran entre las m\u00e1s elegidas para disfrutar en familia o con amigos. Nieve, avistajes, buceo, turismo rural y un circuito de bodegas completan un repertorio tan variado como imperdible.<strong>Deporte y diversi\u00f3n en la nieve<\/strong>&nbsp;El pr\u00f3ximo 9 de julio se abrir\u00e1n los principales centros de esqu\u00ed de la provincia en la regi\u00f3n cordillerana. Se trata del Cerro Catedral en Bariloche y el Cerro Perito Moreno en El Bols\u00f3n, que ofrecen m\u00faltiples opciones para disfrutar de la nieve y experimentar jornadas inolvidables.Con m\u00e1s de 120 kil\u00f3metros de pistas y alrededor de 30 medios de elevaci\u00f3n, el Cerro Catedral es una de las mejores opciones tanto para esquiadores profesionales, como para quienes desean dar sus primeros pasos en el mundo del esqu\u00ed. Adem\u00e1s se pueden realizar actividades de aventura como tours en motos de nieve, traves\u00edas en raquetas por el bosque, o pasear en trineos que se deslizan a toda velocidad por las pendientes.Las imponentes vistas y la excelencia hotelera y gastron\u00f3mica son ineludibles y destacan a Bariloche, la joya rionegrina posicionada entre los principales destinos invernales del pa\u00eds y sudam\u00e9rica.Por otra parte, en El Bols\u00f3n el Cerro Perito Moreno se prepara para recibir un invierno con actividades para toda la familia que van desde caminatas en raquetas y esqu\u00ed de traves\u00eda, hasta clases de esqu\u00ed y snowboard en grupo o individuales para todas las edades y niveles. Tambi\u00e9n cuenta con diferentes espacios gastron\u00f3micos donde deleitarse despu\u00e9s de una tarde en la nieve.&nbsp;<strong>Costa Atl\u00e1ntica: Buceo, fauna marina y un cielo de aves<\/strong>&nbsp;Junto a la llegada del invierno, comienzan a arribar al Golfo los primeros ejemplares de Ballena Franca Austral, una especie considerada patrimonio natural que a\u00f1o a a\u00f1o cobra mayor presencia en las costas rionegrinas. Las salidas embarcadas para apreciarlas, junto a otras especies que habitan la regi\u00f3n, son una gran opci\u00f3n para quienes deseen contemplar en su totalidad los encantos de playa fuera de la temporada estival.El Golfo San Mat\u00edas tambi\u00e9n ofrece la posibilidad de explorar la naturaleza submarina a trav\u00e9s del buceo, con bautismos para principiantes y propuestas para buzos experimentados que incluyen traves\u00edas por los arrecifes artificiales que fueron creados en el Parque Submarino Las Grutas. Tambi\u00e9n se puede visitar la cava submarina, que cuenta con centenares de vinos rionegrinos sumergidos en el lecho marino.La Ruta Provincial 1 abre a su paso vistas espectaculares y conecta a la Capital rionegrina, una ciudad hist\u00f3rica de la Patagonia cargada de circuitos religiosos y edificios emblem\u00e1ticos, con \u00e1reas naturales protegidas cercanas.A 30 kil\u00f3metros de Viedma, El C\u00f3ndor resguarda 200 fascinantes especies de aves de la regi\u00f3n y se impone en el cielo la colonia de loros barranqueros m\u00e1s grande del mundo. Siguiendo esta ruta esc\u00e9nica se arriba a La Lober\u00eda, un balneario resguardado por altos acantilados y luego a Punta Bermeja, un \u00c1rea Natural Protegida que alberga de forma permanente a m\u00e1s de 4000 ejemplares de lobos marinos de un pelo.&nbsp;<br><strong>Los valles y los Caminos del Vino de R\u00edo Negro<\/strong>&nbsp;Los Caminos del Vino se convierten en una propuesta encantadora para los visitantes que deseen tener una experiencia de sabores en contacto con la naturaleza y con la historia que guardan los vi\u00f1edos casi centenarios que crecen en el territorio rionegrino.Las 12 bodegas que conforman este atractivo proponen visitas guiadas, as\u00ed como tambi\u00e9n ofrecen la posibilidad de comprar y degustar los m\u00e1s variados vinos y saborear platos regionales. Adem\u00e1s se pueden conocer las chacras de producci\u00f3n de frutales,conocer el proceso productivo y disfrutar los sabores de una amplia variedad de vinos.<br><br><br>&nbsp;<strong>Desconexi\u00f3n y tranquilidad en la Estepa<\/strong>&nbsp;Con el auge de las actividades al aire libre, los destinos de la Estepa rionegrina se convirtieron en una opci\u00f3n ideal para realizar Turismo Rural: una propuesta pensada para viajeros responsables que deseen vivir experiencias aut\u00e9nticas en contacto con la naturaleza y la calidez de los pobladores locales.Cabalgatas, un buen cordero patag\u00f3nico y circuitos guiados por la inmensidad de la estepa son parte de la propuesta de estos establecimientos y localidades peque\u00f1as, en franco crecimiento y con un entorno deslumbrante.<br><br>&nbsp;<strong>Requisitos para ingresar a la provincia<\/strong>&nbsp;Quienes deseen ingresar a R\u00edo Negro por medios de transporte p\u00fablico, tanto a\u00e9reos como terrestres, deber\u00e1n presentar un test o PCR negativo de COVID-19 realizado en la ciudad de origen. No deber\u00e1n cumplir con este requisito quienes viajen en veh\u00edculos particulares ni quienes est\u00e9n en la provincia y deseen visitar un destino dentro de la misma jurisdicci\u00f3n.En todos los casos, se solicitar\u00e1 el permiso de la aplicaci\u00f3n Circulaci\u00f3n RN o tramitado a trav\u00e9s del sitio https:\/\/circulacion.rionegro.gov.ar\/<\/td><\/tr><\/tbody><\/table><\/figure>\n\n\n\n<figure class=\"wp-block-table\"><table><tbody><tr><td><a href=\"https:\/\/www.rionegro.gov.ar\/?contID=69997\" target=\"_blank\" rel=\"noreferrer noopener\">VER NOTA COMPLETA \u00bb<\/a>GOBIERNO DE R\u00cdO NEGROSecretar\u00eda de Comunicaci\u00f3n<a href=\"https:\/\/www.facebook.com\/rionegrogob\/\" target=\"_blank\" rel=\"noreferrer noopener\">Facebook<\/a><a href=\"https:\/\/twitter.com\/rionegrogob\" target=\"_blank\" rel=\"noreferrer noopener\">Twitter<\/a><a href=\"https:\/\/www.youtube.com\/channel\/UC6H8uadKTor1vy2y1EMqmLg\" target=\"_blank\" rel=\"noreferrer noopener\">Youtube<\/a><a href=\"https:\/\/www.flickr.com\/photos\/comunicacionrionegro\" target=\"_blank\" rel=\"noreferrer noopener\">Flickr<\/a>Laprida 212, Viedma, R.N.<br>comunicacionrionegro@gmail.com+54 02920 425700 \/ Interno 217<\/td><\/tr><\/tbody><\/table><\/figure>\n","protected":false},"excerpt":{"rendered":"","protected":false},"author":6,"featured_media":73238,"comment_status":"open","ping_status":"open","sticky":false,"template":"","format":"standard","meta":{"site-sidebar-layout":"default","site-content-layout":"","ast-site-content-layout":"default","site-content-style":"default","site-sidebar-style":"default","ast-global-header-display":"","ast-banner-title-visibility":"","ast-main-header-display":"","ast-hfb-above-header-display":"","ast-hfb-below-header-display":"","ast-hfb-mobile-header-display":"","site-post-title":"","ast-breadcrumbs-content":"","ast-featured-img":"","footer-sml-layout":"","ast-disable-related-posts":"","theme-transparent-header-meta":"","adv-header-id-meta":"","stick-header-meta":"","header-above-stick-meta":"","header-main-stick-meta":"","header-below-stick-meta":"","astra-migrate-meta-layouts":"default","ast-page-background-enabled":"default","ast-page-background-meta":{"desktop":{"background-color":"var(--ast-global-color-5)","background-image":"","background-repeat":"repeat","background-position":"center center","background-size":"auto","background-attachment":"scroll","background-type":"","background-media":"","overlay-type":"","overlay-color":"","overlay-opacity":"","overlay-gradient":""},"tablet":{"background-color":"","background-image":"","background-repeat":"repeat","background-position":"center center","background-size":"auto","background-attachment":"scroll","background-type":"","background-media":"","overlay-type":"","overlay-color":"","overlay-opacity":"","overlay-gradient":""},"mobile":{"background-color":"","background-image":"","background-repeat":"repeat","background-position":"center center","background-size":"auto","background-attachment":"scroll","background-type":"","background-media":"","overlay-type":"","overlay-color":"","overlay-opacity":"","overlay-gradient":""}},"ast-content-background-meta":{"desktop":{"background-color":"var(--ast-global-color-4)","background-image":"","background-repeat":"repeat","background-position":"center center","background-size":"auto","background-attachment":"scroll","background-type":"","background-media":"","overlay-type":"","overlay-color":"","overlay-opacity":"","overlay-gradient":""},"tablet":{"background-color":"var(--ast-global-color-4)","background-image":"","background-repeat":"repeat","background-position":"center center","background-size":"auto","background-attachment":"scroll","background-type":"","background-media":"","overlay-type":"","overlay-color":"","overlay-opacity":"","overlay-gradient":""},"mobile":{"background-color":"var(--ast-global-color-4)","background-image":"","background-repeat":"repeat","background-position":"center center","background-size":"auto","background-attachment":"scroll","background-type":"","background-media":"","overlay-type":"","overlay-color":"","overlay-opacity":"","overlay-gradient":""}},"footnotes":""},"categories":[1,13,14],"tags":[],"class_list":["post-73236","post","type-post","status-publish","format-standard","has-post-thumbnail","hentry","category-noticias","category-provinciales","category-rio-negro"],"yoast_head":"<!-- This site is optimized with the Yoast SEO Premium plugin v23.0 (Yoast SEO v27.5) - https:\/\/yoast.com\/product\/yoast-seo-premium-wordpress\/ -->\n<title>Necesit\u00e1s vacaciones, necesit\u00e1s R\u00edo Negro: todas las propuestas de la provincia para este invierno<\/title>\n<meta name=\"robots\" content=\"index, follow, max-snippet:-1, max-image-preview:large, max-video-preview:-1\" \/>\n<link rel=\"canonical\" href=\"https:\/\/patagoniambiental.com.ar\/info\/necesitas-vacaciones-necesitas-rio-negro-todas-las-propuestas-de-la-provincia-para-este-invierno\/\" \/>\n<meta property=\"og:locale\" content=\"es_ES\" \/>\n<meta property=\"og:type\" content=\"article\" \/>\n<meta property=\"og:title\" content=\"Necesit\u00e1s vacaciones, necesit\u00e1s R\u00edo Negro: todas las propuestas de la provincia para este invierno\" \/>\n<meta property=\"og:url\" content=\"https:\/\/patagoniambiental.com.ar\/info\/necesitas-vacaciones-necesitas-rio-negro-todas-las-propuestas-de-la-provincia-para-este-invierno\/\" \/>\n<meta property=\"og:site_name\" content=\"Patagonia Ambiental\" \/>\n<meta property=\"article:publisher\" content=\"https:\/\/www.facebook.com\/patagonia.ambiental\" \/>\n<meta property=\"article:published_time\" content=\"2021-07-06T10:00:00+00:00\" \/>\n<meta property=\"og:image\" content=\"https:\/\/patagoniambiental.com.ar\/info\/wp-content\/uploads\/2021\/07\/00058364.jpg\" \/>\n\t<meta property=\"og:image:width\" content=\"462\" \/>\n\t<meta property=\"og:image:height\" content=\"308\" \/>\n\t<meta property=\"og:image:type\" content=\"image\/jpeg\" \/>\n<meta name=\"author\" content=\"BRAIAN ESTEVEZ\" \/>\n<meta name=\"twitter:card\" content=\"summary_large_image\" \/>\n<meta name=\"twitter:creator\" content=\"@PatAmb\" \/>\n<meta name=\"twitter:site\" content=\"@PatAmb\" \/>\n<script type=\"application\/ld+json\" class=\"yoast-schema-graph\">{\"@context\":\"https:\\\/\\\/schema.org\",\"@graph\":[{\"@type\":\"Article\",\"@id\":\"https:\\\/\\\/patagoniambiental.com.ar\\\/info\\\/necesitas-vacaciones-necesitas-rio-negro-todas-las-propuestas-de-la-provincia-para-este-invierno\\\/#article\",\"isPartOf\":{\"@id\":\"https:\\\/\\\/patagoniambiental.com.ar\\\/info\\\/necesitas-vacaciones-necesitas-rio-negro-todas-las-propuestas-de-la-provincia-para-este-invierno\\\/\"},\"author\":{\"name\":\"BRAIAN ESTEVEZ\",\"@id\":\"https:\\\/\\\/patagoniambiental.com.ar\\\/info\\\/#\\\/schema\\\/person\\\/e5af09d700b2e82cb10c6b8800e0c691\"},\"headline\":\"Necesit\u00e1s vacaciones, necesit\u00e1s R\u00edo Negro: todas las propuestas de la provincia para este invierno\",\"datePublished\":\"2021-07-06T10:00:00+00:00\",\"mainEntityOfPage\":{\"@id\":\"https:\\\/\\\/patagoniambiental.com.ar\\\/info\\\/necesitas-vacaciones-necesitas-rio-negro-todas-las-propuestas-de-la-provincia-para-este-invierno\\\/\"},\"wordCount\":899,\"commentCount\":0,\"publisher\":{\"@id\":\"https:\\\/\\\/patagoniambiental.com.ar\\\/info\\\/#organization\"},\"image\":{\"@id\":\"https:\\\/\\\/patagoniambiental.com.ar\\\/info\\\/necesitas-vacaciones-necesitas-rio-negro-todas-las-propuestas-de-la-provincia-para-este-invierno\\\/#primaryimage\"},\"thumbnailUrl\":\"https:\\\/\\\/patagoniambiental.com.ar\\\/info\\\/wp-content\\\/uploads\\\/2021\\\/07\\\/00058364.jpg\",\"articleSection\":[\"Noticias\",\"Provinciales\",\"R\u00edo Negro\"],\"inLanguage\":\"es\",\"potentialAction\":[{\"@type\":\"CommentAction\",\"name\":\"Comment\",\"target\":[\"https:\\\/\\\/patagoniambiental.com.ar\\\/info\\\/necesitas-vacaciones-necesitas-rio-negro-todas-las-propuestas-de-la-provincia-para-este-invierno\\\/#respond\"]}]},{\"@type\":\"WebPage\",\"@id\":\"https:\\\/\\\/patagoniambiental.com.ar\\\/info\\\/necesitas-vacaciones-necesitas-rio-negro-todas-las-propuestas-de-la-provincia-para-este-invierno\\\/\",\"url\":\"https:\\\/\\\/patagoniambiental.com.ar\\\/info\\\/necesitas-vacaciones-necesitas-rio-negro-todas-las-propuestas-de-la-provincia-para-este-invierno\\\/\",\"name\":\"Necesit\u00e1s vacaciones, necesit\u00e1s R\u00edo Negro: todas las propuestas de la provincia para este invierno\",\"isPartOf\":{\"@id\":\"https:\\\/\\\/patagoniambiental.com.ar\\\/info\\\/#website\"},\"primaryImageOfPage\":{\"@id\":\"https:\\\/\\\/patagoniambiental.com.ar\\\/info\\\/necesitas-vacaciones-necesitas-rio-negro-todas-las-propuestas-de-la-provincia-para-este-invierno\\\/#primaryimage\"},\"image\":{\"@id\":\"https:\\\/\\\/patagoniambiental.com.ar\\\/info\\\/necesitas-vacaciones-necesitas-rio-negro-todas-las-propuestas-de-la-provincia-para-este-invierno\\\/#primaryimage\"},\"thumbnailUrl\":\"https:\\\/\\\/patagoniambiental.com.ar\\\/info\\\/wp-content\\\/uploads\\\/2021\\\/07\\\/00058364.jpg\",\"datePublished\":\"2021-07-06T10:00:00+00:00\",\"breadcrumb\":{\"@id\":\"https:\\\/\\\/patagoniambiental.com.ar\\\/info\\\/necesitas-vacaciones-necesitas-rio-negro-todas-las-propuestas-de-la-provincia-para-este-invierno\\\/#breadcrumb\"},\"inLanguage\":\"es\",\"potentialAction\":[{\"@type\":\"ReadAction\",\"target\":[\"https:\\\/\\\/patagoniambiental.com.ar\\\/info\\\/necesitas-vacaciones-necesitas-rio-negro-todas-las-propuestas-de-la-provincia-para-este-invierno\\\/\"]}]},{\"@type\":\"ImageObject\",\"inLanguage\":\"es\",\"@id\":\"https:\\\/\\\/patagoniambiental.com.ar\\\/info\\\/necesitas-vacaciones-necesitas-rio-negro-todas-las-propuestas-de-la-provincia-para-este-invierno\\\/#primaryimage\",\"url\":\"https:\\\/\\\/patagoniambiental.com.ar\\\/info\\\/wp-content\\\/uploads\\\/2021\\\/07\\\/00058364.jpg\",\"contentUrl\":\"https:\\\/\\\/patagoniambiental.com.ar\\\/info\\\/wp-content\\\/uploads\\\/2021\\\/07\\\/00058364.jpg\",\"width\":462,\"height\":308},{\"@type\":\"BreadcrumbList\",\"@id\":\"https:\\\/\\\/patagoniambiental.com.ar\\\/info\\\/necesitas-vacaciones-necesitas-rio-negro-todas-las-propuestas-de-la-provincia-para-este-invierno\\\/#breadcrumb\",\"itemListElement\":[{\"@type\":\"ListItem\",\"position\":1,\"name\":\"Inicio\",\"item\":\"https:\\\/\\\/patagoniambiental.com.ar\\\/info\\\/\"},{\"@type\":\"ListItem\",\"position\":2,\"name\":\"Necesit\u00e1s vacaciones, necesit\u00e1s R\u00edo Negro: todas las propuestas de la provincia para este invierno\"}]},{\"@type\":\"WebSite\",\"@id\":\"https:\\\/\\\/patagoniambiental.com.ar\\\/info\\\/#website\",\"url\":\"https:\\\/\\\/patagoniambiental.com.ar\\\/info\\\/\",\"name\":\"Patagonia Ambiental\",\"description\":\"Monitoreo y an\u00e1lisis de la situaci\u00f3n geopol\u00edtica en el mundo y su implicancia en la Patagonia\",\"publisher\":{\"@id\":\"https:\\\/\\\/patagoniambiental.com.ar\\\/info\\\/#organization\"},\"potentialAction\":[{\"@type\":\"SearchAction\",\"target\":{\"@type\":\"EntryPoint\",\"urlTemplate\":\"https:\\\/\\\/patagoniambiental.com.ar\\\/info\\\/?s={search_term_string}\"},\"query-input\":{\"@type\":\"PropertyValueSpecification\",\"valueRequired\":true,\"valueName\":\"search_term_string\"}}],\"inLanguage\":\"es\"},{\"@type\":\"Organization\",\"@id\":\"https:\\\/\\\/patagoniambiental.com.ar\\\/info\\\/#organization\",\"name\":\"Patagonia Ambiental\",\"url\":\"https:\\\/\\\/patagoniambiental.com.ar\\\/info\\\/\",\"logo\":{\"@type\":\"ImageObject\",\"inLanguage\":\"es\",\"@id\":\"https:\\\/\\\/patagoniambiental.com.ar\\\/info\\\/#\\\/schema\\\/logo\\\/image\\\/\",\"url\":\"https:\\\/\\\/patagoniambiental.com.ar\\\/info\\\/wp-content\\\/uploads\\\/2025\\\/05\\\/LOGO-PATAGONIA-AMBIENTAL.png\",\"contentUrl\":\"https:\\\/\\\/patagoniambiental.com.ar\\\/info\\\/wp-content\\\/uploads\\\/2025\\\/05\\\/LOGO-PATAGONIA-AMBIENTAL.png\",\"width\":433,\"height\":250,\"caption\":\"Patagonia Ambiental\"},\"image\":{\"@id\":\"https:\\\/\\\/patagoniambiental.com.ar\\\/info\\\/#\\\/schema\\\/logo\\\/image\\\/\"},\"sameAs\":[\"https:\\\/\\\/www.facebook.com\\\/patagonia.ambiental\",\"https:\\\/\\\/x.com\\\/PatAmb\"]},{\"@type\":\"Person\",\"@id\":\"https:\\\/\\\/patagoniambiental.com.ar\\\/info\\\/#\\\/schema\\\/person\\\/e5af09d700b2e82cb10c6b8800e0c691\",\"name\":\"BRAIAN ESTEVEZ\",\"sameAs\":[\"http:\\\/\\\/www.patagoniambiental.com.ar\"]}]}<\/script>\n<!-- \/ Yoast SEO Premium plugin. -->","yoast_head_json":{"title":"Necesit\u00e1s vacaciones, necesit\u00e1s R\u00edo Negro: todas las propuestas de la provincia para este invierno","robots":{"index":"index","follow":"follow","max-snippet":"max-snippet:-1","max-image-preview":"max-image-preview:large","max-video-preview":"max-video-preview:-1"},"canonical":"https:\/\/patagoniambiental.com.ar\/info\/necesitas-vacaciones-necesitas-rio-negro-todas-las-propuestas-de-la-provincia-para-este-invierno\/","og_locale":"es_ES","og_type":"article","og_title":"Necesit\u00e1s vacaciones, necesit\u00e1s R\u00edo Negro: todas las propuestas de la provincia para este invierno","og_url":"https:\/\/patagoniambiental.com.ar\/info\/necesitas-vacaciones-necesitas-rio-negro-todas-las-propuestas-de-la-provincia-para-este-invierno\/","og_site_name":"Patagonia Ambiental","article_publisher":"https:\/\/www.facebook.com\/patagonia.ambiental","article_published_time":"2021-07-06T10:00:00+00:00","og_image":[{"width":462,"height":308,"url":"https:\/\/patagoniambiental.com.ar\/info\/wp-content\/uploads\/2021\/07\/00058364.jpg","type":"image\/jpeg"}],"author":"BRAIAN ESTEVEZ","twitter_card":"summary_large_image","twitter_creator":"@PatAmb","twitter_site":"@PatAmb","schema":{"@context":"https:\/\/schema.org","@graph":[{"@type":"Article","@id":"https:\/\/patagoniambiental.com.ar\/info\/necesitas-vacaciones-necesitas-rio-negro-todas-las-propuestas-de-la-provincia-para-este-invierno\/#article","isPartOf":{"@id":"https:\/\/patagoniambiental.com.ar\/info\/necesitas-vacaciones-necesitas-rio-negro-todas-las-propuestas-de-la-provincia-para-este-invierno\/"},"author":{"name":"BRAIAN ESTEVEZ","@id":"https:\/\/patagoniambiental.com.ar\/info\/#\/schema\/person\/e5af09d700b2e82cb10c6b8800e0c691"},"headline":"Necesit\u00e1s vacaciones, necesit\u00e1s R\u00edo Negro: todas las propuestas de la provincia para este invierno","datePublished":"2021-07-06T10:00:00+00:00","mainEntityOfPage":{"@id":"https:\/\/patagoniambiental.com.ar\/info\/necesitas-vacaciones-necesitas-rio-negro-todas-las-propuestas-de-la-provincia-para-este-invierno\/"},"wordCount":899,"commentCount":0,"publisher":{"@id":"https:\/\/patagoniambiental.com.ar\/info\/#organization"},"image":{"@id":"https:\/\/patagoniambiental.com.ar\/info\/necesitas-vacaciones-necesitas-rio-negro-todas-las-propuestas-de-la-provincia-para-este-invierno\/#primaryimage"},"thumbnailUrl":"https:\/\/patagoniambiental.com.ar\/info\/wp-content\/uploads\/2021\/07\/00058364.jpg","articleSection":["Noticias","Provinciales","R\u00edo Negro"],"inLanguage":"es","potentialAction":[{"@type":"CommentAction","name":"Comment","target":["https:\/\/patagoniambiental.com.ar\/info\/necesitas-vacaciones-necesitas-rio-negro-todas-las-propuestas-de-la-provincia-para-este-invierno\/#respond"]}]},{"@type":"WebPage","@id":"https:\/\/patagoniambiental.com.ar\/info\/necesitas-vacaciones-necesitas-rio-negro-todas-las-propuestas-de-la-provincia-para-este-invierno\/","url":"https:\/\/patagoniambiental.com.ar\/info\/necesitas-vacaciones-necesitas-rio-negro-todas-las-propuestas-de-la-provincia-para-este-invierno\/","name":"Necesit\u00e1s vacaciones, necesit\u00e1s R\u00edo Negro: todas las propuestas de la provincia para este invierno","isPartOf":{"@id":"https:\/\/patagoniambiental.com.ar\/info\/#website"},"primaryImageOfPage":{"@id":"https:\/\/patagoniambiental.com.ar\/info\/necesitas-vacaciones-necesitas-rio-negro-todas-las-propuestas-de-la-provincia-para-este-invierno\/#primaryimage"},"image":{"@id":"https:\/\/patagoniambiental.com.ar\/info\/necesitas-vacaciones-necesitas-rio-negro-todas-las-propuestas-de-la-provincia-para-este-invierno\/#primaryimage"},"thumbnailUrl":"https:\/\/patagoniambiental.com.ar\/info\/wp-content\/uploads\/2021\/07\/00058364.jpg","datePublished":"2021-07-06T10:00:00+00:00","breadcrumb":{"@id":"https:\/\/patagoniambiental.com.ar\/info\/necesitas-vacaciones-necesitas-rio-negro-todas-las-propuestas-de-la-provincia-para-este-invierno\/#breadcrumb"},"inLanguage":"es","potentialAction":[{"@type":"ReadAction","target":["https:\/\/patagoniambiental.com.ar\/info\/necesitas-vacaciones-necesitas-rio-negro-todas-las-propuestas-de-la-provincia-para-este-invierno\/"]}]},{"@type":"ImageObject","inLanguage":"es","@id":"https:\/\/patagoniambiental.com.ar\/info\/necesitas-vacaciones-necesitas-rio-negro-todas-las-propuestas-de-la-provincia-para-este-invierno\/#primaryimage","url":"https:\/\/patagoniambiental.com.ar\/info\/wp-content\/uploads\/2021\/07\/00058364.jpg","contentUrl":"https:\/\/patagoniambiental.com.ar\/info\/wp-content\/uploads\/2021\/07\/00058364.jpg","width":462,"height":308},{"@type":"BreadcrumbList","@id":"https:\/\/patagoniambiental.com.ar\/info\/necesitas-vacaciones-necesitas-rio-negro-todas-las-propuestas-de-la-provincia-para-este-invierno\/#breadcrumb","itemListElement":[{"@type":"ListItem","position":1,"name":"Inicio","item":"https:\/\/patagoniambiental.com.ar\/info\/"},{"@type":"ListItem","position":2,"name":"Necesit\u00e1s vacaciones, necesit\u00e1s R\u00edo Negro: todas las propuestas de la provincia para este invierno"}]},{"@type":"WebSite","@id":"https:\/\/patagoniambiental.com.ar\/info\/#website","url":"https:\/\/patagoniambiental.com.ar\/info\/","name":"Patagonia Ambiental","description":"Monitoreo y an\u00e1lisis de la situaci\u00f3n geopol\u00edtica en el mundo y su implicancia en la Patagonia","publisher":{"@id":"https:\/\/patagoniambiental.com.ar\/info\/#organization"},"potentialAction":[{"@type":"SearchAction","target":{"@type":"EntryPoint","urlTemplate":"https:\/\/patagoniambiental.com.ar\/info\/?s={search_term_string}"},"query-input":{"@type":"PropertyValueSpecification","valueRequired":true,"valueName":"search_term_string"}}],"inLanguage":"es"},{"@type":"Organization","@id":"https:\/\/patagoniambiental.com.ar\/info\/#organization","name":"Patagonia Ambiental","url":"https:\/\/patagoniambiental.com.ar\/info\/","logo":{"@type":"ImageObject","inLanguage":"es","@id":"https:\/\/patagoniambiental.com.ar\/info\/#\/schema\/logo\/image\/","url":"https:\/\/patagoniambiental.com.ar\/info\/wp-content\/uploads\/2025\/05\/LOGO-PATAGONIA-AMBIENTAL.png","contentUrl":"https:\/\/patagoniambiental.com.ar\/info\/wp-content\/uploads\/2025\/05\/LOGO-PATAGONIA-AMBIENTAL.png","width":433,"height":250,"caption":"Patagonia Ambiental"},"image":{"@id":"https:\/\/patagoniambiental.com.ar\/info\/#\/schema\/logo\/image\/"},"sameAs":["https:\/\/www.facebook.com\/patagonia.ambiental","https:\/\/x.com\/PatAmb"]},{"@type":"Person","@id":"https:\/\/patagoniambiental.com.ar\/info\/#\/schema\/person\/e5af09d700b2e82cb10c6b8800e0c691","name":"BRAIAN ESTEVEZ","sameAs":["http:\/\/www.patagoniambiental.com.ar"]}]}},"_links":{"self":[{"href":"https:\/\/patagoniambiental.com.ar\/info\/wp-json\/wp\/v2\/posts\/73236","targetHints":{"allow":["GET"]}}],"collection":[{"href":"https:\/\/patagoniambiental.com.ar\/info\/wp-json\/wp\/v2\/posts"}],"about":[{"href":"https:\/\/patagoniambiental.com.ar\/info\/wp-json\/wp\/v2\/types\/post"}],"author":[{"embeddable":true,"href":"https:\/\/patagoniambiental.com.ar\/info\/wp-json\/wp\/v2\/users\/6"}],"replies":[{"embeddable":true,"href":"https:\/\/patagoniambiental.com.ar\/info\/wp-json\/wp\/v2\/comments?post=73236"}],"version-history":[{"count":0,"href":"https:\/\/patagoniambiental.com.ar\/info\/wp-json\/wp\/v2\/posts\/73236\/revisions"}],"wp:featuredmedia":[{"embeddable":true,"href":"https:\/\/patagoniambiental.com.ar\/info\/wp-json\/wp\/v2\/media\/73238"}],"wp:attachment":[{"href":"https:\/\/patagoniambiental.com.ar\/info\/wp-json\/wp\/v2\/media?parent=73236"}],"wp:term":[{"taxonomy":"category","embeddable":true,"href":"https:\/\/patagoniambiental.com.ar\/info\/wp-json\/wp\/v2\/categories?post=73236"},{"taxonomy":"post_tag","embeddable":true,"href":"https:\/\/patagoniambiental.com.ar\/info\/wp-json\/wp\/v2\/tags?post=73236"}],"curies":[{"name":"wp","href":"https:\/\/api.w.org\/{rel}","templated":true}]}}