{"id":73239,"date":"2021-07-05T19:24:20","date_gmt":"2021-07-05T22:24:20","guid":{"rendered":"http:\/\/patagoniambiental.com.ar\/info\/?p=73239"},"modified":"2021-07-05T19:24:23","modified_gmt":"2021-07-05T22:24:23","slug":"bariloche-combatientes-del-splif-visitaron-a-los-pequenos-del-jardin-130","status":"publish","type":"post","link":"https:\/\/patagoniambiental.com.ar\/info\/bariloche-combatientes-del-splif-visitaron-a-los-pequenos-del-jardin-130\/","title":{"rendered":"Bariloche: combatientes del SPLIF visitaron a los peque\u00f1os del jard\u00edn 130"},"content":{"rendered":"\n<!--more-->\n\n\n\n<p>Bariloche.-Retomando las actividades escolares, el Servicio de Prevenci\u00f3n y Lucha contra Incendios Forestales (SPLIF), volvi\u00f3 a reestablecer el v\u00ednculo con instituciones escolares con el objetivo de dialogar con los ni\u00f1os y ni\u00f1as e informarlos, brindandoles herramientas para prevenir los incendios.<\/p>\n\n\n\n<p>Se trata de una actividad clave para cuidar el entorno, que ahora se desarrolla teniendo en cuenta todos los protocolos sanitarios para el resguardo de docentes y ni\u00f1os.<\/p>\n\n\n\n<p>Sobre la experiencia, la responsable del \u00e1rea de Comunicaci\u00f3n y Educaci\u00f3n en SPLIF, Graciela D&#8217; Inca, coment\u00f3 que \u201chace un tiempo comenzamos con una prueba piloto con jardines de infantes. Primero comenzamos trabajando con una cartilla de actividades junto a una docente de nivel inicial. Ahora con los protocolos y la autorizaci\u00f3n de Educaci\u00f3n pudimos ir y visitar a los chicos. La actividad la realizamos en el jard\u00edn 130 del barrio Nuestras Malvinas y esperamos en el mes de septiembre hacerlo en el jard\u00edn 32 del barrio Melipal\u201d.<\/p>\n\n\n\n<p>En cuanto al objetivo de la experiencia, explic\u00f3 que \u201cla idea es que es que los chicos trabajen la prevenci\u00f3n de los incendios forestales desde sus conocimientos y nosotros les expliquemos c\u00f3mo trabajamos, las actividades que realizamos y les respondemos todas sus preguntas. Tambi\u00e9n ellos nos cuentan las medidas que toman para prevenir los incendios y todo se trabaja en el aula con la docente Marisa\u201d.<\/p>\n\n\n\n<p>M\u00e1s adelante, agreg\u00f3 que \u201cluego de los encuentros les llevamos material did\u00e1ctico para que ellos tengan en el patio y que puedan jugar con elementos que tienen que ver con la interfase y la prevenci\u00f3n de los incendios\u201d.<\/p>\n\n\n\n<p>En cuanto a la devoluci\u00f3n que reciben los combatientes por parte de los peque\u00f1os, Graciela dijo que \u201cellos hablan de todo, les llama la atenci\u00f3n las herramientas que llevamos, desde la pala que es parecida a la que tienen en sus casas, tambi\u00e9n nos cuentan c\u00f3mo se calefaccionan en sus casas y d\u00f3nde tiran las cenizas. Nos preguntan qu\u00e9 pasa con los bosques despu\u00e9s de los incendios y tambi\u00e9n nos dicen que a veces los papas no apagan los fogones como corresponde\u201d.<\/p>\n\n\n\n<p>Por \u00faltimo, resalt\u00f3 que \u201cestas experiencias le quedan grabadas para toda la vida y despu\u00e9s son los propios chicos los que les ense\u00f1an a las familias\u201d.<\/p>\n\n\n\n<p>Fuente: Gobierno de Rio Negro<\/p>\n","protected":false},"excerpt":{"rendered":"","protected":false},"author":6,"featured_media":73240,"comment_status":"open","ping_status":"open","sticky":false,"template":"","format":"standard","meta":{"site-sidebar-layout":"default","site-content-layout":"","ast-site-content-layout":"default","site-content-style":"default","site-sidebar-style":"default","ast-global-header-display":"","ast-banner-title-visibility":"","ast-main-header-display":"","ast-hfb-above-header-display":"","ast-hfb-below-header-display":"","ast-hfb-mobile-header-display":"","site-post-title":"","ast-breadcrumbs-content":"","ast-featured-img":"","footer-sml-layout":"","ast-disable-related-posts":"","theme-transparent-header-meta":"","adv-header-id-meta":"","stick-header-meta":"","header-above-stick-meta":"","header-main-stick-meta":"","header-below-stick-meta":"","astra-migrate-meta-layouts":"default","ast-page-background-enabled":"default","ast-page-background-meta":{"desktop":{"background-color":"var(--ast-global-color-5)","background-image":"","background-repeat":"repeat","background-position":"center center","background-size":"auto","background-attachment":"scroll","background-type":"","background-media":"","overlay-type":"","overlay-color":"","overlay-opacity":"","overlay-gradient":""},"tablet":{"background-color":"","background-image":"","background-repeat":"repeat","background-position":"center center","background-size":"auto","background-attachment":"scroll","background-type":"","background-media":"","overlay-type":"","overlay-color":"","overlay-opacity":"","overlay-gradient":""},"mobile":{"background-color":"","background-image":"","background-repeat":"repeat","background-position":"center center","background-size":"auto","background-attachment":"scroll","background-type":"","background-media":"","overlay-type":"","overlay-color":"","overlay-opacity":"","overlay-gradient":""}},"ast-content-background-meta":{"desktop":{"background-color":"var(--ast-global-color-4)","background-image":"","background-repeat":"repeat","background-position":"center center","background-size":"auto","background-attachment":"scroll","background-type":"","background-media":"","overlay-type":"","overlay-color":"","overlay-opacity":"","overlay-gradient":""},"tablet":{"background-color":"var(--ast-global-color-4)","background-image":"","background-repeat":"repeat","background-position":"center center","background-size":"auto","background-attachment":"scroll","background-type":"","background-media":"","overlay-type":"","overlay-color":"","overlay-opacity":"","overlay-gradient":""},"mobile":{"background-color":"var(--ast-global-color-4)","background-image":"","background-repeat":"repeat","background-position":"center center","background-size":"auto","background-attachment":"scroll","background-type":"","background-media":"","overlay-type":"","overlay-color":"","overlay-opacity":"","overlay-gradient":""}},"footnotes":""},"categories":[1,13,14],"tags":[],"class_list":["post-73239","post","type-post","status-publish","format-standard","has-post-thumbnail","hentry","category-noticias","category-provinciales","category-rio-negro"],"yoast_head":"<!-- This site is optimized with the Yoast SEO Premium plugin v23.0 (Yoast SEO v27.5) - https:\/\/yoast.com\/product\/yoast-seo-premium-wordpress\/ -->\n<title>Bariloche: combatientes del SPLIF visitaron a los peque\u00f1os del jard\u00edn 130<\/title>\n<meta name=\"robots\" content=\"index, follow, max-snippet:-1, max-image-preview:large, max-video-preview:-1\" \/>\n<link rel=\"canonical\" href=\"https:\/\/patagoniambiental.com.ar\/info\/bariloche-combatientes-del-splif-visitaron-a-los-pequenos-del-jardin-130\/\" \/>\n<meta property=\"og:locale\" content=\"es_ES\" \/>\n<meta property=\"og:type\" content=\"article\" \/>\n<meta property=\"og:title\" content=\"Bariloche: combatientes del SPLIF visitaron a los peque\u00f1os del jard\u00edn 130\" \/>\n<meta property=\"og:url\" content=\"https:\/\/patagoniambiental.com.ar\/info\/bariloche-combatientes-del-splif-visitaron-a-los-pequenos-del-jardin-130\/\" \/>\n<meta property=\"og:site_name\" content=\"Patagonia Ambiental\" \/>\n<meta property=\"article:publisher\" content=\"https:\/\/www.facebook.com\/patagonia.ambiental\" \/>\n<meta property=\"article:published_time\" content=\"2021-07-05T22:24:20+00:00\" \/>\n<meta property=\"article:modified_time\" content=\"2021-07-05T22:24:23+00:00\" \/>\n<meta property=\"og:image\" content=\"https:\/\/patagoniambiental.com.ar\/info\/wp-content\/uploads\/2021\/07\/00058354.jpg\" \/>\n\t<meta property=\"og:image:width\" content=\"462\" \/>\n\t<meta property=\"og:image:height\" content=\"308\" \/>\n\t<meta property=\"og:image:type\" content=\"image\/jpeg\" \/>\n<meta name=\"author\" content=\"BRAIAN ESTEVEZ\" \/>\n<meta name=\"twitter:card\" content=\"summary_large_image\" \/>\n<meta name=\"twitter:creator\" content=\"@PatAmb\" \/>\n<meta name=\"twitter:site\" content=\"@PatAmb\" \/>\n<script type=\"application\/ld+json\" class=\"yoast-schema-graph\">{\"@context\":\"https:\\\/\\\/schema.org\",\"@graph\":[{\"@type\":\"Article\",\"@id\":\"https:\\\/\\\/patagoniambiental.com.ar\\\/info\\\/bariloche-combatientes-del-splif-visitaron-a-los-pequenos-del-jardin-130\\\/#article\",\"isPartOf\":{\"@id\":\"https:\\\/\\\/patagoniambiental.com.ar\\\/info\\\/bariloche-combatientes-del-splif-visitaron-a-los-pequenos-del-jardin-130\\\/\"},\"author\":{\"name\":\"BRAIAN ESTEVEZ\",\"@id\":\"https:\\\/\\\/patagoniambiental.com.ar\\\/info\\\/#\\\/schema\\\/person\\\/e5af09d700b2e82cb10c6b8800e0c691\"},\"headline\":\"Bariloche: combatientes del SPLIF visitaron a los peque\u00f1os del jard\u00edn 130\",\"datePublished\":\"2021-07-05T22:24:20+00:00\",\"dateModified\":\"2021-07-05T22:24:23+00:00\",\"mainEntityOfPage\":{\"@id\":\"https:\\\/\\\/patagoniambiental.com.ar\\\/info\\\/bariloche-combatientes-del-splif-visitaron-a-los-pequenos-del-jardin-130\\\/\"},\"wordCount\":411,\"commentCount\":0,\"publisher\":{\"@id\":\"https:\\\/\\\/patagoniambiental.com.ar\\\/info\\\/#organization\"},\"image\":{\"@id\":\"https:\\\/\\\/patagoniambiental.com.ar\\\/info\\\/bariloche-combatientes-del-splif-visitaron-a-los-pequenos-del-jardin-130\\\/#primaryimage\"},\"thumbnailUrl\":\"https:\\\/\\\/patagoniambiental.com.ar\\\/info\\\/wp-content\\\/uploads\\\/2021\\\/07\\\/00058354.jpg\",\"articleSection\":[\"Noticias\",\"Provinciales\",\"R\u00edo Negro\"],\"inLanguage\":\"es\",\"potentialAction\":[{\"@type\":\"CommentAction\",\"name\":\"Comment\",\"target\":[\"https:\\\/\\\/patagoniambiental.com.ar\\\/info\\\/bariloche-combatientes-del-splif-visitaron-a-los-pequenos-del-jardin-130\\\/#respond\"]}]},{\"@type\":\"WebPage\",\"@id\":\"https:\\\/\\\/patagoniambiental.com.ar\\\/info\\\/bariloche-combatientes-del-splif-visitaron-a-los-pequenos-del-jardin-130\\\/\",\"url\":\"https:\\\/\\\/patagoniambiental.com.ar\\\/info\\\/bariloche-combatientes-del-splif-visitaron-a-los-pequenos-del-jardin-130\\\/\",\"name\":\"Bariloche: combatientes del SPLIF visitaron a los peque\u00f1os del jard\u00edn 130\",\"isPartOf\":{\"@id\":\"https:\\\/\\\/patagoniambiental.com.ar\\\/info\\\/#website\"},\"primaryImageOfPage\":{\"@id\":\"https:\\\/\\\/patagoniambiental.com.ar\\\/info\\\/bariloche-combatientes-del-splif-visitaron-a-los-pequenos-del-jardin-130\\\/#primaryimage\"},\"image\":{\"@id\":\"https:\\\/\\\/patagoniambiental.com.ar\\\/info\\\/bariloche-combatientes-del-splif-visitaron-a-los-pequenos-del-jardin-130\\\/#primaryimage\"},\"thumbnailUrl\":\"https:\\\/\\\/patagoniambiental.com.ar\\\/info\\\/wp-content\\\/uploads\\\/2021\\\/07\\\/00058354.jpg\",\"datePublished\":\"2021-07-05T22:24:20+00:00\",\"dateModified\":\"2021-07-05T22:24:23+00:00\",\"breadcrumb\":{\"@id\":\"https:\\\/\\\/patagoniambiental.com.ar\\\/info\\\/bariloche-combatientes-del-splif-visitaron-a-los-pequenos-del-jardin-130\\\/#breadcrumb\"},\"inLanguage\":\"es\",\"potentialAction\":[{\"@type\":\"ReadAction\",\"target\":[\"https:\\\/\\\/patagoniambiental.com.ar\\\/info\\\/bariloche-combatientes-del-splif-visitaron-a-los-pequenos-del-jardin-130\\\/\"]}]},{\"@type\":\"ImageObject\",\"inLanguage\":\"es\",\"@id\":\"https:\\\/\\\/patagoniambiental.com.ar\\\/info\\\/bariloche-combatientes-del-splif-visitaron-a-los-pequenos-del-jardin-130\\\/#primaryimage\",\"url\":\"https:\\\/\\\/patagoniambiental.com.ar\\\/info\\\/wp-content\\\/uploads\\\/2021\\\/07\\\/00058354.jpg\",\"contentUrl\":\"https:\\\/\\\/patagoniambiental.com.ar\\\/info\\\/wp-content\\\/uploads\\\/2021\\\/07\\\/00058354.jpg\",\"width\":462,\"height\":308},{\"@type\":\"BreadcrumbList\",\"@id\":\"https:\\\/\\\/patagoniambiental.com.ar\\\/info\\\/bariloche-combatientes-del-splif-visitaron-a-los-pequenos-del-jardin-130\\\/#breadcrumb\",\"itemListElement\":[{\"@type\":\"ListItem\",\"position\":1,\"name\":\"Inicio\",\"item\":\"https:\\\/\\\/patagoniambiental.com.ar\\\/info\\\/\"},{\"@type\":\"ListItem\",\"position\":2,\"name\":\"Bariloche: combatientes del SPLIF visitaron a los peque\u00f1os del jard\u00edn 130\"}]},{\"@type\":\"WebSite\",\"@id\":\"https:\\\/\\\/patagoniambiental.com.ar\\\/info\\\/#website\",\"url\":\"https:\\\/\\\/patagoniambiental.com.ar\\\/info\\\/\",\"name\":\"Patagonia Ambiental\",\"description\":\"Monitoreo y an\u00e1lisis de la situaci\u00f3n geopol\u00edtica en el mundo y su implicancia en la Patagonia\",\"publisher\":{\"@id\":\"https:\\\/\\\/patagoniambiental.com.ar\\\/info\\\/#organization\"},\"potentialAction\":[{\"@type\":\"SearchAction\",\"target\":{\"@type\":\"EntryPoint\",\"urlTemplate\":\"https:\\\/\\\/patagoniambiental.com.ar\\\/info\\\/?s={search_term_string}\"},\"query-input\":{\"@type\":\"PropertyValueSpecification\",\"valueRequired\":true,\"valueName\":\"search_term_string\"}}],\"inLanguage\":\"es\"},{\"@type\":\"Organization\",\"@id\":\"https:\\\/\\\/patagoniambiental.com.ar\\\/info\\\/#organization\",\"name\":\"Patagonia Ambiental\",\"url\":\"https:\\\/\\\/patagoniambiental.com.ar\\\/info\\\/\",\"logo\":{\"@type\":\"ImageObject\",\"inLanguage\":\"es\",\"@id\":\"https:\\\/\\\/patagoniambiental.com.ar\\\/info\\\/#\\\/schema\\\/logo\\\/image\\\/\",\"url\":\"https:\\\/\\\/patagoniambiental.com.ar\\\/info\\\/wp-content\\\/uploads\\\/2025\\\/05\\\/LOGO-PATAGONIA-AMBIENTAL.png\",\"contentUrl\":\"https:\\\/\\\/patagoniambiental.com.ar\\\/info\\\/wp-content\\\/uploads\\\/2025\\\/05\\\/LOGO-PATAGONIA-AMBIENTAL.png\",\"width\":433,\"height\":250,\"caption\":\"Patagonia Ambiental\"},\"image\":{\"@id\":\"https:\\\/\\\/patagoniambiental.com.ar\\\/info\\\/#\\\/schema\\\/logo\\\/image\\\/\"},\"sameAs\":[\"https:\\\/\\\/www.facebook.com\\\/patagonia.ambiental\",\"https:\\\/\\\/x.com\\\/PatAmb\"]},{\"@type\":\"Person\",\"@id\":\"https:\\\/\\\/patagoniambiental.com.ar\\\/info\\\/#\\\/schema\\\/person\\\/e5af09d700b2e82cb10c6b8800e0c691\",\"name\":\"BRAIAN ESTEVEZ\",\"sameAs\":[\"http:\\\/\\\/www.patagoniambiental.com.ar\"]}]}<\/script>\n<!-- \/ Yoast SEO Premium plugin. -->","yoast_head_json":{"title":"Bariloche: combatientes del SPLIF visitaron a los peque\u00f1os del jard\u00edn 130","robots":{"index":"index","follow":"follow","max-snippet":"max-snippet:-1","max-image-preview":"max-image-preview:large","max-video-preview":"max-video-preview:-1"},"canonical":"https:\/\/patagoniambiental.com.ar\/info\/bariloche-combatientes-del-splif-visitaron-a-los-pequenos-del-jardin-130\/","og_locale":"es_ES","og_type":"article","og_title":"Bariloche: combatientes del SPLIF visitaron a los peque\u00f1os del jard\u00edn 130","og_url":"https:\/\/patagoniambiental.com.ar\/info\/bariloche-combatientes-del-splif-visitaron-a-los-pequenos-del-jardin-130\/","og_site_name":"Patagonia Ambiental","article_publisher":"https:\/\/www.facebook.com\/patagonia.ambiental","article_published_time":"2021-07-05T22:24:20+00:00","article_modified_time":"2021-07-05T22:24:23+00:00","og_image":[{"width":462,"height":308,"url":"https:\/\/patagoniambiental.com.ar\/info\/wp-content\/uploads\/2021\/07\/00058354.jpg","type":"image\/jpeg"}],"author":"BRAIAN ESTEVEZ","twitter_card":"summary_large_image","twitter_creator":"@PatAmb","twitter_site":"@PatAmb","schema":{"@context":"https:\/\/schema.org","@graph":[{"@type":"Article","@id":"https:\/\/patagoniambiental.com.ar\/info\/bariloche-combatientes-del-splif-visitaron-a-los-pequenos-del-jardin-130\/#article","isPartOf":{"@id":"https:\/\/patagoniambiental.com.ar\/info\/bariloche-combatientes-del-splif-visitaron-a-los-pequenos-del-jardin-130\/"},"author":{"name":"BRAIAN ESTEVEZ","@id":"https:\/\/patagoniambiental.com.ar\/info\/#\/schema\/person\/e5af09d700b2e82cb10c6b8800e0c691"},"headline":"Bariloche: combatientes del SPLIF visitaron a los peque\u00f1os del jard\u00edn 130","datePublished":"2021-07-05T22:24:20+00:00","dateModified":"2021-07-05T22:24:23+00:00","mainEntityOfPage":{"@id":"https:\/\/patagoniambiental.com.ar\/info\/bariloche-combatientes-del-splif-visitaron-a-los-pequenos-del-jardin-130\/"},"wordCount":411,"commentCount":0,"publisher":{"@id":"https:\/\/patagoniambiental.com.ar\/info\/#organization"},"image":{"@id":"https:\/\/patagoniambiental.com.ar\/info\/bariloche-combatientes-del-splif-visitaron-a-los-pequenos-del-jardin-130\/#primaryimage"},"thumbnailUrl":"https:\/\/patagoniambiental.com.ar\/info\/wp-content\/uploads\/2021\/07\/00058354.jpg","articleSection":["Noticias","Provinciales","R\u00edo Negro"],"inLanguage":"es","potentialAction":[{"@type":"CommentAction","name":"Comment","target":["https:\/\/patagoniambiental.com.ar\/info\/bariloche-combatientes-del-splif-visitaron-a-los-pequenos-del-jardin-130\/#respond"]}]},{"@type":"WebPage","@id":"https:\/\/patagoniambiental.com.ar\/info\/bariloche-combatientes-del-splif-visitaron-a-los-pequenos-del-jardin-130\/","url":"https:\/\/patagoniambiental.com.ar\/info\/bariloche-combatientes-del-splif-visitaron-a-los-pequenos-del-jardin-130\/","name":"Bariloche: combatientes del SPLIF visitaron a los peque\u00f1os del jard\u00edn 130","isPartOf":{"@id":"https:\/\/patagoniambiental.com.ar\/info\/#website"},"primaryImageOfPage":{"@id":"https:\/\/patagoniambiental.com.ar\/info\/bariloche-combatientes-del-splif-visitaron-a-los-pequenos-del-jardin-130\/#primaryimage"},"image":{"@id":"https:\/\/patagoniambiental.com.ar\/info\/bariloche-combatientes-del-splif-visitaron-a-los-pequenos-del-jardin-130\/#primaryimage"},"thumbnailUrl":"https:\/\/patagoniambiental.com.ar\/info\/wp-content\/uploads\/2021\/07\/00058354.jpg","datePublished":"2021-07-05T22:24:20+00:00","dateModified":"2021-07-05T22:24:23+00:00","breadcrumb":{"@id":"https:\/\/patagoniambiental.com.ar\/info\/bariloche-combatientes-del-splif-visitaron-a-los-pequenos-del-jardin-130\/#breadcrumb"},"inLanguage":"es","potentialAction":[{"@type":"ReadAction","target":["https:\/\/patagoniambiental.com.ar\/info\/bariloche-combatientes-del-splif-visitaron-a-los-pequenos-del-jardin-130\/"]}]},{"@type":"ImageObject","inLanguage":"es","@id":"https:\/\/patagoniambiental.com.ar\/info\/bariloche-combatientes-del-splif-visitaron-a-los-pequenos-del-jardin-130\/#primaryimage","url":"https:\/\/patagoniambiental.com.ar\/info\/wp-content\/uploads\/2021\/07\/00058354.jpg","contentUrl":"https:\/\/patagoniambiental.com.ar\/info\/wp-content\/uploads\/2021\/07\/00058354.jpg","width":462,"height":308},{"@type":"BreadcrumbList","@id":"https:\/\/patagoniambiental.com.ar\/info\/bariloche-combatientes-del-splif-visitaron-a-los-pequenos-del-jardin-130\/#breadcrumb","itemListElement":[{"@type":"ListItem","position":1,"name":"Inicio","item":"https:\/\/patagoniambiental.com.ar\/info\/"},{"@type":"ListItem","position":2,"name":"Bariloche: combatientes del SPLIF visitaron a los peque\u00f1os del jard\u00edn 130"}]},{"@type":"WebSite","@id":"https:\/\/patagoniambiental.com.ar\/info\/#website","url":"https:\/\/patagoniambiental.com.ar\/info\/","name":"Patagonia Ambiental","description":"Monitoreo y an\u00e1lisis de la situaci\u00f3n geopol\u00edtica en el mundo y su implicancia en la Patagonia","publisher":{"@id":"https:\/\/patagoniambiental.com.ar\/info\/#organization"},"potentialAction":[{"@type":"SearchAction","target":{"@type":"EntryPoint","urlTemplate":"https:\/\/patagoniambiental.com.ar\/info\/?s={search_term_string}"},"query-input":{"@type":"PropertyValueSpecification","valueRequired":true,"valueName":"search_term_string"}}],"inLanguage":"es"},{"@type":"Organization","@id":"https:\/\/patagoniambiental.com.ar\/info\/#organization","name":"Patagonia Ambiental","url":"https:\/\/patagoniambiental.com.ar\/info\/","logo":{"@type":"ImageObject","inLanguage":"es","@id":"https:\/\/patagoniambiental.com.ar\/info\/#\/schema\/logo\/image\/","url":"https:\/\/patagoniambiental.com.ar\/info\/wp-content\/uploads\/2025\/05\/LOGO-PATAGONIA-AMBIENTAL.png","contentUrl":"https:\/\/patagoniambiental.com.ar\/info\/wp-content\/uploads\/2025\/05\/LOGO-PATAGONIA-AMBIENTAL.png","width":433,"height":250,"caption":"Patagonia Ambiental"},"image":{"@id":"https:\/\/patagoniambiental.com.ar\/info\/#\/schema\/logo\/image\/"},"sameAs":["https:\/\/www.facebook.com\/patagonia.ambiental","https:\/\/x.com\/PatAmb"]},{"@type":"Person","@id":"https:\/\/patagoniambiental.com.ar\/info\/#\/schema\/person\/e5af09d700b2e82cb10c6b8800e0c691","name":"BRAIAN ESTEVEZ","sameAs":["http:\/\/www.patagoniambiental.com.ar"]}]}},"_links":{"self":[{"href":"https:\/\/patagoniambiental.com.ar\/info\/wp-json\/wp\/v2\/posts\/73239","targetHints":{"allow":["GET"]}}],"collection":[{"href":"https:\/\/patagoniambiental.com.ar\/info\/wp-json\/wp\/v2\/posts"}],"about":[{"href":"https:\/\/patagoniambiental.com.ar\/info\/wp-json\/wp\/v2\/types\/post"}],"author":[{"embeddable":true,"href":"https:\/\/patagoniambiental.com.ar\/info\/wp-json\/wp\/v2\/users\/6"}],"replies":[{"embeddable":true,"href":"https:\/\/patagoniambiental.com.ar\/info\/wp-json\/wp\/v2\/comments?post=73239"}],"version-history":[{"count":0,"href":"https:\/\/patagoniambiental.com.ar\/info\/wp-json\/wp\/v2\/posts\/73239\/revisions"}],"wp:featuredmedia":[{"embeddable":true,"href":"https:\/\/patagoniambiental.com.ar\/info\/wp-json\/wp\/v2\/media\/73240"}],"wp:attachment":[{"href":"https:\/\/patagoniambiental.com.ar\/info\/wp-json\/wp\/v2\/media?parent=73239"}],"wp:term":[{"taxonomy":"category","embeddable":true,"href":"https:\/\/patagoniambiental.com.ar\/info\/wp-json\/wp\/v2\/categories?post=73239"},{"taxonomy":"post_tag","embeddable":true,"href":"https:\/\/patagoniambiental.com.ar\/info\/wp-json\/wp\/v2\/tags?post=73239"}],"curies":[{"name":"wp","href":"https:\/\/api.w.org\/{rel}","templated":true}]}}