{"id":73252,"date":"2021-07-06T21:05:06","date_gmt":"2021-07-07T00:05:06","guid":{"rendered":"http:\/\/patagoniambiental.com.ar\/info\/?p=73252"},"modified":"2021-07-06T21:05:08","modified_gmt":"2021-07-07T00:05:08","slug":"china-avanza-en-el-triangulo-del-litio-en-salta","status":"publish","type":"post","link":"https:\/\/patagoniambiental.com.ar\/info\/china-avanza-en-el-triangulo-del-litio-en-salta\/","title":{"rendered":"China avanza en el Triangulo del litio en Salta"},"content":{"rendered":"\n<!--more-->\n\n\n\n<p>Salta.-La empresa Litio Minera Argentina, subsidiaria de la compa\u00f1\u00eda china Ganfeng Lithium, instalar\u00e1 en el Parque Industrial de la localidad salte\u00f1a de General G\u00fcemes una planta para producir cloruro de litio, cuya construcci\u00f3n demandar\u00e1 una inversi\u00f3n de US$34 millones, y se prev\u00e9 que estar\u00e1 en funcionamiento en cinco a\u00f1os.<\/p>\n\n\n\n<p>\u201cHoy avanzamos con la adquisici\u00f3n a la provincia de 23 hect\u00e1reas de tierra en el Parque Industrial de General G\u00fcemes, que van a estar destinadas a la construcci\u00f3n de una planta industrial de cloruro de litio\u201d, expres\u00f3 el vicepresidente de Litio Minera Argentina, Sim\u00f3n P\u00e9rez Alsina.<\/p>\n\n\n\n<p>La empresa es subsidiaria de Ganfeng Lithium, considerada la \u201cm\u00e1s grande empresa del mundo en la producci\u00f3n de litio y bater\u00edas\u201d, explic\u00f3 P\u00e9rez Alsina.<\/p>\n\n\n\n<p>A partir de la firma del boleto de compraventa, que se concret\u00f3 hoy, entre el coordinador de Enlace y Relaciones Pol\u00edticas de Salta, Pablo Outes; y el vicepresidente de la compa\u00f1\u00eda, la minera adquiri\u00f3 un predio de 23 hect\u00e1reas en el Parque Industrial de General G\u00fcemes, a 55 kil\u00f3metros de la capital de Salta, donde se instalar\u00e1 la planta de producci\u00f3n de cloruro de litio.<\/p>\n\n\n\n<p>Esto demandar\u00e1 una inversi\u00f3n de m\u00e1s de US$34 millones, para lograr una capacidad productiva de 20 mil toneladas anuales, con una ocupaci\u00f3n proyectada de 195 empleados, distribuidos en distintos sectores y en las \u00e1reas administrativas de la compa\u00f1\u00eda.<\/p>\n\n\n\n<p>Se estima que la planta est\u00e9 en pleno funcionamiento en aproximadamente cinco a\u00f1os, y que el proceso de construcci\u00f3n de esta industria tenga un enorme impacto econ\u00f3mico a nivel local, ya que demandar\u00e1, en su gran mayor\u00eda, a proveedores locales.<\/p>\n\n\n\n<p>P\u00e9rez Alsina detall\u00f3 que, de esta forma, \u201cse terminar\u00e1 el proceso de industrializaci\u00f3n del litio, que comienza en el salar del Llullaillaco, donde habr\u00e1 una instalaci\u00f3n, una preconcentraci\u00f3n de litio, con un peque\u00f1o proceso\u201d.<\/p>\n\n\n\n<p>Luego, P\u00e9rez Alsina coment\u00f3 que es pol\u00edtica de la empresa la contrataci\u00f3n de proveedores y mano de obra local, para beneficiar a los salte\u00f1os, ya que la miner\u00eda es de Salta\u201d.<\/p>\n\n\n\n<p>MIR\u00c1 TAMBI\u00c9N<a href=\"https:\/\/www.grupolaprovincia.com\/economia\/el-ministerio-de-economia-licita-cinco-letras-del-tesoro-en-pesos-749198\">El Ministerio de Econom\u00eda licita cinco Letras del Tesoro en pesos<\/a><\/p>\n\n\n\n<p>\u201cEs importante el impulso que podamos dar desde el Estado como incentivo, y el control que ejerzamos sobre las empresas, en la contrataci\u00f3n de obra local y el acompa\u00f1amiento a las pymes, para que se conviertan en proveedoras para esta actividad\u201d, destac\u00f3 Outes, a su turno.<\/p>\n\n\n\n<p>Por su parte, el secretario de Industria, Comercio y Empleo de Salta, Nicol\u00e1s Avellaneda, resalt\u00f3 que en los \u00faltimos diez d\u00edas esta es la segunda empresa a la que se le adjudica un predio en el Parque Industrial de G\u00fcemes.<\/p>\n\n\n\n<p>\u00abEstamos satisfechos porque se trata de una inversi\u00f3n de US$34 millones y esto va a traer mayores inversiones, que en los pr\u00f3ximos a\u00f1os se van a ver reflejadas\u00bb, se\u00f1al\u00f3.<\/p>\n\n\n\n<p>Adem\u00e1s, expres\u00f3 que en este mes se generar\u00e1n los pliegos de la licitaci\u00f3n que permitir\u00e1 construir el Nodo Log\u00edstico Multimodal en G\u00fcemes, que colindar\u00e1 con el Parque Industrial y la Zona Franca.https:\/\/d-17991533071117302390.ampproject.net\/2106120107000\/frame.html<\/p>\n\n\n\n<p>\u201cEl Nodo Log\u00edstico est\u00e1 aprobado y avalado por el Banco Mundial, como un punto estrat\u00e9gico industrial y comercial de toda la regi\u00f3n del norte argentino y la industria minera ser\u00e1 parte de este gran proyecto\u201d, sostuvo.<\/p>\n\n\n\n<p>El Parque Industrial de G\u00fcemes se proyecta como uno de los polos m\u00e1s importantes de desarrollo industrial del noroeste, por su posici\u00f3n estrat\u00e9gica dentro del corredor bioce\u00e1nico.<\/p>\n\n\n\n<p>La concreci\u00f3n del Nodo Log\u00edstico a su lado facilitar\u00e1 todas las actividades relativas al transporte, a la log\u00edstica y a la distribuci\u00f3n de mercanc\u00edas, tanto para el tr\u00e1nsito nacional como para el internacional; mientras que el Puerto Seco permitir\u00e1 exportar directamente desde el NOA.<\/p>\n\n\n\n<p>Estuvieron presentes tambi\u00e9n la secretar\u00eda de Miner\u00eda y Energ\u00eda de la provincia, Flavia Roy\u00f3n; el subsecretario de Industria, Gustavo Gonz\u00e1lez; y el titular de Remsa, que es una empresa estatal, Alberto Castillo. <\/p>\n\n\n\n<p>Fuente: T\u00e9lam<\/p>\n","protected":false},"excerpt":{"rendered":"","protected":false},"author":6,"featured_media":73253,"comment_status":"open","ping_status":"open","sticky":false,"template":"","format":"standard","meta":{"site-sidebar-layout":"default","site-content-layout":"","ast-site-content-layout":"default","site-content-style":"default","site-sidebar-style":"default","ast-global-header-display":"","ast-banner-title-visibility":"","ast-main-header-display":"","ast-hfb-above-header-display":"","ast-hfb-below-header-display":"","ast-hfb-mobile-header-display":"","site-post-title":"","ast-breadcrumbs-content":"","ast-featured-img":"","footer-sml-layout":"","ast-disable-related-posts":"","theme-transparent-header-meta":"","adv-header-id-meta":"","stick-header-meta":"","header-above-stick-meta":"","header-main-stick-meta":"","header-below-stick-meta":"","astra-migrate-meta-layouts":"default","ast-page-background-enabled":"default","ast-page-background-meta":{"desktop":{"background-color":"var(--ast-global-color-5)","background-image":"","background-repeat":"repeat","background-position":"center center","background-size":"auto","background-attachment":"scroll","background-type":"","background-media":"","overlay-type":"","overlay-color":"","overlay-opacity":"","overlay-gradient":""},"tablet":{"background-color":"","background-image":"","background-repeat":"repeat","background-position":"center center","background-size":"auto","background-attachment":"scroll","background-type":"","background-media":"","overlay-type":"","overlay-color":"","overlay-opacity":"","overlay-gradient":""},"mobile":{"background-color":"","background-image":"","background-repeat":"repeat","background-position":"center center","background-size":"auto","background-attachment":"scroll","background-type":"","background-media":"","overlay-type":"","overlay-color":"","overlay-opacity":"","overlay-gradient":""}},"ast-content-background-meta":{"desktop":{"background-color":"var(--ast-global-color-4)","background-image":"","background-repeat":"repeat","background-position":"center center","background-size":"auto","background-attachment":"scroll","background-type":"","background-media":"","overlay-type":"","overlay-color":"","overlay-opacity":"","overlay-gradient":""},"tablet":{"background-color":"var(--ast-global-color-4)","background-image":"","background-repeat":"repeat","background-position":"center center","background-size":"auto","background-attachment":"scroll","background-type":"","background-media":"","overlay-type":"","overlay-color":"","overlay-opacity":"","overlay-gradient":""},"mobile":{"background-color":"var(--ast-global-color-4)","background-image":"","background-repeat":"repeat","background-position":"center center","background-size":"auto","background-attachment":"scroll","background-type":"","background-media":"","overlay-type":"","overlay-color":"","overlay-opacity":"","overlay-gradient":""}},"footnotes":""},"categories":[11,19,1,10],"tags":[],"class_list":["post-73252","post","type-post","status-publish","format-standard","has-post-thumbnail","hentry","category-boletin","category-nacionales","category-noticias","category-rotador"],"yoast_head":"<!-- This site is optimized with the Yoast SEO Premium plugin v23.0 (Yoast SEO v27.5) - https:\/\/yoast.com\/product\/yoast-seo-premium-wordpress\/ -->\n<title>China avanza en el Triangulo del litio en Salta<\/title>\n<meta name=\"robots\" content=\"index, follow, max-snippet:-1, max-image-preview:large, max-video-preview:-1\" \/>\n<link rel=\"canonical\" href=\"https:\/\/patagoniambiental.com.ar\/info\/china-avanza-en-el-triangulo-del-litio-en-salta\/\" \/>\n<meta property=\"og:locale\" content=\"es_ES\" \/>\n<meta property=\"og:type\" content=\"article\" \/>\n<meta property=\"og:title\" content=\"China avanza en el Triangulo del litio en Salta\" \/>\n<meta property=\"og:url\" content=\"https:\/\/patagoniambiental.com.ar\/info\/china-avanza-en-el-triangulo-del-litio-en-salta\/\" \/>\n<meta property=\"og:site_name\" content=\"Patagonia Ambiental\" \/>\n<meta property=\"article:publisher\" content=\"https:\/\/www.facebook.com\/patagonia.ambiental\" \/>\n<meta property=\"article:published_time\" content=\"2021-07-07T00:05:06+00:00\" \/>\n<meta property=\"article:modified_time\" content=\"2021-07-07T00:05:08+00:00\" \/>\n<meta property=\"og:image\" content=\"https:\/\/patagoniambiental.com.ar\/info\/wp-content\/uploads\/2021\/07\/5bec46bf4ace3_1004x564.jpg\" \/>\n\t<meta property=\"og:image:width\" content=\"1004\" \/>\n\t<meta property=\"og:image:height\" content=\"564\" \/>\n\t<meta property=\"og:image:type\" content=\"image\/jpeg\" \/>\n<meta name=\"author\" content=\"BRAIAN ESTEVEZ\" \/>\n<meta name=\"twitter:card\" content=\"summary_large_image\" \/>\n<meta name=\"twitter:creator\" content=\"@PatAmb\" \/>\n<meta name=\"twitter:site\" content=\"@PatAmb\" \/>\n<script type=\"application\/ld+json\" class=\"yoast-schema-graph\">{\"@context\":\"https:\\\/\\\/schema.org\",\"@graph\":[{\"@type\":\"Article\",\"@id\":\"https:\\\/\\\/patagoniambiental.com.ar\\\/info\\\/china-avanza-en-el-triangulo-del-litio-en-salta\\\/#article\",\"isPartOf\":{\"@id\":\"https:\\\/\\\/patagoniambiental.com.ar\\\/info\\\/china-avanza-en-el-triangulo-del-litio-en-salta\\\/\"},\"author\":{\"name\":\"BRAIAN ESTEVEZ\",\"@id\":\"https:\\\/\\\/patagoniambiental.com.ar\\\/info\\\/#\\\/schema\\\/person\\\/e5af09d700b2e82cb10c6b8800e0c691\"},\"headline\":\"China avanza en el Triangulo del litio en Salta\",\"datePublished\":\"2021-07-07T00:05:06+00:00\",\"dateModified\":\"2021-07-07T00:05:08+00:00\",\"mainEntityOfPage\":{\"@id\":\"https:\\\/\\\/patagoniambiental.com.ar\\\/info\\\/china-avanza-en-el-triangulo-del-litio-en-salta\\\/\"},\"wordCount\":715,\"commentCount\":0,\"publisher\":{\"@id\":\"https:\\\/\\\/patagoniambiental.com.ar\\\/info\\\/#organization\"},\"image\":{\"@id\":\"https:\\\/\\\/patagoniambiental.com.ar\\\/info\\\/china-avanza-en-el-triangulo-del-litio-en-salta\\\/#primaryimage\"},\"thumbnailUrl\":\"https:\\\/\\\/patagoniambiental.com.ar\\\/info\\\/wp-content\\\/uploads\\\/2021\\\/07\\\/5bec46bf4ace3_1004x564.jpg\",\"articleSection\":[\"Bolet\u00edn\",\"Nacionales\",\"Noticias\",\"Rotador\"],\"inLanguage\":\"es\",\"potentialAction\":[{\"@type\":\"CommentAction\",\"name\":\"Comment\",\"target\":[\"https:\\\/\\\/patagoniambiental.com.ar\\\/info\\\/china-avanza-en-el-triangulo-del-litio-en-salta\\\/#respond\"]}]},{\"@type\":\"WebPage\",\"@id\":\"https:\\\/\\\/patagoniambiental.com.ar\\\/info\\\/china-avanza-en-el-triangulo-del-litio-en-salta\\\/\",\"url\":\"https:\\\/\\\/patagoniambiental.com.ar\\\/info\\\/china-avanza-en-el-triangulo-del-litio-en-salta\\\/\",\"name\":\"China avanza en el Triangulo del litio en Salta\",\"isPartOf\":{\"@id\":\"https:\\\/\\\/patagoniambiental.com.ar\\\/info\\\/#website\"},\"primaryImageOfPage\":{\"@id\":\"https:\\\/\\\/patagoniambiental.com.ar\\\/info\\\/china-avanza-en-el-triangulo-del-litio-en-salta\\\/#primaryimage\"},\"image\":{\"@id\":\"https:\\\/\\\/patagoniambiental.com.ar\\\/info\\\/china-avanza-en-el-triangulo-del-litio-en-salta\\\/#primaryimage\"},\"thumbnailUrl\":\"https:\\\/\\\/patagoniambiental.com.ar\\\/info\\\/wp-content\\\/uploads\\\/2021\\\/07\\\/5bec46bf4ace3_1004x564.jpg\",\"datePublished\":\"2021-07-07T00:05:06+00:00\",\"dateModified\":\"2021-07-07T00:05:08+00:00\",\"breadcrumb\":{\"@id\":\"https:\\\/\\\/patagoniambiental.com.ar\\\/info\\\/china-avanza-en-el-triangulo-del-litio-en-salta\\\/#breadcrumb\"},\"inLanguage\":\"es\",\"potentialAction\":[{\"@type\":\"ReadAction\",\"target\":[\"https:\\\/\\\/patagoniambiental.com.ar\\\/info\\\/china-avanza-en-el-triangulo-del-litio-en-salta\\\/\"]}]},{\"@type\":\"ImageObject\",\"inLanguage\":\"es\",\"@id\":\"https:\\\/\\\/patagoniambiental.com.ar\\\/info\\\/china-avanza-en-el-triangulo-del-litio-en-salta\\\/#primaryimage\",\"url\":\"https:\\\/\\\/patagoniambiental.com.ar\\\/info\\\/wp-content\\\/uploads\\\/2021\\\/07\\\/5bec46bf4ace3_1004x564.jpg\",\"contentUrl\":\"https:\\\/\\\/patagoniambiental.com.ar\\\/info\\\/wp-content\\\/uploads\\\/2021\\\/07\\\/5bec46bf4ace3_1004x564.jpg\",\"width\":1004,\"height\":564},{\"@type\":\"BreadcrumbList\",\"@id\":\"https:\\\/\\\/patagoniambiental.com.ar\\\/info\\\/china-avanza-en-el-triangulo-del-litio-en-salta\\\/#breadcrumb\",\"itemListElement\":[{\"@type\":\"ListItem\",\"position\":1,\"name\":\"Inicio\",\"item\":\"https:\\\/\\\/patagoniambiental.com.ar\\\/info\\\/\"},{\"@type\":\"ListItem\",\"position\":2,\"name\":\"China avanza en el Triangulo del litio en Salta\"}]},{\"@type\":\"WebSite\",\"@id\":\"https:\\\/\\\/patagoniambiental.com.ar\\\/info\\\/#website\",\"url\":\"https:\\\/\\\/patagoniambiental.com.ar\\\/info\\\/\",\"name\":\"Patagonia Ambiental\",\"description\":\"Monitoreo y an\u00e1lisis de la situaci\u00f3n geopol\u00edtica en el mundo y su implicancia en la Patagonia\",\"publisher\":{\"@id\":\"https:\\\/\\\/patagoniambiental.com.ar\\\/info\\\/#organization\"},\"potentialAction\":[{\"@type\":\"SearchAction\",\"target\":{\"@type\":\"EntryPoint\",\"urlTemplate\":\"https:\\\/\\\/patagoniambiental.com.ar\\\/info\\\/?s={search_term_string}\"},\"query-input\":{\"@type\":\"PropertyValueSpecification\",\"valueRequired\":true,\"valueName\":\"search_term_string\"}}],\"inLanguage\":\"es\"},{\"@type\":\"Organization\",\"@id\":\"https:\\\/\\\/patagoniambiental.com.ar\\\/info\\\/#organization\",\"name\":\"Patagonia Ambiental\",\"url\":\"https:\\\/\\\/patagoniambiental.com.ar\\\/info\\\/\",\"logo\":{\"@type\":\"ImageObject\",\"inLanguage\":\"es\",\"@id\":\"https:\\\/\\\/patagoniambiental.com.ar\\\/info\\\/#\\\/schema\\\/logo\\\/image\\\/\",\"url\":\"https:\\\/\\\/patagoniambiental.com.ar\\\/info\\\/wp-content\\\/uploads\\\/2025\\\/05\\\/LOGO-PATAGONIA-AMBIENTAL.png\",\"contentUrl\":\"https:\\\/\\\/patagoniambiental.com.ar\\\/info\\\/wp-content\\\/uploads\\\/2025\\\/05\\\/LOGO-PATAGONIA-AMBIENTAL.png\",\"width\":433,\"height\":250,\"caption\":\"Patagonia Ambiental\"},\"image\":{\"@id\":\"https:\\\/\\\/patagoniambiental.com.ar\\\/info\\\/#\\\/schema\\\/logo\\\/image\\\/\"},\"sameAs\":[\"https:\\\/\\\/www.facebook.com\\\/patagonia.ambiental\",\"https:\\\/\\\/x.com\\\/PatAmb\"]},{\"@type\":\"Person\",\"@id\":\"https:\\\/\\\/patagoniambiental.com.ar\\\/info\\\/#\\\/schema\\\/person\\\/e5af09d700b2e82cb10c6b8800e0c691\",\"name\":\"BRAIAN ESTEVEZ\",\"sameAs\":[\"http:\\\/\\\/www.patagoniambiental.com.ar\"]}]}<\/script>\n<!-- \/ Yoast SEO Premium plugin. -->","yoast_head_json":{"title":"China avanza en el Triangulo del litio en Salta","robots":{"index":"index","follow":"follow","max-snippet":"max-snippet:-1","max-image-preview":"max-image-preview:large","max-video-preview":"max-video-preview:-1"},"canonical":"https:\/\/patagoniambiental.com.ar\/info\/china-avanza-en-el-triangulo-del-litio-en-salta\/","og_locale":"es_ES","og_type":"article","og_title":"China avanza en el Triangulo del litio en Salta","og_url":"https:\/\/patagoniambiental.com.ar\/info\/china-avanza-en-el-triangulo-del-litio-en-salta\/","og_site_name":"Patagonia Ambiental","article_publisher":"https:\/\/www.facebook.com\/patagonia.ambiental","article_published_time":"2021-07-07T00:05:06+00:00","article_modified_time":"2021-07-07T00:05:08+00:00","og_image":[{"width":1004,"height":564,"url":"https:\/\/patagoniambiental.com.ar\/info\/wp-content\/uploads\/2021\/07\/5bec46bf4ace3_1004x564.jpg","type":"image\/jpeg"}],"author":"BRAIAN ESTEVEZ","twitter_card":"summary_large_image","twitter_creator":"@PatAmb","twitter_site":"@PatAmb","schema":{"@context":"https:\/\/schema.org","@graph":[{"@type":"Article","@id":"https:\/\/patagoniambiental.com.ar\/info\/china-avanza-en-el-triangulo-del-litio-en-salta\/#article","isPartOf":{"@id":"https:\/\/patagoniambiental.com.ar\/info\/china-avanza-en-el-triangulo-del-litio-en-salta\/"},"author":{"name":"BRAIAN ESTEVEZ","@id":"https:\/\/patagoniambiental.com.ar\/info\/#\/schema\/person\/e5af09d700b2e82cb10c6b8800e0c691"},"headline":"China avanza en el Triangulo del litio en Salta","datePublished":"2021-07-07T00:05:06+00:00","dateModified":"2021-07-07T00:05:08+00:00","mainEntityOfPage":{"@id":"https:\/\/patagoniambiental.com.ar\/info\/china-avanza-en-el-triangulo-del-litio-en-salta\/"},"wordCount":715,"commentCount":0,"publisher":{"@id":"https:\/\/patagoniambiental.com.ar\/info\/#organization"},"image":{"@id":"https:\/\/patagoniambiental.com.ar\/info\/china-avanza-en-el-triangulo-del-litio-en-salta\/#primaryimage"},"thumbnailUrl":"https:\/\/patagoniambiental.com.ar\/info\/wp-content\/uploads\/2021\/07\/5bec46bf4ace3_1004x564.jpg","articleSection":["Bolet\u00edn","Nacionales","Noticias","Rotador"],"inLanguage":"es","potentialAction":[{"@type":"CommentAction","name":"Comment","target":["https:\/\/patagoniambiental.com.ar\/info\/china-avanza-en-el-triangulo-del-litio-en-salta\/#respond"]}]},{"@type":"WebPage","@id":"https:\/\/patagoniambiental.com.ar\/info\/china-avanza-en-el-triangulo-del-litio-en-salta\/","url":"https:\/\/patagoniambiental.com.ar\/info\/china-avanza-en-el-triangulo-del-litio-en-salta\/","name":"China avanza en el Triangulo del litio en Salta","isPartOf":{"@id":"https:\/\/patagoniambiental.com.ar\/info\/#website"},"primaryImageOfPage":{"@id":"https:\/\/patagoniambiental.com.ar\/info\/china-avanza-en-el-triangulo-del-litio-en-salta\/#primaryimage"},"image":{"@id":"https:\/\/patagoniambiental.com.ar\/info\/china-avanza-en-el-triangulo-del-litio-en-salta\/#primaryimage"},"thumbnailUrl":"https:\/\/patagoniambiental.com.ar\/info\/wp-content\/uploads\/2021\/07\/5bec46bf4ace3_1004x564.jpg","datePublished":"2021-07-07T00:05:06+00:00","dateModified":"2021-07-07T00:05:08+00:00","breadcrumb":{"@id":"https:\/\/patagoniambiental.com.ar\/info\/china-avanza-en-el-triangulo-del-litio-en-salta\/#breadcrumb"},"inLanguage":"es","potentialAction":[{"@type":"ReadAction","target":["https:\/\/patagoniambiental.com.ar\/info\/china-avanza-en-el-triangulo-del-litio-en-salta\/"]}]},{"@type":"ImageObject","inLanguage":"es","@id":"https:\/\/patagoniambiental.com.ar\/info\/china-avanza-en-el-triangulo-del-litio-en-salta\/#primaryimage","url":"https:\/\/patagoniambiental.com.ar\/info\/wp-content\/uploads\/2021\/07\/5bec46bf4ace3_1004x564.jpg","contentUrl":"https:\/\/patagoniambiental.com.ar\/info\/wp-content\/uploads\/2021\/07\/5bec46bf4ace3_1004x564.jpg","width":1004,"height":564},{"@type":"BreadcrumbList","@id":"https:\/\/patagoniambiental.com.ar\/info\/china-avanza-en-el-triangulo-del-litio-en-salta\/#breadcrumb","itemListElement":[{"@type":"ListItem","position":1,"name":"Inicio","item":"https:\/\/patagoniambiental.com.ar\/info\/"},{"@type":"ListItem","position":2,"name":"China avanza en el Triangulo del litio en Salta"}]},{"@type":"WebSite","@id":"https:\/\/patagoniambiental.com.ar\/info\/#website","url":"https:\/\/patagoniambiental.com.ar\/info\/","name":"Patagonia Ambiental","description":"Monitoreo y an\u00e1lisis de la situaci\u00f3n geopol\u00edtica en el mundo y su implicancia en la Patagonia","publisher":{"@id":"https:\/\/patagoniambiental.com.ar\/info\/#organization"},"potentialAction":[{"@type":"SearchAction","target":{"@type":"EntryPoint","urlTemplate":"https:\/\/patagoniambiental.com.ar\/info\/?s={search_term_string}"},"query-input":{"@type":"PropertyValueSpecification","valueRequired":true,"valueName":"search_term_string"}}],"inLanguage":"es"},{"@type":"Organization","@id":"https:\/\/patagoniambiental.com.ar\/info\/#organization","name":"Patagonia Ambiental","url":"https:\/\/patagoniambiental.com.ar\/info\/","logo":{"@type":"ImageObject","inLanguage":"es","@id":"https:\/\/patagoniambiental.com.ar\/info\/#\/schema\/logo\/image\/","url":"https:\/\/patagoniambiental.com.ar\/info\/wp-content\/uploads\/2025\/05\/LOGO-PATAGONIA-AMBIENTAL.png","contentUrl":"https:\/\/patagoniambiental.com.ar\/info\/wp-content\/uploads\/2025\/05\/LOGO-PATAGONIA-AMBIENTAL.png","width":433,"height":250,"caption":"Patagonia Ambiental"},"image":{"@id":"https:\/\/patagoniambiental.com.ar\/info\/#\/schema\/logo\/image\/"},"sameAs":["https:\/\/www.facebook.com\/patagonia.ambiental","https:\/\/x.com\/PatAmb"]},{"@type":"Person","@id":"https:\/\/patagoniambiental.com.ar\/info\/#\/schema\/person\/e5af09d700b2e82cb10c6b8800e0c691","name":"BRAIAN ESTEVEZ","sameAs":["http:\/\/www.patagoniambiental.com.ar"]}]}},"_links":{"self":[{"href":"https:\/\/patagoniambiental.com.ar\/info\/wp-json\/wp\/v2\/posts\/73252","targetHints":{"allow":["GET"]}}],"collection":[{"href":"https:\/\/patagoniambiental.com.ar\/info\/wp-json\/wp\/v2\/posts"}],"about":[{"href":"https:\/\/patagoniambiental.com.ar\/info\/wp-json\/wp\/v2\/types\/post"}],"author":[{"embeddable":true,"href":"https:\/\/patagoniambiental.com.ar\/info\/wp-json\/wp\/v2\/users\/6"}],"replies":[{"embeddable":true,"href":"https:\/\/patagoniambiental.com.ar\/info\/wp-json\/wp\/v2\/comments?post=73252"}],"version-history":[{"count":0,"href":"https:\/\/patagoniambiental.com.ar\/info\/wp-json\/wp\/v2\/posts\/73252\/revisions"}],"wp:featuredmedia":[{"embeddable":true,"href":"https:\/\/patagoniambiental.com.ar\/info\/wp-json\/wp\/v2\/media\/73253"}],"wp:attachment":[{"href":"https:\/\/patagoniambiental.com.ar\/info\/wp-json\/wp\/v2\/media?parent=73252"}],"wp:term":[{"taxonomy":"category","embeddable":true,"href":"https:\/\/patagoniambiental.com.ar\/info\/wp-json\/wp\/v2\/categories?post=73252"},{"taxonomy":"post_tag","embeddable":true,"href":"https:\/\/patagoniambiental.com.ar\/info\/wp-json\/wp\/v2\/tags?post=73252"}],"curies":[{"name":"wp","href":"https:\/\/api.w.org\/{rel}","templated":true}]}}