{"id":73297,"date":"2021-07-08T07:00:00","date_gmt":"2021-07-08T10:00:00","guid":{"rendered":"http:\/\/patagoniambiental.com.ar\/info\/?p=73297"},"modified":"2021-07-08T09:53:19","modified_gmt":"2021-07-08T12:53:19","slug":"dos-neuquinos-te-llevan-por-la-patagonia-con-turismo-virtual","status":"publish","type":"post","link":"https:\/\/patagoniambiental.com.ar\/info\/dos-neuquinos-te-llevan-por-la-patagonia-con-turismo-virtual\/","title":{"rendered":"Dos neuquinos te llevan por la Patagonia con turismo virtual"},"content":{"rendered":"\n<!--more-->\n\n\n\n<h2 class=\"wp-block-heading\">Se puede navegar en kayak o trepar hasta una cascada sin salir de casa, a trav\u00e9s de una filmaci\u00f3n subjetiva en tiempo real con calidad 4K.<\/h2>\n\n\n\n<figure class=\"wp-block-image\"><a href=\"https:\/\/www.lmneuquen.com\/perfil\/1164-ana-laura-calducci\"><img decoding=\"async\" src=\"https:\/\/media.lmneuquen.com\/p\/7793b1212dd8192c196a5eaae32d7e9c\/adjuntos\/195\/autores\/003\/123\/0003123045\/ana-laura-calducci-psdjpg.jpg\" alt=\"\"\/><\/a><\/figure>\n\n\n\n<p>Por&nbsp;<strong><a href=\"https:\/\/www.lmneuquen.com\/perfil\/1164-ana-laura-calducci\">Ana Laura Calducci<\/a><\/strong><a href=\"mailto:calduccia@lmneuquen.com.ar\">calduccia@lmneuquen.com.ar<\/a><\/p>\n\n\n\n<ul class=\"wp-block-list\"><li><\/li><li><\/li><li><\/li><li><\/li><\/ul>\n\n\n\n<figure class=\"wp-block-image\"><img decoding=\"async\" src=\"https:\/\/media.lmneuquen.com\/p\/f60c0d1754fc68d5decc4e8ce1fcc13b\/adjuntos\/195\/imagenes\/006\/479\/0006479670\/la-cueva-del-leon-es-uno-los-atractivos-que-se-puede-recorrer.png\" alt=\"La Cueva del Le\u00f3n es uno de los atractivos que se puede recorrer\" title=\"La Cueva del Le\u00f3n es uno de los atractivos que se puede recorrer | LM Neuquen\"\/><figcaption>La Cueva del Le\u00f3n es uno de los atractivos que se puede recorrer<\/figcaption><\/figure>\n\n\n\n<p>Dos j\u00f3venes neuquinos crearon&nbsp;<strong>un canal de&nbsp;<a href=\"https:\/\/www.lmneuquen.com\/turismo-a257\">turismo<\/a>&nbsp;<a href=\"https:\/\/www.lmneuquen.com\/virtual-a12125\">virtual<\/a><\/strong>&nbsp;para navegar en nuestros lagos o visitar la cordillera desde el living de casa. El proyecto se llama \u201cPatagonia 4K\u201d y surgi\u00f3 a partir del furor mundial por este tipo de contenidos con la pandemia. Para simular la experiencia, te ofrecen una filmaci\u00f3n subjetiva en tiempo real con calidad de ultra alta definici\u00f3n.<\/p>\n\n\n\n<p>Los responsables del proyecto son Nicol\u00e1s Bustamante y Juan Pablo Iozzia, ambos periodistas de la ciudad de Neuqu\u00e9n. A principios del a\u00f1o pasado, los sorprendi\u00f3&nbsp;<strong>la popularidad que ten\u00edan en Youtube las llamadas \u201ccaminatas 4K\u201d<\/strong>, en las que un turista compart\u00eda su recorrida por una ciudad famosa como Par\u00eds, Roma o Nueva York. Con el tiempo, aparecieron tambi\u00e9n los paseos virtuales de este lado del oc\u00e9ano, por Buenos Aires, Montevideo o Santiago de Chile.<\/p>\n\n\n\n<p><\/p>\n\n\n\n<p>\u201cEsos videos de caminatas urbanas ten\u00edan mucho \u00e9xito, sobre todo por grandes ciudades del mundo, porque mucha gente buscaba de alguna manera recorrer&nbsp;<strong>de forma virtual lo que no se pod\u00eda hacer de forma f\u00edsica<\/strong>, presencial, por la cuarentena\u201d, explic\u00f3 Juan Pablo, que se dedica al periodismo tur\u00edstico desde hace a\u00f1os.<\/p>\n\n\n\n<p>Cont\u00f3 que se pusieron a investigar \u201cy encontramos que&nbsp;<strong>no hab\u00eda quien hiciera esto en la provincia<\/strong>, en las ciudades, pero sobre todo con los paisajes que tenemos, porque hay much\u00edsimos senderos por las comarcas andinas, paseos por lagunas, por la cordillera, en kayak\u201d.<\/p>\n\n\n\n<p>Agreg\u00f3 que, a partir de ah\u00ed, se propusieron mostrarle los atractivos tur\u00edsticos de nuestra regi\u00f3n al mundo \u201ccon la misma l\u00f3gica de la gente que buscaba esos contenidos, de escaparse un poco de la pandemia y poner sus ojos en esa c\u00e1mara en primera persona para&nbsp;<strong>que otro le muestre un poco de la riqueza de la&nbsp;<a href=\"https:\/\/www.lmneuquen.com\/patagonia-a683\">Patagonia<\/a><\/strong>&nbsp;y sus principales ciudades\u201d.<\/p>\n\n\n\n<figure class=\"wp-block-image\"><img decoding=\"async\" src=\"https:\/\/media.lmneuquen.com\/p\/98595428e4f620cb31c77e2bbd328a92\/adjuntos\/195\/imagenes\/006\/479\/0006479557\/parque-agreste-ciudad-neuquen_moment2jpg.jpg?0000-00-00-00-00-00\" alt=\"\"\/><\/figure>\n\n\n\n<p>Los videos est\u00e1n disponibles a trav\u00e9s del canal de Youtube \u201cPatagonia 4k\u201d. Hay recorridos urbanos por la Confluencia y tambi\u00e9n visitas a los principales destinos cordilleranos.&nbsp;<strong>El paseo favorito hasta ahora es una caminata por el centro de San Mart\u00edn de los Andes<\/strong>, que super\u00f3 los 8 mil espectadores. Tambi\u00e9n est\u00e1n entre lo m\u00e1s populares el \u201cCity Tour\u201d virtual por Neuqu\u00e9n capital y el sendero a las cascadas del lago \u00d1orquinco, en Alumin\u00e9.<\/p>\n\n\n\n<p>Todas las semanas, publican un nuevo paseo en el canal. Los recorridos incluyen sonido ambiente y&nbsp;<strong>no tienen cortes de edici\u00f3n o publicidad<\/strong>, imitan al m\u00e1ximo la experiencia de estar en cada sitio, as\u00ed sea en medio de la naturaleza o rodeado del movimiento de una ciudad.<\/p>\n\n\n\n<p>Los videos se filman calidad 4K, con&nbsp;<strong>una resoluci\u00f3n cuatro veces m\u00e1s alta que el HD<\/strong>, lo que permite mayor nitidez en los colores y un nivel de detalle que no se consigue con las c\u00e1maras habituales.https:\/\/www.youtube.com\/embed\/D0mVqbSKfxA<\/p>\n\n\n\n<p>Entre las respuestas del p\u00fablico, Juan Pablo destac\u00f3 que \u201ctuvimos comentarios muy interesantes de<strong>&nbsp;personas que no conoc\u00edan muchos lugares<\/strong>, incluso dentro de su ciudad, como la Cueva del Le\u00f3n en Cipolletti o el Parque Agreste de Neuqu\u00e9n\u201d.<\/p>\n\n\n\n<p>\u201cIncluso&nbsp;<strong>han utilizado nuestro material para una escuela primaria<\/strong>; una colega periodista nos coment\u00f3 que a su hijo y sus compa\u00f1eros en el colegio les toc\u00f3 hacer un trabajo pr\u00e1ctico con el paseo por el Parque Agreste, as\u00ed que estamos muy contentos con las devoluciones\u201d, detall\u00f3.<\/p>\n\n\n\n<p>Indic\u00f3 que el proyecto no s\u00f3lo apuna a ofrecer una escapada virtual para quien no puede salir de casa sino tambi\u00e9n \u201ca generar las ganas en la persona que est\u00e1 viendo el video de<strong>\u00a0hacer en un futuro ese paseo presencial<\/strong>\u00a0por la ciudad, por la cordillera o por nuestras playas\u201d.<\/p>\n\n\n\n<p>Fuente: https:\/\/www.lmneuquen.com\/dos-neuquinos-te-llevan-la-patagonia-turismo-virtual-n821487<\/p>\n","protected":false},"excerpt":{"rendered":"","protected":false},"author":6,"featured_media":73298,"comment_status":"open","ping_status":"open","sticky":false,"template":"","format":"standard","meta":{"site-sidebar-layout":"default","site-content-layout":"","ast-site-content-layout":"default","site-content-style":"default","site-sidebar-style":"default","ast-global-header-display":"","ast-banner-title-visibility":"","ast-main-header-display":"","ast-hfb-above-header-display":"","ast-hfb-below-header-display":"","ast-hfb-mobile-header-display":"","site-post-title":"","ast-breadcrumbs-content":"","ast-featured-img":"","footer-sml-layout":"","ast-disable-related-posts":"","theme-transparent-header-meta":"","adv-header-id-meta":"","stick-header-meta":"","header-above-stick-meta":"","header-main-stick-meta":"","header-below-stick-meta":"","astra-migrate-meta-layouts":"default","ast-page-background-enabled":"default","ast-page-background-meta":{"desktop":{"background-color":"var(--ast-global-color-5)","background-image":"","background-repeat":"repeat","background-position":"center center","background-size":"auto","background-attachment":"scroll","background-type":"","background-media":"","overlay-type":"","overlay-color":"","overlay-opacity":"","overlay-gradient":""},"tablet":{"background-color":"","background-image":"","background-repeat":"repeat","background-position":"center center","background-size":"auto","background-attachment":"scroll","background-type":"","background-media":"","overlay-type":"","overlay-color":"","overlay-opacity":"","overlay-gradient":""},"mobile":{"background-color":"","background-image":"","background-repeat":"repeat","background-position":"center center","background-size":"auto","background-attachment":"scroll","background-type":"","background-media":"","overlay-type":"","overlay-color":"","overlay-opacity":"","overlay-gradient":""}},"ast-content-background-meta":{"desktop":{"background-color":"var(--ast-global-color-4)","background-image":"","background-repeat":"repeat","background-position":"center center","background-size":"auto","background-attachment":"scroll","background-type":"","background-media":"","overlay-type":"","overlay-color":"","overlay-opacity":"","overlay-gradient":""},"tablet":{"background-color":"var(--ast-global-color-4)","background-image":"","background-repeat":"repeat","background-position":"center center","background-size":"auto","background-attachment":"scroll","background-type":"","background-media":"","overlay-type":"","overlay-color":"","overlay-opacity":"","overlay-gradient":""},"mobile":{"background-color":"var(--ast-global-color-4)","background-image":"","background-repeat":"repeat","background-position":"center center","background-size":"auto","background-attachment":"scroll","background-type":"","background-media":"","overlay-type":"","overlay-color":"","overlay-opacity":"","overlay-gradient":""}},"footnotes":""},"categories":[18,1,13],"tags":[],"class_list":["post-73297","post","type-post","status-publish","format-standard","has-post-thumbnail","hentry","category-neuquen","category-noticias","category-provinciales"],"yoast_head":"<!-- This site is optimized with the Yoast SEO Premium plugin v23.0 (Yoast SEO v27.5) - https:\/\/yoast.com\/product\/yoast-seo-premium-wordpress\/ -->\n<title>Dos neuquinos te llevan por la Patagonia con turismo virtual<\/title>\n<meta name=\"robots\" content=\"index, follow, max-snippet:-1, max-image-preview:large, max-video-preview:-1\" \/>\n<link rel=\"canonical\" href=\"https:\/\/patagoniambiental.com.ar\/info\/dos-neuquinos-te-llevan-por-la-patagonia-con-turismo-virtual\/\" \/>\n<meta property=\"og:locale\" content=\"es_ES\" \/>\n<meta property=\"og:type\" content=\"article\" \/>\n<meta property=\"og:title\" content=\"Dos neuquinos te llevan por la Patagonia con turismo virtual\" \/>\n<meta property=\"og:url\" content=\"https:\/\/patagoniambiental.com.ar\/info\/dos-neuquinos-te-llevan-por-la-patagonia-con-turismo-virtual\/\" \/>\n<meta property=\"og:site_name\" content=\"Patagonia Ambiental\" \/>\n<meta property=\"article:publisher\" content=\"https:\/\/www.facebook.com\/patagonia.ambiental\" \/>\n<meta property=\"article:published_time\" content=\"2021-07-08T10:00:00+00:00\" \/>\n<meta property=\"article:modified_time\" content=\"2021-07-08T12:53:19+00:00\" \/>\n<meta property=\"og:image\" content=\"https:\/\/patagoniambiental.com.ar\/info\/wp-content\/uploads\/2021\/07\/la-cueva-del-leon-es-uno-los-atractivos-que-se-puede-recorrer.jpg\" \/>\n\t<meta property=\"og:image:width\" content=\"770\" \/>\n\t<meta property=\"og:image:height\" content=\"435\" \/>\n\t<meta property=\"og:image:type\" content=\"image\/jpeg\" \/>\n<meta name=\"author\" content=\"BRAIAN ESTEVEZ\" \/>\n<meta name=\"twitter:card\" content=\"summary_large_image\" \/>\n<meta name=\"twitter:creator\" content=\"@PatAmb\" \/>\n<meta name=\"twitter:site\" content=\"@PatAmb\" \/>\n<script type=\"application\/ld+json\" class=\"yoast-schema-graph\">{\"@context\":\"https:\\\/\\\/schema.org\",\"@graph\":[{\"@type\":\"Article\",\"@id\":\"https:\\\/\\\/patagoniambiental.com.ar\\\/info\\\/dos-neuquinos-te-llevan-por-la-patagonia-con-turismo-virtual\\\/#article\",\"isPartOf\":{\"@id\":\"https:\\\/\\\/patagoniambiental.com.ar\\\/info\\\/dos-neuquinos-te-llevan-por-la-patagonia-con-turismo-virtual\\\/\"},\"author\":{\"name\":\"BRAIAN ESTEVEZ\",\"@id\":\"https:\\\/\\\/patagoniambiental.com.ar\\\/info\\\/#\\\/schema\\\/person\\\/e5af09d700b2e82cb10c6b8800e0c691\"},\"headline\":\"Dos neuquinos te llevan por la Patagonia con turismo virtual\",\"datePublished\":\"2021-07-08T10:00:00+00:00\",\"dateModified\":\"2021-07-08T12:53:19+00:00\",\"mainEntityOfPage\":{\"@id\":\"https:\\\/\\\/patagoniambiental.com.ar\\\/info\\\/dos-neuquinos-te-llevan-por-la-patagonia-con-turismo-virtual\\\/\"},\"wordCount\":716,\"commentCount\":0,\"publisher\":{\"@id\":\"https:\\\/\\\/patagoniambiental.com.ar\\\/info\\\/#organization\"},\"image\":{\"@id\":\"https:\\\/\\\/patagoniambiental.com.ar\\\/info\\\/dos-neuquinos-te-llevan-por-la-patagonia-con-turismo-virtual\\\/#primaryimage\"},\"thumbnailUrl\":\"https:\\\/\\\/patagoniambiental.com.ar\\\/info\\\/wp-content\\\/uploads\\\/2021\\\/07\\\/la-cueva-del-leon-es-uno-los-atractivos-que-se-puede-recorrer.jpg\",\"articleSection\":[\"Neuqu\u00e9n\",\"Noticias\",\"Provinciales\"],\"inLanguage\":\"es\",\"potentialAction\":[{\"@type\":\"CommentAction\",\"name\":\"Comment\",\"target\":[\"https:\\\/\\\/patagoniambiental.com.ar\\\/info\\\/dos-neuquinos-te-llevan-por-la-patagonia-con-turismo-virtual\\\/#respond\"]}]},{\"@type\":\"WebPage\",\"@id\":\"https:\\\/\\\/patagoniambiental.com.ar\\\/info\\\/dos-neuquinos-te-llevan-por-la-patagonia-con-turismo-virtual\\\/\",\"url\":\"https:\\\/\\\/patagoniambiental.com.ar\\\/info\\\/dos-neuquinos-te-llevan-por-la-patagonia-con-turismo-virtual\\\/\",\"name\":\"Dos neuquinos te llevan por la Patagonia con turismo virtual\",\"isPartOf\":{\"@id\":\"https:\\\/\\\/patagoniambiental.com.ar\\\/info\\\/#website\"},\"primaryImageOfPage\":{\"@id\":\"https:\\\/\\\/patagoniambiental.com.ar\\\/info\\\/dos-neuquinos-te-llevan-por-la-patagonia-con-turismo-virtual\\\/#primaryimage\"},\"image\":{\"@id\":\"https:\\\/\\\/patagoniambiental.com.ar\\\/info\\\/dos-neuquinos-te-llevan-por-la-patagonia-con-turismo-virtual\\\/#primaryimage\"},\"thumbnailUrl\":\"https:\\\/\\\/patagoniambiental.com.ar\\\/info\\\/wp-content\\\/uploads\\\/2021\\\/07\\\/la-cueva-del-leon-es-uno-los-atractivos-que-se-puede-recorrer.jpg\",\"datePublished\":\"2021-07-08T10:00:00+00:00\",\"dateModified\":\"2021-07-08T12:53:19+00:00\",\"breadcrumb\":{\"@id\":\"https:\\\/\\\/patagoniambiental.com.ar\\\/info\\\/dos-neuquinos-te-llevan-por-la-patagonia-con-turismo-virtual\\\/#breadcrumb\"},\"inLanguage\":\"es\",\"potentialAction\":[{\"@type\":\"ReadAction\",\"target\":[\"https:\\\/\\\/patagoniambiental.com.ar\\\/info\\\/dos-neuquinos-te-llevan-por-la-patagonia-con-turismo-virtual\\\/\"]}]},{\"@type\":\"ImageObject\",\"inLanguage\":\"es\",\"@id\":\"https:\\\/\\\/patagoniambiental.com.ar\\\/info\\\/dos-neuquinos-te-llevan-por-la-patagonia-con-turismo-virtual\\\/#primaryimage\",\"url\":\"https:\\\/\\\/patagoniambiental.com.ar\\\/info\\\/wp-content\\\/uploads\\\/2021\\\/07\\\/la-cueva-del-leon-es-uno-los-atractivos-que-se-puede-recorrer.jpg\",\"contentUrl\":\"https:\\\/\\\/patagoniambiental.com.ar\\\/info\\\/wp-content\\\/uploads\\\/2021\\\/07\\\/la-cueva-del-leon-es-uno-los-atractivos-que-se-puede-recorrer.jpg\",\"width\":770,\"height\":435},{\"@type\":\"BreadcrumbList\",\"@id\":\"https:\\\/\\\/patagoniambiental.com.ar\\\/info\\\/dos-neuquinos-te-llevan-por-la-patagonia-con-turismo-virtual\\\/#breadcrumb\",\"itemListElement\":[{\"@type\":\"ListItem\",\"position\":1,\"name\":\"Inicio\",\"item\":\"https:\\\/\\\/patagoniambiental.com.ar\\\/info\\\/\"},{\"@type\":\"ListItem\",\"position\":2,\"name\":\"Dos neuquinos te llevan por la Patagonia con turismo virtual\"}]},{\"@type\":\"WebSite\",\"@id\":\"https:\\\/\\\/patagoniambiental.com.ar\\\/info\\\/#website\",\"url\":\"https:\\\/\\\/patagoniambiental.com.ar\\\/info\\\/\",\"name\":\"Patagonia Ambiental\",\"description\":\"Monitoreo y an\u00e1lisis de la situaci\u00f3n geopol\u00edtica en el mundo y su implicancia en la Patagonia\",\"publisher\":{\"@id\":\"https:\\\/\\\/patagoniambiental.com.ar\\\/info\\\/#organization\"},\"potentialAction\":[{\"@type\":\"SearchAction\",\"target\":{\"@type\":\"EntryPoint\",\"urlTemplate\":\"https:\\\/\\\/patagoniambiental.com.ar\\\/info\\\/?s={search_term_string}\"},\"query-input\":{\"@type\":\"PropertyValueSpecification\",\"valueRequired\":true,\"valueName\":\"search_term_string\"}}],\"inLanguage\":\"es\"},{\"@type\":\"Organization\",\"@id\":\"https:\\\/\\\/patagoniambiental.com.ar\\\/info\\\/#organization\",\"name\":\"Patagonia Ambiental\",\"url\":\"https:\\\/\\\/patagoniambiental.com.ar\\\/info\\\/\",\"logo\":{\"@type\":\"ImageObject\",\"inLanguage\":\"es\",\"@id\":\"https:\\\/\\\/patagoniambiental.com.ar\\\/info\\\/#\\\/schema\\\/logo\\\/image\\\/\",\"url\":\"https:\\\/\\\/patagoniambiental.com.ar\\\/info\\\/wp-content\\\/uploads\\\/2025\\\/05\\\/LOGO-PATAGONIA-AMBIENTAL.png\",\"contentUrl\":\"https:\\\/\\\/patagoniambiental.com.ar\\\/info\\\/wp-content\\\/uploads\\\/2025\\\/05\\\/LOGO-PATAGONIA-AMBIENTAL.png\",\"width\":433,\"height\":250,\"caption\":\"Patagonia Ambiental\"},\"image\":{\"@id\":\"https:\\\/\\\/patagoniambiental.com.ar\\\/info\\\/#\\\/schema\\\/logo\\\/image\\\/\"},\"sameAs\":[\"https:\\\/\\\/www.facebook.com\\\/patagonia.ambiental\",\"https:\\\/\\\/x.com\\\/PatAmb\"]},{\"@type\":\"Person\",\"@id\":\"https:\\\/\\\/patagoniambiental.com.ar\\\/info\\\/#\\\/schema\\\/person\\\/e5af09d700b2e82cb10c6b8800e0c691\",\"name\":\"BRAIAN ESTEVEZ\",\"sameAs\":[\"http:\\\/\\\/www.patagoniambiental.com.ar\"]}]}<\/script>\n<!-- \/ Yoast SEO Premium plugin. -->","yoast_head_json":{"title":"Dos neuquinos te llevan por la Patagonia con turismo virtual","robots":{"index":"index","follow":"follow","max-snippet":"max-snippet:-1","max-image-preview":"max-image-preview:large","max-video-preview":"max-video-preview:-1"},"canonical":"https:\/\/patagoniambiental.com.ar\/info\/dos-neuquinos-te-llevan-por-la-patagonia-con-turismo-virtual\/","og_locale":"es_ES","og_type":"article","og_title":"Dos neuquinos te llevan por la Patagonia con turismo virtual","og_url":"https:\/\/patagoniambiental.com.ar\/info\/dos-neuquinos-te-llevan-por-la-patagonia-con-turismo-virtual\/","og_site_name":"Patagonia Ambiental","article_publisher":"https:\/\/www.facebook.com\/patagonia.ambiental","article_published_time":"2021-07-08T10:00:00+00:00","article_modified_time":"2021-07-08T12:53:19+00:00","og_image":[{"width":770,"height":435,"url":"https:\/\/patagoniambiental.com.ar\/info\/wp-content\/uploads\/2021\/07\/la-cueva-del-leon-es-uno-los-atractivos-que-se-puede-recorrer.jpg","type":"image\/jpeg"}],"author":"BRAIAN ESTEVEZ","twitter_card":"summary_large_image","twitter_creator":"@PatAmb","twitter_site":"@PatAmb","schema":{"@context":"https:\/\/schema.org","@graph":[{"@type":"Article","@id":"https:\/\/patagoniambiental.com.ar\/info\/dos-neuquinos-te-llevan-por-la-patagonia-con-turismo-virtual\/#article","isPartOf":{"@id":"https:\/\/patagoniambiental.com.ar\/info\/dos-neuquinos-te-llevan-por-la-patagonia-con-turismo-virtual\/"},"author":{"name":"BRAIAN ESTEVEZ","@id":"https:\/\/patagoniambiental.com.ar\/info\/#\/schema\/person\/e5af09d700b2e82cb10c6b8800e0c691"},"headline":"Dos neuquinos te llevan por la Patagonia con turismo virtual","datePublished":"2021-07-08T10:00:00+00:00","dateModified":"2021-07-08T12:53:19+00:00","mainEntityOfPage":{"@id":"https:\/\/patagoniambiental.com.ar\/info\/dos-neuquinos-te-llevan-por-la-patagonia-con-turismo-virtual\/"},"wordCount":716,"commentCount":0,"publisher":{"@id":"https:\/\/patagoniambiental.com.ar\/info\/#organization"},"image":{"@id":"https:\/\/patagoniambiental.com.ar\/info\/dos-neuquinos-te-llevan-por-la-patagonia-con-turismo-virtual\/#primaryimage"},"thumbnailUrl":"https:\/\/patagoniambiental.com.ar\/info\/wp-content\/uploads\/2021\/07\/la-cueva-del-leon-es-uno-los-atractivos-que-se-puede-recorrer.jpg","articleSection":["Neuqu\u00e9n","Noticias","Provinciales"],"inLanguage":"es","potentialAction":[{"@type":"CommentAction","name":"Comment","target":["https:\/\/patagoniambiental.com.ar\/info\/dos-neuquinos-te-llevan-por-la-patagonia-con-turismo-virtual\/#respond"]}]},{"@type":"WebPage","@id":"https:\/\/patagoniambiental.com.ar\/info\/dos-neuquinos-te-llevan-por-la-patagonia-con-turismo-virtual\/","url":"https:\/\/patagoniambiental.com.ar\/info\/dos-neuquinos-te-llevan-por-la-patagonia-con-turismo-virtual\/","name":"Dos neuquinos te llevan por la Patagonia con turismo virtual","isPartOf":{"@id":"https:\/\/patagoniambiental.com.ar\/info\/#website"},"primaryImageOfPage":{"@id":"https:\/\/patagoniambiental.com.ar\/info\/dos-neuquinos-te-llevan-por-la-patagonia-con-turismo-virtual\/#primaryimage"},"image":{"@id":"https:\/\/patagoniambiental.com.ar\/info\/dos-neuquinos-te-llevan-por-la-patagonia-con-turismo-virtual\/#primaryimage"},"thumbnailUrl":"https:\/\/patagoniambiental.com.ar\/info\/wp-content\/uploads\/2021\/07\/la-cueva-del-leon-es-uno-los-atractivos-que-se-puede-recorrer.jpg","datePublished":"2021-07-08T10:00:00+00:00","dateModified":"2021-07-08T12:53:19+00:00","breadcrumb":{"@id":"https:\/\/patagoniambiental.com.ar\/info\/dos-neuquinos-te-llevan-por-la-patagonia-con-turismo-virtual\/#breadcrumb"},"inLanguage":"es","potentialAction":[{"@type":"ReadAction","target":["https:\/\/patagoniambiental.com.ar\/info\/dos-neuquinos-te-llevan-por-la-patagonia-con-turismo-virtual\/"]}]},{"@type":"ImageObject","inLanguage":"es","@id":"https:\/\/patagoniambiental.com.ar\/info\/dos-neuquinos-te-llevan-por-la-patagonia-con-turismo-virtual\/#primaryimage","url":"https:\/\/patagoniambiental.com.ar\/info\/wp-content\/uploads\/2021\/07\/la-cueva-del-leon-es-uno-los-atractivos-que-se-puede-recorrer.jpg","contentUrl":"https:\/\/patagoniambiental.com.ar\/info\/wp-content\/uploads\/2021\/07\/la-cueva-del-leon-es-uno-los-atractivos-que-se-puede-recorrer.jpg","width":770,"height":435},{"@type":"BreadcrumbList","@id":"https:\/\/patagoniambiental.com.ar\/info\/dos-neuquinos-te-llevan-por-la-patagonia-con-turismo-virtual\/#breadcrumb","itemListElement":[{"@type":"ListItem","position":1,"name":"Inicio","item":"https:\/\/patagoniambiental.com.ar\/info\/"},{"@type":"ListItem","position":2,"name":"Dos neuquinos te llevan por la Patagonia con turismo virtual"}]},{"@type":"WebSite","@id":"https:\/\/patagoniambiental.com.ar\/info\/#website","url":"https:\/\/patagoniambiental.com.ar\/info\/","name":"Patagonia Ambiental","description":"Monitoreo y an\u00e1lisis de la situaci\u00f3n geopol\u00edtica en el mundo y su implicancia en la Patagonia","publisher":{"@id":"https:\/\/patagoniambiental.com.ar\/info\/#organization"},"potentialAction":[{"@type":"SearchAction","target":{"@type":"EntryPoint","urlTemplate":"https:\/\/patagoniambiental.com.ar\/info\/?s={search_term_string}"},"query-input":{"@type":"PropertyValueSpecification","valueRequired":true,"valueName":"search_term_string"}}],"inLanguage":"es"},{"@type":"Organization","@id":"https:\/\/patagoniambiental.com.ar\/info\/#organization","name":"Patagonia Ambiental","url":"https:\/\/patagoniambiental.com.ar\/info\/","logo":{"@type":"ImageObject","inLanguage":"es","@id":"https:\/\/patagoniambiental.com.ar\/info\/#\/schema\/logo\/image\/","url":"https:\/\/patagoniambiental.com.ar\/info\/wp-content\/uploads\/2025\/05\/LOGO-PATAGONIA-AMBIENTAL.png","contentUrl":"https:\/\/patagoniambiental.com.ar\/info\/wp-content\/uploads\/2025\/05\/LOGO-PATAGONIA-AMBIENTAL.png","width":433,"height":250,"caption":"Patagonia Ambiental"},"image":{"@id":"https:\/\/patagoniambiental.com.ar\/info\/#\/schema\/logo\/image\/"},"sameAs":["https:\/\/www.facebook.com\/patagonia.ambiental","https:\/\/x.com\/PatAmb"]},{"@type":"Person","@id":"https:\/\/patagoniambiental.com.ar\/info\/#\/schema\/person\/e5af09d700b2e82cb10c6b8800e0c691","name":"BRAIAN ESTEVEZ","sameAs":["http:\/\/www.patagoniambiental.com.ar"]}]}},"_links":{"self":[{"href":"https:\/\/patagoniambiental.com.ar\/info\/wp-json\/wp\/v2\/posts\/73297","targetHints":{"allow":["GET"]}}],"collection":[{"href":"https:\/\/patagoniambiental.com.ar\/info\/wp-json\/wp\/v2\/posts"}],"about":[{"href":"https:\/\/patagoniambiental.com.ar\/info\/wp-json\/wp\/v2\/types\/post"}],"author":[{"embeddable":true,"href":"https:\/\/patagoniambiental.com.ar\/info\/wp-json\/wp\/v2\/users\/6"}],"replies":[{"embeddable":true,"href":"https:\/\/patagoniambiental.com.ar\/info\/wp-json\/wp\/v2\/comments?post=73297"}],"version-history":[{"count":0,"href":"https:\/\/patagoniambiental.com.ar\/info\/wp-json\/wp\/v2\/posts\/73297\/revisions"}],"wp:featuredmedia":[{"embeddable":true,"href":"https:\/\/patagoniambiental.com.ar\/info\/wp-json\/wp\/v2\/media\/73298"}],"wp:attachment":[{"href":"https:\/\/patagoniambiental.com.ar\/info\/wp-json\/wp\/v2\/media?parent=73297"}],"wp:term":[{"taxonomy":"category","embeddable":true,"href":"https:\/\/patagoniambiental.com.ar\/info\/wp-json\/wp\/v2\/categories?post=73297"},{"taxonomy":"post_tag","embeddable":true,"href":"https:\/\/patagoniambiental.com.ar\/info\/wp-json\/wp\/v2\/tags?post=73297"}],"curies":[{"name":"wp","href":"https:\/\/api.w.org\/{rel}","templated":true}]}}