{"id":73306,"date":"2021-07-08T17:23:45","date_gmt":"2021-07-08T20:23:45","guid":{"rendered":"http:\/\/patagoniambiental.com.ar\/info\/?p=73306"},"modified":"2021-07-08T17:23:49","modified_gmt":"2021-07-08T20:23:49","slug":"la-unrn-abre-la-maestria-en-agroecologia-en-la-sede-andina","status":"publish","type":"post","link":"https:\/\/patagoniambiental.com.ar\/info\/la-unrn-abre-la-maestria-en-agroecologia-en-la-sede-andina\/","title":{"rendered":"La UNRN abre la Maestr\u00eda en Agroecolog\u00eda en la Sede Andina"},"content":{"rendered":"\n<!--more-->\n\n\n\n<p><em>Bariloche, 8 de julio de 2021.-<\/em>&nbsp;La Sede Andina de la Universidad Nacional de R\u00edo Negro abre la inscripci\u00f3n a la Maestr\u00eda en Agroecolog\u00eda a dictarse en las ciudades de El Bols\u00f3n y San Carlos de Bariloche.<\/p>\n\n\n\n<p>La Maestr\u00eda en Agroecolog\u00eda propone&nbsp;generar capacidades cient\u00edficas y propender a la formaci\u00f3n de investigadoras, investigadores y profesionales con capacidades cient\u00edficas de alto nivel en Agroecolog\u00eda, y con un adecuado marco te\u00f3rico, conocimientos pr\u00e1cticos y base cient\u00edfica que sean capaces de abordar los problemas inherentes a la transici\u00f3n de sistemas productivos convencionales a agroecol\u00f3gicos.<\/p>\n\n\n\n<p>La agroecolog\u00eda es un campo de conocimiento transdisciplinar emergente y esta carrera pretende consolidar l\u00edneas de investigaci\u00f3n y desarrollo tecnol\u00f3gico aplicado a la transformaci\u00f3n de los sistemas agrarios convencionales en sistemas sustentables desde lo ecol\u00f3gico, social y econ\u00f3mico (transici\u00f3n).<\/p>\n\n\n\n<p>El plantel docente de la formaci\u00f3n estar\u00e1 integrado mayormente por las y los reconocidos docentes e investigadores que se desempe\u00f1an en la UNRN, el INTA y el CONICET, con lugar de trabajo en las diferentes unidades ejecutoras de investigaci\u00f3n, como institutos, centros y laboratorios, del campo de las ciencias agropecuarias, biol\u00f3gicas y sociales.<\/p>\n\n\n\n<p>La maestr\u00eda, acreditada por la CONEAU, tiene una duraci\u00f3n de dos a\u00f1os e incluye la realizaci\u00f3n de una tesis.&nbsp;La carrera totaliza 716 horas y est\u00e1 organizada en cuatro ciclos cuatrimestrales de cursado en los que se desarrollan seminarios, cursos y talleres de 556 horas de formaci\u00f3n. Estas instancias deber\u00e1n ser aprobadas para poder realizar la tesis y su posterior defensa, lo que equivale a 160 horas.<\/p>\n\n\n\n<p>La carrera se estructura en dos ciclos que agrupan diferentes espacios curriculares: asignaturas obligatorias y asignaturas electivas, conforme a su caracterizaci\u00f3n de plan de estudios semi-estructurado.<\/p>\n\n\n\n<p>Durante el desarrollo de los cuatro cuatrimestres se ofrecen siete cursos\/talleres que totalizan 276 horas del ciclo Obligatorio. Simult\u00e1neo a su cursado se desarrolla el Ciclo de Formaci\u00f3n Electivo, cuyo prop\u00f3sito es permitir que las y los maestrandos se orienten en funci\u00f3n de su inter\u00e9s particular en el campo de los sistemas productivos y de acuerdo al tema de investigaci\u00f3n\/tesis elegido. El ciclo electivo abarca los mismos ejes de formaci\u00f3n que el obligatorio y totaliza 280 horas que se desarrollan en siete y cursos\/talleres y un programa de seminarios.<\/p>\n\n\n\n<p>La modalidad de dictado de la maestr\u00eda es presencial, pero dadas las actuales condiciones en el marco de la pandemia ocasionada por el COVID 19, el primer cuatrimestre se desarrollar\u00e1 de forma virtual. Se prev\u00e9 el inicio del posgrado para la cuarta semana de septiembre.<\/p>\n\n\n\n<p>Es un requisito para ingresar a la carrera contar con t\u00edtulo universitario de grado de cuatro a\u00f1os o m\u00e1s de duraci\u00f3n en el campo de las ciencias agropecuarias o afines. Si bien el campo de la agroecolog\u00eda es inherente a las y los profesionales de las ciencias agrarias, su car\u00e1cter integral e interdisciplinar incluye a otras y otros profesionales. En este sentido, podr\u00e1n tambi\u00e9n cursar la carrera quienes ya tengan pertenencia profesional o acad\u00e9mica al campo de la agroecolog\u00eda, posean t\u00edtulo de grado y cuenten con la aceptaci\u00f3n de la Comisi\u00f3n Acad\u00e9mica de la carrera, a quien le deben solicitar la admisi\u00f3n seg\u00fan lo que dictamine el reglamento de la carrera. Asimismo, podr\u00e1n ingresar a la carrera profesionales que posean titulaci\u00f3n de carrera de cuatro a\u00f1os o menos de duraci\u00f3n en el campo agropecuario, soliciten admisi\u00f3n a la Comisi\u00f3n Acad\u00e9mica y cumplimenten los requisitos complementarios de formaci\u00f3n que establezca la misma, de acuerdo con lo establecido en las normativas universitarias y nacionales vigentes.<\/p>\n\n\n\n<p>La inscripci\u00f3n permanecer\u00e1 abierta hasta el 31 de agosto de 2021. Para&nbsp;<a href=\"https:\/\/forms.gle\/xdkmUZpuUKEhZdfq8\" target=\"_blank\" rel=\"noreferrer noopener\">preinscribirse ingresar aqu\u00ed&nbsp;<\/a>&nbsp;<\/p>\n\n\n\n<p>El mail para consultas y para enviar documentaci\u00f3n para la inscripci\u00f3n es:&nbsp;<a href=\"mailto:magro.andina@unrn.edu.ar\" target=\"_blank\" rel=\"noreferrer noopener\">magro.andina@unrn.edu.ar<\/a>&nbsp;<\/p>\n\n\n\n<p>Para informaci\u00f3n ampliada,<a href=\"https:\/\/bit.ly\/aperturaMAGROUNRN\" target=\"_blank\" rel=\"noreferrer noopener\">&nbsp;ingresar aqu\u00ed<\/a><\/p>\n\n\n\n<p><em>Fuente: <\/em>Departamento de Comunicaci\u00f3nUniversidad Nacional de R\u00edo Negro &#8211; Sede Andina\u00a0Mitre 630 1\u00ba \u00abB\u00bb &#8211; San Carlos de Bariloche(0294) 474 6118<a rel=\"noreferrer noopener\" href=\"mailto:comunicacion.andina@unrn.edu.ar\" target=\"_blank\">comunicacion.andina@unrn.edu.ar<\/a><a rel=\"noreferrer noopener\" href=\"http:\/\/www.unrn.edu.ar\/\" target=\"_blank\">www.unrn.edu.ar<\/a>Facebook: @<a rel=\"noreferrer noopener\" href=\"https:\/\/www.facebook.com\/unrnsedeandina\" target=\"_blank\">unrnsedeandina<\/a><br>Twitter: @unrnsedeandina<br>Instagram: Instagram\/@unrionegro<a rel=\"noreferrer noopener\" href=\"http:\/\/www.unrn.tv\/\" target=\"_blank\">www.unrn.tv<\/a><br>www.raund.media<\/p>\n","protected":false},"excerpt":{"rendered":"","protected":false},"author":6,"featured_media":73307,"comment_status":"open","ping_status":"open","sticky":false,"template":"","format":"standard","meta":{"site-sidebar-layout":"default","site-content-layout":"","ast-site-content-layout":"default","site-content-style":"default","site-sidebar-style":"default","ast-global-header-display":"","ast-banner-title-visibility":"","ast-main-header-display":"","ast-hfb-above-header-display":"","ast-hfb-below-header-display":"","ast-hfb-mobile-header-display":"","site-post-title":"","ast-breadcrumbs-content":"","ast-featured-img":"","footer-sml-layout":"","ast-disable-related-posts":"","theme-transparent-header-meta":"","adv-header-id-meta":"","stick-header-meta":"","header-above-stick-meta":"","header-main-stick-meta":"","header-below-stick-meta":"","astra-migrate-meta-layouts":"default","ast-page-background-enabled":"default","ast-page-background-meta":{"desktop":{"background-color":"var(--ast-global-color-5)","background-image":"","background-repeat":"repeat","background-position":"center center","background-size":"auto","background-attachment":"scroll","background-type":"","background-media":"","overlay-type":"","overlay-color":"","overlay-opacity":"","overlay-gradient":""},"tablet":{"background-color":"","background-image":"","background-repeat":"repeat","background-position":"center center","background-size":"auto","background-attachment":"scroll","background-type":"","background-media":"","overlay-type":"","overlay-color":"","overlay-opacity":"","overlay-gradient":""},"mobile":{"background-color":"","background-image":"","background-repeat":"repeat","background-position":"center center","background-size":"auto","background-attachment":"scroll","background-type":"","background-media":"","overlay-type":"","overlay-color":"","overlay-opacity":"","overlay-gradient":""}},"ast-content-background-meta":{"desktop":{"background-color":"var(--ast-global-color-4)","background-image":"","background-repeat":"repeat","background-position":"center center","background-size":"auto","background-attachment":"scroll","background-type":"","background-media":"","overlay-type":"","overlay-color":"","overlay-opacity":"","overlay-gradient":""},"tablet":{"background-color":"var(--ast-global-color-4)","background-image":"","background-repeat":"repeat","background-position":"center center","background-size":"auto","background-attachment":"scroll","background-type":"","background-media":"","overlay-type":"","overlay-color":"","overlay-opacity":"","overlay-gradient":""},"mobile":{"background-color":"var(--ast-global-color-4)","background-image":"","background-repeat":"repeat","background-position":"center center","background-size":"auto","background-attachment":"scroll","background-type":"","background-media":"","overlay-type":"","overlay-color":"","overlay-opacity":"","overlay-gradient":""}},"footnotes":""},"categories":[11,1,13,14,10],"tags":[],"class_list":["post-73306","post","type-post","status-publish","format-standard","has-post-thumbnail","hentry","category-boletin","category-noticias","category-provinciales","category-rio-negro","category-rotador"],"yoast_head":"<!-- This site is optimized with the Yoast SEO Premium plugin v23.0 (Yoast SEO v27.5) - https:\/\/yoast.com\/product\/yoast-seo-premium-wordpress\/ -->\n<title>La UNRN abre la Maestr\u00eda en Agroecolog\u00eda en la Sede Andina<\/title>\n<meta name=\"robots\" content=\"index, follow, max-snippet:-1, max-image-preview:large, max-video-preview:-1\" \/>\n<link rel=\"canonical\" href=\"https:\/\/patagoniambiental.com.ar\/info\/la-unrn-abre-la-maestria-en-agroecologia-en-la-sede-andina\/\" \/>\n<meta property=\"og:locale\" content=\"es_ES\" \/>\n<meta property=\"og:type\" content=\"article\" \/>\n<meta property=\"og:title\" content=\"La UNRN abre la Maestr\u00eda en Agroecolog\u00eda en la Sede Andina\" \/>\n<meta property=\"og:url\" content=\"https:\/\/patagoniambiental.com.ar\/info\/la-unrn-abre-la-maestria-en-agroecologia-en-la-sede-andina\/\" \/>\n<meta property=\"og:site_name\" content=\"Patagonia Ambiental\" \/>\n<meta property=\"article:publisher\" content=\"https:\/\/www.facebook.com\/patagonia.ambiental\" \/>\n<meta property=\"article:published_time\" content=\"2021-07-08T20:23:45+00:00\" \/>\n<meta property=\"article:modified_time\" content=\"2021-07-08T20:23:49+00:00\" \/>\n<meta property=\"og:image\" content=\"https:\/\/patagoniambiental.com.ar\/info\/wp-content\/uploads\/2021\/07\/Maestria-en-Agroecologia-01.png\" \/>\n\t<meta property=\"og:image:width\" content=\"601\" \/>\n\t<meta property=\"og:image:height\" content=\"600\" \/>\n\t<meta property=\"og:image:type\" content=\"image\/png\" \/>\n<meta name=\"author\" content=\"BRAIAN ESTEVEZ\" \/>\n<meta name=\"twitter:card\" content=\"summary_large_image\" \/>\n<meta name=\"twitter:creator\" content=\"@PatAmb\" \/>\n<meta name=\"twitter:site\" content=\"@PatAmb\" \/>\n<script type=\"application\/ld+json\" class=\"yoast-schema-graph\">{\"@context\":\"https:\\\/\\\/schema.org\",\"@graph\":[{\"@type\":\"Article\",\"@id\":\"https:\\\/\\\/patagoniambiental.com.ar\\\/info\\\/la-unrn-abre-la-maestria-en-agroecologia-en-la-sede-andina\\\/#article\",\"isPartOf\":{\"@id\":\"https:\\\/\\\/patagoniambiental.com.ar\\\/info\\\/la-unrn-abre-la-maestria-en-agroecologia-en-la-sede-andina\\\/\"},\"author\":{\"name\":\"BRAIAN ESTEVEZ\",\"@id\":\"https:\\\/\\\/patagoniambiental.com.ar\\\/info\\\/#\\\/schema\\\/person\\\/e5af09d700b2e82cb10c6b8800e0c691\"},\"headline\":\"La UNRN abre la Maestr\u00eda en Agroecolog\u00eda en la Sede Andina\",\"datePublished\":\"2021-07-08T20:23:45+00:00\",\"dateModified\":\"2021-07-08T20:23:49+00:00\",\"mainEntityOfPage\":{\"@id\":\"https:\\\/\\\/patagoniambiental.com.ar\\\/info\\\/la-unrn-abre-la-maestria-en-agroecologia-en-la-sede-andina\\\/\"},\"wordCount\":736,\"commentCount\":0,\"publisher\":{\"@id\":\"https:\\\/\\\/patagoniambiental.com.ar\\\/info\\\/#organization\"},\"image\":{\"@id\":\"https:\\\/\\\/patagoniambiental.com.ar\\\/info\\\/la-unrn-abre-la-maestria-en-agroecologia-en-la-sede-andina\\\/#primaryimage\"},\"thumbnailUrl\":\"https:\\\/\\\/patagoniambiental.com.ar\\\/info\\\/wp-content\\\/uploads\\\/2021\\\/07\\\/Maestria-en-Agroecologia-01.png\",\"articleSection\":[\"Bolet\u00edn\",\"Noticias\",\"Provinciales\",\"R\u00edo Negro\",\"Rotador\"],\"inLanguage\":\"es\",\"potentialAction\":[{\"@type\":\"CommentAction\",\"name\":\"Comment\",\"target\":[\"https:\\\/\\\/patagoniambiental.com.ar\\\/info\\\/la-unrn-abre-la-maestria-en-agroecologia-en-la-sede-andina\\\/#respond\"]}]},{\"@type\":\"WebPage\",\"@id\":\"https:\\\/\\\/patagoniambiental.com.ar\\\/info\\\/la-unrn-abre-la-maestria-en-agroecologia-en-la-sede-andina\\\/\",\"url\":\"https:\\\/\\\/patagoniambiental.com.ar\\\/info\\\/la-unrn-abre-la-maestria-en-agroecologia-en-la-sede-andina\\\/\",\"name\":\"La UNRN abre la Maestr\u00eda en Agroecolog\u00eda en la Sede Andina\",\"isPartOf\":{\"@id\":\"https:\\\/\\\/patagoniambiental.com.ar\\\/info\\\/#website\"},\"primaryImageOfPage\":{\"@id\":\"https:\\\/\\\/patagoniambiental.com.ar\\\/info\\\/la-unrn-abre-la-maestria-en-agroecologia-en-la-sede-andina\\\/#primaryimage\"},\"image\":{\"@id\":\"https:\\\/\\\/patagoniambiental.com.ar\\\/info\\\/la-unrn-abre-la-maestria-en-agroecologia-en-la-sede-andina\\\/#primaryimage\"},\"thumbnailUrl\":\"https:\\\/\\\/patagoniambiental.com.ar\\\/info\\\/wp-content\\\/uploads\\\/2021\\\/07\\\/Maestria-en-Agroecologia-01.png\",\"datePublished\":\"2021-07-08T20:23:45+00:00\",\"dateModified\":\"2021-07-08T20:23:49+00:00\",\"breadcrumb\":{\"@id\":\"https:\\\/\\\/patagoniambiental.com.ar\\\/info\\\/la-unrn-abre-la-maestria-en-agroecologia-en-la-sede-andina\\\/#breadcrumb\"},\"inLanguage\":\"es\",\"potentialAction\":[{\"@type\":\"ReadAction\",\"target\":[\"https:\\\/\\\/patagoniambiental.com.ar\\\/info\\\/la-unrn-abre-la-maestria-en-agroecologia-en-la-sede-andina\\\/\"]}]},{\"@type\":\"ImageObject\",\"inLanguage\":\"es\",\"@id\":\"https:\\\/\\\/patagoniambiental.com.ar\\\/info\\\/la-unrn-abre-la-maestria-en-agroecologia-en-la-sede-andina\\\/#primaryimage\",\"url\":\"https:\\\/\\\/patagoniambiental.com.ar\\\/info\\\/wp-content\\\/uploads\\\/2021\\\/07\\\/Maestria-en-Agroecologia-01.png\",\"contentUrl\":\"https:\\\/\\\/patagoniambiental.com.ar\\\/info\\\/wp-content\\\/uploads\\\/2021\\\/07\\\/Maestria-en-Agroecologia-01.png\",\"width\":601,\"height\":600},{\"@type\":\"BreadcrumbList\",\"@id\":\"https:\\\/\\\/patagoniambiental.com.ar\\\/info\\\/la-unrn-abre-la-maestria-en-agroecologia-en-la-sede-andina\\\/#breadcrumb\",\"itemListElement\":[{\"@type\":\"ListItem\",\"position\":1,\"name\":\"Inicio\",\"item\":\"https:\\\/\\\/patagoniambiental.com.ar\\\/info\\\/\"},{\"@type\":\"ListItem\",\"position\":2,\"name\":\"La UNRN abre la Maestr\u00eda en Agroecolog\u00eda en la Sede Andina\"}]},{\"@type\":\"WebSite\",\"@id\":\"https:\\\/\\\/patagoniambiental.com.ar\\\/info\\\/#website\",\"url\":\"https:\\\/\\\/patagoniambiental.com.ar\\\/info\\\/\",\"name\":\"Patagonia Ambiental\",\"description\":\"Monitoreo y an\u00e1lisis de la situaci\u00f3n geopol\u00edtica en el mundo y su implicancia en la Patagonia\",\"publisher\":{\"@id\":\"https:\\\/\\\/patagoniambiental.com.ar\\\/info\\\/#organization\"},\"potentialAction\":[{\"@type\":\"SearchAction\",\"target\":{\"@type\":\"EntryPoint\",\"urlTemplate\":\"https:\\\/\\\/patagoniambiental.com.ar\\\/info\\\/?s={search_term_string}\"},\"query-input\":{\"@type\":\"PropertyValueSpecification\",\"valueRequired\":true,\"valueName\":\"search_term_string\"}}],\"inLanguage\":\"es\"},{\"@type\":\"Organization\",\"@id\":\"https:\\\/\\\/patagoniambiental.com.ar\\\/info\\\/#organization\",\"name\":\"Patagonia Ambiental\",\"url\":\"https:\\\/\\\/patagoniambiental.com.ar\\\/info\\\/\",\"logo\":{\"@type\":\"ImageObject\",\"inLanguage\":\"es\",\"@id\":\"https:\\\/\\\/patagoniambiental.com.ar\\\/info\\\/#\\\/schema\\\/logo\\\/image\\\/\",\"url\":\"https:\\\/\\\/patagoniambiental.com.ar\\\/info\\\/wp-content\\\/uploads\\\/2025\\\/05\\\/LOGO-PATAGONIA-AMBIENTAL.png\",\"contentUrl\":\"https:\\\/\\\/patagoniambiental.com.ar\\\/info\\\/wp-content\\\/uploads\\\/2025\\\/05\\\/LOGO-PATAGONIA-AMBIENTAL.png\",\"width\":433,\"height\":250,\"caption\":\"Patagonia Ambiental\"},\"image\":{\"@id\":\"https:\\\/\\\/patagoniambiental.com.ar\\\/info\\\/#\\\/schema\\\/logo\\\/image\\\/\"},\"sameAs\":[\"https:\\\/\\\/www.facebook.com\\\/patagonia.ambiental\",\"https:\\\/\\\/x.com\\\/PatAmb\"]},{\"@type\":\"Person\",\"@id\":\"https:\\\/\\\/patagoniambiental.com.ar\\\/info\\\/#\\\/schema\\\/person\\\/e5af09d700b2e82cb10c6b8800e0c691\",\"name\":\"BRAIAN ESTEVEZ\",\"sameAs\":[\"http:\\\/\\\/www.patagoniambiental.com.ar\"]}]}<\/script>\n<!-- \/ Yoast SEO Premium plugin. -->","yoast_head_json":{"title":"La UNRN abre la Maestr\u00eda en Agroecolog\u00eda en la Sede Andina","robots":{"index":"index","follow":"follow","max-snippet":"max-snippet:-1","max-image-preview":"max-image-preview:large","max-video-preview":"max-video-preview:-1"},"canonical":"https:\/\/patagoniambiental.com.ar\/info\/la-unrn-abre-la-maestria-en-agroecologia-en-la-sede-andina\/","og_locale":"es_ES","og_type":"article","og_title":"La UNRN abre la Maestr\u00eda en Agroecolog\u00eda en la Sede Andina","og_url":"https:\/\/patagoniambiental.com.ar\/info\/la-unrn-abre-la-maestria-en-agroecologia-en-la-sede-andina\/","og_site_name":"Patagonia Ambiental","article_publisher":"https:\/\/www.facebook.com\/patagonia.ambiental","article_published_time":"2021-07-08T20:23:45+00:00","article_modified_time":"2021-07-08T20:23:49+00:00","og_image":[{"width":601,"height":600,"url":"https:\/\/patagoniambiental.com.ar\/info\/wp-content\/uploads\/2021\/07\/Maestria-en-Agroecologia-01.png","type":"image\/png"}],"author":"BRAIAN ESTEVEZ","twitter_card":"summary_large_image","twitter_creator":"@PatAmb","twitter_site":"@PatAmb","schema":{"@context":"https:\/\/schema.org","@graph":[{"@type":"Article","@id":"https:\/\/patagoniambiental.com.ar\/info\/la-unrn-abre-la-maestria-en-agroecologia-en-la-sede-andina\/#article","isPartOf":{"@id":"https:\/\/patagoniambiental.com.ar\/info\/la-unrn-abre-la-maestria-en-agroecologia-en-la-sede-andina\/"},"author":{"name":"BRAIAN ESTEVEZ","@id":"https:\/\/patagoniambiental.com.ar\/info\/#\/schema\/person\/e5af09d700b2e82cb10c6b8800e0c691"},"headline":"La UNRN abre la Maestr\u00eda en Agroecolog\u00eda en la Sede Andina","datePublished":"2021-07-08T20:23:45+00:00","dateModified":"2021-07-08T20:23:49+00:00","mainEntityOfPage":{"@id":"https:\/\/patagoniambiental.com.ar\/info\/la-unrn-abre-la-maestria-en-agroecologia-en-la-sede-andina\/"},"wordCount":736,"commentCount":0,"publisher":{"@id":"https:\/\/patagoniambiental.com.ar\/info\/#organization"},"image":{"@id":"https:\/\/patagoniambiental.com.ar\/info\/la-unrn-abre-la-maestria-en-agroecologia-en-la-sede-andina\/#primaryimage"},"thumbnailUrl":"https:\/\/patagoniambiental.com.ar\/info\/wp-content\/uploads\/2021\/07\/Maestria-en-Agroecologia-01.png","articleSection":["Bolet\u00edn","Noticias","Provinciales","R\u00edo Negro","Rotador"],"inLanguage":"es","potentialAction":[{"@type":"CommentAction","name":"Comment","target":["https:\/\/patagoniambiental.com.ar\/info\/la-unrn-abre-la-maestria-en-agroecologia-en-la-sede-andina\/#respond"]}]},{"@type":"WebPage","@id":"https:\/\/patagoniambiental.com.ar\/info\/la-unrn-abre-la-maestria-en-agroecologia-en-la-sede-andina\/","url":"https:\/\/patagoniambiental.com.ar\/info\/la-unrn-abre-la-maestria-en-agroecologia-en-la-sede-andina\/","name":"La UNRN abre la Maestr\u00eda en Agroecolog\u00eda en la Sede Andina","isPartOf":{"@id":"https:\/\/patagoniambiental.com.ar\/info\/#website"},"primaryImageOfPage":{"@id":"https:\/\/patagoniambiental.com.ar\/info\/la-unrn-abre-la-maestria-en-agroecologia-en-la-sede-andina\/#primaryimage"},"image":{"@id":"https:\/\/patagoniambiental.com.ar\/info\/la-unrn-abre-la-maestria-en-agroecologia-en-la-sede-andina\/#primaryimage"},"thumbnailUrl":"https:\/\/patagoniambiental.com.ar\/info\/wp-content\/uploads\/2021\/07\/Maestria-en-Agroecologia-01.png","datePublished":"2021-07-08T20:23:45+00:00","dateModified":"2021-07-08T20:23:49+00:00","breadcrumb":{"@id":"https:\/\/patagoniambiental.com.ar\/info\/la-unrn-abre-la-maestria-en-agroecologia-en-la-sede-andina\/#breadcrumb"},"inLanguage":"es","potentialAction":[{"@type":"ReadAction","target":["https:\/\/patagoniambiental.com.ar\/info\/la-unrn-abre-la-maestria-en-agroecologia-en-la-sede-andina\/"]}]},{"@type":"ImageObject","inLanguage":"es","@id":"https:\/\/patagoniambiental.com.ar\/info\/la-unrn-abre-la-maestria-en-agroecologia-en-la-sede-andina\/#primaryimage","url":"https:\/\/patagoniambiental.com.ar\/info\/wp-content\/uploads\/2021\/07\/Maestria-en-Agroecologia-01.png","contentUrl":"https:\/\/patagoniambiental.com.ar\/info\/wp-content\/uploads\/2021\/07\/Maestria-en-Agroecologia-01.png","width":601,"height":600},{"@type":"BreadcrumbList","@id":"https:\/\/patagoniambiental.com.ar\/info\/la-unrn-abre-la-maestria-en-agroecologia-en-la-sede-andina\/#breadcrumb","itemListElement":[{"@type":"ListItem","position":1,"name":"Inicio","item":"https:\/\/patagoniambiental.com.ar\/info\/"},{"@type":"ListItem","position":2,"name":"La UNRN abre la Maestr\u00eda en Agroecolog\u00eda en la Sede Andina"}]},{"@type":"WebSite","@id":"https:\/\/patagoniambiental.com.ar\/info\/#website","url":"https:\/\/patagoniambiental.com.ar\/info\/","name":"Patagonia Ambiental","description":"Monitoreo y an\u00e1lisis de la situaci\u00f3n geopol\u00edtica en el mundo y su implicancia en la Patagonia","publisher":{"@id":"https:\/\/patagoniambiental.com.ar\/info\/#organization"},"potentialAction":[{"@type":"SearchAction","target":{"@type":"EntryPoint","urlTemplate":"https:\/\/patagoniambiental.com.ar\/info\/?s={search_term_string}"},"query-input":{"@type":"PropertyValueSpecification","valueRequired":true,"valueName":"search_term_string"}}],"inLanguage":"es"},{"@type":"Organization","@id":"https:\/\/patagoniambiental.com.ar\/info\/#organization","name":"Patagonia Ambiental","url":"https:\/\/patagoniambiental.com.ar\/info\/","logo":{"@type":"ImageObject","inLanguage":"es","@id":"https:\/\/patagoniambiental.com.ar\/info\/#\/schema\/logo\/image\/","url":"https:\/\/patagoniambiental.com.ar\/info\/wp-content\/uploads\/2025\/05\/LOGO-PATAGONIA-AMBIENTAL.png","contentUrl":"https:\/\/patagoniambiental.com.ar\/info\/wp-content\/uploads\/2025\/05\/LOGO-PATAGONIA-AMBIENTAL.png","width":433,"height":250,"caption":"Patagonia Ambiental"},"image":{"@id":"https:\/\/patagoniambiental.com.ar\/info\/#\/schema\/logo\/image\/"},"sameAs":["https:\/\/www.facebook.com\/patagonia.ambiental","https:\/\/x.com\/PatAmb"]},{"@type":"Person","@id":"https:\/\/patagoniambiental.com.ar\/info\/#\/schema\/person\/e5af09d700b2e82cb10c6b8800e0c691","name":"BRAIAN ESTEVEZ","sameAs":["http:\/\/www.patagoniambiental.com.ar"]}]}},"_links":{"self":[{"href":"https:\/\/patagoniambiental.com.ar\/info\/wp-json\/wp\/v2\/posts\/73306","targetHints":{"allow":["GET"]}}],"collection":[{"href":"https:\/\/patagoniambiental.com.ar\/info\/wp-json\/wp\/v2\/posts"}],"about":[{"href":"https:\/\/patagoniambiental.com.ar\/info\/wp-json\/wp\/v2\/types\/post"}],"author":[{"embeddable":true,"href":"https:\/\/patagoniambiental.com.ar\/info\/wp-json\/wp\/v2\/users\/6"}],"replies":[{"embeddable":true,"href":"https:\/\/patagoniambiental.com.ar\/info\/wp-json\/wp\/v2\/comments?post=73306"}],"version-history":[{"count":0,"href":"https:\/\/patagoniambiental.com.ar\/info\/wp-json\/wp\/v2\/posts\/73306\/revisions"}],"wp:featuredmedia":[{"embeddable":true,"href":"https:\/\/patagoniambiental.com.ar\/info\/wp-json\/wp\/v2\/media\/73307"}],"wp:attachment":[{"href":"https:\/\/patagoniambiental.com.ar\/info\/wp-json\/wp\/v2\/media?parent=73306"}],"wp:term":[{"taxonomy":"category","embeddable":true,"href":"https:\/\/patagoniambiental.com.ar\/info\/wp-json\/wp\/v2\/categories?post=73306"},{"taxonomy":"post_tag","embeddable":true,"href":"https:\/\/patagoniambiental.com.ar\/info\/wp-json\/wp\/v2\/tags?post=73306"}],"curies":[{"name":"wp","href":"https:\/\/api.w.org\/{rel}","templated":true}]}}