{"id":73319,"date":"2021-07-10T12:17:36","date_gmt":"2021-07-10T15:17:36","guid":{"rendered":"http:\/\/patagoniambiental.com.ar\/info\/?p=73319"},"modified":"2021-07-10T12:17:40","modified_gmt":"2021-07-10T15:17:40","slug":"el-ministro-de-ambiente-de-argentina-juan-cabandie-tuvo-una-nutrida-agenda-en-ushuaia","status":"publish","type":"post","link":"https:\/\/patagoniambiental.com.ar\/info\/el-ministro-de-ambiente-de-argentina-juan-cabandie-tuvo-una-nutrida-agenda-en-ushuaia\/","title":{"rendered":"El ministro de ambiente de Argentina Juan Cabandi\u00e9 tuvo una nutrida agenda en Ushuaia"},"content":{"rendered":"\n<!--more-->\n\n\n\n<p>En Casa de Gobierno firm\u00f3 un convenio espec\u00edfico de colaboraci\u00f3n t\u00e9cnica para la realizaci\u00f3n del Inventario Provincial de Humedales; en la Municipalidad de Ushuaia rubric\u00f3 una carta de intenci\u00f3n para la puesta en valor de la reserva natural urbana Ca\u00f1ad\u00f3n de las No me Olvides. Tambi\u00e9n hizo una recorrida en la planta recicladora Pulpo, del Grupo Newsan.<\/p>\n\n\n\n<p><strong>USHUAIA.-<\/strong>&nbsp;Ayer, el ministro de Ambiente y Desarrollo Sostenible de Naci\u00f3n, Juan Cabandi\u00e9, despleg\u00f3 una nutrida agenda en esta ciudad, antes de dirigirse por la tarde a R\u00edo Grande para culminar con las acciones que lo trajeron a Tierra del Fuego, consistentes en reafirmar la pol\u00edtica de Municipios Sustentables.<\/p>\n\n\n\n<p>En la Casa de Gobierno, Cabandi\u00e9 junto a la ministra de Producci\u00f3n y Ambiente de la Provincia, Sonia Castiglione rubricaron un convenio espec\u00edfico de colaboraci\u00f3n t\u00e9cnica para la realizaci\u00f3n del Inventario Provincial de Humedales; en un acto desarrollado en Casa de Gobierno, donde tambi\u00e9n estuvieron la vicegobernadora M\u00f3nica Urquiza y la secretaria de Ambiente, Eugenia \u00c1lvarez.<\/p>\n\n\n\n<p>El convenio trata de establecer los mecanismos de cooperaci\u00f3n que posibiliten aunar recursos e integrar los resultados de los proyectos que se alcancen a escala local, en el marco del proceso de desarrollo del inventario nacional.<\/p>\n\n\n\n<p>Cabe destacar, que Tierra del Fuego cuenta con la mayor reserva de humedales, posee el 95% de las turberas de la Argentina, con lo que las mismas forman parte de nuestros recursos naturales, paisaj\u00edsticos y biol\u00f3gicos m\u00e1s importantes.<\/p>\n\n\n\n<p>Juan Cabandi\u00e9 asegur\u00f3 que \u201cpara nosotros es un ejemplo que junto a R\u00edo Negro y Santa Fe se est\u00e9 avanzando en esta iniciativa porque es parte de los principales temas de la agenda ambiental, tener los humedales inventariados para bregar por la protecci\u00f3n que va a generar a su vez mejor calidad de vida\u201d<\/p>\n\n\n\n<p>El Ministro indic\u00f3 que \u201choy tenemos una situaci\u00f3n cr\u00edtica de cambio clim\u00e1tico, por ejemplo con lo que sucede en la cuenca del R\u00edo Paran\u00e1 con una bajada hist\u00f3rica que no se da desde hace m\u00e1s de 91 a\u00f1os, dificultando la calidad de vida, la actividad productiva, la navegaci\u00f3n. Entonces resulta evidente que la preservaci\u00f3n de los humedales es sumamente importante porque hoy estamos ante un aumento de temperatura global que redunda en eventos clim\u00e1ticos que nos afectan a todos y a todas\u201d.<\/p>\n\n\n\n<p><strong>Reserva natural<\/strong><\/p>\n\n\n\n<p>En la Municipalidad de Ushuaia, el intendente Walter Vuoto y el ministro de Ambiente y Desarrollo Sostenible de la Naci\u00f3n, Juan Cabandi\u00e9 firmaron una carta de intenci\u00f3n por el que se comprometieron a llevar a cabo acciones que promuevan la puesta en valor de la reserva natural urbana Ca\u00f1ad\u00f3n de las No me Olvides, en el marco del Programa Casa Com\u00fan para los gobiernos locales.<\/p>\n\n\n\n<p>Esta acci\u00f3n forma parte de una de las iniciativas locales orientadas al cumplimiento de los Objetivos de Desarrollo Sostenible de la Agenda 2030. A partir del convenio, se comprometen a trabajar de forma coordinada a trav\u00e9s de los equipos t\u00e9cnicos de ambas partes, para el desarrollo del proyecto.<\/p>\n\n\n\n<p>En el encuentro, Cabandi\u00e9 se refiri\u00f3 a las obras complementarias a la pavimentaci\u00f3n de la ruta que se har\u00e1 en el Parque Nacional Tierra del Fuego, que es la construcci\u00f3n de un nuevo acceso al parque con un nuevo p\u00f3rtico que evitar\u00e1 cuellos de botella y agreg\u00f3 que se realizar\u00e1n obras para mejorar las pasarelas con un cr\u00e9dito del BID y est\u00e1 proyectada la ampliaci\u00f3n de un \u00e1rea vinculada a Parques Nacionales que se realizar\u00e1 con recursos propios.<\/p>\n\n\n\n<p>En el acto de firma de la carta de intenci\u00f3n estuvieron presentes el senador nacional Mat\u00edas Rodr\u00edguez, la diputada Carolina Yutrovich, las legisladoras provinciales Laura Colazo y Victoria Vuoto; la concejala Laura Avila, el concejal Gabriel de la Vega y el Secretario de Medio Ambiente y Desarrollo Sustentable de la Municipalidad, Mauro P\u00e9rez Toscani.<\/p>\n\n\n\n<p><strong>En la planta Pulpo<\/strong><\/p>\n\n\n\n<p>El ministro de Ambiente de la Naci\u00f3in, Juan Cabandi\u00e9 recorri\u00f3 la planta de reciclaje industrial Eco Pulpo, perteneciente al Grupo Newsan. Lo hizo acompa\u00f1ado del intendente Walter Vuoto y el secretario de Medio Ambiente de la Municipalidad, Mauro P\u00e9rez Toscani,<\/p>\n\n\n\n<p>Tras la recorrida por la planta de la empresa Eco Pulpo que realiza el trabajo de reciclado de envases PET en la ciudad, Cabandi\u00e9 asegur\u00f3 que \u201ces una gran experiencia del sector privado, en este caso de Newsan que le da valor al residuo, lo tienen como una unidad de negocios y genera puestos de trabajo. Realmente es sustentable y eso es muy importante\u201d.<\/p>\n\n\n\n<figure class=\"wp-block-image\"><img decoding=\"async\" src=\"https:\/\/www.surenio.com.ar\/wp-content\/uploads\/2021\/07\/pagina7a-4.jpg\" alt=\"\" class=\"wp-image-227993\"\/><figcaption>En Casa de Gobierno, Juan Cabandi\u00e9 firm\u00f3 un convenio para el inventario de humedales en Tierra del Fuego.<\/figcaption><\/figure>\n\n\n\n<figure class=\"wp-block-image\"><img decoding=\"async\" src=\"https:\/\/www.surenio.com.ar\/wp-content\/uploads\/2021\/07\/pagina7b-4.jpg\" alt=\"\" class=\"wp-image-227994\"\/><figcaption>En la Municipalidad de Ushuaia, Cabandi\u00e9 rubric\u00f3 un acta intenci\u00f3n con el intendente Walter Vuoto.<\/figcaption><\/figure>\n\n\n\n<figure class=\"wp-block-image\"><img decoding=\"async\" src=\"https:\/\/www.surenio.com.ar\/wp-content\/uploads\/2021\/07\/pagina7c-2.jpg\" alt=\"\" class=\"wp-image-227995\"\/><figcaption>El ministro Juan Cabandi\u00e9 en la recorrida a la planta recicladora Pulpo, perteneciente al grupo Newsan.<\/figcaption><\/figure>\n\n\n\n<p>Fuente: https:\/\/www.surenio.com.ar\/juan-cabandie-tuvo-una-nutrida-agenda-en-ushuaia\/<\/p>\n","protected":false},"excerpt":{"rendered":"","protected":false},"author":6,"featured_media":73320,"comment_status":"open","ping_status":"open","sticky":false,"template":"","format":"standard","meta":{"site-sidebar-layout":"default","site-content-layout":"","ast-site-content-layout":"default","site-content-style":"default","site-sidebar-style":"default","ast-global-header-display":"","ast-banner-title-visibility":"","ast-main-header-display":"","ast-hfb-above-header-display":"","ast-hfb-below-header-display":"","ast-hfb-mobile-header-display":"","site-post-title":"","ast-breadcrumbs-content":"","ast-featured-img":"","footer-sml-layout":"","ast-disable-related-posts":"","theme-transparent-header-meta":"","adv-header-id-meta":"","stick-header-meta":"","header-above-stick-meta":"","header-main-stick-meta":"","header-below-stick-meta":"","astra-migrate-meta-layouts":"default","ast-page-background-enabled":"default","ast-page-background-meta":{"desktop":{"background-color":"var(--ast-global-color-5)","background-image":"","background-repeat":"repeat","background-position":"center center","background-size":"auto","background-attachment":"scroll","background-type":"","background-media":"","overlay-type":"","overlay-color":"","overlay-opacity":"","overlay-gradient":""},"tablet":{"background-color":"","background-image":"","background-repeat":"repeat","background-position":"center center","background-size":"auto","background-attachment":"scroll","background-type":"","background-media":"","overlay-type":"","overlay-color":"","overlay-opacity":"","overlay-gradient":""},"mobile":{"background-color":"","background-image":"","background-repeat":"repeat","background-position":"center center","background-size":"auto","background-attachment":"scroll","background-type":"","background-media":"","overlay-type":"","overlay-color":"","overlay-opacity":"","overlay-gradient":""}},"ast-content-background-meta":{"desktop":{"background-color":"var(--ast-global-color-4)","background-image":"","background-repeat":"repeat","background-position":"center center","background-size":"auto","background-attachment":"scroll","background-type":"","background-media":"","overlay-type":"","overlay-color":"","overlay-opacity":"","overlay-gradient":""},"tablet":{"background-color":"var(--ast-global-color-4)","background-image":"","background-repeat":"repeat","background-position":"center center","background-size":"auto","background-attachment":"scroll","background-type":"","background-media":"","overlay-type":"","overlay-color":"","overlay-opacity":"","overlay-gradient":""},"mobile":{"background-color":"var(--ast-global-color-4)","background-image":"","background-repeat":"repeat","background-position":"center center","background-size":"auto","background-attachment":"scroll","background-type":"","background-media":"","overlay-type":"","overlay-color":"","overlay-opacity":"","overlay-gradient":""}},"footnotes":""},"categories":[1,13,25],"tags":[],"class_list":["post-73319","post","type-post","status-publish","format-standard","has-post-thumbnail","hentry","category-noticias","category-provinciales","category-tierra-del-fuego"],"yoast_head":"<!-- This site is optimized with the Yoast SEO Premium plugin v23.0 (Yoast SEO v27.5) - https:\/\/yoast.com\/product\/yoast-seo-premium-wordpress\/ -->\n<title>El ministro de ambiente de Argentina Juan Cabandi\u00e9 tuvo una nutrida agenda en Ushuaia<\/title>\n<meta name=\"robots\" content=\"index, follow, max-snippet:-1, max-image-preview:large, max-video-preview:-1\" \/>\n<link rel=\"canonical\" href=\"https:\/\/patagoniambiental.com.ar\/info\/el-ministro-de-ambiente-de-argentina-juan-cabandie-tuvo-una-nutrida-agenda-en-ushuaia\/\" \/>\n<meta property=\"og:locale\" content=\"es_ES\" \/>\n<meta property=\"og:type\" content=\"article\" \/>\n<meta property=\"og:title\" content=\"El ministro de ambiente de Argentina Juan Cabandi\u00e9 tuvo una nutrida agenda en Ushuaia\" \/>\n<meta property=\"og:url\" content=\"https:\/\/patagoniambiental.com.ar\/info\/el-ministro-de-ambiente-de-argentina-juan-cabandie-tuvo-una-nutrida-agenda-en-ushuaia\/\" \/>\n<meta property=\"og:site_name\" content=\"Patagonia Ambiental\" \/>\n<meta property=\"article:publisher\" content=\"https:\/\/www.facebook.com\/patagonia.ambiental\" \/>\n<meta property=\"article:published_time\" content=\"2021-07-10T15:17:36+00:00\" \/>\n<meta property=\"article:modified_time\" content=\"2021-07-10T15:17:40+00:00\" \/>\n<meta property=\"og:image\" content=\"https:\/\/patagoniambiental.com.ar\/info\/wp-content\/uploads\/2021\/07\/pagina7a-4.jpg\" \/>\n\t<meta property=\"og:image:width\" content=\"1024\" \/>\n\t<meta property=\"og:image:height\" content=\"682\" \/>\n\t<meta property=\"og:image:type\" content=\"image\/jpeg\" \/>\n<meta name=\"author\" content=\"BRAIAN ESTEVEZ\" \/>\n<meta name=\"twitter:card\" content=\"summary_large_image\" \/>\n<meta name=\"twitter:creator\" content=\"@PatAmb\" \/>\n<meta name=\"twitter:site\" content=\"@PatAmb\" \/>\n<script type=\"application\/ld+json\" class=\"yoast-schema-graph\">{\"@context\":\"https:\\\/\\\/schema.org\",\"@graph\":[{\"@type\":\"Article\",\"@id\":\"https:\\\/\\\/patagoniambiental.com.ar\\\/info\\\/el-ministro-de-ambiente-de-argentina-juan-cabandie-tuvo-una-nutrida-agenda-en-ushuaia\\\/#article\",\"isPartOf\":{\"@id\":\"https:\\\/\\\/patagoniambiental.com.ar\\\/info\\\/el-ministro-de-ambiente-de-argentina-juan-cabandie-tuvo-una-nutrida-agenda-en-ushuaia\\\/\"},\"author\":{\"name\":\"BRAIAN ESTEVEZ\",\"@id\":\"https:\\\/\\\/patagoniambiental.com.ar\\\/info\\\/#\\\/schema\\\/person\\\/e5af09d700b2e82cb10c6b8800e0c691\"},\"headline\":\"El ministro de ambiente de Argentina Juan Cabandi\u00e9 tuvo una nutrida agenda en Ushuaia\",\"datePublished\":\"2021-07-10T15:17:36+00:00\",\"dateModified\":\"2021-07-10T15:17:40+00:00\",\"mainEntityOfPage\":{\"@id\":\"https:\\\/\\\/patagoniambiental.com.ar\\\/info\\\/el-ministro-de-ambiente-de-argentina-juan-cabandie-tuvo-una-nutrida-agenda-en-ushuaia\\\/\"},\"wordCount\":852,\"commentCount\":0,\"publisher\":{\"@id\":\"https:\\\/\\\/patagoniambiental.com.ar\\\/info\\\/#organization\"},\"image\":{\"@id\":\"https:\\\/\\\/patagoniambiental.com.ar\\\/info\\\/el-ministro-de-ambiente-de-argentina-juan-cabandie-tuvo-una-nutrida-agenda-en-ushuaia\\\/#primaryimage\"},\"thumbnailUrl\":\"https:\\\/\\\/patagoniambiental.com.ar\\\/info\\\/wp-content\\\/uploads\\\/2021\\\/07\\\/pagina7a-4.jpg\",\"articleSection\":[\"Noticias\",\"Provinciales\",\"Tierra del Fuego\"],\"inLanguage\":\"es\",\"potentialAction\":[{\"@type\":\"CommentAction\",\"name\":\"Comment\",\"target\":[\"https:\\\/\\\/patagoniambiental.com.ar\\\/info\\\/el-ministro-de-ambiente-de-argentina-juan-cabandie-tuvo-una-nutrida-agenda-en-ushuaia\\\/#respond\"]}]},{\"@type\":\"WebPage\",\"@id\":\"https:\\\/\\\/patagoniambiental.com.ar\\\/info\\\/el-ministro-de-ambiente-de-argentina-juan-cabandie-tuvo-una-nutrida-agenda-en-ushuaia\\\/\",\"url\":\"https:\\\/\\\/patagoniambiental.com.ar\\\/info\\\/el-ministro-de-ambiente-de-argentina-juan-cabandie-tuvo-una-nutrida-agenda-en-ushuaia\\\/\",\"name\":\"El ministro de ambiente de Argentina Juan Cabandi\u00e9 tuvo una nutrida agenda en Ushuaia\",\"isPartOf\":{\"@id\":\"https:\\\/\\\/patagoniambiental.com.ar\\\/info\\\/#website\"},\"primaryImageOfPage\":{\"@id\":\"https:\\\/\\\/patagoniambiental.com.ar\\\/info\\\/el-ministro-de-ambiente-de-argentina-juan-cabandie-tuvo-una-nutrida-agenda-en-ushuaia\\\/#primaryimage\"},\"image\":{\"@id\":\"https:\\\/\\\/patagoniambiental.com.ar\\\/info\\\/el-ministro-de-ambiente-de-argentina-juan-cabandie-tuvo-una-nutrida-agenda-en-ushuaia\\\/#primaryimage\"},\"thumbnailUrl\":\"https:\\\/\\\/patagoniambiental.com.ar\\\/info\\\/wp-content\\\/uploads\\\/2021\\\/07\\\/pagina7a-4.jpg\",\"datePublished\":\"2021-07-10T15:17:36+00:00\",\"dateModified\":\"2021-07-10T15:17:40+00:00\",\"breadcrumb\":{\"@id\":\"https:\\\/\\\/patagoniambiental.com.ar\\\/info\\\/el-ministro-de-ambiente-de-argentina-juan-cabandie-tuvo-una-nutrida-agenda-en-ushuaia\\\/#breadcrumb\"},\"inLanguage\":\"es\",\"potentialAction\":[{\"@type\":\"ReadAction\",\"target\":[\"https:\\\/\\\/patagoniambiental.com.ar\\\/info\\\/el-ministro-de-ambiente-de-argentina-juan-cabandie-tuvo-una-nutrida-agenda-en-ushuaia\\\/\"]}]},{\"@type\":\"ImageObject\",\"inLanguage\":\"es\",\"@id\":\"https:\\\/\\\/patagoniambiental.com.ar\\\/info\\\/el-ministro-de-ambiente-de-argentina-juan-cabandie-tuvo-una-nutrida-agenda-en-ushuaia\\\/#primaryimage\",\"url\":\"https:\\\/\\\/patagoniambiental.com.ar\\\/info\\\/wp-content\\\/uploads\\\/2021\\\/07\\\/pagina7a-4.jpg\",\"contentUrl\":\"https:\\\/\\\/patagoniambiental.com.ar\\\/info\\\/wp-content\\\/uploads\\\/2021\\\/07\\\/pagina7a-4.jpg\",\"width\":901,\"height\":600},{\"@type\":\"BreadcrumbList\",\"@id\":\"https:\\\/\\\/patagoniambiental.com.ar\\\/info\\\/el-ministro-de-ambiente-de-argentina-juan-cabandie-tuvo-una-nutrida-agenda-en-ushuaia\\\/#breadcrumb\",\"itemListElement\":[{\"@type\":\"ListItem\",\"position\":1,\"name\":\"Inicio\",\"item\":\"https:\\\/\\\/patagoniambiental.com.ar\\\/info\\\/\"},{\"@type\":\"ListItem\",\"position\":2,\"name\":\"El ministro de ambiente de Argentina Juan Cabandi\u00e9 tuvo una nutrida agenda en Ushuaia\"}]},{\"@type\":\"WebSite\",\"@id\":\"https:\\\/\\\/patagoniambiental.com.ar\\\/info\\\/#website\",\"url\":\"https:\\\/\\\/patagoniambiental.com.ar\\\/info\\\/\",\"name\":\"Patagonia Ambiental\",\"description\":\"Monitoreo y an\u00e1lisis de la situaci\u00f3n geopol\u00edtica en el mundo y su implicancia en la Patagonia\",\"publisher\":{\"@id\":\"https:\\\/\\\/patagoniambiental.com.ar\\\/info\\\/#organization\"},\"potentialAction\":[{\"@type\":\"SearchAction\",\"target\":{\"@type\":\"EntryPoint\",\"urlTemplate\":\"https:\\\/\\\/patagoniambiental.com.ar\\\/info\\\/?s={search_term_string}\"},\"query-input\":{\"@type\":\"PropertyValueSpecification\",\"valueRequired\":true,\"valueName\":\"search_term_string\"}}],\"inLanguage\":\"es\"},{\"@type\":\"Organization\",\"@id\":\"https:\\\/\\\/patagoniambiental.com.ar\\\/info\\\/#organization\",\"name\":\"Patagonia Ambiental\",\"url\":\"https:\\\/\\\/patagoniambiental.com.ar\\\/info\\\/\",\"logo\":{\"@type\":\"ImageObject\",\"inLanguage\":\"es\",\"@id\":\"https:\\\/\\\/patagoniambiental.com.ar\\\/info\\\/#\\\/schema\\\/logo\\\/image\\\/\",\"url\":\"https:\\\/\\\/patagoniambiental.com.ar\\\/info\\\/wp-content\\\/uploads\\\/2025\\\/05\\\/LOGO-PATAGONIA-AMBIENTAL.png\",\"contentUrl\":\"https:\\\/\\\/patagoniambiental.com.ar\\\/info\\\/wp-content\\\/uploads\\\/2025\\\/05\\\/LOGO-PATAGONIA-AMBIENTAL.png\",\"width\":433,\"height\":250,\"caption\":\"Patagonia Ambiental\"},\"image\":{\"@id\":\"https:\\\/\\\/patagoniambiental.com.ar\\\/info\\\/#\\\/schema\\\/logo\\\/image\\\/\"},\"sameAs\":[\"https:\\\/\\\/www.facebook.com\\\/patagonia.ambiental\",\"https:\\\/\\\/x.com\\\/PatAmb\"]},{\"@type\":\"Person\",\"@id\":\"https:\\\/\\\/patagoniambiental.com.ar\\\/info\\\/#\\\/schema\\\/person\\\/e5af09d700b2e82cb10c6b8800e0c691\",\"name\":\"BRAIAN ESTEVEZ\",\"sameAs\":[\"http:\\\/\\\/www.patagoniambiental.com.ar\"]}]}<\/script>\n<!-- \/ Yoast SEO Premium plugin. -->","yoast_head_json":{"title":"El ministro de ambiente de Argentina Juan Cabandi\u00e9 tuvo una nutrida agenda en Ushuaia","robots":{"index":"index","follow":"follow","max-snippet":"max-snippet:-1","max-image-preview":"max-image-preview:large","max-video-preview":"max-video-preview:-1"},"canonical":"https:\/\/patagoniambiental.com.ar\/info\/el-ministro-de-ambiente-de-argentina-juan-cabandie-tuvo-una-nutrida-agenda-en-ushuaia\/","og_locale":"es_ES","og_type":"article","og_title":"El ministro de ambiente de Argentina Juan Cabandi\u00e9 tuvo una nutrida agenda en Ushuaia","og_url":"https:\/\/patagoniambiental.com.ar\/info\/el-ministro-de-ambiente-de-argentina-juan-cabandie-tuvo-una-nutrida-agenda-en-ushuaia\/","og_site_name":"Patagonia Ambiental","article_publisher":"https:\/\/www.facebook.com\/patagonia.ambiental","article_published_time":"2021-07-10T15:17:36+00:00","article_modified_time":"2021-07-10T15:17:40+00:00","og_image":[{"width":1024,"height":682,"url":"https:\/\/patagoniambiental.com.ar\/info\/wp-content\/uploads\/2021\/07\/pagina7a-4.jpg","type":"image\/jpeg"}],"author":"BRAIAN ESTEVEZ","twitter_card":"summary_large_image","twitter_creator":"@PatAmb","twitter_site":"@PatAmb","schema":{"@context":"https:\/\/schema.org","@graph":[{"@type":"Article","@id":"https:\/\/patagoniambiental.com.ar\/info\/el-ministro-de-ambiente-de-argentina-juan-cabandie-tuvo-una-nutrida-agenda-en-ushuaia\/#article","isPartOf":{"@id":"https:\/\/patagoniambiental.com.ar\/info\/el-ministro-de-ambiente-de-argentina-juan-cabandie-tuvo-una-nutrida-agenda-en-ushuaia\/"},"author":{"name":"BRAIAN ESTEVEZ","@id":"https:\/\/patagoniambiental.com.ar\/info\/#\/schema\/person\/e5af09d700b2e82cb10c6b8800e0c691"},"headline":"El ministro de ambiente de Argentina Juan Cabandi\u00e9 tuvo una nutrida agenda en Ushuaia","datePublished":"2021-07-10T15:17:36+00:00","dateModified":"2021-07-10T15:17:40+00:00","mainEntityOfPage":{"@id":"https:\/\/patagoniambiental.com.ar\/info\/el-ministro-de-ambiente-de-argentina-juan-cabandie-tuvo-una-nutrida-agenda-en-ushuaia\/"},"wordCount":852,"commentCount":0,"publisher":{"@id":"https:\/\/patagoniambiental.com.ar\/info\/#organization"},"image":{"@id":"https:\/\/patagoniambiental.com.ar\/info\/el-ministro-de-ambiente-de-argentina-juan-cabandie-tuvo-una-nutrida-agenda-en-ushuaia\/#primaryimage"},"thumbnailUrl":"https:\/\/patagoniambiental.com.ar\/info\/wp-content\/uploads\/2021\/07\/pagina7a-4.jpg","articleSection":["Noticias","Provinciales","Tierra del Fuego"],"inLanguage":"es","potentialAction":[{"@type":"CommentAction","name":"Comment","target":["https:\/\/patagoniambiental.com.ar\/info\/el-ministro-de-ambiente-de-argentina-juan-cabandie-tuvo-una-nutrida-agenda-en-ushuaia\/#respond"]}]},{"@type":"WebPage","@id":"https:\/\/patagoniambiental.com.ar\/info\/el-ministro-de-ambiente-de-argentina-juan-cabandie-tuvo-una-nutrida-agenda-en-ushuaia\/","url":"https:\/\/patagoniambiental.com.ar\/info\/el-ministro-de-ambiente-de-argentina-juan-cabandie-tuvo-una-nutrida-agenda-en-ushuaia\/","name":"El ministro de ambiente de Argentina Juan Cabandi\u00e9 tuvo una nutrida agenda en Ushuaia","isPartOf":{"@id":"https:\/\/patagoniambiental.com.ar\/info\/#website"},"primaryImageOfPage":{"@id":"https:\/\/patagoniambiental.com.ar\/info\/el-ministro-de-ambiente-de-argentina-juan-cabandie-tuvo-una-nutrida-agenda-en-ushuaia\/#primaryimage"},"image":{"@id":"https:\/\/patagoniambiental.com.ar\/info\/el-ministro-de-ambiente-de-argentina-juan-cabandie-tuvo-una-nutrida-agenda-en-ushuaia\/#primaryimage"},"thumbnailUrl":"https:\/\/patagoniambiental.com.ar\/info\/wp-content\/uploads\/2021\/07\/pagina7a-4.jpg","datePublished":"2021-07-10T15:17:36+00:00","dateModified":"2021-07-10T15:17:40+00:00","breadcrumb":{"@id":"https:\/\/patagoniambiental.com.ar\/info\/el-ministro-de-ambiente-de-argentina-juan-cabandie-tuvo-una-nutrida-agenda-en-ushuaia\/#breadcrumb"},"inLanguage":"es","potentialAction":[{"@type":"ReadAction","target":["https:\/\/patagoniambiental.com.ar\/info\/el-ministro-de-ambiente-de-argentina-juan-cabandie-tuvo-una-nutrida-agenda-en-ushuaia\/"]}]},{"@type":"ImageObject","inLanguage":"es","@id":"https:\/\/patagoniambiental.com.ar\/info\/el-ministro-de-ambiente-de-argentina-juan-cabandie-tuvo-una-nutrida-agenda-en-ushuaia\/#primaryimage","url":"https:\/\/patagoniambiental.com.ar\/info\/wp-content\/uploads\/2021\/07\/pagina7a-4.jpg","contentUrl":"https:\/\/patagoniambiental.com.ar\/info\/wp-content\/uploads\/2021\/07\/pagina7a-4.jpg","width":901,"height":600},{"@type":"BreadcrumbList","@id":"https:\/\/patagoniambiental.com.ar\/info\/el-ministro-de-ambiente-de-argentina-juan-cabandie-tuvo-una-nutrida-agenda-en-ushuaia\/#breadcrumb","itemListElement":[{"@type":"ListItem","position":1,"name":"Inicio","item":"https:\/\/patagoniambiental.com.ar\/info\/"},{"@type":"ListItem","position":2,"name":"El ministro de ambiente de Argentina Juan Cabandi\u00e9 tuvo una nutrida agenda en Ushuaia"}]},{"@type":"WebSite","@id":"https:\/\/patagoniambiental.com.ar\/info\/#website","url":"https:\/\/patagoniambiental.com.ar\/info\/","name":"Patagonia Ambiental","description":"Monitoreo y an\u00e1lisis de la situaci\u00f3n geopol\u00edtica en el mundo y su implicancia en la Patagonia","publisher":{"@id":"https:\/\/patagoniambiental.com.ar\/info\/#organization"},"potentialAction":[{"@type":"SearchAction","target":{"@type":"EntryPoint","urlTemplate":"https:\/\/patagoniambiental.com.ar\/info\/?s={search_term_string}"},"query-input":{"@type":"PropertyValueSpecification","valueRequired":true,"valueName":"search_term_string"}}],"inLanguage":"es"},{"@type":"Organization","@id":"https:\/\/patagoniambiental.com.ar\/info\/#organization","name":"Patagonia Ambiental","url":"https:\/\/patagoniambiental.com.ar\/info\/","logo":{"@type":"ImageObject","inLanguage":"es","@id":"https:\/\/patagoniambiental.com.ar\/info\/#\/schema\/logo\/image\/","url":"https:\/\/patagoniambiental.com.ar\/info\/wp-content\/uploads\/2025\/05\/LOGO-PATAGONIA-AMBIENTAL.png","contentUrl":"https:\/\/patagoniambiental.com.ar\/info\/wp-content\/uploads\/2025\/05\/LOGO-PATAGONIA-AMBIENTAL.png","width":433,"height":250,"caption":"Patagonia Ambiental"},"image":{"@id":"https:\/\/patagoniambiental.com.ar\/info\/#\/schema\/logo\/image\/"},"sameAs":["https:\/\/www.facebook.com\/patagonia.ambiental","https:\/\/x.com\/PatAmb"]},{"@type":"Person","@id":"https:\/\/patagoniambiental.com.ar\/info\/#\/schema\/person\/e5af09d700b2e82cb10c6b8800e0c691","name":"BRAIAN ESTEVEZ","sameAs":["http:\/\/www.patagoniambiental.com.ar"]}]}},"_links":{"self":[{"href":"https:\/\/patagoniambiental.com.ar\/info\/wp-json\/wp\/v2\/posts\/73319","targetHints":{"allow":["GET"]}}],"collection":[{"href":"https:\/\/patagoniambiental.com.ar\/info\/wp-json\/wp\/v2\/posts"}],"about":[{"href":"https:\/\/patagoniambiental.com.ar\/info\/wp-json\/wp\/v2\/types\/post"}],"author":[{"embeddable":true,"href":"https:\/\/patagoniambiental.com.ar\/info\/wp-json\/wp\/v2\/users\/6"}],"replies":[{"embeddable":true,"href":"https:\/\/patagoniambiental.com.ar\/info\/wp-json\/wp\/v2\/comments?post=73319"}],"version-history":[{"count":0,"href":"https:\/\/patagoniambiental.com.ar\/info\/wp-json\/wp\/v2\/posts\/73319\/revisions"}],"wp:featuredmedia":[{"embeddable":true,"href":"https:\/\/patagoniambiental.com.ar\/info\/wp-json\/wp\/v2\/media\/73320"}],"wp:attachment":[{"href":"https:\/\/patagoniambiental.com.ar\/info\/wp-json\/wp\/v2\/media?parent=73319"}],"wp:term":[{"taxonomy":"category","embeddable":true,"href":"https:\/\/patagoniambiental.com.ar\/info\/wp-json\/wp\/v2\/categories?post=73319"},{"taxonomy":"post_tag","embeddable":true,"href":"https:\/\/patagoniambiental.com.ar\/info\/wp-json\/wp\/v2\/tags?post=73319"}],"curies":[{"name":"wp","href":"https:\/\/api.w.org\/{rel}","templated":true}]}}