{"id":73341,"date":"2021-07-12T07:00:00","date_gmt":"2021-07-12T10:00:00","guid":{"rendered":"http:\/\/patagoniambiental.com.ar\/info\/?p=73341"},"modified":"2021-07-12T17:19:28","modified_gmt":"2021-07-12T20:19:28","slug":"obras-estrategicas-que-potencian-el-desarrollo-productivo-de-rio-negro","status":"publish","type":"post","link":"https:\/\/patagoniambiental.com.ar\/info\/obras-estrategicas-que-potencian-el-desarrollo-productivo-de-rio-negro\/","title":{"rendered":"Obras estrat\u00e9gicas que potencian el desarrollo productivo de R\u00edo Negro"},"content":{"rendered":"\n<!--more-->\n\n\n\n<p>R\u00edo Negro es una provincia joven, con apenas 66 a\u00f1os de vida, que asienta su desarrollo productivo en m\u00faltiples actividades: la producci\u00f3n de alimentos, la industria del turismo, la generaci\u00f3n de energ\u00edas renovables e hidrocarbur\u00edferas y la econom\u00eda del conocimiento, a trav\u00e9s de la comunidad cient\u00edfico tecnol\u00f3gica m\u00e1s grande del pa\u00eds.<\/p>\n\n\n\n<p>R\u00edo Negro tambi\u00e9n es la puerta de entrada a la Patagonia, una marca registrada en el mundo que se vincula con el comercio exterior a trav\u00e9s de su alto perfil exportador.<\/p>\n\n\n\n<p>En este mapa productivo de la Provincia, se llevan adelante obras p\u00fablicas estrat\u00e9gicas, distribuidas en las Zonas Andina y Atl\u00e1ntica, la Regi\u00f3n Sur y todos los Valles nacidos a orillas del r\u00edo Negro, el Alto, el Medio y el Inferior. As\u00ed se integra la totalidad del amplio territorio rionegrino.<\/p>\n\n\n\n<p><strong>Cuidado y preservaci\u00f3n del agua<\/strong><\/p>\n\n\n\n<p>La construcci\u00f3n de 10 plantas para el tratamiento de desag\u00fces cloacales -de vuelco cero al r\u00edo Negro- y la reutilizaci\u00f3n de los efluentes tratados para riego productivo y forestal representan obras centrales, de alto impacto para las distintas regiones. Las ya finalizadas en Choele Choel y Las Grutas se ensamblan con las que est\u00e1n en construcci\u00f3n en Playas Doradas, Pilcaniyeu, Viedma. Mainque, Cinco Saltos, Villa Regina y Beltr\u00e1n; as\u00ed como la de ampliaci\u00f3n en Cipolletti. Todas est\u00e1n pensadas para cuidar el ambiente y preservar las aguas del r\u00edo y el mar, con una proyecci\u00f3n de aqu\u00ed a los pr\u00f3ximos 20 a\u00f1os.<\/p>\n\n\n\n<p><strong>Nuevas rutas y caminos productivos<\/strong><\/p>\n\n\n\n<p>Por otro lado, R\u00edo Negro ya asfalt\u00f3 y repaviment\u00f3 150 kil\u00f3metros de rutas provinciales y caminos productivos. La traza total de la RP 2, que une El Solito con San Antonio Oeste y el puerto, se suma&nbsp; a las finalizadas en Chichinales, Paso Piedra, Colonia Julia y Echarren, y la del circuito de Mall\u00edn Ahogado, as\u00ed como la de la Ruta 65, cuya ejecuci\u00f3n avanz\u00f3 m\u00e1s de la mitad. Son obras viales y de transporte que promueven la producci\u00f3n y exportaci\u00f3n de alimentos, el tr\u00e1nsito, conexi\u00f3n y la vinculaci\u00f3n del turismo y de quienes visitan nuestras monta\u00f1as, playas y recursos naturales.<\/p>\n\n\n\n<p><strong>Conexiones el\u00e9ctricas<\/strong><\/p>\n\n\n\n<p>Un p\u00e1rrafo aparte merecen las obras el\u00e9ctricas, con l\u00edneas de alta tensi\u00f3n y estaciones transformadoras, entre las localidades de Pomona y General Conesa, y el punto geogr\u00e1fico conocido como El Solito. La interconexi\u00f3n generar\u00e1 la posibilidad de riego en la&nbsp; margen norte del r\u00edo Negro, para una zona de m\u00e1s de 56 mil hect\u00e1reas, hoy sin utilizaci\u00f3n productiva. Impactar\u00e1 en la fruticultura, la ganader\u00eda y los alimentos org\u00e1nicos.<\/p>\n\n\n\n<p><strong>Gasoducto y parque industrial Bariloche<\/strong><\/p>\n\n\n\n<p>El gasoducto para la Regi\u00f3n Sur, con 365 kil\u00f3metros de extensi\u00f3n, es la obra emblema de la zona que le llevar\u00e1 gas natural a 17 mil familias y que ofrecer\u00e1 las condiciones necesarias para nuevos proyectos productivos, en un sector del territorio rionegrino con m\u00faltiples potencialidades. Asimismo, la obra del PITBA surgi\u00f3 como consecuencia del desarrollo cient\u00edfico, tecnol\u00f3gico e industrial de Bariloche para potenciar el crecimiento de bienes y servicios que diversifiquen la matriz productiva de la zona andina y el resto de la provincia.<\/p>\n\n\n\n<p>Fuente: Gobierno de Rio Negro<\/p>\n","protected":false},"excerpt":{"rendered":"","protected":false},"author":6,"featured_media":73342,"comment_status":"open","ping_status":"open","sticky":false,"template":"","format":"standard","meta":{"site-sidebar-layout":"default","site-content-layout":"","ast-site-content-layout":"default","site-content-style":"default","site-sidebar-style":"default","ast-global-header-display":"","ast-banner-title-visibility":"","ast-main-header-display":"","ast-hfb-above-header-display":"","ast-hfb-below-header-display":"","ast-hfb-mobile-header-display":"","site-post-title":"","ast-breadcrumbs-content":"","ast-featured-img":"","footer-sml-layout":"","ast-disable-related-posts":"","theme-transparent-header-meta":"","adv-header-id-meta":"","stick-header-meta":"","header-above-stick-meta":"","header-main-stick-meta":"","header-below-stick-meta":"","astra-migrate-meta-layouts":"default","ast-page-background-enabled":"default","ast-page-background-meta":{"desktop":{"background-color":"var(--ast-global-color-5)","background-image":"","background-repeat":"repeat","background-position":"center center","background-size":"auto","background-attachment":"scroll","background-type":"","background-media":"","overlay-type":"","overlay-color":"","overlay-opacity":"","overlay-gradient":""},"tablet":{"background-color":"","background-image":"","background-repeat":"repeat","background-position":"center center","background-size":"auto","background-attachment":"scroll","background-type":"","background-media":"","overlay-type":"","overlay-color":"","overlay-opacity":"","overlay-gradient":""},"mobile":{"background-color":"","background-image":"","background-repeat":"repeat","background-position":"center center","background-size":"auto","background-attachment":"scroll","background-type":"","background-media":"","overlay-type":"","overlay-color":"","overlay-opacity":"","overlay-gradient":""}},"ast-content-background-meta":{"desktop":{"background-color":"var(--ast-global-color-4)","background-image":"","background-repeat":"repeat","background-position":"center center","background-size":"auto","background-attachment":"scroll","background-type":"","background-media":"","overlay-type":"","overlay-color":"","overlay-opacity":"","overlay-gradient":""},"tablet":{"background-color":"var(--ast-global-color-4)","background-image":"","background-repeat":"repeat","background-position":"center center","background-size":"auto","background-attachment":"scroll","background-type":"","background-media":"","overlay-type":"","overlay-color":"","overlay-opacity":"","overlay-gradient":""},"mobile":{"background-color":"var(--ast-global-color-4)","background-image":"","background-repeat":"repeat","background-position":"center center","background-size":"auto","background-attachment":"scroll","background-type":"","background-media":"","overlay-type":"","overlay-color":"","overlay-opacity":"","overlay-gradient":""}},"footnotes":""},"categories":[13,14],"tags":[],"class_list":["post-73341","post","type-post","status-publish","format-standard","has-post-thumbnail","hentry","category-provinciales","category-rio-negro"],"yoast_head":"<!-- This site is optimized with the Yoast SEO Premium plugin v23.0 (Yoast SEO v27.5) - https:\/\/yoast.com\/product\/yoast-seo-premium-wordpress\/ -->\n<title>Obras estrat\u00e9gicas que potencian el desarrollo productivo de R\u00edo Negro<\/title>\n<meta name=\"robots\" content=\"index, follow, max-snippet:-1, max-image-preview:large, max-video-preview:-1\" \/>\n<link rel=\"canonical\" href=\"https:\/\/patagoniambiental.com.ar\/info\/obras-estrategicas-que-potencian-el-desarrollo-productivo-de-rio-negro\/\" \/>\n<meta property=\"og:locale\" content=\"es_ES\" \/>\n<meta property=\"og:type\" content=\"article\" \/>\n<meta property=\"og:title\" content=\"Obras estrat\u00e9gicas que potencian el desarrollo productivo de R\u00edo Negro\" \/>\n<meta property=\"og:url\" content=\"https:\/\/patagoniambiental.com.ar\/info\/obras-estrategicas-que-potencian-el-desarrollo-productivo-de-rio-negro\/\" \/>\n<meta property=\"og:site_name\" content=\"Patagonia Ambiental\" \/>\n<meta property=\"article:publisher\" content=\"https:\/\/www.facebook.com\/patagonia.ambiental\" \/>\n<meta property=\"article:published_time\" content=\"2021-07-12T10:00:00+00:00\" \/>\n<meta property=\"article:modified_time\" content=\"2021-07-12T20:19:28+00:00\" \/>\n<meta property=\"og:image\" content=\"https:\/\/patagoniambiental.com.ar\/info\/wp-content\/uploads\/2021\/07\/00058517.jpg\" \/>\n\t<meta property=\"og:image:width\" content=\"462\" \/>\n\t<meta property=\"og:image:height\" content=\"308\" \/>\n\t<meta property=\"og:image:type\" content=\"image\/jpeg\" \/>\n<meta name=\"author\" content=\"BRAIAN ESTEVEZ\" \/>\n<meta name=\"twitter:card\" content=\"summary_large_image\" \/>\n<meta name=\"twitter:creator\" content=\"@PatAmb\" \/>\n<meta name=\"twitter:site\" content=\"@PatAmb\" \/>\n<script type=\"application\/ld+json\" class=\"yoast-schema-graph\">{\"@context\":\"https:\\\/\\\/schema.org\",\"@graph\":[{\"@type\":\"Article\",\"@id\":\"https:\\\/\\\/patagoniambiental.com.ar\\\/info\\\/obras-estrategicas-que-potencian-el-desarrollo-productivo-de-rio-negro\\\/#article\",\"isPartOf\":{\"@id\":\"https:\\\/\\\/patagoniambiental.com.ar\\\/info\\\/obras-estrategicas-que-potencian-el-desarrollo-productivo-de-rio-negro\\\/\"},\"author\":{\"name\":\"BRAIAN ESTEVEZ\",\"@id\":\"https:\\\/\\\/patagoniambiental.com.ar\\\/info\\\/#\\\/schema\\\/person\\\/e5af09d700b2e82cb10c6b8800e0c691\"},\"headline\":\"Obras estrat\u00e9gicas que potencian el desarrollo productivo de R\u00edo Negro\",\"datePublished\":\"2021-07-12T10:00:00+00:00\",\"dateModified\":\"2021-07-12T20:19:28+00:00\",\"mainEntityOfPage\":{\"@id\":\"https:\\\/\\\/patagoniambiental.com.ar\\\/info\\\/obras-estrategicas-que-potencian-el-desarrollo-productivo-de-rio-negro\\\/\"},\"wordCount\":578,\"commentCount\":0,\"publisher\":{\"@id\":\"https:\\\/\\\/patagoniambiental.com.ar\\\/info\\\/#organization\"},\"image\":{\"@id\":\"https:\\\/\\\/patagoniambiental.com.ar\\\/info\\\/obras-estrategicas-que-potencian-el-desarrollo-productivo-de-rio-negro\\\/#primaryimage\"},\"thumbnailUrl\":\"https:\\\/\\\/patagoniambiental.com.ar\\\/info\\\/wp-content\\\/uploads\\\/2021\\\/07\\\/00058517.jpg\",\"articleSection\":[\"Provinciales\",\"R\u00edo Negro\"],\"inLanguage\":\"es\",\"potentialAction\":[{\"@type\":\"CommentAction\",\"name\":\"Comment\",\"target\":[\"https:\\\/\\\/patagoniambiental.com.ar\\\/info\\\/obras-estrategicas-que-potencian-el-desarrollo-productivo-de-rio-negro\\\/#respond\"]}]},{\"@type\":\"WebPage\",\"@id\":\"https:\\\/\\\/patagoniambiental.com.ar\\\/info\\\/obras-estrategicas-que-potencian-el-desarrollo-productivo-de-rio-negro\\\/\",\"url\":\"https:\\\/\\\/patagoniambiental.com.ar\\\/info\\\/obras-estrategicas-que-potencian-el-desarrollo-productivo-de-rio-negro\\\/\",\"name\":\"Obras estrat\u00e9gicas que potencian el desarrollo productivo de R\u00edo Negro\",\"isPartOf\":{\"@id\":\"https:\\\/\\\/patagoniambiental.com.ar\\\/info\\\/#website\"},\"primaryImageOfPage\":{\"@id\":\"https:\\\/\\\/patagoniambiental.com.ar\\\/info\\\/obras-estrategicas-que-potencian-el-desarrollo-productivo-de-rio-negro\\\/#primaryimage\"},\"image\":{\"@id\":\"https:\\\/\\\/patagoniambiental.com.ar\\\/info\\\/obras-estrategicas-que-potencian-el-desarrollo-productivo-de-rio-negro\\\/#primaryimage\"},\"thumbnailUrl\":\"https:\\\/\\\/patagoniambiental.com.ar\\\/info\\\/wp-content\\\/uploads\\\/2021\\\/07\\\/00058517.jpg\",\"datePublished\":\"2021-07-12T10:00:00+00:00\",\"dateModified\":\"2021-07-12T20:19:28+00:00\",\"breadcrumb\":{\"@id\":\"https:\\\/\\\/patagoniambiental.com.ar\\\/info\\\/obras-estrategicas-que-potencian-el-desarrollo-productivo-de-rio-negro\\\/#breadcrumb\"},\"inLanguage\":\"es\",\"potentialAction\":[{\"@type\":\"ReadAction\",\"target\":[\"https:\\\/\\\/patagoniambiental.com.ar\\\/info\\\/obras-estrategicas-que-potencian-el-desarrollo-productivo-de-rio-negro\\\/\"]}]},{\"@type\":\"ImageObject\",\"inLanguage\":\"es\",\"@id\":\"https:\\\/\\\/patagoniambiental.com.ar\\\/info\\\/obras-estrategicas-que-potencian-el-desarrollo-productivo-de-rio-negro\\\/#primaryimage\",\"url\":\"https:\\\/\\\/patagoniambiental.com.ar\\\/info\\\/wp-content\\\/uploads\\\/2021\\\/07\\\/00058517.jpg\",\"contentUrl\":\"https:\\\/\\\/patagoniambiental.com.ar\\\/info\\\/wp-content\\\/uploads\\\/2021\\\/07\\\/00058517.jpg\",\"width\":462,\"height\":308},{\"@type\":\"BreadcrumbList\",\"@id\":\"https:\\\/\\\/patagoniambiental.com.ar\\\/info\\\/obras-estrategicas-que-potencian-el-desarrollo-productivo-de-rio-negro\\\/#breadcrumb\",\"itemListElement\":[{\"@type\":\"ListItem\",\"position\":1,\"name\":\"Inicio\",\"item\":\"https:\\\/\\\/patagoniambiental.com.ar\\\/info\\\/\"},{\"@type\":\"ListItem\",\"position\":2,\"name\":\"Obras estrat\u00e9gicas que potencian el desarrollo productivo de R\u00edo Negro\"}]},{\"@type\":\"WebSite\",\"@id\":\"https:\\\/\\\/patagoniambiental.com.ar\\\/info\\\/#website\",\"url\":\"https:\\\/\\\/patagoniambiental.com.ar\\\/info\\\/\",\"name\":\"Patagonia Ambiental\",\"description\":\"Monitoreo y an\u00e1lisis de la situaci\u00f3n geopol\u00edtica en el mundo y su implicancia en la Patagonia\",\"publisher\":{\"@id\":\"https:\\\/\\\/patagoniambiental.com.ar\\\/info\\\/#organization\"},\"potentialAction\":[{\"@type\":\"SearchAction\",\"target\":{\"@type\":\"EntryPoint\",\"urlTemplate\":\"https:\\\/\\\/patagoniambiental.com.ar\\\/info\\\/?s={search_term_string}\"},\"query-input\":{\"@type\":\"PropertyValueSpecification\",\"valueRequired\":true,\"valueName\":\"search_term_string\"}}],\"inLanguage\":\"es\"},{\"@type\":\"Organization\",\"@id\":\"https:\\\/\\\/patagoniambiental.com.ar\\\/info\\\/#organization\",\"name\":\"Patagonia Ambiental\",\"url\":\"https:\\\/\\\/patagoniambiental.com.ar\\\/info\\\/\",\"logo\":{\"@type\":\"ImageObject\",\"inLanguage\":\"es\",\"@id\":\"https:\\\/\\\/patagoniambiental.com.ar\\\/info\\\/#\\\/schema\\\/logo\\\/image\\\/\",\"url\":\"https:\\\/\\\/patagoniambiental.com.ar\\\/info\\\/wp-content\\\/uploads\\\/2025\\\/05\\\/LOGO-PATAGONIA-AMBIENTAL.png\",\"contentUrl\":\"https:\\\/\\\/patagoniambiental.com.ar\\\/info\\\/wp-content\\\/uploads\\\/2025\\\/05\\\/LOGO-PATAGONIA-AMBIENTAL.png\",\"width\":433,\"height\":250,\"caption\":\"Patagonia Ambiental\"},\"image\":{\"@id\":\"https:\\\/\\\/patagoniambiental.com.ar\\\/info\\\/#\\\/schema\\\/logo\\\/image\\\/\"},\"sameAs\":[\"https:\\\/\\\/www.facebook.com\\\/patagonia.ambiental\",\"https:\\\/\\\/x.com\\\/PatAmb\"]},{\"@type\":\"Person\",\"@id\":\"https:\\\/\\\/patagoniambiental.com.ar\\\/info\\\/#\\\/schema\\\/person\\\/e5af09d700b2e82cb10c6b8800e0c691\",\"name\":\"BRAIAN ESTEVEZ\",\"sameAs\":[\"http:\\\/\\\/www.patagoniambiental.com.ar\"]}]}<\/script>\n<!-- \/ Yoast SEO Premium plugin. -->","yoast_head_json":{"title":"Obras estrat\u00e9gicas que potencian el desarrollo productivo de R\u00edo Negro","robots":{"index":"index","follow":"follow","max-snippet":"max-snippet:-1","max-image-preview":"max-image-preview:large","max-video-preview":"max-video-preview:-1"},"canonical":"https:\/\/patagoniambiental.com.ar\/info\/obras-estrategicas-que-potencian-el-desarrollo-productivo-de-rio-negro\/","og_locale":"es_ES","og_type":"article","og_title":"Obras estrat\u00e9gicas que potencian el desarrollo productivo de R\u00edo Negro","og_url":"https:\/\/patagoniambiental.com.ar\/info\/obras-estrategicas-que-potencian-el-desarrollo-productivo-de-rio-negro\/","og_site_name":"Patagonia Ambiental","article_publisher":"https:\/\/www.facebook.com\/patagonia.ambiental","article_published_time":"2021-07-12T10:00:00+00:00","article_modified_time":"2021-07-12T20:19:28+00:00","og_image":[{"width":462,"height":308,"url":"https:\/\/patagoniambiental.com.ar\/info\/wp-content\/uploads\/2021\/07\/00058517.jpg","type":"image\/jpeg"}],"author":"BRAIAN ESTEVEZ","twitter_card":"summary_large_image","twitter_creator":"@PatAmb","twitter_site":"@PatAmb","schema":{"@context":"https:\/\/schema.org","@graph":[{"@type":"Article","@id":"https:\/\/patagoniambiental.com.ar\/info\/obras-estrategicas-que-potencian-el-desarrollo-productivo-de-rio-negro\/#article","isPartOf":{"@id":"https:\/\/patagoniambiental.com.ar\/info\/obras-estrategicas-que-potencian-el-desarrollo-productivo-de-rio-negro\/"},"author":{"name":"BRAIAN ESTEVEZ","@id":"https:\/\/patagoniambiental.com.ar\/info\/#\/schema\/person\/e5af09d700b2e82cb10c6b8800e0c691"},"headline":"Obras estrat\u00e9gicas que potencian el desarrollo productivo de R\u00edo Negro","datePublished":"2021-07-12T10:00:00+00:00","dateModified":"2021-07-12T20:19:28+00:00","mainEntityOfPage":{"@id":"https:\/\/patagoniambiental.com.ar\/info\/obras-estrategicas-que-potencian-el-desarrollo-productivo-de-rio-negro\/"},"wordCount":578,"commentCount":0,"publisher":{"@id":"https:\/\/patagoniambiental.com.ar\/info\/#organization"},"image":{"@id":"https:\/\/patagoniambiental.com.ar\/info\/obras-estrategicas-que-potencian-el-desarrollo-productivo-de-rio-negro\/#primaryimage"},"thumbnailUrl":"https:\/\/patagoniambiental.com.ar\/info\/wp-content\/uploads\/2021\/07\/00058517.jpg","articleSection":["Provinciales","R\u00edo Negro"],"inLanguage":"es","potentialAction":[{"@type":"CommentAction","name":"Comment","target":["https:\/\/patagoniambiental.com.ar\/info\/obras-estrategicas-que-potencian-el-desarrollo-productivo-de-rio-negro\/#respond"]}]},{"@type":"WebPage","@id":"https:\/\/patagoniambiental.com.ar\/info\/obras-estrategicas-que-potencian-el-desarrollo-productivo-de-rio-negro\/","url":"https:\/\/patagoniambiental.com.ar\/info\/obras-estrategicas-que-potencian-el-desarrollo-productivo-de-rio-negro\/","name":"Obras estrat\u00e9gicas que potencian el desarrollo productivo de R\u00edo Negro","isPartOf":{"@id":"https:\/\/patagoniambiental.com.ar\/info\/#website"},"primaryImageOfPage":{"@id":"https:\/\/patagoniambiental.com.ar\/info\/obras-estrategicas-que-potencian-el-desarrollo-productivo-de-rio-negro\/#primaryimage"},"image":{"@id":"https:\/\/patagoniambiental.com.ar\/info\/obras-estrategicas-que-potencian-el-desarrollo-productivo-de-rio-negro\/#primaryimage"},"thumbnailUrl":"https:\/\/patagoniambiental.com.ar\/info\/wp-content\/uploads\/2021\/07\/00058517.jpg","datePublished":"2021-07-12T10:00:00+00:00","dateModified":"2021-07-12T20:19:28+00:00","breadcrumb":{"@id":"https:\/\/patagoniambiental.com.ar\/info\/obras-estrategicas-que-potencian-el-desarrollo-productivo-de-rio-negro\/#breadcrumb"},"inLanguage":"es","potentialAction":[{"@type":"ReadAction","target":["https:\/\/patagoniambiental.com.ar\/info\/obras-estrategicas-que-potencian-el-desarrollo-productivo-de-rio-negro\/"]}]},{"@type":"ImageObject","inLanguage":"es","@id":"https:\/\/patagoniambiental.com.ar\/info\/obras-estrategicas-que-potencian-el-desarrollo-productivo-de-rio-negro\/#primaryimage","url":"https:\/\/patagoniambiental.com.ar\/info\/wp-content\/uploads\/2021\/07\/00058517.jpg","contentUrl":"https:\/\/patagoniambiental.com.ar\/info\/wp-content\/uploads\/2021\/07\/00058517.jpg","width":462,"height":308},{"@type":"BreadcrumbList","@id":"https:\/\/patagoniambiental.com.ar\/info\/obras-estrategicas-que-potencian-el-desarrollo-productivo-de-rio-negro\/#breadcrumb","itemListElement":[{"@type":"ListItem","position":1,"name":"Inicio","item":"https:\/\/patagoniambiental.com.ar\/info\/"},{"@type":"ListItem","position":2,"name":"Obras estrat\u00e9gicas que potencian el desarrollo productivo de R\u00edo Negro"}]},{"@type":"WebSite","@id":"https:\/\/patagoniambiental.com.ar\/info\/#website","url":"https:\/\/patagoniambiental.com.ar\/info\/","name":"Patagonia Ambiental","description":"Monitoreo y an\u00e1lisis de la situaci\u00f3n geopol\u00edtica en el mundo y su implicancia en la Patagonia","publisher":{"@id":"https:\/\/patagoniambiental.com.ar\/info\/#organization"},"potentialAction":[{"@type":"SearchAction","target":{"@type":"EntryPoint","urlTemplate":"https:\/\/patagoniambiental.com.ar\/info\/?s={search_term_string}"},"query-input":{"@type":"PropertyValueSpecification","valueRequired":true,"valueName":"search_term_string"}}],"inLanguage":"es"},{"@type":"Organization","@id":"https:\/\/patagoniambiental.com.ar\/info\/#organization","name":"Patagonia Ambiental","url":"https:\/\/patagoniambiental.com.ar\/info\/","logo":{"@type":"ImageObject","inLanguage":"es","@id":"https:\/\/patagoniambiental.com.ar\/info\/#\/schema\/logo\/image\/","url":"https:\/\/patagoniambiental.com.ar\/info\/wp-content\/uploads\/2025\/05\/LOGO-PATAGONIA-AMBIENTAL.png","contentUrl":"https:\/\/patagoniambiental.com.ar\/info\/wp-content\/uploads\/2025\/05\/LOGO-PATAGONIA-AMBIENTAL.png","width":433,"height":250,"caption":"Patagonia Ambiental"},"image":{"@id":"https:\/\/patagoniambiental.com.ar\/info\/#\/schema\/logo\/image\/"},"sameAs":["https:\/\/www.facebook.com\/patagonia.ambiental","https:\/\/x.com\/PatAmb"]},{"@type":"Person","@id":"https:\/\/patagoniambiental.com.ar\/info\/#\/schema\/person\/e5af09d700b2e82cb10c6b8800e0c691","name":"BRAIAN ESTEVEZ","sameAs":["http:\/\/www.patagoniambiental.com.ar"]}]}},"_links":{"self":[{"href":"https:\/\/patagoniambiental.com.ar\/info\/wp-json\/wp\/v2\/posts\/73341","targetHints":{"allow":["GET"]}}],"collection":[{"href":"https:\/\/patagoniambiental.com.ar\/info\/wp-json\/wp\/v2\/posts"}],"about":[{"href":"https:\/\/patagoniambiental.com.ar\/info\/wp-json\/wp\/v2\/types\/post"}],"author":[{"embeddable":true,"href":"https:\/\/patagoniambiental.com.ar\/info\/wp-json\/wp\/v2\/users\/6"}],"replies":[{"embeddable":true,"href":"https:\/\/patagoniambiental.com.ar\/info\/wp-json\/wp\/v2\/comments?post=73341"}],"version-history":[{"count":0,"href":"https:\/\/patagoniambiental.com.ar\/info\/wp-json\/wp\/v2\/posts\/73341\/revisions"}],"wp:featuredmedia":[{"embeddable":true,"href":"https:\/\/patagoniambiental.com.ar\/info\/wp-json\/wp\/v2\/media\/73342"}],"wp:attachment":[{"href":"https:\/\/patagoniambiental.com.ar\/info\/wp-json\/wp\/v2\/media?parent=73341"}],"wp:term":[{"taxonomy":"category","embeddable":true,"href":"https:\/\/patagoniambiental.com.ar\/info\/wp-json\/wp\/v2\/categories?post=73341"},{"taxonomy":"post_tag","embeddable":true,"href":"https:\/\/patagoniambiental.com.ar\/info\/wp-json\/wp\/v2\/tags?post=73341"}],"curies":[{"name":"wp","href":"https:\/\/api.w.org\/{rel}","templated":true}]}}