{"id":73344,"date":"2021-07-16T07:00:00","date_gmt":"2021-07-16T10:00:00","guid":{"rendered":"http:\/\/patagoniambiental.com.ar\/info\/?p=73344"},"modified":"2021-07-15T21:02:44","modified_gmt":"2021-07-16T00:02:44","slug":"necesitas-mar-necesitas-rio-negro-las-propuestas-para-disfrutar-la-costa-atlantica-en-invierno","status":"publish","type":"post","link":"https:\/\/patagoniambiental.com.ar\/info\/necesitas-mar-necesitas-rio-negro-las-propuestas-para-disfrutar-la-costa-atlantica-en-invierno\/","title":{"rendered":"Cuales son las propuestas para disfrutar la Costa Atl\u00e1ntica rionegrina en invierno"},"content":{"rendered":"\n<!--more-->\n\n\n\n<figure class=\"wp-block-table\"><table><tbody><tr><td>Los principales destinos de la costa atl\u00e1ntica provincial se preparan para recibir al turismo con una amplia gama de propuestas para todos los gustos, que van desde avistaje de fauna marina y aves, hasta actividades n\u00e1uticas y turismo religioso.<strong>La playa y la fauna: una combinaci\u00f3n perfecta<\/strong>Las caracter\u00edsticas geogr\u00e1ficas de la costa atl\u00e1ntica hacen de la zona un lugar \u00fanico y especial para la vida marina. Los visitantes pueden apreciar un entorno natural cuidado y protegido a trav\u00e9s de distintas experiencias que lo acercar\u00e1n a un mundo incre\u00edble.Una de las actividades m\u00e1s elegidas fuera de la temporada estival es el avistaje de fauna marina, que cobra su m\u00e1ximo esplendor con la llegada del invierno, cuando comienzan a arribar los primeros ejemplares de Ballena Franca Austral, una especie que a\u00f1o a a\u00f1o cobra mayor presencia en la costa rionegrina.Las salidas embarcadas son una gran opci\u00f3n para quienes deseen contemplar esta experiencia desde cerca. Las excursiones se realizan de manera amigable y respetuosa con el medio ambiente y los principales servicios se concentran en Las Grutas y el Puerto de San Antonio Este. Durante los paseos tambi\u00e9n es posible observar una gran variedad de aves costeras, como ping\u00fcinos, cormoranes, gaviotas, petreles, albatros, golondrinas y otras aves playeras.En este sentido, El C\u00f3ndor, a 30 kil\u00f3metros de Viedma, invita a apreciar el \u201cCielo de aves\u201d y descubrir algunas de las 200&nbsp; fascinantes especies que embellecen los cielos de la regi\u00f3n. Durante todo el a\u00f1o residentes y turistas pueden vivenciar la experiencia \u00fanica de realizar avistaje de aves en distintos circuitos y descubrir todos los detalles sobre la colonia de loros barranqueros m\u00e1s grande del mundo.Siguiendo la Ruta Provincial 1 que abre su paso un camino esc\u00e9nico con vistas privilegiadas sobre el mar, se arriba a La Lober\u00eda, un balneario resguardado por altos acantilados y luego a Punta Bermeja, un \u00c1rea Natural Protegida que alberga de forma permanente a m\u00e1s de 4000 ejemplares de lobos marinos de un pelo.<strong>Buceo en las aguas del Golfo<\/strong>Las Grutas tambi\u00e9n permite explorar la naturaleza marina desde las profundidades con el buceo, ofreciendo bautismos para principiantes y propuestas para buzos experimentados que incluyen traves\u00edas por los arrecifes artificiales que fueron creados en el Parque Submarino Las Grutas.Se trata de una experiencia inigualable en el lecho marino, donde viven una gran cantidad de peces y crust\u00e1ceos. Durante las inmersiones de buceo es posible ver cangrejos, esponjas, caracoles y otras especies m\u00e1s ex\u00f3ticas como almejas o pulpitos patag\u00f3nicos.Tambi\u00e9n se puede visitar la cava submarina, que cuenta con centenares de vinos rionegrinos que fueron sumergidos en cavas de acero inoxidable entre 10 y 16 metros para llevar adelante el proceso de estacionamiento de las bebidas.<strong>Turismo religioso en la capital<\/strong>Durante las vacaciones de invierno Viedma cuenta con una tentadora propuesta de Turismo Religioso en que podr\u00e1 realizarse un circuito en el que se visitar\u00e1n lugares relacionados a la vida del beato Art\u00e9mides Zatti, que habit\u00f3 la ciudad en el siglo pasado.Adem\u00e1s habr\u00e1 recorridas por el Museo Salesiano Cardenal Cagliero y el Museo Gardeliano Lisandro Segovia que cuenta con material in\u00e9dito sobre la vida del cantante de tango Carlos Gardel.Quienes visiten la localidad capitalina tambi\u00e9n tendr\u00e1n la posibilidad de realizar un imperdible paseo por las aguas del r\u00edo Negro a bordo del catamar\u00e1n Curr\u00fa Leuv\u00fa y apreciar los maravillosos paisajes a ambas m\u00e1rgenes del curso de agua. Adem\u00e1s habr\u00e1 beach trekking en el Mirador de Ceferino Namuncur\u00e1 en El C\u00f3ndor.<strong>Requisitos para ingresar a la provincia<\/strong>Aquellos que ingresen a R\u00edo Negro por medios de transporte p\u00fablico, tanto a\u00e9reos como terrestres, deber\u00e1n presentar un test negativo de COVID-19 realizado con 72 horas de anticipaci\u00f3n. No deber\u00e1n cumplir con este requisito quienes viajen en veh\u00edculos particulares ni quienes est\u00e9n en la provincia y deseen visitar un destino dentro de la misma jurisdicci\u00f3n.En todos los casos, se solicitar\u00e1 el permiso de la aplicaci\u00f3n Circulaci\u00f3n RN o tramitado a trav\u00e9s del sitio https:\/\/circulacion.rionegro.gov.ar\/ o en la APP que lleva el mismo nombre.&nbsp;<\/td><\/tr><\/tbody><\/table><\/figure>\n\n\n\n<figure class=\"wp-block-table\"><table><tbody><tr><td><a href=\"https:\/\/www.rionegro.gov.ar\/?contID=70155\" target=\"_blank\" rel=\"noreferrer noopener\">VER NOTA COMPLETA \u00bb<\/a>GOBIERNO DE R\u00cdO NEGROSecretar\u00eda de Comunicaci\u00f3n<a href=\"https:\/\/www.facebook.com\/rionegrogob\/\" target=\"_blank\" rel=\"noreferrer noopener\">Facebook<\/a><a href=\"https:\/\/twitter.com\/rionegrogob\" target=\"_blank\" rel=\"noreferrer noopener\">Twitter<\/a><a href=\"https:\/\/www.youtube.com\/channel\/UC6H8uadKTor1vy2y1EMqmLg\" target=\"_blank\" rel=\"noreferrer noopener\">Youtube<\/a><a href=\"https:\/\/www.flickr.com\/photos\/comunicacionrionegro\" target=\"_blank\" rel=\"noreferrer noopener\">Flickr<\/a>Laprida 212, Viedma, R.N.<br>comunicacionrionegro@gmail.com+54 02920 425700 \/ Interno 217<\/td><\/tr><\/tbody><\/table><figcaption>Fuente: Gobierno de Rio Negro<\/figcaption><\/figure>\n","protected":false},"excerpt":{"rendered":"","protected":false},"author":6,"featured_media":73346,"comment_status":"open","ping_status":"open","sticky":false,"template":"","format":"standard","meta":{"site-sidebar-layout":"default","site-content-layout":"","ast-site-content-layout":"default","site-content-style":"default","site-sidebar-style":"default","ast-global-header-display":"","ast-banner-title-visibility":"","ast-main-header-display":"","ast-hfb-above-header-display":"","ast-hfb-below-header-display":"","ast-hfb-mobile-header-display":"","site-post-title":"","ast-breadcrumbs-content":"","ast-featured-img":"","footer-sml-layout":"","ast-disable-related-posts":"","theme-transparent-header-meta":"","adv-header-id-meta":"","stick-header-meta":"","header-above-stick-meta":"","header-main-stick-meta":"","header-below-stick-meta":"","astra-migrate-meta-layouts":"default","ast-page-background-enabled":"default","ast-page-background-meta":{"desktop":{"background-color":"var(--ast-global-color-5)","background-image":"","background-repeat":"repeat","background-position":"center center","background-size":"auto","background-attachment":"scroll","background-type":"","background-media":"","overlay-type":"","overlay-color":"","overlay-opacity":"","overlay-gradient":""},"tablet":{"background-color":"","background-image":"","background-repeat":"repeat","background-position":"center center","background-size":"auto","background-attachment":"scroll","background-type":"","background-media":"","overlay-type":"","overlay-color":"","overlay-opacity":"","overlay-gradient":""},"mobile":{"background-color":"","background-image":"","background-repeat":"repeat","background-position":"center center","background-size":"auto","background-attachment":"scroll","background-type":"","background-media":"","overlay-type":"","overlay-color":"","overlay-opacity":"","overlay-gradient":""}},"ast-content-background-meta":{"desktop":{"background-color":"var(--ast-global-color-4)","background-image":"","background-repeat":"repeat","background-position":"center center","background-size":"auto","background-attachment":"scroll","background-type":"","background-media":"","overlay-type":"","overlay-color":"","overlay-opacity":"","overlay-gradient":""},"tablet":{"background-color":"var(--ast-global-color-4)","background-image":"","background-repeat":"repeat","background-position":"center center","background-size":"auto","background-attachment":"scroll","background-type":"","background-media":"","overlay-type":"","overlay-color":"","overlay-opacity":"","overlay-gradient":""},"mobile":{"background-color":"var(--ast-global-color-4)","background-image":"","background-repeat":"repeat","background-position":"center center","background-size":"auto","background-attachment":"scroll","background-type":"","background-media":"","overlay-type":"","overlay-color":"","overlay-opacity":"","overlay-gradient":""}},"footnotes":""},"categories":[1,13,14],"tags":[],"class_list":["post-73344","post","type-post","status-publish","format-standard","has-post-thumbnail","hentry","category-noticias","category-provinciales","category-rio-negro"],"yoast_head":"<!-- This site is optimized with the Yoast SEO Premium plugin v23.0 (Yoast SEO v27.5) - https:\/\/yoast.com\/product\/yoast-seo-premium-wordpress\/ -->\n<title>Cuales son las propuestas para disfrutar la Costa Atl\u00e1ntica rionegrina en invierno<\/title>\n<meta name=\"robots\" content=\"index, follow, max-snippet:-1, max-image-preview:large, max-video-preview:-1\" \/>\n<link rel=\"canonical\" href=\"https:\/\/patagoniambiental.com.ar\/info\/necesitas-mar-necesitas-rio-negro-las-propuestas-para-disfrutar-la-costa-atlantica-en-invierno\/\" \/>\n<meta property=\"og:locale\" content=\"es_ES\" \/>\n<meta property=\"og:type\" content=\"article\" \/>\n<meta property=\"og:title\" content=\"Cuales son las propuestas para disfrutar la Costa Atl\u00e1ntica rionegrina en invierno\" \/>\n<meta property=\"og:url\" content=\"https:\/\/patagoniambiental.com.ar\/info\/necesitas-mar-necesitas-rio-negro-las-propuestas-para-disfrutar-la-costa-atlantica-en-invierno\/\" \/>\n<meta property=\"og:site_name\" content=\"Patagonia Ambiental\" \/>\n<meta property=\"article:publisher\" content=\"https:\/\/www.facebook.com\/patagonia.ambiental\" \/>\n<meta property=\"article:published_time\" content=\"2021-07-16T10:00:00+00:00\" \/>\n<meta property=\"og:image\" content=\"https:\/\/patagoniambiental.com.ar\/info\/wp-content\/uploads\/2021\/07\/00058505.jpg\" \/>\n\t<meta property=\"og:image:width\" content=\"462\" \/>\n\t<meta property=\"og:image:height\" content=\"308\" \/>\n\t<meta property=\"og:image:type\" content=\"image\/jpeg\" \/>\n<meta name=\"author\" content=\"BRAIAN ESTEVEZ\" \/>\n<meta name=\"twitter:card\" content=\"summary_large_image\" \/>\n<meta name=\"twitter:creator\" content=\"@PatAmb\" \/>\n<meta name=\"twitter:site\" content=\"@PatAmb\" \/>\n<script type=\"application\/ld+json\" class=\"yoast-schema-graph\">{\"@context\":\"https:\\\/\\\/schema.org\",\"@graph\":[{\"@type\":\"Article\",\"@id\":\"https:\\\/\\\/patagoniambiental.com.ar\\\/info\\\/necesitas-mar-necesitas-rio-negro-las-propuestas-para-disfrutar-la-costa-atlantica-en-invierno\\\/#article\",\"isPartOf\":{\"@id\":\"https:\\\/\\\/patagoniambiental.com.ar\\\/info\\\/necesitas-mar-necesitas-rio-negro-las-propuestas-para-disfrutar-la-costa-atlantica-en-invierno\\\/\"},\"author\":{\"name\":\"BRAIAN ESTEVEZ\",\"@id\":\"https:\\\/\\\/patagoniambiental.com.ar\\\/info\\\/#\\\/schema\\\/person\\\/e5af09d700b2e82cb10c6b8800e0c691\"},\"headline\":\"Cuales son las propuestas para disfrutar la Costa Atl\u00e1ntica rionegrina en invierno\",\"datePublished\":\"2021-07-16T10:00:00+00:00\",\"mainEntityOfPage\":{\"@id\":\"https:\\\/\\\/patagoniambiental.com.ar\\\/info\\\/necesitas-mar-necesitas-rio-negro-las-propuestas-para-disfrutar-la-costa-atlantica-en-invierno\\\/\"},\"wordCount\":757,\"commentCount\":0,\"publisher\":{\"@id\":\"https:\\\/\\\/patagoniambiental.com.ar\\\/info\\\/#organization\"},\"image\":{\"@id\":\"https:\\\/\\\/patagoniambiental.com.ar\\\/info\\\/necesitas-mar-necesitas-rio-negro-las-propuestas-para-disfrutar-la-costa-atlantica-en-invierno\\\/#primaryimage\"},\"thumbnailUrl\":\"https:\\\/\\\/patagoniambiental.com.ar\\\/info\\\/wp-content\\\/uploads\\\/2021\\\/07\\\/00058505.jpg\",\"articleSection\":[\"Noticias\",\"Provinciales\",\"R\u00edo Negro\"],\"inLanguage\":\"es\",\"potentialAction\":[{\"@type\":\"CommentAction\",\"name\":\"Comment\",\"target\":[\"https:\\\/\\\/patagoniambiental.com.ar\\\/info\\\/necesitas-mar-necesitas-rio-negro-las-propuestas-para-disfrutar-la-costa-atlantica-en-invierno\\\/#respond\"]}]},{\"@type\":\"WebPage\",\"@id\":\"https:\\\/\\\/patagoniambiental.com.ar\\\/info\\\/necesitas-mar-necesitas-rio-negro-las-propuestas-para-disfrutar-la-costa-atlantica-en-invierno\\\/\",\"url\":\"https:\\\/\\\/patagoniambiental.com.ar\\\/info\\\/necesitas-mar-necesitas-rio-negro-las-propuestas-para-disfrutar-la-costa-atlantica-en-invierno\\\/\",\"name\":\"Cuales son las propuestas para disfrutar la Costa Atl\u00e1ntica rionegrina en invierno\",\"isPartOf\":{\"@id\":\"https:\\\/\\\/patagoniambiental.com.ar\\\/info\\\/#website\"},\"primaryImageOfPage\":{\"@id\":\"https:\\\/\\\/patagoniambiental.com.ar\\\/info\\\/necesitas-mar-necesitas-rio-negro-las-propuestas-para-disfrutar-la-costa-atlantica-en-invierno\\\/#primaryimage\"},\"image\":{\"@id\":\"https:\\\/\\\/patagoniambiental.com.ar\\\/info\\\/necesitas-mar-necesitas-rio-negro-las-propuestas-para-disfrutar-la-costa-atlantica-en-invierno\\\/#primaryimage\"},\"thumbnailUrl\":\"https:\\\/\\\/patagoniambiental.com.ar\\\/info\\\/wp-content\\\/uploads\\\/2021\\\/07\\\/00058505.jpg\",\"datePublished\":\"2021-07-16T10:00:00+00:00\",\"breadcrumb\":{\"@id\":\"https:\\\/\\\/patagoniambiental.com.ar\\\/info\\\/necesitas-mar-necesitas-rio-negro-las-propuestas-para-disfrutar-la-costa-atlantica-en-invierno\\\/#breadcrumb\"},\"inLanguage\":\"es\",\"potentialAction\":[{\"@type\":\"ReadAction\",\"target\":[\"https:\\\/\\\/patagoniambiental.com.ar\\\/info\\\/necesitas-mar-necesitas-rio-negro-las-propuestas-para-disfrutar-la-costa-atlantica-en-invierno\\\/\"]}]},{\"@type\":\"ImageObject\",\"inLanguage\":\"es\",\"@id\":\"https:\\\/\\\/patagoniambiental.com.ar\\\/info\\\/necesitas-mar-necesitas-rio-negro-las-propuestas-para-disfrutar-la-costa-atlantica-en-invierno\\\/#primaryimage\",\"url\":\"https:\\\/\\\/patagoniambiental.com.ar\\\/info\\\/wp-content\\\/uploads\\\/2021\\\/07\\\/00058505.jpg\",\"contentUrl\":\"https:\\\/\\\/patagoniambiental.com.ar\\\/info\\\/wp-content\\\/uploads\\\/2021\\\/07\\\/00058505.jpg\",\"width\":462,\"height\":308},{\"@type\":\"BreadcrumbList\",\"@id\":\"https:\\\/\\\/patagoniambiental.com.ar\\\/info\\\/necesitas-mar-necesitas-rio-negro-las-propuestas-para-disfrutar-la-costa-atlantica-en-invierno\\\/#breadcrumb\",\"itemListElement\":[{\"@type\":\"ListItem\",\"position\":1,\"name\":\"Inicio\",\"item\":\"https:\\\/\\\/patagoniambiental.com.ar\\\/info\\\/\"},{\"@type\":\"ListItem\",\"position\":2,\"name\":\"Cuales son las propuestas para disfrutar la Costa Atl\u00e1ntica rionegrina en invierno\"}]},{\"@type\":\"WebSite\",\"@id\":\"https:\\\/\\\/patagoniambiental.com.ar\\\/info\\\/#website\",\"url\":\"https:\\\/\\\/patagoniambiental.com.ar\\\/info\\\/\",\"name\":\"Patagonia Ambiental\",\"description\":\"Monitoreo y an\u00e1lisis de la situaci\u00f3n geopol\u00edtica en el mundo y su implicancia en la Patagonia\",\"publisher\":{\"@id\":\"https:\\\/\\\/patagoniambiental.com.ar\\\/info\\\/#organization\"},\"potentialAction\":[{\"@type\":\"SearchAction\",\"target\":{\"@type\":\"EntryPoint\",\"urlTemplate\":\"https:\\\/\\\/patagoniambiental.com.ar\\\/info\\\/?s={search_term_string}\"},\"query-input\":{\"@type\":\"PropertyValueSpecification\",\"valueRequired\":true,\"valueName\":\"search_term_string\"}}],\"inLanguage\":\"es\"},{\"@type\":\"Organization\",\"@id\":\"https:\\\/\\\/patagoniambiental.com.ar\\\/info\\\/#organization\",\"name\":\"Patagonia Ambiental\",\"url\":\"https:\\\/\\\/patagoniambiental.com.ar\\\/info\\\/\",\"logo\":{\"@type\":\"ImageObject\",\"inLanguage\":\"es\",\"@id\":\"https:\\\/\\\/patagoniambiental.com.ar\\\/info\\\/#\\\/schema\\\/logo\\\/image\\\/\",\"url\":\"https:\\\/\\\/patagoniambiental.com.ar\\\/info\\\/wp-content\\\/uploads\\\/2025\\\/05\\\/LOGO-PATAGONIA-AMBIENTAL.png\",\"contentUrl\":\"https:\\\/\\\/patagoniambiental.com.ar\\\/info\\\/wp-content\\\/uploads\\\/2025\\\/05\\\/LOGO-PATAGONIA-AMBIENTAL.png\",\"width\":433,\"height\":250,\"caption\":\"Patagonia Ambiental\"},\"image\":{\"@id\":\"https:\\\/\\\/patagoniambiental.com.ar\\\/info\\\/#\\\/schema\\\/logo\\\/image\\\/\"},\"sameAs\":[\"https:\\\/\\\/www.facebook.com\\\/patagonia.ambiental\",\"https:\\\/\\\/x.com\\\/PatAmb\"]},{\"@type\":\"Person\",\"@id\":\"https:\\\/\\\/patagoniambiental.com.ar\\\/info\\\/#\\\/schema\\\/person\\\/e5af09d700b2e82cb10c6b8800e0c691\",\"name\":\"BRAIAN ESTEVEZ\",\"sameAs\":[\"http:\\\/\\\/www.patagoniambiental.com.ar\"]}]}<\/script>\n<!-- \/ Yoast SEO Premium plugin. -->","yoast_head_json":{"title":"Cuales son las propuestas para disfrutar la Costa Atl\u00e1ntica rionegrina en invierno","robots":{"index":"index","follow":"follow","max-snippet":"max-snippet:-1","max-image-preview":"max-image-preview:large","max-video-preview":"max-video-preview:-1"},"canonical":"https:\/\/patagoniambiental.com.ar\/info\/necesitas-mar-necesitas-rio-negro-las-propuestas-para-disfrutar-la-costa-atlantica-en-invierno\/","og_locale":"es_ES","og_type":"article","og_title":"Cuales son las propuestas para disfrutar la Costa Atl\u00e1ntica rionegrina en invierno","og_url":"https:\/\/patagoniambiental.com.ar\/info\/necesitas-mar-necesitas-rio-negro-las-propuestas-para-disfrutar-la-costa-atlantica-en-invierno\/","og_site_name":"Patagonia Ambiental","article_publisher":"https:\/\/www.facebook.com\/patagonia.ambiental","article_published_time":"2021-07-16T10:00:00+00:00","og_image":[{"width":462,"height":308,"url":"https:\/\/patagoniambiental.com.ar\/info\/wp-content\/uploads\/2021\/07\/00058505.jpg","type":"image\/jpeg"}],"author":"BRAIAN ESTEVEZ","twitter_card":"summary_large_image","twitter_creator":"@PatAmb","twitter_site":"@PatAmb","schema":{"@context":"https:\/\/schema.org","@graph":[{"@type":"Article","@id":"https:\/\/patagoniambiental.com.ar\/info\/necesitas-mar-necesitas-rio-negro-las-propuestas-para-disfrutar-la-costa-atlantica-en-invierno\/#article","isPartOf":{"@id":"https:\/\/patagoniambiental.com.ar\/info\/necesitas-mar-necesitas-rio-negro-las-propuestas-para-disfrutar-la-costa-atlantica-en-invierno\/"},"author":{"name":"BRAIAN ESTEVEZ","@id":"https:\/\/patagoniambiental.com.ar\/info\/#\/schema\/person\/e5af09d700b2e82cb10c6b8800e0c691"},"headline":"Cuales son las propuestas para disfrutar la Costa Atl\u00e1ntica rionegrina en invierno","datePublished":"2021-07-16T10:00:00+00:00","mainEntityOfPage":{"@id":"https:\/\/patagoniambiental.com.ar\/info\/necesitas-mar-necesitas-rio-negro-las-propuestas-para-disfrutar-la-costa-atlantica-en-invierno\/"},"wordCount":757,"commentCount":0,"publisher":{"@id":"https:\/\/patagoniambiental.com.ar\/info\/#organization"},"image":{"@id":"https:\/\/patagoniambiental.com.ar\/info\/necesitas-mar-necesitas-rio-negro-las-propuestas-para-disfrutar-la-costa-atlantica-en-invierno\/#primaryimage"},"thumbnailUrl":"https:\/\/patagoniambiental.com.ar\/info\/wp-content\/uploads\/2021\/07\/00058505.jpg","articleSection":["Noticias","Provinciales","R\u00edo Negro"],"inLanguage":"es","potentialAction":[{"@type":"CommentAction","name":"Comment","target":["https:\/\/patagoniambiental.com.ar\/info\/necesitas-mar-necesitas-rio-negro-las-propuestas-para-disfrutar-la-costa-atlantica-en-invierno\/#respond"]}]},{"@type":"WebPage","@id":"https:\/\/patagoniambiental.com.ar\/info\/necesitas-mar-necesitas-rio-negro-las-propuestas-para-disfrutar-la-costa-atlantica-en-invierno\/","url":"https:\/\/patagoniambiental.com.ar\/info\/necesitas-mar-necesitas-rio-negro-las-propuestas-para-disfrutar-la-costa-atlantica-en-invierno\/","name":"Cuales son las propuestas para disfrutar la Costa Atl\u00e1ntica rionegrina en invierno","isPartOf":{"@id":"https:\/\/patagoniambiental.com.ar\/info\/#website"},"primaryImageOfPage":{"@id":"https:\/\/patagoniambiental.com.ar\/info\/necesitas-mar-necesitas-rio-negro-las-propuestas-para-disfrutar-la-costa-atlantica-en-invierno\/#primaryimage"},"image":{"@id":"https:\/\/patagoniambiental.com.ar\/info\/necesitas-mar-necesitas-rio-negro-las-propuestas-para-disfrutar-la-costa-atlantica-en-invierno\/#primaryimage"},"thumbnailUrl":"https:\/\/patagoniambiental.com.ar\/info\/wp-content\/uploads\/2021\/07\/00058505.jpg","datePublished":"2021-07-16T10:00:00+00:00","breadcrumb":{"@id":"https:\/\/patagoniambiental.com.ar\/info\/necesitas-mar-necesitas-rio-negro-las-propuestas-para-disfrutar-la-costa-atlantica-en-invierno\/#breadcrumb"},"inLanguage":"es","potentialAction":[{"@type":"ReadAction","target":["https:\/\/patagoniambiental.com.ar\/info\/necesitas-mar-necesitas-rio-negro-las-propuestas-para-disfrutar-la-costa-atlantica-en-invierno\/"]}]},{"@type":"ImageObject","inLanguage":"es","@id":"https:\/\/patagoniambiental.com.ar\/info\/necesitas-mar-necesitas-rio-negro-las-propuestas-para-disfrutar-la-costa-atlantica-en-invierno\/#primaryimage","url":"https:\/\/patagoniambiental.com.ar\/info\/wp-content\/uploads\/2021\/07\/00058505.jpg","contentUrl":"https:\/\/patagoniambiental.com.ar\/info\/wp-content\/uploads\/2021\/07\/00058505.jpg","width":462,"height":308},{"@type":"BreadcrumbList","@id":"https:\/\/patagoniambiental.com.ar\/info\/necesitas-mar-necesitas-rio-negro-las-propuestas-para-disfrutar-la-costa-atlantica-en-invierno\/#breadcrumb","itemListElement":[{"@type":"ListItem","position":1,"name":"Inicio","item":"https:\/\/patagoniambiental.com.ar\/info\/"},{"@type":"ListItem","position":2,"name":"Cuales son las propuestas para disfrutar la Costa Atl\u00e1ntica rionegrina en invierno"}]},{"@type":"WebSite","@id":"https:\/\/patagoniambiental.com.ar\/info\/#website","url":"https:\/\/patagoniambiental.com.ar\/info\/","name":"Patagonia Ambiental","description":"Monitoreo y an\u00e1lisis de la situaci\u00f3n geopol\u00edtica en el mundo y su implicancia en la Patagonia","publisher":{"@id":"https:\/\/patagoniambiental.com.ar\/info\/#organization"},"potentialAction":[{"@type":"SearchAction","target":{"@type":"EntryPoint","urlTemplate":"https:\/\/patagoniambiental.com.ar\/info\/?s={search_term_string}"},"query-input":{"@type":"PropertyValueSpecification","valueRequired":true,"valueName":"search_term_string"}}],"inLanguage":"es"},{"@type":"Organization","@id":"https:\/\/patagoniambiental.com.ar\/info\/#organization","name":"Patagonia Ambiental","url":"https:\/\/patagoniambiental.com.ar\/info\/","logo":{"@type":"ImageObject","inLanguage":"es","@id":"https:\/\/patagoniambiental.com.ar\/info\/#\/schema\/logo\/image\/","url":"https:\/\/patagoniambiental.com.ar\/info\/wp-content\/uploads\/2025\/05\/LOGO-PATAGONIA-AMBIENTAL.png","contentUrl":"https:\/\/patagoniambiental.com.ar\/info\/wp-content\/uploads\/2025\/05\/LOGO-PATAGONIA-AMBIENTAL.png","width":433,"height":250,"caption":"Patagonia Ambiental"},"image":{"@id":"https:\/\/patagoniambiental.com.ar\/info\/#\/schema\/logo\/image\/"},"sameAs":["https:\/\/www.facebook.com\/patagonia.ambiental","https:\/\/x.com\/PatAmb"]},{"@type":"Person","@id":"https:\/\/patagoniambiental.com.ar\/info\/#\/schema\/person\/e5af09d700b2e82cb10c6b8800e0c691","name":"BRAIAN ESTEVEZ","sameAs":["http:\/\/www.patagoniambiental.com.ar"]}]}},"_links":{"self":[{"href":"https:\/\/patagoniambiental.com.ar\/info\/wp-json\/wp\/v2\/posts\/73344","targetHints":{"allow":["GET"]}}],"collection":[{"href":"https:\/\/patagoniambiental.com.ar\/info\/wp-json\/wp\/v2\/posts"}],"about":[{"href":"https:\/\/patagoniambiental.com.ar\/info\/wp-json\/wp\/v2\/types\/post"}],"author":[{"embeddable":true,"href":"https:\/\/patagoniambiental.com.ar\/info\/wp-json\/wp\/v2\/users\/6"}],"replies":[{"embeddable":true,"href":"https:\/\/patagoniambiental.com.ar\/info\/wp-json\/wp\/v2\/comments?post=73344"}],"version-history":[{"count":0,"href":"https:\/\/patagoniambiental.com.ar\/info\/wp-json\/wp\/v2\/posts\/73344\/revisions"}],"wp:featuredmedia":[{"embeddable":true,"href":"https:\/\/patagoniambiental.com.ar\/info\/wp-json\/wp\/v2\/media\/73346"}],"wp:attachment":[{"href":"https:\/\/patagoniambiental.com.ar\/info\/wp-json\/wp\/v2\/media?parent=73344"}],"wp:term":[{"taxonomy":"category","embeddable":true,"href":"https:\/\/patagoniambiental.com.ar\/info\/wp-json\/wp\/v2\/categories?post=73344"},{"taxonomy":"post_tag","embeddable":true,"href":"https:\/\/patagoniambiental.com.ar\/info\/wp-json\/wp\/v2\/tags?post=73344"}],"curies":[{"name":"wp","href":"https:\/\/api.w.org\/{rel}","templated":true}]}}