{"id":73361,"date":"2021-07-13T07:00:00","date_gmt":"2021-07-13T10:00:00","guid":{"rendered":"http:\/\/patagoniambiental.com.ar\/info\/?p=73361"},"modified":"2021-07-13T19:12:44","modified_gmt":"2021-07-13T22:12:44","slug":"la-gobernadora-de-rio-negro-y-el-ministro-lammens-acuerdan-tres-obras-turisticas-por-mas-de-89-000-000","status":"publish","type":"post","link":"https:\/\/patagoniambiental.com.ar\/info\/la-gobernadora-de-rio-negro-y-el-ministro-lammens-acuerdan-tres-obras-turisticas-por-mas-de-89-000-000\/","title":{"rendered":"La gobernadora de Rio Negro y el ministro Lammens acuerdan tres obras tur\u00edsticas por m\u00e1s de $89.000.000"},"content":{"rendered":"\n<!--more-->\n\n\n\n<figure class=\"wp-block-table\"><table><tbody><tr><td>La Gobernadora, Arabela Carreras, firm\u00f3 convenios con el Ministro de Turismo y Deportes de la Naci\u00f3n, Mat\u00edas Lammens, por m\u00e1s de $89.000.000 para el financiamiento de tres obras tur\u00edsticas de la provincia, en el marco del Programa 50 Destinos de Naci\u00f3n.Se trata de la refacci\u00f3n y puesta en valor del edificio hist\u00f3rico La Reginense, para la creaci\u00f3n del Museo de la Sidra y el Vino en Villa Regina; la creaci\u00f3n del Punto Tur\u00edstico y Ambiental \u00c1rea Natural Protegida Caleta de los Loros, para brindar informaci\u00f3n a los visitantes y la obra de infraestructura Corredor Tur\u00edstico R\u00edo Manso.Los proyectos que present\u00f3 la Provincia est\u00e1n contemplados en el Plan Estrat\u00e9gico de Turismo, que busca descentralizar y diversificar la oferta tur\u00edstica de R\u00edo Negro y potenciar el desarrollo de nuevos productos y destinos emergentes.En sinton\u00eda con las nuevas tendencias, en base al actual contexto sanitario, la mirada provincial se centra en fortalecer destinos incipientes con productos de cercan\u00eda, de naturaleza y al aire libre.&nbsp;Los recursos de este programa, derivan de un porcentaje de la recaudaci\u00f3n del impuesto PA\u00cdS y destinado a la reactivaci\u00f3n del sector tur\u00edstico a trav\u00e9s de la inversi\u00f3n p\u00fablica.&nbsp;<strong>Sobre las obras acordadas<\/strong>&nbsp;En Villa Regina se proyecta la refacci\u00f3n de la bodega Cooperativa La Reginense, con una superficie cubierta de 1.350 m2 aproximadamente, integr\u00e1ndose a la trama existente, y contribuyendo a ordenar el entorno urbano. El edificio principal del Museo se integrar\u00e1, en esta primera etapa, con los dos edificios existentes laterales los que, en un futuro, ser\u00e1n reciclados en el marco del plan de transformaci\u00f3n productiva de la Cooperativa, con funciones complementarias al Museo tur\u00edstico. La intervenci\u00f3n comprende la refacci\u00f3n del subsuelo, planta baja y entrepiso del sector de piletones, y la reconstrucci\u00f3n del sector destinado a Sala de exposiciones y servicios.En El Manso se proyecta la construcci\u00f3n, sobre la Ruta provincial N\u00b0 83, de tres miradores de madera tipo deck elevados con bancos, transparentes de infograf\u00eda, barandas, escaleras y rampas de acceso, en puntos panor\u00e1micos sobre del recorrido que conforma la ruta de acceso (2 sobre la ruta y 1 elevado en cercan\u00edas al puesto de gendarmer\u00eda en la frontera).El Punto Tur\u00edstico y Ambiental en Caleta de los Loros, es una obra que consiste en la delimitaci\u00f3n del \u00c1rea Natural Protegida, con alambrado tipo rural, la incorporaci\u00f3n de equipamiento de informaci\u00f3n y control en el acceso al lugar con una oficina acondicionada, con toilette y cocina para uso del personal, carteler\u00eda informativa vial y ambiental.&nbsp;<strong>Obras de 50 Destinos en ejecuci\u00f3n<\/strong>&nbsp;Durante el 2020, el Gobierno nacional y la Provincia rubricaron un convenio bajo el mismo Programa, para financiar las obras de la ampliaci\u00f3n y refacci\u00f3n del parador de la Estaci\u00f3n Ojos de Agua, la refacci\u00f3n del parador de la Estaci\u00f3n Empalme Apeadero, en Jacobacci y la construcci\u00f3n del parador Estaci\u00f3n \u00d1orquinco, con la reparaci\u00f3n del tri\u00e1ngulo de maniobras. Estas obras tienden a impulsar el desarrollo del producto tur\u00edstico ferroviario de \u201cLa Trochita\u201d, en la regi\u00f3n de la&nbsp; Estepa. Mientras que la obra de electrificaci\u00f3n trif\u00e1sica para el Balneario La Lober\u00eda y refacci\u00f3n del camping, buscan&nbsp; otorgar mejor servicio a prestadores, comerciantes, residentes y turistas del balneario en el Camino de la Costa.<\/td><\/tr><\/tbody><\/table><\/figure>\n\n\n\n<figure class=\"wp-block-table\"><table><tbody><tr><td><a href=\"https:\/\/www.rionegro.gov.ar\/?contID=70209\" target=\"_blank\" rel=\"noreferrer noopener\">VER NOTA COMPLETA \u00bb<\/a>GOBIERNO DE R\u00cdO NEGROSecretar\u00eda de Comunicaci\u00f3n<a href=\"https:\/\/www.facebook.com\/rionegrogob\/\" target=\"_blank\" rel=\"noreferrer noopener\">Facebook<\/a><a href=\"https:\/\/twitter.com\/rionegrogob\" target=\"_blank\" rel=\"noreferrer noopener\">Twitter<\/a><a href=\"https:\/\/www.youtube.com\/channel\/UC6H8uadKTor1vy2y1EMqmLg\" target=\"_blank\" rel=\"noreferrer noopener\">Youtube<\/a><a href=\"https:\/\/www.flickr.com\/photos\/comunicacionrionegro\" target=\"_blank\" rel=\"noreferrer noopener\">Flickr<\/a>Laprida 212, Viedma, R.N.<br>comunicacionrionegro@gmail.com+54 02920 425700 \/ Interno 217<\/td><\/tr><\/tbody><\/table><figcaption>Fuente: Gobierno de Rio Negro<\/figcaption><\/figure>\n","protected":false},"excerpt":{"rendered":"","protected":false},"author":6,"featured_media":73362,"comment_status":"open","ping_status":"open","sticky":false,"template":"","format":"standard","meta":{"site-sidebar-layout":"default","site-content-layout":"","ast-site-content-layout":"default","site-content-style":"default","site-sidebar-style":"default","ast-global-header-display":"","ast-banner-title-visibility":"","ast-main-header-display":"","ast-hfb-above-header-display":"","ast-hfb-below-header-display":"","ast-hfb-mobile-header-display":"","site-post-title":"","ast-breadcrumbs-content":"","ast-featured-img":"","footer-sml-layout":"","ast-disable-related-posts":"","theme-transparent-header-meta":"","adv-header-id-meta":"","stick-header-meta":"","header-above-stick-meta":"","header-main-stick-meta":"","header-below-stick-meta":"","astra-migrate-meta-layouts":"default","ast-page-background-enabled":"default","ast-page-background-meta":{"desktop":{"background-color":"var(--ast-global-color-5)","background-image":"","background-repeat":"repeat","background-position":"center center","background-size":"auto","background-attachment":"scroll","background-type":"","background-media":"","overlay-type":"","overlay-color":"","overlay-opacity":"","overlay-gradient":""},"tablet":{"background-color":"","background-image":"","background-repeat":"repeat","background-position":"center center","background-size":"auto","background-attachment":"scroll","background-type":"","background-media":"","overlay-type":"","overlay-color":"","overlay-opacity":"","overlay-gradient":""},"mobile":{"background-color":"","background-image":"","background-repeat":"repeat","background-position":"center center","background-size":"auto","background-attachment":"scroll","background-type":"","background-media":"","overlay-type":"","overlay-color":"","overlay-opacity":"","overlay-gradient":""}},"ast-content-background-meta":{"desktop":{"background-color":"var(--ast-global-color-4)","background-image":"","background-repeat":"repeat","background-position":"center center","background-size":"auto","background-attachment":"scroll","background-type":"","background-media":"","overlay-type":"","overlay-color":"","overlay-opacity":"","overlay-gradient":""},"tablet":{"background-color":"var(--ast-global-color-4)","background-image":"","background-repeat":"repeat","background-position":"center center","background-size":"auto","background-attachment":"scroll","background-type":"","background-media":"","overlay-type":"","overlay-color":"","overlay-opacity":"","overlay-gradient":""},"mobile":{"background-color":"var(--ast-global-color-4)","background-image":"","background-repeat":"repeat","background-position":"center center","background-size":"auto","background-attachment":"scroll","background-type":"","background-media":"","overlay-type":"","overlay-color":"","overlay-opacity":"","overlay-gradient":""}},"footnotes":""},"categories":[1,13,14],"tags":[],"class_list":["post-73361","post","type-post","status-publish","format-standard","has-post-thumbnail","hentry","category-noticias","category-provinciales","category-rio-negro"],"yoast_head":"<!-- This site is optimized with the Yoast SEO Premium plugin v23.0 (Yoast SEO v27.5) - https:\/\/yoast.com\/product\/yoast-seo-premium-wordpress\/ -->\n<title>La gobernadora de Rio Negro y el ministro Lammens acuerdan tres obras tur\u00edsticas por m\u00e1s de $89.000.000<\/title>\n<meta name=\"robots\" content=\"index, follow, max-snippet:-1, max-image-preview:large, max-video-preview:-1\" \/>\n<link rel=\"canonical\" href=\"https:\/\/patagoniambiental.com.ar\/info\/la-gobernadora-de-rio-negro-y-el-ministro-lammens-acuerdan-tres-obras-turisticas-por-mas-de-89-000-000\/\" \/>\n<meta property=\"og:locale\" content=\"es_ES\" \/>\n<meta property=\"og:type\" content=\"article\" \/>\n<meta property=\"og:title\" content=\"La gobernadora de Rio Negro y el ministro Lammens acuerdan tres obras tur\u00edsticas por m\u00e1s de $89.000.000\" \/>\n<meta property=\"og:url\" content=\"https:\/\/patagoniambiental.com.ar\/info\/la-gobernadora-de-rio-negro-y-el-ministro-lammens-acuerdan-tres-obras-turisticas-por-mas-de-89-000-000\/\" \/>\n<meta property=\"og:site_name\" content=\"Patagonia Ambiental\" \/>\n<meta property=\"article:publisher\" content=\"https:\/\/www.facebook.com\/patagonia.ambiental\" \/>\n<meta property=\"article:published_time\" content=\"2021-07-13T10:00:00+00:00\" \/>\n<meta property=\"article:modified_time\" content=\"2021-07-13T22:12:44+00:00\" \/>\n<meta property=\"og:image\" content=\"https:\/\/patagoniambiental.com.ar\/info\/wp-content\/uploads\/2021\/07\/00058563.jpg\" \/>\n\t<meta property=\"og:image:width\" content=\"462\" \/>\n\t<meta property=\"og:image:height\" content=\"308\" \/>\n\t<meta property=\"og:image:type\" content=\"image\/jpeg\" \/>\n<meta name=\"author\" content=\"BRAIAN ESTEVEZ\" \/>\n<meta name=\"twitter:card\" content=\"summary_large_image\" \/>\n<meta name=\"twitter:creator\" content=\"@PatAmb\" \/>\n<meta name=\"twitter:site\" content=\"@PatAmb\" \/>\n<script type=\"application\/ld+json\" class=\"yoast-schema-graph\">{\"@context\":\"https:\\\/\\\/schema.org\",\"@graph\":[{\"@type\":\"Article\",\"@id\":\"https:\\\/\\\/patagoniambiental.com.ar\\\/info\\\/la-gobernadora-de-rio-negro-y-el-ministro-lammens-acuerdan-tres-obras-turisticas-por-mas-de-89-000-000\\\/#article\",\"isPartOf\":{\"@id\":\"https:\\\/\\\/patagoniambiental.com.ar\\\/info\\\/la-gobernadora-de-rio-negro-y-el-ministro-lammens-acuerdan-tres-obras-turisticas-por-mas-de-89-000-000\\\/\"},\"author\":{\"name\":\"BRAIAN ESTEVEZ\",\"@id\":\"https:\\\/\\\/patagoniambiental.com.ar\\\/info\\\/#\\\/schema\\\/person\\\/e5af09d700b2e82cb10c6b8800e0c691\"},\"headline\":\"La gobernadora de Rio Negro y el ministro Lammens acuerdan tres obras tur\u00edsticas por m\u00e1s de $89.000.000\",\"datePublished\":\"2021-07-13T10:00:00+00:00\",\"dateModified\":\"2021-07-13T22:12:44+00:00\",\"mainEntityOfPage\":{\"@id\":\"https:\\\/\\\/patagoniambiental.com.ar\\\/info\\\/la-gobernadora-de-rio-negro-y-el-ministro-lammens-acuerdan-tres-obras-turisticas-por-mas-de-89-000-000\\\/\"},\"wordCount\":636,\"commentCount\":0,\"publisher\":{\"@id\":\"https:\\\/\\\/patagoniambiental.com.ar\\\/info\\\/#organization\"},\"image\":{\"@id\":\"https:\\\/\\\/patagoniambiental.com.ar\\\/info\\\/la-gobernadora-de-rio-negro-y-el-ministro-lammens-acuerdan-tres-obras-turisticas-por-mas-de-89-000-000\\\/#primaryimage\"},\"thumbnailUrl\":\"https:\\\/\\\/patagoniambiental.com.ar\\\/info\\\/wp-content\\\/uploads\\\/2021\\\/07\\\/00058563.jpg\",\"articleSection\":[\"Noticias\",\"Provinciales\",\"R\u00edo Negro\"],\"inLanguage\":\"es\",\"potentialAction\":[{\"@type\":\"CommentAction\",\"name\":\"Comment\",\"target\":[\"https:\\\/\\\/patagoniambiental.com.ar\\\/info\\\/la-gobernadora-de-rio-negro-y-el-ministro-lammens-acuerdan-tres-obras-turisticas-por-mas-de-89-000-000\\\/#respond\"]}]},{\"@type\":\"WebPage\",\"@id\":\"https:\\\/\\\/patagoniambiental.com.ar\\\/info\\\/la-gobernadora-de-rio-negro-y-el-ministro-lammens-acuerdan-tres-obras-turisticas-por-mas-de-89-000-000\\\/\",\"url\":\"https:\\\/\\\/patagoniambiental.com.ar\\\/info\\\/la-gobernadora-de-rio-negro-y-el-ministro-lammens-acuerdan-tres-obras-turisticas-por-mas-de-89-000-000\\\/\",\"name\":\"La gobernadora de Rio Negro y el ministro Lammens acuerdan tres obras tur\u00edsticas por m\u00e1s de $89.000.000\",\"isPartOf\":{\"@id\":\"https:\\\/\\\/patagoniambiental.com.ar\\\/info\\\/#website\"},\"primaryImageOfPage\":{\"@id\":\"https:\\\/\\\/patagoniambiental.com.ar\\\/info\\\/la-gobernadora-de-rio-negro-y-el-ministro-lammens-acuerdan-tres-obras-turisticas-por-mas-de-89-000-000\\\/#primaryimage\"},\"image\":{\"@id\":\"https:\\\/\\\/patagoniambiental.com.ar\\\/info\\\/la-gobernadora-de-rio-negro-y-el-ministro-lammens-acuerdan-tres-obras-turisticas-por-mas-de-89-000-000\\\/#primaryimage\"},\"thumbnailUrl\":\"https:\\\/\\\/patagoniambiental.com.ar\\\/info\\\/wp-content\\\/uploads\\\/2021\\\/07\\\/00058563.jpg\",\"datePublished\":\"2021-07-13T10:00:00+00:00\",\"dateModified\":\"2021-07-13T22:12:44+00:00\",\"breadcrumb\":{\"@id\":\"https:\\\/\\\/patagoniambiental.com.ar\\\/info\\\/la-gobernadora-de-rio-negro-y-el-ministro-lammens-acuerdan-tres-obras-turisticas-por-mas-de-89-000-000\\\/#breadcrumb\"},\"inLanguage\":\"es\",\"potentialAction\":[{\"@type\":\"ReadAction\",\"target\":[\"https:\\\/\\\/patagoniambiental.com.ar\\\/info\\\/la-gobernadora-de-rio-negro-y-el-ministro-lammens-acuerdan-tres-obras-turisticas-por-mas-de-89-000-000\\\/\"]}]},{\"@type\":\"ImageObject\",\"inLanguage\":\"es\",\"@id\":\"https:\\\/\\\/patagoniambiental.com.ar\\\/info\\\/la-gobernadora-de-rio-negro-y-el-ministro-lammens-acuerdan-tres-obras-turisticas-por-mas-de-89-000-000\\\/#primaryimage\",\"url\":\"https:\\\/\\\/patagoniambiental.com.ar\\\/info\\\/wp-content\\\/uploads\\\/2021\\\/07\\\/00058563.jpg\",\"contentUrl\":\"https:\\\/\\\/patagoniambiental.com.ar\\\/info\\\/wp-content\\\/uploads\\\/2021\\\/07\\\/00058563.jpg\",\"width\":462,\"height\":308},{\"@type\":\"BreadcrumbList\",\"@id\":\"https:\\\/\\\/patagoniambiental.com.ar\\\/info\\\/la-gobernadora-de-rio-negro-y-el-ministro-lammens-acuerdan-tres-obras-turisticas-por-mas-de-89-000-000\\\/#breadcrumb\",\"itemListElement\":[{\"@type\":\"ListItem\",\"position\":1,\"name\":\"Inicio\",\"item\":\"https:\\\/\\\/patagoniambiental.com.ar\\\/info\\\/\"},{\"@type\":\"ListItem\",\"position\":2,\"name\":\"La gobernadora de Rio Negro y el ministro Lammens acuerdan tres obras tur\u00edsticas por m\u00e1s de $89.000.000\"}]},{\"@type\":\"WebSite\",\"@id\":\"https:\\\/\\\/patagoniambiental.com.ar\\\/info\\\/#website\",\"url\":\"https:\\\/\\\/patagoniambiental.com.ar\\\/info\\\/\",\"name\":\"Patagonia Ambiental\",\"description\":\"Monitoreo y an\u00e1lisis de la situaci\u00f3n geopol\u00edtica en el mundo y su implicancia en la Patagonia\",\"publisher\":{\"@id\":\"https:\\\/\\\/patagoniambiental.com.ar\\\/info\\\/#organization\"},\"potentialAction\":[{\"@type\":\"SearchAction\",\"target\":{\"@type\":\"EntryPoint\",\"urlTemplate\":\"https:\\\/\\\/patagoniambiental.com.ar\\\/info\\\/?s={search_term_string}\"},\"query-input\":{\"@type\":\"PropertyValueSpecification\",\"valueRequired\":true,\"valueName\":\"search_term_string\"}}],\"inLanguage\":\"es\"},{\"@type\":\"Organization\",\"@id\":\"https:\\\/\\\/patagoniambiental.com.ar\\\/info\\\/#organization\",\"name\":\"Patagonia Ambiental\",\"url\":\"https:\\\/\\\/patagoniambiental.com.ar\\\/info\\\/\",\"logo\":{\"@type\":\"ImageObject\",\"inLanguage\":\"es\",\"@id\":\"https:\\\/\\\/patagoniambiental.com.ar\\\/info\\\/#\\\/schema\\\/logo\\\/image\\\/\",\"url\":\"https:\\\/\\\/patagoniambiental.com.ar\\\/info\\\/wp-content\\\/uploads\\\/2025\\\/05\\\/LOGO-PATAGONIA-AMBIENTAL.png\",\"contentUrl\":\"https:\\\/\\\/patagoniambiental.com.ar\\\/info\\\/wp-content\\\/uploads\\\/2025\\\/05\\\/LOGO-PATAGONIA-AMBIENTAL.png\",\"width\":433,\"height\":250,\"caption\":\"Patagonia Ambiental\"},\"image\":{\"@id\":\"https:\\\/\\\/patagoniambiental.com.ar\\\/info\\\/#\\\/schema\\\/logo\\\/image\\\/\"},\"sameAs\":[\"https:\\\/\\\/www.facebook.com\\\/patagonia.ambiental\",\"https:\\\/\\\/x.com\\\/PatAmb\"]},{\"@type\":\"Person\",\"@id\":\"https:\\\/\\\/patagoniambiental.com.ar\\\/info\\\/#\\\/schema\\\/person\\\/e5af09d700b2e82cb10c6b8800e0c691\",\"name\":\"BRAIAN ESTEVEZ\",\"sameAs\":[\"http:\\\/\\\/www.patagoniambiental.com.ar\"]}]}<\/script>\n<!-- \/ Yoast SEO Premium plugin. -->","yoast_head_json":{"title":"La gobernadora de Rio Negro y el ministro Lammens acuerdan tres obras tur\u00edsticas por m\u00e1s de $89.000.000","robots":{"index":"index","follow":"follow","max-snippet":"max-snippet:-1","max-image-preview":"max-image-preview:large","max-video-preview":"max-video-preview:-1"},"canonical":"https:\/\/patagoniambiental.com.ar\/info\/la-gobernadora-de-rio-negro-y-el-ministro-lammens-acuerdan-tres-obras-turisticas-por-mas-de-89-000-000\/","og_locale":"es_ES","og_type":"article","og_title":"La gobernadora de Rio Negro y el ministro Lammens acuerdan tres obras tur\u00edsticas por m\u00e1s de $89.000.000","og_url":"https:\/\/patagoniambiental.com.ar\/info\/la-gobernadora-de-rio-negro-y-el-ministro-lammens-acuerdan-tres-obras-turisticas-por-mas-de-89-000-000\/","og_site_name":"Patagonia Ambiental","article_publisher":"https:\/\/www.facebook.com\/patagonia.ambiental","article_published_time":"2021-07-13T10:00:00+00:00","article_modified_time":"2021-07-13T22:12:44+00:00","og_image":[{"width":462,"height":308,"url":"https:\/\/patagoniambiental.com.ar\/info\/wp-content\/uploads\/2021\/07\/00058563.jpg","type":"image\/jpeg"}],"author":"BRAIAN ESTEVEZ","twitter_card":"summary_large_image","twitter_creator":"@PatAmb","twitter_site":"@PatAmb","schema":{"@context":"https:\/\/schema.org","@graph":[{"@type":"Article","@id":"https:\/\/patagoniambiental.com.ar\/info\/la-gobernadora-de-rio-negro-y-el-ministro-lammens-acuerdan-tres-obras-turisticas-por-mas-de-89-000-000\/#article","isPartOf":{"@id":"https:\/\/patagoniambiental.com.ar\/info\/la-gobernadora-de-rio-negro-y-el-ministro-lammens-acuerdan-tres-obras-turisticas-por-mas-de-89-000-000\/"},"author":{"name":"BRAIAN ESTEVEZ","@id":"https:\/\/patagoniambiental.com.ar\/info\/#\/schema\/person\/e5af09d700b2e82cb10c6b8800e0c691"},"headline":"La gobernadora de Rio Negro y el ministro Lammens acuerdan tres obras tur\u00edsticas por m\u00e1s de $89.000.000","datePublished":"2021-07-13T10:00:00+00:00","dateModified":"2021-07-13T22:12:44+00:00","mainEntityOfPage":{"@id":"https:\/\/patagoniambiental.com.ar\/info\/la-gobernadora-de-rio-negro-y-el-ministro-lammens-acuerdan-tres-obras-turisticas-por-mas-de-89-000-000\/"},"wordCount":636,"commentCount":0,"publisher":{"@id":"https:\/\/patagoniambiental.com.ar\/info\/#organization"},"image":{"@id":"https:\/\/patagoniambiental.com.ar\/info\/la-gobernadora-de-rio-negro-y-el-ministro-lammens-acuerdan-tres-obras-turisticas-por-mas-de-89-000-000\/#primaryimage"},"thumbnailUrl":"https:\/\/patagoniambiental.com.ar\/info\/wp-content\/uploads\/2021\/07\/00058563.jpg","articleSection":["Noticias","Provinciales","R\u00edo Negro"],"inLanguage":"es","potentialAction":[{"@type":"CommentAction","name":"Comment","target":["https:\/\/patagoniambiental.com.ar\/info\/la-gobernadora-de-rio-negro-y-el-ministro-lammens-acuerdan-tres-obras-turisticas-por-mas-de-89-000-000\/#respond"]}]},{"@type":"WebPage","@id":"https:\/\/patagoniambiental.com.ar\/info\/la-gobernadora-de-rio-negro-y-el-ministro-lammens-acuerdan-tres-obras-turisticas-por-mas-de-89-000-000\/","url":"https:\/\/patagoniambiental.com.ar\/info\/la-gobernadora-de-rio-negro-y-el-ministro-lammens-acuerdan-tres-obras-turisticas-por-mas-de-89-000-000\/","name":"La gobernadora de Rio Negro y el ministro Lammens acuerdan tres obras tur\u00edsticas por m\u00e1s de $89.000.000","isPartOf":{"@id":"https:\/\/patagoniambiental.com.ar\/info\/#website"},"primaryImageOfPage":{"@id":"https:\/\/patagoniambiental.com.ar\/info\/la-gobernadora-de-rio-negro-y-el-ministro-lammens-acuerdan-tres-obras-turisticas-por-mas-de-89-000-000\/#primaryimage"},"image":{"@id":"https:\/\/patagoniambiental.com.ar\/info\/la-gobernadora-de-rio-negro-y-el-ministro-lammens-acuerdan-tres-obras-turisticas-por-mas-de-89-000-000\/#primaryimage"},"thumbnailUrl":"https:\/\/patagoniambiental.com.ar\/info\/wp-content\/uploads\/2021\/07\/00058563.jpg","datePublished":"2021-07-13T10:00:00+00:00","dateModified":"2021-07-13T22:12:44+00:00","breadcrumb":{"@id":"https:\/\/patagoniambiental.com.ar\/info\/la-gobernadora-de-rio-negro-y-el-ministro-lammens-acuerdan-tres-obras-turisticas-por-mas-de-89-000-000\/#breadcrumb"},"inLanguage":"es","potentialAction":[{"@type":"ReadAction","target":["https:\/\/patagoniambiental.com.ar\/info\/la-gobernadora-de-rio-negro-y-el-ministro-lammens-acuerdan-tres-obras-turisticas-por-mas-de-89-000-000\/"]}]},{"@type":"ImageObject","inLanguage":"es","@id":"https:\/\/patagoniambiental.com.ar\/info\/la-gobernadora-de-rio-negro-y-el-ministro-lammens-acuerdan-tres-obras-turisticas-por-mas-de-89-000-000\/#primaryimage","url":"https:\/\/patagoniambiental.com.ar\/info\/wp-content\/uploads\/2021\/07\/00058563.jpg","contentUrl":"https:\/\/patagoniambiental.com.ar\/info\/wp-content\/uploads\/2021\/07\/00058563.jpg","width":462,"height":308},{"@type":"BreadcrumbList","@id":"https:\/\/patagoniambiental.com.ar\/info\/la-gobernadora-de-rio-negro-y-el-ministro-lammens-acuerdan-tres-obras-turisticas-por-mas-de-89-000-000\/#breadcrumb","itemListElement":[{"@type":"ListItem","position":1,"name":"Inicio","item":"https:\/\/patagoniambiental.com.ar\/info\/"},{"@type":"ListItem","position":2,"name":"La gobernadora de Rio Negro y el ministro Lammens acuerdan tres obras tur\u00edsticas por m\u00e1s de $89.000.000"}]},{"@type":"WebSite","@id":"https:\/\/patagoniambiental.com.ar\/info\/#website","url":"https:\/\/patagoniambiental.com.ar\/info\/","name":"Patagonia Ambiental","description":"Monitoreo y an\u00e1lisis de la situaci\u00f3n geopol\u00edtica en el mundo y su implicancia en la Patagonia","publisher":{"@id":"https:\/\/patagoniambiental.com.ar\/info\/#organization"},"potentialAction":[{"@type":"SearchAction","target":{"@type":"EntryPoint","urlTemplate":"https:\/\/patagoniambiental.com.ar\/info\/?s={search_term_string}"},"query-input":{"@type":"PropertyValueSpecification","valueRequired":true,"valueName":"search_term_string"}}],"inLanguage":"es"},{"@type":"Organization","@id":"https:\/\/patagoniambiental.com.ar\/info\/#organization","name":"Patagonia Ambiental","url":"https:\/\/patagoniambiental.com.ar\/info\/","logo":{"@type":"ImageObject","inLanguage":"es","@id":"https:\/\/patagoniambiental.com.ar\/info\/#\/schema\/logo\/image\/","url":"https:\/\/patagoniambiental.com.ar\/info\/wp-content\/uploads\/2025\/05\/LOGO-PATAGONIA-AMBIENTAL.png","contentUrl":"https:\/\/patagoniambiental.com.ar\/info\/wp-content\/uploads\/2025\/05\/LOGO-PATAGONIA-AMBIENTAL.png","width":433,"height":250,"caption":"Patagonia Ambiental"},"image":{"@id":"https:\/\/patagoniambiental.com.ar\/info\/#\/schema\/logo\/image\/"},"sameAs":["https:\/\/www.facebook.com\/patagonia.ambiental","https:\/\/x.com\/PatAmb"]},{"@type":"Person","@id":"https:\/\/patagoniambiental.com.ar\/info\/#\/schema\/person\/e5af09d700b2e82cb10c6b8800e0c691","name":"BRAIAN ESTEVEZ","sameAs":["http:\/\/www.patagoniambiental.com.ar"]}]}},"_links":{"self":[{"href":"https:\/\/patagoniambiental.com.ar\/info\/wp-json\/wp\/v2\/posts\/73361","targetHints":{"allow":["GET"]}}],"collection":[{"href":"https:\/\/patagoniambiental.com.ar\/info\/wp-json\/wp\/v2\/posts"}],"about":[{"href":"https:\/\/patagoniambiental.com.ar\/info\/wp-json\/wp\/v2\/types\/post"}],"author":[{"embeddable":true,"href":"https:\/\/patagoniambiental.com.ar\/info\/wp-json\/wp\/v2\/users\/6"}],"replies":[{"embeddable":true,"href":"https:\/\/patagoniambiental.com.ar\/info\/wp-json\/wp\/v2\/comments?post=73361"}],"version-history":[{"count":0,"href":"https:\/\/patagoniambiental.com.ar\/info\/wp-json\/wp\/v2\/posts\/73361\/revisions"}],"wp:featuredmedia":[{"embeddable":true,"href":"https:\/\/patagoniambiental.com.ar\/info\/wp-json\/wp\/v2\/media\/73362"}],"wp:attachment":[{"href":"https:\/\/patagoniambiental.com.ar\/info\/wp-json\/wp\/v2\/media?parent=73361"}],"wp:term":[{"taxonomy":"category","embeddable":true,"href":"https:\/\/patagoniambiental.com.ar\/info\/wp-json\/wp\/v2\/categories?post=73361"},{"taxonomy":"post_tag","embeddable":true,"href":"https:\/\/patagoniambiental.com.ar\/info\/wp-json\/wp\/v2\/tags?post=73361"}],"curies":[{"name":"wp","href":"https:\/\/api.w.org\/{rel}","templated":true}]}}