{"id":73377,"date":"2021-07-14T07:00:00","date_gmt":"2021-07-14T10:00:00","guid":{"rendered":"http:\/\/patagoniambiental.com.ar\/info\/?p=73377"},"modified":"2021-07-14T20:44:32","modified_gmt":"2021-07-14T23:44:32","slug":"se-inicia-la-reconversion-a-gas-natural-en-los-hogares-alcanzados-por-el-gasoducto-de-la-region-sur-de-la-provincia-de-rio-negro","status":"publish","type":"post","link":"https:\/\/patagoniambiental.com.ar\/info\/se-inicia-la-reconversion-a-gas-natural-en-los-hogares-alcanzados-por-el-gasoducto-de-la-region-sur-de-la-provincia-de-rio-negro\/","title":{"rendered":"Se inicia la reconversi\u00f3n a gas natural en los hogares alcanzados por el Gasoducto de la Regi\u00f3n Sur de la Provincia de Rio Negro"},"content":{"rendered":"\n<!--more-->\n\n\n\n<p>La Provincia ajusta los \u00faltimos detalles para iniciar la reconversi\u00f3n del gas licuado de petr\u00f3leo (GLP) a gas natural, para lo que ser\u00e1 fundamental comenzar a revisar las actuales conexiones en los hogares de Ramos Mex\u00eda, Sierra Colorada, Los Menucos y Maquinchao.<\/p>\n\n\n\n<p>Esta semana el ministro de Obras y Servicios P\u00fablicos, Carlos Valeri, el secretario de Obras e Infraestructura, Alejandro Echarren y el subsecretario de Infraestructura, Daniel Bengochea, visitar\u00e1n las localidades para brindar detalles a las intendencias y comunidades del proceso que se inicia e informarles sobre la importancia de contar con la colaboraci\u00f3n de la poblaci\u00f3n para que la reconversi\u00f3n sea segura, y en tiempo y forma.<\/p>\n\n\n\n<p>Al respecto, Valeri indic\u00f3 que \u201cla magnitud de la obra del Gasoducto nos compromete a realizar un trabajo prolijo y seguro de reconversi\u00f3n de las redes de gas para que las familias de la Regi\u00f3n Sur tengan m\u00ednimos inconvenientes y el mayor de los beneficios\u00bb.&nbsp; \u201cPara iniciar la reconversi\u00f3n del servicio necesitaremos que las familias abran las puertas de su casa y reciban a los inspectores que revisar\u00e1n los artefactos y las conexiones domiciliarias\u00bb, remarc\u00f3.<\/p>\n\n\n\n<p><strong>6.000 nuevas conexiones<\/strong><\/p>\n\n\n\n<p>Disponer de gas natural en los hogares significar\u00e1 para las familias de la Regi\u00f3n Sur contar con un servicio m\u00e1s seguro, ilimitado en el uso diario, tanto en el consumo hogare\u00f1o como en el uso industrial, y a un costo aproximado 25% m\u00e1s econ\u00f3mico que el actual.<\/p>\n\n\n\n<p>Inicialmente son un total aproximado de 6.000 conexiones las que deben reconvertirse en las distintas localidades. Profesionales matriculados verificar\u00e1n que las instalaciones internas de cada hogar cumplan con las normativas y sean las adecuadas para operar con gas natural.<\/p>\n\n\n\n<p>El acompa\u00f1amiento de Coopetel, empresa responsable&nbsp; de surtir y realizar el mantenimiento del servicio de GLP durante los \u00faltimos a\u00f1os en la regi\u00f3n, ser\u00e1 fundamental en esta etapa de relevamiento. Los inspectores de esta empresa ser\u00e1n los responsables de visitar cada uno de los hogares para constatar que las instalaciones internas cumplan con las normativas y sean las adecuadas para operar con gas natural. \u00c9sta tarea comenzar\u00e1 en los pr\u00f3ximos d\u00edas y es fundamental para garantizar la seguridad de las familias.<\/p>\n\n\n\n<p>El profesional verificar\u00e1 si las instalaciones de cada vivienda cumplen con las reglamentaciones; entre ellas,&nbsp; que no&nbsp; registren p\u00e9rdidas, que los artefactos est\u00e9n en condiciones&nbsp; y que las ventilaciones sean las adecuadas.&nbsp; Una vez revisados, y en caso de que sea necesario,&nbsp; el profesional les dejar\u00e1 una planilla con los trabajos que deber\u00e1 realizar un gasista matriculado y de los cuales ser\u00e1 responsabilidad de cada familia llevar a cabo, si desean disfrutar a la brevedad de los beneficios del gas natural en su vivienda.<\/p>\n\n\n\n<p><strong>Gasoducto de la Regi\u00f3n Sur<\/strong><\/p>\n\n\n\n<p>El Gasoducto de la Regi\u00f3n Sur (365km) es la infraestructura m\u00e1s extensa construida en los \u00faltimos a\u00f1os por un Gobierno Provincial en el pa\u00eds. Su ejecuci\u00f3n, financiada con fondos del Plan Castello, es decisi\u00f3n pol\u00edtica de una gesti\u00f3n que resolvi\u00f3 priorizar la calidad de vida de 17.000&nbsp; habitantes de la regi\u00f3n m\u00e1s fr\u00eda y menos poblada de R\u00edo Negro.<\/p>\n\n\n\n<p>La\u00a0 Regi\u00f3n Sur de R\u00edo Negro representa el 62% de la superficie total de la provincia. Ocupa un territorio aproximado de 114.000 km2, con una densidad de poblaci\u00f3n estimada de\u00a0 0,4 hab\/km2.<\/p>\n\n\n\n<p>Fuente: Gobierno de Rio Negro<\/p>\n","protected":false},"excerpt":{"rendered":"","protected":false},"author":6,"featured_media":73378,"comment_status":"open","ping_status":"open","sticky":false,"template":"","format":"standard","meta":{"site-sidebar-layout":"default","site-content-layout":"","ast-site-content-layout":"default","site-content-style":"default","site-sidebar-style":"default","ast-global-header-display":"","ast-banner-title-visibility":"","ast-main-header-display":"","ast-hfb-above-header-display":"","ast-hfb-below-header-display":"","ast-hfb-mobile-header-display":"","site-post-title":"","ast-breadcrumbs-content":"","ast-featured-img":"","footer-sml-layout":"","ast-disable-related-posts":"","theme-transparent-header-meta":"","adv-header-id-meta":"","stick-header-meta":"","header-above-stick-meta":"","header-main-stick-meta":"","header-below-stick-meta":"","astra-migrate-meta-layouts":"default","ast-page-background-enabled":"default","ast-page-background-meta":{"desktop":{"background-color":"var(--ast-global-color-5)","background-image":"","background-repeat":"repeat","background-position":"center center","background-size":"auto","background-attachment":"scroll","background-type":"","background-media":"","overlay-type":"","overlay-color":"","overlay-opacity":"","overlay-gradient":""},"tablet":{"background-color":"","background-image":"","background-repeat":"repeat","background-position":"center center","background-size":"auto","background-attachment":"scroll","background-type":"","background-media":"","overlay-type":"","overlay-color":"","overlay-opacity":"","overlay-gradient":""},"mobile":{"background-color":"","background-image":"","background-repeat":"repeat","background-position":"center center","background-size":"auto","background-attachment":"scroll","background-type":"","background-media":"","overlay-type":"","overlay-color":"","overlay-opacity":"","overlay-gradient":""}},"ast-content-background-meta":{"desktop":{"background-color":"var(--ast-global-color-4)","background-image":"","background-repeat":"repeat","background-position":"center center","background-size":"auto","background-attachment":"scroll","background-type":"","background-media":"","overlay-type":"","overlay-color":"","overlay-opacity":"","overlay-gradient":""},"tablet":{"background-color":"var(--ast-global-color-4)","background-image":"","background-repeat":"repeat","background-position":"center center","background-size":"auto","background-attachment":"scroll","background-type":"","background-media":"","overlay-type":"","overlay-color":"","overlay-opacity":"","overlay-gradient":""},"mobile":{"background-color":"var(--ast-global-color-4)","background-image":"","background-repeat":"repeat","background-position":"center center","background-size":"auto","background-attachment":"scroll","background-type":"","background-media":"","overlay-type":"","overlay-color":"","overlay-opacity":"","overlay-gradient":""}},"footnotes":""},"categories":[1,13,14],"tags":[],"class_list":["post-73377","post","type-post","status-publish","format-standard","has-post-thumbnail","hentry","category-noticias","category-provinciales","category-rio-negro"],"yoast_head":"<!-- This site is optimized with the Yoast SEO Premium plugin v23.0 (Yoast SEO v27.5) - https:\/\/yoast.com\/product\/yoast-seo-premium-wordpress\/ -->\n<title>Se inicia la reconversi\u00f3n a gas natural en los hogares alcanzados por el Gasoducto de la Regi\u00f3n Sur de la Provincia de Rio Negro<\/title>\n<meta name=\"robots\" content=\"index, follow, max-snippet:-1, max-image-preview:large, max-video-preview:-1\" \/>\n<link rel=\"canonical\" href=\"https:\/\/patagoniambiental.com.ar\/info\/se-inicia-la-reconversion-a-gas-natural-en-los-hogares-alcanzados-por-el-gasoducto-de-la-region-sur-de-la-provincia-de-rio-negro\/\" \/>\n<meta property=\"og:locale\" content=\"es_ES\" \/>\n<meta property=\"og:type\" content=\"article\" \/>\n<meta property=\"og:title\" content=\"Se inicia la reconversi\u00f3n a gas natural en los hogares alcanzados por el Gasoducto de la Regi\u00f3n Sur de la Provincia de Rio Negro\" \/>\n<meta property=\"og:url\" content=\"https:\/\/patagoniambiental.com.ar\/info\/se-inicia-la-reconversion-a-gas-natural-en-los-hogares-alcanzados-por-el-gasoducto-de-la-region-sur-de-la-provincia-de-rio-negro\/\" \/>\n<meta property=\"og:site_name\" content=\"Patagonia Ambiental\" \/>\n<meta property=\"article:publisher\" content=\"https:\/\/www.facebook.com\/patagonia.ambiental\" \/>\n<meta property=\"article:published_time\" content=\"2021-07-14T10:00:00+00:00\" \/>\n<meta property=\"article:modified_time\" content=\"2021-07-14T23:44:32+00:00\" \/>\n<meta property=\"og:image\" content=\"https:\/\/patagoniambiental.com.ar\/info\/wp-content\/uploads\/2021\/07\/00058583.jpg\" \/>\n\t<meta property=\"og:image:width\" content=\"462\" \/>\n\t<meta property=\"og:image:height\" content=\"308\" \/>\n\t<meta property=\"og:image:type\" content=\"image\/jpeg\" \/>\n<meta name=\"author\" content=\"BRAIAN ESTEVEZ\" \/>\n<meta name=\"twitter:card\" content=\"summary_large_image\" \/>\n<meta name=\"twitter:creator\" content=\"@PatAmb\" \/>\n<meta name=\"twitter:site\" content=\"@PatAmb\" \/>\n<script type=\"application\/ld+json\" class=\"yoast-schema-graph\">{\"@context\":\"https:\\\/\\\/schema.org\",\"@graph\":[{\"@type\":\"Article\",\"@id\":\"https:\\\/\\\/patagoniambiental.com.ar\\\/info\\\/se-inicia-la-reconversion-a-gas-natural-en-los-hogares-alcanzados-por-el-gasoducto-de-la-region-sur-de-la-provincia-de-rio-negro\\\/#article\",\"isPartOf\":{\"@id\":\"https:\\\/\\\/patagoniambiental.com.ar\\\/info\\\/se-inicia-la-reconversion-a-gas-natural-en-los-hogares-alcanzados-por-el-gasoducto-de-la-region-sur-de-la-provincia-de-rio-negro\\\/\"},\"author\":{\"name\":\"BRAIAN ESTEVEZ\",\"@id\":\"https:\\\/\\\/patagoniambiental.com.ar\\\/info\\\/#\\\/schema\\\/person\\\/e5af09d700b2e82cb10c6b8800e0c691\"},\"headline\":\"Se inicia la reconversi\u00f3n a gas natural en los hogares alcanzados por el Gasoducto de la Regi\u00f3n Sur de la Provincia de Rio Negro\",\"datePublished\":\"2021-07-14T10:00:00+00:00\",\"dateModified\":\"2021-07-14T23:44:32+00:00\",\"mainEntityOfPage\":{\"@id\":\"https:\\\/\\\/patagoniambiental.com.ar\\\/info\\\/se-inicia-la-reconversion-a-gas-natural-en-los-hogares-alcanzados-por-el-gasoducto-de-la-region-sur-de-la-provincia-de-rio-negro\\\/\"},\"wordCount\":609,\"commentCount\":0,\"publisher\":{\"@id\":\"https:\\\/\\\/patagoniambiental.com.ar\\\/info\\\/#organization\"},\"image\":{\"@id\":\"https:\\\/\\\/patagoniambiental.com.ar\\\/info\\\/se-inicia-la-reconversion-a-gas-natural-en-los-hogares-alcanzados-por-el-gasoducto-de-la-region-sur-de-la-provincia-de-rio-negro\\\/#primaryimage\"},\"thumbnailUrl\":\"https:\\\/\\\/patagoniambiental.com.ar\\\/info\\\/wp-content\\\/uploads\\\/2021\\\/07\\\/00058583.jpg\",\"articleSection\":[\"Noticias\",\"Provinciales\",\"R\u00edo Negro\"],\"inLanguage\":\"es\",\"potentialAction\":[{\"@type\":\"CommentAction\",\"name\":\"Comment\",\"target\":[\"https:\\\/\\\/patagoniambiental.com.ar\\\/info\\\/se-inicia-la-reconversion-a-gas-natural-en-los-hogares-alcanzados-por-el-gasoducto-de-la-region-sur-de-la-provincia-de-rio-negro\\\/#respond\"]}]},{\"@type\":\"WebPage\",\"@id\":\"https:\\\/\\\/patagoniambiental.com.ar\\\/info\\\/se-inicia-la-reconversion-a-gas-natural-en-los-hogares-alcanzados-por-el-gasoducto-de-la-region-sur-de-la-provincia-de-rio-negro\\\/\",\"url\":\"https:\\\/\\\/patagoniambiental.com.ar\\\/info\\\/se-inicia-la-reconversion-a-gas-natural-en-los-hogares-alcanzados-por-el-gasoducto-de-la-region-sur-de-la-provincia-de-rio-negro\\\/\",\"name\":\"Se inicia la reconversi\u00f3n a gas natural en los hogares alcanzados por el Gasoducto de la Regi\u00f3n Sur de la Provincia de Rio Negro\",\"isPartOf\":{\"@id\":\"https:\\\/\\\/patagoniambiental.com.ar\\\/info\\\/#website\"},\"primaryImageOfPage\":{\"@id\":\"https:\\\/\\\/patagoniambiental.com.ar\\\/info\\\/se-inicia-la-reconversion-a-gas-natural-en-los-hogares-alcanzados-por-el-gasoducto-de-la-region-sur-de-la-provincia-de-rio-negro\\\/#primaryimage\"},\"image\":{\"@id\":\"https:\\\/\\\/patagoniambiental.com.ar\\\/info\\\/se-inicia-la-reconversion-a-gas-natural-en-los-hogares-alcanzados-por-el-gasoducto-de-la-region-sur-de-la-provincia-de-rio-negro\\\/#primaryimage\"},\"thumbnailUrl\":\"https:\\\/\\\/patagoniambiental.com.ar\\\/info\\\/wp-content\\\/uploads\\\/2021\\\/07\\\/00058583.jpg\",\"datePublished\":\"2021-07-14T10:00:00+00:00\",\"dateModified\":\"2021-07-14T23:44:32+00:00\",\"breadcrumb\":{\"@id\":\"https:\\\/\\\/patagoniambiental.com.ar\\\/info\\\/se-inicia-la-reconversion-a-gas-natural-en-los-hogares-alcanzados-por-el-gasoducto-de-la-region-sur-de-la-provincia-de-rio-negro\\\/#breadcrumb\"},\"inLanguage\":\"es\",\"potentialAction\":[{\"@type\":\"ReadAction\",\"target\":[\"https:\\\/\\\/patagoniambiental.com.ar\\\/info\\\/se-inicia-la-reconversion-a-gas-natural-en-los-hogares-alcanzados-por-el-gasoducto-de-la-region-sur-de-la-provincia-de-rio-negro\\\/\"]}]},{\"@type\":\"ImageObject\",\"inLanguage\":\"es\",\"@id\":\"https:\\\/\\\/patagoniambiental.com.ar\\\/info\\\/se-inicia-la-reconversion-a-gas-natural-en-los-hogares-alcanzados-por-el-gasoducto-de-la-region-sur-de-la-provincia-de-rio-negro\\\/#primaryimage\",\"url\":\"https:\\\/\\\/patagoniambiental.com.ar\\\/info\\\/wp-content\\\/uploads\\\/2021\\\/07\\\/00058583.jpg\",\"contentUrl\":\"https:\\\/\\\/patagoniambiental.com.ar\\\/info\\\/wp-content\\\/uploads\\\/2021\\\/07\\\/00058583.jpg\",\"width\":462,\"height\":308},{\"@type\":\"BreadcrumbList\",\"@id\":\"https:\\\/\\\/patagoniambiental.com.ar\\\/info\\\/se-inicia-la-reconversion-a-gas-natural-en-los-hogares-alcanzados-por-el-gasoducto-de-la-region-sur-de-la-provincia-de-rio-negro\\\/#breadcrumb\",\"itemListElement\":[{\"@type\":\"ListItem\",\"position\":1,\"name\":\"Inicio\",\"item\":\"https:\\\/\\\/patagoniambiental.com.ar\\\/info\\\/\"},{\"@type\":\"ListItem\",\"position\":2,\"name\":\"Se inicia la reconversi\u00f3n a gas natural en los hogares alcanzados por el Gasoducto de la Regi\u00f3n Sur de la Provincia de Rio Negro\"}]},{\"@type\":\"WebSite\",\"@id\":\"https:\\\/\\\/patagoniambiental.com.ar\\\/info\\\/#website\",\"url\":\"https:\\\/\\\/patagoniambiental.com.ar\\\/info\\\/\",\"name\":\"Patagonia Ambiental\",\"description\":\"Monitoreo y an\u00e1lisis de la situaci\u00f3n geopol\u00edtica en el mundo y su implicancia en la Patagonia\",\"publisher\":{\"@id\":\"https:\\\/\\\/patagoniambiental.com.ar\\\/info\\\/#organization\"},\"potentialAction\":[{\"@type\":\"SearchAction\",\"target\":{\"@type\":\"EntryPoint\",\"urlTemplate\":\"https:\\\/\\\/patagoniambiental.com.ar\\\/info\\\/?s={search_term_string}\"},\"query-input\":{\"@type\":\"PropertyValueSpecification\",\"valueRequired\":true,\"valueName\":\"search_term_string\"}}],\"inLanguage\":\"es\"},{\"@type\":\"Organization\",\"@id\":\"https:\\\/\\\/patagoniambiental.com.ar\\\/info\\\/#organization\",\"name\":\"Patagonia Ambiental\",\"url\":\"https:\\\/\\\/patagoniambiental.com.ar\\\/info\\\/\",\"logo\":{\"@type\":\"ImageObject\",\"inLanguage\":\"es\",\"@id\":\"https:\\\/\\\/patagoniambiental.com.ar\\\/info\\\/#\\\/schema\\\/logo\\\/image\\\/\",\"url\":\"https:\\\/\\\/patagoniambiental.com.ar\\\/info\\\/wp-content\\\/uploads\\\/2025\\\/05\\\/LOGO-PATAGONIA-AMBIENTAL.png\",\"contentUrl\":\"https:\\\/\\\/patagoniambiental.com.ar\\\/info\\\/wp-content\\\/uploads\\\/2025\\\/05\\\/LOGO-PATAGONIA-AMBIENTAL.png\",\"width\":433,\"height\":250,\"caption\":\"Patagonia Ambiental\"},\"image\":{\"@id\":\"https:\\\/\\\/patagoniambiental.com.ar\\\/info\\\/#\\\/schema\\\/logo\\\/image\\\/\"},\"sameAs\":[\"https:\\\/\\\/www.facebook.com\\\/patagonia.ambiental\",\"https:\\\/\\\/x.com\\\/PatAmb\"]},{\"@type\":\"Person\",\"@id\":\"https:\\\/\\\/patagoniambiental.com.ar\\\/info\\\/#\\\/schema\\\/person\\\/e5af09d700b2e82cb10c6b8800e0c691\",\"name\":\"BRAIAN ESTEVEZ\",\"sameAs\":[\"http:\\\/\\\/www.patagoniambiental.com.ar\"]}]}<\/script>\n<!-- \/ Yoast SEO Premium plugin. -->","yoast_head_json":{"title":"Se inicia la reconversi\u00f3n a gas natural en los hogares alcanzados por el Gasoducto de la Regi\u00f3n Sur de la Provincia de Rio Negro","robots":{"index":"index","follow":"follow","max-snippet":"max-snippet:-1","max-image-preview":"max-image-preview:large","max-video-preview":"max-video-preview:-1"},"canonical":"https:\/\/patagoniambiental.com.ar\/info\/se-inicia-la-reconversion-a-gas-natural-en-los-hogares-alcanzados-por-el-gasoducto-de-la-region-sur-de-la-provincia-de-rio-negro\/","og_locale":"es_ES","og_type":"article","og_title":"Se inicia la reconversi\u00f3n a gas natural en los hogares alcanzados por el Gasoducto de la Regi\u00f3n Sur de la Provincia de Rio Negro","og_url":"https:\/\/patagoniambiental.com.ar\/info\/se-inicia-la-reconversion-a-gas-natural-en-los-hogares-alcanzados-por-el-gasoducto-de-la-region-sur-de-la-provincia-de-rio-negro\/","og_site_name":"Patagonia Ambiental","article_publisher":"https:\/\/www.facebook.com\/patagonia.ambiental","article_published_time":"2021-07-14T10:00:00+00:00","article_modified_time":"2021-07-14T23:44:32+00:00","og_image":[{"width":462,"height":308,"url":"https:\/\/patagoniambiental.com.ar\/info\/wp-content\/uploads\/2021\/07\/00058583.jpg","type":"image\/jpeg"}],"author":"BRAIAN ESTEVEZ","twitter_card":"summary_large_image","twitter_creator":"@PatAmb","twitter_site":"@PatAmb","schema":{"@context":"https:\/\/schema.org","@graph":[{"@type":"Article","@id":"https:\/\/patagoniambiental.com.ar\/info\/se-inicia-la-reconversion-a-gas-natural-en-los-hogares-alcanzados-por-el-gasoducto-de-la-region-sur-de-la-provincia-de-rio-negro\/#article","isPartOf":{"@id":"https:\/\/patagoniambiental.com.ar\/info\/se-inicia-la-reconversion-a-gas-natural-en-los-hogares-alcanzados-por-el-gasoducto-de-la-region-sur-de-la-provincia-de-rio-negro\/"},"author":{"name":"BRAIAN ESTEVEZ","@id":"https:\/\/patagoniambiental.com.ar\/info\/#\/schema\/person\/e5af09d700b2e82cb10c6b8800e0c691"},"headline":"Se inicia la reconversi\u00f3n a gas natural en los hogares alcanzados por el Gasoducto de la Regi\u00f3n Sur de la Provincia de Rio Negro","datePublished":"2021-07-14T10:00:00+00:00","dateModified":"2021-07-14T23:44:32+00:00","mainEntityOfPage":{"@id":"https:\/\/patagoniambiental.com.ar\/info\/se-inicia-la-reconversion-a-gas-natural-en-los-hogares-alcanzados-por-el-gasoducto-de-la-region-sur-de-la-provincia-de-rio-negro\/"},"wordCount":609,"commentCount":0,"publisher":{"@id":"https:\/\/patagoniambiental.com.ar\/info\/#organization"},"image":{"@id":"https:\/\/patagoniambiental.com.ar\/info\/se-inicia-la-reconversion-a-gas-natural-en-los-hogares-alcanzados-por-el-gasoducto-de-la-region-sur-de-la-provincia-de-rio-negro\/#primaryimage"},"thumbnailUrl":"https:\/\/patagoniambiental.com.ar\/info\/wp-content\/uploads\/2021\/07\/00058583.jpg","articleSection":["Noticias","Provinciales","R\u00edo Negro"],"inLanguage":"es","potentialAction":[{"@type":"CommentAction","name":"Comment","target":["https:\/\/patagoniambiental.com.ar\/info\/se-inicia-la-reconversion-a-gas-natural-en-los-hogares-alcanzados-por-el-gasoducto-de-la-region-sur-de-la-provincia-de-rio-negro\/#respond"]}]},{"@type":"WebPage","@id":"https:\/\/patagoniambiental.com.ar\/info\/se-inicia-la-reconversion-a-gas-natural-en-los-hogares-alcanzados-por-el-gasoducto-de-la-region-sur-de-la-provincia-de-rio-negro\/","url":"https:\/\/patagoniambiental.com.ar\/info\/se-inicia-la-reconversion-a-gas-natural-en-los-hogares-alcanzados-por-el-gasoducto-de-la-region-sur-de-la-provincia-de-rio-negro\/","name":"Se inicia la reconversi\u00f3n a gas natural en los hogares alcanzados por el Gasoducto de la Regi\u00f3n Sur de la Provincia de Rio Negro","isPartOf":{"@id":"https:\/\/patagoniambiental.com.ar\/info\/#website"},"primaryImageOfPage":{"@id":"https:\/\/patagoniambiental.com.ar\/info\/se-inicia-la-reconversion-a-gas-natural-en-los-hogares-alcanzados-por-el-gasoducto-de-la-region-sur-de-la-provincia-de-rio-negro\/#primaryimage"},"image":{"@id":"https:\/\/patagoniambiental.com.ar\/info\/se-inicia-la-reconversion-a-gas-natural-en-los-hogares-alcanzados-por-el-gasoducto-de-la-region-sur-de-la-provincia-de-rio-negro\/#primaryimage"},"thumbnailUrl":"https:\/\/patagoniambiental.com.ar\/info\/wp-content\/uploads\/2021\/07\/00058583.jpg","datePublished":"2021-07-14T10:00:00+00:00","dateModified":"2021-07-14T23:44:32+00:00","breadcrumb":{"@id":"https:\/\/patagoniambiental.com.ar\/info\/se-inicia-la-reconversion-a-gas-natural-en-los-hogares-alcanzados-por-el-gasoducto-de-la-region-sur-de-la-provincia-de-rio-negro\/#breadcrumb"},"inLanguage":"es","potentialAction":[{"@type":"ReadAction","target":["https:\/\/patagoniambiental.com.ar\/info\/se-inicia-la-reconversion-a-gas-natural-en-los-hogares-alcanzados-por-el-gasoducto-de-la-region-sur-de-la-provincia-de-rio-negro\/"]}]},{"@type":"ImageObject","inLanguage":"es","@id":"https:\/\/patagoniambiental.com.ar\/info\/se-inicia-la-reconversion-a-gas-natural-en-los-hogares-alcanzados-por-el-gasoducto-de-la-region-sur-de-la-provincia-de-rio-negro\/#primaryimage","url":"https:\/\/patagoniambiental.com.ar\/info\/wp-content\/uploads\/2021\/07\/00058583.jpg","contentUrl":"https:\/\/patagoniambiental.com.ar\/info\/wp-content\/uploads\/2021\/07\/00058583.jpg","width":462,"height":308},{"@type":"BreadcrumbList","@id":"https:\/\/patagoniambiental.com.ar\/info\/se-inicia-la-reconversion-a-gas-natural-en-los-hogares-alcanzados-por-el-gasoducto-de-la-region-sur-de-la-provincia-de-rio-negro\/#breadcrumb","itemListElement":[{"@type":"ListItem","position":1,"name":"Inicio","item":"https:\/\/patagoniambiental.com.ar\/info\/"},{"@type":"ListItem","position":2,"name":"Se inicia la reconversi\u00f3n a gas natural en los hogares alcanzados por el Gasoducto de la Regi\u00f3n Sur de la Provincia de Rio Negro"}]},{"@type":"WebSite","@id":"https:\/\/patagoniambiental.com.ar\/info\/#website","url":"https:\/\/patagoniambiental.com.ar\/info\/","name":"Patagonia Ambiental","description":"Monitoreo y an\u00e1lisis de la situaci\u00f3n geopol\u00edtica en el mundo y su implicancia en la Patagonia","publisher":{"@id":"https:\/\/patagoniambiental.com.ar\/info\/#organization"},"potentialAction":[{"@type":"SearchAction","target":{"@type":"EntryPoint","urlTemplate":"https:\/\/patagoniambiental.com.ar\/info\/?s={search_term_string}"},"query-input":{"@type":"PropertyValueSpecification","valueRequired":true,"valueName":"search_term_string"}}],"inLanguage":"es"},{"@type":"Organization","@id":"https:\/\/patagoniambiental.com.ar\/info\/#organization","name":"Patagonia Ambiental","url":"https:\/\/patagoniambiental.com.ar\/info\/","logo":{"@type":"ImageObject","inLanguage":"es","@id":"https:\/\/patagoniambiental.com.ar\/info\/#\/schema\/logo\/image\/","url":"https:\/\/patagoniambiental.com.ar\/info\/wp-content\/uploads\/2025\/05\/LOGO-PATAGONIA-AMBIENTAL.png","contentUrl":"https:\/\/patagoniambiental.com.ar\/info\/wp-content\/uploads\/2025\/05\/LOGO-PATAGONIA-AMBIENTAL.png","width":433,"height":250,"caption":"Patagonia Ambiental"},"image":{"@id":"https:\/\/patagoniambiental.com.ar\/info\/#\/schema\/logo\/image\/"},"sameAs":["https:\/\/www.facebook.com\/patagonia.ambiental","https:\/\/x.com\/PatAmb"]},{"@type":"Person","@id":"https:\/\/patagoniambiental.com.ar\/info\/#\/schema\/person\/e5af09d700b2e82cb10c6b8800e0c691","name":"BRAIAN ESTEVEZ","sameAs":["http:\/\/www.patagoniambiental.com.ar"]}]}},"_links":{"self":[{"href":"https:\/\/patagoniambiental.com.ar\/info\/wp-json\/wp\/v2\/posts\/73377","targetHints":{"allow":["GET"]}}],"collection":[{"href":"https:\/\/patagoniambiental.com.ar\/info\/wp-json\/wp\/v2\/posts"}],"about":[{"href":"https:\/\/patagoniambiental.com.ar\/info\/wp-json\/wp\/v2\/types\/post"}],"author":[{"embeddable":true,"href":"https:\/\/patagoniambiental.com.ar\/info\/wp-json\/wp\/v2\/users\/6"}],"replies":[{"embeddable":true,"href":"https:\/\/patagoniambiental.com.ar\/info\/wp-json\/wp\/v2\/comments?post=73377"}],"version-history":[{"count":0,"href":"https:\/\/patagoniambiental.com.ar\/info\/wp-json\/wp\/v2\/posts\/73377\/revisions"}],"wp:featuredmedia":[{"embeddable":true,"href":"https:\/\/patagoniambiental.com.ar\/info\/wp-json\/wp\/v2\/media\/73378"}],"wp:attachment":[{"href":"https:\/\/patagoniambiental.com.ar\/info\/wp-json\/wp\/v2\/media?parent=73377"}],"wp:term":[{"taxonomy":"category","embeddable":true,"href":"https:\/\/patagoniambiental.com.ar\/info\/wp-json\/wp\/v2\/categories?post=73377"},{"taxonomy":"post_tag","embeddable":true,"href":"https:\/\/patagoniambiental.com.ar\/info\/wp-json\/wp\/v2\/tags?post=73377"}],"curies":[{"name":"wp","href":"https:\/\/api.w.org\/{rel}","templated":true}]}}