{"id":73386,"date":"2021-07-14T20:53:31","date_gmt":"2021-07-14T23:53:31","guid":{"rendered":"http:\/\/patagoniambiental.com.ar\/info\/?p=73386"},"modified":"2021-07-14T20:53:35","modified_gmt":"2021-07-14T23:53:35","slug":"preocupacion-en-la-provincia-de-chubut-por-una-laguna-que-se-volvio-rosa-cuales-son-las-causas","status":"publish","type":"post","link":"https:\/\/patagoniambiental.com.ar\/info\/preocupacion-en-la-provincia-de-chubut-por-una-laguna-que-se-volvio-rosa-cuales-son-las-causas\/","title":{"rendered":"Preocupaci\u00f3n en la provincia de Chubut por una laguna que se volvi\u00f3 rosa: cu\u00e1les son las causas"},"content":{"rendered":"\n<!--more-->\n\n\n\n<p>La discusi\u00f3n cruz\u00f3 a funcionarios de la ciudad y provinciales. El volcado de efluentes de varias pesqueras de Rawson, en el centro del debate.<\/p>\n\n\n\n<p>En los \u00faltimos d\u00edas, habitantes de la ciudad chubutense de Trelew denunciaron que las lagunas del predio conocido con le nombre de Corfo aparecieron te\u00f1idas de un extra\u00f1o color rosa.https:\/\/89951098ba35c36f8239d4e86ce23d27.safeframe.googlesyndication.com\/safeframe\/1-0-38\/html\/container.html<\/p>\n\n\n\n<p>De acuerdo con medios locales, la coloraci\u00f3n se debi\u00f3 al volcado de efluentes de empresas pesqueras. Pero, el alerta no se apag\u00f3 entre los vecinos. Sucede que las im\u00e1genes generaron dudas sobre el impacto que podr\u00edan tener los desechos en el medioambiente.<\/p>\n\n\n\n<p>El diario Jornada indica que los efluentes habr\u00edan llegado de la ciudad de Rawson. Y recuerda que el pasado mes de junio el Ministerio de Ambiente y Control del Desarrollo Sustentable de Chubut autoriz\u00f3 en forma \u201ctemporal y excepcional\u201d el traslado de efluentes.<\/p>\n\n\n\n<p>Pero, las decisiones no dejaron de generar discusiones entre funcionarios de diferentes distritos. Desde Trelew advirtieron que iban a sancionar a las empresas que descargaran sus efluentes dentro del ejido de la ciudad.<\/p>\n\n\n\n<p>A ra\u00edz de esto, Sebasti\u00e1n de la Vallina, secretario de Obras P\u00fablicas de Trelew, se cruz\u00f3 con Juan Micheloud, responsable de Regulaci\u00f3n y Control Ambiental de Chubut. El funcionario provincial ratific\u00f3 que \u201cs hizo un acuerdo con empresas de Rawson para volcar l\u00edquidos en las lagunas de Corfo\u201d. Y asegur\u00f3 que \u201cel color rojizo no provoca da\u00f1o y en unos d\u00edas desaparecer\u00e1\u201d.<\/p>\n\n\n\n<p>Ante esta aseveraci\u00f3n de la Vallina declar\u00f3: \u201cQue Micheloud minimice lo que est\u00e1 pasando como si fuera algo natural es preocupante. No dijo la verdad\u201d. \u201cNosotros, en una reuni\u00f3n donde estuvimos cara a cara con Micheloud, la empresa RASA y la directora de Ambiente de Rawson, pusimos en disconformidad y dijimos que no \u00edbamos a acompa\u00f1ar ese acuerdo. No estamos de acuerdo que por el problema de una empresa quieran autorizar derramar l\u00edquidos son previo tratamiento en las lagunas de Corfo. As\u00ed y todo, lo hicieron\u201d, lanz\u00f3.<\/p>\n\n\n\n<p>Fuente: Radio Mitre<\/p>\n","protected":false},"excerpt":{"rendered":"","protected":false},"author":6,"featured_media":73387,"comment_status":"open","ping_status":"open","sticky":false,"template":"","format":"standard","meta":{"site-sidebar-layout":"default","site-content-layout":"","ast-site-content-layout":"default","site-content-style":"default","site-sidebar-style":"default","ast-global-header-display":"","ast-banner-title-visibility":"","ast-main-header-display":"","ast-hfb-above-header-display":"","ast-hfb-below-header-display":"","ast-hfb-mobile-header-display":"","site-post-title":"","ast-breadcrumbs-content":"","ast-featured-img":"","footer-sml-layout":"","ast-disable-related-posts":"","theme-transparent-header-meta":"","adv-header-id-meta":"","stick-header-meta":"","header-above-stick-meta":"","header-main-stick-meta":"","header-below-stick-meta":"","astra-migrate-meta-layouts":"default","ast-page-background-enabled":"default","ast-page-background-meta":{"desktop":{"background-color":"var(--ast-global-color-5)","background-image":"","background-repeat":"repeat","background-position":"center center","background-size":"auto","background-attachment":"scroll","background-type":"","background-media":"","overlay-type":"","overlay-color":"","overlay-opacity":"","overlay-gradient":""},"tablet":{"background-color":"","background-image":"","background-repeat":"repeat","background-position":"center center","background-size":"auto","background-attachment":"scroll","background-type":"","background-media":"","overlay-type":"","overlay-color":"","overlay-opacity":"","overlay-gradient":""},"mobile":{"background-color":"","background-image":"","background-repeat":"repeat","background-position":"center center","background-size":"auto","background-attachment":"scroll","background-type":"","background-media":"","overlay-type":"","overlay-color":"","overlay-opacity":"","overlay-gradient":""}},"ast-content-background-meta":{"desktop":{"background-color":"var(--ast-global-color-4)","background-image":"","background-repeat":"repeat","background-position":"center center","background-size":"auto","background-attachment":"scroll","background-type":"","background-media":"","overlay-type":"","overlay-color":"","overlay-opacity":"","overlay-gradient":""},"tablet":{"background-color":"var(--ast-global-color-4)","background-image":"","background-repeat":"repeat","background-position":"center center","background-size":"auto","background-attachment":"scroll","background-type":"","background-media":"","overlay-type":"","overlay-color":"","overlay-opacity":"","overlay-gradient":""},"mobile":{"background-color":"var(--ast-global-color-4)","background-image":"","background-repeat":"repeat","background-position":"center center","background-size":"auto","background-attachment":"scroll","background-type":"","background-media":"","overlay-type":"","overlay-color":"","overlay-opacity":"","overlay-gradient":""}},"footnotes":""},"categories":[26,1,13],"tags":[],"class_list":["post-73386","post","type-post","status-publish","format-standard","has-post-thumbnail","hentry","category-chubut","category-noticias","category-provinciales"],"yoast_head":"<!-- This site is optimized with the Yoast SEO Premium plugin v23.0 (Yoast SEO v27.5) - https:\/\/yoast.com\/product\/yoast-seo-premium-wordpress\/ -->\n<title>Preocupaci\u00f3n en la provincia de Chubut por una laguna que se volvi\u00f3 rosa: cu\u00e1les son las causas<\/title>\n<meta name=\"robots\" content=\"index, follow, max-snippet:-1, max-image-preview:large, max-video-preview:-1\" \/>\n<link rel=\"canonical\" href=\"https:\/\/patagoniambiental.com.ar\/info\/preocupacion-en-la-provincia-de-chubut-por-una-laguna-que-se-volvio-rosa-cuales-son-las-causas\/\" \/>\n<meta property=\"og:locale\" content=\"es_ES\" \/>\n<meta property=\"og:type\" content=\"article\" \/>\n<meta property=\"og:title\" content=\"Preocupaci\u00f3n en la provincia de Chubut por una laguna que se volvi\u00f3 rosa: cu\u00e1les son las causas\" \/>\n<meta property=\"og:url\" content=\"https:\/\/patagoniambiental.com.ar\/info\/preocupacion-en-la-provincia-de-chubut-por-una-laguna-que-se-volvio-rosa-cuales-son-las-causas\/\" \/>\n<meta property=\"og:site_name\" content=\"Patagonia Ambiental\" \/>\n<meta property=\"article:publisher\" content=\"https:\/\/www.facebook.com\/patagonia.ambiental\" \/>\n<meta property=\"article:published_time\" content=\"2021-07-14T23:53:31+00:00\" \/>\n<meta property=\"article:modified_time\" content=\"2021-07-14T23:53:35+00:00\" \/>\n<meta property=\"og:image\" content=\"https:\/\/patagoniambiental.com.ar\/info\/wp-content\/uploads\/2021\/07\/Lagunas-de-Corfo-1-730x346-1.jpg\" \/>\n\t<meta property=\"og:image:width\" content=\"730\" \/>\n\t<meta property=\"og:image:height\" content=\"346\" \/>\n\t<meta property=\"og:image:type\" content=\"image\/jpeg\" \/>\n<meta name=\"author\" content=\"BRAIAN ESTEVEZ\" \/>\n<meta name=\"twitter:card\" content=\"summary_large_image\" \/>\n<meta name=\"twitter:creator\" content=\"@PatAmb\" \/>\n<meta name=\"twitter:site\" content=\"@PatAmb\" \/>\n<script type=\"application\/ld+json\" class=\"yoast-schema-graph\">{\"@context\":\"https:\\\/\\\/schema.org\",\"@graph\":[{\"@type\":\"Article\",\"@id\":\"https:\\\/\\\/patagoniambiental.com.ar\\\/info\\\/preocupacion-en-la-provincia-de-chubut-por-una-laguna-que-se-volvio-rosa-cuales-son-las-causas\\\/#article\",\"isPartOf\":{\"@id\":\"https:\\\/\\\/patagoniambiental.com.ar\\\/info\\\/preocupacion-en-la-provincia-de-chubut-por-una-laguna-que-se-volvio-rosa-cuales-son-las-causas\\\/\"},\"author\":{\"name\":\"BRAIAN ESTEVEZ\",\"@id\":\"https:\\\/\\\/patagoniambiental.com.ar\\\/info\\\/#\\\/schema\\\/person\\\/e5af09d700b2e82cb10c6b8800e0c691\"},\"headline\":\"Preocupaci\u00f3n en la provincia de Chubut por una laguna que se volvi\u00f3 rosa: cu\u00e1les son las causas\",\"datePublished\":\"2021-07-14T23:53:31+00:00\",\"dateModified\":\"2021-07-14T23:53:35+00:00\",\"mainEntityOfPage\":{\"@id\":\"https:\\\/\\\/patagoniambiental.com.ar\\\/info\\\/preocupacion-en-la-provincia-de-chubut-por-una-laguna-que-se-volvio-rosa-cuales-son-las-causas\\\/\"},\"wordCount\":379,\"commentCount\":0,\"publisher\":{\"@id\":\"https:\\\/\\\/patagoniambiental.com.ar\\\/info\\\/#organization\"},\"image\":{\"@id\":\"https:\\\/\\\/patagoniambiental.com.ar\\\/info\\\/preocupacion-en-la-provincia-de-chubut-por-una-laguna-que-se-volvio-rosa-cuales-son-las-causas\\\/#primaryimage\"},\"thumbnailUrl\":\"https:\\\/\\\/patagoniambiental.com.ar\\\/info\\\/wp-content\\\/uploads\\\/2021\\\/07\\\/Lagunas-de-Corfo-1-730x346-1.jpg\",\"articleSection\":[\"Chubut\",\"Noticias\",\"Provinciales\"],\"inLanguage\":\"es\",\"potentialAction\":[{\"@type\":\"CommentAction\",\"name\":\"Comment\",\"target\":[\"https:\\\/\\\/patagoniambiental.com.ar\\\/info\\\/preocupacion-en-la-provincia-de-chubut-por-una-laguna-que-se-volvio-rosa-cuales-son-las-causas\\\/#respond\"]}]},{\"@type\":\"WebPage\",\"@id\":\"https:\\\/\\\/patagoniambiental.com.ar\\\/info\\\/preocupacion-en-la-provincia-de-chubut-por-una-laguna-que-se-volvio-rosa-cuales-son-las-causas\\\/\",\"url\":\"https:\\\/\\\/patagoniambiental.com.ar\\\/info\\\/preocupacion-en-la-provincia-de-chubut-por-una-laguna-que-se-volvio-rosa-cuales-son-las-causas\\\/\",\"name\":\"Preocupaci\u00f3n en la provincia de Chubut por una laguna que se volvi\u00f3 rosa: cu\u00e1les son las causas\",\"isPartOf\":{\"@id\":\"https:\\\/\\\/patagoniambiental.com.ar\\\/info\\\/#website\"},\"primaryImageOfPage\":{\"@id\":\"https:\\\/\\\/patagoniambiental.com.ar\\\/info\\\/preocupacion-en-la-provincia-de-chubut-por-una-laguna-que-se-volvio-rosa-cuales-son-las-causas\\\/#primaryimage\"},\"image\":{\"@id\":\"https:\\\/\\\/patagoniambiental.com.ar\\\/info\\\/preocupacion-en-la-provincia-de-chubut-por-una-laguna-que-se-volvio-rosa-cuales-son-las-causas\\\/#primaryimage\"},\"thumbnailUrl\":\"https:\\\/\\\/patagoniambiental.com.ar\\\/info\\\/wp-content\\\/uploads\\\/2021\\\/07\\\/Lagunas-de-Corfo-1-730x346-1.jpg\",\"datePublished\":\"2021-07-14T23:53:31+00:00\",\"dateModified\":\"2021-07-14T23:53:35+00:00\",\"breadcrumb\":{\"@id\":\"https:\\\/\\\/patagoniambiental.com.ar\\\/info\\\/preocupacion-en-la-provincia-de-chubut-por-una-laguna-que-se-volvio-rosa-cuales-son-las-causas\\\/#breadcrumb\"},\"inLanguage\":\"es\",\"potentialAction\":[{\"@type\":\"ReadAction\",\"target\":[\"https:\\\/\\\/patagoniambiental.com.ar\\\/info\\\/preocupacion-en-la-provincia-de-chubut-por-una-laguna-que-se-volvio-rosa-cuales-son-las-causas\\\/\"]}]},{\"@type\":\"ImageObject\",\"inLanguage\":\"es\",\"@id\":\"https:\\\/\\\/patagoniambiental.com.ar\\\/info\\\/preocupacion-en-la-provincia-de-chubut-por-una-laguna-que-se-volvio-rosa-cuales-son-las-causas\\\/#primaryimage\",\"url\":\"https:\\\/\\\/patagoniambiental.com.ar\\\/info\\\/wp-content\\\/uploads\\\/2021\\\/07\\\/Lagunas-de-Corfo-1-730x346-1.jpg\",\"contentUrl\":\"https:\\\/\\\/patagoniambiental.com.ar\\\/info\\\/wp-content\\\/uploads\\\/2021\\\/07\\\/Lagunas-de-Corfo-1-730x346-1.jpg\",\"width\":730,\"height\":346},{\"@type\":\"BreadcrumbList\",\"@id\":\"https:\\\/\\\/patagoniambiental.com.ar\\\/info\\\/preocupacion-en-la-provincia-de-chubut-por-una-laguna-que-se-volvio-rosa-cuales-son-las-causas\\\/#breadcrumb\",\"itemListElement\":[{\"@type\":\"ListItem\",\"position\":1,\"name\":\"Inicio\",\"item\":\"https:\\\/\\\/patagoniambiental.com.ar\\\/info\\\/\"},{\"@type\":\"ListItem\",\"position\":2,\"name\":\"Preocupaci\u00f3n en la provincia de Chubut por una laguna que se volvi\u00f3 rosa: cu\u00e1les son las causas\"}]},{\"@type\":\"WebSite\",\"@id\":\"https:\\\/\\\/patagoniambiental.com.ar\\\/info\\\/#website\",\"url\":\"https:\\\/\\\/patagoniambiental.com.ar\\\/info\\\/\",\"name\":\"Patagonia Ambiental\",\"description\":\"Monitoreo y an\u00e1lisis de la situaci\u00f3n geopol\u00edtica en el mundo y su implicancia en la Patagonia\",\"publisher\":{\"@id\":\"https:\\\/\\\/patagoniambiental.com.ar\\\/info\\\/#organization\"},\"potentialAction\":[{\"@type\":\"SearchAction\",\"target\":{\"@type\":\"EntryPoint\",\"urlTemplate\":\"https:\\\/\\\/patagoniambiental.com.ar\\\/info\\\/?s={search_term_string}\"},\"query-input\":{\"@type\":\"PropertyValueSpecification\",\"valueRequired\":true,\"valueName\":\"search_term_string\"}}],\"inLanguage\":\"es\"},{\"@type\":\"Organization\",\"@id\":\"https:\\\/\\\/patagoniambiental.com.ar\\\/info\\\/#organization\",\"name\":\"Patagonia Ambiental\",\"url\":\"https:\\\/\\\/patagoniambiental.com.ar\\\/info\\\/\",\"logo\":{\"@type\":\"ImageObject\",\"inLanguage\":\"es\",\"@id\":\"https:\\\/\\\/patagoniambiental.com.ar\\\/info\\\/#\\\/schema\\\/logo\\\/image\\\/\",\"url\":\"https:\\\/\\\/patagoniambiental.com.ar\\\/info\\\/wp-content\\\/uploads\\\/2025\\\/05\\\/LOGO-PATAGONIA-AMBIENTAL.png\",\"contentUrl\":\"https:\\\/\\\/patagoniambiental.com.ar\\\/info\\\/wp-content\\\/uploads\\\/2025\\\/05\\\/LOGO-PATAGONIA-AMBIENTAL.png\",\"width\":433,\"height\":250,\"caption\":\"Patagonia Ambiental\"},\"image\":{\"@id\":\"https:\\\/\\\/patagoniambiental.com.ar\\\/info\\\/#\\\/schema\\\/logo\\\/image\\\/\"},\"sameAs\":[\"https:\\\/\\\/www.facebook.com\\\/patagonia.ambiental\",\"https:\\\/\\\/x.com\\\/PatAmb\"]},{\"@type\":\"Person\",\"@id\":\"https:\\\/\\\/patagoniambiental.com.ar\\\/info\\\/#\\\/schema\\\/person\\\/e5af09d700b2e82cb10c6b8800e0c691\",\"name\":\"BRAIAN ESTEVEZ\",\"sameAs\":[\"http:\\\/\\\/www.patagoniambiental.com.ar\"]}]}<\/script>\n<!-- \/ Yoast SEO Premium plugin. -->","yoast_head_json":{"title":"Preocupaci\u00f3n en la provincia de Chubut por una laguna que se volvi\u00f3 rosa: cu\u00e1les son las causas","robots":{"index":"index","follow":"follow","max-snippet":"max-snippet:-1","max-image-preview":"max-image-preview:large","max-video-preview":"max-video-preview:-1"},"canonical":"https:\/\/patagoniambiental.com.ar\/info\/preocupacion-en-la-provincia-de-chubut-por-una-laguna-que-se-volvio-rosa-cuales-son-las-causas\/","og_locale":"es_ES","og_type":"article","og_title":"Preocupaci\u00f3n en la provincia de Chubut por una laguna que se volvi\u00f3 rosa: cu\u00e1les son las causas","og_url":"https:\/\/patagoniambiental.com.ar\/info\/preocupacion-en-la-provincia-de-chubut-por-una-laguna-que-se-volvio-rosa-cuales-son-las-causas\/","og_site_name":"Patagonia Ambiental","article_publisher":"https:\/\/www.facebook.com\/patagonia.ambiental","article_published_time":"2021-07-14T23:53:31+00:00","article_modified_time":"2021-07-14T23:53:35+00:00","og_image":[{"width":730,"height":346,"url":"https:\/\/patagoniambiental.com.ar\/info\/wp-content\/uploads\/2021\/07\/Lagunas-de-Corfo-1-730x346-1.jpg","type":"image\/jpeg"}],"author":"BRAIAN ESTEVEZ","twitter_card":"summary_large_image","twitter_creator":"@PatAmb","twitter_site":"@PatAmb","schema":{"@context":"https:\/\/schema.org","@graph":[{"@type":"Article","@id":"https:\/\/patagoniambiental.com.ar\/info\/preocupacion-en-la-provincia-de-chubut-por-una-laguna-que-se-volvio-rosa-cuales-son-las-causas\/#article","isPartOf":{"@id":"https:\/\/patagoniambiental.com.ar\/info\/preocupacion-en-la-provincia-de-chubut-por-una-laguna-que-se-volvio-rosa-cuales-son-las-causas\/"},"author":{"name":"BRAIAN ESTEVEZ","@id":"https:\/\/patagoniambiental.com.ar\/info\/#\/schema\/person\/e5af09d700b2e82cb10c6b8800e0c691"},"headline":"Preocupaci\u00f3n en la provincia de Chubut por una laguna que se volvi\u00f3 rosa: cu\u00e1les son las causas","datePublished":"2021-07-14T23:53:31+00:00","dateModified":"2021-07-14T23:53:35+00:00","mainEntityOfPage":{"@id":"https:\/\/patagoniambiental.com.ar\/info\/preocupacion-en-la-provincia-de-chubut-por-una-laguna-que-se-volvio-rosa-cuales-son-las-causas\/"},"wordCount":379,"commentCount":0,"publisher":{"@id":"https:\/\/patagoniambiental.com.ar\/info\/#organization"},"image":{"@id":"https:\/\/patagoniambiental.com.ar\/info\/preocupacion-en-la-provincia-de-chubut-por-una-laguna-que-se-volvio-rosa-cuales-son-las-causas\/#primaryimage"},"thumbnailUrl":"https:\/\/patagoniambiental.com.ar\/info\/wp-content\/uploads\/2021\/07\/Lagunas-de-Corfo-1-730x346-1.jpg","articleSection":["Chubut","Noticias","Provinciales"],"inLanguage":"es","potentialAction":[{"@type":"CommentAction","name":"Comment","target":["https:\/\/patagoniambiental.com.ar\/info\/preocupacion-en-la-provincia-de-chubut-por-una-laguna-que-se-volvio-rosa-cuales-son-las-causas\/#respond"]}]},{"@type":"WebPage","@id":"https:\/\/patagoniambiental.com.ar\/info\/preocupacion-en-la-provincia-de-chubut-por-una-laguna-que-se-volvio-rosa-cuales-son-las-causas\/","url":"https:\/\/patagoniambiental.com.ar\/info\/preocupacion-en-la-provincia-de-chubut-por-una-laguna-que-se-volvio-rosa-cuales-son-las-causas\/","name":"Preocupaci\u00f3n en la provincia de Chubut por una laguna que se volvi\u00f3 rosa: cu\u00e1les son las causas","isPartOf":{"@id":"https:\/\/patagoniambiental.com.ar\/info\/#website"},"primaryImageOfPage":{"@id":"https:\/\/patagoniambiental.com.ar\/info\/preocupacion-en-la-provincia-de-chubut-por-una-laguna-que-se-volvio-rosa-cuales-son-las-causas\/#primaryimage"},"image":{"@id":"https:\/\/patagoniambiental.com.ar\/info\/preocupacion-en-la-provincia-de-chubut-por-una-laguna-que-se-volvio-rosa-cuales-son-las-causas\/#primaryimage"},"thumbnailUrl":"https:\/\/patagoniambiental.com.ar\/info\/wp-content\/uploads\/2021\/07\/Lagunas-de-Corfo-1-730x346-1.jpg","datePublished":"2021-07-14T23:53:31+00:00","dateModified":"2021-07-14T23:53:35+00:00","breadcrumb":{"@id":"https:\/\/patagoniambiental.com.ar\/info\/preocupacion-en-la-provincia-de-chubut-por-una-laguna-que-se-volvio-rosa-cuales-son-las-causas\/#breadcrumb"},"inLanguage":"es","potentialAction":[{"@type":"ReadAction","target":["https:\/\/patagoniambiental.com.ar\/info\/preocupacion-en-la-provincia-de-chubut-por-una-laguna-que-se-volvio-rosa-cuales-son-las-causas\/"]}]},{"@type":"ImageObject","inLanguage":"es","@id":"https:\/\/patagoniambiental.com.ar\/info\/preocupacion-en-la-provincia-de-chubut-por-una-laguna-que-se-volvio-rosa-cuales-son-las-causas\/#primaryimage","url":"https:\/\/patagoniambiental.com.ar\/info\/wp-content\/uploads\/2021\/07\/Lagunas-de-Corfo-1-730x346-1.jpg","contentUrl":"https:\/\/patagoniambiental.com.ar\/info\/wp-content\/uploads\/2021\/07\/Lagunas-de-Corfo-1-730x346-1.jpg","width":730,"height":346},{"@type":"BreadcrumbList","@id":"https:\/\/patagoniambiental.com.ar\/info\/preocupacion-en-la-provincia-de-chubut-por-una-laguna-que-se-volvio-rosa-cuales-son-las-causas\/#breadcrumb","itemListElement":[{"@type":"ListItem","position":1,"name":"Inicio","item":"https:\/\/patagoniambiental.com.ar\/info\/"},{"@type":"ListItem","position":2,"name":"Preocupaci\u00f3n en la provincia de Chubut por una laguna que se volvi\u00f3 rosa: cu\u00e1les son las causas"}]},{"@type":"WebSite","@id":"https:\/\/patagoniambiental.com.ar\/info\/#website","url":"https:\/\/patagoniambiental.com.ar\/info\/","name":"Patagonia Ambiental","description":"Monitoreo y an\u00e1lisis de la situaci\u00f3n geopol\u00edtica en el mundo y su implicancia en la Patagonia","publisher":{"@id":"https:\/\/patagoniambiental.com.ar\/info\/#organization"},"potentialAction":[{"@type":"SearchAction","target":{"@type":"EntryPoint","urlTemplate":"https:\/\/patagoniambiental.com.ar\/info\/?s={search_term_string}"},"query-input":{"@type":"PropertyValueSpecification","valueRequired":true,"valueName":"search_term_string"}}],"inLanguage":"es"},{"@type":"Organization","@id":"https:\/\/patagoniambiental.com.ar\/info\/#organization","name":"Patagonia Ambiental","url":"https:\/\/patagoniambiental.com.ar\/info\/","logo":{"@type":"ImageObject","inLanguage":"es","@id":"https:\/\/patagoniambiental.com.ar\/info\/#\/schema\/logo\/image\/","url":"https:\/\/patagoniambiental.com.ar\/info\/wp-content\/uploads\/2025\/05\/LOGO-PATAGONIA-AMBIENTAL.png","contentUrl":"https:\/\/patagoniambiental.com.ar\/info\/wp-content\/uploads\/2025\/05\/LOGO-PATAGONIA-AMBIENTAL.png","width":433,"height":250,"caption":"Patagonia Ambiental"},"image":{"@id":"https:\/\/patagoniambiental.com.ar\/info\/#\/schema\/logo\/image\/"},"sameAs":["https:\/\/www.facebook.com\/patagonia.ambiental","https:\/\/x.com\/PatAmb"]},{"@type":"Person","@id":"https:\/\/patagoniambiental.com.ar\/info\/#\/schema\/person\/e5af09d700b2e82cb10c6b8800e0c691","name":"BRAIAN ESTEVEZ","sameAs":["http:\/\/www.patagoniambiental.com.ar"]}]}},"_links":{"self":[{"href":"https:\/\/patagoniambiental.com.ar\/info\/wp-json\/wp\/v2\/posts\/73386","targetHints":{"allow":["GET"]}}],"collection":[{"href":"https:\/\/patagoniambiental.com.ar\/info\/wp-json\/wp\/v2\/posts"}],"about":[{"href":"https:\/\/patagoniambiental.com.ar\/info\/wp-json\/wp\/v2\/types\/post"}],"author":[{"embeddable":true,"href":"https:\/\/patagoniambiental.com.ar\/info\/wp-json\/wp\/v2\/users\/6"}],"replies":[{"embeddable":true,"href":"https:\/\/patagoniambiental.com.ar\/info\/wp-json\/wp\/v2\/comments?post=73386"}],"version-history":[{"count":0,"href":"https:\/\/patagoniambiental.com.ar\/info\/wp-json\/wp\/v2\/posts\/73386\/revisions"}],"wp:featuredmedia":[{"embeddable":true,"href":"https:\/\/patagoniambiental.com.ar\/info\/wp-json\/wp\/v2\/media\/73387"}],"wp:attachment":[{"href":"https:\/\/patagoniambiental.com.ar\/info\/wp-json\/wp\/v2\/media?parent=73386"}],"wp:term":[{"taxonomy":"category","embeddable":true,"href":"https:\/\/patagoniambiental.com.ar\/info\/wp-json\/wp\/v2\/categories?post=73386"},{"taxonomy":"post_tag","embeddable":true,"href":"https:\/\/patagoniambiental.com.ar\/info\/wp-json\/wp\/v2\/tags?post=73386"}],"curies":[{"name":"wp","href":"https:\/\/api.w.org\/{rel}","templated":true}]}}