{"id":73448,"date":"2021-07-16T16:32:01","date_gmt":"2021-07-16T19:32:01","guid":{"rendered":"http:\/\/patagoniambiental.com.ar\/info\/?p=73448"},"modified":"2021-07-16T16:32:05","modified_gmt":"2021-07-16T19:32:05","slug":"la-cam-declaro-la-guerra-a-forestales-por-demanda-de-territorios-y-autonomia-en-la-araucania-es-una-lucha-legitima","status":"publish","type":"post","link":"https:\/\/patagoniambiental.com.ar\/info\/la-cam-declaro-la-guerra-a-forestales-por-demanda-de-territorios-y-autonomia-en-la-araucania-es-una-lucha-legitima\/","title":{"rendered":"La CAM declar\u00f3 la guerra a forestales por demanda de territorios y autonom\u00eda en La Araucania: \u201cEs una lucha leg\u00edtima\u201d"},"content":{"rendered":"\n<!--more-->\n\n\n\n<p>El l\u00edder de la Coordinadora Arauco Malleco, H\u00e9ctor Llaitul, descart\u00f3 que su lucha sea terrorista. Por otra parte, desde el Gobierno se\u00f1alan que son los grupos mapuches radicales quienes impiden el di\u00e1logo. El INDH, en tanto, adelant\u00f3 la posibilidad de la presencia de mediadores internacionales.https:\/\/rudo.video\/vod\/czsTIugBpS7\/skin\/simple\/i\/c2l0ZXMvMi8yMDIxLzA3L0NhcHR1cmEtZGUtcGFudGFsbGEtMjAyMS0wNy0xNS0yMjM1MTEucG5n?autostart=falseComp\u00e1rtelo<a href=\"https:\/\/www.facebook.com\/sharer.php?u=https:\/\/www.cnnchile.com\/pais\/cam-declaro-guerra-forestales-autonomia_20210716\/\">Comparte en Facebook<\/a><a href=\"https:\/\/twitter.com\/share?url=https:\/\/www.cnnchile.com\/pais\/cam-declaro-guerra-forestales-autonomia_20210716\/\">Comparte en Twitter<\/a><\/p>\n\n\n\n<p>La Coordinadora Arauco Malleco (CAM) declar\u00f3 mediante un comunicado la guerra a las forestales. H\u00e9ctor Llaitul se\u00f1al\u00f3 que ellos no definen la lucha como terrorista, sino como una lucha leg\u00edtima. En ese contexto, la demanda de autonom\u00eda genera el conflicto con el Estado chileno, y la reivindicaci\u00f3n territorial con las forestales. Instituto Nacional de Derechos Humanos indic\u00f3 que la guerra solo trae \u201cdolor\u201d. Sin embargo, el pasado fin de semana el senador Francisco Huenchumilla asegur\u00f3 que el Gobierno habr\u00eda cerrado la posibilidad de di\u00e1logo en la Araucan\u00eda. Para el ministro del Interior Rodrigo Delgado, son los grupos mapuches radicales quienes impiden las conversaciones.<\/p>\n\n\n\n<p>Fuente: https:\/\/www.cnnchile.com\/pais\/cam-declaro-guerra-forestales-autonomia_20210716\/<\/p>\n","protected":false},"excerpt":{"rendered":"","protected":false},"author":2,"featured_media":40710,"comment_status":"open","ping_status":"open","sticky":false,"template":"","format":"standard","meta":{"site-sidebar-layout":"default","site-content-layout":"","ast-site-content-layout":"default","site-content-style":"default","site-sidebar-style":"default","ast-global-header-display":"","ast-banner-title-visibility":"","ast-main-header-display":"","ast-hfb-above-header-display":"","ast-hfb-below-header-display":"","ast-hfb-mobile-header-display":"","site-post-title":"","ast-breadcrumbs-content":"","ast-featured-img":"","footer-sml-layout":"","ast-disable-related-posts":"","theme-transparent-header-meta":"","adv-header-id-meta":"","stick-header-meta":"","header-above-stick-meta":"","header-main-stick-meta":"","header-below-stick-meta":"","astra-migrate-meta-layouts":"default","ast-page-background-enabled":"default","ast-page-background-meta":{"desktop":{"background-color":"var(--ast-global-color-5)","background-image":"","background-repeat":"repeat","background-position":"center center","background-size":"auto","background-attachment":"scroll","background-type":"","background-media":"","overlay-type":"","overlay-color":"","overlay-opacity":"","overlay-gradient":""},"tablet":{"background-color":"","background-image":"","background-repeat":"repeat","background-position":"center center","background-size":"auto","background-attachment":"scroll","background-type":"","background-media":"","overlay-type":"","overlay-color":"","overlay-opacity":"","overlay-gradient":""},"mobile":{"background-color":"","background-image":"","background-repeat":"repeat","background-position":"center center","background-size":"auto","background-attachment":"scroll","background-type":"","background-media":"","overlay-type":"","overlay-color":"","overlay-opacity":"","overlay-gradient":""}},"ast-content-background-meta":{"desktop":{"background-color":"var(--ast-global-color-4)","background-image":"","background-repeat":"repeat","background-position":"center center","background-size":"auto","background-attachment":"scroll","background-type":"","background-media":"","overlay-type":"","overlay-color":"","overlay-opacity":"","overlay-gradient":""},"tablet":{"background-color":"var(--ast-global-color-4)","background-image":"","background-repeat":"repeat","background-position":"center center","background-size":"auto","background-attachment":"scroll","background-type":"","background-media":"","overlay-type":"","overlay-color":"","overlay-opacity":"","overlay-gradient":""},"mobile":{"background-color":"var(--ast-global-color-4)","background-image":"","background-repeat":"repeat","background-position":"center center","background-size":"auto","background-attachment":"scroll","background-type":"","background-media":"","overlay-type":"","overlay-color":"","overlay-opacity":"","overlay-gradient":""}},"footnotes":""},"categories":[23,1],"tags":[],"class_list":["post-73448","post","type-post","status-publish","format-standard","has-post-thumbnail","hentry","category-internacionales","category-noticias"],"yoast_head":"<!-- This site is optimized with the Yoast SEO Premium plugin v23.0 (Yoast SEO v27.5) - https:\/\/yoast.com\/product\/yoast-seo-premium-wordpress\/ -->\n<title>La CAM declar\u00f3 la guerra a forestales por demanda de territorios y autonom\u00eda en La Araucania: \u201cEs una lucha leg\u00edtima\u201d<\/title>\n<meta name=\"robots\" content=\"index, follow, max-snippet:-1, max-image-preview:large, max-video-preview:-1\" \/>\n<link rel=\"canonical\" href=\"https:\/\/patagoniambiental.com.ar\/info\/la-cam-declaro-la-guerra-a-forestales-por-demanda-de-territorios-y-autonomia-en-la-araucania-es-una-lucha-legitima\/\" \/>\n<meta property=\"og:locale\" content=\"es_ES\" \/>\n<meta property=\"og:type\" content=\"article\" \/>\n<meta property=\"og:title\" content=\"La CAM declar\u00f3 la guerra a forestales por demanda de territorios y autonom\u00eda en La Araucania: \u201cEs una lucha leg\u00edtima\u201d\" \/>\n<meta property=\"og:url\" content=\"https:\/\/patagoniambiental.com.ar\/info\/la-cam-declaro-la-guerra-a-forestales-por-demanda-de-territorios-y-autonomia-en-la-araucania-es-una-lucha-legitima\/\" \/>\n<meta property=\"og:site_name\" content=\"Patagonia Ambiental\" \/>\n<meta property=\"article:publisher\" content=\"https:\/\/www.facebook.com\/patagonia.ambiental\" \/>\n<meta property=\"article:author\" content=\"https:\/\/www.facebook.com\/share\/1C1V8Gv9BX\/?mibextid=qi2Omg\" \/>\n<meta property=\"article:published_time\" content=\"2021-07-16T19:32:01+00:00\" \/>\n<meta property=\"article:modified_time\" content=\"2021-07-16T19:32:05+00:00\" \/>\n<meta property=\"og:image\" content=\"https:\/\/patagoniambiental.com.ar\/info\/wp-content\/uploads\/2018\/01\/Llaitul-820x385.jpg\" \/>\n\t<meta property=\"og:image:width\" content=\"820\" \/>\n\t<meta property=\"og:image:height\" content=\"385\" \/>\n\t<meta property=\"og:image:type\" content=\"image\/jpeg\" \/>\n<meta name=\"author\" content=\"Patagonia Ambiental\" \/>\n<meta name=\"twitter:card\" content=\"summary_large_image\" \/>\n<meta name=\"twitter:creator\" content=\"@PatAmb\" \/>\n<meta name=\"twitter:site\" content=\"@PatAmb\" \/>\n<script type=\"application\/ld+json\" class=\"yoast-schema-graph\">{\"@context\":\"https:\\\/\\\/schema.org\",\"@graph\":[{\"@type\":\"Article\",\"@id\":\"https:\\\/\\\/patagoniambiental.com.ar\\\/info\\\/la-cam-declaro-la-guerra-a-forestales-por-demanda-de-territorios-y-autonomia-en-la-araucania-es-una-lucha-legitima\\\/#article\",\"isPartOf\":{\"@id\":\"https:\\\/\\\/patagoniambiental.com.ar\\\/info\\\/la-cam-declaro-la-guerra-a-forestales-por-demanda-de-territorios-y-autonomia-en-la-araucania-es-una-lucha-legitima\\\/\"},\"author\":{\"name\":\"Patagonia Ambiental\",\"@id\":\"https:\\\/\\\/patagoniambiental.com.ar\\\/info\\\/#\\\/schema\\\/person\\\/db12bff64bbcbf6a253710bf0ea37b5d\"},\"headline\":\"La CAM declar\u00f3 la guerra a forestales por demanda de territorios y autonom\u00eda en La Araucania: \u201cEs una lucha leg\u00edtima\u201d\",\"datePublished\":\"2021-07-16T19:32:01+00:00\",\"dateModified\":\"2021-07-16T19:32:05+00:00\",\"mainEntityOfPage\":{\"@id\":\"https:\\\/\\\/patagoniambiental.com.ar\\\/info\\\/la-cam-declaro-la-guerra-a-forestales-por-demanda-de-territorios-y-autonomia-en-la-araucania-es-una-lucha-legitima\\\/\"},\"wordCount\":217,\"commentCount\":0,\"publisher\":{\"@id\":\"https:\\\/\\\/patagoniambiental.com.ar\\\/info\\\/#organization\"},\"image\":{\"@id\":\"https:\\\/\\\/patagoniambiental.com.ar\\\/info\\\/la-cam-declaro-la-guerra-a-forestales-por-demanda-de-territorios-y-autonomia-en-la-araucania-es-una-lucha-legitima\\\/#primaryimage\"},\"thumbnailUrl\":\"https:\\\/\\\/patagoniambiental.com.ar\\\/info\\\/wp-content\\\/uploads\\\/2018\\\/01\\\/Llaitul-820x385.jpg\",\"articleSection\":[\"Internacionales\",\"Noticias\"],\"inLanguage\":\"es\",\"potentialAction\":[{\"@type\":\"CommentAction\",\"name\":\"Comment\",\"target\":[\"https:\\\/\\\/patagoniambiental.com.ar\\\/info\\\/la-cam-declaro-la-guerra-a-forestales-por-demanda-de-territorios-y-autonomia-en-la-araucania-es-una-lucha-legitima\\\/#respond\"]}]},{\"@type\":\"WebPage\",\"@id\":\"https:\\\/\\\/patagoniambiental.com.ar\\\/info\\\/la-cam-declaro-la-guerra-a-forestales-por-demanda-de-territorios-y-autonomia-en-la-araucania-es-una-lucha-legitima\\\/\",\"url\":\"https:\\\/\\\/patagoniambiental.com.ar\\\/info\\\/la-cam-declaro-la-guerra-a-forestales-por-demanda-de-territorios-y-autonomia-en-la-araucania-es-una-lucha-legitima\\\/\",\"name\":\"La CAM declar\u00f3 la guerra a forestales por demanda de territorios y autonom\u00eda en La Araucania: \u201cEs una lucha leg\u00edtima\u201d\",\"isPartOf\":{\"@id\":\"https:\\\/\\\/patagoniambiental.com.ar\\\/info\\\/#website\"},\"primaryImageOfPage\":{\"@id\":\"https:\\\/\\\/patagoniambiental.com.ar\\\/info\\\/la-cam-declaro-la-guerra-a-forestales-por-demanda-de-territorios-y-autonomia-en-la-araucania-es-una-lucha-legitima\\\/#primaryimage\"},\"image\":{\"@id\":\"https:\\\/\\\/patagoniambiental.com.ar\\\/info\\\/la-cam-declaro-la-guerra-a-forestales-por-demanda-de-territorios-y-autonomia-en-la-araucania-es-una-lucha-legitima\\\/#primaryimage\"},\"thumbnailUrl\":\"https:\\\/\\\/patagoniambiental.com.ar\\\/info\\\/wp-content\\\/uploads\\\/2018\\\/01\\\/Llaitul-820x385.jpg\",\"datePublished\":\"2021-07-16T19:32:01+00:00\",\"dateModified\":\"2021-07-16T19:32:05+00:00\",\"breadcrumb\":{\"@id\":\"https:\\\/\\\/patagoniambiental.com.ar\\\/info\\\/la-cam-declaro-la-guerra-a-forestales-por-demanda-de-territorios-y-autonomia-en-la-araucania-es-una-lucha-legitima\\\/#breadcrumb\"},\"inLanguage\":\"es\",\"potentialAction\":[{\"@type\":\"ReadAction\",\"target\":[\"https:\\\/\\\/patagoniambiental.com.ar\\\/info\\\/la-cam-declaro-la-guerra-a-forestales-por-demanda-de-territorios-y-autonomia-en-la-araucania-es-una-lucha-legitima\\\/\"]}]},{\"@type\":\"ImageObject\",\"inLanguage\":\"es\",\"@id\":\"https:\\\/\\\/patagoniambiental.com.ar\\\/info\\\/la-cam-declaro-la-guerra-a-forestales-por-demanda-de-territorios-y-autonomia-en-la-araucania-es-una-lucha-legitima\\\/#primaryimage\",\"url\":\"https:\\\/\\\/patagoniambiental.com.ar\\\/info\\\/wp-content\\\/uploads\\\/2018\\\/01\\\/Llaitul-820x385.jpg\",\"contentUrl\":\"https:\\\/\\\/patagoniambiental.com.ar\\\/info\\\/wp-content\\\/uploads\\\/2018\\\/01\\\/Llaitul-820x385.jpg\",\"width\":820,\"height\":385},{\"@type\":\"BreadcrumbList\",\"@id\":\"https:\\\/\\\/patagoniambiental.com.ar\\\/info\\\/la-cam-declaro-la-guerra-a-forestales-por-demanda-de-territorios-y-autonomia-en-la-araucania-es-una-lucha-legitima\\\/#breadcrumb\",\"itemListElement\":[{\"@type\":\"ListItem\",\"position\":1,\"name\":\"Inicio\",\"item\":\"https:\\\/\\\/patagoniambiental.com.ar\\\/info\\\/\"},{\"@type\":\"ListItem\",\"position\":2,\"name\":\"La CAM declar\u00f3 la guerra a forestales por demanda de territorios y autonom\u00eda en La Araucania: \u201cEs una lucha leg\u00edtima\u201d\"}]},{\"@type\":\"WebSite\",\"@id\":\"https:\\\/\\\/patagoniambiental.com.ar\\\/info\\\/#website\",\"url\":\"https:\\\/\\\/patagoniambiental.com.ar\\\/info\\\/\",\"name\":\"Patagonia Ambiental\",\"description\":\"Monitoreo y an\u00e1lisis de la situaci\u00f3n geopol\u00edtica en el mundo y su implicancia en la Patagonia\",\"publisher\":{\"@id\":\"https:\\\/\\\/patagoniambiental.com.ar\\\/info\\\/#organization\"},\"potentialAction\":[{\"@type\":\"SearchAction\",\"target\":{\"@type\":\"EntryPoint\",\"urlTemplate\":\"https:\\\/\\\/patagoniambiental.com.ar\\\/info\\\/?s={search_term_string}\"},\"query-input\":{\"@type\":\"PropertyValueSpecification\",\"valueRequired\":true,\"valueName\":\"search_term_string\"}}],\"inLanguage\":\"es\"},{\"@type\":\"Organization\",\"@id\":\"https:\\\/\\\/patagoniambiental.com.ar\\\/info\\\/#organization\",\"name\":\"Patagonia Ambiental\",\"url\":\"https:\\\/\\\/patagoniambiental.com.ar\\\/info\\\/\",\"logo\":{\"@type\":\"ImageObject\",\"inLanguage\":\"es\",\"@id\":\"https:\\\/\\\/patagoniambiental.com.ar\\\/info\\\/#\\\/schema\\\/logo\\\/image\\\/\",\"url\":\"https:\\\/\\\/patagoniambiental.com.ar\\\/info\\\/wp-content\\\/uploads\\\/2025\\\/05\\\/LOGO-PATAGONIA-AMBIENTAL.png\",\"contentUrl\":\"https:\\\/\\\/patagoniambiental.com.ar\\\/info\\\/wp-content\\\/uploads\\\/2025\\\/05\\\/LOGO-PATAGONIA-AMBIENTAL.png\",\"width\":433,\"height\":250,\"caption\":\"Patagonia Ambiental\"},\"image\":{\"@id\":\"https:\\\/\\\/patagoniambiental.com.ar\\\/info\\\/#\\\/schema\\\/logo\\\/image\\\/\"},\"sameAs\":[\"https:\\\/\\\/www.facebook.com\\\/patagonia.ambiental\",\"https:\\\/\\\/x.com\\\/PatAmb\"]},{\"@type\":\"Person\",\"@id\":\"https:\\\/\\\/patagoniambiental.com.ar\\\/info\\\/#\\\/schema\\\/person\\\/db12bff64bbcbf6a253710bf0ea37b5d\",\"name\":\"Patagonia Ambiental\",\"description\":\"Andr\u00e9s Nievas T\u00e9cnico en manejo ambiental, consultor Ambiental y escritor para medios locales e internacionales sobre temas de geopolitica y medio ambiente.\",\"sameAs\":[\"http:\\\/\\\/www.patagoniambiental.com.ar\",\"https:\\\/\\\/www.facebook.com\\\/share\\\/1C1V8Gv9BX\\\/?mibextid=qi2Omg\",\"@patagoniambiental\",\"https:\\\/\\\/youtube.com\\\/@patagoniaambiental2023?si=BLt58t0wuXquxlYZ\"]}]}<\/script>\n<!-- \/ Yoast SEO Premium plugin. -->","yoast_head_json":{"title":"La CAM declar\u00f3 la guerra a forestales por demanda de territorios y autonom\u00eda en La Araucania: \u201cEs una lucha leg\u00edtima\u201d","robots":{"index":"index","follow":"follow","max-snippet":"max-snippet:-1","max-image-preview":"max-image-preview:large","max-video-preview":"max-video-preview:-1"},"canonical":"https:\/\/patagoniambiental.com.ar\/info\/la-cam-declaro-la-guerra-a-forestales-por-demanda-de-territorios-y-autonomia-en-la-araucania-es-una-lucha-legitima\/","og_locale":"es_ES","og_type":"article","og_title":"La CAM declar\u00f3 la guerra a forestales por demanda de territorios y autonom\u00eda en La Araucania: \u201cEs una lucha leg\u00edtima\u201d","og_url":"https:\/\/patagoniambiental.com.ar\/info\/la-cam-declaro-la-guerra-a-forestales-por-demanda-de-territorios-y-autonomia-en-la-araucania-es-una-lucha-legitima\/","og_site_name":"Patagonia Ambiental","article_publisher":"https:\/\/www.facebook.com\/patagonia.ambiental","article_author":"https:\/\/www.facebook.com\/share\/1C1V8Gv9BX\/?mibextid=qi2Omg","article_published_time":"2021-07-16T19:32:01+00:00","article_modified_time":"2021-07-16T19:32:05+00:00","og_image":[{"width":820,"height":385,"url":"https:\/\/patagoniambiental.com.ar\/info\/wp-content\/uploads\/2018\/01\/Llaitul-820x385.jpg","type":"image\/jpeg"}],"author":"Patagonia Ambiental","twitter_card":"summary_large_image","twitter_creator":"@PatAmb","twitter_site":"@PatAmb","schema":{"@context":"https:\/\/schema.org","@graph":[{"@type":"Article","@id":"https:\/\/patagoniambiental.com.ar\/info\/la-cam-declaro-la-guerra-a-forestales-por-demanda-de-territorios-y-autonomia-en-la-araucania-es-una-lucha-legitima\/#article","isPartOf":{"@id":"https:\/\/patagoniambiental.com.ar\/info\/la-cam-declaro-la-guerra-a-forestales-por-demanda-de-territorios-y-autonomia-en-la-araucania-es-una-lucha-legitima\/"},"author":{"name":"Patagonia Ambiental","@id":"https:\/\/patagoniambiental.com.ar\/info\/#\/schema\/person\/db12bff64bbcbf6a253710bf0ea37b5d"},"headline":"La CAM declar\u00f3 la guerra a forestales por demanda de territorios y autonom\u00eda en La Araucania: \u201cEs una lucha leg\u00edtima\u201d","datePublished":"2021-07-16T19:32:01+00:00","dateModified":"2021-07-16T19:32:05+00:00","mainEntityOfPage":{"@id":"https:\/\/patagoniambiental.com.ar\/info\/la-cam-declaro-la-guerra-a-forestales-por-demanda-de-territorios-y-autonomia-en-la-araucania-es-una-lucha-legitima\/"},"wordCount":217,"commentCount":0,"publisher":{"@id":"https:\/\/patagoniambiental.com.ar\/info\/#organization"},"image":{"@id":"https:\/\/patagoniambiental.com.ar\/info\/la-cam-declaro-la-guerra-a-forestales-por-demanda-de-territorios-y-autonomia-en-la-araucania-es-una-lucha-legitima\/#primaryimage"},"thumbnailUrl":"https:\/\/patagoniambiental.com.ar\/info\/wp-content\/uploads\/2018\/01\/Llaitul-820x385.jpg","articleSection":["Internacionales","Noticias"],"inLanguage":"es","potentialAction":[{"@type":"CommentAction","name":"Comment","target":["https:\/\/patagoniambiental.com.ar\/info\/la-cam-declaro-la-guerra-a-forestales-por-demanda-de-territorios-y-autonomia-en-la-araucania-es-una-lucha-legitima\/#respond"]}]},{"@type":"WebPage","@id":"https:\/\/patagoniambiental.com.ar\/info\/la-cam-declaro-la-guerra-a-forestales-por-demanda-de-territorios-y-autonomia-en-la-araucania-es-una-lucha-legitima\/","url":"https:\/\/patagoniambiental.com.ar\/info\/la-cam-declaro-la-guerra-a-forestales-por-demanda-de-territorios-y-autonomia-en-la-araucania-es-una-lucha-legitima\/","name":"La CAM declar\u00f3 la guerra a forestales por demanda de territorios y autonom\u00eda en La Araucania: \u201cEs una lucha leg\u00edtima\u201d","isPartOf":{"@id":"https:\/\/patagoniambiental.com.ar\/info\/#website"},"primaryImageOfPage":{"@id":"https:\/\/patagoniambiental.com.ar\/info\/la-cam-declaro-la-guerra-a-forestales-por-demanda-de-territorios-y-autonomia-en-la-araucania-es-una-lucha-legitima\/#primaryimage"},"image":{"@id":"https:\/\/patagoniambiental.com.ar\/info\/la-cam-declaro-la-guerra-a-forestales-por-demanda-de-territorios-y-autonomia-en-la-araucania-es-una-lucha-legitima\/#primaryimage"},"thumbnailUrl":"https:\/\/patagoniambiental.com.ar\/info\/wp-content\/uploads\/2018\/01\/Llaitul-820x385.jpg","datePublished":"2021-07-16T19:32:01+00:00","dateModified":"2021-07-16T19:32:05+00:00","breadcrumb":{"@id":"https:\/\/patagoniambiental.com.ar\/info\/la-cam-declaro-la-guerra-a-forestales-por-demanda-de-territorios-y-autonomia-en-la-araucania-es-una-lucha-legitima\/#breadcrumb"},"inLanguage":"es","potentialAction":[{"@type":"ReadAction","target":["https:\/\/patagoniambiental.com.ar\/info\/la-cam-declaro-la-guerra-a-forestales-por-demanda-de-territorios-y-autonomia-en-la-araucania-es-una-lucha-legitima\/"]}]},{"@type":"ImageObject","inLanguage":"es","@id":"https:\/\/patagoniambiental.com.ar\/info\/la-cam-declaro-la-guerra-a-forestales-por-demanda-de-territorios-y-autonomia-en-la-araucania-es-una-lucha-legitima\/#primaryimage","url":"https:\/\/patagoniambiental.com.ar\/info\/wp-content\/uploads\/2018\/01\/Llaitul-820x385.jpg","contentUrl":"https:\/\/patagoniambiental.com.ar\/info\/wp-content\/uploads\/2018\/01\/Llaitul-820x385.jpg","width":820,"height":385},{"@type":"BreadcrumbList","@id":"https:\/\/patagoniambiental.com.ar\/info\/la-cam-declaro-la-guerra-a-forestales-por-demanda-de-territorios-y-autonomia-en-la-araucania-es-una-lucha-legitima\/#breadcrumb","itemListElement":[{"@type":"ListItem","position":1,"name":"Inicio","item":"https:\/\/patagoniambiental.com.ar\/info\/"},{"@type":"ListItem","position":2,"name":"La CAM declar\u00f3 la guerra a forestales por demanda de territorios y autonom\u00eda en La Araucania: \u201cEs una lucha leg\u00edtima\u201d"}]},{"@type":"WebSite","@id":"https:\/\/patagoniambiental.com.ar\/info\/#website","url":"https:\/\/patagoniambiental.com.ar\/info\/","name":"Patagonia Ambiental","description":"Monitoreo y an\u00e1lisis de la situaci\u00f3n geopol\u00edtica en el mundo y su implicancia en la Patagonia","publisher":{"@id":"https:\/\/patagoniambiental.com.ar\/info\/#organization"},"potentialAction":[{"@type":"SearchAction","target":{"@type":"EntryPoint","urlTemplate":"https:\/\/patagoniambiental.com.ar\/info\/?s={search_term_string}"},"query-input":{"@type":"PropertyValueSpecification","valueRequired":true,"valueName":"search_term_string"}}],"inLanguage":"es"},{"@type":"Organization","@id":"https:\/\/patagoniambiental.com.ar\/info\/#organization","name":"Patagonia Ambiental","url":"https:\/\/patagoniambiental.com.ar\/info\/","logo":{"@type":"ImageObject","inLanguage":"es","@id":"https:\/\/patagoniambiental.com.ar\/info\/#\/schema\/logo\/image\/","url":"https:\/\/patagoniambiental.com.ar\/info\/wp-content\/uploads\/2025\/05\/LOGO-PATAGONIA-AMBIENTAL.png","contentUrl":"https:\/\/patagoniambiental.com.ar\/info\/wp-content\/uploads\/2025\/05\/LOGO-PATAGONIA-AMBIENTAL.png","width":433,"height":250,"caption":"Patagonia Ambiental"},"image":{"@id":"https:\/\/patagoniambiental.com.ar\/info\/#\/schema\/logo\/image\/"},"sameAs":["https:\/\/www.facebook.com\/patagonia.ambiental","https:\/\/x.com\/PatAmb"]},{"@type":"Person","@id":"https:\/\/patagoniambiental.com.ar\/info\/#\/schema\/person\/db12bff64bbcbf6a253710bf0ea37b5d","name":"Patagonia Ambiental","description":"Andr\u00e9s Nievas T\u00e9cnico en manejo ambiental, consultor Ambiental y escritor para medios locales e internacionales sobre temas de geopolitica y medio ambiente.","sameAs":["http:\/\/www.patagoniambiental.com.ar","https:\/\/www.facebook.com\/share\/1C1V8Gv9BX\/?mibextid=qi2Omg","@patagoniambiental","https:\/\/youtube.com\/@patagoniaambiental2023?si=BLt58t0wuXquxlYZ"]}]}},"_links":{"self":[{"href":"https:\/\/patagoniambiental.com.ar\/info\/wp-json\/wp\/v2\/posts\/73448","targetHints":{"allow":["GET"]}}],"collection":[{"href":"https:\/\/patagoniambiental.com.ar\/info\/wp-json\/wp\/v2\/posts"}],"about":[{"href":"https:\/\/patagoniambiental.com.ar\/info\/wp-json\/wp\/v2\/types\/post"}],"author":[{"embeddable":true,"href":"https:\/\/patagoniambiental.com.ar\/info\/wp-json\/wp\/v2\/users\/2"}],"replies":[{"embeddable":true,"href":"https:\/\/patagoniambiental.com.ar\/info\/wp-json\/wp\/v2\/comments?post=73448"}],"version-history":[{"count":0,"href":"https:\/\/patagoniambiental.com.ar\/info\/wp-json\/wp\/v2\/posts\/73448\/revisions"}],"wp:featuredmedia":[{"embeddable":true,"href":"https:\/\/patagoniambiental.com.ar\/info\/wp-json\/wp\/v2\/media\/40710"}],"wp:attachment":[{"href":"https:\/\/patagoniambiental.com.ar\/info\/wp-json\/wp\/v2\/media?parent=73448"}],"wp:term":[{"taxonomy":"category","embeddable":true,"href":"https:\/\/patagoniambiental.com.ar\/info\/wp-json\/wp\/v2\/categories?post=73448"},{"taxonomy":"post_tag","embeddable":true,"href":"https:\/\/patagoniambiental.com.ar\/info\/wp-json\/wp\/v2\/tags?post=73448"}],"curies":[{"name":"wp","href":"https:\/\/api.w.org\/{rel}","templated":true}]}}