{"id":73453,"date":"2021-07-17T17:06:03","date_gmt":"2021-07-17T20:06:03","guid":{"rendered":"http:\/\/patagoniambiental.com.ar\/info\/?p=73453"},"modified":"2021-07-17T17:06:05","modified_gmt":"2021-07-17T20:06:05","slug":"el-presidente-de-parques-nacionales-se-reunio-con-comunidades-mapuches-en-el-parque-nacional-lanin","status":"publish","type":"post","link":"https:\/\/patagoniambiental.com.ar\/info\/el-presidente-de-parques-nacionales-se-reunio-con-comunidades-mapuches-en-el-parque-nacional-lanin\/","title":{"rendered":"El Presidente de Parques Nacionales se reuni\u00f3 con Comunidades Mapuches en el Parque Nacional Lan\u00edn"},"content":{"rendered":"\n<!--more-->\n\n\n\n<p>Neuqu\u00e9n\/Argentina.-Autoridades de la APN participaron de una serie reuniones con las comunidades y los referentes t\u00e9cnicos regionales para analizar las agendas de trabajo y resolver estrategias conjuntas.<\/p>\n\n\n\n<hr class=\"wp-block-separator\"\/>\n\n\n\n<p>En el marco de una visita institucional al Parque Nacional Lan\u00edn, el presidente del Directorio de la Administraci\u00f3n de Parques Nacionales (APN), Lautaro Erratchu, junto al director nacional de Operaciones, Federico Granato, se reuni\u00f3 con los representantes de las Comunidades Mapuche de los Parques Nacionales Lan\u00edn y Nahuel Huapi con el fin de fortalecer los espacios de Comanejo para el aprovechamiento sostenible de los recursos y el manejo de los conflictos, como as\u00ed tambi\u00e9n para fomentar procesos de fortalecimiento y desarrollo de las poblaciones.<\/p>\n\n\n\n<p>Del encuentro, que se celebr\u00f3 en la localidad de Jun\u00edn de los Andes, participaron adem\u00e1s referentes de los equipos de gesti\u00f3n local de la APN, representados por los intendentes de los Parques Nacionales Lan\u00edn, Salvador Vellido, y Nahuel Huapi, Horacio Paradela, y los directores regionales Javier Grosfeld y Bruno Fontana.<\/p>\n\n\n\n<figure class=\"wp-block-image\"><img decoding=\"async\" src=\"https:\/\/www.argentina.gob.ar\/sites\/default\/files\/reunion_presidente_-_comanejo_lanin.jpg\" alt=\"\"\/><\/figure>\n\n\n\n<p>El Comanejo es una pol\u00edtica institucional llevada adelante por la APN y conformada por el conjunto de decisiones y acciones que se implementan con el objetivo de conservar los ecosistemas y la biodiversidad en t\u00e9rminos de desarrollo sustentable en los territorios, siendo el desaf\u00edo alcanzar una relaci\u00f3n arm\u00f3nica y sustentable con la naturaleza, y promoviendo el fortalecimiento de las organizaciones comunitarias.<\/p>\n\n\n\n<p>En otra instancia, Erratchu y Granato se reunieron con los directores regionales e intendentes de las \u00e1reas protegidas de la regi\u00f3n Patagonia Norte para abordar, junto a referentes t\u00e9cnicos de diversos sectores, temas vinculados a las agendas institucionales y operativas de dichas \u00e1reas y analizar los proyectos en desarrollo en este territorio com\u00fan, integrado por dos \u00e1reas protegidas nacionales en las provincias de Neuqu\u00e9n y Rio Negro.<\/p>\n\n\n\n<p>Fuente: https:\/\/www.argentina.gob.ar\/noticias\/el-presidente-de-parques-nacionales-se-reunio-con-comunidades-mapuches-en-el-parque<\/p>\n","protected":false},"excerpt":{"rendered":"","protected":false},"author":6,"featured_media":73454,"comment_status":"open","ping_status":"open","sticky":false,"template":"","format":"standard","meta":{"site-sidebar-layout":"default","site-content-layout":"","ast-site-content-layout":"default","site-content-style":"default","site-sidebar-style":"default","ast-global-header-display":"","ast-banner-title-visibility":"","ast-main-header-display":"","ast-hfb-above-header-display":"","ast-hfb-below-header-display":"","ast-hfb-mobile-header-display":"","site-post-title":"","ast-breadcrumbs-content":"","ast-featured-img":"","footer-sml-layout":"","ast-disable-related-posts":"","theme-transparent-header-meta":"","adv-header-id-meta":"","stick-header-meta":"","header-above-stick-meta":"","header-main-stick-meta":"","header-below-stick-meta":"","astra-migrate-meta-layouts":"default","ast-page-background-enabled":"default","ast-page-background-meta":{"desktop":{"background-color":"var(--ast-global-color-5)","background-image":"","background-repeat":"repeat","background-position":"center center","background-size":"auto","background-attachment":"scroll","background-type":"","background-media":"","overlay-type":"","overlay-color":"","overlay-opacity":"","overlay-gradient":""},"tablet":{"background-color":"","background-image":"","background-repeat":"repeat","background-position":"center center","background-size":"auto","background-attachment":"scroll","background-type":"","background-media":"","overlay-type":"","overlay-color":"","overlay-opacity":"","overlay-gradient":""},"mobile":{"background-color":"","background-image":"","background-repeat":"repeat","background-position":"center center","background-size":"auto","background-attachment":"scroll","background-type":"","background-media":"","overlay-type":"","overlay-color":"","overlay-opacity":"","overlay-gradient":""}},"ast-content-background-meta":{"desktop":{"background-color":"var(--ast-global-color-4)","background-image":"","background-repeat":"repeat","background-position":"center center","background-size":"auto","background-attachment":"scroll","background-type":"","background-media":"","overlay-type":"","overlay-color":"","overlay-opacity":"","overlay-gradient":""},"tablet":{"background-color":"var(--ast-global-color-4)","background-image":"","background-repeat":"repeat","background-position":"center center","background-size":"auto","background-attachment":"scroll","background-type":"","background-media":"","overlay-type":"","overlay-color":"","overlay-opacity":"","overlay-gradient":""},"mobile":{"background-color":"var(--ast-global-color-4)","background-image":"","background-repeat":"repeat","background-position":"center center","background-size":"auto","background-attachment":"scroll","background-type":"","background-media":"","overlay-type":"","overlay-color":"","overlay-opacity":"","overlay-gradient":""}},"footnotes":""},"categories":[19,1],"tags":[],"class_list":["post-73453","post","type-post","status-publish","format-standard","has-post-thumbnail","hentry","category-nacionales","category-noticias"],"yoast_head":"<!-- This site is optimized with the Yoast SEO Premium plugin v23.0 (Yoast SEO v27.5) - https:\/\/yoast.com\/product\/yoast-seo-premium-wordpress\/ -->\n<title>El Presidente de Parques Nacionales se reuni\u00f3 con Comunidades Mapuches en el Parque Nacional Lan\u00edn<\/title>\n<meta name=\"robots\" content=\"index, follow, max-snippet:-1, max-image-preview:large, max-video-preview:-1\" \/>\n<link rel=\"canonical\" href=\"https:\/\/patagoniambiental.com.ar\/info\/el-presidente-de-parques-nacionales-se-reunio-con-comunidades-mapuches-en-el-parque-nacional-lanin\/\" \/>\n<meta property=\"og:locale\" content=\"es_ES\" \/>\n<meta property=\"og:type\" content=\"article\" \/>\n<meta property=\"og:title\" content=\"El Presidente de Parques Nacionales se reuni\u00f3 con Comunidades Mapuches en el Parque Nacional Lan\u00edn\" \/>\n<meta property=\"og:url\" content=\"https:\/\/patagoniambiental.com.ar\/info\/el-presidente-de-parques-nacionales-se-reunio-con-comunidades-mapuches-en-el-parque-nacional-lanin\/\" \/>\n<meta property=\"og:site_name\" content=\"Patagonia Ambiental\" \/>\n<meta property=\"article:publisher\" content=\"https:\/\/www.facebook.com\/patagonia.ambiental\" \/>\n<meta property=\"article:published_time\" content=\"2021-07-17T20:06:03+00:00\" \/>\n<meta property=\"article:modified_time\" content=\"2021-07-17T20:06:05+00:00\" \/>\n<meta property=\"og:image\" content=\"https:\/\/patagoniambiental.com.ar\/info\/wp-content\/uploads\/2021\/07\/reunion_presidente_-_comanejo_lanin.jpg\" \/>\n\t<meta property=\"og:image:width\" content=\"1005\" \/>\n\t<meta property=\"og:image:height\" content=\"464\" \/>\n\t<meta property=\"og:image:type\" content=\"image\/jpeg\" \/>\n<meta name=\"author\" content=\"BRAIAN ESTEVEZ\" \/>\n<meta name=\"twitter:card\" content=\"summary_large_image\" \/>\n<meta name=\"twitter:creator\" content=\"@PatAmb\" \/>\n<meta name=\"twitter:site\" content=\"@PatAmb\" \/>\n<script type=\"application\/ld+json\" class=\"yoast-schema-graph\">{\"@context\":\"https:\\\/\\\/schema.org\",\"@graph\":[{\"@type\":\"Article\",\"@id\":\"https:\\\/\\\/patagoniambiental.com.ar\\\/info\\\/el-presidente-de-parques-nacionales-se-reunio-con-comunidades-mapuches-en-el-parque-nacional-lanin\\\/#article\",\"isPartOf\":{\"@id\":\"https:\\\/\\\/patagoniambiental.com.ar\\\/info\\\/el-presidente-de-parques-nacionales-se-reunio-con-comunidades-mapuches-en-el-parque-nacional-lanin\\\/\"},\"author\":{\"name\":\"BRAIAN ESTEVEZ\",\"@id\":\"https:\\\/\\\/patagoniambiental.com.ar\\\/info\\\/#\\\/schema\\\/person\\\/e5af09d700b2e82cb10c6b8800e0c691\"},\"headline\":\"El Presidente de Parques Nacionales se reuni\u00f3 con Comunidades Mapuches en el Parque Nacional Lan\u00edn\",\"datePublished\":\"2021-07-17T20:06:03+00:00\",\"dateModified\":\"2021-07-17T20:06:05+00:00\",\"mainEntityOfPage\":{\"@id\":\"https:\\\/\\\/patagoniambiental.com.ar\\\/info\\\/el-presidente-de-parques-nacionales-se-reunio-con-comunidades-mapuches-en-el-parque-nacional-lanin\\\/\"},\"wordCount\":334,\"commentCount\":0,\"publisher\":{\"@id\":\"https:\\\/\\\/patagoniambiental.com.ar\\\/info\\\/#organization\"},\"image\":{\"@id\":\"https:\\\/\\\/patagoniambiental.com.ar\\\/info\\\/el-presidente-de-parques-nacionales-se-reunio-con-comunidades-mapuches-en-el-parque-nacional-lanin\\\/#primaryimage\"},\"thumbnailUrl\":\"https:\\\/\\\/patagoniambiental.com.ar\\\/info\\\/wp-content\\\/uploads\\\/2021\\\/07\\\/reunion_presidente_-_comanejo_lanin.jpg\",\"articleSection\":[\"Nacionales\",\"Noticias\"],\"inLanguage\":\"es\",\"potentialAction\":[{\"@type\":\"CommentAction\",\"name\":\"Comment\",\"target\":[\"https:\\\/\\\/patagoniambiental.com.ar\\\/info\\\/el-presidente-de-parques-nacionales-se-reunio-con-comunidades-mapuches-en-el-parque-nacional-lanin\\\/#respond\"]}]},{\"@type\":\"WebPage\",\"@id\":\"https:\\\/\\\/patagoniambiental.com.ar\\\/info\\\/el-presidente-de-parques-nacionales-se-reunio-con-comunidades-mapuches-en-el-parque-nacional-lanin\\\/\",\"url\":\"https:\\\/\\\/patagoniambiental.com.ar\\\/info\\\/el-presidente-de-parques-nacionales-se-reunio-con-comunidades-mapuches-en-el-parque-nacional-lanin\\\/\",\"name\":\"El Presidente de Parques Nacionales se reuni\u00f3 con Comunidades Mapuches en el Parque Nacional Lan\u00edn\",\"isPartOf\":{\"@id\":\"https:\\\/\\\/patagoniambiental.com.ar\\\/info\\\/#website\"},\"primaryImageOfPage\":{\"@id\":\"https:\\\/\\\/patagoniambiental.com.ar\\\/info\\\/el-presidente-de-parques-nacionales-se-reunio-con-comunidades-mapuches-en-el-parque-nacional-lanin\\\/#primaryimage\"},\"image\":{\"@id\":\"https:\\\/\\\/patagoniambiental.com.ar\\\/info\\\/el-presidente-de-parques-nacionales-se-reunio-con-comunidades-mapuches-en-el-parque-nacional-lanin\\\/#primaryimage\"},\"thumbnailUrl\":\"https:\\\/\\\/patagoniambiental.com.ar\\\/info\\\/wp-content\\\/uploads\\\/2021\\\/07\\\/reunion_presidente_-_comanejo_lanin.jpg\",\"datePublished\":\"2021-07-17T20:06:03+00:00\",\"dateModified\":\"2021-07-17T20:06:05+00:00\",\"breadcrumb\":{\"@id\":\"https:\\\/\\\/patagoniambiental.com.ar\\\/info\\\/el-presidente-de-parques-nacionales-se-reunio-con-comunidades-mapuches-en-el-parque-nacional-lanin\\\/#breadcrumb\"},\"inLanguage\":\"es\",\"potentialAction\":[{\"@type\":\"ReadAction\",\"target\":[\"https:\\\/\\\/patagoniambiental.com.ar\\\/info\\\/el-presidente-de-parques-nacionales-se-reunio-con-comunidades-mapuches-en-el-parque-nacional-lanin\\\/\"]}]},{\"@type\":\"ImageObject\",\"inLanguage\":\"es\",\"@id\":\"https:\\\/\\\/patagoniambiental.com.ar\\\/info\\\/el-presidente-de-parques-nacionales-se-reunio-con-comunidades-mapuches-en-el-parque-nacional-lanin\\\/#primaryimage\",\"url\":\"https:\\\/\\\/patagoniambiental.com.ar\\\/info\\\/wp-content\\\/uploads\\\/2021\\\/07\\\/reunion_presidente_-_comanejo_lanin.jpg\",\"contentUrl\":\"https:\\\/\\\/patagoniambiental.com.ar\\\/info\\\/wp-content\\\/uploads\\\/2021\\\/07\\\/reunion_presidente_-_comanejo_lanin.jpg\",\"width\":1005,\"height\":464},{\"@type\":\"BreadcrumbList\",\"@id\":\"https:\\\/\\\/patagoniambiental.com.ar\\\/info\\\/el-presidente-de-parques-nacionales-se-reunio-con-comunidades-mapuches-en-el-parque-nacional-lanin\\\/#breadcrumb\",\"itemListElement\":[{\"@type\":\"ListItem\",\"position\":1,\"name\":\"Inicio\",\"item\":\"https:\\\/\\\/patagoniambiental.com.ar\\\/info\\\/\"},{\"@type\":\"ListItem\",\"position\":2,\"name\":\"El Presidente de Parques Nacionales se reuni\u00f3 con Comunidades Mapuches en el Parque Nacional Lan\u00edn\"}]},{\"@type\":\"WebSite\",\"@id\":\"https:\\\/\\\/patagoniambiental.com.ar\\\/info\\\/#website\",\"url\":\"https:\\\/\\\/patagoniambiental.com.ar\\\/info\\\/\",\"name\":\"Patagonia Ambiental\",\"description\":\"Monitoreo y an\u00e1lisis de la situaci\u00f3n geopol\u00edtica en el mundo y su implicancia en la Patagonia\",\"publisher\":{\"@id\":\"https:\\\/\\\/patagoniambiental.com.ar\\\/info\\\/#organization\"},\"potentialAction\":[{\"@type\":\"SearchAction\",\"target\":{\"@type\":\"EntryPoint\",\"urlTemplate\":\"https:\\\/\\\/patagoniambiental.com.ar\\\/info\\\/?s={search_term_string}\"},\"query-input\":{\"@type\":\"PropertyValueSpecification\",\"valueRequired\":true,\"valueName\":\"search_term_string\"}}],\"inLanguage\":\"es\"},{\"@type\":\"Organization\",\"@id\":\"https:\\\/\\\/patagoniambiental.com.ar\\\/info\\\/#organization\",\"name\":\"Patagonia Ambiental\",\"url\":\"https:\\\/\\\/patagoniambiental.com.ar\\\/info\\\/\",\"logo\":{\"@type\":\"ImageObject\",\"inLanguage\":\"es\",\"@id\":\"https:\\\/\\\/patagoniambiental.com.ar\\\/info\\\/#\\\/schema\\\/logo\\\/image\\\/\",\"url\":\"https:\\\/\\\/patagoniambiental.com.ar\\\/info\\\/wp-content\\\/uploads\\\/2025\\\/05\\\/LOGO-PATAGONIA-AMBIENTAL.png\",\"contentUrl\":\"https:\\\/\\\/patagoniambiental.com.ar\\\/info\\\/wp-content\\\/uploads\\\/2025\\\/05\\\/LOGO-PATAGONIA-AMBIENTAL.png\",\"width\":433,\"height\":250,\"caption\":\"Patagonia Ambiental\"},\"image\":{\"@id\":\"https:\\\/\\\/patagoniambiental.com.ar\\\/info\\\/#\\\/schema\\\/logo\\\/image\\\/\"},\"sameAs\":[\"https:\\\/\\\/www.facebook.com\\\/patagonia.ambiental\",\"https:\\\/\\\/x.com\\\/PatAmb\"]},{\"@type\":\"Person\",\"@id\":\"https:\\\/\\\/patagoniambiental.com.ar\\\/info\\\/#\\\/schema\\\/person\\\/e5af09d700b2e82cb10c6b8800e0c691\",\"name\":\"BRAIAN ESTEVEZ\",\"sameAs\":[\"http:\\\/\\\/www.patagoniambiental.com.ar\"]}]}<\/script>\n<!-- \/ Yoast SEO Premium plugin. -->","yoast_head_json":{"title":"El Presidente de Parques Nacionales se reuni\u00f3 con Comunidades Mapuches en el Parque Nacional Lan\u00edn","robots":{"index":"index","follow":"follow","max-snippet":"max-snippet:-1","max-image-preview":"max-image-preview:large","max-video-preview":"max-video-preview:-1"},"canonical":"https:\/\/patagoniambiental.com.ar\/info\/el-presidente-de-parques-nacionales-se-reunio-con-comunidades-mapuches-en-el-parque-nacional-lanin\/","og_locale":"es_ES","og_type":"article","og_title":"El Presidente de Parques Nacionales se reuni\u00f3 con Comunidades Mapuches en el Parque Nacional Lan\u00edn","og_url":"https:\/\/patagoniambiental.com.ar\/info\/el-presidente-de-parques-nacionales-se-reunio-con-comunidades-mapuches-en-el-parque-nacional-lanin\/","og_site_name":"Patagonia Ambiental","article_publisher":"https:\/\/www.facebook.com\/patagonia.ambiental","article_published_time":"2021-07-17T20:06:03+00:00","article_modified_time":"2021-07-17T20:06:05+00:00","og_image":[{"width":1005,"height":464,"url":"https:\/\/patagoniambiental.com.ar\/info\/wp-content\/uploads\/2021\/07\/reunion_presidente_-_comanejo_lanin.jpg","type":"image\/jpeg"}],"author":"BRAIAN ESTEVEZ","twitter_card":"summary_large_image","twitter_creator":"@PatAmb","twitter_site":"@PatAmb","schema":{"@context":"https:\/\/schema.org","@graph":[{"@type":"Article","@id":"https:\/\/patagoniambiental.com.ar\/info\/el-presidente-de-parques-nacionales-se-reunio-con-comunidades-mapuches-en-el-parque-nacional-lanin\/#article","isPartOf":{"@id":"https:\/\/patagoniambiental.com.ar\/info\/el-presidente-de-parques-nacionales-se-reunio-con-comunidades-mapuches-en-el-parque-nacional-lanin\/"},"author":{"name":"BRAIAN ESTEVEZ","@id":"https:\/\/patagoniambiental.com.ar\/info\/#\/schema\/person\/e5af09d700b2e82cb10c6b8800e0c691"},"headline":"El Presidente de Parques Nacionales se reuni\u00f3 con Comunidades Mapuches en el Parque Nacional Lan\u00edn","datePublished":"2021-07-17T20:06:03+00:00","dateModified":"2021-07-17T20:06:05+00:00","mainEntityOfPage":{"@id":"https:\/\/patagoniambiental.com.ar\/info\/el-presidente-de-parques-nacionales-se-reunio-con-comunidades-mapuches-en-el-parque-nacional-lanin\/"},"wordCount":334,"commentCount":0,"publisher":{"@id":"https:\/\/patagoniambiental.com.ar\/info\/#organization"},"image":{"@id":"https:\/\/patagoniambiental.com.ar\/info\/el-presidente-de-parques-nacionales-se-reunio-con-comunidades-mapuches-en-el-parque-nacional-lanin\/#primaryimage"},"thumbnailUrl":"https:\/\/patagoniambiental.com.ar\/info\/wp-content\/uploads\/2021\/07\/reunion_presidente_-_comanejo_lanin.jpg","articleSection":["Nacionales","Noticias"],"inLanguage":"es","potentialAction":[{"@type":"CommentAction","name":"Comment","target":["https:\/\/patagoniambiental.com.ar\/info\/el-presidente-de-parques-nacionales-se-reunio-con-comunidades-mapuches-en-el-parque-nacional-lanin\/#respond"]}]},{"@type":"WebPage","@id":"https:\/\/patagoniambiental.com.ar\/info\/el-presidente-de-parques-nacionales-se-reunio-con-comunidades-mapuches-en-el-parque-nacional-lanin\/","url":"https:\/\/patagoniambiental.com.ar\/info\/el-presidente-de-parques-nacionales-se-reunio-con-comunidades-mapuches-en-el-parque-nacional-lanin\/","name":"El Presidente de Parques Nacionales se reuni\u00f3 con Comunidades Mapuches en el Parque Nacional Lan\u00edn","isPartOf":{"@id":"https:\/\/patagoniambiental.com.ar\/info\/#website"},"primaryImageOfPage":{"@id":"https:\/\/patagoniambiental.com.ar\/info\/el-presidente-de-parques-nacionales-se-reunio-con-comunidades-mapuches-en-el-parque-nacional-lanin\/#primaryimage"},"image":{"@id":"https:\/\/patagoniambiental.com.ar\/info\/el-presidente-de-parques-nacionales-se-reunio-con-comunidades-mapuches-en-el-parque-nacional-lanin\/#primaryimage"},"thumbnailUrl":"https:\/\/patagoniambiental.com.ar\/info\/wp-content\/uploads\/2021\/07\/reunion_presidente_-_comanejo_lanin.jpg","datePublished":"2021-07-17T20:06:03+00:00","dateModified":"2021-07-17T20:06:05+00:00","breadcrumb":{"@id":"https:\/\/patagoniambiental.com.ar\/info\/el-presidente-de-parques-nacionales-se-reunio-con-comunidades-mapuches-en-el-parque-nacional-lanin\/#breadcrumb"},"inLanguage":"es","potentialAction":[{"@type":"ReadAction","target":["https:\/\/patagoniambiental.com.ar\/info\/el-presidente-de-parques-nacionales-se-reunio-con-comunidades-mapuches-en-el-parque-nacional-lanin\/"]}]},{"@type":"ImageObject","inLanguage":"es","@id":"https:\/\/patagoniambiental.com.ar\/info\/el-presidente-de-parques-nacionales-se-reunio-con-comunidades-mapuches-en-el-parque-nacional-lanin\/#primaryimage","url":"https:\/\/patagoniambiental.com.ar\/info\/wp-content\/uploads\/2021\/07\/reunion_presidente_-_comanejo_lanin.jpg","contentUrl":"https:\/\/patagoniambiental.com.ar\/info\/wp-content\/uploads\/2021\/07\/reunion_presidente_-_comanejo_lanin.jpg","width":1005,"height":464},{"@type":"BreadcrumbList","@id":"https:\/\/patagoniambiental.com.ar\/info\/el-presidente-de-parques-nacionales-se-reunio-con-comunidades-mapuches-en-el-parque-nacional-lanin\/#breadcrumb","itemListElement":[{"@type":"ListItem","position":1,"name":"Inicio","item":"https:\/\/patagoniambiental.com.ar\/info\/"},{"@type":"ListItem","position":2,"name":"El Presidente de Parques Nacionales se reuni\u00f3 con Comunidades Mapuches en el Parque Nacional Lan\u00edn"}]},{"@type":"WebSite","@id":"https:\/\/patagoniambiental.com.ar\/info\/#website","url":"https:\/\/patagoniambiental.com.ar\/info\/","name":"Patagonia Ambiental","description":"Monitoreo y an\u00e1lisis de la situaci\u00f3n geopol\u00edtica en el mundo y su implicancia en la Patagonia","publisher":{"@id":"https:\/\/patagoniambiental.com.ar\/info\/#organization"},"potentialAction":[{"@type":"SearchAction","target":{"@type":"EntryPoint","urlTemplate":"https:\/\/patagoniambiental.com.ar\/info\/?s={search_term_string}"},"query-input":{"@type":"PropertyValueSpecification","valueRequired":true,"valueName":"search_term_string"}}],"inLanguage":"es"},{"@type":"Organization","@id":"https:\/\/patagoniambiental.com.ar\/info\/#organization","name":"Patagonia Ambiental","url":"https:\/\/patagoniambiental.com.ar\/info\/","logo":{"@type":"ImageObject","inLanguage":"es","@id":"https:\/\/patagoniambiental.com.ar\/info\/#\/schema\/logo\/image\/","url":"https:\/\/patagoniambiental.com.ar\/info\/wp-content\/uploads\/2025\/05\/LOGO-PATAGONIA-AMBIENTAL.png","contentUrl":"https:\/\/patagoniambiental.com.ar\/info\/wp-content\/uploads\/2025\/05\/LOGO-PATAGONIA-AMBIENTAL.png","width":433,"height":250,"caption":"Patagonia Ambiental"},"image":{"@id":"https:\/\/patagoniambiental.com.ar\/info\/#\/schema\/logo\/image\/"},"sameAs":["https:\/\/www.facebook.com\/patagonia.ambiental","https:\/\/x.com\/PatAmb"]},{"@type":"Person","@id":"https:\/\/patagoniambiental.com.ar\/info\/#\/schema\/person\/e5af09d700b2e82cb10c6b8800e0c691","name":"BRAIAN ESTEVEZ","sameAs":["http:\/\/www.patagoniambiental.com.ar"]}]}},"_links":{"self":[{"href":"https:\/\/patagoniambiental.com.ar\/info\/wp-json\/wp\/v2\/posts\/73453","targetHints":{"allow":["GET"]}}],"collection":[{"href":"https:\/\/patagoniambiental.com.ar\/info\/wp-json\/wp\/v2\/posts"}],"about":[{"href":"https:\/\/patagoniambiental.com.ar\/info\/wp-json\/wp\/v2\/types\/post"}],"author":[{"embeddable":true,"href":"https:\/\/patagoniambiental.com.ar\/info\/wp-json\/wp\/v2\/users\/6"}],"replies":[{"embeddable":true,"href":"https:\/\/patagoniambiental.com.ar\/info\/wp-json\/wp\/v2\/comments?post=73453"}],"version-history":[{"count":0,"href":"https:\/\/patagoniambiental.com.ar\/info\/wp-json\/wp\/v2\/posts\/73453\/revisions"}],"wp:featuredmedia":[{"embeddable":true,"href":"https:\/\/patagoniambiental.com.ar\/info\/wp-json\/wp\/v2\/media\/73454"}],"wp:attachment":[{"href":"https:\/\/patagoniambiental.com.ar\/info\/wp-json\/wp\/v2\/media?parent=73453"}],"wp:term":[{"taxonomy":"category","embeddable":true,"href":"https:\/\/patagoniambiental.com.ar\/info\/wp-json\/wp\/v2\/categories?post=73453"},{"taxonomy":"post_tag","embeddable":true,"href":"https:\/\/patagoniambiental.com.ar\/info\/wp-json\/wp\/v2\/tags?post=73453"}],"curies":[{"name":"wp","href":"https:\/\/api.w.org\/{rel}","templated":true}]}}