{"id":73466,"date":"2021-07-19T19:00:00","date_gmt":"2021-07-19T22:00:00","guid":{"rendered":"http:\/\/patagoniambiental.com.ar\/info\/?p=73466"},"modified":"2021-07-19T16:53:26","modified_gmt":"2021-07-19T19:53:26","slug":"amigarse-con-los-plasticos","status":"publish","type":"post","link":"https:\/\/patagoniambiental.com.ar\/info\/amigarse-con-los-plasticos\/","title":{"rendered":"Amigarse con los pl\u00e1sticos"},"content":{"rendered":"\n<!--more-->\n\n\n\n<p>Una vecina de la ciudad emprende la tarea poco habitual pero de gran valor para la reutilizaci\u00f3n de pl\u00e1sticos en R\u00edo Gallegos que, a la vez, le permite estructurar un invernadero en su vivienda. De qu\u00e9 se trata ese proyecto familiar ecosustentable.<\/p>\n\n\n\n<ul class=\"wp-block-list\"><li><small><time>19\/07\/2021 \u2022 11:13<\/time><\/small><\/li><\/ul>\n\n\n\n<figure class=\"wp-block-image\"><img decoding=\"async\" src=\"https:\/\/www.tiemposur.com.ar\/uploads\/noticia_galeria\/2021\/07\/19\/file_114399_main1\" alt=\"El invernadero de Alejandra.  \"\/><\/figure>\n\n\n\n<p>El invernadero de Alejandra.<\/p>\n\n\n\n<p>El&nbsp;<strong>pl\u00e1stico<\/strong>&nbsp;se invent\u00f3 a finales del siglo XIX, pero hasta mediados del XX no empez\u00f3 a producirse a gran escala. Al principio nadie cay\u00f3 en la cuenta del problema que se ven\u00eda, y&nbsp;<strong>ahora hay que lidiar con 8.300 millones de toneladas de este material<\/strong>. Cada hora se compran 60 millones de botellas de pl\u00e1stico en todo el mundo y, al a\u00f1o, se usan 500.000 millones de bolsas, muchas de las cuales acaban en el medio ambiente, siendo dispersadas por fuerzas naturales como el viento y el agua.<\/p>\n\n\n\n<p>Los estudios sugieren que las bolsas de pl\u00e1stico y los contenedores hechos de espuma de polietileno pueden tardar&nbsp;<strong>miles de a\u00f1os en descomponerse y contaminan suelo y agua<\/strong>. Adem\u00e1s, con el paso del tiempo los pl\u00e1sticos se dividen en fragmentos m\u00e1s peque\u00f1os llamados micropl\u00e1sticos que al ser consumidos por animales marinos pueden entrar en la cadena alimenticia humana.PUBLICIDAD<\/p>\n\n\n\n<figure class=\"wp-block-image\"><img decoding=\"async\" src=\"https:\/\/www.tiemposur.com.ar\/uploads\/ckfinder\/userfiles\/images\/INVERNADERO2.jpg\" alt=\"\"\/><\/figure>\n\n\n\n<p><strong>INICIATIVA LOCAL<\/strong><\/p>\n\n\n\n<p>Varios grupos y asociaciones sin fines de lucro llevan adelante un&nbsp;<strong>trabajo voluntario por<\/strong>&nbsp;<strong>mejorar el medio ambiente<\/strong>, convocando a jornadas de limpieza y fomentando el reciclaje como tambi\u00e9n otras pr\u00e1cticas amigables con el medio ambiente.<\/p>\n\n\n\n<p>Asimismo, vecinos y vecinas de la ciudad se suman a las&nbsp;<strong>propuestas ecosustentables<\/strong>, con la pr\u00e1ctica cada vez m\u00e1s habitual del&nbsp;<strong>compost org\u00e1nico en sus domicilios<\/strong>&nbsp;y la&nbsp;<strong>reutilizaci\u00f3n de materiales<\/strong>&nbsp;que, como dec\u00edamos anteriormente, tardan miles de a\u00f1os en descomponerse y afectan a la naturaleza.<\/p>\n\n\n\n<p>Es el caso de&nbsp;<strong>Alejandra Piombi<\/strong>, vecina de 56 a\u00f1os de R\u00edo Gallegos, quien este a\u00f1o decidi\u00f3 comenzar con el&nbsp;<strong>acopio de botellas para un emprendimiento familiar<\/strong>, quiz\u00e1s m\u00e1s impulsada por una necesidad que le llev\u00f3 a esta alternativa. \u201c<strong>Me estoy aggiornando ahora con mis hijos sobre el reciclaje y me he vuelto una \u00b4junta basura<\/strong>\u00b4\u201d, explic\u00f3 a&nbsp;<strong>TiempoSur<\/strong>, al dar cuenta que comenz\u00f3 a&nbsp;<strong>organizar un invernadero hace dos a\u00f1os<\/strong>, con la utilizaci\u00f3n de naylon para cubrirlo pero en menos de un a\u00f1o y por acci\u00f3n del viento se le \u201chizo hilachas\u201d.&nbsp;&nbsp;<\/p>\n\n\n\n<p>Sin embargo, tiempo m\u00e1s tarde encontr\u00f3 una soluci\u00f3n a trav\u00e9s de publicaciones que vio en internet sobre&nbsp;<strong>invernaderos hechos a base de botellas de pl\u00e1stico<\/strong>. \u201cComo consumo mucha terma con soda aprovech\u00e9 las botellas\u201d, indic\u00f3 Alejandra, quien utiliza determinadas botellas para las columnas. \u201c<strong>Mi hija estudia arquitectura y le encanta la sustentabilidad, y quiere que armemos con \u00b4basura fashion\u00b4,<\/strong>&nbsp;es decir, con botellas lisas que son las mejores, como de las de marcas como Coca-Cola, Crush, Schweppes y soda\u201d, remarc\u00f3 respecto a la b\u00fasqueda de determinadas botellas para el&nbsp;<strong>invernadero de 6<\/strong>&nbsp;<strong>x 3 metros<\/strong>&nbsp;que tiene en el fondo de su casa y donde cosecha lechuga, acelga, perejil remolacha y otras verduras de consumo familiar. En ese huerto familiar es donde utiliza tambi\u00e9n el compost domiciliario que realiza con los desechos org\u00e1nicos. &nbsp;&nbsp;<a href=\"https:\/\/www.tiemposur.com.ar\/info-general\/personal-municipal-de-caleta-olivia-inicio-la-capacitacion-para-operar-maquinarias-de-reciclaje\">MIRA TAMBIENPersonal municipal de Caleta Olivia inici\u00f3 la capacitaci\u00f3n para operar maquinar\u00edas de reciclaje<\/a><\/p>\n\n\n\n<p>Respecto al emprendimiento con las botellas, Alejandra aclar\u00f3: \u201cNo hago reciclado porque no estoy convirtiendo basura en otra cosa,&nbsp;<strong>estoy reutilizando<\/strong>\u201d y sostuvo que \u201ceso me hace un ruido mortal, pero en el mientras tanto estoy haciendo lo que habr\u00eda que hacer\u201d.<\/p>\n\n\n\n<p>En este camino pudo advertir sobre las necesidades de reciclar y ha notado los beneficios de la reutilizaci\u00f3n. Alejandra aprovecha el tiempo libre para retirar las botellas que le donan otros vecinos y vecinas, seleccionarlas, lavarlas, cortarlas y ordenar las botellas en columnas. Es un trabajo que le lleva varias horas pero, gracias al que lleva hoy casi la mitad del invernadero.<\/p>\n\n\n\n<p>\u201c<strong>Es medio \u00b4kamikaze\u00b4 lo m\u00edo, pero es una manera de hacerlo y reutilizar<\/strong>\u201d, expres\u00f3 sobre esta forma de aprovechar un material en desuso y amigarse con el medio ambiente.<a href=\"https:\/\/www.tiemposur.com.ar\/info-general\/el-calafate-vende-27-toneladas-de-carton\">MIRA TAMBIENEl Calafate vende 27 toneladas de cart\u00f3n<\/a><\/p>\n\n\n\n<p><strong>Consejos pr\u00e1cticos<\/strong><\/p>\n\n\n\n<p>Algunos consejos que pueden tenerse en cuenta para ser parte de esta toma de conciencia:<\/p>\n\n\n\n<ul class=\"wp-block-list\"><li>Utilizar botellas y tazas reutilizables, que se puedan recargar.<\/li><li>Llevar siempre bolsas reutilizables para realizar compras.<\/li><li>Convertir la higiene menstrual en una m\u00e1s ecol\u00f3gica, eligiendo alternativas reutilizables.<\/li><li>Minimizar la compra de productos empacados en envases desechables.<\/li><li>Reutilizar al m\u00e1ximo los elementos que se consumen para generar menos residuos.<\/li><li>Cambiar globos y otras decoraciones de un solo uso por otras reutilizables y eco-amigables.<\/li><li>Concientizar: cuidar el planeta es una tarea que se hace en conjunto, por lo que se puede compartir la experiencia en torno al tema.<\/li><\/ul>\n\n\n\n<p>Fuente: https:\/\/www.tiemposur.com.ar\/info-general\/amigarse-con-los-plasticos<\/p>\n","protected":false},"excerpt":{"rendered":"","protected":false},"author":6,"featured_media":73467,"comment_status":"open","ping_status":"open","sticky":false,"template":"","format":"standard","meta":{"site-sidebar-layout":"default","site-content-layout":"","ast-site-content-layout":"default","site-content-style":"default","site-sidebar-style":"default","ast-global-header-display":"","ast-banner-title-visibility":"","ast-main-header-display":"","ast-hfb-above-header-display":"","ast-hfb-below-header-display":"","ast-hfb-mobile-header-display":"","site-post-title":"","ast-breadcrumbs-content":"","ast-featured-img":"","footer-sml-layout":"","ast-disable-related-posts":"","theme-transparent-header-meta":"","adv-header-id-meta":"","stick-header-meta":"","header-above-stick-meta":"","header-main-stick-meta":"","header-below-stick-meta":"","astra-migrate-meta-layouts":"default","ast-page-background-enabled":"default","ast-page-background-meta":{"desktop":{"background-color":"var(--ast-global-color-5)","background-image":"","background-repeat":"repeat","background-position":"center center","background-size":"auto","background-attachment":"scroll","background-type":"","background-media":"","overlay-type":"","overlay-color":"","overlay-opacity":"","overlay-gradient":""},"tablet":{"background-color":"","background-image":"","background-repeat":"repeat","background-position":"center center","background-size":"auto","background-attachment":"scroll","background-type":"","background-media":"","overlay-type":"","overlay-color":"","overlay-opacity":"","overlay-gradient":""},"mobile":{"background-color":"","background-image":"","background-repeat":"repeat","background-position":"center center","background-size":"auto","background-attachment":"scroll","background-type":"","background-media":"","overlay-type":"","overlay-color":"","overlay-opacity":"","overlay-gradient":""}},"ast-content-background-meta":{"desktop":{"background-color":"var(--ast-global-color-4)","background-image":"","background-repeat":"repeat","background-position":"center center","background-size":"auto","background-attachment":"scroll","background-type":"","background-media":"","overlay-type":"","overlay-color":"","overlay-opacity":"","overlay-gradient":""},"tablet":{"background-color":"var(--ast-global-color-4)","background-image":"","background-repeat":"repeat","background-position":"center center","background-size":"auto","background-attachment":"scroll","background-type":"","background-media":"","overlay-type":"","overlay-color":"","overlay-opacity":"","overlay-gradient":""},"mobile":{"background-color":"var(--ast-global-color-4)","background-image":"","background-repeat":"repeat","background-position":"center center","background-size":"auto","background-attachment":"scroll","background-type":"","background-media":"","overlay-type":"","overlay-color":"","overlay-opacity":"","overlay-gradient":""}},"footnotes":""},"categories":[3357,1],"tags":[],"class_list":["post-73466","post","type-post","status-publish","format-standard","has-post-thumbnail","hentry","category-girsu","category-noticias"],"yoast_head":"<!-- This site is optimized with the Yoast SEO Premium plugin v23.0 (Yoast SEO v27.5) - https:\/\/yoast.com\/product\/yoast-seo-premium-wordpress\/ -->\n<title>Amigarse con los pl\u00e1sticos<\/title>\n<meta name=\"robots\" content=\"index, follow, max-snippet:-1, max-image-preview:large, max-video-preview:-1\" \/>\n<link rel=\"canonical\" href=\"https:\/\/patagoniambiental.com.ar\/info\/amigarse-con-los-plasticos\/\" \/>\n<meta property=\"og:locale\" content=\"es_ES\" \/>\n<meta property=\"og:type\" content=\"article\" \/>\n<meta property=\"og:title\" content=\"Amigarse con los pl\u00e1sticos\" \/>\n<meta property=\"og:url\" content=\"https:\/\/patagoniambiental.com.ar\/info\/amigarse-con-los-plasticos\/\" \/>\n<meta property=\"og:site_name\" content=\"Patagonia Ambiental\" \/>\n<meta property=\"article:publisher\" content=\"https:\/\/www.facebook.com\/patagonia.ambiental\" \/>\n<meta property=\"article:published_time\" content=\"2021-07-19T22:00:00+00:00\" \/>\n<meta property=\"og:image\" content=\"https:\/\/patagoniambiental.com.ar\/info\/wp-content\/uploads\/2021\/07\/345-1.jpg\" \/>\n\t<meta property=\"og:image:width\" content=\"834\" \/>\n\t<meta property=\"og:image:height\" content=\"448\" \/>\n\t<meta property=\"og:image:type\" content=\"image\/jpeg\" \/>\n<meta name=\"author\" content=\"BRAIAN ESTEVEZ\" \/>\n<meta name=\"twitter:card\" content=\"summary_large_image\" \/>\n<meta name=\"twitter:creator\" content=\"@PatAmb\" \/>\n<meta name=\"twitter:site\" content=\"@PatAmb\" \/>\n<script type=\"application\/ld+json\" class=\"yoast-schema-graph\">{\"@context\":\"https:\\\/\\\/schema.org\",\"@graph\":[{\"@type\":\"Article\",\"@id\":\"https:\\\/\\\/patagoniambiental.com.ar\\\/info\\\/amigarse-con-los-plasticos\\\/#article\",\"isPartOf\":{\"@id\":\"https:\\\/\\\/patagoniambiental.com.ar\\\/info\\\/amigarse-con-los-plasticos\\\/\"},\"author\":{\"name\":\"BRAIAN ESTEVEZ\",\"@id\":\"https:\\\/\\\/patagoniambiental.com.ar\\\/info\\\/#\\\/schema\\\/person\\\/e5af09d700b2e82cb10c6b8800e0c691\"},\"headline\":\"Amigarse con los pl\u00e1sticos\",\"datePublished\":\"2021-07-19T22:00:00+00:00\",\"mainEntityOfPage\":{\"@id\":\"https:\\\/\\\/patagoniambiental.com.ar\\\/info\\\/amigarse-con-los-plasticos\\\/\"},\"wordCount\":841,\"commentCount\":0,\"publisher\":{\"@id\":\"https:\\\/\\\/patagoniambiental.com.ar\\\/info\\\/#organization\"},\"image\":{\"@id\":\"https:\\\/\\\/patagoniambiental.com.ar\\\/info\\\/amigarse-con-los-plasticos\\\/#primaryimage\"},\"thumbnailUrl\":\"https:\\\/\\\/patagoniambiental.com.ar\\\/info\\\/wp-content\\\/uploads\\\/2021\\\/07\\\/345-1.jpg\",\"articleSection\":[\"GIRSU\",\"Noticias\"],\"inLanguage\":\"es\",\"potentialAction\":[{\"@type\":\"CommentAction\",\"name\":\"Comment\",\"target\":[\"https:\\\/\\\/patagoniambiental.com.ar\\\/info\\\/amigarse-con-los-plasticos\\\/#respond\"]}]},{\"@type\":\"WebPage\",\"@id\":\"https:\\\/\\\/patagoniambiental.com.ar\\\/info\\\/amigarse-con-los-plasticos\\\/\",\"url\":\"https:\\\/\\\/patagoniambiental.com.ar\\\/info\\\/amigarse-con-los-plasticos\\\/\",\"name\":\"Amigarse con los pl\u00e1sticos\",\"isPartOf\":{\"@id\":\"https:\\\/\\\/patagoniambiental.com.ar\\\/info\\\/#website\"},\"primaryImageOfPage\":{\"@id\":\"https:\\\/\\\/patagoniambiental.com.ar\\\/info\\\/amigarse-con-los-plasticos\\\/#primaryimage\"},\"image\":{\"@id\":\"https:\\\/\\\/patagoniambiental.com.ar\\\/info\\\/amigarse-con-los-plasticos\\\/#primaryimage\"},\"thumbnailUrl\":\"https:\\\/\\\/patagoniambiental.com.ar\\\/info\\\/wp-content\\\/uploads\\\/2021\\\/07\\\/345-1.jpg\",\"datePublished\":\"2021-07-19T22:00:00+00:00\",\"breadcrumb\":{\"@id\":\"https:\\\/\\\/patagoniambiental.com.ar\\\/info\\\/amigarse-con-los-plasticos\\\/#breadcrumb\"},\"inLanguage\":\"es\",\"potentialAction\":[{\"@type\":\"ReadAction\",\"target\":[\"https:\\\/\\\/patagoniambiental.com.ar\\\/info\\\/amigarse-con-los-plasticos\\\/\"]}]},{\"@type\":\"ImageObject\",\"inLanguage\":\"es\",\"@id\":\"https:\\\/\\\/patagoniambiental.com.ar\\\/info\\\/amigarse-con-los-plasticos\\\/#primaryimage\",\"url\":\"https:\\\/\\\/patagoniambiental.com.ar\\\/info\\\/wp-content\\\/uploads\\\/2021\\\/07\\\/345-1.jpg\",\"contentUrl\":\"https:\\\/\\\/patagoniambiental.com.ar\\\/info\\\/wp-content\\\/uploads\\\/2021\\\/07\\\/345-1.jpg\",\"width\":834,\"height\":448},{\"@type\":\"BreadcrumbList\",\"@id\":\"https:\\\/\\\/patagoniambiental.com.ar\\\/info\\\/amigarse-con-los-plasticos\\\/#breadcrumb\",\"itemListElement\":[{\"@type\":\"ListItem\",\"position\":1,\"name\":\"Inicio\",\"item\":\"https:\\\/\\\/patagoniambiental.com.ar\\\/info\\\/\"},{\"@type\":\"ListItem\",\"position\":2,\"name\":\"Amigarse con los pl\u00e1sticos\"}]},{\"@type\":\"WebSite\",\"@id\":\"https:\\\/\\\/patagoniambiental.com.ar\\\/info\\\/#website\",\"url\":\"https:\\\/\\\/patagoniambiental.com.ar\\\/info\\\/\",\"name\":\"Patagonia Ambiental\",\"description\":\"Monitoreo y an\u00e1lisis de la situaci\u00f3n geopol\u00edtica en el mundo y su implicancia en la Patagonia\",\"publisher\":{\"@id\":\"https:\\\/\\\/patagoniambiental.com.ar\\\/info\\\/#organization\"},\"potentialAction\":[{\"@type\":\"SearchAction\",\"target\":{\"@type\":\"EntryPoint\",\"urlTemplate\":\"https:\\\/\\\/patagoniambiental.com.ar\\\/info\\\/?s={search_term_string}\"},\"query-input\":{\"@type\":\"PropertyValueSpecification\",\"valueRequired\":true,\"valueName\":\"search_term_string\"}}],\"inLanguage\":\"es\"},{\"@type\":\"Organization\",\"@id\":\"https:\\\/\\\/patagoniambiental.com.ar\\\/info\\\/#organization\",\"name\":\"Patagonia Ambiental\",\"url\":\"https:\\\/\\\/patagoniambiental.com.ar\\\/info\\\/\",\"logo\":{\"@type\":\"ImageObject\",\"inLanguage\":\"es\",\"@id\":\"https:\\\/\\\/patagoniambiental.com.ar\\\/info\\\/#\\\/schema\\\/logo\\\/image\\\/\",\"url\":\"https:\\\/\\\/patagoniambiental.com.ar\\\/info\\\/wp-content\\\/uploads\\\/2025\\\/05\\\/LOGO-PATAGONIA-AMBIENTAL.png\",\"contentUrl\":\"https:\\\/\\\/patagoniambiental.com.ar\\\/info\\\/wp-content\\\/uploads\\\/2025\\\/05\\\/LOGO-PATAGONIA-AMBIENTAL.png\",\"width\":433,\"height\":250,\"caption\":\"Patagonia Ambiental\"},\"image\":{\"@id\":\"https:\\\/\\\/patagoniambiental.com.ar\\\/info\\\/#\\\/schema\\\/logo\\\/image\\\/\"},\"sameAs\":[\"https:\\\/\\\/www.facebook.com\\\/patagonia.ambiental\",\"https:\\\/\\\/x.com\\\/PatAmb\"]},{\"@type\":\"Person\",\"@id\":\"https:\\\/\\\/patagoniambiental.com.ar\\\/info\\\/#\\\/schema\\\/person\\\/e5af09d700b2e82cb10c6b8800e0c691\",\"name\":\"BRAIAN ESTEVEZ\",\"sameAs\":[\"http:\\\/\\\/www.patagoniambiental.com.ar\"]}]}<\/script>\n<!-- \/ Yoast SEO Premium plugin. -->","yoast_head_json":{"title":"Amigarse con los pl\u00e1sticos","robots":{"index":"index","follow":"follow","max-snippet":"max-snippet:-1","max-image-preview":"max-image-preview:large","max-video-preview":"max-video-preview:-1"},"canonical":"https:\/\/patagoniambiental.com.ar\/info\/amigarse-con-los-plasticos\/","og_locale":"es_ES","og_type":"article","og_title":"Amigarse con los pl\u00e1sticos","og_url":"https:\/\/patagoniambiental.com.ar\/info\/amigarse-con-los-plasticos\/","og_site_name":"Patagonia Ambiental","article_publisher":"https:\/\/www.facebook.com\/patagonia.ambiental","article_published_time":"2021-07-19T22:00:00+00:00","og_image":[{"width":834,"height":448,"url":"https:\/\/patagoniambiental.com.ar\/info\/wp-content\/uploads\/2021\/07\/345-1.jpg","type":"image\/jpeg"}],"author":"BRAIAN ESTEVEZ","twitter_card":"summary_large_image","twitter_creator":"@PatAmb","twitter_site":"@PatAmb","schema":{"@context":"https:\/\/schema.org","@graph":[{"@type":"Article","@id":"https:\/\/patagoniambiental.com.ar\/info\/amigarse-con-los-plasticos\/#article","isPartOf":{"@id":"https:\/\/patagoniambiental.com.ar\/info\/amigarse-con-los-plasticos\/"},"author":{"name":"BRAIAN ESTEVEZ","@id":"https:\/\/patagoniambiental.com.ar\/info\/#\/schema\/person\/e5af09d700b2e82cb10c6b8800e0c691"},"headline":"Amigarse con los pl\u00e1sticos","datePublished":"2021-07-19T22:00:00+00:00","mainEntityOfPage":{"@id":"https:\/\/patagoniambiental.com.ar\/info\/amigarse-con-los-plasticos\/"},"wordCount":841,"commentCount":0,"publisher":{"@id":"https:\/\/patagoniambiental.com.ar\/info\/#organization"},"image":{"@id":"https:\/\/patagoniambiental.com.ar\/info\/amigarse-con-los-plasticos\/#primaryimage"},"thumbnailUrl":"https:\/\/patagoniambiental.com.ar\/info\/wp-content\/uploads\/2021\/07\/345-1.jpg","articleSection":["GIRSU","Noticias"],"inLanguage":"es","potentialAction":[{"@type":"CommentAction","name":"Comment","target":["https:\/\/patagoniambiental.com.ar\/info\/amigarse-con-los-plasticos\/#respond"]}]},{"@type":"WebPage","@id":"https:\/\/patagoniambiental.com.ar\/info\/amigarse-con-los-plasticos\/","url":"https:\/\/patagoniambiental.com.ar\/info\/amigarse-con-los-plasticos\/","name":"Amigarse con los pl\u00e1sticos","isPartOf":{"@id":"https:\/\/patagoniambiental.com.ar\/info\/#website"},"primaryImageOfPage":{"@id":"https:\/\/patagoniambiental.com.ar\/info\/amigarse-con-los-plasticos\/#primaryimage"},"image":{"@id":"https:\/\/patagoniambiental.com.ar\/info\/amigarse-con-los-plasticos\/#primaryimage"},"thumbnailUrl":"https:\/\/patagoniambiental.com.ar\/info\/wp-content\/uploads\/2021\/07\/345-1.jpg","datePublished":"2021-07-19T22:00:00+00:00","breadcrumb":{"@id":"https:\/\/patagoniambiental.com.ar\/info\/amigarse-con-los-plasticos\/#breadcrumb"},"inLanguage":"es","potentialAction":[{"@type":"ReadAction","target":["https:\/\/patagoniambiental.com.ar\/info\/amigarse-con-los-plasticos\/"]}]},{"@type":"ImageObject","inLanguage":"es","@id":"https:\/\/patagoniambiental.com.ar\/info\/amigarse-con-los-plasticos\/#primaryimage","url":"https:\/\/patagoniambiental.com.ar\/info\/wp-content\/uploads\/2021\/07\/345-1.jpg","contentUrl":"https:\/\/patagoniambiental.com.ar\/info\/wp-content\/uploads\/2021\/07\/345-1.jpg","width":834,"height":448},{"@type":"BreadcrumbList","@id":"https:\/\/patagoniambiental.com.ar\/info\/amigarse-con-los-plasticos\/#breadcrumb","itemListElement":[{"@type":"ListItem","position":1,"name":"Inicio","item":"https:\/\/patagoniambiental.com.ar\/info\/"},{"@type":"ListItem","position":2,"name":"Amigarse con los pl\u00e1sticos"}]},{"@type":"WebSite","@id":"https:\/\/patagoniambiental.com.ar\/info\/#website","url":"https:\/\/patagoniambiental.com.ar\/info\/","name":"Patagonia Ambiental","description":"Monitoreo y an\u00e1lisis de la situaci\u00f3n geopol\u00edtica en el mundo y su implicancia en la Patagonia","publisher":{"@id":"https:\/\/patagoniambiental.com.ar\/info\/#organization"},"potentialAction":[{"@type":"SearchAction","target":{"@type":"EntryPoint","urlTemplate":"https:\/\/patagoniambiental.com.ar\/info\/?s={search_term_string}"},"query-input":{"@type":"PropertyValueSpecification","valueRequired":true,"valueName":"search_term_string"}}],"inLanguage":"es"},{"@type":"Organization","@id":"https:\/\/patagoniambiental.com.ar\/info\/#organization","name":"Patagonia Ambiental","url":"https:\/\/patagoniambiental.com.ar\/info\/","logo":{"@type":"ImageObject","inLanguage":"es","@id":"https:\/\/patagoniambiental.com.ar\/info\/#\/schema\/logo\/image\/","url":"https:\/\/patagoniambiental.com.ar\/info\/wp-content\/uploads\/2025\/05\/LOGO-PATAGONIA-AMBIENTAL.png","contentUrl":"https:\/\/patagoniambiental.com.ar\/info\/wp-content\/uploads\/2025\/05\/LOGO-PATAGONIA-AMBIENTAL.png","width":433,"height":250,"caption":"Patagonia Ambiental"},"image":{"@id":"https:\/\/patagoniambiental.com.ar\/info\/#\/schema\/logo\/image\/"},"sameAs":["https:\/\/www.facebook.com\/patagonia.ambiental","https:\/\/x.com\/PatAmb"]},{"@type":"Person","@id":"https:\/\/patagoniambiental.com.ar\/info\/#\/schema\/person\/e5af09d700b2e82cb10c6b8800e0c691","name":"BRAIAN ESTEVEZ","sameAs":["http:\/\/www.patagoniambiental.com.ar"]}]}},"_links":{"self":[{"href":"https:\/\/patagoniambiental.com.ar\/info\/wp-json\/wp\/v2\/posts\/73466","targetHints":{"allow":["GET"]}}],"collection":[{"href":"https:\/\/patagoniambiental.com.ar\/info\/wp-json\/wp\/v2\/posts"}],"about":[{"href":"https:\/\/patagoniambiental.com.ar\/info\/wp-json\/wp\/v2\/types\/post"}],"author":[{"embeddable":true,"href":"https:\/\/patagoniambiental.com.ar\/info\/wp-json\/wp\/v2\/users\/6"}],"replies":[{"embeddable":true,"href":"https:\/\/patagoniambiental.com.ar\/info\/wp-json\/wp\/v2\/comments?post=73466"}],"version-history":[{"count":0,"href":"https:\/\/patagoniambiental.com.ar\/info\/wp-json\/wp\/v2\/posts\/73466\/revisions"}],"wp:featuredmedia":[{"embeddable":true,"href":"https:\/\/patagoniambiental.com.ar\/info\/wp-json\/wp\/v2\/media\/73467"}],"wp:attachment":[{"href":"https:\/\/patagoniambiental.com.ar\/info\/wp-json\/wp\/v2\/media?parent=73466"}],"wp:term":[{"taxonomy":"category","embeddable":true,"href":"https:\/\/patagoniambiental.com.ar\/info\/wp-json\/wp\/v2\/categories?post=73466"},{"taxonomy":"post_tag","embeddable":true,"href":"https:\/\/patagoniambiental.com.ar\/info\/wp-json\/wp\/v2\/tags?post=73466"}],"curies":[{"name":"wp","href":"https:\/\/api.w.org\/{rel}","templated":true}]}}