{"id":73473,"date":"2021-07-21T07:00:00","date_gmt":"2021-07-21T10:00:00","guid":{"rendered":"http:\/\/patagoniambiental.com.ar\/info\/?p=73473"},"modified":"2021-07-21T18:18:16","modified_gmt":"2021-07-21T21:18:16","slug":"comunidades-chilenas-piden-que-el-rio-puelo-sea-declarado-reserva-de-agua","status":"publish","type":"post","link":"https:\/\/patagoniambiental.com.ar\/info\/comunidades-chilenas-piden-que-el-rio-puelo-sea-declarado-reserva-de-agua\/","title":{"rendered":"Comunidades chilenas piden que el r\u00edo Puelo sea declarado Reserva de Agua"},"content":{"rendered":"\n<!--more-->\n\n\n\n<p><em>La campa\u00f1a #pueloreservadeagua invita a la ciudadan\u00eda a firmar en apoyo a la solicitud que busca proteger parte del&nbsp; caudal del r\u00edo Puelo, contribuyendo as\u00ed a la conservaci\u00f3n de la naturaleza y el desarrollo local.<\/em><\/p>\n\n\n\n<p>Con un masivo llamado a apoyar la solicitud para declarar al r\u00edo Puelo como caudal de reserva, la comunidad de Puelo y Cocham\u00f3 lanz\u00f3 la campa\u00f1a #PueloReservadeAgua. Esta iniciativa busca sumar 40 mil firmas a trav\u00e9s del sitio web&nbsp;<a href=\"http:\/\/www.pueloreservadeagua.cl\/\">www.pueloreservadeagua.cl<\/a>, para enviar una carta al Presidente Sebasti\u00e1n Pi\u00f1era, pidi\u00e9ndole que d\u00e9 urgencia a la solicitud de los vecinos de reservar el r\u00edo Puelo para la conservaci\u00f3n de la naturaleza y el desarrollo local.&nbsp;<\/p>\n\n\n\n<p>Proteger el r\u00edo Puelo es urgente frente a la crisis clim\u00e1tica global y el creciente escenario de sequ\u00edas que ha comenzado a afectar a los habitantes y la biodiversidad de la zona. Este a\u00f1o se decretaron 3 provincias en escasez h\u00eddrica en la Regi\u00f3n de Los Lagos:&nbsp; Osorno, Chilo\u00e9 y Llanquihue. Dentro de esta \u00faltima se encuentra localizado el r\u00edo Puelo en la comuna de Cocham\u00f3.<\/p>\n\n\n\n<p>Otra de las amenazas que enfrenta la cuenca del r\u00edo Puelo es la privatizaci\u00f3n: gran parte de su caudal est\u00e1 en manos de privados lo que posibilita la comercializaci\u00f3n de sus aguas. En ese sentido se otorgan grandes derechos de aprovechamiento seg\u00fan disponibilidad y sin distinguir la vocaci\u00f3n productiva del territorio o del inter\u00e9s de sus habitantes. Permitiendo el otorgamiento, pr\u00e1cticamente a perpetuidad, de caudales con fines especulativos a empresas o privados con nula relaci\u00f3n con el territorio.<\/p>\n\n\n\n<p>Lamentablemente s\u00f3lo 12 de los 1.251 r\u00edos del pa\u00eds cuentan con un caudal de reserva para la conservaci\u00f3n. Es decir, apenas el 1% de los r\u00edos en Chile se encuentra, de alguna manera \u00abprotegido\u00bb a trav\u00e9s de las llamadas Reserva de Caudales. Promover esta declaratoria para el r\u00edo Puelo funciona como una primera medida para lograr que a futuro se desarrolle una ley que conserve de forma integral los ecosistemas de la cuenca y sus comunidades aleda\u00f1as.<\/p>\n\n\n\n<p><strong>\u00bfQu\u00e9 es una reserva de agua?&nbsp;<\/strong><\/p>\n\n\n\n<p>El c\u00f3digo de aguas en Chile establece en su art\u00edculo 147 bis que el Presidente de la Rep\u00fablica puede declarar, mediante decreto presidencial, una reserva de caudal. Esto puede ocurrir cuando haya necesidad de abastecimiento de la poblaci\u00f3n local o tambi\u00e9n por circunstancias excepcionales del lugar y que se considere de inter\u00e9s nacional.<\/p>\n\n\n\n<p>La reserva de agua reconoce el valor ecol\u00f3gico y social de determinados caudales y limita de forma significativa el otorgamiento de derechos de aprovechamiento de aguas, protegi\u00e9ndolo frente a las industrias que quieran aprovecharse de sus condiciones especiales, como, por ejemplo, la miner\u00eda e hidroel\u00e9ctricas.<\/p>\n\n\n\n<p>El 2019 la comunidad de Puelo y Cocham\u00f3 enviaron una carta al Presidente de la Rep\u00fablica solicitando la Reserva de Agua en el R\u00edo Puelo, petitorio que a\u00fan no ha sido respondido. Hoy necesitamos 40 mil firmas para apoyar a la comunidad y que el r\u00edo sea declarado como Reserva de Agua. S\u00famate en&nbsp;<a href=\"http:\/\/www.pueloreservadeagua.cl\/\">www.pueloreservadeagua.cl<\/a>&nbsp;y juntos cambiemos el curso del r\u00edo Puelo.<\/p>\n\n\n\n<figure class=\"wp-block-image\"><img decoding=\"async\" src=\"https:\/\/puelopatagonia.cl\/puelo\/wp-content\/uploads\/2021\/07\/Gra%CC%81fica-1-RRSS-Lanzamiento-1024x1024.jpg\" alt=\"\" class=\"wp-image-3967\"\/><\/figure>\n\n\n\n<p>Did you find apk for android? You can find new&nbsp;<a href=\"https:\/\/dlandroid24.com\/\">Free Android Games<\/a>&nbsp;and apps.<\/p>\n","protected":false},"excerpt":{"rendered":"","protected":false},"author":6,"featured_media":73474,"comment_status":"open","ping_status":"open","sticky":false,"template":"","format":"standard","meta":{"site-sidebar-layout":"default","site-content-layout":"","ast-site-content-layout":"default","site-content-style":"default","site-sidebar-style":"default","ast-global-header-display":"","ast-banner-title-visibility":"","ast-main-header-display":"","ast-hfb-above-header-display":"","ast-hfb-below-header-display":"","ast-hfb-mobile-header-display":"","site-post-title":"","ast-breadcrumbs-content":"","ast-featured-img":"","footer-sml-layout":"","ast-disable-related-posts":"","theme-transparent-header-meta":"","adv-header-id-meta":"","stick-header-meta":"","header-above-stick-meta":"","header-main-stick-meta":"","header-below-stick-meta":"","astra-migrate-meta-layouts":"default","ast-page-background-enabled":"default","ast-page-background-meta":{"desktop":{"background-color":"var(--ast-global-color-5)","background-image":"","background-repeat":"repeat","background-position":"center center","background-size":"auto","background-attachment":"scroll","background-type":"","background-media":"","overlay-type":"","overlay-color":"","overlay-opacity":"","overlay-gradient":""},"tablet":{"background-color":"","background-image":"","background-repeat":"repeat","background-position":"center center","background-size":"auto","background-attachment":"scroll","background-type":"","background-media":"","overlay-type":"","overlay-color":"","overlay-opacity":"","overlay-gradient":""},"mobile":{"background-color":"","background-image":"","background-repeat":"repeat","background-position":"center center","background-size":"auto","background-attachment":"scroll","background-type":"","background-media":"","overlay-type":"","overlay-color":"","overlay-opacity":"","overlay-gradient":""}},"ast-content-background-meta":{"desktop":{"background-color":"var(--ast-global-color-4)","background-image":"","background-repeat":"repeat","background-position":"center center","background-size":"auto","background-attachment":"scroll","background-type":"","background-media":"","overlay-type":"","overlay-color":"","overlay-opacity":"","overlay-gradient":""},"tablet":{"background-color":"var(--ast-global-color-4)","background-image":"","background-repeat":"repeat","background-position":"center center","background-size":"auto","background-attachment":"scroll","background-type":"","background-media":"","overlay-type":"","overlay-color":"","overlay-opacity":"","overlay-gradient":""},"mobile":{"background-color":"var(--ast-global-color-4)","background-image":"","background-repeat":"repeat","background-position":"center center","background-size":"auto","background-attachment":"scroll","background-type":"","background-media":"","overlay-type":"","overlay-color":"","overlay-opacity":"","overlay-gradient":""}},"footnotes":""},"categories":[1,3],"tags":[],"class_list":["post-73473","post","type-post","status-publish","format-standard","has-post-thumbnail","hentry","category-noticias","category-ong"],"yoast_head":"<!-- This site is optimized with the Yoast SEO Premium plugin v23.0 (Yoast SEO v27.5) - https:\/\/yoast.com\/product\/yoast-seo-premium-wordpress\/ -->\n<title>Comunidades chilenas piden que el r\u00edo Puelo sea declarado Reserva de Agua<\/title>\n<meta name=\"robots\" content=\"index, follow, max-snippet:-1, max-image-preview:large, max-video-preview:-1\" \/>\n<link rel=\"canonical\" href=\"https:\/\/patagoniambiental.com.ar\/info\/comunidades-chilenas-piden-que-el-rio-puelo-sea-declarado-reserva-de-agua\/\" \/>\n<meta property=\"og:locale\" content=\"es_ES\" \/>\n<meta property=\"og:type\" content=\"article\" \/>\n<meta property=\"og:title\" content=\"Comunidades chilenas piden que el r\u00edo Puelo sea declarado Reserva de Agua\" \/>\n<meta property=\"og:url\" content=\"https:\/\/patagoniambiental.com.ar\/info\/comunidades-chilenas-piden-que-el-rio-puelo-sea-declarado-reserva-de-agua\/\" \/>\n<meta property=\"og:site_name\" content=\"Patagonia Ambiental\" \/>\n<meta property=\"article:publisher\" content=\"https:\/\/www.facebook.com\/patagonia.ambiental\" \/>\n<meta property=\"article:published_time\" content=\"2021-07-21T10:00:00+00:00\" \/>\n<meta property=\"article:modified_time\" content=\"2021-07-21T21:18:16+00:00\" \/>\n<meta property=\"og:image\" content=\"https:\/\/patagoniambiental.com.ar\/info\/wp-content\/uploads\/2021\/07\/Daniel-Pastene-2.png\" \/>\n\t<meta property=\"og:image:width\" content=\"804\" \/>\n\t<meta property=\"og:image:height\" content=\"575\" \/>\n\t<meta property=\"og:image:type\" content=\"image\/png\" \/>\n<meta name=\"author\" content=\"BRAIAN ESTEVEZ\" \/>\n<meta name=\"twitter:card\" content=\"summary_large_image\" \/>\n<meta name=\"twitter:creator\" content=\"@PatAmb\" \/>\n<meta name=\"twitter:site\" content=\"@PatAmb\" \/>\n<script type=\"application\/ld+json\" class=\"yoast-schema-graph\">{\"@context\":\"https:\\\/\\\/schema.org\",\"@graph\":[{\"@type\":\"Article\",\"@id\":\"https:\\\/\\\/patagoniambiental.com.ar\\\/info\\\/comunidades-chilenas-piden-que-el-rio-puelo-sea-declarado-reserva-de-agua\\\/#article\",\"isPartOf\":{\"@id\":\"https:\\\/\\\/patagoniambiental.com.ar\\\/info\\\/comunidades-chilenas-piden-que-el-rio-puelo-sea-declarado-reserva-de-agua\\\/\"},\"author\":{\"name\":\"BRAIAN ESTEVEZ\",\"@id\":\"https:\\\/\\\/patagoniambiental.com.ar\\\/info\\\/#\\\/schema\\\/person\\\/e5af09d700b2e82cb10c6b8800e0c691\"},\"headline\":\"Comunidades chilenas piden que el r\u00edo Puelo sea declarado Reserva de Agua\",\"datePublished\":\"2021-07-21T10:00:00+00:00\",\"dateModified\":\"2021-07-21T21:18:16+00:00\",\"mainEntityOfPage\":{\"@id\":\"https:\\\/\\\/patagoniambiental.com.ar\\\/info\\\/comunidades-chilenas-piden-que-el-rio-puelo-sea-declarado-reserva-de-agua\\\/\"},\"wordCount\":580,\"commentCount\":0,\"publisher\":{\"@id\":\"https:\\\/\\\/patagoniambiental.com.ar\\\/info\\\/#organization\"},\"image\":{\"@id\":\"https:\\\/\\\/patagoniambiental.com.ar\\\/info\\\/comunidades-chilenas-piden-que-el-rio-puelo-sea-declarado-reserva-de-agua\\\/#primaryimage\"},\"thumbnailUrl\":\"https:\\\/\\\/patagoniambiental.com.ar\\\/info\\\/wp-content\\\/uploads\\\/2021\\\/07\\\/Daniel-Pastene-2.png\",\"articleSection\":[\"Noticias\",\"ONG\"],\"inLanguage\":\"es\",\"potentialAction\":[{\"@type\":\"CommentAction\",\"name\":\"Comment\",\"target\":[\"https:\\\/\\\/patagoniambiental.com.ar\\\/info\\\/comunidades-chilenas-piden-que-el-rio-puelo-sea-declarado-reserva-de-agua\\\/#respond\"]}]},{\"@type\":\"WebPage\",\"@id\":\"https:\\\/\\\/patagoniambiental.com.ar\\\/info\\\/comunidades-chilenas-piden-que-el-rio-puelo-sea-declarado-reserva-de-agua\\\/\",\"url\":\"https:\\\/\\\/patagoniambiental.com.ar\\\/info\\\/comunidades-chilenas-piden-que-el-rio-puelo-sea-declarado-reserva-de-agua\\\/\",\"name\":\"Comunidades chilenas piden que el r\u00edo Puelo sea declarado Reserva de Agua\",\"isPartOf\":{\"@id\":\"https:\\\/\\\/patagoniambiental.com.ar\\\/info\\\/#website\"},\"primaryImageOfPage\":{\"@id\":\"https:\\\/\\\/patagoniambiental.com.ar\\\/info\\\/comunidades-chilenas-piden-que-el-rio-puelo-sea-declarado-reserva-de-agua\\\/#primaryimage\"},\"image\":{\"@id\":\"https:\\\/\\\/patagoniambiental.com.ar\\\/info\\\/comunidades-chilenas-piden-que-el-rio-puelo-sea-declarado-reserva-de-agua\\\/#primaryimage\"},\"thumbnailUrl\":\"https:\\\/\\\/patagoniambiental.com.ar\\\/info\\\/wp-content\\\/uploads\\\/2021\\\/07\\\/Daniel-Pastene-2.png\",\"datePublished\":\"2021-07-21T10:00:00+00:00\",\"dateModified\":\"2021-07-21T21:18:16+00:00\",\"breadcrumb\":{\"@id\":\"https:\\\/\\\/patagoniambiental.com.ar\\\/info\\\/comunidades-chilenas-piden-que-el-rio-puelo-sea-declarado-reserva-de-agua\\\/#breadcrumb\"},\"inLanguage\":\"es\",\"potentialAction\":[{\"@type\":\"ReadAction\",\"target\":[\"https:\\\/\\\/patagoniambiental.com.ar\\\/info\\\/comunidades-chilenas-piden-que-el-rio-puelo-sea-declarado-reserva-de-agua\\\/\"]}]},{\"@type\":\"ImageObject\",\"inLanguage\":\"es\",\"@id\":\"https:\\\/\\\/patagoniambiental.com.ar\\\/info\\\/comunidades-chilenas-piden-que-el-rio-puelo-sea-declarado-reserva-de-agua\\\/#primaryimage\",\"url\":\"https:\\\/\\\/patagoniambiental.com.ar\\\/info\\\/wp-content\\\/uploads\\\/2021\\\/07\\\/Daniel-Pastene-2.png\",\"contentUrl\":\"https:\\\/\\\/patagoniambiental.com.ar\\\/info\\\/wp-content\\\/uploads\\\/2021\\\/07\\\/Daniel-Pastene-2.png\",\"width\":804,\"height\":575},{\"@type\":\"BreadcrumbList\",\"@id\":\"https:\\\/\\\/patagoniambiental.com.ar\\\/info\\\/comunidades-chilenas-piden-que-el-rio-puelo-sea-declarado-reserva-de-agua\\\/#breadcrumb\",\"itemListElement\":[{\"@type\":\"ListItem\",\"position\":1,\"name\":\"Inicio\",\"item\":\"https:\\\/\\\/patagoniambiental.com.ar\\\/info\\\/\"},{\"@type\":\"ListItem\",\"position\":2,\"name\":\"Comunidades chilenas piden que el r\u00edo Puelo sea declarado Reserva de Agua\"}]},{\"@type\":\"WebSite\",\"@id\":\"https:\\\/\\\/patagoniambiental.com.ar\\\/info\\\/#website\",\"url\":\"https:\\\/\\\/patagoniambiental.com.ar\\\/info\\\/\",\"name\":\"Patagonia Ambiental\",\"description\":\"Monitoreo y an\u00e1lisis de la situaci\u00f3n geopol\u00edtica en el mundo y su implicancia en la Patagonia\",\"publisher\":{\"@id\":\"https:\\\/\\\/patagoniambiental.com.ar\\\/info\\\/#organization\"},\"potentialAction\":[{\"@type\":\"SearchAction\",\"target\":{\"@type\":\"EntryPoint\",\"urlTemplate\":\"https:\\\/\\\/patagoniambiental.com.ar\\\/info\\\/?s={search_term_string}\"},\"query-input\":{\"@type\":\"PropertyValueSpecification\",\"valueRequired\":true,\"valueName\":\"search_term_string\"}}],\"inLanguage\":\"es\"},{\"@type\":\"Organization\",\"@id\":\"https:\\\/\\\/patagoniambiental.com.ar\\\/info\\\/#organization\",\"name\":\"Patagonia Ambiental\",\"url\":\"https:\\\/\\\/patagoniambiental.com.ar\\\/info\\\/\",\"logo\":{\"@type\":\"ImageObject\",\"inLanguage\":\"es\",\"@id\":\"https:\\\/\\\/patagoniambiental.com.ar\\\/info\\\/#\\\/schema\\\/logo\\\/image\\\/\",\"url\":\"https:\\\/\\\/patagoniambiental.com.ar\\\/info\\\/wp-content\\\/uploads\\\/2025\\\/05\\\/LOGO-PATAGONIA-AMBIENTAL.png\",\"contentUrl\":\"https:\\\/\\\/patagoniambiental.com.ar\\\/info\\\/wp-content\\\/uploads\\\/2025\\\/05\\\/LOGO-PATAGONIA-AMBIENTAL.png\",\"width\":433,\"height\":250,\"caption\":\"Patagonia Ambiental\"},\"image\":{\"@id\":\"https:\\\/\\\/patagoniambiental.com.ar\\\/info\\\/#\\\/schema\\\/logo\\\/image\\\/\"},\"sameAs\":[\"https:\\\/\\\/www.facebook.com\\\/patagonia.ambiental\",\"https:\\\/\\\/x.com\\\/PatAmb\"]},{\"@type\":\"Person\",\"@id\":\"https:\\\/\\\/patagoniambiental.com.ar\\\/info\\\/#\\\/schema\\\/person\\\/e5af09d700b2e82cb10c6b8800e0c691\",\"name\":\"BRAIAN ESTEVEZ\",\"sameAs\":[\"http:\\\/\\\/www.patagoniambiental.com.ar\"]}]}<\/script>\n<!-- \/ Yoast SEO Premium plugin. -->","yoast_head_json":{"title":"Comunidades chilenas piden que el r\u00edo Puelo sea declarado Reserva de Agua","robots":{"index":"index","follow":"follow","max-snippet":"max-snippet:-1","max-image-preview":"max-image-preview:large","max-video-preview":"max-video-preview:-1"},"canonical":"https:\/\/patagoniambiental.com.ar\/info\/comunidades-chilenas-piden-que-el-rio-puelo-sea-declarado-reserva-de-agua\/","og_locale":"es_ES","og_type":"article","og_title":"Comunidades chilenas piden que el r\u00edo Puelo sea declarado Reserva de Agua","og_url":"https:\/\/patagoniambiental.com.ar\/info\/comunidades-chilenas-piden-que-el-rio-puelo-sea-declarado-reserva-de-agua\/","og_site_name":"Patagonia Ambiental","article_publisher":"https:\/\/www.facebook.com\/patagonia.ambiental","article_published_time":"2021-07-21T10:00:00+00:00","article_modified_time":"2021-07-21T21:18:16+00:00","og_image":[{"width":804,"height":575,"url":"https:\/\/patagoniambiental.com.ar\/info\/wp-content\/uploads\/2021\/07\/Daniel-Pastene-2.png","type":"image\/png"}],"author":"BRAIAN ESTEVEZ","twitter_card":"summary_large_image","twitter_creator":"@PatAmb","twitter_site":"@PatAmb","schema":{"@context":"https:\/\/schema.org","@graph":[{"@type":"Article","@id":"https:\/\/patagoniambiental.com.ar\/info\/comunidades-chilenas-piden-que-el-rio-puelo-sea-declarado-reserva-de-agua\/#article","isPartOf":{"@id":"https:\/\/patagoniambiental.com.ar\/info\/comunidades-chilenas-piden-que-el-rio-puelo-sea-declarado-reserva-de-agua\/"},"author":{"name":"BRAIAN ESTEVEZ","@id":"https:\/\/patagoniambiental.com.ar\/info\/#\/schema\/person\/e5af09d700b2e82cb10c6b8800e0c691"},"headline":"Comunidades chilenas piden que el r\u00edo Puelo sea declarado Reserva de Agua","datePublished":"2021-07-21T10:00:00+00:00","dateModified":"2021-07-21T21:18:16+00:00","mainEntityOfPage":{"@id":"https:\/\/patagoniambiental.com.ar\/info\/comunidades-chilenas-piden-que-el-rio-puelo-sea-declarado-reserva-de-agua\/"},"wordCount":580,"commentCount":0,"publisher":{"@id":"https:\/\/patagoniambiental.com.ar\/info\/#organization"},"image":{"@id":"https:\/\/patagoniambiental.com.ar\/info\/comunidades-chilenas-piden-que-el-rio-puelo-sea-declarado-reserva-de-agua\/#primaryimage"},"thumbnailUrl":"https:\/\/patagoniambiental.com.ar\/info\/wp-content\/uploads\/2021\/07\/Daniel-Pastene-2.png","articleSection":["Noticias","ONG"],"inLanguage":"es","potentialAction":[{"@type":"CommentAction","name":"Comment","target":["https:\/\/patagoniambiental.com.ar\/info\/comunidades-chilenas-piden-que-el-rio-puelo-sea-declarado-reserva-de-agua\/#respond"]}]},{"@type":"WebPage","@id":"https:\/\/patagoniambiental.com.ar\/info\/comunidades-chilenas-piden-que-el-rio-puelo-sea-declarado-reserva-de-agua\/","url":"https:\/\/patagoniambiental.com.ar\/info\/comunidades-chilenas-piden-que-el-rio-puelo-sea-declarado-reserva-de-agua\/","name":"Comunidades chilenas piden que el r\u00edo Puelo sea declarado Reserva de Agua","isPartOf":{"@id":"https:\/\/patagoniambiental.com.ar\/info\/#website"},"primaryImageOfPage":{"@id":"https:\/\/patagoniambiental.com.ar\/info\/comunidades-chilenas-piden-que-el-rio-puelo-sea-declarado-reserva-de-agua\/#primaryimage"},"image":{"@id":"https:\/\/patagoniambiental.com.ar\/info\/comunidades-chilenas-piden-que-el-rio-puelo-sea-declarado-reserva-de-agua\/#primaryimage"},"thumbnailUrl":"https:\/\/patagoniambiental.com.ar\/info\/wp-content\/uploads\/2021\/07\/Daniel-Pastene-2.png","datePublished":"2021-07-21T10:00:00+00:00","dateModified":"2021-07-21T21:18:16+00:00","breadcrumb":{"@id":"https:\/\/patagoniambiental.com.ar\/info\/comunidades-chilenas-piden-que-el-rio-puelo-sea-declarado-reserva-de-agua\/#breadcrumb"},"inLanguage":"es","potentialAction":[{"@type":"ReadAction","target":["https:\/\/patagoniambiental.com.ar\/info\/comunidades-chilenas-piden-que-el-rio-puelo-sea-declarado-reserva-de-agua\/"]}]},{"@type":"ImageObject","inLanguage":"es","@id":"https:\/\/patagoniambiental.com.ar\/info\/comunidades-chilenas-piden-que-el-rio-puelo-sea-declarado-reserva-de-agua\/#primaryimage","url":"https:\/\/patagoniambiental.com.ar\/info\/wp-content\/uploads\/2021\/07\/Daniel-Pastene-2.png","contentUrl":"https:\/\/patagoniambiental.com.ar\/info\/wp-content\/uploads\/2021\/07\/Daniel-Pastene-2.png","width":804,"height":575},{"@type":"BreadcrumbList","@id":"https:\/\/patagoniambiental.com.ar\/info\/comunidades-chilenas-piden-que-el-rio-puelo-sea-declarado-reserva-de-agua\/#breadcrumb","itemListElement":[{"@type":"ListItem","position":1,"name":"Inicio","item":"https:\/\/patagoniambiental.com.ar\/info\/"},{"@type":"ListItem","position":2,"name":"Comunidades chilenas piden que el r\u00edo Puelo sea declarado Reserva de Agua"}]},{"@type":"WebSite","@id":"https:\/\/patagoniambiental.com.ar\/info\/#website","url":"https:\/\/patagoniambiental.com.ar\/info\/","name":"Patagonia Ambiental","description":"Monitoreo y an\u00e1lisis de la situaci\u00f3n geopol\u00edtica en el mundo y su implicancia en la Patagonia","publisher":{"@id":"https:\/\/patagoniambiental.com.ar\/info\/#organization"},"potentialAction":[{"@type":"SearchAction","target":{"@type":"EntryPoint","urlTemplate":"https:\/\/patagoniambiental.com.ar\/info\/?s={search_term_string}"},"query-input":{"@type":"PropertyValueSpecification","valueRequired":true,"valueName":"search_term_string"}}],"inLanguage":"es"},{"@type":"Organization","@id":"https:\/\/patagoniambiental.com.ar\/info\/#organization","name":"Patagonia Ambiental","url":"https:\/\/patagoniambiental.com.ar\/info\/","logo":{"@type":"ImageObject","inLanguage":"es","@id":"https:\/\/patagoniambiental.com.ar\/info\/#\/schema\/logo\/image\/","url":"https:\/\/patagoniambiental.com.ar\/info\/wp-content\/uploads\/2025\/05\/LOGO-PATAGONIA-AMBIENTAL.png","contentUrl":"https:\/\/patagoniambiental.com.ar\/info\/wp-content\/uploads\/2025\/05\/LOGO-PATAGONIA-AMBIENTAL.png","width":433,"height":250,"caption":"Patagonia Ambiental"},"image":{"@id":"https:\/\/patagoniambiental.com.ar\/info\/#\/schema\/logo\/image\/"},"sameAs":["https:\/\/www.facebook.com\/patagonia.ambiental","https:\/\/x.com\/PatAmb"]},{"@type":"Person","@id":"https:\/\/patagoniambiental.com.ar\/info\/#\/schema\/person\/e5af09d700b2e82cb10c6b8800e0c691","name":"BRAIAN ESTEVEZ","sameAs":["http:\/\/www.patagoniambiental.com.ar"]}]}},"_links":{"self":[{"href":"https:\/\/patagoniambiental.com.ar\/info\/wp-json\/wp\/v2\/posts\/73473","targetHints":{"allow":["GET"]}}],"collection":[{"href":"https:\/\/patagoniambiental.com.ar\/info\/wp-json\/wp\/v2\/posts"}],"about":[{"href":"https:\/\/patagoniambiental.com.ar\/info\/wp-json\/wp\/v2\/types\/post"}],"author":[{"embeddable":true,"href":"https:\/\/patagoniambiental.com.ar\/info\/wp-json\/wp\/v2\/users\/6"}],"replies":[{"embeddable":true,"href":"https:\/\/patagoniambiental.com.ar\/info\/wp-json\/wp\/v2\/comments?post=73473"}],"version-history":[{"count":0,"href":"https:\/\/patagoniambiental.com.ar\/info\/wp-json\/wp\/v2\/posts\/73473\/revisions"}],"wp:featuredmedia":[{"embeddable":true,"href":"https:\/\/patagoniambiental.com.ar\/info\/wp-json\/wp\/v2\/media\/73474"}],"wp:attachment":[{"href":"https:\/\/patagoniambiental.com.ar\/info\/wp-json\/wp\/v2\/media?parent=73473"}],"wp:term":[{"taxonomy":"category","embeddable":true,"href":"https:\/\/patagoniambiental.com.ar\/info\/wp-json\/wp\/v2\/categories?post=73473"},{"taxonomy":"post_tag","embeddable":true,"href":"https:\/\/patagoniambiental.com.ar\/info\/wp-json\/wp\/v2\/tags?post=73473"}],"curies":[{"name":"wp","href":"https:\/\/api.w.org\/{rel}","templated":true}]}}