{"id":73523,"date":"2021-07-26T07:00:00","date_gmt":"2021-07-26T10:00:00","guid":{"rendered":"http:\/\/patagoniambiental.com.ar\/info\/?p=73523"},"modified":"2021-07-26T19:46:52","modified_gmt":"2021-07-26T22:46:52","slug":"la-municipalidad-de-ushuaia-articulara-con-instituciones-educativas-recorridos-por-el-parque-nacional","status":"publish","type":"post","link":"https:\/\/patagoniambiental.com.ar\/info\/la-municipalidad-de-ushuaia-articulara-con-instituciones-educativas-recorridos-por-el-parque-nacional\/","title":{"rendered":"La Municipalidad de Ushuaia articular\u00e1 con instituciones educativas recorridos por el Parque Nacional"},"content":{"rendered":"\n<!--more-->\n\n\n\n<p>El secretario de Turismo, David Ferreyra, explic\u00f3 que \u201cel objetivo de esta propuesta es que los ni\u00f1os y ni\u00f1as de estos grados reciban informaci\u00f3n sobre el Parque Nacional Tierra del Fuego y conozcan la importancia de proteger el ambiente natural de nuestra provincia, como as\u00ed tambi\u00e9n su relevancia como recurso tur\u00edstico\u201d.<\/p>\n\n\n\n<p><img decoding=\"async\" src=\"http:\/\/www.sur54.com\/data\/upload\/news\/b2467d4d3c0f82dd7c88343f684edada-PARQUE%20NACIONAL%20NIEVE.jpg\"><\/p>\n\n\n\n<p>\u201cComo&nbsp; sabemos&nbsp;durante el cuarto grado, los y las docentes trabajan en contenidos educativos sobre la flora, fauna y avifauna, acompa\u00f1ando este aprendizaje queremos promover las buenas conductas ambientales y pr\u00e1cticas de bajo impacto para disfrutar de los espacios naturales que forman parte de nuestro patrimonio natural y cultural\u201d.<\/p>\n\n\n\n<p>El funcionario remarc\u00f3 que \u201cesta es una acci\u00f3n&nbsp; para seguir generando la&nbsp; participaci\u00f3n de&nbsp; m\u00e1s vecinos y vecinas, y en este caso desde las infancias, para que puedan&nbsp; conocer nuestro lugar, pero por sobre todo para lograr la concientizaci\u00f3n necesaria para el cuidado de nuestro ambiente\u201d.<\/p>\n\n\n\n<p>Los y las docentes interesados en formar parte de dicha propuesta deben escribir al siguiente correo electr\u00f3nico: turismosocialushuaia@gmail.com con fecha l\u00edmite el 15 de agosto.<\/p>\n\n\n\n<p>Fuente: http:\/\/www.sur54.com\/la_municipalidad_de_ushuaia_articulara_con_instituciones_educativas_recorridos_por_el_parque_nacional<\/p>\n","protected":false},"excerpt":{"rendered":"","protected":false},"author":6,"featured_media":73524,"comment_status":"open","ping_status":"open","sticky":false,"template":"","format":"standard","meta":{"site-sidebar-layout":"default","site-content-layout":"","ast-site-content-layout":"default","site-content-style":"default","site-sidebar-style":"default","ast-global-header-display":"","ast-banner-title-visibility":"","ast-main-header-display":"","ast-hfb-above-header-display":"","ast-hfb-below-header-display":"","ast-hfb-mobile-header-display":"","site-post-title":"","ast-breadcrumbs-content":"","ast-featured-img":"","footer-sml-layout":"","ast-disable-related-posts":"","theme-transparent-header-meta":"","adv-header-id-meta":"","stick-header-meta":"","header-above-stick-meta":"","header-main-stick-meta":"","header-below-stick-meta":"","astra-migrate-meta-layouts":"default","ast-page-background-enabled":"default","ast-page-background-meta":{"desktop":{"background-color":"var(--ast-global-color-5)","background-image":"","background-repeat":"repeat","background-position":"center center","background-size":"auto","background-attachment":"scroll","background-type":"","background-media":"","overlay-type":"","overlay-color":"","overlay-opacity":"","overlay-gradient":""},"tablet":{"background-color":"","background-image":"","background-repeat":"repeat","background-position":"center center","background-size":"auto","background-attachment":"scroll","background-type":"","background-media":"","overlay-type":"","overlay-color":"","overlay-opacity":"","overlay-gradient":""},"mobile":{"background-color":"","background-image":"","background-repeat":"repeat","background-position":"center center","background-size":"auto","background-attachment":"scroll","background-type":"","background-media":"","overlay-type":"","overlay-color":"","overlay-opacity":"","overlay-gradient":""}},"ast-content-background-meta":{"desktop":{"background-color":"var(--ast-global-color-4)","background-image":"","background-repeat":"repeat","background-position":"center center","background-size":"auto","background-attachment":"scroll","background-type":"","background-media":"","overlay-type":"","overlay-color":"","overlay-opacity":"","overlay-gradient":""},"tablet":{"background-color":"var(--ast-global-color-4)","background-image":"","background-repeat":"repeat","background-position":"center center","background-size":"auto","background-attachment":"scroll","background-type":"","background-media":"","overlay-type":"","overlay-color":"","overlay-opacity":"","overlay-gradient":""},"mobile":{"background-color":"var(--ast-global-color-4)","background-image":"","background-repeat":"repeat","background-position":"center center","background-size":"auto","background-attachment":"scroll","background-type":"","background-media":"","overlay-type":"","overlay-color":"","overlay-opacity":"","overlay-gradient":""}},"footnotes":""},"categories":[1,13,25],"tags":[],"class_list":["post-73523","post","type-post","status-publish","format-standard","has-post-thumbnail","hentry","category-noticias","category-provinciales","category-tierra-del-fuego"],"yoast_head":"<!-- This site is optimized with the Yoast SEO Premium plugin v23.0 (Yoast SEO v27.5) - https:\/\/yoast.com\/product\/yoast-seo-premium-wordpress\/ -->\n<title>La Municipalidad de Ushuaia articular\u00e1 con instituciones educativas recorridos por el Parque Nacional<\/title>\n<meta name=\"robots\" content=\"index, follow, max-snippet:-1, max-image-preview:large, max-video-preview:-1\" \/>\n<link rel=\"canonical\" href=\"https:\/\/patagoniambiental.com.ar\/info\/la-municipalidad-de-ushuaia-articulara-con-instituciones-educativas-recorridos-por-el-parque-nacional\/\" \/>\n<meta property=\"og:locale\" content=\"es_ES\" \/>\n<meta property=\"og:type\" content=\"article\" \/>\n<meta property=\"og:title\" content=\"La Municipalidad de Ushuaia articular\u00e1 con instituciones educativas recorridos por el Parque Nacional\" \/>\n<meta property=\"og:url\" content=\"https:\/\/patagoniambiental.com.ar\/info\/la-municipalidad-de-ushuaia-articulara-con-instituciones-educativas-recorridos-por-el-parque-nacional\/\" \/>\n<meta property=\"og:site_name\" content=\"Patagonia Ambiental\" \/>\n<meta property=\"article:publisher\" content=\"https:\/\/www.facebook.com\/patagonia.ambiental\" \/>\n<meta property=\"article:published_time\" content=\"2021-07-26T10:00:00+00:00\" \/>\n<meta property=\"article:modified_time\" content=\"2021-07-26T22:46:52+00:00\" \/>\n<meta property=\"og:image\" content=\"https:\/\/patagoniambiental.com.ar\/info\/wp-content\/uploads\/2021\/07\/b2467d4d3c0f82dd7c88343f684edada-PARQUE-NACIONAL-NIEVE.jpg\" \/>\n\t<meta property=\"og:image:width\" content=\"1000\" \/>\n\t<meta property=\"og:image:height\" content=\"666\" \/>\n\t<meta property=\"og:image:type\" content=\"image\/jpeg\" \/>\n<meta name=\"author\" content=\"BRAIAN ESTEVEZ\" \/>\n<meta name=\"twitter:card\" content=\"summary_large_image\" \/>\n<meta name=\"twitter:creator\" content=\"@PatAmb\" \/>\n<meta name=\"twitter:site\" content=\"@PatAmb\" \/>\n<script type=\"application\/ld+json\" class=\"yoast-schema-graph\">{\"@context\":\"https:\\\/\\\/schema.org\",\"@graph\":[{\"@type\":\"Article\",\"@id\":\"https:\\\/\\\/patagoniambiental.com.ar\\\/info\\\/la-municipalidad-de-ushuaia-articulara-con-instituciones-educativas-recorridos-por-el-parque-nacional\\\/#article\",\"isPartOf\":{\"@id\":\"https:\\\/\\\/patagoniambiental.com.ar\\\/info\\\/la-municipalidad-de-ushuaia-articulara-con-instituciones-educativas-recorridos-por-el-parque-nacional\\\/\"},\"author\":{\"name\":\"BRAIAN ESTEVEZ\",\"@id\":\"https:\\\/\\\/patagoniambiental.com.ar\\\/info\\\/#\\\/schema\\\/person\\\/e5af09d700b2e82cb10c6b8800e0c691\"},\"headline\":\"La Municipalidad de Ushuaia articular\u00e1 con instituciones educativas recorridos por el Parque Nacional\",\"datePublished\":\"2021-07-26T10:00:00+00:00\",\"dateModified\":\"2021-07-26T22:46:52+00:00\",\"mainEntityOfPage\":{\"@id\":\"https:\\\/\\\/patagoniambiental.com.ar\\\/info\\\/la-municipalidad-de-ushuaia-articulara-con-instituciones-educativas-recorridos-por-el-parque-nacional\\\/\"},\"wordCount\":222,\"commentCount\":0,\"publisher\":{\"@id\":\"https:\\\/\\\/patagoniambiental.com.ar\\\/info\\\/#organization\"},\"image\":{\"@id\":\"https:\\\/\\\/patagoniambiental.com.ar\\\/info\\\/la-municipalidad-de-ushuaia-articulara-con-instituciones-educativas-recorridos-por-el-parque-nacional\\\/#primaryimage\"},\"thumbnailUrl\":\"https:\\\/\\\/patagoniambiental.com.ar\\\/info\\\/wp-content\\\/uploads\\\/2021\\\/07\\\/b2467d4d3c0f82dd7c88343f684edada-PARQUE-NACIONAL-NIEVE.jpg\",\"articleSection\":[\"Noticias\",\"Provinciales\",\"Tierra del Fuego\"],\"inLanguage\":\"es\",\"potentialAction\":[{\"@type\":\"CommentAction\",\"name\":\"Comment\",\"target\":[\"https:\\\/\\\/patagoniambiental.com.ar\\\/info\\\/la-municipalidad-de-ushuaia-articulara-con-instituciones-educativas-recorridos-por-el-parque-nacional\\\/#respond\"]}]},{\"@type\":\"WebPage\",\"@id\":\"https:\\\/\\\/patagoniambiental.com.ar\\\/info\\\/la-municipalidad-de-ushuaia-articulara-con-instituciones-educativas-recorridos-por-el-parque-nacional\\\/\",\"url\":\"https:\\\/\\\/patagoniambiental.com.ar\\\/info\\\/la-municipalidad-de-ushuaia-articulara-con-instituciones-educativas-recorridos-por-el-parque-nacional\\\/\",\"name\":\"La Municipalidad de Ushuaia articular\u00e1 con instituciones educativas recorridos por el Parque Nacional\",\"isPartOf\":{\"@id\":\"https:\\\/\\\/patagoniambiental.com.ar\\\/info\\\/#website\"},\"primaryImageOfPage\":{\"@id\":\"https:\\\/\\\/patagoniambiental.com.ar\\\/info\\\/la-municipalidad-de-ushuaia-articulara-con-instituciones-educativas-recorridos-por-el-parque-nacional\\\/#primaryimage\"},\"image\":{\"@id\":\"https:\\\/\\\/patagoniambiental.com.ar\\\/info\\\/la-municipalidad-de-ushuaia-articulara-con-instituciones-educativas-recorridos-por-el-parque-nacional\\\/#primaryimage\"},\"thumbnailUrl\":\"https:\\\/\\\/patagoniambiental.com.ar\\\/info\\\/wp-content\\\/uploads\\\/2021\\\/07\\\/b2467d4d3c0f82dd7c88343f684edada-PARQUE-NACIONAL-NIEVE.jpg\",\"datePublished\":\"2021-07-26T10:00:00+00:00\",\"dateModified\":\"2021-07-26T22:46:52+00:00\",\"breadcrumb\":{\"@id\":\"https:\\\/\\\/patagoniambiental.com.ar\\\/info\\\/la-municipalidad-de-ushuaia-articulara-con-instituciones-educativas-recorridos-por-el-parque-nacional\\\/#breadcrumb\"},\"inLanguage\":\"es\",\"potentialAction\":[{\"@type\":\"ReadAction\",\"target\":[\"https:\\\/\\\/patagoniambiental.com.ar\\\/info\\\/la-municipalidad-de-ushuaia-articulara-con-instituciones-educativas-recorridos-por-el-parque-nacional\\\/\"]}]},{\"@type\":\"ImageObject\",\"inLanguage\":\"es\",\"@id\":\"https:\\\/\\\/patagoniambiental.com.ar\\\/info\\\/la-municipalidad-de-ushuaia-articulara-con-instituciones-educativas-recorridos-por-el-parque-nacional\\\/#primaryimage\",\"url\":\"https:\\\/\\\/patagoniambiental.com.ar\\\/info\\\/wp-content\\\/uploads\\\/2021\\\/07\\\/b2467d4d3c0f82dd7c88343f684edada-PARQUE-NACIONAL-NIEVE.jpg\",\"contentUrl\":\"https:\\\/\\\/patagoniambiental.com.ar\\\/info\\\/wp-content\\\/uploads\\\/2021\\\/07\\\/b2467d4d3c0f82dd7c88343f684edada-PARQUE-NACIONAL-NIEVE.jpg\",\"width\":901,\"height\":600},{\"@type\":\"BreadcrumbList\",\"@id\":\"https:\\\/\\\/patagoniambiental.com.ar\\\/info\\\/la-municipalidad-de-ushuaia-articulara-con-instituciones-educativas-recorridos-por-el-parque-nacional\\\/#breadcrumb\",\"itemListElement\":[{\"@type\":\"ListItem\",\"position\":1,\"name\":\"Inicio\",\"item\":\"https:\\\/\\\/patagoniambiental.com.ar\\\/info\\\/\"},{\"@type\":\"ListItem\",\"position\":2,\"name\":\"La Municipalidad de Ushuaia articular\u00e1 con instituciones educativas recorridos por el Parque Nacional\"}]},{\"@type\":\"WebSite\",\"@id\":\"https:\\\/\\\/patagoniambiental.com.ar\\\/info\\\/#website\",\"url\":\"https:\\\/\\\/patagoniambiental.com.ar\\\/info\\\/\",\"name\":\"Patagonia Ambiental\",\"description\":\"Monitoreo y an\u00e1lisis de la situaci\u00f3n geopol\u00edtica en el mundo y su implicancia en la Patagonia\",\"publisher\":{\"@id\":\"https:\\\/\\\/patagoniambiental.com.ar\\\/info\\\/#organization\"},\"potentialAction\":[{\"@type\":\"SearchAction\",\"target\":{\"@type\":\"EntryPoint\",\"urlTemplate\":\"https:\\\/\\\/patagoniambiental.com.ar\\\/info\\\/?s={search_term_string}\"},\"query-input\":{\"@type\":\"PropertyValueSpecification\",\"valueRequired\":true,\"valueName\":\"search_term_string\"}}],\"inLanguage\":\"es\"},{\"@type\":\"Organization\",\"@id\":\"https:\\\/\\\/patagoniambiental.com.ar\\\/info\\\/#organization\",\"name\":\"Patagonia Ambiental\",\"url\":\"https:\\\/\\\/patagoniambiental.com.ar\\\/info\\\/\",\"logo\":{\"@type\":\"ImageObject\",\"inLanguage\":\"es\",\"@id\":\"https:\\\/\\\/patagoniambiental.com.ar\\\/info\\\/#\\\/schema\\\/logo\\\/image\\\/\",\"url\":\"https:\\\/\\\/patagoniambiental.com.ar\\\/info\\\/wp-content\\\/uploads\\\/2025\\\/05\\\/LOGO-PATAGONIA-AMBIENTAL.png\",\"contentUrl\":\"https:\\\/\\\/patagoniambiental.com.ar\\\/info\\\/wp-content\\\/uploads\\\/2025\\\/05\\\/LOGO-PATAGONIA-AMBIENTAL.png\",\"width\":433,\"height\":250,\"caption\":\"Patagonia Ambiental\"},\"image\":{\"@id\":\"https:\\\/\\\/patagoniambiental.com.ar\\\/info\\\/#\\\/schema\\\/logo\\\/image\\\/\"},\"sameAs\":[\"https:\\\/\\\/www.facebook.com\\\/patagonia.ambiental\",\"https:\\\/\\\/x.com\\\/PatAmb\"]},{\"@type\":\"Person\",\"@id\":\"https:\\\/\\\/patagoniambiental.com.ar\\\/info\\\/#\\\/schema\\\/person\\\/e5af09d700b2e82cb10c6b8800e0c691\",\"name\":\"BRAIAN ESTEVEZ\",\"sameAs\":[\"http:\\\/\\\/www.patagoniambiental.com.ar\"]}]}<\/script>\n<!-- \/ Yoast SEO Premium plugin. -->","yoast_head_json":{"title":"La Municipalidad de Ushuaia articular\u00e1 con instituciones educativas recorridos por el Parque Nacional","robots":{"index":"index","follow":"follow","max-snippet":"max-snippet:-1","max-image-preview":"max-image-preview:large","max-video-preview":"max-video-preview:-1"},"canonical":"https:\/\/patagoniambiental.com.ar\/info\/la-municipalidad-de-ushuaia-articulara-con-instituciones-educativas-recorridos-por-el-parque-nacional\/","og_locale":"es_ES","og_type":"article","og_title":"La Municipalidad de Ushuaia articular\u00e1 con instituciones educativas recorridos por el Parque Nacional","og_url":"https:\/\/patagoniambiental.com.ar\/info\/la-municipalidad-de-ushuaia-articulara-con-instituciones-educativas-recorridos-por-el-parque-nacional\/","og_site_name":"Patagonia Ambiental","article_publisher":"https:\/\/www.facebook.com\/patagonia.ambiental","article_published_time":"2021-07-26T10:00:00+00:00","article_modified_time":"2021-07-26T22:46:52+00:00","og_image":[{"width":1000,"height":666,"url":"https:\/\/patagoniambiental.com.ar\/info\/wp-content\/uploads\/2021\/07\/b2467d4d3c0f82dd7c88343f684edada-PARQUE-NACIONAL-NIEVE.jpg","type":"image\/jpeg"}],"author":"BRAIAN ESTEVEZ","twitter_card":"summary_large_image","twitter_creator":"@PatAmb","twitter_site":"@PatAmb","schema":{"@context":"https:\/\/schema.org","@graph":[{"@type":"Article","@id":"https:\/\/patagoniambiental.com.ar\/info\/la-municipalidad-de-ushuaia-articulara-con-instituciones-educativas-recorridos-por-el-parque-nacional\/#article","isPartOf":{"@id":"https:\/\/patagoniambiental.com.ar\/info\/la-municipalidad-de-ushuaia-articulara-con-instituciones-educativas-recorridos-por-el-parque-nacional\/"},"author":{"name":"BRAIAN ESTEVEZ","@id":"https:\/\/patagoniambiental.com.ar\/info\/#\/schema\/person\/e5af09d700b2e82cb10c6b8800e0c691"},"headline":"La Municipalidad de Ushuaia articular\u00e1 con instituciones educativas recorridos por el Parque Nacional","datePublished":"2021-07-26T10:00:00+00:00","dateModified":"2021-07-26T22:46:52+00:00","mainEntityOfPage":{"@id":"https:\/\/patagoniambiental.com.ar\/info\/la-municipalidad-de-ushuaia-articulara-con-instituciones-educativas-recorridos-por-el-parque-nacional\/"},"wordCount":222,"commentCount":0,"publisher":{"@id":"https:\/\/patagoniambiental.com.ar\/info\/#organization"},"image":{"@id":"https:\/\/patagoniambiental.com.ar\/info\/la-municipalidad-de-ushuaia-articulara-con-instituciones-educativas-recorridos-por-el-parque-nacional\/#primaryimage"},"thumbnailUrl":"https:\/\/patagoniambiental.com.ar\/info\/wp-content\/uploads\/2021\/07\/b2467d4d3c0f82dd7c88343f684edada-PARQUE-NACIONAL-NIEVE.jpg","articleSection":["Noticias","Provinciales","Tierra del Fuego"],"inLanguage":"es","potentialAction":[{"@type":"CommentAction","name":"Comment","target":["https:\/\/patagoniambiental.com.ar\/info\/la-municipalidad-de-ushuaia-articulara-con-instituciones-educativas-recorridos-por-el-parque-nacional\/#respond"]}]},{"@type":"WebPage","@id":"https:\/\/patagoniambiental.com.ar\/info\/la-municipalidad-de-ushuaia-articulara-con-instituciones-educativas-recorridos-por-el-parque-nacional\/","url":"https:\/\/patagoniambiental.com.ar\/info\/la-municipalidad-de-ushuaia-articulara-con-instituciones-educativas-recorridos-por-el-parque-nacional\/","name":"La Municipalidad de Ushuaia articular\u00e1 con instituciones educativas recorridos por el Parque Nacional","isPartOf":{"@id":"https:\/\/patagoniambiental.com.ar\/info\/#website"},"primaryImageOfPage":{"@id":"https:\/\/patagoniambiental.com.ar\/info\/la-municipalidad-de-ushuaia-articulara-con-instituciones-educativas-recorridos-por-el-parque-nacional\/#primaryimage"},"image":{"@id":"https:\/\/patagoniambiental.com.ar\/info\/la-municipalidad-de-ushuaia-articulara-con-instituciones-educativas-recorridos-por-el-parque-nacional\/#primaryimage"},"thumbnailUrl":"https:\/\/patagoniambiental.com.ar\/info\/wp-content\/uploads\/2021\/07\/b2467d4d3c0f82dd7c88343f684edada-PARQUE-NACIONAL-NIEVE.jpg","datePublished":"2021-07-26T10:00:00+00:00","dateModified":"2021-07-26T22:46:52+00:00","breadcrumb":{"@id":"https:\/\/patagoniambiental.com.ar\/info\/la-municipalidad-de-ushuaia-articulara-con-instituciones-educativas-recorridos-por-el-parque-nacional\/#breadcrumb"},"inLanguage":"es","potentialAction":[{"@type":"ReadAction","target":["https:\/\/patagoniambiental.com.ar\/info\/la-municipalidad-de-ushuaia-articulara-con-instituciones-educativas-recorridos-por-el-parque-nacional\/"]}]},{"@type":"ImageObject","inLanguage":"es","@id":"https:\/\/patagoniambiental.com.ar\/info\/la-municipalidad-de-ushuaia-articulara-con-instituciones-educativas-recorridos-por-el-parque-nacional\/#primaryimage","url":"https:\/\/patagoniambiental.com.ar\/info\/wp-content\/uploads\/2021\/07\/b2467d4d3c0f82dd7c88343f684edada-PARQUE-NACIONAL-NIEVE.jpg","contentUrl":"https:\/\/patagoniambiental.com.ar\/info\/wp-content\/uploads\/2021\/07\/b2467d4d3c0f82dd7c88343f684edada-PARQUE-NACIONAL-NIEVE.jpg","width":901,"height":600},{"@type":"BreadcrumbList","@id":"https:\/\/patagoniambiental.com.ar\/info\/la-municipalidad-de-ushuaia-articulara-con-instituciones-educativas-recorridos-por-el-parque-nacional\/#breadcrumb","itemListElement":[{"@type":"ListItem","position":1,"name":"Inicio","item":"https:\/\/patagoniambiental.com.ar\/info\/"},{"@type":"ListItem","position":2,"name":"La Municipalidad de Ushuaia articular\u00e1 con instituciones educativas recorridos por el Parque Nacional"}]},{"@type":"WebSite","@id":"https:\/\/patagoniambiental.com.ar\/info\/#website","url":"https:\/\/patagoniambiental.com.ar\/info\/","name":"Patagonia Ambiental","description":"Monitoreo y an\u00e1lisis de la situaci\u00f3n geopol\u00edtica en el mundo y su implicancia en la Patagonia","publisher":{"@id":"https:\/\/patagoniambiental.com.ar\/info\/#organization"},"potentialAction":[{"@type":"SearchAction","target":{"@type":"EntryPoint","urlTemplate":"https:\/\/patagoniambiental.com.ar\/info\/?s={search_term_string}"},"query-input":{"@type":"PropertyValueSpecification","valueRequired":true,"valueName":"search_term_string"}}],"inLanguage":"es"},{"@type":"Organization","@id":"https:\/\/patagoniambiental.com.ar\/info\/#organization","name":"Patagonia Ambiental","url":"https:\/\/patagoniambiental.com.ar\/info\/","logo":{"@type":"ImageObject","inLanguage":"es","@id":"https:\/\/patagoniambiental.com.ar\/info\/#\/schema\/logo\/image\/","url":"https:\/\/patagoniambiental.com.ar\/info\/wp-content\/uploads\/2025\/05\/LOGO-PATAGONIA-AMBIENTAL.png","contentUrl":"https:\/\/patagoniambiental.com.ar\/info\/wp-content\/uploads\/2025\/05\/LOGO-PATAGONIA-AMBIENTAL.png","width":433,"height":250,"caption":"Patagonia Ambiental"},"image":{"@id":"https:\/\/patagoniambiental.com.ar\/info\/#\/schema\/logo\/image\/"},"sameAs":["https:\/\/www.facebook.com\/patagonia.ambiental","https:\/\/x.com\/PatAmb"]},{"@type":"Person","@id":"https:\/\/patagoniambiental.com.ar\/info\/#\/schema\/person\/e5af09d700b2e82cb10c6b8800e0c691","name":"BRAIAN ESTEVEZ","sameAs":["http:\/\/www.patagoniambiental.com.ar"]}]}},"_links":{"self":[{"href":"https:\/\/patagoniambiental.com.ar\/info\/wp-json\/wp\/v2\/posts\/73523","targetHints":{"allow":["GET"]}}],"collection":[{"href":"https:\/\/patagoniambiental.com.ar\/info\/wp-json\/wp\/v2\/posts"}],"about":[{"href":"https:\/\/patagoniambiental.com.ar\/info\/wp-json\/wp\/v2\/types\/post"}],"author":[{"embeddable":true,"href":"https:\/\/patagoniambiental.com.ar\/info\/wp-json\/wp\/v2\/users\/6"}],"replies":[{"embeddable":true,"href":"https:\/\/patagoniambiental.com.ar\/info\/wp-json\/wp\/v2\/comments?post=73523"}],"version-history":[{"count":0,"href":"https:\/\/patagoniambiental.com.ar\/info\/wp-json\/wp\/v2\/posts\/73523\/revisions"}],"wp:featuredmedia":[{"embeddable":true,"href":"https:\/\/patagoniambiental.com.ar\/info\/wp-json\/wp\/v2\/media\/73524"}],"wp:attachment":[{"href":"https:\/\/patagoniambiental.com.ar\/info\/wp-json\/wp\/v2\/media?parent=73523"}],"wp:term":[{"taxonomy":"category","embeddable":true,"href":"https:\/\/patagoniambiental.com.ar\/info\/wp-json\/wp\/v2\/categories?post=73523"},{"taxonomy":"post_tag","embeddable":true,"href":"https:\/\/patagoniambiental.com.ar\/info\/wp-json\/wp\/v2\/tags?post=73523"}],"curies":[{"name":"wp","href":"https:\/\/api.w.org\/{rel}","templated":true}]}}