{"id":73555,"date":"2021-07-27T19:00:00","date_gmt":"2021-07-27T22:00:00","guid":{"rendered":"http:\/\/patagoniambiental.com.ar\/info\/?p=73555"},"modified":"2021-07-28T12:58:07","modified_gmt":"2021-07-28T15:58:07","slug":"programa-de-recoleccion-diferenciada-instalan-punto-verde-movil-en-la-casa-de-la-juventud-de-rio-gallegos","status":"publish","type":"post","link":"https:\/\/patagoniambiental.com.ar\/info\/programa-de-recoleccion-diferenciada-instalan-punto-verde-movil-en-la-casa-de-la-juventud-de-rio-gallegos\/","title":{"rendered":"Programa de Recolecci\u00f3n Diferenciada: instalan Punto Verde M\u00f3vil en la Casa de la Juventud de R\u00edo Gallegos"},"content":{"rendered":"\n<!--more-->\n\n\n\n<p>R\u00edo Gallegos.-<strong>Desde hoy martes y hasta el viernes pr\u00f3ximo, est\u00e1 instalada en el anfiteatro de la Casa de la Juventud \u2013Avenida Kirchner y C\u00f3rdoba- la estaci\u00f3n de separaci\u00f3n de residuos denominada \u201cPunto Verde\u201d destinada a la difusi\u00f3n y concientizaci\u00f3n del Programa de Recolecci\u00f3n Diferenciada que encara la Municipalidad.<\/strong><\/p>\n\n\n\n<figure class=\"wp-block-image\"><img decoding=\"async\" src=\"https:\/\/www.eldiarionuevodia.com.ar\/u\/fotografias\/m\/2021\/7\/27\/f800x450-178656_230102_5050.jpg\" alt=\"Programa de Recolecci\u00f3n Diferenciada: instalan Punto Verde M\u00f3vil en la Casa de la Juventud de R\u00edo Gallegos\"\/><\/figure>\n\n\n\n<p><a href=\"https:\/\/www.eldiarionuevodia.com.ar\/u\/fotografias\/fotosnoticias\/2021\/7\/27\/178656.jpg\"><\/a><a href=\"https:\/\/www.eldiarionuevodia.com.ar\/locales\/info-general\/2021\/7\/27\/programa-de-recoleccion-diferenciada-instalan-punto-verde-movil-en-la-casa-de-la-juventud-de-rio-gallegos-153414.html\">LOCALES<\/a><\/p>\n\n\n\n<p><a href=\"https:\/\/www.eldiarionuevodia.com.ar\/autor\/fernando-tornau.html\">Por&nbsp;Nuevo Dia<\/a>martes, 27 de julio de 2021 \u00b7 17:13<ins>https:\/\/googleads.g.doubleclick.net\/pagead\/ads?client=ca-pub-1849742651984680&amp;output=html&amp;h=280&amp;slotname=2564869653&amp;adk=1210828914&amp;adf=2175058510&amp;pi=t.ma~as.2564869653&amp;w=685&amp;fwrn=4&amp;fwrnh=100&amp;lmt=1627487124&amp;rafmt=1&amp;psa=1&amp;format=685&#215;280&amp;url=https%3A%2F%2Fwww.eldiarionuevodia.com.ar%2Flocales%2Finfo-general%2F2021%2F7%2F27%2Fprograma-de-recoleccion-diferenciada-instalan-punto-verde-movil-en-la-casa-de-la-juventud-de-rio-gallegos-153414.html&amp;flash=0&amp;fwr=0&amp;fwrattr=true&amp;rpe=1&amp;resp_fmts=3&amp;wgl=1&amp;uach=WyJXaW5kb3dzIiwiNi4xIiwieDg2IiwiIiwiOTIuMC40NTE1LjEwNyIsW10sbnVsbCxudWxsLG51bGxd&amp;tt_state=W3siaXNzdWVyT3JpZ2luIjoiaHR0cHM6Ly9hdHRlc3RhdGlvbi5hbmRyb2lkLmNvbSIsInN0YXRlIjo3fV0.&amp;dt=1627487124657&amp;bpp=2&amp;bdt=803&amp;idt=244&amp;shv=r20210722&amp;ptt=9&amp;saldr=aa&amp;abxe=1&amp;cookie=ID%3D708e3a07f214934f-2287b21468ba0009%3AT%3D1626394954%3ART%3D1626394954%3AS%3DALNI_Mak1g9NTCOhLbpVvIr49KA9jW7STg&amp;prev_fmts=0x0%2C1170x280&amp;nras=1&amp;correlator=151344733769&amp;frm=20&amp;pv=1&amp;ga_vid=633523424.1626394914&amp;ga_sid=1627487125&amp;ga_hid=1053842500&amp;ga_fc=0&amp;u_tz=-180&amp;u_his=1&amp;u_java=0&amp;u_h=768&amp;u_w=1366&amp;u_ah=728&amp;u_aw=1366&amp;u_cd=24&amp;u_nplug=3&amp;u_nmime=4&amp;adx=169&amp;ady=1382&amp;biw=1349&amp;bih=625&amp;scr_x=0&amp;scr_y=0&amp;eid=42530528%2C42530672%2C21066435%2C20211866%2C21067496&amp;oid=3&amp;pvsid=3455532309410552&amp;pem=323&amp;ref=https%3A%2F%2Fwww.google.com%2F&amp;eae=0&amp;fc=1920&amp;brdim=0%2C0%2C0%2C0%2C1366%2C0%2C1366%2C728%2C1366%2C625&amp;vis=1&amp;rsz=%7C%7CeEbr%7C&amp;abl=CS&amp;pfx=0&amp;fu=128&amp;bc=31&amp;ifi=3&amp;uci=a!3&amp;btvi=1&amp;fsb=1&amp;xpc=kjy6TIrFfk&amp;p=https%3A\/\/www.eldiarionuevodia.com.ar&amp;dtd=251<\/ins><\/p>\n\n\n\n<p>Desde hoy martes y hasta el viernes pr\u00f3ximo, est\u00e1 instalada en el anfiteatro de la Casa de la Juventud \u2013Avenida Kirchner y C\u00f3rdoba- la estaci\u00f3n de separaci\u00f3n de residuos denominada \u201cPunto Verde\u201d destinada a la difusi\u00f3n y concientizaci\u00f3n del Programa de Recolecci\u00f3n Diferenciada que encara la<a href=\"https:\/\/www.eldiarionuevodia.com.ar\/temas\/municipalidad-de-rio-gallegos-609.html\">&nbsp;Municipalidad de R\u00edo Gallegos<\/a>.<\/p>\n\n\n\n<p>Se trata de una estructura m\u00f3vil en la que se puede disponer, en lugares separados, elementos reciclables como pl\u00e1sticos, vidrio, papel, cart\u00f3n, latas y material org\u00e1nico para compost, como hojas, c\u00e1scara de frutas, yerba, cenizas, etc.<\/p>\n\n\n\n<h5 class=\"wp-block-heading\">NOTICIAS RELACIONADAS<\/h5>\n\n\n\n<ul class=\"wp-block-list\"><li><a href=\"https:\/\/www.eldiarionuevodia.com.ar\/locales\/info-general\/2021\/7\/15\/recoleccion-diferenciada-en-rio-gallegos-continua-la-campana-de-difusion-en-los-barrios-de-la-ciudad-152411.html\">Recolecci\u00f3n diferenciada en R\u00edo Gallegos: contin\u00faa la campa\u00f1a de difusi\u00f3n en los barrios de la ciudad<\/a><\/li><\/ul>\n\n\n\n<p>En el lugar, adem\u00e1s, personal del \u00e1rea de Saneamiento Ambiental entrega folleter\u00eda informativa sobre la modalidad de separaci\u00f3n y los d\u00edas de recolecci\u00f3n destinados a cada corriente: Secos, los martes y viernes y H\u00famedos los lunes, mi\u00e9rcoles, jueves y s\u00e1bados.<ins>https:\/\/googleads.g.doubleclick.net\/pagead\/ads?client=ca-pub-1849742651984680&amp;output=html&amp;h=280&amp;slotname=4959932857&amp;adk=2889434197&amp;adf=4279115119&amp;pi=t.ma~as.4959932857&amp;w=685&amp;fwrn=4&amp;fwrnh=100&amp;lmt=1627487124&amp;rafmt=1&amp;psa=1&amp;format=685&#215;280&amp;url=https%3A%2F%2Fwww.eldiarionuevodia.com.ar%2Flocales%2Finfo-general%2F2021%2F7%2F27%2Fprograma-de-recoleccion-diferenciada-instalan-punto-verde-movil-en-la-casa-de-la-juventud-de-rio-gallegos-153414.html&amp;flash=0&amp;fwr=0&amp;rpe=1&amp;resp_fmts=3&amp;wgl=1&amp;uach=WyJXaW5kb3dzIiwiNi4xIiwieDg2IiwiIiwiOTIuMC40NTE1LjEwNyIsW10sbnVsbCxudWxsLG51bGxd&amp;tt_state=W3siaXNzdWVyT3JpZ2luIjoiaHR0cHM6Ly9hdHRlc3RhdGlvbi5hbmRyb2lkLmNvbSIsInN0YXRlIjo3fV0.&amp;dt=1627487124659&amp;bpp=2&amp;bdt=806&amp;idt=265&amp;shv=r20210722&amp;ptt=9&amp;saldr=aa&amp;abxe=1&amp;cookie=ID%3D708e3a07f214934f-2287b21468ba0009%3AT%3D1626394954%3ART%3D1626394954%3AS%3DALNI_Mak1g9NTCOhLbpVvIr49KA9jW7STg&amp;prev_fmts=0x0%2C1170x280%2C685x280&amp;nras=1&amp;correlator=151344733769&amp;frm=20&amp;pv=1&amp;ga_vid=633523424.1626394914&amp;ga_sid=1627487125&amp;ga_hid=1053842500&amp;ga_fc=0&amp;u_tz=-180&amp;u_his=1&amp;u_java=0&amp;u_h=768&amp;u_w=1366&amp;u_ah=728&amp;u_aw=1366&amp;u_cd=24&amp;u_nplug=3&amp;u_nmime=4&amp;adx=169&amp;ady=2294&amp;biw=1349&amp;bih=625&amp;scr_x=0&amp;scr_y=0&amp;eid=42530528%2C42530672%2C21066435%2C20211866%2C21067496&amp;oid=3&amp;pvsid=3455532309410552&amp;pem=323&amp;ref=https%3A%2F%2Fwww.google.com%2F&amp;eae=0&amp;fc=1920&amp;brdim=0%2C0%2C0%2C0%2C1366%2C0%2C1366%2C728%2C1366%2C625&amp;vis=1&amp;rsz=%7C%7CeEbr%7C&amp;abl=CS&amp;pfx=0&amp;fu=128&amp;bc=31&amp;ifi=4&amp;uci=a!4&amp;btvi=2&amp;fsb=1&amp;xpc=oEf0QjqGxP&amp;p=https%3A\/\/www.eldiarionuevodia.com.ar&amp;dtd=274<\/ins><\/p>\n\n\n\n<p>El jefe del \u00e1rea de Juventud que depende de la Secretar\u00eda de Desarrollo Comunitario, Ariel Guerrero, agradeci\u00f3 a las autoridades de saneamiento ambiental que \u201cnos trajeron la propuesta y tenemos esta estaci\u00f3n de reciclado en el anfiteatro de la Casa. Queremos ocupar este espacio, que es un punto c\u00e9ntrico, para abordar este tema ambiental que tendr\u00e1 un importante impacto en nuestra ciudad\u201d, dijo.<\/p>\n\n\n\n<p>El funcionario explic\u00f3 que se trata de un espacio en el que \u201cconfluye mucha gente, con barrios con muchos vecinos, hay departamentos y complejos habitacionales que recorren estos sectores\u201d.<\/p>\n\n\n\n<p>\u201cFue una buena iniciativa para poder colaborar en lo que es la difusi\u00f3n y la concientizaci\u00f3n sobre la importancia del reciclado, las formas de hacerlo para cuidar el medio ambiente, tambi\u00e9n conocer c\u00f3mo se lleva adelante el plan de recolecci\u00f3n que hace la Municipalidad para aprovechar estos elementos en la Planta de tratamiento, donde se separa, se compacta y se recicla\u201d, sostuvo el funcionario.<\/p>\n\n\n\n<p>Guerrero explic\u00f3 que \u201chay que acostumbrarse a cuidar el ambiente, a cuidar la limpieza. Hay personal de la Agencia Ambiental para atender al vecino, explicarle c\u00f3mo funciona este Punto Verde, para qu\u00e9 sirve cada uno de los contenedores, y lleguen con estas propuestas a su hogar\u201d.<\/p>\n\n\n\n<p>Para finalizar destac\u00f3 el inter\u00e9s que genera este tema por parte de la juventud: \u201cEstamos haciendo charlas, capacitaciones, destinadas a los chicos a fin de que se involucren y se ocupen de llevar adelante esta iniciativa\u201d, concluy\u00f3.<\/p>\n\n\n\n<p>Fuente: https:\/\/www.eldiarionuevodia.com.ar\/locales\/info-general\/2021\/7\/27\/programa-de-recoleccion-diferenciada-instalan-punto-verde-movil-en-la-casa-de-la-juventud-de-rio-gallegos-153414.html<\/p>\n","protected":false},"excerpt":{"rendered":"","protected":false},"author":6,"featured_media":73558,"comment_status":"open","ping_status":"open","sticky":false,"template":"","format":"standard","meta":{"site-sidebar-layout":"default","site-content-layout":"","ast-site-content-layout":"default","site-content-style":"default","site-sidebar-style":"default","ast-global-header-display":"","ast-banner-title-visibility":"","ast-main-header-display":"","ast-hfb-above-header-display":"","ast-hfb-below-header-display":"","ast-hfb-mobile-header-display":"","site-post-title":"","ast-breadcrumbs-content":"","ast-featured-img":"","footer-sml-layout":"","ast-disable-related-posts":"","theme-transparent-header-meta":"","adv-header-id-meta":"","stick-header-meta":"","header-above-stick-meta":"","header-main-stick-meta":"","header-below-stick-meta":"","astra-migrate-meta-layouts":"default","ast-page-background-enabled":"default","ast-page-background-meta":{"desktop":{"background-color":"var(--ast-global-color-5)","background-image":"","background-repeat":"repeat","background-position":"center center","background-size":"auto","background-attachment":"scroll","background-type":"","background-media":"","overlay-type":"","overlay-color":"","overlay-opacity":"","overlay-gradient":""},"tablet":{"background-color":"","background-image":"","background-repeat":"repeat","background-position":"center center","background-size":"auto","background-attachment":"scroll","background-type":"","background-media":"","overlay-type":"","overlay-color":"","overlay-opacity":"","overlay-gradient":""},"mobile":{"background-color":"","background-image":"","background-repeat":"repeat","background-position":"center center","background-size":"auto","background-attachment":"scroll","background-type":"","background-media":"","overlay-type":"","overlay-color":"","overlay-opacity":"","overlay-gradient":""}},"ast-content-background-meta":{"desktop":{"background-color":"var(--ast-global-color-4)","background-image":"","background-repeat":"repeat","background-position":"center center","background-size":"auto","background-attachment":"scroll","background-type":"","background-media":"","overlay-type":"","overlay-color":"","overlay-opacity":"","overlay-gradient":""},"tablet":{"background-color":"var(--ast-global-color-4)","background-image":"","background-repeat":"repeat","background-position":"center center","background-size":"auto","background-attachment":"scroll","background-type":"","background-media":"","overlay-type":"","overlay-color":"","overlay-opacity":"","overlay-gradient":""},"mobile":{"background-color":"var(--ast-global-color-4)","background-image":"","background-repeat":"repeat","background-position":"center center","background-size":"auto","background-attachment":"scroll","background-type":"","background-media":"","overlay-type":"","overlay-color":"","overlay-opacity":"","overlay-gradient":""}},"footnotes":""},"categories":[3357,16,1],"tags":[],"class_list":["post-73555","post","type-post","status-publish","format-standard","has-post-thumbnail","hentry","category-girsu","category-municipales","category-noticias"],"yoast_head":"<!-- This site is optimized with the Yoast SEO Premium plugin v23.0 (Yoast SEO v27.5) - https:\/\/yoast.com\/product\/yoast-seo-premium-wordpress\/ -->\n<title>Programa de Recolecci\u00f3n Diferenciada: instalan Punto Verde M\u00f3vil en la Casa de la Juventud de R\u00edo Gallegos<\/title>\n<meta name=\"robots\" content=\"index, follow, max-snippet:-1, max-image-preview:large, max-video-preview:-1\" \/>\n<link rel=\"canonical\" href=\"https:\/\/patagoniambiental.com.ar\/info\/programa-de-recoleccion-diferenciada-instalan-punto-verde-movil-en-la-casa-de-la-juventud-de-rio-gallegos\/\" \/>\n<meta property=\"og:locale\" content=\"es_ES\" \/>\n<meta property=\"og:type\" content=\"article\" \/>\n<meta property=\"og:title\" content=\"Programa de Recolecci\u00f3n Diferenciada: instalan Punto Verde M\u00f3vil en la Casa de la Juventud de R\u00edo Gallegos\" \/>\n<meta property=\"og:url\" content=\"https:\/\/patagoniambiental.com.ar\/info\/programa-de-recoleccion-diferenciada-instalan-punto-verde-movil-en-la-casa-de-la-juventud-de-rio-gallegos\/\" \/>\n<meta property=\"og:site_name\" content=\"Patagonia Ambiental\" \/>\n<meta property=\"article:publisher\" content=\"https:\/\/www.facebook.com\/patagonia.ambiental\" \/>\n<meta property=\"article:published_time\" content=\"2021-07-27T22:00:00+00:00\" \/>\n<meta property=\"article:modified_time\" content=\"2021-07-28T15:58:07+00:00\" \/>\n<meta property=\"og:image\" content=\"https:\/\/patagoniambiental.com.ar\/info\/wp-content\/uploads\/2021\/07\/f800x450-178656_230102_5050.jpg\" \/>\n\t<meta property=\"og:image:width\" content=\"800\" \/>\n\t<meta property=\"og:image:height\" content=\"450\" \/>\n\t<meta property=\"og:image:type\" content=\"image\/jpeg\" \/>\n<meta name=\"author\" content=\"BRAIAN ESTEVEZ\" \/>\n<meta name=\"twitter:card\" content=\"summary_large_image\" \/>\n<meta name=\"twitter:creator\" content=\"@PatAmb\" \/>\n<meta name=\"twitter:site\" content=\"@PatAmb\" \/>\n<script type=\"application\/ld+json\" class=\"yoast-schema-graph\">{\"@context\":\"https:\\\/\\\/schema.org\",\"@graph\":[{\"@type\":\"Article\",\"@id\":\"https:\\\/\\\/patagoniambiental.com.ar\\\/info\\\/programa-de-recoleccion-diferenciada-instalan-punto-verde-movil-en-la-casa-de-la-juventud-de-rio-gallegos\\\/#article\",\"isPartOf\":{\"@id\":\"https:\\\/\\\/patagoniambiental.com.ar\\\/info\\\/programa-de-recoleccion-diferenciada-instalan-punto-verde-movil-en-la-casa-de-la-juventud-de-rio-gallegos\\\/\"},\"author\":{\"name\":\"BRAIAN ESTEVEZ\",\"@id\":\"https:\\\/\\\/patagoniambiental.com.ar\\\/info\\\/#\\\/schema\\\/person\\\/e5af09d700b2e82cb10c6b8800e0c691\"},\"headline\":\"Programa de Recolecci\u00f3n Diferenciada: instalan Punto Verde M\u00f3vil en la Casa de la Juventud de R\u00edo Gallegos\",\"datePublished\":\"2021-07-27T22:00:00+00:00\",\"dateModified\":\"2021-07-28T15:58:07+00:00\",\"mainEntityOfPage\":{\"@id\":\"https:\\\/\\\/patagoniambiental.com.ar\\\/info\\\/programa-de-recoleccion-diferenciada-instalan-punto-verde-movil-en-la-casa-de-la-juventud-de-rio-gallegos\\\/\"},\"wordCount\":1078,\"commentCount\":0,\"publisher\":{\"@id\":\"https:\\\/\\\/patagoniambiental.com.ar\\\/info\\\/#organization\"},\"image\":{\"@id\":\"https:\\\/\\\/patagoniambiental.com.ar\\\/info\\\/programa-de-recoleccion-diferenciada-instalan-punto-verde-movil-en-la-casa-de-la-juventud-de-rio-gallegos\\\/#primaryimage\"},\"thumbnailUrl\":\"https:\\\/\\\/patagoniambiental.com.ar\\\/info\\\/wp-content\\\/uploads\\\/2021\\\/07\\\/f800x450-178656_230102_5050.jpg\",\"articleSection\":[\"GIRSU\",\"Municipales\",\"Noticias\"],\"inLanguage\":\"es\",\"potentialAction\":[{\"@type\":\"CommentAction\",\"name\":\"Comment\",\"target\":[\"https:\\\/\\\/patagoniambiental.com.ar\\\/info\\\/programa-de-recoleccion-diferenciada-instalan-punto-verde-movil-en-la-casa-de-la-juventud-de-rio-gallegos\\\/#respond\"]}]},{\"@type\":\"WebPage\",\"@id\":\"https:\\\/\\\/patagoniambiental.com.ar\\\/info\\\/programa-de-recoleccion-diferenciada-instalan-punto-verde-movil-en-la-casa-de-la-juventud-de-rio-gallegos\\\/\",\"url\":\"https:\\\/\\\/patagoniambiental.com.ar\\\/info\\\/programa-de-recoleccion-diferenciada-instalan-punto-verde-movil-en-la-casa-de-la-juventud-de-rio-gallegos\\\/\",\"name\":\"Programa de Recolecci\u00f3n Diferenciada: instalan Punto Verde M\u00f3vil en la Casa de la Juventud de R\u00edo Gallegos\",\"isPartOf\":{\"@id\":\"https:\\\/\\\/patagoniambiental.com.ar\\\/info\\\/#website\"},\"primaryImageOfPage\":{\"@id\":\"https:\\\/\\\/patagoniambiental.com.ar\\\/info\\\/programa-de-recoleccion-diferenciada-instalan-punto-verde-movil-en-la-casa-de-la-juventud-de-rio-gallegos\\\/#primaryimage\"},\"image\":{\"@id\":\"https:\\\/\\\/patagoniambiental.com.ar\\\/info\\\/programa-de-recoleccion-diferenciada-instalan-punto-verde-movil-en-la-casa-de-la-juventud-de-rio-gallegos\\\/#primaryimage\"},\"thumbnailUrl\":\"https:\\\/\\\/patagoniambiental.com.ar\\\/info\\\/wp-content\\\/uploads\\\/2021\\\/07\\\/f800x450-178656_230102_5050.jpg\",\"datePublished\":\"2021-07-27T22:00:00+00:00\",\"dateModified\":\"2021-07-28T15:58:07+00:00\",\"breadcrumb\":{\"@id\":\"https:\\\/\\\/patagoniambiental.com.ar\\\/info\\\/programa-de-recoleccion-diferenciada-instalan-punto-verde-movil-en-la-casa-de-la-juventud-de-rio-gallegos\\\/#breadcrumb\"},\"inLanguage\":\"es\",\"potentialAction\":[{\"@type\":\"ReadAction\",\"target\":[\"https:\\\/\\\/patagoniambiental.com.ar\\\/info\\\/programa-de-recoleccion-diferenciada-instalan-punto-verde-movil-en-la-casa-de-la-juventud-de-rio-gallegos\\\/\"]}]},{\"@type\":\"ImageObject\",\"inLanguage\":\"es\",\"@id\":\"https:\\\/\\\/patagoniambiental.com.ar\\\/info\\\/programa-de-recoleccion-diferenciada-instalan-punto-verde-movil-en-la-casa-de-la-juventud-de-rio-gallegos\\\/#primaryimage\",\"url\":\"https:\\\/\\\/patagoniambiental.com.ar\\\/info\\\/wp-content\\\/uploads\\\/2021\\\/07\\\/f800x450-178656_230102_5050.jpg\",\"contentUrl\":\"https:\\\/\\\/patagoniambiental.com.ar\\\/info\\\/wp-content\\\/uploads\\\/2021\\\/07\\\/f800x450-178656_230102_5050.jpg\",\"width\":800,\"height\":450},{\"@type\":\"BreadcrumbList\",\"@id\":\"https:\\\/\\\/patagoniambiental.com.ar\\\/info\\\/programa-de-recoleccion-diferenciada-instalan-punto-verde-movil-en-la-casa-de-la-juventud-de-rio-gallegos\\\/#breadcrumb\",\"itemListElement\":[{\"@type\":\"ListItem\",\"position\":1,\"name\":\"Inicio\",\"item\":\"https:\\\/\\\/patagoniambiental.com.ar\\\/info\\\/\"},{\"@type\":\"ListItem\",\"position\":2,\"name\":\"Programa de Recolecci\u00f3n Diferenciada: instalan Punto Verde M\u00f3vil en la Casa de la Juventud de R\u00edo Gallegos\"}]},{\"@type\":\"WebSite\",\"@id\":\"https:\\\/\\\/patagoniambiental.com.ar\\\/info\\\/#website\",\"url\":\"https:\\\/\\\/patagoniambiental.com.ar\\\/info\\\/\",\"name\":\"Patagonia Ambiental\",\"description\":\"Monitoreo y an\u00e1lisis de la situaci\u00f3n geopol\u00edtica en el mundo y su implicancia en la Patagonia\",\"publisher\":{\"@id\":\"https:\\\/\\\/patagoniambiental.com.ar\\\/info\\\/#organization\"},\"potentialAction\":[{\"@type\":\"SearchAction\",\"target\":{\"@type\":\"EntryPoint\",\"urlTemplate\":\"https:\\\/\\\/patagoniambiental.com.ar\\\/info\\\/?s={search_term_string}\"},\"query-input\":{\"@type\":\"PropertyValueSpecification\",\"valueRequired\":true,\"valueName\":\"search_term_string\"}}],\"inLanguage\":\"es\"},{\"@type\":\"Organization\",\"@id\":\"https:\\\/\\\/patagoniambiental.com.ar\\\/info\\\/#organization\",\"name\":\"Patagonia Ambiental\",\"url\":\"https:\\\/\\\/patagoniambiental.com.ar\\\/info\\\/\",\"logo\":{\"@type\":\"ImageObject\",\"inLanguage\":\"es\",\"@id\":\"https:\\\/\\\/patagoniambiental.com.ar\\\/info\\\/#\\\/schema\\\/logo\\\/image\\\/\",\"url\":\"https:\\\/\\\/patagoniambiental.com.ar\\\/info\\\/wp-content\\\/uploads\\\/2025\\\/05\\\/LOGO-PATAGONIA-AMBIENTAL.png\",\"contentUrl\":\"https:\\\/\\\/patagoniambiental.com.ar\\\/info\\\/wp-content\\\/uploads\\\/2025\\\/05\\\/LOGO-PATAGONIA-AMBIENTAL.png\",\"width\":433,\"height\":250,\"caption\":\"Patagonia Ambiental\"},\"image\":{\"@id\":\"https:\\\/\\\/patagoniambiental.com.ar\\\/info\\\/#\\\/schema\\\/logo\\\/image\\\/\"},\"sameAs\":[\"https:\\\/\\\/www.facebook.com\\\/patagonia.ambiental\",\"https:\\\/\\\/x.com\\\/PatAmb\"]},{\"@type\":\"Person\",\"@id\":\"https:\\\/\\\/patagoniambiental.com.ar\\\/info\\\/#\\\/schema\\\/person\\\/e5af09d700b2e82cb10c6b8800e0c691\",\"name\":\"BRAIAN ESTEVEZ\",\"sameAs\":[\"http:\\\/\\\/www.patagoniambiental.com.ar\"]}]}<\/script>\n<!-- \/ Yoast SEO Premium plugin. -->","yoast_head_json":{"title":"Programa de Recolecci\u00f3n Diferenciada: instalan Punto Verde M\u00f3vil en la Casa de la Juventud de R\u00edo Gallegos","robots":{"index":"index","follow":"follow","max-snippet":"max-snippet:-1","max-image-preview":"max-image-preview:large","max-video-preview":"max-video-preview:-1"},"canonical":"https:\/\/patagoniambiental.com.ar\/info\/programa-de-recoleccion-diferenciada-instalan-punto-verde-movil-en-la-casa-de-la-juventud-de-rio-gallegos\/","og_locale":"es_ES","og_type":"article","og_title":"Programa de Recolecci\u00f3n Diferenciada: instalan Punto Verde M\u00f3vil en la Casa de la Juventud de R\u00edo Gallegos","og_url":"https:\/\/patagoniambiental.com.ar\/info\/programa-de-recoleccion-diferenciada-instalan-punto-verde-movil-en-la-casa-de-la-juventud-de-rio-gallegos\/","og_site_name":"Patagonia Ambiental","article_publisher":"https:\/\/www.facebook.com\/patagonia.ambiental","article_published_time":"2021-07-27T22:00:00+00:00","article_modified_time":"2021-07-28T15:58:07+00:00","og_image":[{"width":800,"height":450,"url":"https:\/\/patagoniambiental.com.ar\/info\/wp-content\/uploads\/2021\/07\/f800x450-178656_230102_5050.jpg","type":"image\/jpeg"}],"author":"BRAIAN ESTEVEZ","twitter_card":"summary_large_image","twitter_creator":"@PatAmb","twitter_site":"@PatAmb","schema":{"@context":"https:\/\/schema.org","@graph":[{"@type":"Article","@id":"https:\/\/patagoniambiental.com.ar\/info\/programa-de-recoleccion-diferenciada-instalan-punto-verde-movil-en-la-casa-de-la-juventud-de-rio-gallegos\/#article","isPartOf":{"@id":"https:\/\/patagoniambiental.com.ar\/info\/programa-de-recoleccion-diferenciada-instalan-punto-verde-movil-en-la-casa-de-la-juventud-de-rio-gallegos\/"},"author":{"name":"BRAIAN ESTEVEZ","@id":"https:\/\/patagoniambiental.com.ar\/info\/#\/schema\/person\/e5af09d700b2e82cb10c6b8800e0c691"},"headline":"Programa de Recolecci\u00f3n Diferenciada: instalan Punto Verde M\u00f3vil en la Casa de la Juventud de R\u00edo Gallegos","datePublished":"2021-07-27T22:00:00+00:00","dateModified":"2021-07-28T15:58:07+00:00","mainEntityOfPage":{"@id":"https:\/\/patagoniambiental.com.ar\/info\/programa-de-recoleccion-diferenciada-instalan-punto-verde-movil-en-la-casa-de-la-juventud-de-rio-gallegos\/"},"wordCount":1078,"commentCount":0,"publisher":{"@id":"https:\/\/patagoniambiental.com.ar\/info\/#organization"},"image":{"@id":"https:\/\/patagoniambiental.com.ar\/info\/programa-de-recoleccion-diferenciada-instalan-punto-verde-movil-en-la-casa-de-la-juventud-de-rio-gallegos\/#primaryimage"},"thumbnailUrl":"https:\/\/patagoniambiental.com.ar\/info\/wp-content\/uploads\/2021\/07\/f800x450-178656_230102_5050.jpg","articleSection":["GIRSU","Municipales","Noticias"],"inLanguage":"es","potentialAction":[{"@type":"CommentAction","name":"Comment","target":["https:\/\/patagoniambiental.com.ar\/info\/programa-de-recoleccion-diferenciada-instalan-punto-verde-movil-en-la-casa-de-la-juventud-de-rio-gallegos\/#respond"]}]},{"@type":"WebPage","@id":"https:\/\/patagoniambiental.com.ar\/info\/programa-de-recoleccion-diferenciada-instalan-punto-verde-movil-en-la-casa-de-la-juventud-de-rio-gallegos\/","url":"https:\/\/patagoniambiental.com.ar\/info\/programa-de-recoleccion-diferenciada-instalan-punto-verde-movil-en-la-casa-de-la-juventud-de-rio-gallegos\/","name":"Programa de Recolecci\u00f3n Diferenciada: instalan Punto Verde M\u00f3vil en la Casa de la Juventud de R\u00edo Gallegos","isPartOf":{"@id":"https:\/\/patagoniambiental.com.ar\/info\/#website"},"primaryImageOfPage":{"@id":"https:\/\/patagoniambiental.com.ar\/info\/programa-de-recoleccion-diferenciada-instalan-punto-verde-movil-en-la-casa-de-la-juventud-de-rio-gallegos\/#primaryimage"},"image":{"@id":"https:\/\/patagoniambiental.com.ar\/info\/programa-de-recoleccion-diferenciada-instalan-punto-verde-movil-en-la-casa-de-la-juventud-de-rio-gallegos\/#primaryimage"},"thumbnailUrl":"https:\/\/patagoniambiental.com.ar\/info\/wp-content\/uploads\/2021\/07\/f800x450-178656_230102_5050.jpg","datePublished":"2021-07-27T22:00:00+00:00","dateModified":"2021-07-28T15:58:07+00:00","breadcrumb":{"@id":"https:\/\/patagoniambiental.com.ar\/info\/programa-de-recoleccion-diferenciada-instalan-punto-verde-movil-en-la-casa-de-la-juventud-de-rio-gallegos\/#breadcrumb"},"inLanguage":"es","potentialAction":[{"@type":"ReadAction","target":["https:\/\/patagoniambiental.com.ar\/info\/programa-de-recoleccion-diferenciada-instalan-punto-verde-movil-en-la-casa-de-la-juventud-de-rio-gallegos\/"]}]},{"@type":"ImageObject","inLanguage":"es","@id":"https:\/\/patagoniambiental.com.ar\/info\/programa-de-recoleccion-diferenciada-instalan-punto-verde-movil-en-la-casa-de-la-juventud-de-rio-gallegos\/#primaryimage","url":"https:\/\/patagoniambiental.com.ar\/info\/wp-content\/uploads\/2021\/07\/f800x450-178656_230102_5050.jpg","contentUrl":"https:\/\/patagoniambiental.com.ar\/info\/wp-content\/uploads\/2021\/07\/f800x450-178656_230102_5050.jpg","width":800,"height":450},{"@type":"BreadcrumbList","@id":"https:\/\/patagoniambiental.com.ar\/info\/programa-de-recoleccion-diferenciada-instalan-punto-verde-movil-en-la-casa-de-la-juventud-de-rio-gallegos\/#breadcrumb","itemListElement":[{"@type":"ListItem","position":1,"name":"Inicio","item":"https:\/\/patagoniambiental.com.ar\/info\/"},{"@type":"ListItem","position":2,"name":"Programa de Recolecci\u00f3n Diferenciada: instalan Punto Verde M\u00f3vil en la Casa de la Juventud de R\u00edo Gallegos"}]},{"@type":"WebSite","@id":"https:\/\/patagoniambiental.com.ar\/info\/#website","url":"https:\/\/patagoniambiental.com.ar\/info\/","name":"Patagonia Ambiental","description":"Monitoreo y an\u00e1lisis de la situaci\u00f3n geopol\u00edtica en el mundo y su implicancia en la Patagonia","publisher":{"@id":"https:\/\/patagoniambiental.com.ar\/info\/#organization"},"potentialAction":[{"@type":"SearchAction","target":{"@type":"EntryPoint","urlTemplate":"https:\/\/patagoniambiental.com.ar\/info\/?s={search_term_string}"},"query-input":{"@type":"PropertyValueSpecification","valueRequired":true,"valueName":"search_term_string"}}],"inLanguage":"es"},{"@type":"Organization","@id":"https:\/\/patagoniambiental.com.ar\/info\/#organization","name":"Patagonia Ambiental","url":"https:\/\/patagoniambiental.com.ar\/info\/","logo":{"@type":"ImageObject","inLanguage":"es","@id":"https:\/\/patagoniambiental.com.ar\/info\/#\/schema\/logo\/image\/","url":"https:\/\/patagoniambiental.com.ar\/info\/wp-content\/uploads\/2025\/05\/LOGO-PATAGONIA-AMBIENTAL.png","contentUrl":"https:\/\/patagoniambiental.com.ar\/info\/wp-content\/uploads\/2025\/05\/LOGO-PATAGONIA-AMBIENTAL.png","width":433,"height":250,"caption":"Patagonia Ambiental"},"image":{"@id":"https:\/\/patagoniambiental.com.ar\/info\/#\/schema\/logo\/image\/"},"sameAs":["https:\/\/www.facebook.com\/patagonia.ambiental","https:\/\/x.com\/PatAmb"]},{"@type":"Person","@id":"https:\/\/patagoniambiental.com.ar\/info\/#\/schema\/person\/e5af09d700b2e82cb10c6b8800e0c691","name":"BRAIAN ESTEVEZ","sameAs":["http:\/\/www.patagoniambiental.com.ar"]}]}},"_links":{"self":[{"href":"https:\/\/patagoniambiental.com.ar\/info\/wp-json\/wp\/v2\/posts\/73555","targetHints":{"allow":["GET"]}}],"collection":[{"href":"https:\/\/patagoniambiental.com.ar\/info\/wp-json\/wp\/v2\/posts"}],"about":[{"href":"https:\/\/patagoniambiental.com.ar\/info\/wp-json\/wp\/v2\/types\/post"}],"author":[{"embeddable":true,"href":"https:\/\/patagoniambiental.com.ar\/info\/wp-json\/wp\/v2\/users\/6"}],"replies":[{"embeddable":true,"href":"https:\/\/patagoniambiental.com.ar\/info\/wp-json\/wp\/v2\/comments?post=73555"}],"version-history":[{"count":0,"href":"https:\/\/patagoniambiental.com.ar\/info\/wp-json\/wp\/v2\/posts\/73555\/revisions"}],"wp:featuredmedia":[{"embeddable":true,"href":"https:\/\/patagoniambiental.com.ar\/info\/wp-json\/wp\/v2\/media\/73558"}],"wp:attachment":[{"href":"https:\/\/patagoniambiental.com.ar\/info\/wp-json\/wp\/v2\/media?parent=73555"}],"wp:term":[{"taxonomy":"category","embeddable":true,"href":"https:\/\/patagoniambiental.com.ar\/info\/wp-json\/wp\/v2\/categories?post=73555"},{"taxonomy":"post_tag","embeddable":true,"href":"https:\/\/patagoniambiental.com.ar\/info\/wp-json\/wp\/v2\/tags?post=73555"}],"curies":[{"name":"wp","href":"https:\/\/api.w.org\/{rel}","templated":true}]}}