{"id":73557,"date":"2021-07-28T12:51:42","date_gmt":"2021-07-28T15:51:42","guid":{"rendered":"http:\/\/patagoniambiental.com.ar\/info\/?p=73557"},"modified":"2021-07-28T12:51:44","modified_gmt":"2021-07-28T15:51:44","slug":"proteccion-de-fauna-en-la-patagonia","status":"publish","type":"post","link":"https:\/\/patagoniambiental.com.ar\/info\/proteccion-de-fauna-en-la-patagonia\/","title":{"rendered":"Protecci\u00f3n de fauna en la Patagonia"},"content":{"rendered":"\n<!--more-->\n\n\n\n<p>En Santa Cruz se realiz\u00f3 una alianza entre Parques Nacionales, Fundaci\u00f3n Rewilding Argentina y el Gobierno provincial para una estrategia de conservaci\u00f3n del huemul.&nbsp;<\/p>\n\n\n\n<ul class=\"wp-block-list\"><li><small><time>27\/07\/2021 \u2022 06:30<\/time><\/small><\/li><\/ul>\n\n\n\n<figure class=\"wp-block-image\"><img decoding=\"async\" src=\"https:\/\/www.tiemposur.com.ar\/uploads\/noticia_galeria\/2021\/07\/26\/file_115182_main1\" alt=\"Gobierno de Santa Cruz.\"\/><\/figure>\n\n\n\n<p>Gobierno de Santa Cruz.<\/p>\n\n\n\n<p><strong><a href=\"https:\/\/www.tiemposur.com.ar\/buscar?s=huemul&amp;p=1\">El huemul&nbsp;<\/a><\/strong>es una de las especies de ciervo m\u00e1s amenazadas del continente. Habita en bosques y estepas, sin embargo, en la&nbsp;<strong><a href=\"https:\/\/www.tiemposur.com.ar\/buscar?s=patagonia&amp;p=1\">Patagonia Argentina&nbsp;<\/a><\/strong>y Chilena solo hay 1500 ejemplares, un 1% de la poblaci\u00f3n hist\u00f3rica de huemules.<\/p>\n\n\n\n<p>En consecuencia, en<strong><a href=\"https:\/\/www.tiemposur.com.ar\/buscar?s=santa%20cruz&amp;p=1\">&nbsp;Santa Cruz<\/a><\/strong>&nbsp;se realiz\u00f3 una alianza entre Parques Nacionales, Fundaci\u00f3n Rewilding Argentina y el<strong><a href=\"https:\/\/www.tiemposur.com.ar\/buscar?s=gobierno%20provincial&amp;p=1\">&nbsp;Gobierno provincial&nbsp;<\/a><\/strong>para una estrategia de conservaci\u00f3n.PUBLICIDAD<\/p>\n\n\n\n<p>Se aplic\u00f3 un GPS con conexi\u00f3n satelital a cinco ciervos para as\u00ed rastrearlos y comprender sus costumbres y h\u00e1bitos. En base a ellas, proponer nuevas medidas para su protecci\u00f3n.<\/p>\n\n\n\n<p>\u201cEl huemul, el ciervo patag\u00f3nico, el ciervo de los bosques y las estepas, debe volver a reinar en su tierra\u201d, indic\u00f3 el Gobierno de Santa Cruz en su&nbsp;<em>fan page<\/em>, desde donde hicieron p\u00fablica esta iniciativa.<\/p>\n\n\n\n<h2 class=\"wp-block-heading\"><strong>Esfuerzos de Rewilding en la Patagonia<\/strong><\/h2>\n\n\n\n<p>Esta fundaci\u00f3n lleva a\u00f1os enfrentando e intentando revertir la degradaci\u00f3n ambiental de diferentes territorios, entre ellos, la Patagonia.<\/p>\n\n\n\n<p>Pumas, guanacos, c\u00f3ndores, choiques y gallinetas australes son solo algunos de los animales en los que trabajan arduamente ya sea reintroduciendo especies ausentes o aumentando las actuales en el Parque Patagonia, ubicado en territorio nacional con el cual buscan unir fuerzas con el Parque Nacional Patagonia Chile, para as\u00ed formar un gran parque destinado al cuidado de la naturaleza y el turismo.<\/p>\n\n\n\n<p>Fuente: https:\/\/www.tiemposur.com.ar\/info-general\/proteccion-de-fauna-en-la-patagonia<\/p>\n","protected":false},"excerpt":{"rendered":"","protected":false},"author":6,"featured_media":73558,"comment_status":"open","ping_status":"open","sticky":false,"template":"","format":"standard","meta":{"site-sidebar-layout":"default","site-content-layout":"","ast-site-content-layout":"default","site-content-style":"default","site-sidebar-style":"default","ast-global-header-display":"","ast-banner-title-visibility":"","ast-main-header-display":"","ast-hfb-above-header-display":"","ast-hfb-below-header-display":"","ast-hfb-mobile-header-display":"","site-post-title":"","ast-breadcrumbs-content":"","ast-featured-img":"","footer-sml-layout":"","ast-disable-related-posts":"","theme-transparent-header-meta":"","adv-header-id-meta":"","stick-header-meta":"","header-above-stick-meta":"","header-main-stick-meta":"","header-below-stick-meta":"","astra-migrate-meta-layouts":"default","ast-page-background-enabled":"default","ast-page-background-meta":{"desktop":{"background-color":"var(--ast-global-color-5)","background-image":"","background-repeat":"repeat","background-position":"center center","background-size":"auto","background-attachment":"scroll","background-type":"","background-media":"","overlay-type":"","overlay-color":"","overlay-opacity":"","overlay-gradient":""},"tablet":{"background-color":"","background-image":"","background-repeat":"repeat","background-position":"center center","background-size":"auto","background-attachment":"scroll","background-type":"","background-media":"","overlay-type":"","overlay-color":"","overlay-opacity":"","overlay-gradient":""},"mobile":{"background-color":"","background-image":"","background-repeat":"repeat","background-position":"center center","background-size":"auto","background-attachment":"scroll","background-type":"","background-media":"","overlay-type":"","overlay-color":"","overlay-opacity":"","overlay-gradient":""}},"ast-content-background-meta":{"desktop":{"background-color":"var(--ast-global-color-4)","background-image":"","background-repeat":"repeat","background-position":"center center","background-size":"auto","background-attachment":"scroll","background-type":"","background-media":"","overlay-type":"","overlay-color":"","overlay-opacity":"","overlay-gradient":""},"tablet":{"background-color":"var(--ast-global-color-4)","background-image":"","background-repeat":"repeat","background-position":"center center","background-size":"auto","background-attachment":"scroll","background-type":"","background-media":"","overlay-type":"","overlay-color":"","overlay-opacity":"","overlay-gradient":""},"mobile":{"background-color":"var(--ast-global-color-4)","background-image":"","background-repeat":"repeat","background-position":"center center","background-size":"auto","background-attachment":"scroll","background-type":"","background-media":"","overlay-type":"","overlay-color":"","overlay-opacity":"","overlay-gradient":""}},"footnotes":""},"categories":[1,3],"tags":[],"class_list":["post-73557","post","type-post","status-publish","format-standard","has-post-thumbnail","hentry","category-noticias","category-ong"],"yoast_head":"<!-- This site is optimized with the Yoast SEO Premium plugin v23.0 (Yoast SEO v27.5) - https:\/\/yoast.com\/product\/yoast-seo-premium-wordpress\/ -->\n<title>Protecci\u00f3n de fauna en la Patagonia<\/title>\n<meta name=\"robots\" content=\"index, follow, max-snippet:-1, max-image-preview:large, max-video-preview:-1\" \/>\n<link rel=\"canonical\" href=\"https:\/\/patagoniambiental.com.ar\/info\/proteccion-de-fauna-en-la-patagonia\/\" \/>\n<meta property=\"og:locale\" content=\"es_ES\" \/>\n<meta property=\"og:type\" content=\"article\" \/>\n<meta property=\"og:title\" content=\"Protecci\u00f3n de fauna en la Patagonia\" \/>\n<meta property=\"og:url\" content=\"https:\/\/patagoniambiental.com.ar\/info\/proteccion-de-fauna-en-la-patagonia\/\" \/>\n<meta property=\"og:site_name\" content=\"Patagonia Ambiental\" \/>\n<meta property=\"article:publisher\" content=\"https:\/\/www.facebook.com\/patagonia.ambiental\" \/>\n<meta property=\"article:published_time\" content=\"2021-07-28T15:51:42+00:00\" \/>\n<meta property=\"article:modified_time\" content=\"2021-07-28T15:51:44+00:00\" \/>\n<meta property=\"og:image\" content=\"https:\/\/patagoniambiental.com.ar\/info\/wp-content\/uploads\/2021\/07\/f800x450-178656_230102_5050.jpg\" \/>\n\t<meta property=\"og:image:width\" content=\"800\" \/>\n\t<meta property=\"og:image:height\" content=\"450\" \/>\n\t<meta property=\"og:image:type\" content=\"image\/jpeg\" \/>\n<meta name=\"author\" content=\"BRAIAN ESTEVEZ\" \/>\n<meta name=\"twitter:card\" content=\"summary_large_image\" \/>\n<meta name=\"twitter:creator\" content=\"@PatAmb\" \/>\n<meta name=\"twitter:site\" content=\"@PatAmb\" \/>\n<script type=\"application\/ld+json\" class=\"yoast-schema-graph\">{\"@context\":\"https:\\\/\\\/schema.org\",\"@graph\":[{\"@type\":\"Article\",\"@id\":\"https:\\\/\\\/patagoniambiental.com.ar\\\/info\\\/proteccion-de-fauna-en-la-patagonia\\\/#article\",\"isPartOf\":{\"@id\":\"https:\\\/\\\/patagoniambiental.com.ar\\\/info\\\/proteccion-de-fauna-en-la-patagonia\\\/\"},\"author\":{\"name\":\"BRAIAN ESTEVEZ\",\"@id\":\"https:\\\/\\\/patagoniambiental.com.ar\\\/info\\\/#\\\/schema\\\/person\\\/e5af09d700b2e82cb10c6b8800e0c691\"},\"headline\":\"Protecci\u00f3n de fauna en la Patagonia\",\"datePublished\":\"2021-07-28T15:51:42+00:00\",\"dateModified\":\"2021-07-28T15:51:44+00:00\",\"mainEntityOfPage\":{\"@id\":\"https:\\\/\\\/patagoniambiental.com.ar\\\/info\\\/proteccion-de-fauna-en-la-patagonia\\\/\"},\"wordCount\":280,\"commentCount\":0,\"publisher\":{\"@id\":\"https:\\\/\\\/patagoniambiental.com.ar\\\/info\\\/#organization\"},\"image\":{\"@id\":\"https:\\\/\\\/patagoniambiental.com.ar\\\/info\\\/proteccion-de-fauna-en-la-patagonia\\\/#primaryimage\"},\"thumbnailUrl\":\"https:\\\/\\\/patagoniambiental.com.ar\\\/info\\\/wp-content\\\/uploads\\\/2021\\\/07\\\/f800x450-178656_230102_5050.jpg\",\"articleSection\":[\"Noticias\",\"ONG\"],\"inLanguage\":\"es\",\"potentialAction\":[{\"@type\":\"CommentAction\",\"name\":\"Comment\",\"target\":[\"https:\\\/\\\/patagoniambiental.com.ar\\\/info\\\/proteccion-de-fauna-en-la-patagonia\\\/#respond\"]}]},{\"@type\":\"WebPage\",\"@id\":\"https:\\\/\\\/patagoniambiental.com.ar\\\/info\\\/proteccion-de-fauna-en-la-patagonia\\\/\",\"url\":\"https:\\\/\\\/patagoniambiental.com.ar\\\/info\\\/proteccion-de-fauna-en-la-patagonia\\\/\",\"name\":\"Protecci\u00f3n de fauna en la Patagonia\",\"isPartOf\":{\"@id\":\"https:\\\/\\\/patagoniambiental.com.ar\\\/info\\\/#website\"},\"primaryImageOfPage\":{\"@id\":\"https:\\\/\\\/patagoniambiental.com.ar\\\/info\\\/proteccion-de-fauna-en-la-patagonia\\\/#primaryimage\"},\"image\":{\"@id\":\"https:\\\/\\\/patagoniambiental.com.ar\\\/info\\\/proteccion-de-fauna-en-la-patagonia\\\/#primaryimage\"},\"thumbnailUrl\":\"https:\\\/\\\/patagoniambiental.com.ar\\\/info\\\/wp-content\\\/uploads\\\/2021\\\/07\\\/f800x450-178656_230102_5050.jpg\",\"datePublished\":\"2021-07-28T15:51:42+00:00\",\"dateModified\":\"2021-07-28T15:51:44+00:00\",\"breadcrumb\":{\"@id\":\"https:\\\/\\\/patagoniambiental.com.ar\\\/info\\\/proteccion-de-fauna-en-la-patagonia\\\/#breadcrumb\"},\"inLanguage\":\"es\",\"potentialAction\":[{\"@type\":\"ReadAction\",\"target\":[\"https:\\\/\\\/patagoniambiental.com.ar\\\/info\\\/proteccion-de-fauna-en-la-patagonia\\\/\"]}]},{\"@type\":\"ImageObject\",\"inLanguage\":\"es\",\"@id\":\"https:\\\/\\\/patagoniambiental.com.ar\\\/info\\\/proteccion-de-fauna-en-la-patagonia\\\/#primaryimage\",\"url\":\"https:\\\/\\\/patagoniambiental.com.ar\\\/info\\\/wp-content\\\/uploads\\\/2021\\\/07\\\/f800x450-178656_230102_5050.jpg\",\"contentUrl\":\"https:\\\/\\\/patagoniambiental.com.ar\\\/info\\\/wp-content\\\/uploads\\\/2021\\\/07\\\/f800x450-178656_230102_5050.jpg\",\"width\":800,\"height\":450},{\"@type\":\"BreadcrumbList\",\"@id\":\"https:\\\/\\\/patagoniambiental.com.ar\\\/info\\\/proteccion-de-fauna-en-la-patagonia\\\/#breadcrumb\",\"itemListElement\":[{\"@type\":\"ListItem\",\"position\":1,\"name\":\"Inicio\",\"item\":\"https:\\\/\\\/patagoniambiental.com.ar\\\/info\\\/\"},{\"@type\":\"ListItem\",\"position\":2,\"name\":\"Protecci\u00f3n de fauna en la Patagonia\"}]},{\"@type\":\"WebSite\",\"@id\":\"https:\\\/\\\/patagoniambiental.com.ar\\\/info\\\/#website\",\"url\":\"https:\\\/\\\/patagoniambiental.com.ar\\\/info\\\/\",\"name\":\"Patagonia Ambiental\",\"description\":\"Monitoreo y an\u00e1lisis de la situaci\u00f3n geopol\u00edtica en el mundo y su implicancia en la Patagonia\",\"publisher\":{\"@id\":\"https:\\\/\\\/patagoniambiental.com.ar\\\/info\\\/#organization\"},\"potentialAction\":[{\"@type\":\"SearchAction\",\"target\":{\"@type\":\"EntryPoint\",\"urlTemplate\":\"https:\\\/\\\/patagoniambiental.com.ar\\\/info\\\/?s={search_term_string}\"},\"query-input\":{\"@type\":\"PropertyValueSpecification\",\"valueRequired\":true,\"valueName\":\"search_term_string\"}}],\"inLanguage\":\"es\"},{\"@type\":\"Organization\",\"@id\":\"https:\\\/\\\/patagoniambiental.com.ar\\\/info\\\/#organization\",\"name\":\"Patagonia Ambiental\",\"url\":\"https:\\\/\\\/patagoniambiental.com.ar\\\/info\\\/\",\"logo\":{\"@type\":\"ImageObject\",\"inLanguage\":\"es\",\"@id\":\"https:\\\/\\\/patagoniambiental.com.ar\\\/info\\\/#\\\/schema\\\/logo\\\/image\\\/\",\"url\":\"https:\\\/\\\/patagoniambiental.com.ar\\\/info\\\/wp-content\\\/uploads\\\/2025\\\/05\\\/LOGO-PATAGONIA-AMBIENTAL.png\",\"contentUrl\":\"https:\\\/\\\/patagoniambiental.com.ar\\\/info\\\/wp-content\\\/uploads\\\/2025\\\/05\\\/LOGO-PATAGONIA-AMBIENTAL.png\",\"width\":433,\"height\":250,\"caption\":\"Patagonia Ambiental\"},\"image\":{\"@id\":\"https:\\\/\\\/patagoniambiental.com.ar\\\/info\\\/#\\\/schema\\\/logo\\\/image\\\/\"},\"sameAs\":[\"https:\\\/\\\/www.facebook.com\\\/patagonia.ambiental\",\"https:\\\/\\\/x.com\\\/PatAmb\"]},{\"@type\":\"Person\",\"@id\":\"https:\\\/\\\/patagoniambiental.com.ar\\\/info\\\/#\\\/schema\\\/person\\\/e5af09d700b2e82cb10c6b8800e0c691\",\"name\":\"BRAIAN ESTEVEZ\",\"sameAs\":[\"http:\\\/\\\/www.patagoniambiental.com.ar\"]}]}<\/script>\n<!-- \/ Yoast SEO Premium plugin. -->","yoast_head_json":{"title":"Protecci\u00f3n de fauna en la Patagonia","robots":{"index":"index","follow":"follow","max-snippet":"max-snippet:-1","max-image-preview":"max-image-preview:large","max-video-preview":"max-video-preview:-1"},"canonical":"https:\/\/patagoniambiental.com.ar\/info\/proteccion-de-fauna-en-la-patagonia\/","og_locale":"es_ES","og_type":"article","og_title":"Protecci\u00f3n de fauna en la Patagonia","og_url":"https:\/\/patagoniambiental.com.ar\/info\/proteccion-de-fauna-en-la-patagonia\/","og_site_name":"Patagonia Ambiental","article_publisher":"https:\/\/www.facebook.com\/patagonia.ambiental","article_published_time":"2021-07-28T15:51:42+00:00","article_modified_time":"2021-07-28T15:51:44+00:00","og_image":[{"width":800,"height":450,"url":"https:\/\/patagoniambiental.com.ar\/info\/wp-content\/uploads\/2021\/07\/f800x450-178656_230102_5050.jpg","type":"image\/jpeg"}],"author":"BRAIAN ESTEVEZ","twitter_card":"summary_large_image","twitter_creator":"@PatAmb","twitter_site":"@PatAmb","schema":{"@context":"https:\/\/schema.org","@graph":[{"@type":"Article","@id":"https:\/\/patagoniambiental.com.ar\/info\/proteccion-de-fauna-en-la-patagonia\/#article","isPartOf":{"@id":"https:\/\/patagoniambiental.com.ar\/info\/proteccion-de-fauna-en-la-patagonia\/"},"author":{"name":"BRAIAN ESTEVEZ","@id":"https:\/\/patagoniambiental.com.ar\/info\/#\/schema\/person\/e5af09d700b2e82cb10c6b8800e0c691"},"headline":"Protecci\u00f3n de fauna en la Patagonia","datePublished":"2021-07-28T15:51:42+00:00","dateModified":"2021-07-28T15:51:44+00:00","mainEntityOfPage":{"@id":"https:\/\/patagoniambiental.com.ar\/info\/proteccion-de-fauna-en-la-patagonia\/"},"wordCount":280,"commentCount":0,"publisher":{"@id":"https:\/\/patagoniambiental.com.ar\/info\/#organization"},"image":{"@id":"https:\/\/patagoniambiental.com.ar\/info\/proteccion-de-fauna-en-la-patagonia\/#primaryimage"},"thumbnailUrl":"https:\/\/patagoniambiental.com.ar\/info\/wp-content\/uploads\/2021\/07\/f800x450-178656_230102_5050.jpg","articleSection":["Noticias","ONG"],"inLanguage":"es","potentialAction":[{"@type":"CommentAction","name":"Comment","target":["https:\/\/patagoniambiental.com.ar\/info\/proteccion-de-fauna-en-la-patagonia\/#respond"]}]},{"@type":"WebPage","@id":"https:\/\/patagoniambiental.com.ar\/info\/proteccion-de-fauna-en-la-patagonia\/","url":"https:\/\/patagoniambiental.com.ar\/info\/proteccion-de-fauna-en-la-patagonia\/","name":"Protecci\u00f3n de fauna en la Patagonia","isPartOf":{"@id":"https:\/\/patagoniambiental.com.ar\/info\/#website"},"primaryImageOfPage":{"@id":"https:\/\/patagoniambiental.com.ar\/info\/proteccion-de-fauna-en-la-patagonia\/#primaryimage"},"image":{"@id":"https:\/\/patagoniambiental.com.ar\/info\/proteccion-de-fauna-en-la-patagonia\/#primaryimage"},"thumbnailUrl":"https:\/\/patagoniambiental.com.ar\/info\/wp-content\/uploads\/2021\/07\/f800x450-178656_230102_5050.jpg","datePublished":"2021-07-28T15:51:42+00:00","dateModified":"2021-07-28T15:51:44+00:00","breadcrumb":{"@id":"https:\/\/patagoniambiental.com.ar\/info\/proteccion-de-fauna-en-la-patagonia\/#breadcrumb"},"inLanguage":"es","potentialAction":[{"@type":"ReadAction","target":["https:\/\/patagoniambiental.com.ar\/info\/proteccion-de-fauna-en-la-patagonia\/"]}]},{"@type":"ImageObject","inLanguage":"es","@id":"https:\/\/patagoniambiental.com.ar\/info\/proteccion-de-fauna-en-la-patagonia\/#primaryimage","url":"https:\/\/patagoniambiental.com.ar\/info\/wp-content\/uploads\/2021\/07\/f800x450-178656_230102_5050.jpg","contentUrl":"https:\/\/patagoniambiental.com.ar\/info\/wp-content\/uploads\/2021\/07\/f800x450-178656_230102_5050.jpg","width":800,"height":450},{"@type":"BreadcrumbList","@id":"https:\/\/patagoniambiental.com.ar\/info\/proteccion-de-fauna-en-la-patagonia\/#breadcrumb","itemListElement":[{"@type":"ListItem","position":1,"name":"Inicio","item":"https:\/\/patagoniambiental.com.ar\/info\/"},{"@type":"ListItem","position":2,"name":"Protecci\u00f3n de fauna en la Patagonia"}]},{"@type":"WebSite","@id":"https:\/\/patagoniambiental.com.ar\/info\/#website","url":"https:\/\/patagoniambiental.com.ar\/info\/","name":"Patagonia Ambiental","description":"Monitoreo y an\u00e1lisis de la situaci\u00f3n geopol\u00edtica en el mundo y su implicancia en la Patagonia","publisher":{"@id":"https:\/\/patagoniambiental.com.ar\/info\/#organization"},"potentialAction":[{"@type":"SearchAction","target":{"@type":"EntryPoint","urlTemplate":"https:\/\/patagoniambiental.com.ar\/info\/?s={search_term_string}"},"query-input":{"@type":"PropertyValueSpecification","valueRequired":true,"valueName":"search_term_string"}}],"inLanguage":"es"},{"@type":"Organization","@id":"https:\/\/patagoniambiental.com.ar\/info\/#organization","name":"Patagonia Ambiental","url":"https:\/\/patagoniambiental.com.ar\/info\/","logo":{"@type":"ImageObject","inLanguage":"es","@id":"https:\/\/patagoniambiental.com.ar\/info\/#\/schema\/logo\/image\/","url":"https:\/\/patagoniambiental.com.ar\/info\/wp-content\/uploads\/2025\/05\/LOGO-PATAGONIA-AMBIENTAL.png","contentUrl":"https:\/\/patagoniambiental.com.ar\/info\/wp-content\/uploads\/2025\/05\/LOGO-PATAGONIA-AMBIENTAL.png","width":433,"height":250,"caption":"Patagonia Ambiental"},"image":{"@id":"https:\/\/patagoniambiental.com.ar\/info\/#\/schema\/logo\/image\/"},"sameAs":["https:\/\/www.facebook.com\/patagonia.ambiental","https:\/\/x.com\/PatAmb"]},{"@type":"Person","@id":"https:\/\/patagoniambiental.com.ar\/info\/#\/schema\/person\/e5af09d700b2e82cb10c6b8800e0c691","name":"BRAIAN ESTEVEZ","sameAs":["http:\/\/www.patagoniambiental.com.ar"]}]}},"_links":{"self":[{"href":"https:\/\/patagoniambiental.com.ar\/info\/wp-json\/wp\/v2\/posts\/73557","targetHints":{"allow":["GET"]}}],"collection":[{"href":"https:\/\/patagoniambiental.com.ar\/info\/wp-json\/wp\/v2\/posts"}],"about":[{"href":"https:\/\/patagoniambiental.com.ar\/info\/wp-json\/wp\/v2\/types\/post"}],"author":[{"embeddable":true,"href":"https:\/\/patagoniambiental.com.ar\/info\/wp-json\/wp\/v2\/users\/6"}],"replies":[{"embeddable":true,"href":"https:\/\/patagoniambiental.com.ar\/info\/wp-json\/wp\/v2\/comments?post=73557"}],"version-history":[{"count":0,"href":"https:\/\/patagoniambiental.com.ar\/info\/wp-json\/wp\/v2\/posts\/73557\/revisions"}],"wp:featuredmedia":[{"embeddable":true,"href":"https:\/\/patagoniambiental.com.ar\/info\/wp-json\/wp\/v2\/media\/73558"}],"wp:attachment":[{"href":"https:\/\/patagoniambiental.com.ar\/info\/wp-json\/wp\/v2\/media?parent=73557"}],"wp:term":[{"taxonomy":"category","embeddable":true,"href":"https:\/\/patagoniambiental.com.ar\/info\/wp-json\/wp\/v2\/categories?post=73557"},{"taxonomy":"post_tag","embeddable":true,"href":"https:\/\/patagoniambiental.com.ar\/info\/wp-json\/wp\/v2\/tags?post=73557"}],"curies":[{"name":"wp","href":"https:\/\/api.w.org\/{rel}","templated":true}]}}