{"id":73590,"date":"2021-08-01T07:00:00","date_gmt":"2021-08-01T10:00:00","guid":{"rendered":"http:\/\/patagoniambiental.com.ar\/info\/?p=73590"},"modified":"2021-07-30T11:01:50","modified_gmt":"2021-07-30T14:01:50","slug":"berhongaray-presento-un-proyecto-para-proteger-el-aguila-coronada","status":"publish","type":"post","link":"https:\/\/patagoniambiental.com.ar\/info\/berhongaray-presento-un-proyecto-para-proteger-el-aguila-coronada\/","title":{"rendered":"Berhongaray present\u00f3 un proyecto para proteger el \u00e1guila coronada"},"content":{"rendered":"\n<!--more-->\n\n\n\n<p>La Pampa.-<strong>Se trata de una especie en peligro de extinci\u00f3n<\/strong>. Tiene una poblaci\u00f3n global estimada en menos de 1.000 individuos reproductores, con tendencias poblacionales negativas.<\/p>\n\n\n\n<p>El diputado nacional pampeano, Mart\u00edn Berhongaray, present\u00f3 un proyecto de ley en el Congreso de la Naci\u00f3n para proteger el \u00c1guila Coronada (Buteogallus Coronatus), una especie en peligro de extinci\u00f3n.<\/p>\n\n\n\n<p>El legislador radical dijo que present\u00f3 la iniciativa \u00aben base a la inquietud planteada y los aportes efectuados por el Centro para el Estudio y Conservaci\u00f3n de las Aves Rapaces en Argentina (CECARA) dependiente de la Universidad Nacional de La Pampa, cuyo Director es el Dr. en Biolog\u00eda Jos\u00e9 Hern\u00e1n Sarasola\u00bb.<\/p>\n\n\n\n<p>Sarasola, quien se desempe\u00f1a como docente en la UNLPam e investigador de CONICET, asegura que la declaraci\u00f3n como \u201cMonumento Natural\u201d que se propone tendr\u00e1 un impacto directo \u00abfavoreciendo la conservaci\u00f3n del \u00e1guila coronada que configura una especie categorizada como en peligro de extinci\u00f3n\u201d.<\/p>\n\n\n\n<p>El proyecto se basa a las normas establecidas por la Ley de Parques Nacionales, Monumentos Naturales y Reservas Nacionales N\u00ba 22.351. Y encomendar a la Administraci\u00f3n de Parques Nacionales, en su condici\u00f3n de Autoridad de Aplicaci\u00f3n, que compatibilice con la Direcci\u00f3n Nacional de Biodiversidad del Ministerio de Ambiente y Desarrollo Sostenible de la Naci\u00f3n, el plan de manejo para la especie en las \u00e1reas bajo su jurisdicci\u00f3n, ajust\u00e1ndolo a la pol\u00edtica faun\u00edstica nacional.<\/p>\n\n\n\n<p>En la iniciativa, Berhongaray invita a los organismos provinciales competentes a \u00abadoptar y coordinar con los organismos nacionales planes de manejo y protecci\u00f3n en los territorios sometidos a su jurisdicci\u00f3n\u00bb.<\/p>\n\n\n\n<p>\u00abEl \u00e1guila coronada es el ave rapaz de mayor tama\u00f1o que habita los ambientes \u00e1ridos y semi\u00e1ridos de la Argentina, con una distribuci\u00f3n que se extiende desde el sur de Brasil, Paraguay y Bolivia hasta el norte de la Patagonia Argentina. Su distribuci\u00f3n original inclu\u00eda tambi\u00e9n a Uruguay, donde la especie se considera localmente extinta desde el a\u00f1o 1930\u00bb, se destac\u00f3 en el proyecto.<\/p>\n\n\n\n<p><strong>El \u00e1guila coronada tiene una poblaci\u00f3n global estimada en menos de 1.000 individuos reproductores y tendencias poblacionales negativas (Birdlife International, 2021).<\/strong><\/p>\n\n\n\n<p>A nivel nacional, se categoriza con similar nivel de riesgo de extinci\u00f3n (MAyDS y AA, 2017) y se ubica en el ap\u00e9ndice II de CITES (Convenci\u00f3n sobre el Comercio Internacional de Especies Amenazadas de Flora y Fauna Silvestre), consideraci\u00f3n que implica un estricto control de los organismos gubernamentales en lo que respecta a su comercio o captura.<\/p>\n\n\n\n<p>El docente universitario Jos\u00e9 Hern\u00e1n Sarasola afirm\u00f3 que \u201cen nuestro pa\u00eds dos factores fundamentales se han identificado como causantes de este declive (poblacional) y que se suman a las caracter\u00edsticas demogr\u00e1ficas particulares de la especie: la p\u00e9rdida del h\u00e1bitat y la alta mortalidad de individuos como consecuencia de las actividades humanas\u201d.<\/p>\n\n\n\n<p><strong>La alta mortalidad que experimenta, se conjuga fatalmente con caracter\u00edsticas demogr\u00e1ficas propias de la especie que determinan su alto riesgo de extinci\u00f3n.<\/strong><\/p>\n\n\n\n<p>Cr\u00eda cada uno o dos a\u00f1os, completando una puesta de un \u00fanico huevo por intento reproductivo. Por otra parte, de aquellas parejas reproductoras que intentan criar cada a\u00f1o, solo la mitad logra hacerlo con \u00e9xito.<\/p>\n\n\n\n<p>En el a\u00f1o 2006, el gui\u00f3n del documental titulado \u201cEl \u00e1guila que llora\u201d fue galardonado por el Instituto Nacional de Artes Audiovisuales (INCAA) en el marco del concurso audiovisual \u201cVeamos\u201d.<\/p>\n\n\n\n<p>Dicho documental se emplea en actividades de extensi\u00f3n y educaci\u00f3n en escuelas rurales del centro-oeste de la provincia de La Pampa, declarando la C\u00e1mara de Diputados de la Naci\u00f3n su benepl\u00e1cito por la realizaci\u00f3n de dicho documental en el a\u00f1o 2008.<\/p>\n\n\n\n<p>En septiembre de 2013, y en el marco de la Reuni\u00f3n Argentina de Ornitolog\u00eda celebrada en la ciudad de Santa Rosa (La Pampa), se anunci\u00f3 el programa de \u201cConservaci\u00f3n del \u00e1guila coronada en la provincia de La Pampa\u201d, llevado adelante por la Direcci\u00f3n de Recursos Naturales de dicha provincia con el aporte de docentes e investigadores del Centro para el Estudio y Conservaci\u00f3n de las Aves Rapaces en Argentina (CECARA) de la UNLPam y del Consejo Nacional de Investigaciones Cient\u00edficas y T\u00e9cnicas (CONICET).<\/p>\n\n\n\n<p><strong>Actualmente, solo cuatro especies animales han sido declaradas como \u201cMonumento Natural\u201d en nuestro pa\u00eds: la ballena franca austral, el yaguaret\u00e9 y dos especies de c\u00e9rvidos andinos, el huemul y la taruca.<\/strong><\/p>\n\n\n\n<p>De estas cuatro especies,&nbsp;<strong>s\u00f3lo el huemul presenta una categor\u00eda de conservaci\u00f3n de \u201cen peligro de extinci\u00f3n\u201d al igual que el \u00e1guila coronada<\/strong>, mientras que las restantes se encuentran ubicadas en categor\u00edas de menor riesgo.<\/p>\n\n\n\n<p>La iniciativa parlamentaria de Berhongaray es acompa\u00f1ada por los diputados Lidia In\u00e9s Ascarate (Tucum\u00e1n), Gonzalo del Cerro (Santa F\u00e9), Gerardo Cipolini (Chaco), Gabriela Lena (Entre R\u00edos) y Lorena Matzen (R\u00edo Negro).<\/p>\n\n\n\n<p>Fuente: https:\/\/www.eldiariodelapampa.com.ar\/la-pampa\/18256-berhongaray-presento-un-proyecto-para-proteger-el-aguila-coronada<\/p>\n","protected":false},"excerpt":{"rendered":"","protected":false},"author":6,"featured_media":73591,"comment_status":"open","ping_status":"open","sticky":false,"template":"","format":"standard","meta":{"site-sidebar-layout":"default","site-content-layout":"","ast-site-content-layout":"default","site-content-style":"default","site-sidebar-style":"default","ast-global-header-display":"","ast-banner-title-visibility":"","ast-main-header-display":"","ast-hfb-above-header-display":"","ast-hfb-below-header-display":"","ast-hfb-mobile-header-display":"","site-post-title":"","ast-breadcrumbs-content":"","ast-featured-img":"","footer-sml-layout":"","ast-disable-related-posts":"","theme-transparent-header-meta":"","adv-header-id-meta":"","stick-header-meta":"","header-above-stick-meta":"","header-main-stick-meta":"","header-below-stick-meta":"","astra-migrate-meta-layouts":"default","ast-page-background-enabled":"default","ast-page-background-meta":{"desktop":{"background-color":"var(--ast-global-color-5)","background-image":"","background-repeat":"repeat","background-position":"center center","background-size":"auto","background-attachment":"scroll","background-type":"","background-media":"","overlay-type":"","overlay-color":"","overlay-opacity":"","overlay-gradient":""},"tablet":{"background-color":"","background-image":"","background-repeat":"repeat","background-position":"center center","background-size":"auto","background-attachment":"scroll","background-type":"","background-media":"","overlay-type":"","overlay-color":"","overlay-opacity":"","overlay-gradient":""},"mobile":{"background-color":"","background-image":"","background-repeat":"repeat","background-position":"center center","background-size":"auto","background-attachment":"scroll","background-type":"","background-media":"","overlay-type":"","overlay-color":"","overlay-opacity":"","overlay-gradient":""}},"ast-content-background-meta":{"desktop":{"background-color":"var(--ast-global-color-4)","background-image":"","background-repeat":"repeat","background-position":"center center","background-size":"auto","background-attachment":"scroll","background-type":"","background-media":"","overlay-type":"","overlay-color":"","overlay-opacity":"","overlay-gradient":""},"tablet":{"background-color":"var(--ast-global-color-4)","background-image":"","background-repeat":"repeat","background-position":"center center","background-size":"auto","background-attachment":"scroll","background-type":"","background-media":"","overlay-type":"","overlay-color":"","overlay-opacity":"","overlay-gradient":""},"mobile":{"background-color":"var(--ast-global-color-4)","background-image":"","background-repeat":"repeat","background-position":"center center","background-size":"auto","background-attachment":"scroll","background-type":"","background-media":"","overlay-type":"","overlay-color":"","overlay-opacity":"","overlay-gradient":""}},"footnotes":""},"categories":[11,59,1,13,10],"tags":[],"class_list":["post-73590","post","type-post","status-publish","format-standard","has-post-thumbnail","hentry","category-boletin","category-la-pampa","category-noticias","category-provinciales","category-rotador"],"yoast_head":"<!-- This site is optimized with the Yoast SEO Premium plugin v23.0 (Yoast SEO v27.5) - https:\/\/yoast.com\/product\/yoast-seo-premium-wordpress\/ -->\n<title>Berhongaray present\u00f3 un proyecto para proteger el \u00e1guila coronada<\/title>\n<meta name=\"robots\" content=\"index, follow, max-snippet:-1, max-image-preview:large, max-video-preview:-1\" \/>\n<link rel=\"canonical\" href=\"https:\/\/patagoniambiental.com.ar\/info\/berhongaray-presento-un-proyecto-para-proteger-el-aguila-coronada\/\" \/>\n<meta property=\"og:locale\" content=\"es_ES\" \/>\n<meta property=\"og:type\" content=\"article\" \/>\n<meta property=\"og:title\" content=\"Berhongaray present\u00f3 un proyecto para proteger el \u00e1guila coronada\" \/>\n<meta property=\"og:url\" content=\"https:\/\/patagoniambiental.com.ar\/info\/berhongaray-presento-un-proyecto-para-proteger-el-aguila-coronada\/\" \/>\n<meta property=\"og:site_name\" content=\"Patagonia Ambiental\" \/>\n<meta property=\"article:publisher\" content=\"https:\/\/www.facebook.com\/patagonia.ambiental\" \/>\n<meta property=\"article:published_time\" content=\"2021-08-01T10:00:00+00:00\" \/>\n<meta property=\"og:image\" content=\"https:\/\/patagoniambiental.com.ar\/info\/wp-content\/uploads\/2021\/07\/CORONADA.jpg\" \/>\n\t<meta property=\"og:image:width\" content=\"1200\" \/>\n\t<meta property=\"og:image:height\" content=\"800\" \/>\n\t<meta property=\"og:image:type\" content=\"image\/jpeg\" \/>\n<meta name=\"author\" content=\"BRAIAN ESTEVEZ\" \/>\n<meta name=\"twitter:card\" content=\"summary_large_image\" \/>\n<meta name=\"twitter:creator\" content=\"@PatAmb\" \/>\n<meta name=\"twitter:site\" content=\"@PatAmb\" \/>\n<script type=\"application\/ld+json\" class=\"yoast-schema-graph\">{\"@context\":\"https:\\\/\\\/schema.org\",\"@graph\":[{\"@type\":\"Article\",\"@id\":\"https:\\\/\\\/patagoniambiental.com.ar\\\/info\\\/berhongaray-presento-un-proyecto-para-proteger-el-aguila-coronada\\\/#article\",\"isPartOf\":{\"@id\":\"https:\\\/\\\/patagoniambiental.com.ar\\\/info\\\/berhongaray-presento-un-proyecto-para-proteger-el-aguila-coronada\\\/\"},\"author\":{\"name\":\"BRAIAN ESTEVEZ\",\"@id\":\"https:\\\/\\\/patagoniambiental.com.ar\\\/info\\\/#\\\/schema\\\/person\\\/e5af09d700b2e82cb10c6b8800e0c691\"},\"headline\":\"Berhongaray present\u00f3 un proyecto para proteger el \u00e1guila coronada\",\"datePublished\":\"2021-08-01T10:00:00+00:00\",\"mainEntityOfPage\":{\"@id\":\"https:\\\/\\\/patagoniambiental.com.ar\\\/info\\\/berhongaray-presento-un-proyecto-para-proteger-el-aguila-coronada\\\/\"},\"wordCount\":838,\"commentCount\":0,\"publisher\":{\"@id\":\"https:\\\/\\\/patagoniambiental.com.ar\\\/info\\\/#organization\"},\"image\":{\"@id\":\"https:\\\/\\\/patagoniambiental.com.ar\\\/info\\\/berhongaray-presento-un-proyecto-para-proteger-el-aguila-coronada\\\/#primaryimage\"},\"thumbnailUrl\":\"https:\\\/\\\/patagoniambiental.com.ar\\\/info\\\/wp-content\\\/uploads\\\/2021\\\/07\\\/CORONADA.jpg\",\"articleSection\":[\"Bolet\u00edn\",\"La Pampa\",\"Noticias\",\"Provinciales\",\"Rotador\"],\"inLanguage\":\"es\",\"potentialAction\":[{\"@type\":\"CommentAction\",\"name\":\"Comment\",\"target\":[\"https:\\\/\\\/patagoniambiental.com.ar\\\/info\\\/berhongaray-presento-un-proyecto-para-proteger-el-aguila-coronada\\\/#respond\"]}]},{\"@type\":\"WebPage\",\"@id\":\"https:\\\/\\\/patagoniambiental.com.ar\\\/info\\\/berhongaray-presento-un-proyecto-para-proteger-el-aguila-coronada\\\/\",\"url\":\"https:\\\/\\\/patagoniambiental.com.ar\\\/info\\\/berhongaray-presento-un-proyecto-para-proteger-el-aguila-coronada\\\/\",\"name\":\"Berhongaray present\u00f3 un proyecto para proteger el \u00e1guila coronada\",\"isPartOf\":{\"@id\":\"https:\\\/\\\/patagoniambiental.com.ar\\\/info\\\/#website\"},\"primaryImageOfPage\":{\"@id\":\"https:\\\/\\\/patagoniambiental.com.ar\\\/info\\\/berhongaray-presento-un-proyecto-para-proteger-el-aguila-coronada\\\/#primaryimage\"},\"image\":{\"@id\":\"https:\\\/\\\/patagoniambiental.com.ar\\\/info\\\/berhongaray-presento-un-proyecto-para-proteger-el-aguila-coronada\\\/#primaryimage\"},\"thumbnailUrl\":\"https:\\\/\\\/patagoniambiental.com.ar\\\/info\\\/wp-content\\\/uploads\\\/2021\\\/07\\\/CORONADA.jpg\",\"datePublished\":\"2021-08-01T10:00:00+00:00\",\"breadcrumb\":{\"@id\":\"https:\\\/\\\/patagoniambiental.com.ar\\\/info\\\/berhongaray-presento-un-proyecto-para-proteger-el-aguila-coronada\\\/#breadcrumb\"},\"inLanguage\":\"es\",\"potentialAction\":[{\"@type\":\"ReadAction\",\"target\":[\"https:\\\/\\\/patagoniambiental.com.ar\\\/info\\\/berhongaray-presento-un-proyecto-para-proteger-el-aguila-coronada\\\/\"]}]},{\"@type\":\"ImageObject\",\"inLanguage\":\"es\",\"@id\":\"https:\\\/\\\/patagoniambiental.com.ar\\\/info\\\/berhongaray-presento-un-proyecto-para-proteger-el-aguila-coronada\\\/#primaryimage\",\"url\":\"https:\\\/\\\/patagoniambiental.com.ar\\\/info\\\/wp-content\\\/uploads\\\/2021\\\/07\\\/CORONADA.jpg\",\"contentUrl\":\"https:\\\/\\\/patagoniambiental.com.ar\\\/info\\\/wp-content\\\/uploads\\\/2021\\\/07\\\/CORONADA.jpg\",\"width\":900,\"height\":600},{\"@type\":\"BreadcrumbList\",\"@id\":\"https:\\\/\\\/patagoniambiental.com.ar\\\/info\\\/berhongaray-presento-un-proyecto-para-proteger-el-aguila-coronada\\\/#breadcrumb\",\"itemListElement\":[{\"@type\":\"ListItem\",\"position\":1,\"name\":\"Inicio\",\"item\":\"https:\\\/\\\/patagoniambiental.com.ar\\\/info\\\/\"},{\"@type\":\"ListItem\",\"position\":2,\"name\":\"Berhongaray present\u00f3 un proyecto para proteger el \u00e1guila coronada\"}]},{\"@type\":\"WebSite\",\"@id\":\"https:\\\/\\\/patagoniambiental.com.ar\\\/info\\\/#website\",\"url\":\"https:\\\/\\\/patagoniambiental.com.ar\\\/info\\\/\",\"name\":\"Patagonia Ambiental\",\"description\":\"Monitoreo y an\u00e1lisis de la situaci\u00f3n geopol\u00edtica en el mundo y su implicancia en la Patagonia\",\"publisher\":{\"@id\":\"https:\\\/\\\/patagoniambiental.com.ar\\\/info\\\/#organization\"},\"potentialAction\":[{\"@type\":\"SearchAction\",\"target\":{\"@type\":\"EntryPoint\",\"urlTemplate\":\"https:\\\/\\\/patagoniambiental.com.ar\\\/info\\\/?s={search_term_string}\"},\"query-input\":{\"@type\":\"PropertyValueSpecification\",\"valueRequired\":true,\"valueName\":\"search_term_string\"}}],\"inLanguage\":\"es\"},{\"@type\":\"Organization\",\"@id\":\"https:\\\/\\\/patagoniambiental.com.ar\\\/info\\\/#organization\",\"name\":\"Patagonia Ambiental\",\"url\":\"https:\\\/\\\/patagoniambiental.com.ar\\\/info\\\/\",\"logo\":{\"@type\":\"ImageObject\",\"inLanguage\":\"es\",\"@id\":\"https:\\\/\\\/patagoniambiental.com.ar\\\/info\\\/#\\\/schema\\\/logo\\\/image\\\/\",\"url\":\"https:\\\/\\\/patagoniambiental.com.ar\\\/info\\\/wp-content\\\/uploads\\\/2025\\\/05\\\/LOGO-PATAGONIA-AMBIENTAL.png\",\"contentUrl\":\"https:\\\/\\\/patagoniambiental.com.ar\\\/info\\\/wp-content\\\/uploads\\\/2025\\\/05\\\/LOGO-PATAGONIA-AMBIENTAL.png\",\"width\":433,\"height\":250,\"caption\":\"Patagonia Ambiental\"},\"image\":{\"@id\":\"https:\\\/\\\/patagoniambiental.com.ar\\\/info\\\/#\\\/schema\\\/logo\\\/image\\\/\"},\"sameAs\":[\"https:\\\/\\\/www.facebook.com\\\/patagonia.ambiental\",\"https:\\\/\\\/x.com\\\/PatAmb\"]},{\"@type\":\"Person\",\"@id\":\"https:\\\/\\\/patagoniambiental.com.ar\\\/info\\\/#\\\/schema\\\/person\\\/e5af09d700b2e82cb10c6b8800e0c691\",\"name\":\"BRAIAN ESTEVEZ\",\"sameAs\":[\"http:\\\/\\\/www.patagoniambiental.com.ar\"]}]}<\/script>\n<!-- \/ Yoast SEO Premium plugin. -->","yoast_head_json":{"title":"Berhongaray present\u00f3 un proyecto para proteger el \u00e1guila coronada","robots":{"index":"index","follow":"follow","max-snippet":"max-snippet:-1","max-image-preview":"max-image-preview:large","max-video-preview":"max-video-preview:-1"},"canonical":"https:\/\/patagoniambiental.com.ar\/info\/berhongaray-presento-un-proyecto-para-proteger-el-aguila-coronada\/","og_locale":"es_ES","og_type":"article","og_title":"Berhongaray present\u00f3 un proyecto para proteger el \u00e1guila coronada","og_url":"https:\/\/patagoniambiental.com.ar\/info\/berhongaray-presento-un-proyecto-para-proteger-el-aguila-coronada\/","og_site_name":"Patagonia Ambiental","article_publisher":"https:\/\/www.facebook.com\/patagonia.ambiental","article_published_time":"2021-08-01T10:00:00+00:00","og_image":[{"width":1200,"height":800,"url":"https:\/\/patagoniambiental.com.ar\/info\/wp-content\/uploads\/2021\/07\/CORONADA.jpg","type":"image\/jpeg"}],"author":"BRAIAN ESTEVEZ","twitter_card":"summary_large_image","twitter_creator":"@PatAmb","twitter_site":"@PatAmb","schema":{"@context":"https:\/\/schema.org","@graph":[{"@type":"Article","@id":"https:\/\/patagoniambiental.com.ar\/info\/berhongaray-presento-un-proyecto-para-proteger-el-aguila-coronada\/#article","isPartOf":{"@id":"https:\/\/patagoniambiental.com.ar\/info\/berhongaray-presento-un-proyecto-para-proteger-el-aguila-coronada\/"},"author":{"name":"BRAIAN ESTEVEZ","@id":"https:\/\/patagoniambiental.com.ar\/info\/#\/schema\/person\/e5af09d700b2e82cb10c6b8800e0c691"},"headline":"Berhongaray present\u00f3 un proyecto para proteger el \u00e1guila coronada","datePublished":"2021-08-01T10:00:00+00:00","mainEntityOfPage":{"@id":"https:\/\/patagoniambiental.com.ar\/info\/berhongaray-presento-un-proyecto-para-proteger-el-aguila-coronada\/"},"wordCount":838,"commentCount":0,"publisher":{"@id":"https:\/\/patagoniambiental.com.ar\/info\/#organization"},"image":{"@id":"https:\/\/patagoniambiental.com.ar\/info\/berhongaray-presento-un-proyecto-para-proteger-el-aguila-coronada\/#primaryimage"},"thumbnailUrl":"https:\/\/patagoniambiental.com.ar\/info\/wp-content\/uploads\/2021\/07\/CORONADA.jpg","articleSection":["Bolet\u00edn","La Pampa","Noticias","Provinciales","Rotador"],"inLanguage":"es","potentialAction":[{"@type":"CommentAction","name":"Comment","target":["https:\/\/patagoniambiental.com.ar\/info\/berhongaray-presento-un-proyecto-para-proteger-el-aguila-coronada\/#respond"]}]},{"@type":"WebPage","@id":"https:\/\/patagoniambiental.com.ar\/info\/berhongaray-presento-un-proyecto-para-proteger-el-aguila-coronada\/","url":"https:\/\/patagoniambiental.com.ar\/info\/berhongaray-presento-un-proyecto-para-proteger-el-aguila-coronada\/","name":"Berhongaray present\u00f3 un proyecto para proteger el \u00e1guila coronada","isPartOf":{"@id":"https:\/\/patagoniambiental.com.ar\/info\/#website"},"primaryImageOfPage":{"@id":"https:\/\/patagoniambiental.com.ar\/info\/berhongaray-presento-un-proyecto-para-proteger-el-aguila-coronada\/#primaryimage"},"image":{"@id":"https:\/\/patagoniambiental.com.ar\/info\/berhongaray-presento-un-proyecto-para-proteger-el-aguila-coronada\/#primaryimage"},"thumbnailUrl":"https:\/\/patagoniambiental.com.ar\/info\/wp-content\/uploads\/2021\/07\/CORONADA.jpg","datePublished":"2021-08-01T10:00:00+00:00","breadcrumb":{"@id":"https:\/\/patagoniambiental.com.ar\/info\/berhongaray-presento-un-proyecto-para-proteger-el-aguila-coronada\/#breadcrumb"},"inLanguage":"es","potentialAction":[{"@type":"ReadAction","target":["https:\/\/patagoniambiental.com.ar\/info\/berhongaray-presento-un-proyecto-para-proteger-el-aguila-coronada\/"]}]},{"@type":"ImageObject","inLanguage":"es","@id":"https:\/\/patagoniambiental.com.ar\/info\/berhongaray-presento-un-proyecto-para-proteger-el-aguila-coronada\/#primaryimage","url":"https:\/\/patagoniambiental.com.ar\/info\/wp-content\/uploads\/2021\/07\/CORONADA.jpg","contentUrl":"https:\/\/patagoniambiental.com.ar\/info\/wp-content\/uploads\/2021\/07\/CORONADA.jpg","width":900,"height":600},{"@type":"BreadcrumbList","@id":"https:\/\/patagoniambiental.com.ar\/info\/berhongaray-presento-un-proyecto-para-proteger-el-aguila-coronada\/#breadcrumb","itemListElement":[{"@type":"ListItem","position":1,"name":"Inicio","item":"https:\/\/patagoniambiental.com.ar\/info\/"},{"@type":"ListItem","position":2,"name":"Berhongaray present\u00f3 un proyecto para proteger el \u00e1guila coronada"}]},{"@type":"WebSite","@id":"https:\/\/patagoniambiental.com.ar\/info\/#website","url":"https:\/\/patagoniambiental.com.ar\/info\/","name":"Patagonia Ambiental","description":"Monitoreo y an\u00e1lisis de la situaci\u00f3n geopol\u00edtica en el mundo y su implicancia en la Patagonia","publisher":{"@id":"https:\/\/patagoniambiental.com.ar\/info\/#organization"},"potentialAction":[{"@type":"SearchAction","target":{"@type":"EntryPoint","urlTemplate":"https:\/\/patagoniambiental.com.ar\/info\/?s={search_term_string}"},"query-input":{"@type":"PropertyValueSpecification","valueRequired":true,"valueName":"search_term_string"}}],"inLanguage":"es"},{"@type":"Organization","@id":"https:\/\/patagoniambiental.com.ar\/info\/#organization","name":"Patagonia Ambiental","url":"https:\/\/patagoniambiental.com.ar\/info\/","logo":{"@type":"ImageObject","inLanguage":"es","@id":"https:\/\/patagoniambiental.com.ar\/info\/#\/schema\/logo\/image\/","url":"https:\/\/patagoniambiental.com.ar\/info\/wp-content\/uploads\/2025\/05\/LOGO-PATAGONIA-AMBIENTAL.png","contentUrl":"https:\/\/patagoniambiental.com.ar\/info\/wp-content\/uploads\/2025\/05\/LOGO-PATAGONIA-AMBIENTAL.png","width":433,"height":250,"caption":"Patagonia Ambiental"},"image":{"@id":"https:\/\/patagoniambiental.com.ar\/info\/#\/schema\/logo\/image\/"},"sameAs":["https:\/\/www.facebook.com\/patagonia.ambiental","https:\/\/x.com\/PatAmb"]},{"@type":"Person","@id":"https:\/\/patagoniambiental.com.ar\/info\/#\/schema\/person\/e5af09d700b2e82cb10c6b8800e0c691","name":"BRAIAN ESTEVEZ","sameAs":["http:\/\/www.patagoniambiental.com.ar"]}]}},"_links":{"self":[{"href":"https:\/\/patagoniambiental.com.ar\/info\/wp-json\/wp\/v2\/posts\/73590","targetHints":{"allow":["GET"]}}],"collection":[{"href":"https:\/\/patagoniambiental.com.ar\/info\/wp-json\/wp\/v2\/posts"}],"about":[{"href":"https:\/\/patagoniambiental.com.ar\/info\/wp-json\/wp\/v2\/types\/post"}],"author":[{"embeddable":true,"href":"https:\/\/patagoniambiental.com.ar\/info\/wp-json\/wp\/v2\/users\/6"}],"replies":[{"embeddable":true,"href":"https:\/\/patagoniambiental.com.ar\/info\/wp-json\/wp\/v2\/comments?post=73590"}],"version-history":[{"count":0,"href":"https:\/\/patagoniambiental.com.ar\/info\/wp-json\/wp\/v2\/posts\/73590\/revisions"}],"wp:featuredmedia":[{"embeddable":true,"href":"https:\/\/patagoniambiental.com.ar\/info\/wp-json\/wp\/v2\/media\/73591"}],"wp:attachment":[{"href":"https:\/\/patagoniambiental.com.ar\/info\/wp-json\/wp\/v2\/media?parent=73590"}],"wp:term":[{"taxonomy":"category","embeddable":true,"href":"https:\/\/patagoniambiental.com.ar\/info\/wp-json\/wp\/v2\/categories?post=73590"},{"taxonomy":"post_tag","embeddable":true,"href":"https:\/\/patagoniambiental.com.ar\/info\/wp-json\/wp\/v2\/tags?post=73590"}],"curies":[{"name":"wp","href":"https:\/\/api.w.org\/{rel}","templated":true}]}}