{"id":73607,"date":"2021-08-02T19:00:00","date_gmt":"2021-08-02T22:00:00","guid":{"rendered":"http:\/\/patagoniambiental.com.ar\/info\/?p=73607"},"modified":"2021-08-02T13:34:39","modified_gmt":"2021-08-02T16:34:39","slug":"mas-de-300-millones-seran-invertidos-en-proyecto-de-conservacion-de-escuela-en-la-region-chilena-de-aysen","status":"publish","type":"post","link":"https:\/\/patagoniambiental.com.ar\/info\/mas-de-300-millones-seran-invertidos-en-proyecto-de-conservacion-de-escuela-en-la-region-chilena-de-aysen\/","title":{"rendered":"M\u00e1s de $300 millones ser\u00e1n invertidos en proyecto de conservaci\u00f3n de Escuela en la regi\u00f3n chilena de Ays\u00e9n"},"content":{"rendered":"\n<!--more-->\n\n\n\n<p>Con la presencia del jefe de gabinete, Marco Co\u00f1uecar, en representaci\u00f3n del alcalde de Ays\u00e9n, Julio Uribe; el director (S) de educaci\u00f3n municipal, Freddy Moraga; el director de la escuela Ays\u00e9n, Luis Seguel; y equipo t\u00e9cnico de la unidad de Proyectos del DEM y Direcci\u00f3n de Obras Municipales, este viernes se realiz\u00f3 la entrega de terreno que marca el inicio de la iniciativa de Conservaci\u00f3n del establecimiento educacional aysenino.<\/p>\n\n\n\n<p>Ays\u00e9n.- El proyecto -que considera un presupuesto total de $302.388.838 financiado por el Fondo Nacional de Desarrollo Regional F.N.D.R del Gobierno Regional de Ays\u00e9n-, apunta a un mejoramiento de la envolvente t\u00e9rmica en las fachadas principales de esta escuela, as\u00ed como la reposici\u00f3n de ventanas en las \u00e1reas de salas de clases y de sus cielos interiores, incluyendo aislaci\u00f3n t\u00e9rmica, y la implementaci\u00f3n de sistema de calefacci\u00f3n central, desarrollado por la unidad de proyectos de la Direcci\u00f3n de Educaci\u00f3n Municipal en colaboraci\u00f3n por el ministerio de Energ\u00eda. Incorpora, adem\u00e1s, la regularizaci\u00f3n del permiso de edificaci\u00f3n del EE conforme a la Ley 21.052.<\/p>\n\n\n\n<p>Todo esto, en el marco de entregar mejores condiciones a los educandos de este recinto educacional, as\u00ed como de todos quienes forman parte de la comunidad educativa. Proyecto que ser\u00e1 ejecutado en un plazo m\u00e1ximo de 120 d\u00edas corridos, por el contratista Servicios de Ingenier\u00eda Miguel \u00c1ngel Casas D\u00edaz E.I.R.L.<\/p>\n\n\n\n<p>Al respecto, el director de la escuela Ays\u00e9n, Luis Seguel, manifest\u00f3 su conformidad sobre este el desarrollo de esta instancia, que inici\u00f3 durante la jornada, y cuyo t\u00e9rmino de obra se proyecta para fines de noviembre de 2021. \u201cEstamos muy agradecidos del trabajo municipal y del departamento de educaci\u00f3n. Es un avance muy importante para mejorar las condiciones de trabajo y estudio de nuestros alumnos. La comunidad educativa va a estar muy contenta con este proceso que esperamos tener listo antes de fin de a\u00f1o\u201d.<\/p>\n\n\n\n<p>Agreg\u00f3 que \u201ccomo esta es una escuela antigua todav\u00eda tiene su calefacci\u00f3n a trav\u00e9s de la le\u00f1a, la que estamos de acuerdo no es lo mejor para el medio ambiente, especialmente en nuestra regi\u00f3n. As\u00ed es que el proyecto mismo cambia el sistema de calefacci\u00f3n a trav\u00e9s de caldera a gas y eso, por supuesto, va a traer un beneficio enorme para que los alumnos, docentes y funcionarios puedan trabajar en condiciones excelentes\u201d.<\/p>\n\n\n\n<p>Por su parte, el jefe de gabinete, Marco Co\u00f1uecar, relev\u00f3 los esfuerzos de la Direcci\u00f3n de Educaci\u00f3n Municipal en pos de generar las alternativas necesarias que permitan mejorar las condiciones de vida de los alumnos en los diversos establecimientos educacionales de la red municipal. \u201cMuy contentos porque tal como lo se\u00f1al\u00e9, toda obra que vaya en beneficio de los estudiantes y sus familias, es bienvenida. No podemos olvidar que por geograf\u00eda y climas hay tiempos de mucho frio. Este mejoramiento t\u00e9rmico viene a apoyar esa situaci\u00f3n y hoy la misi\u00f3n es buscar mas recursos para poder mejorar los otros colegios en esta amplia red de establecimiento educacionales y entregar lo mejor a nuestros estudiantes\u201d.<\/p>\n\n\n\n<p>Para el director (S) DEM, Freddy Moraga, la realizaci\u00f3n de esta iniciativa responde a uno de los principales objetivos del estamento que representa, y que se traduce en el bienestar de las comunidades educativas. \u201cEs una grata noticia poder tener esta tremenda inversi\u00f3n en beneficio de esta escuela, vamos a tratar de hacer lo posible para tener este tipo de inversiones en otras escuelas. S\u00e9 que el tiempo y a veces el dinero no es suficiente. Pero, en la medida que uno tenga la intenci\u00f3n con una cantidad de proyectos que tenemos a\u00fan en carpeta, podemos hacer lo posible\u201d, manifest\u00f3 a\u00f1adiendo que \u201ctal como lo conversamos con el director, es importante que esta escuela cuente con este tipo de calefacci\u00f3n, porque adem\u00e1s estamos aportando un granito de arena a lo que significa el cuidado del medio ambiente\u201d.<\/p>\n\n\n\n<p>Fuente: https:\/\/www.rln.cl\/destacado\/89651-mas-de-300-millones-seran-invertidos-en-proyecto-de-conservacion-de-escuela-aysen<\/p>\n","protected":false},"excerpt":{"rendered":"","protected":false},"author":6,"featured_media":73608,"comment_status":"open","ping_status":"open","sticky":false,"template":"","format":"standard","meta":{"site-sidebar-layout":"default","site-content-layout":"","ast-site-content-layout":"default","site-content-style":"default","site-sidebar-style":"default","ast-global-header-display":"","ast-banner-title-visibility":"","ast-main-header-display":"","ast-hfb-above-header-display":"","ast-hfb-below-header-display":"","ast-hfb-mobile-header-display":"","site-post-title":"","ast-breadcrumbs-content":"","ast-featured-img":"","footer-sml-layout":"","ast-disable-related-posts":"","theme-transparent-header-meta":"","adv-header-id-meta":"","stick-header-meta":"","header-above-stick-meta":"","header-main-stick-meta":"","header-below-stick-meta":"","astra-migrate-meta-layouts":"default","ast-page-background-enabled":"default","ast-page-background-meta":{"desktop":{"background-color":"var(--ast-global-color-5)","background-image":"","background-repeat":"repeat","background-position":"center center","background-size":"auto","background-attachment":"scroll","background-type":"","background-media":"","overlay-type":"","overlay-color":"","overlay-opacity":"","overlay-gradient":""},"tablet":{"background-color":"","background-image":"","background-repeat":"repeat","background-position":"center center","background-size":"auto","background-attachment":"scroll","background-type":"","background-media":"","overlay-type":"","overlay-color":"","overlay-opacity":"","overlay-gradient":""},"mobile":{"background-color":"","background-image":"","background-repeat":"repeat","background-position":"center center","background-size":"auto","background-attachment":"scroll","background-type":"","background-media":"","overlay-type":"","overlay-color":"","overlay-opacity":"","overlay-gradient":""}},"ast-content-background-meta":{"desktop":{"background-color":"var(--ast-global-color-4)","background-image":"","background-repeat":"repeat","background-position":"center center","background-size":"auto","background-attachment":"scroll","background-type":"","background-media":"","overlay-type":"","overlay-color":"","overlay-opacity":"","overlay-gradient":""},"tablet":{"background-color":"var(--ast-global-color-4)","background-image":"","background-repeat":"repeat","background-position":"center center","background-size":"auto","background-attachment":"scroll","background-type":"","background-media":"","overlay-type":"","overlay-color":"","overlay-opacity":"","overlay-gradient":""},"mobile":{"background-color":"var(--ast-global-color-4)","background-image":"","background-repeat":"repeat","background-position":"center center","background-size":"auto","background-attachment":"scroll","background-type":"","background-media":"","overlay-type":"","overlay-color":"","overlay-opacity":"","overlay-gradient":""}},"footnotes":""},"categories":[23,1],"tags":[],"class_list":["post-73607","post","type-post","status-publish","format-standard","has-post-thumbnail","hentry","category-internacionales","category-noticias"],"yoast_head":"<!-- This site is optimized with the Yoast SEO Premium plugin v23.0 (Yoast SEO v27.5) - https:\/\/yoast.com\/product\/yoast-seo-premium-wordpress\/ -->\n<title>M\u00e1s de $300 millones ser\u00e1n invertidos en proyecto de conservaci\u00f3n de Escuela en la regi\u00f3n chilena de Ays\u00e9n<\/title>\n<meta name=\"robots\" content=\"index, follow, max-snippet:-1, max-image-preview:large, max-video-preview:-1\" \/>\n<link rel=\"canonical\" href=\"https:\/\/patagoniambiental.com.ar\/info\/mas-de-300-millones-seran-invertidos-en-proyecto-de-conservacion-de-escuela-en-la-region-chilena-de-aysen\/\" \/>\n<meta property=\"og:locale\" content=\"es_ES\" \/>\n<meta property=\"og:type\" content=\"article\" \/>\n<meta property=\"og:title\" content=\"M\u00e1s de $300 millones ser\u00e1n invertidos en proyecto de conservaci\u00f3n de Escuela en la regi\u00f3n chilena de Ays\u00e9n\" \/>\n<meta property=\"og:url\" content=\"https:\/\/patagoniambiental.com.ar\/info\/mas-de-300-millones-seran-invertidos-en-proyecto-de-conservacion-de-escuela-en-la-region-chilena-de-aysen\/\" \/>\n<meta property=\"og:site_name\" content=\"Patagonia Ambiental\" \/>\n<meta property=\"article:publisher\" content=\"https:\/\/www.facebook.com\/patagonia.ambiental\" \/>\n<meta property=\"article:published_time\" content=\"2021-08-02T22:00:00+00:00\" \/>\n<meta property=\"og:image\" content=\"https:\/\/patagoniambiental.com.ar\/info\/wp-content\/uploads\/2021\/08\/218824786_4132642340196062_113614208129007535_n.jpg\" \/>\n\t<meta property=\"og:image:width\" content=\"960\" \/>\n\t<meta property=\"og:image:height\" content=\"720\" \/>\n\t<meta property=\"og:image:type\" content=\"image\/jpeg\" \/>\n<meta name=\"author\" content=\"BRAIAN ESTEVEZ\" \/>\n<meta name=\"twitter:card\" content=\"summary_large_image\" \/>\n<meta name=\"twitter:creator\" content=\"@PatAmb\" \/>\n<meta name=\"twitter:site\" content=\"@PatAmb\" \/>\n<script type=\"application\/ld+json\" class=\"yoast-schema-graph\">{\"@context\":\"https:\\\/\\\/schema.org\",\"@graph\":[{\"@type\":\"Article\",\"@id\":\"https:\\\/\\\/patagoniambiental.com.ar\\\/info\\\/mas-de-300-millones-seran-invertidos-en-proyecto-de-conservacion-de-escuela-en-la-region-chilena-de-aysen\\\/#article\",\"isPartOf\":{\"@id\":\"https:\\\/\\\/patagoniambiental.com.ar\\\/info\\\/mas-de-300-millones-seran-invertidos-en-proyecto-de-conservacion-de-escuela-en-la-region-chilena-de-aysen\\\/\"},\"author\":{\"name\":\"BRAIAN ESTEVEZ\",\"@id\":\"https:\\\/\\\/patagoniambiental.com.ar\\\/info\\\/#\\\/schema\\\/person\\\/e5af09d700b2e82cb10c6b8800e0c691\"},\"headline\":\"M\u00e1s de $300 millones ser\u00e1n invertidos en proyecto de conservaci\u00f3n de Escuela en la regi\u00f3n chilena de Ays\u00e9n\",\"datePublished\":\"2021-08-02T22:00:00+00:00\",\"mainEntityOfPage\":{\"@id\":\"https:\\\/\\\/patagoniambiental.com.ar\\\/info\\\/mas-de-300-millones-seran-invertidos-en-proyecto-de-conservacion-de-escuela-en-la-region-chilena-de-aysen\\\/\"},\"wordCount\":716,\"commentCount\":0,\"publisher\":{\"@id\":\"https:\\\/\\\/patagoniambiental.com.ar\\\/info\\\/#organization\"},\"image\":{\"@id\":\"https:\\\/\\\/patagoniambiental.com.ar\\\/info\\\/mas-de-300-millones-seran-invertidos-en-proyecto-de-conservacion-de-escuela-en-la-region-chilena-de-aysen\\\/#primaryimage\"},\"thumbnailUrl\":\"https:\\\/\\\/patagoniambiental.com.ar\\\/info\\\/wp-content\\\/uploads\\\/2021\\\/08\\\/218824786_4132642340196062_113614208129007535_n.jpg\",\"articleSection\":[\"Internacionales\",\"Noticias\"],\"inLanguage\":\"es\",\"potentialAction\":[{\"@type\":\"CommentAction\",\"name\":\"Comment\",\"target\":[\"https:\\\/\\\/patagoniambiental.com.ar\\\/info\\\/mas-de-300-millones-seran-invertidos-en-proyecto-de-conservacion-de-escuela-en-la-region-chilena-de-aysen\\\/#respond\"]}]},{\"@type\":\"WebPage\",\"@id\":\"https:\\\/\\\/patagoniambiental.com.ar\\\/info\\\/mas-de-300-millones-seran-invertidos-en-proyecto-de-conservacion-de-escuela-en-la-region-chilena-de-aysen\\\/\",\"url\":\"https:\\\/\\\/patagoniambiental.com.ar\\\/info\\\/mas-de-300-millones-seran-invertidos-en-proyecto-de-conservacion-de-escuela-en-la-region-chilena-de-aysen\\\/\",\"name\":\"M\u00e1s de $300 millones ser\u00e1n invertidos en proyecto de conservaci\u00f3n de Escuela en la regi\u00f3n chilena de Ays\u00e9n\",\"isPartOf\":{\"@id\":\"https:\\\/\\\/patagoniambiental.com.ar\\\/info\\\/#website\"},\"primaryImageOfPage\":{\"@id\":\"https:\\\/\\\/patagoniambiental.com.ar\\\/info\\\/mas-de-300-millones-seran-invertidos-en-proyecto-de-conservacion-de-escuela-en-la-region-chilena-de-aysen\\\/#primaryimage\"},\"image\":{\"@id\":\"https:\\\/\\\/patagoniambiental.com.ar\\\/info\\\/mas-de-300-millones-seran-invertidos-en-proyecto-de-conservacion-de-escuela-en-la-region-chilena-de-aysen\\\/#primaryimage\"},\"thumbnailUrl\":\"https:\\\/\\\/patagoniambiental.com.ar\\\/info\\\/wp-content\\\/uploads\\\/2021\\\/08\\\/218824786_4132642340196062_113614208129007535_n.jpg\",\"datePublished\":\"2021-08-02T22:00:00+00:00\",\"breadcrumb\":{\"@id\":\"https:\\\/\\\/patagoniambiental.com.ar\\\/info\\\/mas-de-300-millones-seran-invertidos-en-proyecto-de-conservacion-de-escuela-en-la-region-chilena-de-aysen\\\/#breadcrumb\"},\"inLanguage\":\"es\",\"potentialAction\":[{\"@type\":\"ReadAction\",\"target\":[\"https:\\\/\\\/patagoniambiental.com.ar\\\/info\\\/mas-de-300-millones-seran-invertidos-en-proyecto-de-conservacion-de-escuela-en-la-region-chilena-de-aysen\\\/\"]}]},{\"@type\":\"ImageObject\",\"inLanguage\":\"es\",\"@id\":\"https:\\\/\\\/patagoniambiental.com.ar\\\/info\\\/mas-de-300-millones-seran-invertidos-en-proyecto-de-conservacion-de-escuela-en-la-region-chilena-de-aysen\\\/#primaryimage\",\"url\":\"https:\\\/\\\/patagoniambiental.com.ar\\\/info\\\/wp-content\\\/uploads\\\/2021\\\/08\\\/218824786_4132642340196062_113614208129007535_n.jpg\",\"contentUrl\":\"https:\\\/\\\/patagoniambiental.com.ar\\\/info\\\/wp-content\\\/uploads\\\/2021\\\/08\\\/218824786_4132642340196062_113614208129007535_n.jpg\",\"width\":960,\"height\":720},{\"@type\":\"BreadcrumbList\",\"@id\":\"https:\\\/\\\/patagoniambiental.com.ar\\\/info\\\/mas-de-300-millones-seran-invertidos-en-proyecto-de-conservacion-de-escuela-en-la-region-chilena-de-aysen\\\/#breadcrumb\",\"itemListElement\":[{\"@type\":\"ListItem\",\"position\":1,\"name\":\"Inicio\",\"item\":\"https:\\\/\\\/patagoniambiental.com.ar\\\/info\\\/\"},{\"@type\":\"ListItem\",\"position\":2,\"name\":\"M\u00e1s de $300 millones ser\u00e1n invertidos en proyecto de conservaci\u00f3n de Escuela en la regi\u00f3n chilena de Ays\u00e9n\"}]},{\"@type\":\"WebSite\",\"@id\":\"https:\\\/\\\/patagoniambiental.com.ar\\\/info\\\/#website\",\"url\":\"https:\\\/\\\/patagoniambiental.com.ar\\\/info\\\/\",\"name\":\"Patagonia Ambiental\",\"description\":\"Monitoreo y an\u00e1lisis de la situaci\u00f3n geopol\u00edtica en el mundo y su implicancia en la Patagonia\",\"publisher\":{\"@id\":\"https:\\\/\\\/patagoniambiental.com.ar\\\/info\\\/#organization\"},\"potentialAction\":[{\"@type\":\"SearchAction\",\"target\":{\"@type\":\"EntryPoint\",\"urlTemplate\":\"https:\\\/\\\/patagoniambiental.com.ar\\\/info\\\/?s={search_term_string}\"},\"query-input\":{\"@type\":\"PropertyValueSpecification\",\"valueRequired\":true,\"valueName\":\"search_term_string\"}}],\"inLanguage\":\"es\"},{\"@type\":\"Organization\",\"@id\":\"https:\\\/\\\/patagoniambiental.com.ar\\\/info\\\/#organization\",\"name\":\"Patagonia Ambiental\",\"url\":\"https:\\\/\\\/patagoniambiental.com.ar\\\/info\\\/\",\"logo\":{\"@type\":\"ImageObject\",\"inLanguage\":\"es\",\"@id\":\"https:\\\/\\\/patagoniambiental.com.ar\\\/info\\\/#\\\/schema\\\/logo\\\/image\\\/\",\"url\":\"https:\\\/\\\/patagoniambiental.com.ar\\\/info\\\/wp-content\\\/uploads\\\/2025\\\/05\\\/LOGO-PATAGONIA-AMBIENTAL.png\",\"contentUrl\":\"https:\\\/\\\/patagoniambiental.com.ar\\\/info\\\/wp-content\\\/uploads\\\/2025\\\/05\\\/LOGO-PATAGONIA-AMBIENTAL.png\",\"width\":433,\"height\":250,\"caption\":\"Patagonia Ambiental\"},\"image\":{\"@id\":\"https:\\\/\\\/patagoniambiental.com.ar\\\/info\\\/#\\\/schema\\\/logo\\\/image\\\/\"},\"sameAs\":[\"https:\\\/\\\/www.facebook.com\\\/patagonia.ambiental\",\"https:\\\/\\\/x.com\\\/PatAmb\"]},{\"@type\":\"Person\",\"@id\":\"https:\\\/\\\/patagoniambiental.com.ar\\\/info\\\/#\\\/schema\\\/person\\\/e5af09d700b2e82cb10c6b8800e0c691\",\"name\":\"BRAIAN ESTEVEZ\",\"sameAs\":[\"http:\\\/\\\/www.patagoniambiental.com.ar\"]}]}<\/script>\n<!-- \/ Yoast SEO Premium plugin. -->","yoast_head_json":{"title":"M\u00e1s de $300 millones ser\u00e1n invertidos en proyecto de conservaci\u00f3n de Escuela en la regi\u00f3n chilena de Ays\u00e9n","robots":{"index":"index","follow":"follow","max-snippet":"max-snippet:-1","max-image-preview":"max-image-preview:large","max-video-preview":"max-video-preview:-1"},"canonical":"https:\/\/patagoniambiental.com.ar\/info\/mas-de-300-millones-seran-invertidos-en-proyecto-de-conservacion-de-escuela-en-la-region-chilena-de-aysen\/","og_locale":"es_ES","og_type":"article","og_title":"M\u00e1s de $300 millones ser\u00e1n invertidos en proyecto de conservaci\u00f3n de Escuela en la regi\u00f3n chilena de Ays\u00e9n","og_url":"https:\/\/patagoniambiental.com.ar\/info\/mas-de-300-millones-seran-invertidos-en-proyecto-de-conservacion-de-escuela-en-la-region-chilena-de-aysen\/","og_site_name":"Patagonia Ambiental","article_publisher":"https:\/\/www.facebook.com\/patagonia.ambiental","article_published_time":"2021-08-02T22:00:00+00:00","og_image":[{"width":960,"height":720,"url":"https:\/\/patagoniambiental.com.ar\/info\/wp-content\/uploads\/2021\/08\/218824786_4132642340196062_113614208129007535_n.jpg","type":"image\/jpeg"}],"author":"BRAIAN ESTEVEZ","twitter_card":"summary_large_image","twitter_creator":"@PatAmb","twitter_site":"@PatAmb","schema":{"@context":"https:\/\/schema.org","@graph":[{"@type":"Article","@id":"https:\/\/patagoniambiental.com.ar\/info\/mas-de-300-millones-seran-invertidos-en-proyecto-de-conservacion-de-escuela-en-la-region-chilena-de-aysen\/#article","isPartOf":{"@id":"https:\/\/patagoniambiental.com.ar\/info\/mas-de-300-millones-seran-invertidos-en-proyecto-de-conservacion-de-escuela-en-la-region-chilena-de-aysen\/"},"author":{"name":"BRAIAN ESTEVEZ","@id":"https:\/\/patagoniambiental.com.ar\/info\/#\/schema\/person\/e5af09d700b2e82cb10c6b8800e0c691"},"headline":"M\u00e1s de $300 millones ser\u00e1n invertidos en proyecto de conservaci\u00f3n de Escuela en la regi\u00f3n chilena de Ays\u00e9n","datePublished":"2021-08-02T22:00:00+00:00","mainEntityOfPage":{"@id":"https:\/\/patagoniambiental.com.ar\/info\/mas-de-300-millones-seran-invertidos-en-proyecto-de-conservacion-de-escuela-en-la-region-chilena-de-aysen\/"},"wordCount":716,"commentCount":0,"publisher":{"@id":"https:\/\/patagoniambiental.com.ar\/info\/#organization"},"image":{"@id":"https:\/\/patagoniambiental.com.ar\/info\/mas-de-300-millones-seran-invertidos-en-proyecto-de-conservacion-de-escuela-en-la-region-chilena-de-aysen\/#primaryimage"},"thumbnailUrl":"https:\/\/patagoniambiental.com.ar\/info\/wp-content\/uploads\/2021\/08\/218824786_4132642340196062_113614208129007535_n.jpg","articleSection":["Internacionales","Noticias"],"inLanguage":"es","potentialAction":[{"@type":"CommentAction","name":"Comment","target":["https:\/\/patagoniambiental.com.ar\/info\/mas-de-300-millones-seran-invertidos-en-proyecto-de-conservacion-de-escuela-en-la-region-chilena-de-aysen\/#respond"]}]},{"@type":"WebPage","@id":"https:\/\/patagoniambiental.com.ar\/info\/mas-de-300-millones-seran-invertidos-en-proyecto-de-conservacion-de-escuela-en-la-region-chilena-de-aysen\/","url":"https:\/\/patagoniambiental.com.ar\/info\/mas-de-300-millones-seran-invertidos-en-proyecto-de-conservacion-de-escuela-en-la-region-chilena-de-aysen\/","name":"M\u00e1s de $300 millones ser\u00e1n invertidos en proyecto de conservaci\u00f3n de Escuela en la regi\u00f3n chilena de Ays\u00e9n","isPartOf":{"@id":"https:\/\/patagoniambiental.com.ar\/info\/#website"},"primaryImageOfPage":{"@id":"https:\/\/patagoniambiental.com.ar\/info\/mas-de-300-millones-seran-invertidos-en-proyecto-de-conservacion-de-escuela-en-la-region-chilena-de-aysen\/#primaryimage"},"image":{"@id":"https:\/\/patagoniambiental.com.ar\/info\/mas-de-300-millones-seran-invertidos-en-proyecto-de-conservacion-de-escuela-en-la-region-chilena-de-aysen\/#primaryimage"},"thumbnailUrl":"https:\/\/patagoniambiental.com.ar\/info\/wp-content\/uploads\/2021\/08\/218824786_4132642340196062_113614208129007535_n.jpg","datePublished":"2021-08-02T22:00:00+00:00","breadcrumb":{"@id":"https:\/\/patagoniambiental.com.ar\/info\/mas-de-300-millones-seran-invertidos-en-proyecto-de-conservacion-de-escuela-en-la-region-chilena-de-aysen\/#breadcrumb"},"inLanguage":"es","potentialAction":[{"@type":"ReadAction","target":["https:\/\/patagoniambiental.com.ar\/info\/mas-de-300-millones-seran-invertidos-en-proyecto-de-conservacion-de-escuela-en-la-region-chilena-de-aysen\/"]}]},{"@type":"ImageObject","inLanguage":"es","@id":"https:\/\/patagoniambiental.com.ar\/info\/mas-de-300-millones-seran-invertidos-en-proyecto-de-conservacion-de-escuela-en-la-region-chilena-de-aysen\/#primaryimage","url":"https:\/\/patagoniambiental.com.ar\/info\/wp-content\/uploads\/2021\/08\/218824786_4132642340196062_113614208129007535_n.jpg","contentUrl":"https:\/\/patagoniambiental.com.ar\/info\/wp-content\/uploads\/2021\/08\/218824786_4132642340196062_113614208129007535_n.jpg","width":960,"height":720},{"@type":"BreadcrumbList","@id":"https:\/\/patagoniambiental.com.ar\/info\/mas-de-300-millones-seran-invertidos-en-proyecto-de-conservacion-de-escuela-en-la-region-chilena-de-aysen\/#breadcrumb","itemListElement":[{"@type":"ListItem","position":1,"name":"Inicio","item":"https:\/\/patagoniambiental.com.ar\/info\/"},{"@type":"ListItem","position":2,"name":"M\u00e1s de $300 millones ser\u00e1n invertidos en proyecto de conservaci\u00f3n de Escuela en la regi\u00f3n chilena de Ays\u00e9n"}]},{"@type":"WebSite","@id":"https:\/\/patagoniambiental.com.ar\/info\/#website","url":"https:\/\/patagoniambiental.com.ar\/info\/","name":"Patagonia Ambiental","description":"Monitoreo y an\u00e1lisis de la situaci\u00f3n geopol\u00edtica en el mundo y su implicancia en la Patagonia","publisher":{"@id":"https:\/\/patagoniambiental.com.ar\/info\/#organization"},"potentialAction":[{"@type":"SearchAction","target":{"@type":"EntryPoint","urlTemplate":"https:\/\/patagoniambiental.com.ar\/info\/?s={search_term_string}"},"query-input":{"@type":"PropertyValueSpecification","valueRequired":true,"valueName":"search_term_string"}}],"inLanguage":"es"},{"@type":"Organization","@id":"https:\/\/patagoniambiental.com.ar\/info\/#organization","name":"Patagonia Ambiental","url":"https:\/\/patagoniambiental.com.ar\/info\/","logo":{"@type":"ImageObject","inLanguage":"es","@id":"https:\/\/patagoniambiental.com.ar\/info\/#\/schema\/logo\/image\/","url":"https:\/\/patagoniambiental.com.ar\/info\/wp-content\/uploads\/2025\/05\/LOGO-PATAGONIA-AMBIENTAL.png","contentUrl":"https:\/\/patagoniambiental.com.ar\/info\/wp-content\/uploads\/2025\/05\/LOGO-PATAGONIA-AMBIENTAL.png","width":433,"height":250,"caption":"Patagonia Ambiental"},"image":{"@id":"https:\/\/patagoniambiental.com.ar\/info\/#\/schema\/logo\/image\/"},"sameAs":["https:\/\/www.facebook.com\/patagonia.ambiental","https:\/\/x.com\/PatAmb"]},{"@type":"Person","@id":"https:\/\/patagoniambiental.com.ar\/info\/#\/schema\/person\/e5af09d700b2e82cb10c6b8800e0c691","name":"BRAIAN ESTEVEZ","sameAs":["http:\/\/www.patagoniambiental.com.ar"]}]}},"_links":{"self":[{"href":"https:\/\/patagoniambiental.com.ar\/info\/wp-json\/wp\/v2\/posts\/73607","targetHints":{"allow":["GET"]}}],"collection":[{"href":"https:\/\/patagoniambiental.com.ar\/info\/wp-json\/wp\/v2\/posts"}],"about":[{"href":"https:\/\/patagoniambiental.com.ar\/info\/wp-json\/wp\/v2\/types\/post"}],"author":[{"embeddable":true,"href":"https:\/\/patagoniambiental.com.ar\/info\/wp-json\/wp\/v2\/users\/6"}],"replies":[{"embeddable":true,"href":"https:\/\/patagoniambiental.com.ar\/info\/wp-json\/wp\/v2\/comments?post=73607"}],"version-history":[{"count":0,"href":"https:\/\/patagoniambiental.com.ar\/info\/wp-json\/wp\/v2\/posts\/73607\/revisions"}],"wp:featuredmedia":[{"embeddable":true,"href":"https:\/\/patagoniambiental.com.ar\/info\/wp-json\/wp\/v2\/media\/73608"}],"wp:attachment":[{"href":"https:\/\/patagoniambiental.com.ar\/info\/wp-json\/wp\/v2\/media?parent=73607"}],"wp:term":[{"taxonomy":"category","embeddable":true,"href":"https:\/\/patagoniambiental.com.ar\/info\/wp-json\/wp\/v2\/categories?post=73607"},{"taxonomy":"post_tag","embeddable":true,"href":"https:\/\/patagoniambiental.com.ar\/info\/wp-json\/wp\/v2\/tags?post=73607"}],"curies":[{"name":"wp","href":"https:\/\/api.w.org\/{rel}","templated":true}]}}