{"id":73617,"date":"2021-08-03T09:01:23","date_gmt":"2021-08-03T12:01:23","guid":{"rendered":"http:\/\/patagoniambiental.com.ar\/info\/?p=73617"},"modified":"2021-08-03T11:44:03","modified_gmt":"2021-08-03T14:44:03","slug":"el-gobierno-de-viedma-solicito-al-dpa-que-reconstruya-el-pavimento-de-las-rotondas-donde-paso-el-colector-cloacal","status":"publish","type":"post","link":"https:\/\/patagoniambiental.com.ar\/info\/el-gobierno-de-viedma-solicito-al-dpa-que-reconstruya-el-pavimento-de-las-rotondas-donde-paso-el-colector-cloacal\/","title":{"rendered":"El gobierno de Viedma solicit\u00f3 al DPA que reconstruya el pavimento de las rotondas donde pas\u00f3 el colector cloacal"},"content":{"rendered":"\n<!--more-->\n\n\n\n<p>Viedma.-El gobierno de Viedma solicit\u00f3 al Departamento Provincial de Aguas -DPA- que proceda en el corto plazo a normalizar el tr\u00e1nsito en los puntos donde, a ra\u00edz de la construcci\u00f3n del nuevo colector cloacal, se tuvo que romper el asfalto y anular el sistema de riego por aspersi\u00f3n.Los puntos a reconstruir se encuentran en la rotonda del Cementerio, y en la intersecci\u00f3n de la ruta Provincial 1 y la avenida Per\u00f3n.\u00a0Vencido el tiempo prudencial para el asentimiento del material calc\u00e1reo, la secretaria de Desarrollo Territorial, H\u00e1bitat y Obras P\u00fablicas de la Municipalidad, reclam\u00f3 que se efectivice la repavimentaci\u00f3n.\u00a0Vale destacar que esa acci\u00f3n, est\u00e1 prevista en el contrato que el DPA firm\u00f3 con la constructora que tiene a su cargo la obra del Plan Castello.\u00a0Se trata de la construcci\u00f3n de un nuevo colector cloacal, que atraviesa diversos sectores de la ciudad. Por ello fue necesario romper el pavimento en varios lugares, a fin de llevar adelante el plan de trabajo previsto.Gast\u00f3n Renda, a cargo de la secretar\u00eda, destac\u00f3 el avance de la obra de saneamiento que permitir\u00e1 el vuelco cero al r\u00edo de los desechos cloacales, y el cese de los desbordes.\u00bbSabemos que estas obras traen inconvenientes al normal desarrollo del tr\u00e1nsito y de la comunidad toda, pero comprendemos que se trata de un bien superior, que traer\u00e1 consigo soluciones que desde hace mucho tiempo se vienen reclamando\u00bb, indic\u00f3 el funcionario.\u00a0\u00abDe todas formas, acudimos al DPA para que en los lugares donde ya no intervendr\u00e1n m\u00e1s a raz\u00f3n del avance de la obra, se proceda a reconstruir para disponer de un tr\u00e1nsito fluido y seguro\u00bb, finaliz\u00f3 Renda.&#8211;<\/p>\n\n\n\n<p>Fuente: Municipalidad de Viedma<\/p>\n","protected":false},"excerpt":{"rendered":"","protected":false},"author":6,"featured_media":73618,"comment_status":"open","ping_status":"open","sticky":false,"template":"","format":"standard","meta":{"site-sidebar-layout":"default","site-content-layout":"","ast-site-content-layout":"default","site-content-style":"default","site-sidebar-style":"default","ast-global-header-display":"","ast-banner-title-visibility":"","ast-main-header-display":"","ast-hfb-above-header-display":"","ast-hfb-below-header-display":"","ast-hfb-mobile-header-display":"","site-post-title":"","ast-breadcrumbs-content":"","ast-featured-img":"","footer-sml-layout":"","ast-disable-related-posts":"","theme-transparent-header-meta":"","adv-header-id-meta":"","stick-header-meta":"","header-above-stick-meta":"","header-main-stick-meta":"","header-below-stick-meta":"","astra-migrate-meta-layouts":"default","ast-page-background-enabled":"default","ast-page-background-meta":{"desktop":{"background-color":"var(--ast-global-color-5)","background-image":"","background-repeat":"repeat","background-position":"center center","background-size":"auto","background-attachment":"scroll","background-type":"","background-media":"","overlay-type":"","overlay-color":"","overlay-opacity":"","overlay-gradient":""},"tablet":{"background-color":"","background-image":"","background-repeat":"repeat","background-position":"center center","background-size":"auto","background-attachment":"scroll","background-type":"","background-media":"","overlay-type":"","overlay-color":"","overlay-opacity":"","overlay-gradient":""},"mobile":{"background-color":"","background-image":"","background-repeat":"repeat","background-position":"center center","background-size":"auto","background-attachment":"scroll","background-type":"","background-media":"","overlay-type":"","overlay-color":"","overlay-opacity":"","overlay-gradient":""}},"ast-content-background-meta":{"desktop":{"background-color":"var(--ast-global-color-4)","background-image":"","background-repeat":"repeat","background-position":"center center","background-size":"auto","background-attachment":"scroll","background-type":"","background-media":"","overlay-type":"","overlay-color":"","overlay-opacity":"","overlay-gradient":""},"tablet":{"background-color":"var(--ast-global-color-4)","background-image":"","background-repeat":"repeat","background-position":"center center","background-size":"auto","background-attachment":"scroll","background-type":"","background-media":"","overlay-type":"","overlay-color":"","overlay-opacity":"","overlay-gradient":""},"mobile":{"background-color":"var(--ast-global-color-4)","background-image":"","background-repeat":"repeat","background-position":"center center","background-size":"auto","background-attachment":"scroll","background-type":"","background-media":"","overlay-type":"","overlay-color":"","overlay-opacity":"","overlay-gradient":""}},"footnotes":""},"categories":[16,1],"tags":[],"class_list":["post-73617","post","type-post","status-publish","format-standard","has-post-thumbnail","hentry","category-municipales","category-noticias"],"yoast_head":"<!-- This site is optimized with the Yoast SEO Premium plugin v23.0 (Yoast SEO v27.5) - https:\/\/yoast.com\/product\/yoast-seo-premium-wordpress\/ -->\n<title>El gobierno de Viedma solicit\u00f3 al DPA que reconstruya el pavimento de las rotondas donde pas\u00f3 el colector cloacal<\/title>\n<meta name=\"robots\" content=\"index, follow, max-snippet:-1, max-image-preview:large, max-video-preview:-1\" \/>\n<link rel=\"canonical\" href=\"https:\/\/patagoniambiental.com.ar\/info\/el-gobierno-de-viedma-solicito-al-dpa-que-reconstruya-el-pavimento-de-las-rotondas-donde-paso-el-colector-cloacal\/\" \/>\n<meta property=\"og:locale\" content=\"es_ES\" \/>\n<meta property=\"og:type\" content=\"article\" \/>\n<meta property=\"og:title\" content=\"El gobierno de Viedma solicit\u00f3 al DPA que reconstruya el pavimento de las rotondas donde pas\u00f3 el colector cloacal\" \/>\n<meta property=\"og:url\" content=\"https:\/\/patagoniambiental.com.ar\/info\/el-gobierno-de-viedma-solicito-al-dpa-que-reconstruya-el-pavimento-de-las-rotondas-donde-paso-el-colector-cloacal\/\" \/>\n<meta property=\"og:site_name\" content=\"Patagonia Ambiental\" \/>\n<meta property=\"article:publisher\" content=\"https:\/\/www.facebook.com\/patagonia.ambiental\" \/>\n<meta property=\"article:published_time\" content=\"2021-08-03T12:01:23+00:00\" \/>\n<meta property=\"article:modified_time\" content=\"2021-08-03T14:44:03+00:00\" \/>\n<meta property=\"og:image\" content=\"https:\/\/patagoniambiental.com.ar\/info\/wp-content\/uploads\/2021\/08\/thumbnail_20210802_1041241.jpg\" \/>\n\t<meta property=\"og:image:width\" content=\"1280\" \/>\n\t<meta property=\"og:image:height\" content=\"960\" \/>\n\t<meta property=\"og:image:type\" content=\"image\/jpeg\" \/>\n<meta name=\"author\" content=\"BRAIAN ESTEVEZ\" \/>\n<meta name=\"twitter:card\" content=\"summary_large_image\" \/>\n<meta name=\"twitter:creator\" content=\"@PatAmb\" \/>\n<meta name=\"twitter:site\" content=\"@PatAmb\" \/>\n<script type=\"application\/ld+json\" class=\"yoast-schema-graph\">{\"@context\":\"https:\\\/\\\/schema.org\",\"@graph\":[{\"@type\":\"Article\",\"@id\":\"https:\\\/\\\/patagoniambiental.com.ar\\\/info\\\/el-gobierno-de-viedma-solicito-al-dpa-que-reconstruya-el-pavimento-de-las-rotondas-donde-paso-el-colector-cloacal\\\/#article\",\"isPartOf\":{\"@id\":\"https:\\\/\\\/patagoniambiental.com.ar\\\/info\\\/el-gobierno-de-viedma-solicito-al-dpa-que-reconstruya-el-pavimento-de-las-rotondas-donde-paso-el-colector-cloacal\\\/\"},\"author\":{\"name\":\"BRAIAN ESTEVEZ\",\"@id\":\"https:\\\/\\\/patagoniambiental.com.ar\\\/info\\\/#\\\/schema\\\/person\\\/e5af09d700b2e82cb10c6b8800e0c691\"},\"headline\":\"El gobierno de Viedma solicit\u00f3 al DPA que reconstruya el pavimento de las rotondas donde pas\u00f3 el colector cloacal\",\"datePublished\":\"2021-08-03T12:01:23+00:00\",\"dateModified\":\"2021-08-03T14:44:03+00:00\",\"mainEntityOfPage\":{\"@id\":\"https:\\\/\\\/patagoniambiental.com.ar\\\/info\\\/el-gobierno-de-viedma-solicito-al-dpa-que-reconstruya-el-pavimento-de-las-rotondas-donde-paso-el-colector-cloacal\\\/\"},\"wordCount\":317,\"commentCount\":0,\"publisher\":{\"@id\":\"https:\\\/\\\/patagoniambiental.com.ar\\\/info\\\/#organization\"},\"image\":{\"@id\":\"https:\\\/\\\/patagoniambiental.com.ar\\\/info\\\/el-gobierno-de-viedma-solicito-al-dpa-que-reconstruya-el-pavimento-de-las-rotondas-donde-paso-el-colector-cloacal\\\/#primaryimage\"},\"thumbnailUrl\":\"https:\\\/\\\/patagoniambiental.com.ar\\\/info\\\/wp-content\\\/uploads\\\/2021\\\/08\\\/thumbnail_20210802_1041241.jpg\",\"articleSection\":[\"Municipales\",\"Noticias\"],\"inLanguage\":\"es\",\"potentialAction\":[{\"@type\":\"CommentAction\",\"name\":\"Comment\",\"target\":[\"https:\\\/\\\/patagoniambiental.com.ar\\\/info\\\/el-gobierno-de-viedma-solicito-al-dpa-que-reconstruya-el-pavimento-de-las-rotondas-donde-paso-el-colector-cloacal\\\/#respond\"]}]},{\"@type\":\"WebPage\",\"@id\":\"https:\\\/\\\/patagoniambiental.com.ar\\\/info\\\/el-gobierno-de-viedma-solicito-al-dpa-que-reconstruya-el-pavimento-de-las-rotondas-donde-paso-el-colector-cloacal\\\/\",\"url\":\"https:\\\/\\\/patagoniambiental.com.ar\\\/info\\\/el-gobierno-de-viedma-solicito-al-dpa-que-reconstruya-el-pavimento-de-las-rotondas-donde-paso-el-colector-cloacal\\\/\",\"name\":\"El gobierno de Viedma solicit\u00f3 al DPA que reconstruya el pavimento de las rotondas donde pas\u00f3 el colector cloacal\",\"isPartOf\":{\"@id\":\"https:\\\/\\\/patagoniambiental.com.ar\\\/info\\\/#website\"},\"primaryImageOfPage\":{\"@id\":\"https:\\\/\\\/patagoniambiental.com.ar\\\/info\\\/el-gobierno-de-viedma-solicito-al-dpa-que-reconstruya-el-pavimento-de-las-rotondas-donde-paso-el-colector-cloacal\\\/#primaryimage\"},\"image\":{\"@id\":\"https:\\\/\\\/patagoniambiental.com.ar\\\/info\\\/el-gobierno-de-viedma-solicito-al-dpa-que-reconstruya-el-pavimento-de-las-rotondas-donde-paso-el-colector-cloacal\\\/#primaryimage\"},\"thumbnailUrl\":\"https:\\\/\\\/patagoniambiental.com.ar\\\/info\\\/wp-content\\\/uploads\\\/2021\\\/08\\\/thumbnail_20210802_1041241.jpg\",\"datePublished\":\"2021-08-03T12:01:23+00:00\",\"dateModified\":\"2021-08-03T14:44:03+00:00\",\"breadcrumb\":{\"@id\":\"https:\\\/\\\/patagoniambiental.com.ar\\\/info\\\/el-gobierno-de-viedma-solicito-al-dpa-que-reconstruya-el-pavimento-de-las-rotondas-donde-paso-el-colector-cloacal\\\/#breadcrumb\"},\"inLanguage\":\"es\",\"potentialAction\":[{\"@type\":\"ReadAction\",\"target\":[\"https:\\\/\\\/patagoniambiental.com.ar\\\/info\\\/el-gobierno-de-viedma-solicito-al-dpa-que-reconstruya-el-pavimento-de-las-rotondas-donde-paso-el-colector-cloacal\\\/\"]}]},{\"@type\":\"ImageObject\",\"inLanguage\":\"es\",\"@id\":\"https:\\\/\\\/patagoniambiental.com.ar\\\/info\\\/el-gobierno-de-viedma-solicito-al-dpa-que-reconstruya-el-pavimento-de-las-rotondas-donde-paso-el-colector-cloacal\\\/#primaryimage\",\"url\":\"https:\\\/\\\/patagoniambiental.com.ar\\\/info\\\/wp-content\\\/uploads\\\/2021\\\/08\\\/thumbnail_20210802_1041241.jpg\",\"contentUrl\":\"https:\\\/\\\/patagoniambiental.com.ar\\\/info\\\/wp-content\\\/uploads\\\/2021\\\/08\\\/thumbnail_20210802_1041241.jpg\",\"width\":800,\"height\":600},{\"@type\":\"BreadcrumbList\",\"@id\":\"https:\\\/\\\/patagoniambiental.com.ar\\\/info\\\/el-gobierno-de-viedma-solicito-al-dpa-que-reconstruya-el-pavimento-de-las-rotondas-donde-paso-el-colector-cloacal\\\/#breadcrumb\",\"itemListElement\":[{\"@type\":\"ListItem\",\"position\":1,\"name\":\"Inicio\",\"item\":\"https:\\\/\\\/patagoniambiental.com.ar\\\/info\\\/\"},{\"@type\":\"ListItem\",\"position\":2,\"name\":\"El gobierno de Viedma solicit\u00f3 al DPA que reconstruya el pavimento de las rotondas donde pas\u00f3 el colector cloacal\"}]},{\"@type\":\"WebSite\",\"@id\":\"https:\\\/\\\/patagoniambiental.com.ar\\\/info\\\/#website\",\"url\":\"https:\\\/\\\/patagoniambiental.com.ar\\\/info\\\/\",\"name\":\"Patagonia Ambiental\",\"description\":\"Monitoreo y an\u00e1lisis de la situaci\u00f3n geopol\u00edtica en el mundo y su implicancia en la Patagonia\",\"publisher\":{\"@id\":\"https:\\\/\\\/patagoniambiental.com.ar\\\/info\\\/#organization\"},\"potentialAction\":[{\"@type\":\"SearchAction\",\"target\":{\"@type\":\"EntryPoint\",\"urlTemplate\":\"https:\\\/\\\/patagoniambiental.com.ar\\\/info\\\/?s={search_term_string}\"},\"query-input\":{\"@type\":\"PropertyValueSpecification\",\"valueRequired\":true,\"valueName\":\"search_term_string\"}}],\"inLanguage\":\"es\"},{\"@type\":\"Organization\",\"@id\":\"https:\\\/\\\/patagoniambiental.com.ar\\\/info\\\/#organization\",\"name\":\"Patagonia Ambiental\",\"url\":\"https:\\\/\\\/patagoniambiental.com.ar\\\/info\\\/\",\"logo\":{\"@type\":\"ImageObject\",\"inLanguage\":\"es\",\"@id\":\"https:\\\/\\\/patagoniambiental.com.ar\\\/info\\\/#\\\/schema\\\/logo\\\/image\\\/\",\"url\":\"https:\\\/\\\/patagoniambiental.com.ar\\\/info\\\/wp-content\\\/uploads\\\/2025\\\/05\\\/LOGO-PATAGONIA-AMBIENTAL.png\",\"contentUrl\":\"https:\\\/\\\/patagoniambiental.com.ar\\\/info\\\/wp-content\\\/uploads\\\/2025\\\/05\\\/LOGO-PATAGONIA-AMBIENTAL.png\",\"width\":433,\"height\":250,\"caption\":\"Patagonia Ambiental\"},\"image\":{\"@id\":\"https:\\\/\\\/patagoniambiental.com.ar\\\/info\\\/#\\\/schema\\\/logo\\\/image\\\/\"},\"sameAs\":[\"https:\\\/\\\/www.facebook.com\\\/patagonia.ambiental\",\"https:\\\/\\\/x.com\\\/PatAmb\"]},{\"@type\":\"Person\",\"@id\":\"https:\\\/\\\/patagoniambiental.com.ar\\\/info\\\/#\\\/schema\\\/person\\\/e5af09d700b2e82cb10c6b8800e0c691\",\"name\":\"BRAIAN ESTEVEZ\",\"sameAs\":[\"http:\\\/\\\/www.patagoniambiental.com.ar\"]}]}<\/script>\n<!-- \/ Yoast SEO Premium plugin. -->","yoast_head_json":{"title":"El gobierno de Viedma solicit\u00f3 al DPA que reconstruya el pavimento de las rotondas donde pas\u00f3 el colector cloacal","robots":{"index":"index","follow":"follow","max-snippet":"max-snippet:-1","max-image-preview":"max-image-preview:large","max-video-preview":"max-video-preview:-1"},"canonical":"https:\/\/patagoniambiental.com.ar\/info\/el-gobierno-de-viedma-solicito-al-dpa-que-reconstruya-el-pavimento-de-las-rotondas-donde-paso-el-colector-cloacal\/","og_locale":"es_ES","og_type":"article","og_title":"El gobierno de Viedma solicit\u00f3 al DPA que reconstruya el pavimento de las rotondas donde pas\u00f3 el colector cloacal","og_url":"https:\/\/patagoniambiental.com.ar\/info\/el-gobierno-de-viedma-solicito-al-dpa-que-reconstruya-el-pavimento-de-las-rotondas-donde-paso-el-colector-cloacal\/","og_site_name":"Patagonia Ambiental","article_publisher":"https:\/\/www.facebook.com\/patagonia.ambiental","article_published_time":"2021-08-03T12:01:23+00:00","article_modified_time":"2021-08-03T14:44:03+00:00","og_image":[{"width":1280,"height":960,"url":"https:\/\/patagoniambiental.com.ar\/info\/wp-content\/uploads\/2021\/08\/thumbnail_20210802_1041241.jpg","type":"image\/jpeg"}],"author":"BRAIAN ESTEVEZ","twitter_card":"summary_large_image","twitter_creator":"@PatAmb","twitter_site":"@PatAmb","schema":{"@context":"https:\/\/schema.org","@graph":[{"@type":"Article","@id":"https:\/\/patagoniambiental.com.ar\/info\/el-gobierno-de-viedma-solicito-al-dpa-que-reconstruya-el-pavimento-de-las-rotondas-donde-paso-el-colector-cloacal\/#article","isPartOf":{"@id":"https:\/\/patagoniambiental.com.ar\/info\/el-gobierno-de-viedma-solicito-al-dpa-que-reconstruya-el-pavimento-de-las-rotondas-donde-paso-el-colector-cloacal\/"},"author":{"name":"BRAIAN ESTEVEZ","@id":"https:\/\/patagoniambiental.com.ar\/info\/#\/schema\/person\/e5af09d700b2e82cb10c6b8800e0c691"},"headline":"El gobierno de Viedma solicit\u00f3 al DPA que reconstruya el pavimento de las rotondas donde pas\u00f3 el colector cloacal","datePublished":"2021-08-03T12:01:23+00:00","dateModified":"2021-08-03T14:44:03+00:00","mainEntityOfPage":{"@id":"https:\/\/patagoniambiental.com.ar\/info\/el-gobierno-de-viedma-solicito-al-dpa-que-reconstruya-el-pavimento-de-las-rotondas-donde-paso-el-colector-cloacal\/"},"wordCount":317,"commentCount":0,"publisher":{"@id":"https:\/\/patagoniambiental.com.ar\/info\/#organization"},"image":{"@id":"https:\/\/patagoniambiental.com.ar\/info\/el-gobierno-de-viedma-solicito-al-dpa-que-reconstruya-el-pavimento-de-las-rotondas-donde-paso-el-colector-cloacal\/#primaryimage"},"thumbnailUrl":"https:\/\/patagoniambiental.com.ar\/info\/wp-content\/uploads\/2021\/08\/thumbnail_20210802_1041241.jpg","articleSection":["Municipales","Noticias"],"inLanguage":"es","potentialAction":[{"@type":"CommentAction","name":"Comment","target":["https:\/\/patagoniambiental.com.ar\/info\/el-gobierno-de-viedma-solicito-al-dpa-que-reconstruya-el-pavimento-de-las-rotondas-donde-paso-el-colector-cloacal\/#respond"]}]},{"@type":"WebPage","@id":"https:\/\/patagoniambiental.com.ar\/info\/el-gobierno-de-viedma-solicito-al-dpa-que-reconstruya-el-pavimento-de-las-rotondas-donde-paso-el-colector-cloacal\/","url":"https:\/\/patagoniambiental.com.ar\/info\/el-gobierno-de-viedma-solicito-al-dpa-que-reconstruya-el-pavimento-de-las-rotondas-donde-paso-el-colector-cloacal\/","name":"El gobierno de Viedma solicit\u00f3 al DPA que reconstruya el pavimento de las rotondas donde pas\u00f3 el colector cloacal","isPartOf":{"@id":"https:\/\/patagoniambiental.com.ar\/info\/#website"},"primaryImageOfPage":{"@id":"https:\/\/patagoniambiental.com.ar\/info\/el-gobierno-de-viedma-solicito-al-dpa-que-reconstruya-el-pavimento-de-las-rotondas-donde-paso-el-colector-cloacal\/#primaryimage"},"image":{"@id":"https:\/\/patagoniambiental.com.ar\/info\/el-gobierno-de-viedma-solicito-al-dpa-que-reconstruya-el-pavimento-de-las-rotondas-donde-paso-el-colector-cloacal\/#primaryimage"},"thumbnailUrl":"https:\/\/patagoniambiental.com.ar\/info\/wp-content\/uploads\/2021\/08\/thumbnail_20210802_1041241.jpg","datePublished":"2021-08-03T12:01:23+00:00","dateModified":"2021-08-03T14:44:03+00:00","breadcrumb":{"@id":"https:\/\/patagoniambiental.com.ar\/info\/el-gobierno-de-viedma-solicito-al-dpa-que-reconstruya-el-pavimento-de-las-rotondas-donde-paso-el-colector-cloacal\/#breadcrumb"},"inLanguage":"es","potentialAction":[{"@type":"ReadAction","target":["https:\/\/patagoniambiental.com.ar\/info\/el-gobierno-de-viedma-solicito-al-dpa-que-reconstruya-el-pavimento-de-las-rotondas-donde-paso-el-colector-cloacal\/"]}]},{"@type":"ImageObject","inLanguage":"es","@id":"https:\/\/patagoniambiental.com.ar\/info\/el-gobierno-de-viedma-solicito-al-dpa-que-reconstruya-el-pavimento-de-las-rotondas-donde-paso-el-colector-cloacal\/#primaryimage","url":"https:\/\/patagoniambiental.com.ar\/info\/wp-content\/uploads\/2021\/08\/thumbnail_20210802_1041241.jpg","contentUrl":"https:\/\/patagoniambiental.com.ar\/info\/wp-content\/uploads\/2021\/08\/thumbnail_20210802_1041241.jpg","width":800,"height":600},{"@type":"BreadcrumbList","@id":"https:\/\/patagoniambiental.com.ar\/info\/el-gobierno-de-viedma-solicito-al-dpa-que-reconstruya-el-pavimento-de-las-rotondas-donde-paso-el-colector-cloacal\/#breadcrumb","itemListElement":[{"@type":"ListItem","position":1,"name":"Inicio","item":"https:\/\/patagoniambiental.com.ar\/info\/"},{"@type":"ListItem","position":2,"name":"El gobierno de Viedma solicit\u00f3 al DPA que reconstruya el pavimento de las rotondas donde pas\u00f3 el colector cloacal"}]},{"@type":"WebSite","@id":"https:\/\/patagoniambiental.com.ar\/info\/#website","url":"https:\/\/patagoniambiental.com.ar\/info\/","name":"Patagonia Ambiental","description":"Monitoreo y an\u00e1lisis de la situaci\u00f3n geopol\u00edtica en el mundo y su implicancia en la Patagonia","publisher":{"@id":"https:\/\/patagoniambiental.com.ar\/info\/#organization"},"potentialAction":[{"@type":"SearchAction","target":{"@type":"EntryPoint","urlTemplate":"https:\/\/patagoniambiental.com.ar\/info\/?s={search_term_string}"},"query-input":{"@type":"PropertyValueSpecification","valueRequired":true,"valueName":"search_term_string"}}],"inLanguage":"es"},{"@type":"Organization","@id":"https:\/\/patagoniambiental.com.ar\/info\/#organization","name":"Patagonia Ambiental","url":"https:\/\/patagoniambiental.com.ar\/info\/","logo":{"@type":"ImageObject","inLanguage":"es","@id":"https:\/\/patagoniambiental.com.ar\/info\/#\/schema\/logo\/image\/","url":"https:\/\/patagoniambiental.com.ar\/info\/wp-content\/uploads\/2025\/05\/LOGO-PATAGONIA-AMBIENTAL.png","contentUrl":"https:\/\/patagoniambiental.com.ar\/info\/wp-content\/uploads\/2025\/05\/LOGO-PATAGONIA-AMBIENTAL.png","width":433,"height":250,"caption":"Patagonia Ambiental"},"image":{"@id":"https:\/\/patagoniambiental.com.ar\/info\/#\/schema\/logo\/image\/"},"sameAs":["https:\/\/www.facebook.com\/patagonia.ambiental","https:\/\/x.com\/PatAmb"]},{"@type":"Person","@id":"https:\/\/patagoniambiental.com.ar\/info\/#\/schema\/person\/e5af09d700b2e82cb10c6b8800e0c691","name":"BRAIAN ESTEVEZ","sameAs":["http:\/\/www.patagoniambiental.com.ar"]}]}},"_links":{"self":[{"href":"https:\/\/patagoniambiental.com.ar\/info\/wp-json\/wp\/v2\/posts\/73617","targetHints":{"allow":["GET"]}}],"collection":[{"href":"https:\/\/patagoniambiental.com.ar\/info\/wp-json\/wp\/v2\/posts"}],"about":[{"href":"https:\/\/patagoniambiental.com.ar\/info\/wp-json\/wp\/v2\/types\/post"}],"author":[{"embeddable":true,"href":"https:\/\/patagoniambiental.com.ar\/info\/wp-json\/wp\/v2\/users\/6"}],"replies":[{"embeddable":true,"href":"https:\/\/patagoniambiental.com.ar\/info\/wp-json\/wp\/v2\/comments?post=73617"}],"version-history":[{"count":0,"href":"https:\/\/patagoniambiental.com.ar\/info\/wp-json\/wp\/v2\/posts\/73617\/revisions"}],"wp:featuredmedia":[{"embeddable":true,"href":"https:\/\/patagoniambiental.com.ar\/info\/wp-json\/wp\/v2\/media\/73618"}],"wp:attachment":[{"href":"https:\/\/patagoniambiental.com.ar\/info\/wp-json\/wp\/v2\/media?parent=73617"}],"wp:term":[{"taxonomy":"category","embeddable":true,"href":"https:\/\/patagoniambiental.com.ar\/info\/wp-json\/wp\/v2\/categories?post=73617"},{"taxonomy":"post_tag","embeddable":true,"href":"https:\/\/patagoniambiental.com.ar\/info\/wp-json\/wp\/v2\/tags?post=73617"}],"curies":[{"name":"wp","href":"https:\/\/api.w.org\/{rel}","templated":true}]}}