{"id":73637,"date":"2021-08-05T07:00:00","date_gmt":"2021-08-05T10:00:00","guid":{"rendered":"http:\/\/patagoniambiental.com.ar\/info\/?p=73637"},"modified":"2021-08-04T09:45:26","modified_gmt":"2021-08-04T12:45:26","slug":"bomberos-preocupados-por-la-sequia-y-la-posibilidad-de-incendios-en-la-provincia-de-neuquen","status":"publish","type":"post","link":"https:\/\/patagoniambiental.com.ar\/info\/bomberos-preocupados-por-la-sequia-y-la-posibilidad-de-incendios-en-la-provincia-de-neuquen\/","title":{"rendered":"Bomberos preocupados por la sequ\u00eda y la posibilidad de incendios en la provincia de Neuqu\u00e9n"},"content":{"rendered":"\n<!--more-->\n\n\n\n<h2 class=\"wp-block-heading\">Neuqu\u00e9n.-Aclaran que los cuarteles del norte neuquino son los menos equipados para hacer frente al fuego. Piden m\u00e1s fondos para trabajar.<\/h2>\n\n\n\n<ul class=\"wp-block-list\"><li><\/li><\/ul>\n\n\n\n<figure class=\"wp-block-image\"><img decoding=\"async\" src=\"https:\/\/media.lmneuquen.com\/p\/33ca693f18432b0864edf29dfe057096\/adjuntos\/195\/imagenes\/005\/401\/0005401361\/incendio-pastizales-alumine.png\" alt=\"Bomberos preocupados por la sequ\u00eda y la posibilidad de incendios\" title=\"Bomberos preocupados por la sequ\u00eda y la posibilidad de incendios | LM Neuquen\"\/><\/figure>\n\n\n\n<p>Ante el registro del d\u00e9cimo tercer a\u00f1o consecutivo de sequ\u00eda en la regi\u00f3n, los<strong>&nbsp;<a href=\"https:\/\/www.lmneuquen.com\/bomberos-a6382\">Bomberos<\/a>&nbsp;<a href=\"https:\/\/www.lmneuquen.com\/voluntarios-a13960\">Voluntarios<\/a><\/strong>&nbsp;de la provincia aclararon que los cuarteles de la zona norte son los menos equipados para hacer frente a los&nbsp;<strong><a href=\"https:\/\/www.lmneuquen.com\/incendios-a4700\">incendios<\/a><\/strong>, por lo que esperan que la poblaci\u00f3n tome conciencia de la importancia de reducir el riesgo al hacer fuego en lugares no habilitados.<\/p>\n\n\n\n<p>Milton Canale, presidente de la Federaci\u00f3n de Bomberos Voluntarios, dijo a&nbsp;<strong>LU5<\/strong>&nbsp;que la sequ\u00eda es a\u00fan m\u00e1s grave este a\u00f1o. \u00abHace much\u00edsimos a\u00f1os que no ten\u00edamos una situaci\u00f3n como esta, van a requerir de nuestros servicios; ojal\u00e1 la comunidad tome conciencia para que no tengamos que lamentar la p\u00e9rdida de nuestros hermosos bosques\u00bb, afirm\u00f3.<\/p>\n\n\n\n<p>Te puede interesar&#8230;<\/p>\n\n\n\n<figure class=\"wp-block-image\"><a href=\"https:\/\/www.lmneuquen.com\/tragedia-tres-bomberos-combatiendo-el-incendio-un-departamento-n830317\"><img decoding=\"async\" src=\"https:\/\/media.lmneuquen.com\/p\/ba33c096053c27159c0f31d0ec3ebcc0\/adjuntos\/195\/imagenes\/006\/603\/0006603262\/incendio-caserosjpg.jpg\" alt=\"tragedia: tres bomberos combatiendo el incendio de un departamento\" title=\"tragedia: tres bomberos combatiendo el incendio de un departamento\"\/><\/a><\/figure>\n\n\n\n<p><a href=\"https:\/\/www.lmneuquen.com\/tragedia-tres-bomberos-combatiendo-el-incendio-un-departamento-n830317\">Tragedia: tres bomberos combatiendo el incendio de un departamento<\/a><\/p>\n\n\n\n<figure class=\"wp-block-image\"><a href=\"https:\/\/www.lmneuquen.com\/los-bomberos-sorprendieron-al-pequeno-leo-su-cumple-dos-anos-n828559\"><img decoding=\"async\" src=\"https:\/\/media.lmneuquen.com\/p\/8b2a1ab7bf3285777c593da3139232fa\/adjuntos\/195\/imagenes\/006\/577\/0006577184\/bomberos-festejaron-el-cumple-un-nene-centenariojpg.jpg\" alt=\"los bomberos sorprendieron a leo para su cumple de dos\" title=\"los bomberos sorprendieron a leo para su cumple de dos\"\/><\/a><\/figure>\n\n\n\n<p><a href=\"https:\/\/www.lmneuquen.com\/los-bomberos-sorprendieron-al-pequeno-leo-su-cumple-dos-anos-n828559\">Los Bomberos sorprendieron a Leo para su cumple de dos<\/a><\/p>\n\n\n\n<p>Seg\u00fan aclar\u00f3, la falta de agua para apagar un incendio no es un problema ante los incendios forestales, ya que en estos casos se trabaja con picotas, palas, rastrillos y se apela mucho al refuerzo a\u00e9reo. \u00abEsperemos que no nos traiga muchas consecuencias\u00bb, aclar\u00f3.<\/p>\n\n\n\n<p>Detall\u00f3 tambi\u00e9n que los cuarteles del norte, como Las Ovejas o Barrancas, son los menos equipados para hacer frente a los fuegos. \u00abLas Ovejas no tiene cisterna, tiene m\u00f3vil con 500 letras, necesit\u00e1s un autobomba de m\u00ednimo 5 o 10 mil litros. Barrancas que se inici\u00f3 hace dos a\u00f1os y todav\u00eda no cuenta con un autobomba, esperemos que para ese lado no tengamos muchas intervenciones\u00bb, afirm\u00f3.<\/p>\n\n\n\n<figure class=\"wp-block-image\"><img decoding=\"async\" src=\"https:\/\/media.lmneuquen.com\/p\/0f03fb0c51e356b4082bc78434a24c2d\/adjuntos\/195\/imagenes\/002\/707\/0002707142\/smandes_fedesoto-incnedio-pastizales-vega-chica-img_5171jpg.jpg?0000-00-00-00-00-00\" alt=\"\"\/><\/figure>\n\n\n\n<p>Federico Soto<\/p>\n\n\n\n<p>Adem\u00e1s del agua como recurso, Canale dijo que es necesario dotar de recursos econ\u00f3micos a los voluntarios. \u00abLos bomberos voluntarios siempre est\u00e1n\u00bb, dijo y aclar\u00f3 que a\u00fan no avanza el proyecto presentado en la Legislatura para generar un fondo especial para sostener los gastos de estos prestadores de servicios.<\/p>\n\n\n\n<p>En di\u00e1logo con&nbsp;<strong>LU5<\/strong>, el presidente de la Federaci\u00f3n aclar\u00f3 que un cuartel necesita 300 mil pesos por mes para funcionar, pero s\u00f3lo reciben ayudas por 150 mil, a menos que presten otros servicios que les generen ingresos extra.<\/p>\n\n\n\n<figure class=\"wp-block-image\"><img decoding=\"async\" src=\"https:\/\/media.lmneuquen.com\/p\/005046186383e65a171b33418c0771cc\/adjuntos\/195\/imagenes\/004\/403\/0004403434\/incendio-forestal-junin-los-andes4jpg.jpg?0000-00-00-00-00-00\" alt=\"\"\/><\/figure>\n\n\n\n<p>Rodolfo Ramirez<br><ins>https:\/\/googleads.g.doubleclick.net\/pagead\/ads?client=ca-pub-<\/ins><\/p>\n\n\n\n<p>Fuente: https:\/\/www.lmneuquen.com\/bomberos-preocupados-la-sequia-y-la-posibilidad-incendios-n830282?utm_source=thinkindot&amp;utm_medium=principal&amp;utm_content=newsletter&amp;utm_campaign=newsletteropenlmn&amp;noredirect=1<\/p>\n","protected":false},"excerpt":{"rendered":"","protected":false},"author":6,"featured_media":73639,"comment_status":"open","ping_status":"open","sticky":false,"template":"","format":"standard","meta":{"site-sidebar-layout":"default","site-content-layout":"","ast-site-content-layout":"default","site-content-style":"default","site-sidebar-style":"default","ast-global-header-display":"","ast-banner-title-visibility":"","ast-main-header-display":"","ast-hfb-above-header-display":"","ast-hfb-below-header-display":"","ast-hfb-mobile-header-display":"","site-post-title":"","ast-breadcrumbs-content":"","ast-featured-img":"","footer-sml-layout":"","ast-disable-related-posts":"","theme-transparent-header-meta":"","adv-header-id-meta":"","stick-header-meta":"","header-above-stick-meta":"","header-main-stick-meta":"","header-below-stick-meta":"","astra-migrate-meta-layouts":"default","ast-page-background-enabled":"default","ast-page-background-meta":{"desktop":{"background-color":"var(--ast-global-color-5)","background-image":"","background-repeat":"repeat","background-position":"center center","background-size":"auto","background-attachment":"scroll","background-type":"","background-media":"","overlay-type":"","overlay-color":"","overlay-opacity":"","overlay-gradient":""},"tablet":{"background-color":"","background-image":"","background-repeat":"repeat","background-position":"center center","background-size":"auto","background-attachment":"scroll","background-type":"","background-media":"","overlay-type":"","overlay-color":"","overlay-opacity":"","overlay-gradient":""},"mobile":{"background-color":"","background-image":"","background-repeat":"repeat","background-position":"center center","background-size":"auto","background-attachment":"scroll","background-type":"","background-media":"","overlay-type":"","overlay-color":"","overlay-opacity":"","overlay-gradient":""}},"ast-content-background-meta":{"desktop":{"background-color":"var(--ast-global-color-4)","background-image":"","background-repeat":"repeat","background-position":"center center","background-size":"auto","background-attachment":"scroll","background-type":"","background-media":"","overlay-type":"","overlay-color":"","overlay-opacity":"","overlay-gradient":""},"tablet":{"background-color":"var(--ast-global-color-4)","background-image":"","background-repeat":"repeat","background-position":"center center","background-size":"auto","background-attachment":"scroll","background-type":"","background-media":"","overlay-type":"","overlay-color":"","overlay-opacity":"","overlay-gradient":""},"mobile":{"background-color":"var(--ast-global-color-4)","background-image":"","background-repeat":"repeat","background-position":"center center","background-size":"auto","background-attachment":"scroll","background-type":"","background-media":"","overlay-type":"","overlay-color":"","overlay-opacity":"","overlay-gradient":""}},"footnotes":""},"categories":[18,1,13],"tags":[],"class_list":["post-73637","post","type-post","status-publish","format-standard","has-post-thumbnail","hentry","category-neuquen","category-noticias","category-provinciales"],"yoast_head":"<!-- This site is optimized with the Yoast SEO Premium plugin v23.0 (Yoast SEO v27.5) - https:\/\/yoast.com\/product\/yoast-seo-premium-wordpress\/ -->\n<title>Bomberos preocupados por la sequ\u00eda y la posibilidad de incendios en la provincia de Neuqu\u00e9n<\/title>\n<meta name=\"robots\" content=\"index, follow, max-snippet:-1, max-image-preview:large, max-video-preview:-1\" \/>\n<link rel=\"canonical\" href=\"https:\/\/patagoniambiental.com.ar\/info\/bomberos-preocupados-por-la-sequia-y-la-posibilidad-de-incendios-en-la-provincia-de-neuquen\/\" \/>\n<meta property=\"og:locale\" content=\"es_ES\" \/>\n<meta property=\"og:type\" content=\"article\" \/>\n<meta property=\"og:title\" content=\"Bomberos preocupados por la sequ\u00eda y la posibilidad de incendios en la provincia de Neuqu\u00e9n\" \/>\n<meta property=\"og:url\" content=\"https:\/\/patagoniambiental.com.ar\/info\/bomberos-preocupados-por-la-sequia-y-la-posibilidad-de-incendios-en-la-provincia-de-neuquen\/\" \/>\n<meta property=\"og:site_name\" content=\"Patagonia Ambiental\" \/>\n<meta property=\"article:publisher\" content=\"https:\/\/www.facebook.com\/patagonia.ambiental\" \/>\n<meta property=\"article:published_time\" content=\"2021-08-05T10:00:00+00:00\" \/>\n<meta property=\"og:image\" content=\"https:\/\/patagoniambiental.com.ar\/info\/wp-content\/uploads\/2021\/08\/incendio-pastizales-alumine.jpg\" \/>\n\t<meta property=\"og:image:width\" content=\"770\" \/>\n\t<meta property=\"og:image:height\" content=\"435\" \/>\n\t<meta property=\"og:image:type\" content=\"image\/jpeg\" \/>\n<meta name=\"author\" content=\"BRAIAN ESTEVEZ\" \/>\n<meta name=\"twitter:card\" content=\"summary_large_image\" \/>\n<meta name=\"twitter:creator\" content=\"@PatAmb\" \/>\n<meta name=\"twitter:site\" content=\"@PatAmb\" \/>\n<script type=\"application\/ld+json\" class=\"yoast-schema-graph\">{\"@context\":\"https:\\\/\\\/schema.org\",\"@graph\":[{\"@type\":\"Article\",\"@id\":\"https:\\\/\\\/patagoniambiental.com.ar\\\/info\\\/bomberos-preocupados-por-la-sequia-y-la-posibilidad-de-incendios-en-la-provincia-de-neuquen\\\/#article\",\"isPartOf\":{\"@id\":\"https:\\\/\\\/patagoniambiental.com.ar\\\/info\\\/bomberos-preocupados-por-la-sequia-y-la-posibilidad-de-incendios-en-la-provincia-de-neuquen\\\/\"},\"author\":{\"name\":\"BRAIAN ESTEVEZ\",\"@id\":\"https:\\\/\\\/patagoniambiental.com.ar\\\/info\\\/#\\\/schema\\\/person\\\/e5af09d700b2e82cb10c6b8800e0c691\"},\"headline\":\"Bomberos preocupados por la sequ\u00eda y la posibilidad de incendios en la provincia de Neuqu\u00e9n\",\"datePublished\":\"2021-08-05T10:00:00+00:00\",\"mainEntityOfPage\":{\"@id\":\"https:\\\/\\\/patagoniambiental.com.ar\\\/info\\\/bomberos-preocupados-por-la-sequia-y-la-posibilidad-de-incendios-en-la-provincia-de-neuquen\\\/\"},\"wordCount\":444,\"commentCount\":0,\"publisher\":{\"@id\":\"https:\\\/\\\/patagoniambiental.com.ar\\\/info\\\/#organization\"},\"image\":{\"@id\":\"https:\\\/\\\/patagoniambiental.com.ar\\\/info\\\/bomberos-preocupados-por-la-sequia-y-la-posibilidad-de-incendios-en-la-provincia-de-neuquen\\\/#primaryimage\"},\"thumbnailUrl\":\"https:\\\/\\\/patagoniambiental.com.ar\\\/info\\\/wp-content\\\/uploads\\\/2021\\\/08\\\/incendio-pastizales-alumine.jpg\",\"articleSection\":[\"Neuqu\u00e9n\",\"Noticias\",\"Provinciales\"],\"inLanguage\":\"es\",\"potentialAction\":[{\"@type\":\"CommentAction\",\"name\":\"Comment\",\"target\":[\"https:\\\/\\\/patagoniambiental.com.ar\\\/info\\\/bomberos-preocupados-por-la-sequia-y-la-posibilidad-de-incendios-en-la-provincia-de-neuquen\\\/#respond\"]}]},{\"@type\":\"WebPage\",\"@id\":\"https:\\\/\\\/patagoniambiental.com.ar\\\/info\\\/bomberos-preocupados-por-la-sequia-y-la-posibilidad-de-incendios-en-la-provincia-de-neuquen\\\/\",\"url\":\"https:\\\/\\\/patagoniambiental.com.ar\\\/info\\\/bomberos-preocupados-por-la-sequia-y-la-posibilidad-de-incendios-en-la-provincia-de-neuquen\\\/\",\"name\":\"Bomberos preocupados por la sequ\u00eda y la posibilidad de incendios en la provincia de Neuqu\u00e9n\",\"isPartOf\":{\"@id\":\"https:\\\/\\\/patagoniambiental.com.ar\\\/info\\\/#website\"},\"primaryImageOfPage\":{\"@id\":\"https:\\\/\\\/patagoniambiental.com.ar\\\/info\\\/bomberos-preocupados-por-la-sequia-y-la-posibilidad-de-incendios-en-la-provincia-de-neuquen\\\/#primaryimage\"},\"image\":{\"@id\":\"https:\\\/\\\/patagoniambiental.com.ar\\\/info\\\/bomberos-preocupados-por-la-sequia-y-la-posibilidad-de-incendios-en-la-provincia-de-neuquen\\\/#primaryimage\"},\"thumbnailUrl\":\"https:\\\/\\\/patagoniambiental.com.ar\\\/info\\\/wp-content\\\/uploads\\\/2021\\\/08\\\/incendio-pastizales-alumine.jpg\",\"datePublished\":\"2021-08-05T10:00:00+00:00\",\"breadcrumb\":{\"@id\":\"https:\\\/\\\/patagoniambiental.com.ar\\\/info\\\/bomberos-preocupados-por-la-sequia-y-la-posibilidad-de-incendios-en-la-provincia-de-neuquen\\\/#breadcrumb\"},\"inLanguage\":\"es\",\"potentialAction\":[{\"@type\":\"ReadAction\",\"target\":[\"https:\\\/\\\/patagoniambiental.com.ar\\\/info\\\/bomberos-preocupados-por-la-sequia-y-la-posibilidad-de-incendios-en-la-provincia-de-neuquen\\\/\"]}]},{\"@type\":\"ImageObject\",\"inLanguage\":\"es\",\"@id\":\"https:\\\/\\\/patagoniambiental.com.ar\\\/info\\\/bomberos-preocupados-por-la-sequia-y-la-posibilidad-de-incendios-en-la-provincia-de-neuquen\\\/#primaryimage\",\"url\":\"https:\\\/\\\/patagoniambiental.com.ar\\\/info\\\/wp-content\\\/uploads\\\/2021\\\/08\\\/incendio-pastizales-alumine.jpg\",\"contentUrl\":\"https:\\\/\\\/patagoniambiental.com.ar\\\/info\\\/wp-content\\\/uploads\\\/2021\\\/08\\\/incendio-pastizales-alumine.jpg\",\"width\":770,\"height\":435},{\"@type\":\"BreadcrumbList\",\"@id\":\"https:\\\/\\\/patagoniambiental.com.ar\\\/info\\\/bomberos-preocupados-por-la-sequia-y-la-posibilidad-de-incendios-en-la-provincia-de-neuquen\\\/#breadcrumb\",\"itemListElement\":[{\"@type\":\"ListItem\",\"position\":1,\"name\":\"Inicio\",\"item\":\"https:\\\/\\\/patagoniambiental.com.ar\\\/info\\\/\"},{\"@type\":\"ListItem\",\"position\":2,\"name\":\"Bomberos preocupados por la sequ\u00eda y la posibilidad de incendios en la provincia de Neuqu\u00e9n\"}]},{\"@type\":\"WebSite\",\"@id\":\"https:\\\/\\\/patagoniambiental.com.ar\\\/info\\\/#website\",\"url\":\"https:\\\/\\\/patagoniambiental.com.ar\\\/info\\\/\",\"name\":\"Patagonia Ambiental\",\"description\":\"Monitoreo y an\u00e1lisis de la situaci\u00f3n geopol\u00edtica en el mundo y su implicancia en la Patagonia\",\"publisher\":{\"@id\":\"https:\\\/\\\/patagoniambiental.com.ar\\\/info\\\/#organization\"},\"potentialAction\":[{\"@type\":\"SearchAction\",\"target\":{\"@type\":\"EntryPoint\",\"urlTemplate\":\"https:\\\/\\\/patagoniambiental.com.ar\\\/info\\\/?s={search_term_string}\"},\"query-input\":{\"@type\":\"PropertyValueSpecification\",\"valueRequired\":true,\"valueName\":\"search_term_string\"}}],\"inLanguage\":\"es\"},{\"@type\":\"Organization\",\"@id\":\"https:\\\/\\\/patagoniambiental.com.ar\\\/info\\\/#organization\",\"name\":\"Patagonia Ambiental\",\"url\":\"https:\\\/\\\/patagoniambiental.com.ar\\\/info\\\/\",\"logo\":{\"@type\":\"ImageObject\",\"inLanguage\":\"es\",\"@id\":\"https:\\\/\\\/patagoniambiental.com.ar\\\/info\\\/#\\\/schema\\\/logo\\\/image\\\/\",\"url\":\"https:\\\/\\\/patagoniambiental.com.ar\\\/info\\\/wp-content\\\/uploads\\\/2025\\\/05\\\/LOGO-PATAGONIA-AMBIENTAL.png\",\"contentUrl\":\"https:\\\/\\\/patagoniambiental.com.ar\\\/info\\\/wp-content\\\/uploads\\\/2025\\\/05\\\/LOGO-PATAGONIA-AMBIENTAL.png\",\"width\":433,\"height\":250,\"caption\":\"Patagonia Ambiental\"},\"image\":{\"@id\":\"https:\\\/\\\/patagoniambiental.com.ar\\\/info\\\/#\\\/schema\\\/logo\\\/image\\\/\"},\"sameAs\":[\"https:\\\/\\\/www.facebook.com\\\/patagonia.ambiental\",\"https:\\\/\\\/x.com\\\/PatAmb\"]},{\"@type\":\"Person\",\"@id\":\"https:\\\/\\\/patagoniambiental.com.ar\\\/info\\\/#\\\/schema\\\/person\\\/e5af09d700b2e82cb10c6b8800e0c691\",\"name\":\"BRAIAN ESTEVEZ\",\"sameAs\":[\"http:\\\/\\\/www.patagoniambiental.com.ar\"]}]}<\/script>\n<!-- \/ Yoast SEO Premium plugin. -->","yoast_head_json":{"title":"Bomberos preocupados por la sequ\u00eda y la posibilidad de incendios en la provincia de Neuqu\u00e9n","robots":{"index":"index","follow":"follow","max-snippet":"max-snippet:-1","max-image-preview":"max-image-preview:large","max-video-preview":"max-video-preview:-1"},"canonical":"https:\/\/patagoniambiental.com.ar\/info\/bomberos-preocupados-por-la-sequia-y-la-posibilidad-de-incendios-en-la-provincia-de-neuquen\/","og_locale":"es_ES","og_type":"article","og_title":"Bomberos preocupados por la sequ\u00eda y la posibilidad de incendios en la provincia de Neuqu\u00e9n","og_url":"https:\/\/patagoniambiental.com.ar\/info\/bomberos-preocupados-por-la-sequia-y-la-posibilidad-de-incendios-en-la-provincia-de-neuquen\/","og_site_name":"Patagonia Ambiental","article_publisher":"https:\/\/www.facebook.com\/patagonia.ambiental","article_published_time":"2021-08-05T10:00:00+00:00","og_image":[{"width":770,"height":435,"url":"https:\/\/patagoniambiental.com.ar\/info\/wp-content\/uploads\/2021\/08\/incendio-pastizales-alumine.jpg","type":"image\/jpeg"}],"author":"BRAIAN ESTEVEZ","twitter_card":"summary_large_image","twitter_creator":"@PatAmb","twitter_site":"@PatAmb","schema":{"@context":"https:\/\/schema.org","@graph":[{"@type":"Article","@id":"https:\/\/patagoniambiental.com.ar\/info\/bomberos-preocupados-por-la-sequia-y-la-posibilidad-de-incendios-en-la-provincia-de-neuquen\/#article","isPartOf":{"@id":"https:\/\/patagoniambiental.com.ar\/info\/bomberos-preocupados-por-la-sequia-y-la-posibilidad-de-incendios-en-la-provincia-de-neuquen\/"},"author":{"name":"BRAIAN ESTEVEZ","@id":"https:\/\/patagoniambiental.com.ar\/info\/#\/schema\/person\/e5af09d700b2e82cb10c6b8800e0c691"},"headline":"Bomberos preocupados por la sequ\u00eda y la posibilidad de incendios en la provincia de Neuqu\u00e9n","datePublished":"2021-08-05T10:00:00+00:00","mainEntityOfPage":{"@id":"https:\/\/patagoniambiental.com.ar\/info\/bomberos-preocupados-por-la-sequia-y-la-posibilidad-de-incendios-en-la-provincia-de-neuquen\/"},"wordCount":444,"commentCount":0,"publisher":{"@id":"https:\/\/patagoniambiental.com.ar\/info\/#organization"},"image":{"@id":"https:\/\/patagoniambiental.com.ar\/info\/bomberos-preocupados-por-la-sequia-y-la-posibilidad-de-incendios-en-la-provincia-de-neuquen\/#primaryimage"},"thumbnailUrl":"https:\/\/patagoniambiental.com.ar\/info\/wp-content\/uploads\/2021\/08\/incendio-pastizales-alumine.jpg","articleSection":["Neuqu\u00e9n","Noticias","Provinciales"],"inLanguage":"es","potentialAction":[{"@type":"CommentAction","name":"Comment","target":["https:\/\/patagoniambiental.com.ar\/info\/bomberos-preocupados-por-la-sequia-y-la-posibilidad-de-incendios-en-la-provincia-de-neuquen\/#respond"]}]},{"@type":"WebPage","@id":"https:\/\/patagoniambiental.com.ar\/info\/bomberos-preocupados-por-la-sequia-y-la-posibilidad-de-incendios-en-la-provincia-de-neuquen\/","url":"https:\/\/patagoniambiental.com.ar\/info\/bomberos-preocupados-por-la-sequia-y-la-posibilidad-de-incendios-en-la-provincia-de-neuquen\/","name":"Bomberos preocupados por la sequ\u00eda y la posibilidad de incendios en la provincia de Neuqu\u00e9n","isPartOf":{"@id":"https:\/\/patagoniambiental.com.ar\/info\/#website"},"primaryImageOfPage":{"@id":"https:\/\/patagoniambiental.com.ar\/info\/bomberos-preocupados-por-la-sequia-y-la-posibilidad-de-incendios-en-la-provincia-de-neuquen\/#primaryimage"},"image":{"@id":"https:\/\/patagoniambiental.com.ar\/info\/bomberos-preocupados-por-la-sequia-y-la-posibilidad-de-incendios-en-la-provincia-de-neuquen\/#primaryimage"},"thumbnailUrl":"https:\/\/patagoniambiental.com.ar\/info\/wp-content\/uploads\/2021\/08\/incendio-pastizales-alumine.jpg","datePublished":"2021-08-05T10:00:00+00:00","breadcrumb":{"@id":"https:\/\/patagoniambiental.com.ar\/info\/bomberos-preocupados-por-la-sequia-y-la-posibilidad-de-incendios-en-la-provincia-de-neuquen\/#breadcrumb"},"inLanguage":"es","potentialAction":[{"@type":"ReadAction","target":["https:\/\/patagoniambiental.com.ar\/info\/bomberos-preocupados-por-la-sequia-y-la-posibilidad-de-incendios-en-la-provincia-de-neuquen\/"]}]},{"@type":"ImageObject","inLanguage":"es","@id":"https:\/\/patagoniambiental.com.ar\/info\/bomberos-preocupados-por-la-sequia-y-la-posibilidad-de-incendios-en-la-provincia-de-neuquen\/#primaryimage","url":"https:\/\/patagoniambiental.com.ar\/info\/wp-content\/uploads\/2021\/08\/incendio-pastizales-alumine.jpg","contentUrl":"https:\/\/patagoniambiental.com.ar\/info\/wp-content\/uploads\/2021\/08\/incendio-pastizales-alumine.jpg","width":770,"height":435},{"@type":"BreadcrumbList","@id":"https:\/\/patagoniambiental.com.ar\/info\/bomberos-preocupados-por-la-sequia-y-la-posibilidad-de-incendios-en-la-provincia-de-neuquen\/#breadcrumb","itemListElement":[{"@type":"ListItem","position":1,"name":"Inicio","item":"https:\/\/patagoniambiental.com.ar\/info\/"},{"@type":"ListItem","position":2,"name":"Bomberos preocupados por la sequ\u00eda y la posibilidad de incendios en la provincia de Neuqu\u00e9n"}]},{"@type":"WebSite","@id":"https:\/\/patagoniambiental.com.ar\/info\/#website","url":"https:\/\/patagoniambiental.com.ar\/info\/","name":"Patagonia Ambiental","description":"Monitoreo y an\u00e1lisis de la situaci\u00f3n geopol\u00edtica en el mundo y su implicancia en la Patagonia","publisher":{"@id":"https:\/\/patagoniambiental.com.ar\/info\/#organization"},"potentialAction":[{"@type":"SearchAction","target":{"@type":"EntryPoint","urlTemplate":"https:\/\/patagoniambiental.com.ar\/info\/?s={search_term_string}"},"query-input":{"@type":"PropertyValueSpecification","valueRequired":true,"valueName":"search_term_string"}}],"inLanguage":"es"},{"@type":"Organization","@id":"https:\/\/patagoniambiental.com.ar\/info\/#organization","name":"Patagonia Ambiental","url":"https:\/\/patagoniambiental.com.ar\/info\/","logo":{"@type":"ImageObject","inLanguage":"es","@id":"https:\/\/patagoniambiental.com.ar\/info\/#\/schema\/logo\/image\/","url":"https:\/\/patagoniambiental.com.ar\/info\/wp-content\/uploads\/2025\/05\/LOGO-PATAGONIA-AMBIENTAL.png","contentUrl":"https:\/\/patagoniambiental.com.ar\/info\/wp-content\/uploads\/2025\/05\/LOGO-PATAGONIA-AMBIENTAL.png","width":433,"height":250,"caption":"Patagonia Ambiental"},"image":{"@id":"https:\/\/patagoniambiental.com.ar\/info\/#\/schema\/logo\/image\/"},"sameAs":["https:\/\/www.facebook.com\/patagonia.ambiental","https:\/\/x.com\/PatAmb"]},{"@type":"Person","@id":"https:\/\/patagoniambiental.com.ar\/info\/#\/schema\/person\/e5af09d700b2e82cb10c6b8800e0c691","name":"BRAIAN ESTEVEZ","sameAs":["http:\/\/www.patagoniambiental.com.ar"]}]}},"_links":{"self":[{"href":"https:\/\/patagoniambiental.com.ar\/info\/wp-json\/wp\/v2\/posts\/73637","targetHints":{"allow":["GET"]}}],"collection":[{"href":"https:\/\/patagoniambiental.com.ar\/info\/wp-json\/wp\/v2\/posts"}],"about":[{"href":"https:\/\/patagoniambiental.com.ar\/info\/wp-json\/wp\/v2\/types\/post"}],"author":[{"embeddable":true,"href":"https:\/\/patagoniambiental.com.ar\/info\/wp-json\/wp\/v2\/users\/6"}],"replies":[{"embeddable":true,"href":"https:\/\/patagoniambiental.com.ar\/info\/wp-json\/wp\/v2\/comments?post=73637"}],"version-history":[{"count":0,"href":"https:\/\/patagoniambiental.com.ar\/info\/wp-json\/wp\/v2\/posts\/73637\/revisions"}],"wp:featuredmedia":[{"embeddable":true,"href":"https:\/\/patagoniambiental.com.ar\/info\/wp-json\/wp\/v2\/media\/73639"}],"wp:attachment":[{"href":"https:\/\/patagoniambiental.com.ar\/info\/wp-json\/wp\/v2\/media?parent=73637"}],"wp:term":[{"taxonomy":"category","embeddable":true,"href":"https:\/\/patagoniambiental.com.ar\/info\/wp-json\/wp\/v2\/categories?post=73637"},{"taxonomy":"post_tag","embeddable":true,"href":"https:\/\/patagoniambiental.com.ar\/info\/wp-json\/wp\/v2\/tags?post=73637"}],"curies":[{"name":"wp","href":"https:\/\/api.w.org\/{rel}","templated":true}]}}