{"id":73641,"date":"2021-08-05T19:00:00","date_gmt":"2021-08-05T22:00:00","guid":{"rendered":"http:\/\/patagoniambiental.com.ar\/info\/?p=73641"},"modified":"2021-08-04T09:47:34","modified_gmt":"2021-08-04T12:47:34","slug":"resaltan-la-cantidad-de-puestos-de-trabajo-que-generan-los-proveedores-de-la-mineria-en-neuquen","status":"publish","type":"post","link":"https:\/\/patagoniambiental.com.ar\/info\/resaltan-la-cantidad-de-puestos-de-trabajo-que-generan-los-proveedores-de-la-mineria-en-neuquen\/","title":{"rendered":"Resaltan la cantidad de puestos de trabajo que generan los proveedores de la miner\u00eda en Neuqu\u00e9n"},"content":{"rendered":"\n<!--more-->\n\n\n\n<p><strong>Se inform\u00f3 en un evento virtual del sector organizado por la C\u00e1mara de Proveedores y Empresarios Mineros del Chubut.<\/strong><\/p>\n\n\n\n<figure class=\"wp-block-image\"><a href=\"https:\/\/img.minutoneuquen.com\/u\/fotografias\/fotosnoticias\/2021\/8\/3\/480258.jpg\"><img decoding=\"async\" src=\"https:\/\/img.minutoneuquen.com\/u\/fotografias\/m\/2021\/8\/3\/f800x450-480258_531704_5050.jpg\" alt=\"Resaltan la cantidad de puestos de trabajo que generan los proveedores de la miner\u00eda\"\/><\/a><figcaption>Manuel Ben\u00edtez fue uno de los principales expositores. Fuente: (Twitter).<\/figcaption><\/figure>\n\n\n\n<p><a href=\"https:\/\/www.minutoneuquen.com\/energia\/2021\/8\/3\/resaltan-la-cantidad-de-puestos-de-trabajo-que-generan-los-proveedores-de-la-mineria-292483.html\">ENERG\u00cdA<\/a><\/p>\n\n\n\n<figure class=\"wp-block-image\"><a href=\"https:\/\/www.minutoneuquen.com\/autor\/julia-maestri.html\"><img decoding=\"async\" src=\"https:\/\/img.minutoneuquen.com\/u\/aps\/noticias\/fotografias\/autor-121.jpg\" alt=\"Julia Maestri\"\/><\/a><\/figure>\n\n\n\n<p><a href=\"https:\/\/www.minutoneuquen.com\/autor\/julia-maestri.html\">Por&nbsp;Julia Maestri<\/a>martes, 3 de agosto de 2021 \u00b7 12:15<\/p>\n\n\n\n<p>El presidente de la C\u00e1mara de Argentina de Proveedores Mineros (CAMPIN), Manuel Ben\u00edtez, dio a conocer que, ya sea por empleos directos e indirectos, los proveedores de la industria de la&nbsp;<strong>mineria&nbsp;<\/strong>actualmente generan 130.000 puestos de trabajo.<\/p>\n\n\n\n<p>El abogado especialista en&nbsp;<a href=\"https:\/\/www.argentina.gob.ar\/eiti\/mineria\" target=\"_blank\" rel=\"noreferrer noopener\">el sector<\/a>&nbsp;particip\u00f3 de una charla virtual que organiz\u00f3 la C\u00e1mara de Proveedores y Empresarios Mineros (CAPEM) del Chubut, que preside Gerardo Cladera. El evento fue transmitido por la p\u00e1gina oficial de Facebook de la entidad.https:\/\/e449766951012695dd673722034e17fc.safeframe.googlesyndication.com\/safeframe\/1-0-38\/html\/container.html<\/p>\n\n\n\n<p>\u201cEn Chubut hemos tenido mucha exploraci\u00f3n de 2003 a 2015\u201d, detall\u00f3 Cladera, quien fue el anfitri\u00f3n de la charla y agreg\u00f3: \u201cEso nos ha permitido a algunas empresas locales trabajar en otras provincias\u201d.<\/p>\n\n\n\n<figure class=\"wp-block-image\"><img decoding=\"async\" src=\"https:\/\/www.minutoneuquen.com\/u\/fotografias\/m\/2021\/8\/3\/f768x1-480259_480386_10.jpg\" alt=\"\"\/><figcaption>Ben\u00edtez: \u201cLa miner\u00eda produce los insumos que llegan a nuestra casa y no nos damos cuenta\u201d.<\/figcaption><\/figure>\n\n\n\n<p>Asimismo, consider\u00f3 que \u201cest\u00e1 faltando el puntapi\u00e9 inicial para que Chubut sea una provincia que pueda explotar sus recursos en un lugar olvidado como la Meseta Central\u201d.https:\/\/e449766951012695dd673722034e17fc.safeframe.googlesyndication.com\/safeframe\/1-0-38\/html\/container.html<\/p>\n\n\n\n<h3 class=\"wp-block-heading\">La seguridad y el medio ambiente<\/h3>\n\n\n\n<p>Por su parte, Ben\u00edtez aport\u00f3 que \u201ccuando uno habla de cadena de valor, no se puede dejar de hablar de la importancia de la producci\u00f3n minera en el mundo, no solo en la Argentina\u201d. En esa l\u00ednea, subray\u00f3 los casos puntuales de pa\u00edses como Chile, Canad\u00e1, Australia y Estados Unidos.<\/p>\n\n\n\n<blockquote class=\"wp-block-quote is-layout-flow wp-block-quote-is-layout-flow\"><p>Argentina naci\u00f3 para ser desarrollada y la miner\u00eda tiene que ver mucho con eso.<\/p><\/blockquote>\n\n\n\n<figure class=\"wp-block-image\"><img decoding=\"async\" src=\"https:\/\/www.minutoneuquen.com\/u\/fotografias\/m\/2021\/8\/3\/f768x1-480260_480387_0.png\" alt=\"\"\/><figcaption>Ben\u00edtez: \u201cAc\u00e1 no es miner\u00eda s\u00ed o no, sino c\u00f3mo la hacemos\u201d.<\/figcaption><\/figure>\n\n\n\n<p>\u201cCada paso de la mina, desde la exploraci\u00f3n en adelante, es desarrollo de proveedores mineros porque requiere de servicios y productos\u201d, explic\u00f3 Ben\u00edtez. Y complet\u00f3: \u201cUna mina no es un agujero como dicen muchos, sino un pueblo y lo que contienen las comunidades\u201d.<\/p>\n\n\n\n<p>Con relaci\u00f3n a la&nbsp;<strong>miner\u00eda&nbsp;<\/strong>sustentable, Ben\u00edtez remarc\u00f3 que \u201cmuchos proveedores mineros invierten en seguridad y medio ambiente\u201d. Por ese motivo, expres\u00f3 que \u201cla&nbsp;<strong>miner\u00eda&nbsp;<\/strong>que se viene es verde, muy tecnol\u00f3gica y con mucha noci\u00f3n del medio ambiente\u201d.<\/p>\n\n\n\n<p>Por \u00faltimo, Ben\u00edtez reiter\u00f3 la importancia de los proveedores mineros, ya que \u201csin ellos, no hay\u00a0<strong>miner\u00eda<\/strong>\u201d.\u00a0<\/p>\n\n\n\n<p>Fuente: https:\/\/www.minutoneuquen.com\/energia\/2021\/8\/3\/resaltan-la-cantidad-de-puestos-de-trabajo-que-generan-los-proveedores-de-la-mineria-292483.html<\/p>\n","protected":false},"excerpt":{"rendered":"","protected":false},"author":6,"featured_media":73642,"comment_status":"open","ping_status":"open","sticky":false,"template":"","format":"standard","meta":{"site-sidebar-layout":"default","site-content-layout":"","ast-site-content-layout":"default","site-content-style":"default","site-sidebar-style":"default","ast-global-header-display":"","ast-banner-title-visibility":"","ast-main-header-display":"","ast-hfb-above-header-display":"","ast-hfb-below-header-display":"","ast-hfb-mobile-header-display":"","site-post-title":"","ast-breadcrumbs-content":"","ast-featured-img":"","footer-sml-layout":"","ast-disable-related-posts":"","theme-transparent-header-meta":"","adv-header-id-meta":"","stick-header-meta":"","header-above-stick-meta":"","header-main-stick-meta":"","header-below-stick-meta":"","astra-migrate-meta-layouts":"default","ast-page-background-enabled":"default","ast-page-background-meta":{"desktop":{"background-color":"var(--ast-global-color-5)","background-image":"","background-repeat":"repeat","background-position":"center center","background-size":"auto","background-attachment":"scroll","background-type":"","background-media":"","overlay-type":"","overlay-color":"","overlay-opacity":"","overlay-gradient":""},"tablet":{"background-color":"","background-image":"","background-repeat":"repeat","background-position":"center center","background-size":"auto","background-attachment":"scroll","background-type":"","background-media":"","overlay-type":"","overlay-color":"","overlay-opacity":"","overlay-gradient":""},"mobile":{"background-color":"","background-image":"","background-repeat":"repeat","background-position":"center center","background-size":"auto","background-attachment":"scroll","background-type":"","background-media":"","overlay-type":"","overlay-color":"","overlay-opacity":"","overlay-gradient":""}},"ast-content-background-meta":{"desktop":{"background-color":"var(--ast-global-color-4)","background-image":"","background-repeat":"repeat","background-position":"center center","background-size":"auto","background-attachment":"scroll","background-type":"","background-media":"","overlay-type":"","overlay-color":"","overlay-opacity":"","overlay-gradient":""},"tablet":{"background-color":"var(--ast-global-color-4)","background-image":"","background-repeat":"repeat","background-position":"center center","background-size":"auto","background-attachment":"scroll","background-type":"","background-media":"","overlay-type":"","overlay-color":"","overlay-opacity":"","overlay-gradient":""},"mobile":{"background-color":"var(--ast-global-color-4)","background-image":"","background-repeat":"repeat","background-position":"center center","background-size":"auto","background-attachment":"scroll","background-type":"","background-media":"","overlay-type":"","overlay-color":"","overlay-opacity":"","overlay-gradient":""}},"footnotes":""},"categories":[11,18,1,13,10],"tags":[],"class_list":["post-73641","post","type-post","status-publish","format-standard","has-post-thumbnail","hentry","category-boletin","category-neuquen","category-noticias","category-provinciales","category-rotador"],"yoast_head":"<!-- This site is optimized with the Yoast SEO Premium plugin v23.0 (Yoast SEO v27.5) - https:\/\/yoast.com\/product\/yoast-seo-premium-wordpress\/ -->\n<title>Resaltan la cantidad de puestos de trabajo que generan los proveedores de la miner\u00eda en Neuqu\u00e9n<\/title>\n<meta name=\"robots\" content=\"index, follow, max-snippet:-1, max-image-preview:large, max-video-preview:-1\" \/>\n<link rel=\"canonical\" href=\"https:\/\/patagoniambiental.com.ar\/info\/resaltan-la-cantidad-de-puestos-de-trabajo-que-generan-los-proveedores-de-la-mineria-en-neuquen\/\" \/>\n<meta property=\"og:locale\" content=\"es_ES\" \/>\n<meta property=\"og:type\" content=\"article\" \/>\n<meta property=\"og:title\" content=\"Resaltan la cantidad de puestos de trabajo que generan los proveedores de la miner\u00eda en Neuqu\u00e9n\" \/>\n<meta property=\"og:url\" content=\"https:\/\/patagoniambiental.com.ar\/info\/resaltan-la-cantidad-de-puestos-de-trabajo-que-generan-los-proveedores-de-la-mineria-en-neuquen\/\" \/>\n<meta property=\"og:site_name\" content=\"Patagonia Ambiental\" \/>\n<meta property=\"article:publisher\" content=\"https:\/\/www.facebook.com\/patagonia.ambiental\" \/>\n<meta property=\"article:published_time\" content=\"2021-08-05T22:00:00+00:00\" \/>\n<meta property=\"og:image\" content=\"https:\/\/patagoniambiental.com.ar\/info\/wp-content\/uploads\/2021\/08\/f768x1-480259_480386_10.jpg\" \/>\n\t<meta property=\"og:image:width\" content=\"768\" \/>\n\t<meta property=\"og:image:height\" content=\"492\" \/>\n\t<meta property=\"og:image:type\" content=\"image\/jpeg\" \/>\n<meta name=\"author\" content=\"BRAIAN ESTEVEZ\" \/>\n<meta name=\"twitter:card\" content=\"summary_large_image\" \/>\n<meta name=\"twitter:creator\" content=\"@PatAmb\" \/>\n<meta name=\"twitter:site\" content=\"@PatAmb\" \/>\n<script type=\"application\/ld+json\" class=\"yoast-schema-graph\">{\"@context\":\"https:\\\/\\\/schema.org\",\"@graph\":[{\"@type\":\"Article\",\"@id\":\"https:\\\/\\\/patagoniambiental.com.ar\\\/info\\\/resaltan-la-cantidad-de-puestos-de-trabajo-que-generan-los-proveedores-de-la-mineria-en-neuquen\\\/#article\",\"isPartOf\":{\"@id\":\"https:\\\/\\\/patagoniambiental.com.ar\\\/info\\\/resaltan-la-cantidad-de-puestos-de-trabajo-que-generan-los-proveedores-de-la-mineria-en-neuquen\\\/\"},\"author\":{\"name\":\"BRAIAN ESTEVEZ\",\"@id\":\"https:\\\/\\\/patagoniambiental.com.ar\\\/info\\\/#\\\/schema\\\/person\\\/e5af09d700b2e82cb10c6b8800e0c691\"},\"headline\":\"Resaltan la cantidad de puestos de trabajo que generan los proveedores de la miner\u00eda en Neuqu\u00e9n\",\"datePublished\":\"2021-08-05T22:00:00+00:00\",\"mainEntityOfPage\":{\"@id\":\"https:\\\/\\\/patagoniambiental.com.ar\\\/info\\\/resaltan-la-cantidad-de-puestos-de-trabajo-que-generan-los-proveedores-de-la-mineria-en-neuquen\\\/\"},\"wordCount\":460,\"commentCount\":0,\"publisher\":{\"@id\":\"https:\\\/\\\/patagoniambiental.com.ar\\\/info\\\/#organization\"},\"image\":{\"@id\":\"https:\\\/\\\/patagoniambiental.com.ar\\\/info\\\/resaltan-la-cantidad-de-puestos-de-trabajo-que-generan-los-proveedores-de-la-mineria-en-neuquen\\\/#primaryimage\"},\"thumbnailUrl\":\"https:\\\/\\\/patagoniambiental.com.ar\\\/info\\\/wp-content\\\/uploads\\\/2021\\\/08\\\/f768x1-480259_480386_10.jpg\",\"articleSection\":[\"Bolet\u00edn\",\"Neuqu\u00e9n\",\"Noticias\",\"Provinciales\",\"Rotador\"],\"inLanguage\":\"es\",\"potentialAction\":[{\"@type\":\"CommentAction\",\"name\":\"Comment\",\"target\":[\"https:\\\/\\\/patagoniambiental.com.ar\\\/info\\\/resaltan-la-cantidad-de-puestos-de-trabajo-que-generan-los-proveedores-de-la-mineria-en-neuquen\\\/#respond\"]}]},{\"@type\":\"WebPage\",\"@id\":\"https:\\\/\\\/patagoniambiental.com.ar\\\/info\\\/resaltan-la-cantidad-de-puestos-de-trabajo-que-generan-los-proveedores-de-la-mineria-en-neuquen\\\/\",\"url\":\"https:\\\/\\\/patagoniambiental.com.ar\\\/info\\\/resaltan-la-cantidad-de-puestos-de-trabajo-que-generan-los-proveedores-de-la-mineria-en-neuquen\\\/\",\"name\":\"Resaltan la cantidad de puestos de trabajo que generan los proveedores de la miner\u00eda en Neuqu\u00e9n\",\"isPartOf\":{\"@id\":\"https:\\\/\\\/patagoniambiental.com.ar\\\/info\\\/#website\"},\"primaryImageOfPage\":{\"@id\":\"https:\\\/\\\/patagoniambiental.com.ar\\\/info\\\/resaltan-la-cantidad-de-puestos-de-trabajo-que-generan-los-proveedores-de-la-mineria-en-neuquen\\\/#primaryimage\"},\"image\":{\"@id\":\"https:\\\/\\\/patagoniambiental.com.ar\\\/info\\\/resaltan-la-cantidad-de-puestos-de-trabajo-que-generan-los-proveedores-de-la-mineria-en-neuquen\\\/#primaryimage\"},\"thumbnailUrl\":\"https:\\\/\\\/patagoniambiental.com.ar\\\/info\\\/wp-content\\\/uploads\\\/2021\\\/08\\\/f768x1-480259_480386_10.jpg\",\"datePublished\":\"2021-08-05T22:00:00+00:00\",\"breadcrumb\":{\"@id\":\"https:\\\/\\\/patagoniambiental.com.ar\\\/info\\\/resaltan-la-cantidad-de-puestos-de-trabajo-que-generan-los-proveedores-de-la-mineria-en-neuquen\\\/#breadcrumb\"},\"inLanguage\":\"es\",\"potentialAction\":[{\"@type\":\"ReadAction\",\"target\":[\"https:\\\/\\\/patagoniambiental.com.ar\\\/info\\\/resaltan-la-cantidad-de-puestos-de-trabajo-que-generan-los-proveedores-de-la-mineria-en-neuquen\\\/\"]}]},{\"@type\":\"ImageObject\",\"inLanguage\":\"es\",\"@id\":\"https:\\\/\\\/patagoniambiental.com.ar\\\/info\\\/resaltan-la-cantidad-de-puestos-de-trabajo-que-generan-los-proveedores-de-la-mineria-en-neuquen\\\/#primaryimage\",\"url\":\"https:\\\/\\\/patagoniambiental.com.ar\\\/info\\\/wp-content\\\/uploads\\\/2021\\\/08\\\/f768x1-480259_480386_10.jpg\",\"contentUrl\":\"https:\\\/\\\/patagoniambiental.com.ar\\\/info\\\/wp-content\\\/uploads\\\/2021\\\/08\\\/f768x1-480259_480386_10.jpg\",\"width\":768,\"height\":492},{\"@type\":\"BreadcrumbList\",\"@id\":\"https:\\\/\\\/patagoniambiental.com.ar\\\/info\\\/resaltan-la-cantidad-de-puestos-de-trabajo-que-generan-los-proveedores-de-la-mineria-en-neuquen\\\/#breadcrumb\",\"itemListElement\":[{\"@type\":\"ListItem\",\"position\":1,\"name\":\"Inicio\",\"item\":\"https:\\\/\\\/patagoniambiental.com.ar\\\/info\\\/\"},{\"@type\":\"ListItem\",\"position\":2,\"name\":\"Resaltan la cantidad de puestos de trabajo que generan los proveedores de la miner\u00eda en Neuqu\u00e9n\"}]},{\"@type\":\"WebSite\",\"@id\":\"https:\\\/\\\/patagoniambiental.com.ar\\\/info\\\/#website\",\"url\":\"https:\\\/\\\/patagoniambiental.com.ar\\\/info\\\/\",\"name\":\"Patagonia Ambiental\",\"description\":\"Monitoreo y an\u00e1lisis de la situaci\u00f3n geopol\u00edtica en el mundo y su implicancia en la Patagonia\",\"publisher\":{\"@id\":\"https:\\\/\\\/patagoniambiental.com.ar\\\/info\\\/#organization\"},\"potentialAction\":[{\"@type\":\"SearchAction\",\"target\":{\"@type\":\"EntryPoint\",\"urlTemplate\":\"https:\\\/\\\/patagoniambiental.com.ar\\\/info\\\/?s={search_term_string}\"},\"query-input\":{\"@type\":\"PropertyValueSpecification\",\"valueRequired\":true,\"valueName\":\"search_term_string\"}}],\"inLanguage\":\"es\"},{\"@type\":\"Organization\",\"@id\":\"https:\\\/\\\/patagoniambiental.com.ar\\\/info\\\/#organization\",\"name\":\"Patagonia Ambiental\",\"url\":\"https:\\\/\\\/patagoniambiental.com.ar\\\/info\\\/\",\"logo\":{\"@type\":\"ImageObject\",\"inLanguage\":\"es\",\"@id\":\"https:\\\/\\\/patagoniambiental.com.ar\\\/info\\\/#\\\/schema\\\/logo\\\/image\\\/\",\"url\":\"https:\\\/\\\/patagoniambiental.com.ar\\\/info\\\/wp-content\\\/uploads\\\/2025\\\/05\\\/LOGO-PATAGONIA-AMBIENTAL.png\",\"contentUrl\":\"https:\\\/\\\/patagoniambiental.com.ar\\\/info\\\/wp-content\\\/uploads\\\/2025\\\/05\\\/LOGO-PATAGONIA-AMBIENTAL.png\",\"width\":433,\"height\":250,\"caption\":\"Patagonia Ambiental\"},\"image\":{\"@id\":\"https:\\\/\\\/patagoniambiental.com.ar\\\/info\\\/#\\\/schema\\\/logo\\\/image\\\/\"},\"sameAs\":[\"https:\\\/\\\/www.facebook.com\\\/patagonia.ambiental\",\"https:\\\/\\\/x.com\\\/PatAmb\"]},{\"@type\":\"Person\",\"@id\":\"https:\\\/\\\/patagoniambiental.com.ar\\\/info\\\/#\\\/schema\\\/person\\\/e5af09d700b2e82cb10c6b8800e0c691\",\"name\":\"BRAIAN ESTEVEZ\",\"sameAs\":[\"http:\\\/\\\/www.patagoniambiental.com.ar\"]}]}<\/script>\n<!-- \/ Yoast SEO Premium plugin. -->","yoast_head_json":{"title":"Resaltan la cantidad de puestos de trabajo que generan los proveedores de la miner\u00eda en Neuqu\u00e9n","robots":{"index":"index","follow":"follow","max-snippet":"max-snippet:-1","max-image-preview":"max-image-preview:large","max-video-preview":"max-video-preview:-1"},"canonical":"https:\/\/patagoniambiental.com.ar\/info\/resaltan-la-cantidad-de-puestos-de-trabajo-que-generan-los-proveedores-de-la-mineria-en-neuquen\/","og_locale":"es_ES","og_type":"article","og_title":"Resaltan la cantidad de puestos de trabajo que generan los proveedores de la miner\u00eda en Neuqu\u00e9n","og_url":"https:\/\/patagoniambiental.com.ar\/info\/resaltan-la-cantidad-de-puestos-de-trabajo-que-generan-los-proveedores-de-la-mineria-en-neuquen\/","og_site_name":"Patagonia Ambiental","article_publisher":"https:\/\/www.facebook.com\/patagonia.ambiental","article_published_time":"2021-08-05T22:00:00+00:00","og_image":[{"width":768,"height":492,"url":"https:\/\/patagoniambiental.com.ar\/info\/wp-content\/uploads\/2021\/08\/f768x1-480259_480386_10.jpg","type":"image\/jpeg"}],"author":"BRAIAN ESTEVEZ","twitter_card":"summary_large_image","twitter_creator":"@PatAmb","twitter_site":"@PatAmb","schema":{"@context":"https:\/\/schema.org","@graph":[{"@type":"Article","@id":"https:\/\/patagoniambiental.com.ar\/info\/resaltan-la-cantidad-de-puestos-de-trabajo-que-generan-los-proveedores-de-la-mineria-en-neuquen\/#article","isPartOf":{"@id":"https:\/\/patagoniambiental.com.ar\/info\/resaltan-la-cantidad-de-puestos-de-trabajo-que-generan-los-proveedores-de-la-mineria-en-neuquen\/"},"author":{"name":"BRAIAN ESTEVEZ","@id":"https:\/\/patagoniambiental.com.ar\/info\/#\/schema\/person\/e5af09d700b2e82cb10c6b8800e0c691"},"headline":"Resaltan la cantidad de puestos de trabajo que generan los proveedores de la miner\u00eda en Neuqu\u00e9n","datePublished":"2021-08-05T22:00:00+00:00","mainEntityOfPage":{"@id":"https:\/\/patagoniambiental.com.ar\/info\/resaltan-la-cantidad-de-puestos-de-trabajo-que-generan-los-proveedores-de-la-mineria-en-neuquen\/"},"wordCount":460,"commentCount":0,"publisher":{"@id":"https:\/\/patagoniambiental.com.ar\/info\/#organization"},"image":{"@id":"https:\/\/patagoniambiental.com.ar\/info\/resaltan-la-cantidad-de-puestos-de-trabajo-que-generan-los-proveedores-de-la-mineria-en-neuquen\/#primaryimage"},"thumbnailUrl":"https:\/\/patagoniambiental.com.ar\/info\/wp-content\/uploads\/2021\/08\/f768x1-480259_480386_10.jpg","articleSection":["Bolet\u00edn","Neuqu\u00e9n","Noticias","Provinciales","Rotador"],"inLanguage":"es","potentialAction":[{"@type":"CommentAction","name":"Comment","target":["https:\/\/patagoniambiental.com.ar\/info\/resaltan-la-cantidad-de-puestos-de-trabajo-que-generan-los-proveedores-de-la-mineria-en-neuquen\/#respond"]}]},{"@type":"WebPage","@id":"https:\/\/patagoniambiental.com.ar\/info\/resaltan-la-cantidad-de-puestos-de-trabajo-que-generan-los-proveedores-de-la-mineria-en-neuquen\/","url":"https:\/\/patagoniambiental.com.ar\/info\/resaltan-la-cantidad-de-puestos-de-trabajo-que-generan-los-proveedores-de-la-mineria-en-neuquen\/","name":"Resaltan la cantidad de puestos de trabajo que generan los proveedores de la miner\u00eda en Neuqu\u00e9n","isPartOf":{"@id":"https:\/\/patagoniambiental.com.ar\/info\/#website"},"primaryImageOfPage":{"@id":"https:\/\/patagoniambiental.com.ar\/info\/resaltan-la-cantidad-de-puestos-de-trabajo-que-generan-los-proveedores-de-la-mineria-en-neuquen\/#primaryimage"},"image":{"@id":"https:\/\/patagoniambiental.com.ar\/info\/resaltan-la-cantidad-de-puestos-de-trabajo-que-generan-los-proveedores-de-la-mineria-en-neuquen\/#primaryimage"},"thumbnailUrl":"https:\/\/patagoniambiental.com.ar\/info\/wp-content\/uploads\/2021\/08\/f768x1-480259_480386_10.jpg","datePublished":"2021-08-05T22:00:00+00:00","breadcrumb":{"@id":"https:\/\/patagoniambiental.com.ar\/info\/resaltan-la-cantidad-de-puestos-de-trabajo-que-generan-los-proveedores-de-la-mineria-en-neuquen\/#breadcrumb"},"inLanguage":"es","potentialAction":[{"@type":"ReadAction","target":["https:\/\/patagoniambiental.com.ar\/info\/resaltan-la-cantidad-de-puestos-de-trabajo-que-generan-los-proveedores-de-la-mineria-en-neuquen\/"]}]},{"@type":"ImageObject","inLanguage":"es","@id":"https:\/\/patagoniambiental.com.ar\/info\/resaltan-la-cantidad-de-puestos-de-trabajo-que-generan-los-proveedores-de-la-mineria-en-neuquen\/#primaryimage","url":"https:\/\/patagoniambiental.com.ar\/info\/wp-content\/uploads\/2021\/08\/f768x1-480259_480386_10.jpg","contentUrl":"https:\/\/patagoniambiental.com.ar\/info\/wp-content\/uploads\/2021\/08\/f768x1-480259_480386_10.jpg","width":768,"height":492},{"@type":"BreadcrumbList","@id":"https:\/\/patagoniambiental.com.ar\/info\/resaltan-la-cantidad-de-puestos-de-trabajo-que-generan-los-proveedores-de-la-mineria-en-neuquen\/#breadcrumb","itemListElement":[{"@type":"ListItem","position":1,"name":"Inicio","item":"https:\/\/patagoniambiental.com.ar\/info\/"},{"@type":"ListItem","position":2,"name":"Resaltan la cantidad de puestos de trabajo que generan los proveedores de la miner\u00eda en Neuqu\u00e9n"}]},{"@type":"WebSite","@id":"https:\/\/patagoniambiental.com.ar\/info\/#website","url":"https:\/\/patagoniambiental.com.ar\/info\/","name":"Patagonia Ambiental","description":"Monitoreo y an\u00e1lisis de la situaci\u00f3n geopol\u00edtica en el mundo y su implicancia en la Patagonia","publisher":{"@id":"https:\/\/patagoniambiental.com.ar\/info\/#organization"},"potentialAction":[{"@type":"SearchAction","target":{"@type":"EntryPoint","urlTemplate":"https:\/\/patagoniambiental.com.ar\/info\/?s={search_term_string}"},"query-input":{"@type":"PropertyValueSpecification","valueRequired":true,"valueName":"search_term_string"}}],"inLanguage":"es"},{"@type":"Organization","@id":"https:\/\/patagoniambiental.com.ar\/info\/#organization","name":"Patagonia Ambiental","url":"https:\/\/patagoniambiental.com.ar\/info\/","logo":{"@type":"ImageObject","inLanguage":"es","@id":"https:\/\/patagoniambiental.com.ar\/info\/#\/schema\/logo\/image\/","url":"https:\/\/patagoniambiental.com.ar\/info\/wp-content\/uploads\/2025\/05\/LOGO-PATAGONIA-AMBIENTAL.png","contentUrl":"https:\/\/patagoniambiental.com.ar\/info\/wp-content\/uploads\/2025\/05\/LOGO-PATAGONIA-AMBIENTAL.png","width":433,"height":250,"caption":"Patagonia Ambiental"},"image":{"@id":"https:\/\/patagoniambiental.com.ar\/info\/#\/schema\/logo\/image\/"},"sameAs":["https:\/\/www.facebook.com\/patagonia.ambiental","https:\/\/x.com\/PatAmb"]},{"@type":"Person","@id":"https:\/\/patagoniambiental.com.ar\/info\/#\/schema\/person\/e5af09d700b2e82cb10c6b8800e0c691","name":"BRAIAN ESTEVEZ","sameAs":["http:\/\/www.patagoniambiental.com.ar"]}]}},"_links":{"self":[{"href":"https:\/\/patagoniambiental.com.ar\/info\/wp-json\/wp\/v2\/posts\/73641","targetHints":{"allow":["GET"]}}],"collection":[{"href":"https:\/\/patagoniambiental.com.ar\/info\/wp-json\/wp\/v2\/posts"}],"about":[{"href":"https:\/\/patagoniambiental.com.ar\/info\/wp-json\/wp\/v2\/types\/post"}],"author":[{"embeddable":true,"href":"https:\/\/patagoniambiental.com.ar\/info\/wp-json\/wp\/v2\/users\/6"}],"replies":[{"embeddable":true,"href":"https:\/\/patagoniambiental.com.ar\/info\/wp-json\/wp\/v2\/comments?post=73641"}],"version-history":[{"count":0,"href":"https:\/\/patagoniambiental.com.ar\/info\/wp-json\/wp\/v2\/posts\/73641\/revisions"}],"wp:featuredmedia":[{"embeddable":true,"href":"https:\/\/patagoniambiental.com.ar\/info\/wp-json\/wp\/v2\/media\/73642"}],"wp:attachment":[{"href":"https:\/\/patagoniambiental.com.ar\/info\/wp-json\/wp\/v2\/media?parent=73641"}],"wp:term":[{"taxonomy":"category","embeddable":true,"href":"https:\/\/patagoniambiental.com.ar\/info\/wp-json\/wp\/v2\/categories?post=73641"},{"taxonomy":"post_tag","embeddable":true,"href":"https:\/\/patagoniambiental.com.ar\/info\/wp-json\/wp\/v2\/tags?post=73641"}],"curies":[{"name":"wp","href":"https:\/\/api.w.org\/{rel}","templated":true}]}}