{"id":7365,"date":"2015-01-23T13:30:11","date_gmt":"2015-01-23T16:30:11","guid":{"rendered":"http:\/\/patagoniambiental.com.ar\/?p=7365"},"modified":"2015-01-23T13:30:11","modified_gmt":"2015-01-23T16:30:11","slug":"crisis-genera-cortocircuitos","status":"publish","type":"post","link":"https:\/\/patagoniambiental.com.ar\/info\/crisis-genera-cortocircuitos\/","title":{"rendered":"Crisis genera cortocircuitos"},"content":{"rendered":"<p style=\"text-align: justify;\">Santa Rosa &#8211; La falta de agua en el r\u00edo Atuel est\u00e1 generando -como suele ser habitual en esta \u00e9poca del a\u00f1o- una fuerte controversia en la provincia de Mendoza ante los intereses contrapuestos por el uso del escaso caudal que tiene el r\u00edo. A partir de esta semana, las erogaciones desde Valle Grande ir\u00e1n disminuyendo y entre el 20 y el 21 de febrero se producir\u00e1 el corte definitivo del r\u00edo. Los operadores tur\u00edsticos quieren que no haya corte del r\u00edo porque ya tienen vendidos paquetes que incluyen actividades en el cauce.<!--more--><\/p>\n<p style=\"text-align: justify;\">La controversia qued\u00f3 reflejada en un art\u00edculo publicado en la v\u00edspera por el diario Uno con la firma del periodista Gonzalo Villatoro y fechado en la ciudad de General Alvear, epicentro de la resistencia mendocina contra La Pampa. \u00abEl conflicto con La Pampa no es la \u00fanica guerra que se libra por el r\u00edo Atuel\u00bb, escribi\u00f3 el cronista. \u00abPuertas adentro de Mendoza la crisis h\u00eddrica golpea fuerte y pone en riesgo la calidad del agua potable que consumen los habitantes de distintos poblados, la producci\u00f3n agr\u00edcola, la normal prestaci\u00f3n de los servicios tur\u00edsticos y hasta la generaci\u00f3n de energ\u00eda el\u00e9ctrica. Y cuando esto ocurre comienzan los cortocircuitos\u00bb.<\/p>\n<p style=\"text-align: justify;\">Los embalses de El Nihuil y Valle Grande se encuentran con un cuarto de su capacidad de almacenamiento producto del sexto a\u00f1o consecutivo en que el Atuel escurre con un bajo caudal. En medio de ese panorama, vuelve a reeditarse una disputa que se est\u00e1 haciendo habitual cada a\u00f1o, agricultores versus prestadores tur\u00edsticos.<\/p>\n<p style=\"text-align: justify;\">Esta vez, el detonante de la pol\u00e9mica fue el plan de erogaci\u00f3n dise\u00f1ado por la asamblea de inspectores de cauce que comenz\u00f3 a ejecutarse esta semana. Contempla una disminuci\u00f3n en la erogaci\u00f3n de los embalses de 46 a 25 metros c\u00fabicos por segundo y el \u00abseccionado\u00bb del r\u00edo, lo que implica que los productores tendr\u00e1n agua para regar cada 16 d\u00edas. \u00abPero lo que m\u00e1s ruido trajo -sostuvo Villatoro- fue el anuncio por parte de Irrigaci\u00f3n de la corta anual: ser\u00e1 el 21 de febrero.<\/p>\n<p style=\"text-align: justify;\">\u00abEstamos en \u00e9poca de crisis h\u00eddrica y golpea a todos por igual por eso es necesario que todos nos apretemos el cinto\u00bb, sentenci\u00f3 Fabi\u00e1n Bujald\u00f3n, subdelegado de Aguas del r\u00edo Atuel. Los productores no est\u00e1n de acuerdo, pero agachan la cabeza y tratan de aprovechar al m\u00e1ximo cada hilo de agua que circula por las acequias.<\/p>\n<p style=\"text-align: justify;\">Seg\u00fan el diario, el mensaje del subdelegado tuvo un destinatario en particular: el sector tur\u00edstico de San Rafael, \u00e1mbito que ya empez\u00f3 a zapatear. Los prestadores tur\u00edsticos \u00abpusieron el grito en el cielo, especialmente cuando se enteraron de que la \u00faltima semana de febrero, por el cauce del r\u00edo, no correr\u00e1 una sola gota de agua\u00bb.<\/p>\n<p style=\"text-align: justify;\">Cristian Draghi, de la c\u00e1mara de Turismo de San Rafael, verbaliz\u00f3 la queja del sector. \u00abPor ahora se pueden seguir realizando las actividades, pero a partir del 20 de febrero estar\u00e1 el problema, no se podr\u00e1n ofrecer los mismos servicios\u00bb. Para el empresario \u00abno se entiende el criterio de erogaci\u00f3n, desde noviembre se largan 46 metros c\u00fabicos y despu\u00e9s vienen las decisiones dr\u00e1sticas, por qu\u00e9 no erogar un poco menos y que se extienda en el tiempo\u00bb, plante\u00f3.<\/p>\n<p style=\"text-align: justify;\">Bujald\u00f3n explic\u00f3 que a fines de a\u00f1o se hace una erogaci\u00f3n importante porque \u00abse contempla el pico de demanda, en noviembre y diciembre es cuando m\u00e1s agua necesitan los cultivos (para darle tama\u00f1o a los frutos) a d\u00edas de la cosecha\u00bb. H\u00e9ctor Bordnarsky, de la Asociaci\u00f3n de Inspectores de cauce Nuevo Alvear, tambi\u00e9n retruc\u00f3 a Draghi: \u00abtodos tenemos que adaptarnos y lo hacemos nosotros, que producimos comida\u00bb, dijo.<\/p>\n<p style=\"text-align: justify;\">FUENTE: laarena.com.ar<\/p>\n","protected":false},"excerpt":{"rendered":"<p>Santa Rosa &#8211; La falta de agua en el r\u00edo Atuel est\u00e1 generando -como suele ser habitual en esta \u00e9poca [&hellip;]<\/p>\n","protected":false},"author":2,"featured_media":7214,"comment_status":"closed","ping_status":"closed","sticky":false,"template":"","format":"standard","meta":{"site-sidebar-layout":"default","site-content-layout":"","ast-site-content-layout":"default","site-content-style":"default","site-sidebar-style":"default","ast-global-header-display":"","ast-banner-title-visibility":"","ast-main-header-display":"","ast-hfb-above-header-display":"","ast-hfb-below-header-display":"","ast-hfb-mobile-header-display":"","site-post-title":"","ast-breadcrumbs-content":"","ast-featured-img":"","footer-sml-layout":"","ast-disable-related-posts":"","theme-transparent-header-meta":"","adv-header-id-meta":"","stick-header-meta":"","header-above-stick-meta":"","header-main-stick-meta":"","header-below-stick-meta":"","astra-migrate-meta-layouts":"default","ast-page-background-enabled":"default","ast-page-background-meta":{"desktop":{"background-color":"var(--ast-global-color-5)","background-image":"","background-repeat":"repeat","background-position":"center center","background-size":"auto","background-attachment":"scroll","background-type":"","background-media":"","overlay-type":"","overlay-color":"","overlay-opacity":"","overlay-gradient":""},"tablet":{"background-color":"","background-image":"","background-repeat":"repeat","background-position":"center center","background-size":"auto","background-attachment":"scroll","background-type":"","background-media":"","overlay-type":"","overlay-color":"","overlay-opacity":"","overlay-gradient":""},"mobile":{"background-color":"","background-image":"","background-repeat":"repeat","background-position":"center center","background-size":"auto","background-attachment":"scroll","background-type":"","background-media":"","overlay-type":"","overlay-color":"","overlay-opacity":"","overlay-gradient":""}},"ast-content-background-meta":{"desktop":{"background-color":"var(--ast-global-color-4)","background-image":"","background-repeat":"repeat","background-position":"center center","background-size":"auto","background-attachment":"scroll","background-type":"","background-media":"","overlay-type":"","overlay-color":"","overlay-opacity":"","overlay-gradient":""},"tablet":{"background-color":"var(--ast-global-color-4)","background-image":"","background-repeat":"repeat","background-position":"center center","background-size":"auto","background-attachment":"scroll","background-type":"","background-media":"","overlay-type":"","overlay-color":"","overlay-opacity":"","overlay-gradient":""},"mobile":{"background-color":"var(--ast-global-color-4)","background-image":"","background-repeat":"repeat","background-position":"center center","background-size":"auto","background-attachment":"scroll","background-type":"","background-media":"","overlay-type":"","overlay-color":"","overlay-opacity":"","overlay-gradient":""}},"footnotes":""},"categories":[59,1,13],"tags":[87,2000,2260,1178,1417,789],"class_list":["post-7365","post","type-post","status-publish","format-standard","has-post-thumbnail","hentry","category-la-pampa","category-noticias","category-provinciales","tag-agua","tag-crisis","tag-escaso-caudall","tag-la-pampa","tag-mendoza","tag-rio-atuel"],"yoast_head":"<!-- This site is optimized with the Yoast SEO Premium plugin v23.0 (Yoast SEO v27.5) - https:\/\/yoast.com\/product\/yoast-seo-premium-wordpress\/ -->\n<title>Crisis genera cortocircuitos<\/title>\n<meta name=\"robots\" content=\"index, follow, max-snippet:-1, max-image-preview:large, max-video-preview:-1\" \/>\n<link rel=\"canonical\" href=\"https:\/\/patagoniambiental.com.ar\/info\/crisis-genera-cortocircuitos\/\" \/>\n<meta property=\"og:locale\" content=\"es_ES\" \/>\n<meta property=\"og:type\" content=\"article\" \/>\n<meta property=\"og:title\" content=\"Crisis genera cortocircuitos\" \/>\n<meta property=\"og:description\" content=\"Santa Rosa &#8211; La falta de agua en el r\u00edo Atuel est\u00e1 generando -como suele ser habitual en esta \u00e9poca [&hellip;]\" \/>\n<meta property=\"og:url\" content=\"https:\/\/patagoniambiental.com.ar\/info\/crisis-genera-cortocircuitos\/\" \/>\n<meta property=\"og:site_name\" content=\"Patagonia Ambiental\" \/>\n<meta property=\"article:publisher\" content=\"https:\/\/www.facebook.com\/patagonia.ambiental\" \/>\n<meta property=\"article:author\" content=\"https:\/\/www.facebook.com\/share\/1C1V8Gv9BX\/?mibextid=qi2Omg\" \/>\n<meta property=\"article:published_time\" content=\"2015-01-23T16:30:11+00:00\" \/>\n<meta name=\"author\" content=\"Patagonia Ambiental\" \/>\n<meta name=\"twitter:card\" content=\"summary_large_image\" \/>\n<meta name=\"twitter:creator\" content=\"@PatAmb\" \/>\n<meta name=\"twitter:site\" content=\"@PatAmb\" \/>\n<script type=\"application\/ld+json\" class=\"yoast-schema-graph\">{\"@context\":\"https:\\\/\\\/schema.org\",\"@graph\":[{\"@type\":\"Article\",\"@id\":\"https:\\\/\\\/patagoniambiental.com.ar\\\/info\\\/crisis-genera-cortocircuitos\\\/#article\",\"isPartOf\":{\"@id\":\"https:\\\/\\\/patagoniambiental.com.ar\\\/info\\\/crisis-genera-cortocircuitos\\\/\"},\"author\":{\"name\":\"Patagonia Ambiental\",\"@id\":\"https:\\\/\\\/patagoniambiental.com.ar\\\/info\\\/#\\\/schema\\\/person\\\/db12bff64bbcbf6a253710bf0ea37b5d\"},\"headline\":\"Crisis genera cortocircuitos\",\"datePublished\":\"2015-01-23T16:30:11+00:00\",\"mainEntityOfPage\":{\"@id\":\"https:\\\/\\\/patagoniambiental.com.ar\\\/info\\\/crisis-genera-cortocircuitos\\\/\"},\"wordCount\":652,\"publisher\":{\"@id\":\"https:\\\/\\\/patagoniambiental.com.ar\\\/info\\\/#organization\"},\"image\":{\"@id\":\"https:\\\/\\\/patagoniambiental.com.ar\\\/info\\\/crisis-genera-cortocircuitos\\\/#primaryimage\"},\"thumbnailUrl\":\"\",\"keywords\":[\"Agua\",\"crisis\",\"escaso caudall\",\"La Pampa\",\"mendoza\",\"r\u00edo Atuel\"],\"articleSection\":[\"La Pampa\",\"Noticias\",\"Provinciales\"],\"inLanguage\":\"es\"},{\"@type\":\"WebPage\",\"@id\":\"https:\\\/\\\/patagoniambiental.com.ar\\\/info\\\/crisis-genera-cortocircuitos\\\/\",\"url\":\"https:\\\/\\\/patagoniambiental.com.ar\\\/info\\\/crisis-genera-cortocircuitos\\\/\",\"name\":\"Crisis genera cortocircuitos\",\"isPartOf\":{\"@id\":\"https:\\\/\\\/patagoniambiental.com.ar\\\/info\\\/#website\"},\"primaryImageOfPage\":{\"@id\":\"https:\\\/\\\/patagoniambiental.com.ar\\\/info\\\/crisis-genera-cortocircuitos\\\/#primaryimage\"},\"image\":{\"@id\":\"https:\\\/\\\/patagoniambiental.com.ar\\\/info\\\/crisis-genera-cortocircuitos\\\/#primaryimage\"},\"thumbnailUrl\":\"\",\"datePublished\":\"2015-01-23T16:30:11+00:00\",\"breadcrumb\":{\"@id\":\"https:\\\/\\\/patagoniambiental.com.ar\\\/info\\\/crisis-genera-cortocircuitos\\\/#breadcrumb\"},\"inLanguage\":\"es\",\"potentialAction\":[{\"@type\":\"ReadAction\",\"target\":[\"https:\\\/\\\/patagoniambiental.com.ar\\\/info\\\/crisis-genera-cortocircuitos\\\/\"]}]},{\"@type\":\"ImageObject\",\"inLanguage\":\"es\",\"@id\":\"https:\\\/\\\/patagoniambiental.com.ar\\\/info\\\/crisis-genera-cortocircuitos\\\/#primaryimage\",\"url\":\"\",\"contentUrl\":\"\"},{\"@type\":\"BreadcrumbList\",\"@id\":\"https:\\\/\\\/patagoniambiental.com.ar\\\/info\\\/crisis-genera-cortocircuitos\\\/#breadcrumb\",\"itemListElement\":[{\"@type\":\"ListItem\",\"position\":1,\"name\":\"Inicio\",\"item\":\"https:\\\/\\\/patagoniambiental.com.ar\\\/info\\\/\"},{\"@type\":\"ListItem\",\"position\":2,\"name\":\"Crisis genera cortocircuitos\"}]},{\"@type\":\"WebSite\",\"@id\":\"https:\\\/\\\/patagoniambiental.com.ar\\\/info\\\/#website\",\"url\":\"https:\\\/\\\/patagoniambiental.com.ar\\\/info\\\/\",\"name\":\"Patagonia Ambiental\",\"description\":\"Monitoreo y an\u00e1lisis de la situaci\u00f3n geopol\u00edtica en el mundo y su implicancia en la Patagonia\",\"publisher\":{\"@id\":\"https:\\\/\\\/patagoniambiental.com.ar\\\/info\\\/#organization\"},\"potentialAction\":[{\"@type\":\"SearchAction\",\"target\":{\"@type\":\"EntryPoint\",\"urlTemplate\":\"https:\\\/\\\/patagoniambiental.com.ar\\\/info\\\/?s={search_term_string}\"},\"query-input\":{\"@type\":\"PropertyValueSpecification\",\"valueRequired\":true,\"valueName\":\"search_term_string\"}}],\"inLanguage\":\"es\"},{\"@type\":\"Organization\",\"@id\":\"https:\\\/\\\/patagoniambiental.com.ar\\\/info\\\/#organization\",\"name\":\"Patagonia Ambiental\",\"url\":\"https:\\\/\\\/patagoniambiental.com.ar\\\/info\\\/\",\"logo\":{\"@type\":\"ImageObject\",\"inLanguage\":\"es\",\"@id\":\"https:\\\/\\\/patagoniambiental.com.ar\\\/info\\\/#\\\/schema\\\/logo\\\/image\\\/\",\"url\":\"https:\\\/\\\/patagoniambiental.com.ar\\\/info\\\/wp-content\\\/uploads\\\/2025\\\/05\\\/LOGO-PATAGONIA-AMBIENTAL.png\",\"contentUrl\":\"https:\\\/\\\/patagoniambiental.com.ar\\\/info\\\/wp-content\\\/uploads\\\/2025\\\/05\\\/LOGO-PATAGONIA-AMBIENTAL.png\",\"width\":433,\"height\":250,\"caption\":\"Patagonia Ambiental\"},\"image\":{\"@id\":\"https:\\\/\\\/patagoniambiental.com.ar\\\/info\\\/#\\\/schema\\\/logo\\\/image\\\/\"},\"sameAs\":[\"https:\\\/\\\/www.facebook.com\\\/patagonia.ambiental\",\"https:\\\/\\\/x.com\\\/PatAmb\"]},{\"@type\":\"Person\",\"@id\":\"https:\\\/\\\/patagoniambiental.com.ar\\\/info\\\/#\\\/schema\\\/person\\\/db12bff64bbcbf6a253710bf0ea37b5d\",\"name\":\"Patagonia Ambiental\",\"description\":\"Andr\u00e9s Nievas T\u00e9cnico en manejo ambiental, consultor Ambiental y escritor para medios locales e internacionales sobre temas de geopolitica y medio ambiente.\",\"sameAs\":[\"http:\\\/\\\/www.patagoniambiental.com.ar\",\"https:\\\/\\\/www.facebook.com\\\/share\\\/1C1V8Gv9BX\\\/?mibextid=qi2Omg\",\"@patagoniambiental\",\"https:\\\/\\\/youtube.com\\\/@patagoniaambiental2023?si=BLt58t0wuXquxlYZ\"]}]}<\/script>\n<!-- \/ Yoast SEO Premium plugin. -->","yoast_head_json":{"title":"Crisis genera cortocircuitos","robots":{"index":"index","follow":"follow","max-snippet":"max-snippet:-1","max-image-preview":"max-image-preview:large","max-video-preview":"max-video-preview:-1"},"canonical":"https:\/\/patagoniambiental.com.ar\/info\/crisis-genera-cortocircuitos\/","og_locale":"es_ES","og_type":"article","og_title":"Crisis genera cortocircuitos","og_description":"Santa Rosa &#8211; La falta de agua en el r\u00edo Atuel est\u00e1 generando -como suele ser habitual en esta \u00e9poca [&hellip;]","og_url":"https:\/\/patagoniambiental.com.ar\/info\/crisis-genera-cortocircuitos\/","og_site_name":"Patagonia Ambiental","article_publisher":"https:\/\/www.facebook.com\/patagonia.ambiental","article_author":"https:\/\/www.facebook.com\/share\/1C1V8Gv9BX\/?mibextid=qi2Omg","article_published_time":"2015-01-23T16:30:11+00:00","author":"Patagonia Ambiental","twitter_card":"summary_large_image","twitter_creator":"@PatAmb","twitter_site":"@PatAmb","schema":{"@context":"https:\/\/schema.org","@graph":[{"@type":"Article","@id":"https:\/\/patagoniambiental.com.ar\/info\/crisis-genera-cortocircuitos\/#article","isPartOf":{"@id":"https:\/\/patagoniambiental.com.ar\/info\/crisis-genera-cortocircuitos\/"},"author":{"name":"Patagonia Ambiental","@id":"https:\/\/patagoniambiental.com.ar\/info\/#\/schema\/person\/db12bff64bbcbf6a253710bf0ea37b5d"},"headline":"Crisis genera cortocircuitos","datePublished":"2015-01-23T16:30:11+00:00","mainEntityOfPage":{"@id":"https:\/\/patagoniambiental.com.ar\/info\/crisis-genera-cortocircuitos\/"},"wordCount":652,"publisher":{"@id":"https:\/\/patagoniambiental.com.ar\/info\/#organization"},"image":{"@id":"https:\/\/patagoniambiental.com.ar\/info\/crisis-genera-cortocircuitos\/#primaryimage"},"thumbnailUrl":"","keywords":["Agua","crisis","escaso caudall","La Pampa","mendoza","r\u00edo Atuel"],"articleSection":["La Pampa","Noticias","Provinciales"],"inLanguage":"es"},{"@type":"WebPage","@id":"https:\/\/patagoniambiental.com.ar\/info\/crisis-genera-cortocircuitos\/","url":"https:\/\/patagoniambiental.com.ar\/info\/crisis-genera-cortocircuitos\/","name":"Crisis genera cortocircuitos","isPartOf":{"@id":"https:\/\/patagoniambiental.com.ar\/info\/#website"},"primaryImageOfPage":{"@id":"https:\/\/patagoniambiental.com.ar\/info\/crisis-genera-cortocircuitos\/#primaryimage"},"image":{"@id":"https:\/\/patagoniambiental.com.ar\/info\/crisis-genera-cortocircuitos\/#primaryimage"},"thumbnailUrl":"","datePublished":"2015-01-23T16:30:11+00:00","breadcrumb":{"@id":"https:\/\/patagoniambiental.com.ar\/info\/crisis-genera-cortocircuitos\/#breadcrumb"},"inLanguage":"es","potentialAction":[{"@type":"ReadAction","target":["https:\/\/patagoniambiental.com.ar\/info\/crisis-genera-cortocircuitos\/"]}]},{"@type":"ImageObject","inLanguage":"es","@id":"https:\/\/patagoniambiental.com.ar\/info\/crisis-genera-cortocircuitos\/#primaryimage","url":"","contentUrl":""},{"@type":"BreadcrumbList","@id":"https:\/\/patagoniambiental.com.ar\/info\/crisis-genera-cortocircuitos\/#breadcrumb","itemListElement":[{"@type":"ListItem","position":1,"name":"Inicio","item":"https:\/\/patagoniambiental.com.ar\/info\/"},{"@type":"ListItem","position":2,"name":"Crisis genera cortocircuitos"}]},{"@type":"WebSite","@id":"https:\/\/patagoniambiental.com.ar\/info\/#website","url":"https:\/\/patagoniambiental.com.ar\/info\/","name":"Patagonia Ambiental","description":"Monitoreo y an\u00e1lisis de la situaci\u00f3n geopol\u00edtica en el mundo y su implicancia en la Patagonia","publisher":{"@id":"https:\/\/patagoniambiental.com.ar\/info\/#organization"},"potentialAction":[{"@type":"SearchAction","target":{"@type":"EntryPoint","urlTemplate":"https:\/\/patagoniambiental.com.ar\/info\/?s={search_term_string}"},"query-input":{"@type":"PropertyValueSpecification","valueRequired":true,"valueName":"search_term_string"}}],"inLanguage":"es"},{"@type":"Organization","@id":"https:\/\/patagoniambiental.com.ar\/info\/#organization","name":"Patagonia Ambiental","url":"https:\/\/patagoniambiental.com.ar\/info\/","logo":{"@type":"ImageObject","inLanguage":"es","@id":"https:\/\/patagoniambiental.com.ar\/info\/#\/schema\/logo\/image\/","url":"https:\/\/patagoniambiental.com.ar\/info\/wp-content\/uploads\/2025\/05\/LOGO-PATAGONIA-AMBIENTAL.png","contentUrl":"https:\/\/patagoniambiental.com.ar\/info\/wp-content\/uploads\/2025\/05\/LOGO-PATAGONIA-AMBIENTAL.png","width":433,"height":250,"caption":"Patagonia Ambiental"},"image":{"@id":"https:\/\/patagoniambiental.com.ar\/info\/#\/schema\/logo\/image\/"},"sameAs":["https:\/\/www.facebook.com\/patagonia.ambiental","https:\/\/x.com\/PatAmb"]},{"@type":"Person","@id":"https:\/\/patagoniambiental.com.ar\/info\/#\/schema\/person\/db12bff64bbcbf6a253710bf0ea37b5d","name":"Patagonia Ambiental","description":"Andr\u00e9s Nievas T\u00e9cnico en manejo ambiental, consultor Ambiental y escritor para medios locales e internacionales sobre temas de geopolitica y medio ambiente.","sameAs":["http:\/\/www.patagoniambiental.com.ar","https:\/\/www.facebook.com\/share\/1C1V8Gv9BX\/?mibextid=qi2Omg","@patagoniambiental","https:\/\/youtube.com\/@patagoniaambiental2023?si=BLt58t0wuXquxlYZ"]}]}},"_links":{"self":[{"href":"https:\/\/patagoniambiental.com.ar\/info\/wp-json\/wp\/v2\/posts\/7365","targetHints":{"allow":["GET"]}}],"collection":[{"href":"https:\/\/patagoniambiental.com.ar\/info\/wp-json\/wp\/v2\/posts"}],"about":[{"href":"https:\/\/patagoniambiental.com.ar\/info\/wp-json\/wp\/v2\/types\/post"}],"author":[{"embeddable":true,"href":"https:\/\/patagoniambiental.com.ar\/info\/wp-json\/wp\/v2\/users\/2"}],"replies":[{"embeddable":true,"href":"https:\/\/patagoniambiental.com.ar\/info\/wp-json\/wp\/v2\/comments?post=7365"}],"version-history":[{"count":0,"href":"https:\/\/patagoniambiental.com.ar\/info\/wp-json\/wp\/v2\/posts\/7365\/revisions"}],"wp:featuredmedia":[{"embeddable":true,"href":"https:\/\/patagoniambiental.com.ar\/info\/wp-json\/"}],"wp:attachment":[{"href":"https:\/\/patagoniambiental.com.ar\/info\/wp-json\/wp\/v2\/media?parent=7365"}],"wp:term":[{"taxonomy":"category","embeddable":true,"href":"https:\/\/patagoniambiental.com.ar\/info\/wp-json\/wp\/v2\/categories?post=7365"},{"taxonomy":"post_tag","embeddable":true,"href":"https:\/\/patagoniambiental.com.ar\/info\/wp-json\/wp\/v2\/tags?post=7365"}],"curies":[{"name":"wp","href":"https:\/\/api.w.org\/{rel}","templated":true}]}}