{"id":73654,"date":"2021-08-04T10:07:10","date_gmt":"2021-08-04T13:07:10","guid":{"rendered":"http:\/\/patagoniambiental.com.ar\/info\/?p=73654"},"modified":"2021-08-04T10:07:13","modified_gmt":"2021-08-04T13:07:13","slug":"el-instituto-tecnologico-patagonico-y-alter-energy-sas-firmaron-convenio-sobre-energias-renovables","status":"publish","type":"post","link":"https:\/\/patagoniambiental.com.ar\/info\/el-instituto-tecnologico-patagonico-y-alter-energy-sas-firmaron-convenio-sobre-energias-renovables\/","title":{"rendered":"EL Instituto Tecnol\u00f3gico Patag\u00f3nico y Alter Energy SAS firmaron Convenio sobre Energ\u00edas Renovables"},"content":{"rendered":"\n<!--more-->\n\n\n\n<p>Neuqu\u00e9n.-EL ITP ( Instituto Tecnol\u00f3gico Patag\u00f3nico) y Alter Energy SAS celebraron un Convenio de Cooperaci\u00f3n para promover iniciativas conjuntas de intercambio y transferencia de conocimientos, experiencias y tecnolog\u00edas relacionadas con las Energ\u00edas Renovables que, mediante la capacitaci\u00f3n y la formaci\u00f3n, contribuyan al mejoramiento de nuestra calidad de vida y la de generaciones futuras. Mediante este convenio se pretende generar una importante sinergia entre la formaci\u00f3n en Energ\u00eda Renovable que brinda el ITP y las soluciones en Energ\u00eda Solar, Eficiencia Energ\u00e9tica, Dom\u00f3tica, Movilidad El\u00e9ctrica y UPS\u2019s que desarrolla Alter Energy. Desarrollar soluciones en materia de eficiencia energ\u00e9tica y energ\u00eda solar comienza con la formaci\u00f3n de T\u00e9cnicos certificados y su difusi\u00f3n masiva, entre otros aspectos, permitir\u00e1 importantes ahorros tarifarios a los usuarios domiciliarios e impactar\u00e1 directamente en los costos operativos y la planificaci\u00f3n financiera empresarial. Ambas organizaciones coinciden en la necesidad de producir energ\u00eda de manera sustentable. Generar energ\u00eda el\u00e9ctrica limpia, constante, silenciosa y renovable no solo permite abastecer sitios aislados sino que reduce la dependencia de la red p\u00fablica mejorando la estabilidad del sistema el\u00e9ctrico, porque se genera donde se consume. Por otra parte, tambi\u00e9n se consideran las exigencias profesionales de la Industria 4.0 de \u201cla internet de las cosas\u201d, donde la red de objetos f\u00edsicos (dom\u00e9sticos e industriales) se conectan mediante sensores y tecnolog\u00edas de intercambio de datos con otros dispositivos en Internet. Con m\u00e1s de 15 a\u00f1os de experiencia ITP y Alter Energy suman hoy sus esfuerzos desde la formaci\u00f3n y desde el desarrollo de soluciones energ\u00e9ticas sustentables para continuar contribuyendo al desarrollo de un entorno donde el Medio Ambiente y la Tecnolog\u00eda se fusionen para reducir la Huella de Carbono de nuestras actividades.<\/p>\n\n\n\n<p>Fuente: https:\/\/noticiasnqn.com.ar\/actualidad\/convenio-verde-para-las-energias-renovables.htm<\/p>\n","protected":false},"excerpt":{"rendered":"","protected":false},"author":6,"featured_media":73655,"comment_status":"open","ping_status":"open","sticky":false,"template":"","format":"standard","meta":{"site-sidebar-layout":"default","site-content-layout":"","ast-site-content-layout":"default","site-content-style":"default","site-sidebar-style":"default","ast-global-header-display":"","ast-banner-title-visibility":"","ast-main-header-display":"","ast-hfb-above-header-display":"","ast-hfb-below-header-display":"","ast-hfb-mobile-header-display":"","site-post-title":"","ast-breadcrumbs-content":"","ast-featured-img":"","footer-sml-layout":"","ast-disable-related-posts":"","theme-transparent-header-meta":"","adv-header-id-meta":"","stick-header-meta":"","header-above-stick-meta":"","header-main-stick-meta":"","header-below-stick-meta":"","astra-migrate-meta-layouts":"default","ast-page-background-enabled":"default","ast-page-background-meta":{"desktop":{"background-color":"var(--ast-global-color-5)","background-image":"","background-repeat":"repeat","background-position":"center center","background-size":"auto","background-attachment":"scroll","background-type":"","background-media":"","overlay-type":"","overlay-color":"","overlay-opacity":"","overlay-gradient":""},"tablet":{"background-color":"","background-image":"","background-repeat":"repeat","background-position":"center center","background-size":"auto","background-attachment":"scroll","background-type":"","background-media":"","overlay-type":"","overlay-color":"","overlay-opacity":"","overlay-gradient":""},"mobile":{"background-color":"","background-image":"","background-repeat":"repeat","background-position":"center center","background-size":"auto","background-attachment":"scroll","background-type":"","background-media":"","overlay-type":"","overlay-color":"","overlay-opacity":"","overlay-gradient":""}},"ast-content-background-meta":{"desktop":{"background-color":"var(--ast-global-color-4)","background-image":"","background-repeat":"repeat","background-position":"center center","background-size":"auto","background-attachment":"scroll","background-type":"","background-media":"","overlay-type":"","overlay-color":"","overlay-opacity":"","overlay-gradient":""},"tablet":{"background-color":"var(--ast-global-color-4)","background-image":"","background-repeat":"repeat","background-position":"center center","background-size":"auto","background-attachment":"scroll","background-type":"","background-media":"","overlay-type":"","overlay-color":"","overlay-opacity":"","overlay-gradient":""},"mobile":{"background-color":"var(--ast-global-color-4)","background-image":"","background-repeat":"repeat","background-position":"center center","background-size":"auto","background-attachment":"scroll","background-type":"","background-media":"","overlay-type":"","overlay-color":"","overlay-opacity":"","overlay-gradient":""}},"footnotes":""},"categories":[18,1,13],"tags":[],"class_list":["post-73654","post","type-post","status-publish","format-standard","has-post-thumbnail","hentry","category-neuquen","category-noticias","category-provinciales"],"yoast_head":"<!-- This site is optimized with the Yoast SEO Premium plugin v23.0 (Yoast SEO v27.5) - https:\/\/yoast.com\/product\/yoast-seo-premium-wordpress\/ -->\n<title>EL Instituto Tecnol\u00f3gico Patag\u00f3nico y Alter Energy SAS firmaron Convenio sobre Energ\u00edas Renovables<\/title>\n<meta name=\"robots\" content=\"index, follow, max-snippet:-1, max-image-preview:large, max-video-preview:-1\" \/>\n<link rel=\"canonical\" href=\"https:\/\/patagoniambiental.com.ar\/info\/el-instituto-tecnologico-patagonico-y-alter-energy-sas-firmaron-convenio-sobre-energias-renovables\/\" \/>\n<meta property=\"og:locale\" content=\"es_ES\" \/>\n<meta property=\"og:type\" content=\"article\" \/>\n<meta property=\"og:title\" content=\"EL Instituto Tecnol\u00f3gico Patag\u00f3nico y Alter Energy SAS firmaron Convenio sobre Energ\u00edas Renovables\" \/>\n<meta property=\"og:url\" content=\"https:\/\/patagoniambiental.com.ar\/info\/el-instituto-tecnologico-patagonico-y-alter-energy-sas-firmaron-convenio-sobre-energias-renovables\/\" \/>\n<meta property=\"og:site_name\" content=\"Patagonia Ambiental\" \/>\n<meta property=\"article:publisher\" content=\"https:\/\/www.facebook.com\/patagonia.ambiental\" \/>\n<meta property=\"article:published_time\" content=\"2021-08-04T13:07:10+00:00\" \/>\n<meta property=\"article:modified_time\" content=\"2021-08-04T13:07:13+00:00\" \/>\n<meta property=\"og:image\" content=\"https:\/\/patagoniambiental.com.ar\/info\/wp-content\/uploads\/2021\/08\/l_1628018684.png\" \/>\n\t<meta property=\"og:image:width\" content=\"900\" \/>\n\t<meta property=\"og:image:height\" content=\"600\" \/>\n\t<meta property=\"og:image:type\" content=\"image\/png\" \/>\n<meta name=\"author\" content=\"BRAIAN ESTEVEZ\" \/>\n<meta name=\"twitter:card\" content=\"summary_large_image\" \/>\n<meta name=\"twitter:creator\" content=\"@PatAmb\" \/>\n<meta name=\"twitter:site\" content=\"@PatAmb\" \/>\n<script type=\"application\/ld+json\" class=\"yoast-schema-graph\">{\"@context\":\"https:\\\/\\\/schema.org\",\"@graph\":[{\"@type\":\"Article\",\"@id\":\"https:\\\/\\\/patagoniambiental.com.ar\\\/info\\\/el-instituto-tecnologico-patagonico-y-alter-energy-sas-firmaron-convenio-sobre-energias-renovables\\\/#article\",\"isPartOf\":{\"@id\":\"https:\\\/\\\/patagoniambiental.com.ar\\\/info\\\/el-instituto-tecnologico-patagonico-y-alter-energy-sas-firmaron-convenio-sobre-energias-renovables\\\/\"},\"author\":{\"name\":\"BRAIAN ESTEVEZ\",\"@id\":\"https:\\\/\\\/patagoniambiental.com.ar\\\/info\\\/#\\\/schema\\\/person\\\/e5af09d700b2e82cb10c6b8800e0c691\"},\"headline\":\"EL Instituto Tecnol\u00f3gico Patag\u00f3nico y Alter Energy SAS firmaron Convenio sobre Energ\u00edas Renovables\",\"datePublished\":\"2021-08-04T13:07:10+00:00\",\"dateModified\":\"2021-08-04T13:07:13+00:00\",\"mainEntityOfPage\":{\"@id\":\"https:\\\/\\\/patagoniambiental.com.ar\\\/info\\\/el-instituto-tecnologico-patagonico-y-alter-energy-sas-firmaron-convenio-sobre-energias-renovables\\\/\"},\"wordCount\":332,\"commentCount\":0,\"publisher\":{\"@id\":\"https:\\\/\\\/patagoniambiental.com.ar\\\/info\\\/#organization\"},\"image\":{\"@id\":\"https:\\\/\\\/patagoniambiental.com.ar\\\/info\\\/el-instituto-tecnologico-patagonico-y-alter-energy-sas-firmaron-convenio-sobre-energias-renovables\\\/#primaryimage\"},\"thumbnailUrl\":\"https:\\\/\\\/patagoniambiental.com.ar\\\/info\\\/wp-content\\\/uploads\\\/2021\\\/08\\\/l_1628018684.png\",\"articleSection\":[\"Neuqu\u00e9n\",\"Noticias\",\"Provinciales\"],\"inLanguage\":\"es\",\"potentialAction\":[{\"@type\":\"CommentAction\",\"name\":\"Comment\",\"target\":[\"https:\\\/\\\/patagoniambiental.com.ar\\\/info\\\/el-instituto-tecnologico-patagonico-y-alter-energy-sas-firmaron-convenio-sobre-energias-renovables\\\/#respond\"]}]},{\"@type\":\"WebPage\",\"@id\":\"https:\\\/\\\/patagoniambiental.com.ar\\\/info\\\/el-instituto-tecnologico-patagonico-y-alter-energy-sas-firmaron-convenio-sobre-energias-renovables\\\/\",\"url\":\"https:\\\/\\\/patagoniambiental.com.ar\\\/info\\\/el-instituto-tecnologico-patagonico-y-alter-energy-sas-firmaron-convenio-sobre-energias-renovables\\\/\",\"name\":\"EL Instituto Tecnol\u00f3gico Patag\u00f3nico y Alter Energy SAS firmaron Convenio sobre Energ\u00edas Renovables\",\"isPartOf\":{\"@id\":\"https:\\\/\\\/patagoniambiental.com.ar\\\/info\\\/#website\"},\"primaryImageOfPage\":{\"@id\":\"https:\\\/\\\/patagoniambiental.com.ar\\\/info\\\/el-instituto-tecnologico-patagonico-y-alter-energy-sas-firmaron-convenio-sobre-energias-renovables\\\/#primaryimage\"},\"image\":{\"@id\":\"https:\\\/\\\/patagoniambiental.com.ar\\\/info\\\/el-instituto-tecnologico-patagonico-y-alter-energy-sas-firmaron-convenio-sobre-energias-renovables\\\/#primaryimage\"},\"thumbnailUrl\":\"https:\\\/\\\/patagoniambiental.com.ar\\\/info\\\/wp-content\\\/uploads\\\/2021\\\/08\\\/l_1628018684.png\",\"datePublished\":\"2021-08-04T13:07:10+00:00\",\"dateModified\":\"2021-08-04T13:07:13+00:00\",\"breadcrumb\":{\"@id\":\"https:\\\/\\\/patagoniambiental.com.ar\\\/info\\\/el-instituto-tecnologico-patagonico-y-alter-energy-sas-firmaron-convenio-sobre-energias-renovables\\\/#breadcrumb\"},\"inLanguage\":\"es\",\"potentialAction\":[{\"@type\":\"ReadAction\",\"target\":[\"https:\\\/\\\/patagoniambiental.com.ar\\\/info\\\/el-instituto-tecnologico-patagonico-y-alter-energy-sas-firmaron-convenio-sobre-energias-renovables\\\/\"]}]},{\"@type\":\"ImageObject\",\"inLanguage\":\"es\",\"@id\":\"https:\\\/\\\/patagoniambiental.com.ar\\\/info\\\/el-instituto-tecnologico-patagonico-y-alter-energy-sas-firmaron-convenio-sobre-energias-renovables\\\/#primaryimage\",\"url\":\"https:\\\/\\\/patagoniambiental.com.ar\\\/info\\\/wp-content\\\/uploads\\\/2021\\\/08\\\/l_1628018684.png\",\"contentUrl\":\"https:\\\/\\\/patagoniambiental.com.ar\\\/info\\\/wp-content\\\/uploads\\\/2021\\\/08\\\/l_1628018684.png\",\"width\":900,\"height\":600},{\"@type\":\"BreadcrumbList\",\"@id\":\"https:\\\/\\\/patagoniambiental.com.ar\\\/info\\\/el-instituto-tecnologico-patagonico-y-alter-energy-sas-firmaron-convenio-sobre-energias-renovables\\\/#breadcrumb\",\"itemListElement\":[{\"@type\":\"ListItem\",\"position\":1,\"name\":\"Inicio\",\"item\":\"https:\\\/\\\/patagoniambiental.com.ar\\\/info\\\/\"},{\"@type\":\"ListItem\",\"position\":2,\"name\":\"EL Instituto Tecnol\u00f3gico Patag\u00f3nico y Alter Energy SAS firmaron Convenio sobre Energ\u00edas Renovables\"}]},{\"@type\":\"WebSite\",\"@id\":\"https:\\\/\\\/patagoniambiental.com.ar\\\/info\\\/#website\",\"url\":\"https:\\\/\\\/patagoniambiental.com.ar\\\/info\\\/\",\"name\":\"Patagonia Ambiental\",\"description\":\"Monitoreo y an\u00e1lisis de la situaci\u00f3n geopol\u00edtica en el mundo y su implicancia en la Patagonia\",\"publisher\":{\"@id\":\"https:\\\/\\\/patagoniambiental.com.ar\\\/info\\\/#organization\"},\"potentialAction\":[{\"@type\":\"SearchAction\",\"target\":{\"@type\":\"EntryPoint\",\"urlTemplate\":\"https:\\\/\\\/patagoniambiental.com.ar\\\/info\\\/?s={search_term_string}\"},\"query-input\":{\"@type\":\"PropertyValueSpecification\",\"valueRequired\":true,\"valueName\":\"search_term_string\"}}],\"inLanguage\":\"es\"},{\"@type\":\"Organization\",\"@id\":\"https:\\\/\\\/patagoniambiental.com.ar\\\/info\\\/#organization\",\"name\":\"Patagonia Ambiental\",\"url\":\"https:\\\/\\\/patagoniambiental.com.ar\\\/info\\\/\",\"logo\":{\"@type\":\"ImageObject\",\"inLanguage\":\"es\",\"@id\":\"https:\\\/\\\/patagoniambiental.com.ar\\\/info\\\/#\\\/schema\\\/logo\\\/image\\\/\",\"url\":\"https:\\\/\\\/patagoniambiental.com.ar\\\/info\\\/wp-content\\\/uploads\\\/2025\\\/05\\\/LOGO-PATAGONIA-AMBIENTAL.png\",\"contentUrl\":\"https:\\\/\\\/patagoniambiental.com.ar\\\/info\\\/wp-content\\\/uploads\\\/2025\\\/05\\\/LOGO-PATAGONIA-AMBIENTAL.png\",\"width\":433,\"height\":250,\"caption\":\"Patagonia Ambiental\"},\"image\":{\"@id\":\"https:\\\/\\\/patagoniambiental.com.ar\\\/info\\\/#\\\/schema\\\/logo\\\/image\\\/\"},\"sameAs\":[\"https:\\\/\\\/www.facebook.com\\\/patagonia.ambiental\",\"https:\\\/\\\/x.com\\\/PatAmb\"]},{\"@type\":\"Person\",\"@id\":\"https:\\\/\\\/patagoniambiental.com.ar\\\/info\\\/#\\\/schema\\\/person\\\/e5af09d700b2e82cb10c6b8800e0c691\",\"name\":\"BRAIAN ESTEVEZ\",\"sameAs\":[\"http:\\\/\\\/www.patagoniambiental.com.ar\"]}]}<\/script>\n<!-- \/ Yoast SEO Premium plugin. -->","yoast_head_json":{"title":"EL Instituto Tecnol\u00f3gico Patag\u00f3nico y Alter Energy SAS firmaron Convenio sobre Energ\u00edas Renovables","robots":{"index":"index","follow":"follow","max-snippet":"max-snippet:-1","max-image-preview":"max-image-preview:large","max-video-preview":"max-video-preview:-1"},"canonical":"https:\/\/patagoniambiental.com.ar\/info\/el-instituto-tecnologico-patagonico-y-alter-energy-sas-firmaron-convenio-sobre-energias-renovables\/","og_locale":"es_ES","og_type":"article","og_title":"EL Instituto Tecnol\u00f3gico Patag\u00f3nico y Alter Energy SAS firmaron Convenio sobre Energ\u00edas Renovables","og_url":"https:\/\/patagoniambiental.com.ar\/info\/el-instituto-tecnologico-patagonico-y-alter-energy-sas-firmaron-convenio-sobre-energias-renovables\/","og_site_name":"Patagonia Ambiental","article_publisher":"https:\/\/www.facebook.com\/patagonia.ambiental","article_published_time":"2021-08-04T13:07:10+00:00","article_modified_time":"2021-08-04T13:07:13+00:00","og_image":[{"width":900,"height":600,"url":"https:\/\/patagoniambiental.com.ar\/info\/wp-content\/uploads\/2021\/08\/l_1628018684.png","type":"image\/png"}],"author":"BRAIAN ESTEVEZ","twitter_card":"summary_large_image","twitter_creator":"@PatAmb","twitter_site":"@PatAmb","schema":{"@context":"https:\/\/schema.org","@graph":[{"@type":"Article","@id":"https:\/\/patagoniambiental.com.ar\/info\/el-instituto-tecnologico-patagonico-y-alter-energy-sas-firmaron-convenio-sobre-energias-renovables\/#article","isPartOf":{"@id":"https:\/\/patagoniambiental.com.ar\/info\/el-instituto-tecnologico-patagonico-y-alter-energy-sas-firmaron-convenio-sobre-energias-renovables\/"},"author":{"name":"BRAIAN ESTEVEZ","@id":"https:\/\/patagoniambiental.com.ar\/info\/#\/schema\/person\/e5af09d700b2e82cb10c6b8800e0c691"},"headline":"EL Instituto Tecnol\u00f3gico Patag\u00f3nico y Alter Energy SAS firmaron Convenio sobre Energ\u00edas Renovables","datePublished":"2021-08-04T13:07:10+00:00","dateModified":"2021-08-04T13:07:13+00:00","mainEntityOfPage":{"@id":"https:\/\/patagoniambiental.com.ar\/info\/el-instituto-tecnologico-patagonico-y-alter-energy-sas-firmaron-convenio-sobre-energias-renovables\/"},"wordCount":332,"commentCount":0,"publisher":{"@id":"https:\/\/patagoniambiental.com.ar\/info\/#organization"},"image":{"@id":"https:\/\/patagoniambiental.com.ar\/info\/el-instituto-tecnologico-patagonico-y-alter-energy-sas-firmaron-convenio-sobre-energias-renovables\/#primaryimage"},"thumbnailUrl":"https:\/\/patagoniambiental.com.ar\/info\/wp-content\/uploads\/2021\/08\/l_1628018684.png","articleSection":["Neuqu\u00e9n","Noticias","Provinciales"],"inLanguage":"es","potentialAction":[{"@type":"CommentAction","name":"Comment","target":["https:\/\/patagoniambiental.com.ar\/info\/el-instituto-tecnologico-patagonico-y-alter-energy-sas-firmaron-convenio-sobre-energias-renovables\/#respond"]}]},{"@type":"WebPage","@id":"https:\/\/patagoniambiental.com.ar\/info\/el-instituto-tecnologico-patagonico-y-alter-energy-sas-firmaron-convenio-sobre-energias-renovables\/","url":"https:\/\/patagoniambiental.com.ar\/info\/el-instituto-tecnologico-patagonico-y-alter-energy-sas-firmaron-convenio-sobre-energias-renovables\/","name":"EL Instituto Tecnol\u00f3gico Patag\u00f3nico y Alter Energy SAS firmaron Convenio sobre Energ\u00edas Renovables","isPartOf":{"@id":"https:\/\/patagoniambiental.com.ar\/info\/#website"},"primaryImageOfPage":{"@id":"https:\/\/patagoniambiental.com.ar\/info\/el-instituto-tecnologico-patagonico-y-alter-energy-sas-firmaron-convenio-sobre-energias-renovables\/#primaryimage"},"image":{"@id":"https:\/\/patagoniambiental.com.ar\/info\/el-instituto-tecnologico-patagonico-y-alter-energy-sas-firmaron-convenio-sobre-energias-renovables\/#primaryimage"},"thumbnailUrl":"https:\/\/patagoniambiental.com.ar\/info\/wp-content\/uploads\/2021\/08\/l_1628018684.png","datePublished":"2021-08-04T13:07:10+00:00","dateModified":"2021-08-04T13:07:13+00:00","breadcrumb":{"@id":"https:\/\/patagoniambiental.com.ar\/info\/el-instituto-tecnologico-patagonico-y-alter-energy-sas-firmaron-convenio-sobre-energias-renovables\/#breadcrumb"},"inLanguage":"es","potentialAction":[{"@type":"ReadAction","target":["https:\/\/patagoniambiental.com.ar\/info\/el-instituto-tecnologico-patagonico-y-alter-energy-sas-firmaron-convenio-sobre-energias-renovables\/"]}]},{"@type":"ImageObject","inLanguage":"es","@id":"https:\/\/patagoniambiental.com.ar\/info\/el-instituto-tecnologico-patagonico-y-alter-energy-sas-firmaron-convenio-sobre-energias-renovables\/#primaryimage","url":"https:\/\/patagoniambiental.com.ar\/info\/wp-content\/uploads\/2021\/08\/l_1628018684.png","contentUrl":"https:\/\/patagoniambiental.com.ar\/info\/wp-content\/uploads\/2021\/08\/l_1628018684.png","width":900,"height":600},{"@type":"BreadcrumbList","@id":"https:\/\/patagoniambiental.com.ar\/info\/el-instituto-tecnologico-patagonico-y-alter-energy-sas-firmaron-convenio-sobre-energias-renovables\/#breadcrumb","itemListElement":[{"@type":"ListItem","position":1,"name":"Inicio","item":"https:\/\/patagoniambiental.com.ar\/info\/"},{"@type":"ListItem","position":2,"name":"EL Instituto Tecnol\u00f3gico Patag\u00f3nico y Alter Energy SAS firmaron Convenio sobre Energ\u00edas Renovables"}]},{"@type":"WebSite","@id":"https:\/\/patagoniambiental.com.ar\/info\/#website","url":"https:\/\/patagoniambiental.com.ar\/info\/","name":"Patagonia Ambiental","description":"Monitoreo y an\u00e1lisis de la situaci\u00f3n geopol\u00edtica en el mundo y su implicancia en la Patagonia","publisher":{"@id":"https:\/\/patagoniambiental.com.ar\/info\/#organization"},"potentialAction":[{"@type":"SearchAction","target":{"@type":"EntryPoint","urlTemplate":"https:\/\/patagoniambiental.com.ar\/info\/?s={search_term_string}"},"query-input":{"@type":"PropertyValueSpecification","valueRequired":true,"valueName":"search_term_string"}}],"inLanguage":"es"},{"@type":"Organization","@id":"https:\/\/patagoniambiental.com.ar\/info\/#organization","name":"Patagonia Ambiental","url":"https:\/\/patagoniambiental.com.ar\/info\/","logo":{"@type":"ImageObject","inLanguage":"es","@id":"https:\/\/patagoniambiental.com.ar\/info\/#\/schema\/logo\/image\/","url":"https:\/\/patagoniambiental.com.ar\/info\/wp-content\/uploads\/2025\/05\/LOGO-PATAGONIA-AMBIENTAL.png","contentUrl":"https:\/\/patagoniambiental.com.ar\/info\/wp-content\/uploads\/2025\/05\/LOGO-PATAGONIA-AMBIENTAL.png","width":433,"height":250,"caption":"Patagonia Ambiental"},"image":{"@id":"https:\/\/patagoniambiental.com.ar\/info\/#\/schema\/logo\/image\/"},"sameAs":["https:\/\/www.facebook.com\/patagonia.ambiental","https:\/\/x.com\/PatAmb"]},{"@type":"Person","@id":"https:\/\/patagoniambiental.com.ar\/info\/#\/schema\/person\/e5af09d700b2e82cb10c6b8800e0c691","name":"BRAIAN ESTEVEZ","sameAs":["http:\/\/www.patagoniambiental.com.ar"]}]}},"_links":{"self":[{"href":"https:\/\/patagoniambiental.com.ar\/info\/wp-json\/wp\/v2\/posts\/73654","targetHints":{"allow":["GET"]}}],"collection":[{"href":"https:\/\/patagoniambiental.com.ar\/info\/wp-json\/wp\/v2\/posts"}],"about":[{"href":"https:\/\/patagoniambiental.com.ar\/info\/wp-json\/wp\/v2\/types\/post"}],"author":[{"embeddable":true,"href":"https:\/\/patagoniambiental.com.ar\/info\/wp-json\/wp\/v2\/users\/6"}],"replies":[{"embeddable":true,"href":"https:\/\/patagoniambiental.com.ar\/info\/wp-json\/wp\/v2\/comments?post=73654"}],"version-history":[{"count":0,"href":"https:\/\/patagoniambiental.com.ar\/info\/wp-json\/wp\/v2\/posts\/73654\/revisions"}],"wp:featuredmedia":[{"embeddable":true,"href":"https:\/\/patagoniambiental.com.ar\/info\/wp-json\/wp\/v2\/media\/73655"}],"wp:attachment":[{"href":"https:\/\/patagoniambiental.com.ar\/info\/wp-json\/wp\/v2\/media?parent=73654"}],"wp:term":[{"taxonomy":"category","embeddable":true,"href":"https:\/\/patagoniambiental.com.ar\/info\/wp-json\/wp\/v2\/categories?post=73654"},{"taxonomy":"post_tag","embeddable":true,"href":"https:\/\/patagoniambiental.com.ar\/info\/wp-json\/wp\/v2\/tags?post=73654"}],"curies":[{"name":"wp","href":"https:\/\/api.w.org\/{rel}","templated":true}]}}