{"id":73698,"date":"2021-08-06T19:51:07","date_gmt":"2021-08-06T22:51:07","guid":{"rendered":"http:\/\/patagoniambiental.com.ar\/info\/?p=73698"},"modified":"2021-08-06T19:51:10","modified_gmt":"2021-08-06T22:51:10","slug":"proyecto-hidroelectrico-nahueve-la-justicia-neuquina-desestimo-la-cautelar-de-ambientalistas","status":"publish","type":"post","link":"https:\/\/patagoniambiental.com.ar\/info\/proyecto-hidroelectrico-nahueve-la-justicia-neuquina-desestimo-la-cautelar-de-ambientalistas\/","title":{"rendered":"Proyecto hidroelectrico Nahueve: la justicia neuquina desestim\u00f3 la cautelar de ambientalistas"},"content":{"rendered":"\n<!--more-->\n\n\n\n<h2 class=\"wp-block-heading\">Consider\u00f3 que no hay raz\u00f3n para suspender las obras de construcci\u00f3n. Adem\u00e1s, se constituy\u00f3 un Observatorio para que se sumen asociaciones civiles.<\/h2>\n\n\n\n<p><\/p>\n\n\n\n<ul class=\"wp-block-list\"><li><\/li><\/ul>\n\n\n\n<p><\/p>\n\n\n\n<p>El proyecto&nbsp;<strong><a href=\"https:\/\/mase.lmneuquen.com\/nahueve-a13245\">Nahueve<\/a><\/strong>, la microcentral hidroel\u00e9ctrica multiprop\u00f3sito, podr\u00e1 seguir en marcha luego de que el Juzgado en primera instancia con asiento en&nbsp;<strong>Chos Malal<\/strong>, a cargo del&nbsp;<strong>Carlos Choco<\/strong>, desestimara la medida cautelar de grupos ambientalistas y presentada por<strong>&nbsp;Jos\u00e9 Tom\u00e1s Herrera<\/strong>. Desde la&nbsp;<strong>Agencia de Desarrollo de Inversiones del Neuqu\u00e9n (<a href=\"https:\/\/mase.lmneuquen.com\/adi-nqn-a28400\">ADI-NQN<\/a>)<\/strong>&nbsp;indicaron que las obras se desarrollan con respeto a los marcos regulatorios ambientales vigentes.<\/p>\n\n\n\n<p><strong>\u00abNo asiste raz\u00f3n para que se exija la suspensi\u00f3n de la obra del Aprovechamiento Multiprop\u00f3sito Nahueve basada en la falta de ejecuci\u00f3n del Estudio de Impacto Ambiental, por cuanto el mismo fue realizado\u00bb<\/strong>, dice el fallo del magistrado al que accedi\u00f3&nbsp;<strong>+e.&nbsp;<\/strong>Para la supervisi\u00f3n del proyecto, constituyeron el&nbsp;<strong>Observatorio Socio-Econ\u00f3mico Ambiental del Nahueve<\/strong>, integrado por los municipios del Departamento Minas, organismos p\u00fablicos y asociaciones civiles.<\/p>\n\n\n\n<p>\u00abAl revisar dicho Estudio de Impacto Ambiental, se puede observar a simple vista y sin entrar en cuestiones t\u00e9cnicas puntuales que el mismo cumple con los presupuestos o recaudos legales exigidos por la legislaci\u00f3n vigente en materia ambiental. Tambi\u00e9n se ha acreditado la realizaci\u00f3n de la Audiencia P\u00fablica, circunstancia que debilita la verosimilitud del derecho que se alegara al peticionar la medida\u201d, defini\u00f3 Choco.<\/p>\n\n\n\n<p><strong>El Juez finaliza diciendo que \u00abdebe existir un adecuado balance, con miras a armonizar la tutela del&nbsp;<a href=\"https:\/\/mase.lmneuquen.com\/ambiente-a5897\">ambiente<\/a>&nbsp;y el desarrollo mediante un juicio de ponderaci\u00f3n razonable, no debiendo buscarse oposici\u00f3n entre ambos<\/strong>, sino su complementariedad, ya que su tutela no significa detener el progreso sino hacerlo m\u00e1s perdurable en el tiempo, de manera que puedan disfrutarlo las generaciones futuras\u00bb.<\/p>\n\n\n\n<p>Desde la ADI-NQN celebraron la resoluci\u00f3n de la justicia neuquina que habilita la continuidad de la construcci\u00f3n de la represa.&nbsp;<strong>\u00abSiempre se garantiz\u00f3 el m\u00ednimo impacto ambiental seg\u00fan lo permitido, y optimizando los objetivos planteados en los fundamentos del proyecto, que beneficiar\u00e1 ampliamente el desarrollo socio-econ\u00f3mico del \u00e1rea de influencia<\/strong>, con la generaci\u00f3n de energ\u00eda limpia y renovable, abasteciendo la demanda local de todo el norte neuquino y a su vez sumando los excedentes energ\u00e9ticos al Sistema El\u00e9ctrico Provincial\u00bb, indicaron desde la Agencia.<\/p>\n\n\n\n<p>Adem\u00e1s, sumaron que se formalizaron acuerdos con los actuales pobladores en base al Convenio Marco de entendimiento del 2018, firmado con todas las familias que ocupan el predio donde ser\u00e1 construida la Casa de Maquinas de la central de Nahueve, surgidos de un trabajo en conjunto con las autoridades de la Direcci\u00f3n Provincial de Tierras y la Comisi\u00f3n de Fomento de Villa Nahueve.<\/p>\n\n\n\n<p>Fuente: https:\/\/mase.lmneuquen.com\/nahueve\/nahueve-la-justicia-desestimo-la-cautelar-ambientalistas-n830959<\/p>\n","protected":false},"excerpt":{"rendered":"","protected":false},"author":6,"featured_media":73699,"comment_status":"open","ping_status":"open","sticky":false,"template":"","format":"standard","meta":{"site-sidebar-layout":"default","site-content-layout":"","ast-site-content-layout":"default","site-content-style":"default","site-sidebar-style":"default","ast-global-header-display":"","ast-banner-title-visibility":"","ast-main-header-display":"","ast-hfb-above-header-display":"","ast-hfb-below-header-display":"","ast-hfb-mobile-header-display":"","site-post-title":"","ast-breadcrumbs-content":"","ast-featured-img":"","footer-sml-layout":"","ast-disable-related-posts":"","theme-transparent-header-meta":"","adv-header-id-meta":"","stick-header-meta":"","header-above-stick-meta":"","header-main-stick-meta":"","header-below-stick-meta":"","astra-migrate-meta-layouts":"default","ast-page-background-enabled":"default","ast-page-background-meta":{"desktop":{"background-color":"var(--ast-global-color-5)","background-image":"","background-repeat":"repeat","background-position":"center center","background-size":"auto","background-attachment":"scroll","background-type":"","background-media":"","overlay-type":"","overlay-color":"","overlay-opacity":"","overlay-gradient":""},"tablet":{"background-color":"","background-image":"","background-repeat":"repeat","background-position":"center center","background-size":"auto","background-attachment":"scroll","background-type":"","background-media":"","overlay-type":"","overlay-color":"","overlay-opacity":"","overlay-gradient":""},"mobile":{"background-color":"","background-image":"","background-repeat":"repeat","background-position":"center center","background-size":"auto","background-attachment":"scroll","background-type":"","background-media":"","overlay-type":"","overlay-color":"","overlay-opacity":"","overlay-gradient":""}},"ast-content-background-meta":{"desktop":{"background-color":"var(--ast-global-color-4)","background-image":"","background-repeat":"repeat","background-position":"center center","background-size":"auto","background-attachment":"scroll","background-type":"","background-media":"","overlay-type":"","overlay-color":"","overlay-opacity":"","overlay-gradient":""},"tablet":{"background-color":"var(--ast-global-color-4)","background-image":"","background-repeat":"repeat","background-position":"center center","background-size":"auto","background-attachment":"scroll","background-type":"","background-media":"","overlay-type":"","overlay-color":"","overlay-opacity":"","overlay-gradient":""},"mobile":{"background-color":"var(--ast-global-color-4)","background-image":"","background-repeat":"repeat","background-position":"center center","background-size":"auto","background-attachment":"scroll","background-type":"","background-media":"","overlay-type":"","overlay-color":"","overlay-opacity":"","overlay-gradient":""}},"footnotes":""},"categories":[18,1,13],"tags":[],"class_list":["post-73698","post","type-post","status-publish","format-standard","has-post-thumbnail","hentry","category-neuquen","category-noticias","category-provinciales"],"yoast_head":"<!-- This site is optimized with the Yoast SEO Premium plugin v23.0 (Yoast SEO v27.5) - https:\/\/yoast.com\/product\/yoast-seo-premium-wordpress\/ -->\n<title>Proyecto hidroelectrico Nahueve: la justicia neuquina desestim\u00f3 la cautelar de ambientalistas<\/title>\n<meta name=\"robots\" content=\"index, follow, max-snippet:-1, max-image-preview:large, max-video-preview:-1\" \/>\n<link rel=\"canonical\" href=\"https:\/\/patagoniambiental.com.ar\/info\/proyecto-hidroelectrico-nahueve-la-justicia-neuquina-desestimo-la-cautelar-de-ambientalistas\/\" \/>\n<meta property=\"og:locale\" content=\"es_ES\" \/>\n<meta property=\"og:type\" content=\"article\" \/>\n<meta property=\"og:title\" content=\"Proyecto hidroelectrico Nahueve: la justicia neuquina desestim\u00f3 la cautelar de ambientalistas\" \/>\n<meta property=\"og:url\" content=\"https:\/\/patagoniambiental.com.ar\/info\/proyecto-hidroelectrico-nahueve-la-justicia-neuquina-desestimo-la-cautelar-de-ambientalistas\/\" \/>\n<meta property=\"og:site_name\" content=\"Patagonia Ambiental\" \/>\n<meta property=\"article:publisher\" content=\"https:\/\/www.facebook.com\/patagonia.ambiental\" \/>\n<meta property=\"article:published_time\" content=\"2021-08-06T22:51:07+00:00\" \/>\n<meta property=\"article:modified_time\" content=\"2021-08-06T22:51:10+00:00\" \/>\n<meta property=\"og:image\" content=\"https:\/\/patagoniambiental.com.ar\/info\/wp-content\/uploads\/2021\/08\/nahueve-la-obra-de-una-represa-aprovechamiento-multiproposito.jpg\" \/>\n\t<meta property=\"og:image:width\" content=\"730\" \/>\n\t<meta property=\"og:image:height\" content=\"412\" \/>\n\t<meta property=\"og:image:type\" content=\"image\/jpeg\" \/>\n<meta name=\"author\" content=\"BRAIAN ESTEVEZ\" \/>\n<meta name=\"twitter:card\" content=\"summary_large_image\" \/>\n<meta name=\"twitter:creator\" content=\"@PatAmb\" \/>\n<meta name=\"twitter:site\" content=\"@PatAmb\" \/>\n<script type=\"application\/ld+json\" class=\"yoast-schema-graph\">{\"@context\":\"https:\\\/\\\/schema.org\",\"@graph\":[{\"@type\":\"Article\",\"@id\":\"https:\\\/\\\/patagoniambiental.com.ar\\\/info\\\/proyecto-hidroelectrico-nahueve-la-justicia-neuquina-desestimo-la-cautelar-de-ambientalistas\\\/#article\",\"isPartOf\":{\"@id\":\"https:\\\/\\\/patagoniambiental.com.ar\\\/info\\\/proyecto-hidroelectrico-nahueve-la-justicia-neuquina-desestimo-la-cautelar-de-ambientalistas\\\/\"},\"author\":{\"name\":\"BRAIAN ESTEVEZ\",\"@id\":\"https:\\\/\\\/patagoniambiental.com.ar\\\/info\\\/#\\\/schema\\\/person\\\/e5af09d700b2e82cb10c6b8800e0c691\"},\"headline\":\"Proyecto hidroelectrico Nahueve: la justicia neuquina desestim\u00f3 la cautelar de ambientalistas\",\"datePublished\":\"2021-08-06T22:51:07+00:00\",\"dateModified\":\"2021-08-06T22:51:10+00:00\",\"mainEntityOfPage\":{\"@id\":\"https:\\\/\\\/patagoniambiental.com.ar\\\/info\\\/proyecto-hidroelectrico-nahueve-la-justicia-neuquina-desestimo-la-cautelar-de-ambientalistas\\\/\"},\"wordCount\":487,\"commentCount\":0,\"publisher\":{\"@id\":\"https:\\\/\\\/patagoniambiental.com.ar\\\/info\\\/#organization\"},\"image\":{\"@id\":\"https:\\\/\\\/patagoniambiental.com.ar\\\/info\\\/proyecto-hidroelectrico-nahueve-la-justicia-neuquina-desestimo-la-cautelar-de-ambientalistas\\\/#primaryimage\"},\"thumbnailUrl\":\"https:\\\/\\\/patagoniambiental.com.ar\\\/info\\\/wp-content\\\/uploads\\\/2021\\\/08\\\/nahueve-la-obra-de-una-represa-aprovechamiento-multiproposito.jpg\",\"articleSection\":[\"Neuqu\u00e9n\",\"Noticias\",\"Provinciales\"],\"inLanguage\":\"es\",\"potentialAction\":[{\"@type\":\"CommentAction\",\"name\":\"Comment\",\"target\":[\"https:\\\/\\\/patagoniambiental.com.ar\\\/info\\\/proyecto-hidroelectrico-nahueve-la-justicia-neuquina-desestimo-la-cautelar-de-ambientalistas\\\/#respond\"]}]},{\"@type\":\"WebPage\",\"@id\":\"https:\\\/\\\/patagoniambiental.com.ar\\\/info\\\/proyecto-hidroelectrico-nahueve-la-justicia-neuquina-desestimo-la-cautelar-de-ambientalistas\\\/\",\"url\":\"https:\\\/\\\/patagoniambiental.com.ar\\\/info\\\/proyecto-hidroelectrico-nahueve-la-justicia-neuquina-desestimo-la-cautelar-de-ambientalistas\\\/\",\"name\":\"Proyecto hidroelectrico Nahueve: la justicia neuquina desestim\u00f3 la cautelar de ambientalistas\",\"isPartOf\":{\"@id\":\"https:\\\/\\\/patagoniambiental.com.ar\\\/info\\\/#website\"},\"primaryImageOfPage\":{\"@id\":\"https:\\\/\\\/patagoniambiental.com.ar\\\/info\\\/proyecto-hidroelectrico-nahueve-la-justicia-neuquina-desestimo-la-cautelar-de-ambientalistas\\\/#primaryimage\"},\"image\":{\"@id\":\"https:\\\/\\\/patagoniambiental.com.ar\\\/info\\\/proyecto-hidroelectrico-nahueve-la-justicia-neuquina-desestimo-la-cautelar-de-ambientalistas\\\/#primaryimage\"},\"thumbnailUrl\":\"https:\\\/\\\/patagoniambiental.com.ar\\\/info\\\/wp-content\\\/uploads\\\/2021\\\/08\\\/nahueve-la-obra-de-una-represa-aprovechamiento-multiproposito.jpg\",\"datePublished\":\"2021-08-06T22:51:07+00:00\",\"dateModified\":\"2021-08-06T22:51:10+00:00\",\"breadcrumb\":{\"@id\":\"https:\\\/\\\/patagoniambiental.com.ar\\\/info\\\/proyecto-hidroelectrico-nahueve-la-justicia-neuquina-desestimo-la-cautelar-de-ambientalistas\\\/#breadcrumb\"},\"inLanguage\":\"es\",\"potentialAction\":[{\"@type\":\"ReadAction\",\"target\":[\"https:\\\/\\\/patagoniambiental.com.ar\\\/info\\\/proyecto-hidroelectrico-nahueve-la-justicia-neuquina-desestimo-la-cautelar-de-ambientalistas\\\/\"]}]},{\"@type\":\"ImageObject\",\"inLanguage\":\"es\",\"@id\":\"https:\\\/\\\/patagoniambiental.com.ar\\\/info\\\/proyecto-hidroelectrico-nahueve-la-justicia-neuquina-desestimo-la-cautelar-de-ambientalistas\\\/#primaryimage\",\"url\":\"https:\\\/\\\/patagoniambiental.com.ar\\\/info\\\/wp-content\\\/uploads\\\/2021\\\/08\\\/nahueve-la-obra-de-una-represa-aprovechamiento-multiproposito.jpg\",\"contentUrl\":\"https:\\\/\\\/patagoniambiental.com.ar\\\/info\\\/wp-content\\\/uploads\\\/2021\\\/08\\\/nahueve-la-obra-de-una-represa-aprovechamiento-multiproposito.jpg\",\"width\":730,\"height\":412},{\"@type\":\"BreadcrumbList\",\"@id\":\"https:\\\/\\\/patagoniambiental.com.ar\\\/info\\\/proyecto-hidroelectrico-nahueve-la-justicia-neuquina-desestimo-la-cautelar-de-ambientalistas\\\/#breadcrumb\",\"itemListElement\":[{\"@type\":\"ListItem\",\"position\":1,\"name\":\"Inicio\",\"item\":\"https:\\\/\\\/patagoniambiental.com.ar\\\/info\\\/\"},{\"@type\":\"ListItem\",\"position\":2,\"name\":\"Proyecto hidroelectrico Nahueve: la justicia neuquina desestim\u00f3 la cautelar de ambientalistas\"}]},{\"@type\":\"WebSite\",\"@id\":\"https:\\\/\\\/patagoniambiental.com.ar\\\/info\\\/#website\",\"url\":\"https:\\\/\\\/patagoniambiental.com.ar\\\/info\\\/\",\"name\":\"Patagonia Ambiental\",\"description\":\"Monitoreo y an\u00e1lisis de la situaci\u00f3n geopol\u00edtica en el mundo y su implicancia en la Patagonia\",\"publisher\":{\"@id\":\"https:\\\/\\\/patagoniambiental.com.ar\\\/info\\\/#organization\"},\"potentialAction\":[{\"@type\":\"SearchAction\",\"target\":{\"@type\":\"EntryPoint\",\"urlTemplate\":\"https:\\\/\\\/patagoniambiental.com.ar\\\/info\\\/?s={search_term_string}\"},\"query-input\":{\"@type\":\"PropertyValueSpecification\",\"valueRequired\":true,\"valueName\":\"search_term_string\"}}],\"inLanguage\":\"es\"},{\"@type\":\"Organization\",\"@id\":\"https:\\\/\\\/patagoniambiental.com.ar\\\/info\\\/#organization\",\"name\":\"Patagonia Ambiental\",\"url\":\"https:\\\/\\\/patagoniambiental.com.ar\\\/info\\\/\",\"logo\":{\"@type\":\"ImageObject\",\"inLanguage\":\"es\",\"@id\":\"https:\\\/\\\/patagoniambiental.com.ar\\\/info\\\/#\\\/schema\\\/logo\\\/image\\\/\",\"url\":\"https:\\\/\\\/patagoniambiental.com.ar\\\/info\\\/wp-content\\\/uploads\\\/2025\\\/05\\\/LOGO-PATAGONIA-AMBIENTAL.png\",\"contentUrl\":\"https:\\\/\\\/patagoniambiental.com.ar\\\/info\\\/wp-content\\\/uploads\\\/2025\\\/05\\\/LOGO-PATAGONIA-AMBIENTAL.png\",\"width\":433,\"height\":250,\"caption\":\"Patagonia Ambiental\"},\"image\":{\"@id\":\"https:\\\/\\\/patagoniambiental.com.ar\\\/info\\\/#\\\/schema\\\/logo\\\/image\\\/\"},\"sameAs\":[\"https:\\\/\\\/www.facebook.com\\\/patagonia.ambiental\",\"https:\\\/\\\/x.com\\\/PatAmb\"]},{\"@type\":\"Person\",\"@id\":\"https:\\\/\\\/patagoniambiental.com.ar\\\/info\\\/#\\\/schema\\\/person\\\/e5af09d700b2e82cb10c6b8800e0c691\",\"name\":\"BRAIAN ESTEVEZ\",\"sameAs\":[\"http:\\\/\\\/www.patagoniambiental.com.ar\"]}]}<\/script>\n<!-- \/ Yoast SEO Premium plugin. -->","yoast_head_json":{"title":"Proyecto hidroelectrico Nahueve: la justicia neuquina desestim\u00f3 la cautelar de ambientalistas","robots":{"index":"index","follow":"follow","max-snippet":"max-snippet:-1","max-image-preview":"max-image-preview:large","max-video-preview":"max-video-preview:-1"},"canonical":"https:\/\/patagoniambiental.com.ar\/info\/proyecto-hidroelectrico-nahueve-la-justicia-neuquina-desestimo-la-cautelar-de-ambientalistas\/","og_locale":"es_ES","og_type":"article","og_title":"Proyecto hidroelectrico Nahueve: la justicia neuquina desestim\u00f3 la cautelar de ambientalistas","og_url":"https:\/\/patagoniambiental.com.ar\/info\/proyecto-hidroelectrico-nahueve-la-justicia-neuquina-desestimo-la-cautelar-de-ambientalistas\/","og_site_name":"Patagonia Ambiental","article_publisher":"https:\/\/www.facebook.com\/patagonia.ambiental","article_published_time":"2021-08-06T22:51:07+00:00","article_modified_time":"2021-08-06T22:51:10+00:00","og_image":[{"width":730,"height":412,"url":"https:\/\/patagoniambiental.com.ar\/info\/wp-content\/uploads\/2021\/08\/nahueve-la-obra-de-una-represa-aprovechamiento-multiproposito.jpg","type":"image\/jpeg"}],"author":"BRAIAN ESTEVEZ","twitter_card":"summary_large_image","twitter_creator":"@PatAmb","twitter_site":"@PatAmb","schema":{"@context":"https:\/\/schema.org","@graph":[{"@type":"Article","@id":"https:\/\/patagoniambiental.com.ar\/info\/proyecto-hidroelectrico-nahueve-la-justicia-neuquina-desestimo-la-cautelar-de-ambientalistas\/#article","isPartOf":{"@id":"https:\/\/patagoniambiental.com.ar\/info\/proyecto-hidroelectrico-nahueve-la-justicia-neuquina-desestimo-la-cautelar-de-ambientalistas\/"},"author":{"name":"BRAIAN ESTEVEZ","@id":"https:\/\/patagoniambiental.com.ar\/info\/#\/schema\/person\/e5af09d700b2e82cb10c6b8800e0c691"},"headline":"Proyecto hidroelectrico Nahueve: la justicia neuquina desestim\u00f3 la cautelar de ambientalistas","datePublished":"2021-08-06T22:51:07+00:00","dateModified":"2021-08-06T22:51:10+00:00","mainEntityOfPage":{"@id":"https:\/\/patagoniambiental.com.ar\/info\/proyecto-hidroelectrico-nahueve-la-justicia-neuquina-desestimo-la-cautelar-de-ambientalistas\/"},"wordCount":487,"commentCount":0,"publisher":{"@id":"https:\/\/patagoniambiental.com.ar\/info\/#organization"},"image":{"@id":"https:\/\/patagoniambiental.com.ar\/info\/proyecto-hidroelectrico-nahueve-la-justicia-neuquina-desestimo-la-cautelar-de-ambientalistas\/#primaryimage"},"thumbnailUrl":"https:\/\/patagoniambiental.com.ar\/info\/wp-content\/uploads\/2021\/08\/nahueve-la-obra-de-una-represa-aprovechamiento-multiproposito.jpg","articleSection":["Neuqu\u00e9n","Noticias","Provinciales"],"inLanguage":"es","potentialAction":[{"@type":"CommentAction","name":"Comment","target":["https:\/\/patagoniambiental.com.ar\/info\/proyecto-hidroelectrico-nahueve-la-justicia-neuquina-desestimo-la-cautelar-de-ambientalistas\/#respond"]}]},{"@type":"WebPage","@id":"https:\/\/patagoniambiental.com.ar\/info\/proyecto-hidroelectrico-nahueve-la-justicia-neuquina-desestimo-la-cautelar-de-ambientalistas\/","url":"https:\/\/patagoniambiental.com.ar\/info\/proyecto-hidroelectrico-nahueve-la-justicia-neuquina-desestimo-la-cautelar-de-ambientalistas\/","name":"Proyecto hidroelectrico Nahueve: la justicia neuquina desestim\u00f3 la cautelar de ambientalistas","isPartOf":{"@id":"https:\/\/patagoniambiental.com.ar\/info\/#website"},"primaryImageOfPage":{"@id":"https:\/\/patagoniambiental.com.ar\/info\/proyecto-hidroelectrico-nahueve-la-justicia-neuquina-desestimo-la-cautelar-de-ambientalistas\/#primaryimage"},"image":{"@id":"https:\/\/patagoniambiental.com.ar\/info\/proyecto-hidroelectrico-nahueve-la-justicia-neuquina-desestimo-la-cautelar-de-ambientalistas\/#primaryimage"},"thumbnailUrl":"https:\/\/patagoniambiental.com.ar\/info\/wp-content\/uploads\/2021\/08\/nahueve-la-obra-de-una-represa-aprovechamiento-multiproposito.jpg","datePublished":"2021-08-06T22:51:07+00:00","dateModified":"2021-08-06T22:51:10+00:00","breadcrumb":{"@id":"https:\/\/patagoniambiental.com.ar\/info\/proyecto-hidroelectrico-nahueve-la-justicia-neuquina-desestimo-la-cautelar-de-ambientalistas\/#breadcrumb"},"inLanguage":"es","potentialAction":[{"@type":"ReadAction","target":["https:\/\/patagoniambiental.com.ar\/info\/proyecto-hidroelectrico-nahueve-la-justicia-neuquina-desestimo-la-cautelar-de-ambientalistas\/"]}]},{"@type":"ImageObject","inLanguage":"es","@id":"https:\/\/patagoniambiental.com.ar\/info\/proyecto-hidroelectrico-nahueve-la-justicia-neuquina-desestimo-la-cautelar-de-ambientalistas\/#primaryimage","url":"https:\/\/patagoniambiental.com.ar\/info\/wp-content\/uploads\/2021\/08\/nahueve-la-obra-de-una-represa-aprovechamiento-multiproposito.jpg","contentUrl":"https:\/\/patagoniambiental.com.ar\/info\/wp-content\/uploads\/2021\/08\/nahueve-la-obra-de-una-represa-aprovechamiento-multiproposito.jpg","width":730,"height":412},{"@type":"BreadcrumbList","@id":"https:\/\/patagoniambiental.com.ar\/info\/proyecto-hidroelectrico-nahueve-la-justicia-neuquina-desestimo-la-cautelar-de-ambientalistas\/#breadcrumb","itemListElement":[{"@type":"ListItem","position":1,"name":"Inicio","item":"https:\/\/patagoniambiental.com.ar\/info\/"},{"@type":"ListItem","position":2,"name":"Proyecto hidroelectrico Nahueve: la justicia neuquina desestim\u00f3 la cautelar de ambientalistas"}]},{"@type":"WebSite","@id":"https:\/\/patagoniambiental.com.ar\/info\/#website","url":"https:\/\/patagoniambiental.com.ar\/info\/","name":"Patagonia Ambiental","description":"Monitoreo y an\u00e1lisis de la situaci\u00f3n geopol\u00edtica en el mundo y su implicancia en la Patagonia","publisher":{"@id":"https:\/\/patagoniambiental.com.ar\/info\/#organization"},"potentialAction":[{"@type":"SearchAction","target":{"@type":"EntryPoint","urlTemplate":"https:\/\/patagoniambiental.com.ar\/info\/?s={search_term_string}"},"query-input":{"@type":"PropertyValueSpecification","valueRequired":true,"valueName":"search_term_string"}}],"inLanguage":"es"},{"@type":"Organization","@id":"https:\/\/patagoniambiental.com.ar\/info\/#organization","name":"Patagonia Ambiental","url":"https:\/\/patagoniambiental.com.ar\/info\/","logo":{"@type":"ImageObject","inLanguage":"es","@id":"https:\/\/patagoniambiental.com.ar\/info\/#\/schema\/logo\/image\/","url":"https:\/\/patagoniambiental.com.ar\/info\/wp-content\/uploads\/2025\/05\/LOGO-PATAGONIA-AMBIENTAL.png","contentUrl":"https:\/\/patagoniambiental.com.ar\/info\/wp-content\/uploads\/2025\/05\/LOGO-PATAGONIA-AMBIENTAL.png","width":433,"height":250,"caption":"Patagonia Ambiental"},"image":{"@id":"https:\/\/patagoniambiental.com.ar\/info\/#\/schema\/logo\/image\/"},"sameAs":["https:\/\/www.facebook.com\/patagonia.ambiental","https:\/\/x.com\/PatAmb"]},{"@type":"Person","@id":"https:\/\/patagoniambiental.com.ar\/info\/#\/schema\/person\/e5af09d700b2e82cb10c6b8800e0c691","name":"BRAIAN ESTEVEZ","sameAs":["http:\/\/www.patagoniambiental.com.ar"]}]}},"_links":{"self":[{"href":"https:\/\/patagoniambiental.com.ar\/info\/wp-json\/wp\/v2\/posts\/73698","targetHints":{"allow":["GET"]}}],"collection":[{"href":"https:\/\/patagoniambiental.com.ar\/info\/wp-json\/wp\/v2\/posts"}],"about":[{"href":"https:\/\/patagoniambiental.com.ar\/info\/wp-json\/wp\/v2\/types\/post"}],"author":[{"embeddable":true,"href":"https:\/\/patagoniambiental.com.ar\/info\/wp-json\/wp\/v2\/users\/6"}],"replies":[{"embeddable":true,"href":"https:\/\/patagoniambiental.com.ar\/info\/wp-json\/wp\/v2\/comments?post=73698"}],"version-history":[{"count":0,"href":"https:\/\/patagoniambiental.com.ar\/info\/wp-json\/wp\/v2\/posts\/73698\/revisions"}],"wp:featuredmedia":[{"embeddable":true,"href":"https:\/\/patagoniambiental.com.ar\/info\/wp-json\/wp\/v2\/media\/73699"}],"wp:attachment":[{"href":"https:\/\/patagoniambiental.com.ar\/info\/wp-json\/wp\/v2\/media?parent=73698"}],"wp:term":[{"taxonomy":"category","embeddable":true,"href":"https:\/\/patagoniambiental.com.ar\/info\/wp-json\/wp\/v2\/categories?post=73698"},{"taxonomy":"post_tag","embeddable":true,"href":"https:\/\/patagoniambiental.com.ar\/info\/wp-json\/wp\/v2\/tags?post=73698"}],"curies":[{"name":"wp","href":"https:\/\/api.w.org\/{rel}","templated":true}]}}