{"id":73735,"date":"2021-08-09T18:44:01","date_gmt":"2021-08-09T21:44:01","guid":{"rendered":"http:\/\/patagoniambiental.com.ar\/info\/?p=73735"},"modified":"2021-08-09T18:44:03","modified_gmt":"2021-08-09T21:44:03","slug":"en-la-ciudad-de-toay-provincia-de-la-pampa-toman-muestras-de-agua-y-sedimentos-en-la-laguna-y-el-bajo-giuliani","status":"publish","type":"post","link":"https:\/\/patagoniambiental.com.ar\/info\/en-la-ciudad-de-toay-provincia-de-la-pampa-toman-muestras-de-agua-y-sedimentos-en-la-laguna-y-el-bajo-giuliani\/","title":{"rendered":"En la ciudad de Toay, provincia de La Pampa, toman muestras de agua y sedimentos en la Laguna y el Bajo Giuliani"},"content":{"rendered":"\n<!--more-->\n\n\n\n<p>Toay.-La Secretar\u00eda de Recursos H\u00eddricos, a trav\u00e9s de la Direcci\u00f3n de Investigaci\u00f3n H\u00eddrica, la Subsecretar\u00eda de Ambiente, la Municipalidad de Toay, la Municipalidad de Santa Rosa y la Universidad Nacional de La Pampa realizaron un nuevo muestreo ecobiol\u00f3gico, dentro del programa de monitoreo de la Cuenca H\u00eddrica Don Tom\u00e1s, Bajo Giuliani y \u00e1reas de conexiones h\u00eddricas.<\/p>\n\n\n\n<p>La extracci\u00f3n de muestras en la laguna Don Tom\u00e1s se realiz\u00f3 en los seis puntos especialmente seleccionados del cuenco, denominados \u00abChile\u00bb, \u00abVilla Parque\u00bb, \u00abCanotaje\u00bb, \u00abMuelle\u00bb, \u00abN\u00e1utico\u00bb y \u00abCruz\u00bb.<br>Mientras que en el Bajo Giuliani se recolectaron muestras en los seis sitios establecidos oportunamente dentro del cuenco, para lo cual se cont\u00f3 con la colaboraci\u00f3n de la Direcci\u00f3n de Defensa Civil, que puso a disposici\u00f3n una embarcaci\u00f3n.<br>El objetivo de los muestreos es evaluar como var\u00eda la calidad del agua, tanto en la laguna Don Tom\u00e1s como en el Bajo Giuliani.<br>En esta campa\u00f1a se determinar\u00e1n niveles bacteriol\u00f3gicos, adem\u00e1s de la toma de par\u00e1metros de campo, sumados al muestreo estacional (invierno) de f\u00edsico qu\u00edmico, organofosforados y organoclorados, metales pesados en sedimentos y agua.<br>Las muestras fueron receptadas bajo los protocolos previstos hasta su entrega final al laboratorio.<\/p>\n\n\n\n<p>Fuente: https:\/\/www.eldiariodelapampa.com.ar\/la-pampa\/18698-toman-muestras-de-agua-en-la-laguna-y-el-bajo-giuliani<\/p>\n","protected":false},"excerpt":{"rendered":"","protected":false},"author":6,"featured_media":73736,"comment_status":"open","ping_status":"open","sticky":false,"template":"","format":"standard","meta":{"site-sidebar-layout":"default","site-content-layout":"","ast-site-content-layout":"default","site-content-style":"default","site-sidebar-style":"default","ast-global-header-display":"","ast-banner-title-visibility":"","ast-main-header-display":"","ast-hfb-above-header-display":"","ast-hfb-below-header-display":"","ast-hfb-mobile-header-display":"","site-post-title":"","ast-breadcrumbs-content":"","ast-featured-img":"","footer-sml-layout":"","ast-disable-related-posts":"","theme-transparent-header-meta":"","adv-header-id-meta":"","stick-header-meta":"","header-above-stick-meta":"","header-main-stick-meta":"","header-below-stick-meta":"","astra-migrate-meta-layouts":"default","ast-page-background-enabled":"default","ast-page-background-meta":{"desktop":{"background-color":"var(--ast-global-color-5)","background-image":"","background-repeat":"repeat","background-position":"center center","background-size":"auto","background-attachment":"scroll","background-type":"","background-media":"","overlay-type":"","overlay-color":"","overlay-opacity":"","overlay-gradient":""},"tablet":{"background-color":"","background-image":"","background-repeat":"repeat","background-position":"center center","background-size":"auto","background-attachment":"scroll","background-type":"","background-media":"","overlay-type":"","overlay-color":"","overlay-opacity":"","overlay-gradient":""},"mobile":{"background-color":"","background-image":"","background-repeat":"repeat","background-position":"center center","background-size":"auto","background-attachment":"scroll","background-type":"","background-media":"","overlay-type":"","overlay-color":"","overlay-opacity":"","overlay-gradient":""}},"ast-content-background-meta":{"desktop":{"background-color":"var(--ast-global-color-4)","background-image":"","background-repeat":"repeat","background-position":"center center","background-size":"auto","background-attachment":"scroll","background-type":"","background-media":"","overlay-type":"","overlay-color":"","overlay-opacity":"","overlay-gradient":""},"tablet":{"background-color":"var(--ast-global-color-4)","background-image":"","background-repeat":"repeat","background-position":"center center","background-size":"auto","background-attachment":"scroll","background-type":"","background-media":"","overlay-type":"","overlay-color":"","overlay-opacity":"","overlay-gradient":""},"mobile":{"background-color":"var(--ast-global-color-4)","background-image":"","background-repeat":"repeat","background-position":"center center","background-size":"auto","background-attachment":"scroll","background-type":"","background-media":"","overlay-type":"","overlay-color":"","overlay-opacity":"","overlay-gradient":""}},"footnotes":""},"categories":[59,1,13],"tags":[],"class_list":["post-73735","post","type-post","status-publish","format-standard","has-post-thumbnail","hentry","category-la-pampa","category-noticias","category-provinciales"],"yoast_head":"<!-- This site is optimized with the Yoast SEO Premium plugin v23.0 (Yoast SEO v27.5) - https:\/\/yoast.com\/product\/yoast-seo-premium-wordpress\/ -->\n<title>En la ciudad de Toay, provincia de La Pampa, toman muestras de agua y sedimentos en la Laguna y el Bajo Giuliani<\/title>\n<meta name=\"robots\" content=\"index, follow, max-snippet:-1, max-image-preview:large, max-video-preview:-1\" \/>\n<link rel=\"canonical\" href=\"https:\/\/patagoniambiental.com.ar\/info\/en-la-ciudad-de-toay-provincia-de-la-pampa-toman-muestras-de-agua-y-sedimentos-en-la-laguna-y-el-bajo-giuliani\/\" \/>\n<meta property=\"og:locale\" content=\"es_ES\" \/>\n<meta property=\"og:type\" content=\"article\" \/>\n<meta property=\"og:title\" content=\"En la ciudad de Toay, provincia de La Pampa, toman muestras de agua y sedimentos en la Laguna y el Bajo Giuliani\" \/>\n<meta property=\"og:url\" content=\"https:\/\/patagoniambiental.com.ar\/info\/en-la-ciudad-de-toay-provincia-de-la-pampa-toman-muestras-de-agua-y-sedimentos-en-la-laguna-y-el-bajo-giuliani\/\" \/>\n<meta property=\"og:site_name\" content=\"Patagonia Ambiental\" \/>\n<meta property=\"article:publisher\" content=\"https:\/\/www.facebook.com\/patagonia.ambiental\" \/>\n<meta property=\"article:published_time\" content=\"2021-08-09T21:44:01+00:00\" \/>\n<meta property=\"article:modified_time\" content=\"2021-08-09T21:44:03+00:00\" \/>\n<meta property=\"og:image\" content=\"https:\/\/patagoniambiental.com.ar\/info\/wp-content\/uploads\/2021\/08\/muestras.jpg\" \/>\n\t<meta property=\"og:image:width\" content=\"900\" \/>\n\t<meta property=\"og:image:height\" content=\"507\" \/>\n\t<meta property=\"og:image:type\" content=\"image\/jpeg\" \/>\n<meta name=\"author\" content=\"BRAIAN ESTEVEZ\" \/>\n<meta name=\"twitter:card\" content=\"summary_large_image\" \/>\n<meta name=\"twitter:creator\" content=\"@PatAmb\" \/>\n<meta name=\"twitter:site\" content=\"@PatAmb\" \/>\n<script type=\"application\/ld+json\" class=\"yoast-schema-graph\">{\"@context\":\"https:\\\/\\\/schema.org\",\"@graph\":[{\"@type\":\"Article\",\"@id\":\"https:\\\/\\\/patagoniambiental.com.ar\\\/info\\\/en-la-ciudad-de-toay-provincia-de-la-pampa-toman-muestras-de-agua-y-sedimentos-en-la-laguna-y-el-bajo-giuliani\\\/#article\",\"isPartOf\":{\"@id\":\"https:\\\/\\\/patagoniambiental.com.ar\\\/info\\\/en-la-ciudad-de-toay-provincia-de-la-pampa-toman-muestras-de-agua-y-sedimentos-en-la-laguna-y-el-bajo-giuliani\\\/\"},\"author\":{\"name\":\"BRAIAN ESTEVEZ\",\"@id\":\"https:\\\/\\\/patagoniambiental.com.ar\\\/info\\\/#\\\/schema\\\/person\\\/e5af09d700b2e82cb10c6b8800e0c691\"},\"headline\":\"En la ciudad de Toay, provincia de La Pampa, toman muestras de agua y sedimentos en la Laguna y el Bajo Giuliani\",\"datePublished\":\"2021-08-09T21:44:01+00:00\",\"dateModified\":\"2021-08-09T21:44:03+00:00\",\"mainEntityOfPage\":{\"@id\":\"https:\\\/\\\/patagoniambiental.com.ar\\\/info\\\/en-la-ciudad-de-toay-provincia-de-la-pampa-toman-muestras-de-agua-y-sedimentos-en-la-laguna-y-el-bajo-giuliani\\\/\"},\"wordCount\":250,\"commentCount\":0,\"publisher\":{\"@id\":\"https:\\\/\\\/patagoniambiental.com.ar\\\/info\\\/#organization\"},\"image\":{\"@id\":\"https:\\\/\\\/patagoniambiental.com.ar\\\/info\\\/en-la-ciudad-de-toay-provincia-de-la-pampa-toman-muestras-de-agua-y-sedimentos-en-la-laguna-y-el-bajo-giuliani\\\/#primaryimage\"},\"thumbnailUrl\":\"https:\\\/\\\/patagoniambiental.com.ar\\\/info\\\/wp-content\\\/uploads\\\/2021\\\/08\\\/muestras.jpg\",\"articleSection\":[\"La Pampa\",\"Noticias\",\"Provinciales\"],\"inLanguage\":\"es\",\"potentialAction\":[{\"@type\":\"CommentAction\",\"name\":\"Comment\",\"target\":[\"https:\\\/\\\/patagoniambiental.com.ar\\\/info\\\/en-la-ciudad-de-toay-provincia-de-la-pampa-toman-muestras-de-agua-y-sedimentos-en-la-laguna-y-el-bajo-giuliani\\\/#respond\"]}]},{\"@type\":\"WebPage\",\"@id\":\"https:\\\/\\\/patagoniambiental.com.ar\\\/info\\\/en-la-ciudad-de-toay-provincia-de-la-pampa-toman-muestras-de-agua-y-sedimentos-en-la-laguna-y-el-bajo-giuliani\\\/\",\"url\":\"https:\\\/\\\/patagoniambiental.com.ar\\\/info\\\/en-la-ciudad-de-toay-provincia-de-la-pampa-toman-muestras-de-agua-y-sedimentos-en-la-laguna-y-el-bajo-giuliani\\\/\",\"name\":\"En la ciudad de Toay, provincia de La Pampa, toman muestras de agua y sedimentos en la Laguna y el Bajo Giuliani\",\"isPartOf\":{\"@id\":\"https:\\\/\\\/patagoniambiental.com.ar\\\/info\\\/#website\"},\"primaryImageOfPage\":{\"@id\":\"https:\\\/\\\/patagoniambiental.com.ar\\\/info\\\/en-la-ciudad-de-toay-provincia-de-la-pampa-toman-muestras-de-agua-y-sedimentos-en-la-laguna-y-el-bajo-giuliani\\\/#primaryimage\"},\"image\":{\"@id\":\"https:\\\/\\\/patagoniambiental.com.ar\\\/info\\\/en-la-ciudad-de-toay-provincia-de-la-pampa-toman-muestras-de-agua-y-sedimentos-en-la-laguna-y-el-bajo-giuliani\\\/#primaryimage\"},\"thumbnailUrl\":\"https:\\\/\\\/patagoniambiental.com.ar\\\/info\\\/wp-content\\\/uploads\\\/2021\\\/08\\\/muestras.jpg\",\"datePublished\":\"2021-08-09T21:44:01+00:00\",\"dateModified\":\"2021-08-09T21:44:03+00:00\",\"breadcrumb\":{\"@id\":\"https:\\\/\\\/patagoniambiental.com.ar\\\/info\\\/en-la-ciudad-de-toay-provincia-de-la-pampa-toman-muestras-de-agua-y-sedimentos-en-la-laguna-y-el-bajo-giuliani\\\/#breadcrumb\"},\"inLanguage\":\"es\",\"potentialAction\":[{\"@type\":\"ReadAction\",\"target\":[\"https:\\\/\\\/patagoniambiental.com.ar\\\/info\\\/en-la-ciudad-de-toay-provincia-de-la-pampa-toman-muestras-de-agua-y-sedimentos-en-la-laguna-y-el-bajo-giuliani\\\/\"]}]},{\"@type\":\"ImageObject\",\"inLanguage\":\"es\",\"@id\":\"https:\\\/\\\/patagoniambiental.com.ar\\\/info\\\/en-la-ciudad-de-toay-provincia-de-la-pampa-toman-muestras-de-agua-y-sedimentos-en-la-laguna-y-el-bajo-giuliani\\\/#primaryimage\",\"url\":\"https:\\\/\\\/patagoniambiental.com.ar\\\/info\\\/wp-content\\\/uploads\\\/2021\\\/08\\\/muestras.jpg\",\"contentUrl\":\"https:\\\/\\\/patagoniambiental.com.ar\\\/info\\\/wp-content\\\/uploads\\\/2021\\\/08\\\/muestras.jpg\",\"width\":900,\"height\":507},{\"@type\":\"BreadcrumbList\",\"@id\":\"https:\\\/\\\/patagoniambiental.com.ar\\\/info\\\/en-la-ciudad-de-toay-provincia-de-la-pampa-toman-muestras-de-agua-y-sedimentos-en-la-laguna-y-el-bajo-giuliani\\\/#breadcrumb\",\"itemListElement\":[{\"@type\":\"ListItem\",\"position\":1,\"name\":\"Inicio\",\"item\":\"https:\\\/\\\/patagoniambiental.com.ar\\\/info\\\/\"},{\"@type\":\"ListItem\",\"position\":2,\"name\":\"En la ciudad de Toay, provincia de La Pampa, toman muestras de agua y sedimentos en la Laguna y el Bajo Giuliani\"}]},{\"@type\":\"WebSite\",\"@id\":\"https:\\\/\\\/patagoniambiental.com.ar\\\/info\\\/#website\",\"url\":\"https:\\\/\\\/patagoniambiental.com.ar\\\/info\\\/\",\"name\":\"Patagonia Ambiental\",\"description\":\"Monitoreo y an\u00e1lisis de la situaci\u00f3n geopol\u00edtica en el mundo y su implicancia en la Patagonia\",\"publisher\":{\"@id\":\"https:\\\/\\\/patagoniambiental.com.ar\\\/info\\\/#organization\"},\"potentialAction\":[{\"@type\":\"SearchAction\",\"target\":{\"@type\":\"EntryPoint\",\"urlTemplate\":\"https:\\\/\\\/patagoniambiental.com.ar\\\/info\\\/?s={search_term_string}\"},\"query-input\":{\"@type\":\"PropertyValueSpecification\",\"valueRequired\":true,\"valueName\":\"search_term_string\"}}],\"inLanguage\":\"es\"},{\"@type\":\"Organization\",\"@id\":\"https:\\\/\\\/patagoniambiental.com.ar\\\/info\\\/#organization\",\"name\":\"Patagonia Ambiental\",\"url\":\"https:\\\/\\\/patagoniambiental.com.ar\\\/info\\\/\",\"logo\":{\"@type\":\"ImageObject\",\"inLanguage\":\"es\",\"@id\":\"https:\\\/\\\/patagoniambiental.com.ar\\\/info\\\/#\\\/schema\\\/logo\\\/image\\\/\",\"url\":\"https:\\\/\\\/patagoniambiental.com.ar\\\/info\\\/wp-content\\\/uploads\\\/2025\\\/05\\\/LOGO-PATAGONIA-AMBIENTAL.png\",\"contentUrl\":\"https:\\\/\\\/patagoniambiental.com.ar\\\/info\\\/wp-content\\\/uploads\\\/2025\\\/05\\\/LOGO-PATAGONIA-AMBIENTAL.png\",\"width\":433,\"height\":250,\"caption\":\"Patagonia Ambiental\"},\"image\":{\"@id\":\"https:\\\/\\\/patagoniambiental.com.ar\\\/info\\\/#\\\/schema\\\/logo\\\/image\\\/\"},\"sameAs\":[\"https:\\\/\\\/www.facebook.com\\\/patagonia.ambiental\",\"https:\\\/\\\/x.com\\\/PatAmb\"]},{\"@type\":\"Person\",\"@id\":\"https:\\\/\\\/patagoniambiental.com.ar\\\/info\\\/#\\\/schema\\\/person\\\/e5af09d700b2e82cb10c6b8800e0c691\",\"name\":\"BRAIAN ESTEVEZ\",\"sameAs\":[\"http:\\\/\\\/www.patagoniambiental.com.ar\"]}]}<\/script>\n<!-- \/ Yoast SEO Premium plugin. -->","yoast_head_json":{"title":"En la ciudad de Toay, provincia de La Pampa, toman muestras de agua y sedimentos en la Laguna y el Bajo Giuliani","robots":{"index":"index","follow":"follow","max-snippet":"max-snippet:-1","max-image-preview":"max-image-preview:large","max-video-preview":"max-video-preview:-1"},"canonical":"https:\/\/patagoniambiental.com.ar\/info\/en-la-ciudad-de-toay-provincia-de-la-pampa-toman-muestras-de-agua-y-sedimentos-en-la-laguna-y-el-bajo-giuliani\/","og_locale":"es_ES","og_type":"article","og_title":"En la ciudad de Toay, provincia de La Pampa, toman muestras de agua y sedimentos en la Laguna y el Bajo Giuliani","og_url":"https:\/\/patagoniambiental.com.ar\/info\/en-la-ciudad-de-toay-provincia-de-la-pampa-toman-muestras-de-agua-y-sedimentos-en-la-laguna-y-el-bajo-giuliani\/","og_site_name":"Patagonia Ambiental","article_publisher":"https:\/\/www.facebook.com\/patagonia.ambiental","article_published_time":"2021-08-09T21:44:01+00:00","article_modified_time":"2021-08-09T21:44:03+00:00","og_image":[{"width":900,"height":507,"url":"https:\/\/patagoniambiental.com.ar\/info\/wp-content\/uploads\/2021\/08\/muestras.jpg","type":"image\/jpeg"}],"author":"BRAIAN ESTEVEZ","twitter_card":"summary_large_image","twitter_creator":"@PatAmb","twitter_site":"@PatAmb","schema":{"@context":"https:\/\/schema.org","@graph":[{"@type":"Article","@id":"https:\/\/patagoniambiental.com.ar\/info\/en-la-ciudad-de-toay-provincia-de-la-pampa-toman-muestras-de-agua-y-sedimentos-en-la-laguna-y-el-bajo-giuliani\/#article","isPartOf":{"@id":"https:\/\/patagoniambiental.com.ar\/info\/en-la-ciudad-de-toay-provincia-de-la-pampa-toman-muestras-de-agua-y-sedimentos-en-la-laguna-y-el-bajo-giuliani\/"},"author":{"name":"BRAIAN ESTEVEZ","@id":"https:\/\/patagoniambiental.com.ar\/info\/#\/schema\/person\/e5af09d700b2e82cb10c6b8800e0c691"},"headline":"En la ciudad de Toay, provincia de La Pampa, toman muestras de agua y sedimentos en la Laguna y el Bajo Giuliani","datePublished":"2021-08-09T21:44:01+00:00","dateModified":"2021-08-09T21:44:03+00:00","mainEntityOfPage":{"@id":"https:\/\/patagoniambiental.com.ar\/info\/en-la-ciudad-de-toay-provincia-de-la-pampa-toman-muestras-de-agua-y-sedimentos-en-la-laguna-y-el-bajo-giuliani\/"},"wordCount":250,"commentCount":0,"publisher":{"@id":"https:\/\/patagoniambiental.com.ar\/info\/#organization"},"image":{"@id":"https:\/\/patagoniambiental.com.ar\/info\/en-la-ciudad-de-toay-provincia-de-la-pampa-toman-muestras-de-agua-y-sedimentos-en-la-laguna-y-el-bajo-giuliani\/#primaryimage"},"thumbnailUrl":"https:\/\/patagoniambiental.com.ar\/info\/wp-content\/uploads\/2021\/08\/muestras.jpg","articleSection":["La Pampa","Noticias","Provinciales"],"inLanguage":"es","potentialAction":[{"@type":"CommentAction","name":"Comment","target":["https:\/\/patagoniambiental.com.ar\/info\/en-la-ciudad-de-toay-provincia-de-la-pampa-toman-muestras-de-agua-y-sedimentos-en-la-laguna-y-el-bajo-giuliani\/#respond"]}]},{"@type":"WebPage","@id":"https:\/\/patagoniambiental.com.ar\/info\/en-la-ciudad-de-toay-provincia-de-la-pampa-toman-muestras-de-agua-y-sedimentos-en-la-laguna-y-el-bajo-giuliani\/","url":"https:\/\/patagoniambiental.com.ar\/info\/en-la-ciudad-de-toay-provincia-de-la-pampa-toman-muestras-de-agua-y-sedimentos-en-la-laguna-y-el-bajo-giuliani\/","name":"En la ciudad de Toay, provincia de La Pampa, toman muestras de agua y sedimentos en la Laguna y el Bajo Giuliani","isPartOf":{"@id":"https:\/\/patagoniambiental.com.ar\/info\/#website"},"primaryImageOfPage":{"@id":"https:\/\/patagoniambiental.com.ar\/info\/en-la-ciudad-de-toay-provincia-de-la-pampa-toman-muestras-de-agua-y-sedimentos-en-la-laguna-y-el-bajo-giuliani\/#primaryimage"},"image":{"@id":"https:\/\/patagoniambiental.com.ar\/info\/en-la-ciudad-de-toay-provincia-de-la-pampa-toman-muestras-de-agua-y-sedimentos-en-la-laguna-y-el-bajo-giuliani\/#primaryimage"},"thumbnailUrl":"https:\/\/patagoniambiental.com.ar\/info\/wp-content\/uploads\/2021\/08\/muestras.jpg","datePublished":"2021-08-09T21:44:01+00:00","dateModified":"2021-08-09T21:44:03+00:00","breadcrumb":{"@id":"https:\/\/patagoniambiental.com.ar\/info\/en-la-ciudad-de-toay-provincia-de-la-pampa-toman-muestras-de-agua-y-sedimentos-en-la-laguna-y-el-bajo-giuliani\/#breadcrumb"},"inLanguage":"es","potentialAction":[{"@type":"ReadAction","target":["https:\/\/patagoniambiental.com.ar\/info\/en-la-ciudad-de-toay-provincia-de-la-pampa-toman-muestras-de-agua-y-sedimentos-en-la-laguna-y-el-bajo-giuliani\/"]}]},{"@type":"ImageObject","inLanguage":"es","@id":"https:\/\/patagoniambiental.com.ar\/info\/en-la-ciudad-de-toay-provincia-de-la-pampa-toman-muestras-de-agua-y-sedimentos-en-la-laguna-y-el-bajo-giuliani\/#primaryimage","url":"https:\/\/patagoniambiental.com.ar\/info\/wp-content\/uploads\/2021\/08\/muestras.jpg","contentUrl":"https:\/\/patagoniambiental.com.ar\/info\/wp-content\/uploads\/2021\/08\/muestras.jpg","width":900,"height":507},{"@type":"BreadcrumbList","@id":"https:\/\/patagoniambiental.com.ar\/info\/en-la-ciudad-de-toay-provincia-de-la-pampa-toman-muestras-de-agua-y-sedimentos-en-la-laguna-y-el-bajo-giuliani\/#breadcrumb","itemListElement":[{"@type":"ListItem","position":1,"name":"Inicio","item":"https:\/\/patagoniambiental.com.ar\/info\/"},{"@type":"ListItem","position":2,"name":"En la ciudad de Toay, provincia de La Pampa, toman muestras de agua y sedimentos en la Laguna y el Bajo Giuliani"}]},{"@type":"WebSite","@id":"https:\/\/patagoniambiental.com.ar\/info\/#website","url":"https:\/\/patagoniambiental.com.ar\/info\/","name":"Patagonia Ambiental","description":"Monitoreo y an\u00e1lisis de la situaci\u00f3n geopol\u00edtica en el mundo y su implicancia en la Patagonia","publisher":{"@id":"https:\/\/patagoniambiental.com.ar\/info\/#organization"},"potentialAction":[{"@type":"SearchAction","target":{"@type":"EntryPoint","urlTemplate":"https:\/\/patagoniambiental.com.ar\/info\/?s={search_term_string}"},"query-input":{"@type":"PropertyValueSpecification","valueRequired":true,"valueName":"search_term_string"}}],"inLanguage":"es"},{"@type":"Organization","@id":"https:\/\/patagoniambiental.com.ar\/info\/#organization","name":"Patagonia Ambiental","url":"https:\/\/patagoniambiental.com.ar\/info\/","logo":{"@type":"ImageObject","inLanguage":"es","@id":"https:\/\/patagoniambiental.com.ar\/info\/#\/schema\/logo\/image\/","url":"https:\/\/patagoniambiental.com.ar\/info\/wp-content\/uploads\/2025\/05\/LOGO-PATAGONIA-AMBIENTAL.png","contentUrl":"https:\/\/patagoniambiental.com.ar\/info\/wp-content\/uploads\/2025\/05\/LOGO-PATAGONIA-AMBIENTAL.png","width":433,"height":250,"caption":"Patagonia Ambiental"},"image":{"@id":"https:\/\/patagoniambiental.com.ar\/info\/#\/schema\/logo\/image\/"},"sameAs":["https:\/\/www.facebook.com\/patagonia.ambiental","https:\/\/x.com\/PatAmb"]},{"@type":"Person","@id":"https:\/\/patagoniambiental.com.ar\/info\/#\/schema\/person\/e5af09d700b2e82cb10c6b8800e0c691","name":"BRAIAN ESTEVEZ","sameAs":["http:\/\/www.patagoniambiental.com.ar"]}]}},"_links":{"self":[{"href":"https:\/\/patagoniambiental.com.ar\/info\/wp-json\/wp\/v2\/posts\/73735","targetHints":{"allow":["GET"]}}],"collection":[{"href":"https:\/\/patagoniambiental.com.ar\/info\/wp-json\/wp\/v2\/posts"}],"about":[{"href":"https:\/\/patagoniambiental.com.ar\/info\/wp-json\/wp\/v2\/types\/post"}],"author":[{"embeddable":true,"href":"https:\/\/patagoniambiental.com.ar\/info\/wp-json\/wp\/v2\/users\/6"}],"replies":[{"embeddable":true,"href":"https:\/\/patagoniambiental.com.ar\/info\/wp-json\/wp\/v2\/comments?post=73735"}],"version-history":[{"count":0,"href":"https:\/\/patagoniambiental.com.ar\/info\/wp-json\/wp\/v2\/posts\/73735\/revisions"}],"wp:featuredmedia":[{"embeddable":true,"href":"https:\/\/patagoniambiental.com.ar\/info\/wp-json\/wp\/v2\/media\/73736"}],"wp:attachment":[{"href":"https:\/\/patagoniambiental.com.ar\/info\/wp-json\/wp\/v2\/media?parent=73735"}],"wp:term":[{"taxonomy":"category","embeddable":true,"href":"https:\/\/patagoniambiental.com.ar\/info\/wp-json\/wp\/v2\/categories?post=73735"},{"taxonomy":"post_tag","embeddable":true,"href":"https:\/\/patagoniambiental.com.ar\/info\/wp-json\/wp\/v2\/tags?post=73735"}],"curies":[{"name":"wp","href":"https:\/\/api.w.org\/{rel}","templated":true}]}}