{"id":73738,"date":"2021-08-09T19:00:00","date_gmt":"2021-08-09T22:00:00","guid":{"rendered":"http:\/\/patagoniambiental.com.ar\/info\/?p=73738"},"modified":"2021-08-09T18:46:01","modified_gmt":"2021-08-09T21:46:01","slug":"reunion-entre-ambiente-y-la-municipalidad-por-el-plan-girsu-en-santa-rosa","status":"publish","type":"post","link":"https:\/\/patagoniambiental.com.ar\/info\/reunion-entre-ambiente-y-la-municipalidad-por-el-plan-girsu-en-santa-rosa\/","title":{"rendered":"Reuni\u00f3n entre Ambiente y la Municipalidad por el Plan GIRSU en Santa Rosa"},"content":{"rendered":"\n<!--more-->\n\n\n\n<p>Santa Rosa.-A trav\u00e9s de esta iniciativa, el Gobierno provincial prev\u00e9 una nueva planta de tratamiento de residuos para la capital pampeana.<\/p>\n\n\n\n<p>En el marco de las reuniones iniciadas con motivo de presentaci\u00f3n de&nbsp;<strong>Plan GIRSU<\/strong>&nbsp;a municipios provinciales, el pasado viernes la Subsecretar\u00eda de Ambiente, junto a representantes de la Secretar\u00eda de Energ\u00eda y Miner\u00eda y de la Subsecretar\u00eda de Planificaci\u00f3n Territorial, se reunieron con el intendente de Santa Rosa y parte de su equipo para presentarles el plan para la capital pampeana y la microrregi\u00f3n 6.<\/p>\n\n\n\n<p>El proyecto -de magnitud provincial- ha sido presentado por el gobernador Sergio Ziliotto al Ministerio de Ambiente y Desarrollo Sostenible de la Naci\u00f3n para su financiamiento internacional, el cual ser\u00e1 sometido al proceso de evaluaci\u00f3n de impacto ambiental conforme a lo establecido por la Ley ambiental provincial N\u00b0 3195. Alcanzar\u00e1 en una primera etapa a 45 localidades pampeanas&nbsp;<strong>\u201cbrindando un contexto de sustentabilidad ambiental, social, econ\u00f3mica y financiera\u201d<\/strong>, seg\u00fan se inform\u00f3 oficialmente.<\/p>\n\n\n\n<p>En la reuni\u00f3n con di N\u00e1poli y su equipo, explicaron los alcances del plan que contempla las siguientes etapas: 1) Generaci\u00f3n y disposici\u00f3n inicial, priorizando acciones enfocadas en la separaci\u00f3n de residuos en origen; 2) Recolecci\u00f3n y transporte a escala local y microrregional, para lo que se dotar\u00e1 a los municipios con equipamiento que permita el traslado de los residuos a las plantas de tratamiento locales o a los Centros Operativos Microrregionales; 3) Tratamiento de los residuos, para lo que se construir\u00e1n nuevas plantas de tratamiento (Centros Operativos), se ampliar\u00e1n y equipar\u00e1n las plantas existentes; 4) Disposici\u00f3n final que comprende al conjunto de operaciones destinadas a lograr el dep\u00f3sito permanente de los residuos s\u00f3lidos urbanos.<\/p>\n\n\n\n<p>Puntualmente en la ciudad de Santa Rosa como cabecera microrregional, el proyecto prev\u00e9 la construcci\u00f3n de una nueva planta de tratamiento totalmente equipada y las instalaciones anexas, construcci\u00f3n de galpones para mantenimiento y acopio de materiales con destino a reciclaje, construcci\u00f3n de una playa de compostaje, readecuaci\u00f3n de las antiguas instalaciones para dep\u00f3sito de material chipeado y RAE, adem\u00e1s se construir\u00e1 un nuevo relleno sanitario con una vida \u00fatil de 20 a\u00f1os, ubicado a siete kil\u00f3metros de la localidad que recibir\u00e1 solo los rechazos que no puedan ser sometidos a proceso de valoraci\u00f3n, de la planta de tratamiento de Santa Rosa y localidades vecinas. El mismo contempla principios de ingenier\u00eda sanitaria para proceder a la adecuada disposici\u00f3n final de residuos a fin de evitar riesgos a la salud p\u00fablica y ambiental.<\/p>\n\n\n\n<p><strong>La propuesta provincial tiene un importante alcance ambiental y social:<\/strong><\/p>\n\n\n\n<ul class=\"wp-block-list\"><li>Se erradican los vertederos a cielo abierto, eliminando la contaminaci\u00f3n del agua y la atm\u00f3sfera.<\/li><li>Se aprovecha, mejora y optimiza la infraestructura de separaci\u00f3n y clasificaci\u00f3n existente en forma zonal.<\/li><li>Se mejoran las condiciones laborales de los trabajadores de RSU, permitiendo la continuidad laboral y capacitaci\u00f3n de todos los recursos humanos destinados al manejo de los mismos en cada municipio.<\/li><li>Se reduce al m\u00e1ximo el rechazo de RSU, separando residuos aptos para ser destinados a reciclaje, y a la producci\u00f3n de compost.<\/li><li>Se destinan los residuos org\u00e1nicos a la producci\u00f3n de compost, generando materia para mejoramiento de suelos al alcance de toda la poblaci\u00f3n.<\/li><li>Se tiene una log\u00edstica de recolecci\u00f3n y transporte de los rechazos de RSU de las plantas de separaci\u00f3n y clasificaci\u00f3n.<\/li><li>El terreno donde se ubica la celda de relleno sanitario en la ciudad de Santa Rosa tiene aceptables condiciones de seguridad ambiental.<\/li><li>Se disminuyen los riesgos proliferaci\u00f3n de vectores y plagas.<\/li><\/ul>\n\n\n\n<p><strong>\u201cLa reuni\u00f3n culmin\u00f3 con el compromiso de seguir trabajando en conjunto en este proceso de pensar La Pampa m\u00e1s limpia, m\u00e1s saludable y mejor para todos\/as\u201d<\/strong>, indicaron desde Ambiente.<\/p>\n\n\n\n<p>Fuente: https:\/\/www.eldiariodelapampa.com.ar\/la-pampa\/18696-reunion-entre-ambiente-y-la-municipalidad-por-el-plan-girsu<\/p>\n","protected":false},"excerpt":{"rendered":"","protected":false},"author":6,"featured_media":73739,"comment_status":"open","ping_status":"open","sticky":false,"template":"","format":"standard","meta":{"site-sidebar-layout":"default","site-content-layout":"","ast-site-content-layout":"default","site-content-style":"default","site-sidebar-style":"default","ast-global-header-display":"","ast-banner-title-visibility":"","ast-main-header-display":"","ast-hfb-above-header-display":"","ast-hfb-below-header-display":"","ast-hfb-mobile-header-display":"","site-post-title":"","ast-breadcrumbs-content":"","ast-featured-img":"","footer-sml-layout":"","ast-disable-related-posts":"","theme-transparent-header-meta":"","adv-header-id-meta":"","stick-header-meta":"","header-above-stick-meta":"","header-main-stick-meta":"","header-below-stick-meta":"","astra-migrate-meta-layouts":"default","ast-page-background-enabled":"default","ast-page-background-meta":{"desktop":{"background-color":"var(--ast-global-color-5)","background-image":"","background-repeat":"repeat","background-position":"center center","background-size":"auto","background-attachment":"scroll","background-type":"","background-media":"","overlay-type":"","overlay-color":"","overlay-opacity":"","overlay-gradient":""},"tablet":{"background-color":"","background-image":"","background-repeat":"repeat","background-position":"center center","background-size":"auto","background-attachment":"scroll","background-type":"","background-media":"","overlay-type":"","overlay-color":"","overlay-opacity":"","overlay-gradient":""},"mobile":{"background-color":"","background-image":"","background-repeat":"repeat","background-position":"center center","background-size":"auto","background-attachment":"scroll","background-type":"","background-media":"","overlay-type":"","overlay-color":"","overlay-opacity":"","overlay-gradient":""}},"ast-content-background-meta":{"desktop":{"background-color":"var(--ast-global-color-4)","background-image":"","background-repeat":"repeat","background-position":"center center","background-size":"auto","background-attachment":"scroll","background-type":"","background-media":"","overlay-type":"","overlay-color":"","overlay-opacity":"","overlay-gradient":""},"tablet":{"background-color":"var(--ast-global-color-4)","background-image":"","background-repeat":"repeat","background-position":"center center","background-size":"auto","background-attachment":"scroll","background-type":"","background-media":"","overlay-type":"","overlay-color":"","overlay-opacity":"","overlay-gradient":""},"mobile":{"background-color":"var(--ast-global-color-4)","background-image":"","background-repeat":"repeat","background-position":"center center","background-size":"auto","background-attachment":"scroll","background-type":"","background-media":"","overlay-type":"","overlay-color":"","overlay-opacity":"","overlay-gradient":""}},"footnotes":""},"categories":[3357,59,1,13],"tags":[],"class_list":["post-73738","post","type-post","status-publish","format-standard","has-post-thumbnail","hentry","category-girsu","category-la-pampa","category-noticias","category-provinciales"],"yoast_head":"<!-- This site is optimized with the Yoast SEO Premium plugin v23.0 (Yoast SEO v27.5) - https:\/\/yoast.com\/product\/yoast-seo-premium-wordpress\/ -->\n<title>Reuni\u00f3n entre Ambiente y la Municipalidad por el Plan GIRSU en Santa Rosa<\/title>\n<meta name=\"robots\" content=\"index, follow, max-snippet:-1, max-image-preview:large, max-video-preview:-1\" \/>\n<link rel=\"canonical\" href=\"https:\/\/patagoniambiental.com.ar\/info\/reunion-entre-ambiente-y-la-municipalidad-por-el-plan-girsu-en-santa-rosa\/\" \/>\n<meta property=\"og:locale\" content=\"es_ES\" \/>\n<meta property=\"og:type\" content=\"article\" \/>\n<meta property=\"og:title\" content=\"Reuni\u00f3n entre Ambiente y la Municipalidad por el Plan GIRSU en Santa Rosa\" \/>\n<meta property=\"og:url\" content=\"https:\/\/patagoniambiental.com.ar\/info\/reunion-entre-ambiente-y-la-municipalidad-por-el-plan-girsu-en-santa-rosa\/\" \/>\n<meta property=\"og:site_name\" content=\"Patagonia Ambiental\" \/>\n<meta property=\"article:publisher\" content=\"https:\/\/www.facebook.com\/patagonia.ambiental\" \/>\n<meta property=\"article:published_time\" content=\"2021-08-09T22:00:00+00:00\" \/>\n<meta property=\"og:image\" content=\"https:\/\/patagoniambiental.com.ar\/info\/wp-content\/uploads\/2021\/08\/ambiente.jpg\" \/>\n\t<meta property=\"og:image:width\" content=\"900\" \/>\n\t<meta property=\"og:image:height\" content=\"506\" \/>\n\t<meta property=\"og:image:type\" content=\"image\/jpeg\" \/>\n<meta name=\"author\" content=\"BRAIAN ESTEVEZ\" \/>\n<meta name=\"twitter:card\" content=\"summary_large_image\" \/>\n<meta name=\"twitter:creator\" content=\"@PatAmb\" \/>\n<meta name=\"twitter:site\" content=\"@PatAmb\" \/>\n<script type=\"application\/ld+json\" class=\"yoast-schema-graph\">{\"@context\":\"https:\\\/\\\/schema.org\",\"@graph\":[{\"@type\":\"Article\",\"@id\":\"https:\\\/\\\/patagoniambiental.com.ar\\\/info\\\/reunion-entre-ambiente-y-la-municipalidad-por-el-plan-girsu-en-santa-rosa\\\/#article\",\"isPartOf\":{\"@id\":\"https:\\\/\\\/patagoniambiental.com.ar\\\/info\\\/reunion-entre-ambiente-y-la-municipalidad-por-el-plan-girsu-en-santa-rosa\\\/\"},\"author\":{\"name\":\"BRAIAN ESTEVEZ\",\"@id\":\"https:\\\/\\\/patagoniambiental.com.ar\\\/info\\\/#\\\/schema\\\/person\\\/e5af09d700b2e82cb10c6b8800e0c691\"},\"headline\":\"Reuni\u00f3n entre Ambiente y la Municipalidad por el Plan GIRSU en Santa Rosa\",\"datePublished\":\"2021-08-09T22:00:00+00:00\",\"mainEntityOfPage\":{\"@id\":\"https:\\\/\\\/patagoniambiental.com.ar\\\/info\\\/reunion-entre-ambiente-y-la-municipalidad-por-el-plan-girsu-en-santa-rosa\\\/\"},\"wordCount\":673,\"commentCount\":0,\"publisher\":{\"@id\":\"https:\\\/\\\/patagoniambiental.com.ar\\\/info\\\/#organization\"},\"image\":{\"@id\":\"https:\\\/\\\/patagoniambiental.com.ar\\\/info\\\/reunion-entre-ambiente-y-la-municipalidad-por-el-plan-girsu-en-santa-rosa\\\/#primaryimage\"},\"thumbnailUrl\":\"https:\\\/\\\/patagoniambiental.com.ar\\\/info\\\/wp-content\\\/uploads\\\/2021\\\/08\\\/ambiente.jpg\",\"articleSection\":[\"GIRSU\",\"La Pampa\",\"Noticias\",\"Provinciales\"],\"inLanguage\":\"es\",\"potentialAction\":[{\"@type\":\"CommentAction\",\"name\":\"Comment\",\"target\":[\"https:\\\/\\\/patagoniambiental.com.ar\\\/info\\\/reunion-entre-ambiente-y-la-municipalidad-por-el-plan-girsu-en-santa-rosa\\\/#respond\"]}]},{\"@type\":\"WebPage\",\"@id\":\"https:\\\/\\\/patagoniambiental.com.ar\\\/info\\\/reunion-entre-ambiente-y-la-municipalidad-por-el-plan-girsu-en-santa-rosa\\\/\",\"url\":\"https:\\\/\\\/patagoniambiental.com.ar\\\/info\\\/reunion-entre-ambiente-y-la-municipalidad-por-el-plan-girsu-en-santa-rosa\\\/\",\"name\":\"Reuni\u00f3n entre Ambiente y la Municipalidad por el Plan GIRSU en Santa Rosa\",\"isPartOf\":{\"@id\":\"https:\\\/\\\/patagoniambiental.com.ar\\\/info\\\/#website\"},\"primaryImageOfPage\":{\"@id\":\"https:\\\/\\\/patagoniambiental.com.ar\\\/info\\\/reunion-entre-ambiente-y-la-municipalidad-por-el-plan-girsu-en-santa-rosa\\\/#primaryimage\"},\"image\":{\"@id\":\"https:\\\/\\\/patagoniambiental.com.ar\\\/info\\\/reunion-entre-ambiente-y-la-municipalidad-por-el-plan-girsu-en-santa-rosa\\\/#primaryimage\"},\"thumbnailUrl\":\"https:\\\/\\\/patagoniambiental.com.ar\\\/info\\\/wp-content\\\/uploads\\\/2021\\\/08\\\/ambiente.jpg\",\"datePublished\":\"2021-08-09T22:00:00+00:00\",\"breadcrumb\":{\"@id\":\"https:\\\/\\\/patagoniambiental.com.ar\\\/info\\\/reunion-entre-ambiente-y-la-municipalidad-por-el-plan-girsu-en-santa-rosa\\\/#breadcrumb\"},\"inLanguage\":\"es\",\"potentialAction\":[{\"@type\":\"ReadAction\",\"target\":[\"https:\\\/\\\/patagoniambiental.com.ar\\\/info\\\/reunion-entre-ambiente-y-la-municipalidad-por-el-plan-girsu-en-santa-rosa\\\/\"]}]},{\"@type\":\"ImageObject\",\"inLanguage\":\"es\",\"@id\":\"https:\\\/\\\/patagoniambiental.com.ar\\\/info\\\/reunion-entre-ambiente-y-la-municipalidad-por-el-plan-girsu-en-santa-rosa\\\/#primaryimage\",\"url\":\"https:\\\/\\\/patagoniambiental.com.ar\\\/info\\\/wp-content\\\/uploads\\\/2021\\\/08\\\/ambiente.jpg\",\"contentUrl\":\"https:\\\/\\\/patagoniambiental.com.ar\\\/info\\\/wp-content\\\/uploads\\\/2021\\\/08\\\/ambiente.jpg\",\"width\":900,\"height\":506},{\"@type\":\"BreadcrumbList\",\"@id\":\"https:\\\/\\\/patagoniambiental.com.ar\\\/info\\\/reunion-entre-ambiente-y-la-municipalidad-por-el-plan-girsu-en-santa-rosa\\\/#breadcrumb\",\"itemListElement\":[{\"@type\":\"ListItem\",\"position\":1,\"name\":\"Inicio\",\"item\":\"https:\\\/\\\/patagoniambiental.com.ar\\\/info\\\/\"},{\"@type\":\"ListItem\",\"position\":2,\"name\":\"Reuni\u00f3n entre Ambiente y la Municipalidad por el Plan GIRSU en Santa Rosa\"}]},{\"@type\":\"WebSite\",\"@id\":\"https:\\\/\\\/patagoniambiental.com.ar\\\/info\\\/#website\",\"url\":\"https:\\\/\\\/patagoniambiental.com.ar\\\/info\\\/\",\"name\":\"Patagonia Ambiental\",\"description\":\"Monitoreo y an\u00e1lisis de la situaci\u00f3n geopol\u00edtica en el mundo y su implicancia en la Patagonia\",\"publisher\":{\"@id\":\"https:\\\/\\\/patagoniambiental.com.ar\\\/info\\\/#organization\"},\"potentialAction\":[{\"@type\":\"SearchAction\",\"target\":{\"@type\":\"EntryPoint\",\"urlTemplate\":\"https:\\\/\\\/patagoniambiental.com.ar\\\/info\\\/?s={search_term_string}\"},\"query-input\":{\"@type\":\"PropertyValueSpecification\",\"valueRequired\":true,\"valueName\":\"search_term_string\"}}],\"inLanguage\":\"es\"},{\"@type\":\"Organization\",\"@id\":\"https:\\\/\\\/patagoniambiental.com.ar\\\/info\\\/#organization\",\"name\":\"Patagonia Ambiental\",\"url\":\"https:\\\/\\\/patagoniambiental.com.ar\\\/info\\\/\",\"logo\":{\"@type\":\"ImageObject\",\"inLanguage\":\"es\",\"@id\":\"https:\\\/\\\/patagoniambiental.com.ar\\\/info\\\/#\\\/schema\\\/logo\\\/image\\\/\",\"url\":\"https:\\\/\\\/patagoniambiental.com.ar\\\/info\\\/wp-content\\\/uploads\\\/2025\\\/05\\\/LOGO-PATAGONIA-AMBIENTAL.png\",\"contentUrl\":\"https:\\\/\\\/patagoniambiental.com.ar\\\/info\\\/wp-content\\\/uploads\\\/2025\\\/05\\\/LOGO-PATAGONIA-AMBIENTAL.png\",\"width\":433,\"height\":250,\"caption\":\"Patagonia Ambiental\"},\"image\":{\"@id\":\"https:\\\/\\\/patagoniambiental.com.ar\\\/info\\\/#\\\/schema\\\/logo\\\/image\\\/\"},\"sameAs\":[\"https:\\\/\\\/www.facebook.com\\\/patagonia.ambiental\",\"https:\\\/\\\/x.com\\\/PatAmb\"]},{\"@type\":\"Person\",\"@id\":\"https:\\\/\\\/patagoniambiental.com.ar\\\/info\\\/#\\\/schema\\\/person\\\/e5af09d700b2e82cb10c6b8800e0c691\",\"name\":\"BRAIAN ESTEVEZ\",\"sameAs\":[\"http:\\\/\\\/www.patagoniambiental.com.ar\"]}]}<\/script>\n<!-- \/ Yoast SEO Premium plugin. -->","yoast_head_json":{"title":"Reuni\u00f3n entre Ambiente y la Municipalidad por el Plan GIRSU en Santa Rosa","robots":{"index":"index","follow":"follow","max-snippet":"max-snippet:-1","max-image-preview":"max-image-preview:large","max-video-preview":"max-video-preview:-1"},"canonical":"https:\/\/patagoniambiental.com.ar\/info\/reunion-entre-ambiente-y-la-municipalidad-por-el-plan-girsu-en-santa-rosa\/","og_locale":"es_ES","og_type":"article","og_title":"Reuni\u00f3n entre Ambiente y la Municipalidad por el Plan GIRSU en Santa Rosa","og_url":"https:\/\/patagoniambiental.com.ar\/info\/reunion-entre-ambiente-y-la-municipalidad-por-el-plan-girsu-en-santa-rosa\/","og_site_name":"Patagonia Ambiental","article_publisher":"https:\/\/www.facebook.com\/patagonia.ambiental","article_published_time":"2021-08-09T22:00:00+00:00","og_image":[{"width":900,"height":506,"url":"https:\/\/patagoniambiental.com.ar\/info\/wp-content\/uploads\/2021\/08\/ambiente.jpg","type":"image\/jpeg"}],"author":"BRAIAN ESTEVEZ","twitter_card":"summary_large_image","twitter_creator":"@PatAmb","twitter_site":"@PatAmb","schema":{"@context":"https:\/\/schema.org","@graph":[{"@type":"Article","@id":"https:\/\/patagoniambiental.com.ar\/info\/reunion-entre-ambiente-y-la-municipalidad-por-el-plan-girsu-en-santa-rosa\/#article","isPartOf":{"@id":"https:\/\/patagoniambiental.com.ar\/info\/reunion-entre-ambiente-y-la-municipalidad-por-el-plan-girsu-en-santa-rosa\/"},"author":{"name":"BRAIAN ESTEVEZ","@id":"https:\/\/patagoniambiental.com.ar\/info\/#\/schema\/person\/e5af09d700b2e82cb10c6b8800e0c691"},"headline":"Reuni\u00f3n entre Ambiente y la Municipalidad por el Plan GIRSU en Santa Rosa","datePublished":"2021-08-09T22:00:00+00:00","mainEntityOfPage":{"@id":"https:\/\/patagoniambiental.com.ar\/info\/reunion-entre-ambiente-y-la-municipalidad-por-el-plan-girsu-en-santa-rosa\/"},"wordCount":673,"commentCount":0,"publisher":{"@id":"https:\/\/patagoniambiental.com.ar\/info\/#organization"},"image":{"@id":"https:\/\/patagoniambiental.com.ar\/info\/reunion-entre-ambiente-y-la-municipalidad-por-el-plan-girsu-en-santa-rosa\/#primaryimage"},"thumbnailUrl":"https:\/\/patagoniambiental.com.ar\/info\/wp-content\/uploads\/2021\/08\/ambiente.jpg","articleSection":["GIRSU","La Pampa","Noticias","Provinciales"],"inLanguage":"es","potentialAction":[{"@type":"CommentAction","name":"Comment","target":["https:\/\/patagoniambiental.com.ar\/info\/reunion-entre-ambiente-y-la-municipalidad-por-el-plan-girsu-en-santa-rosa\/#respond"]}]},{"@type":"WebPage","@id":"https:\/\/patagoniambiental.com.ar\/info\/reunion-entre-ambiente-y-la-municipalidad-por-el-plan-girsu-en-santa-rosa\/","url":"https:\/\/patagoniambiental.com.ar\/info\/reunion-entre-ambiente-y-la-municipalidad-por-el-plan-girsu-en-santa-rosa\/","name":"Reuni\u00f3n entre Ambiente y la Municipalidad por el Plan GIRSU en Santa Rosa","isPartOf":{"@id":"https:\/\/patagoniambiental.com.ar\/info\/#website"},"primaryImageOfPage":{"@id":"https:\/\/patagoniambiental.com.ar\/info\/reunion-entre-ambiente-y-la-municipalidad-por-el-plan-girsu-en-santa-rosa\/#primaryimage"},"image":{"@id":"https:\/\/patagoniambiental.com.ar\/info\/reunion-entre-ambiente-y-la-municipalidad-por-el-plan-girsu-en-santa-rosa\/#primaryimage"},"thumbnailUrl":"https:\/\/patagoniambiental.com.ar\/info\/wp-content\/uploads\/2021\/08\/ambiente.jpg","datePublished":"2021-08-09T22:00:00+00:00","breadcrumb":{"@id":"https:\/\/patagoniambiental.com.ar\/info\/reunion-entre-ambiente-y-la-municipalidad-por-el-plan-girsu-en-santa-rosa\/#breadcrumb"},"inLanguage":"es","potentialAction":[{"@type":"ReadAction","target":["https:\/\/patagoniambiental.com.ar\/info\/reunion-entre-ambiente-y-la-municipalidad-por-el-plan-girsu-en-santa-rosa\/"]}]},{"@type":"ImageObject","inLanguage":"es","@id":"https:\/\/patagoniambiental.com.ar\/info\/reunion-entre-ambiente-y-la-municipalidad-por-el-plan-girsu-en-santa-rosa\/#primaryimage","url":"https:\/\/patagoniambiental.com.ar\/info\/wp-content\/uploads\/2021\/08\/ambiente.jpg","contentUrl":"https:\/\/patagoniambiental.com.ar\/info\/wp-content\/uploads\/2021\/08\/ambiente.jpg","width":900,"height":506},{"@type":"BreadcrumbList","@id":"https:\/\/patagoniambiental.com.ar\/info\/reunion-entre-ambiente-y-la-municipalidad-por-el-plan-girsu-en-santa-rosa\/#breadcrumb","itemListElement":[{"@type":"ListItem","position":1,"name":"Inicio","item":"https:\/\/patagoniambiental.com.ar\/info\/"},{"@type":"ListItem","position":2,"name":"Reuni\u00f3n entre Ambiente y la Municipalidad por el Plan GIRSU en Santa Rosa"}]},{"@type":"WebSite","@id":"https:\/\/patagoniambiental.com.ar\/info\/#website","url":"https:\/\/patagoniambiental.com.ar\/info\/","name":"Patagonia Ambiental","description":"Monitoreo y an\u00e1lisis de la situaci\u00f3n geopol\u00edtica en el mundo y su implicancia en la Patagonia","publisher":{"@id":"https:\/\/patagoniambiental.com.ar\/info\/#organization"},"potentialAction":[{"@type":"SearchAction","target":{"@type":"EntryPoint","urlTemplate":"https:\/\/patagoniambiental.com.ar\/info\/?s={search_term_string}"},"query-input":{"@type":"PropertyValueSpecification","valueRequired":true,"valueName":"search_term_string"}}],"inLanguage":"es"},{"@type":"Organization","@id":"https:\/\/patagoniambiental.com.ar\/info\/#organization","name":"Patagonia Ambiental","url":"https:\/\/patagoniambiental.com.ar\/info\/","logo":{"@type":"ImageObject","inLanguage":"es","@id":"https:\/\/patagoniambiental.com.ar\/info\/#\/schema\/logo\/image\/","url":"https:\/\/patagoniambiental.com.ar\/info\/wp-content\/uploads\/2025\/05\/LOGO-PATAGONIA-AMBIENTAL.png","contentUrl":"https:\/\/patagoniambiental.com.ar\/info\/wp-content\/uploads\/2025\/05\/LOGO-PATAGONIA-AMBIENTAL.png","width":433,"height":250,"caption":"Patagonia Ambiental"},"image":{"@id":"https:\/\/patagoniambiental.com.ar\/info\/#\/schema\/logo\/image\/"},"sameAs":["https:\/\/www.facebook.com\/patagonia.ambiental","https:\/\/x.com\/PatAmb"]},{"@type":"Person","@id":"https:\/\/patagoniambiental.com.ar\/info\/#\/schema\/person\/e5af09d700b2e82cb10c6b8800e0c691","name":"BRAIAN ESTEVEZ","sameAs":["http:\/\/www.patagoniambiental.com.ar"]}]}},"_links":{"self":[{"href":"https:\/\/patagoniambiental.com.ar\/info\/wp-json\/wp\/v2\/posts\/73738","targetHints":{"allow":["GET"]}}],"collection":[{"href":"https:\/\/patagoniambiental.com.ar\/info\/wp-json\/wp\/v2\/posts"}],"about":[{"href":"https:\/\/patagoniambiental.com.ar\/info\/wp-json\/wp\/v2\/types\/post"}],"author":[{"embeddable":true,"href":"https:\/\/patagoniambiental.com.ar\/info\/wp-json\/wp\/v2\/users\/6"}],"replies":[{"embeddable":true,"href":"https:\/\/patagoniambiental.com.ar\/info\/wp-json\/wp\/v2\/comments?post=73738"}],"version-history":[{"count":0,"href":"https:\/\/patagoniambiental.com.ar\/info\/wp-json\/wp\/v2\/posts\/73738\/revisions"}],"wp:featuredmedia":[{"embeddable":true,"href":"https:\/\/patagoniambiental.com.ar\/info\/wp-json\/wp\/v2\/media\/73739"}],"wp:attachment":[{"href":"https:\/\/patagoniambiental.com.ar\/info\/wp-json\/wp\/v2\/media?parent=73738"}],"wp:term":[{"taxonomy":"category","embeddable":true,"href":"https:\/\/patagoniambiental.com.ar\/info\/wp-json\/wp\/v2\/categories?post=73738"},{"taxonomy":"post_tag","embeddable":true,"href":"https:\/\/patagoniambiental.com.ar\/info\/wp-json\/wp\/v2\/tags?post=73738"}],"curies":[{"name":"wp","href":"https:\/\/api.w.org\/{rel}","templated":true}]}}