{"id":73742,"date":"2021-08-10T07:00:00","date_gmt":"2021-08-10T10:00:00","guid":{"rendered":"http:\/\/patagoniambiental.com.ar\/info\/?p=73742"},"modified":"2021-08-09T18:57:30","modified_gmt":"2021-08-09T21:57:30","slug":"la-pampa-la-justicia-de-la-provincia-de-la-pampa-comenzo-con-la-digitalizacion-de-los-expedientes-administrativos","status":"publish","type":"post","link":"https:\/\/patagoniambiental.com.ar\/info\/la-pampa-la-justicia-de-la-provincia-de-la-pampa-comenzo-con-la-digitalizacion-de-los-expedientes-administrativos\/","title":{"rendered":"LA PAMPA: La justicia de la Provincia de La Pampa comenz\u00f3 con la digitalizaci\u00f3n de los expedientes administrativos"},"content":{"rendered":"\n<!--more-->\n\n\n\n<h3 class=\"wp-block-heading\">Santa Rosa.-El STJ de la provincia de La Pampa contin\u00faa implementando herramientas tecnol\u00f3gicas para brindar un servicio cada vez m\u00e1s \u00e1gil y eficiente. Yatecuento los detalles&#8230;<\/h3>\n\n\n\n<p><\/p>\n\n\n\n<p>El proceso de digitalizaci\u00f3n en el Poder Judicial de La Pampa comenz\u00f3 con el fuero penal, continu\u00f3 con el \u00e1mbito civil y ahora lleg\u00f3 al administrativo, ya que a partir del martes 17 los procedimientos administrativos, por ante los organismos dependientes del STJ, se tramitar\u00e1n en expedientes electr\u00f3nicos bajo el sistema de Gesti\u00f3n Documental Electr\u00f3nica (GDE).<\/p>\n\n\n\n<p>Ello permitir\u00e1, entre otros beneficios, la tramitaci\u00f3n administrativa de manera online, desde cualquier lugar del mundo que cuente con una conexi\u00f3n a la red de internet, las 24 horas del d\u00eda.&nbsp; Por otra parte, el sistema tiene integrada la firma digital o electr\u00f3nica para su uso en todos los documentos (resoluciones, pruebas, dict\u00e1menes, informes y comunicaciones y notificaciones, etc.), y las actuaciones cuentan con igual valor probatorio que sus equivalentes en soporte papel, debido a la interoperabilidad que produce su autenticaci\u00f3n autom\u00e1tica en los sistemas de GDE.<\/p>\n\n\n\n<p>La plataforma GDE cuenta con un m\u00f3dulo de caratulaci\u00f3n, numeraci\u00f3n, seguimiento y registraci\u00f3n de movimientos de todas las actuaciones y expedientes. Los documentos quedan contenidos en servidores con toda la seguridad actualizada que contempla \u2013entre otras tareas\u2013, la generaci\u00f3n, control, acceso posterior, archivo y conservaci\u00f3n y distribuci\u00f3n de datos, en un ambiente de seguridad y transparencia, garantizando su integridad, autor\u00eda e inalterabilidad.<\/p>\n\n\n\n<p>Con el uso de esta plataforma se garantiza una administraci\u00f3n p\u00fablica al servicio de la comunidad, ya que las prestaciones se tornan m\u00e1s \u00e1giles, simples y eficaces; reduci\u00e9ndose los tiempos de tramitaci\u00f3n y ahorr\u00e1ndose recursos a partir de la eliminaci\u00f3n total de los expedientes en papel.<\/p>\n\n\n\n<p><strong>Modernizaci\u00f3n de los procesos<\/strong><\/p>\n\n\n\n<p>La decisi\u00f3n de poner en marcha el sistema de Gesti\u00f3n Documental Electr\u00f3nica fue rubricada, a trav\u00e9s del acuerdo N\u00b0 3808, por los cinco ministros del Superior Tribunal, el presidente Eduardo Fern\u00e1ndez Mend\u00eda, Hugo Oscar D\u00edaz, Elena Victoria Fresco, Fabricio Luis Losi y Jos\u00e9 Roberto Sappa.<\/p>\n\n\n\n<p>Las gestiones para contar con la herramienta tecnol\u00f3gica comenzaron el a\u00f1o pasado, a partir de reuniones e intercambios con autoridades de la Subsecretar\u00eda de Innovaci\u00f3n Administrativa \u2013dependiente de la Secretar\u00eda de Innovaci\u00f3n P\u00fablica de la Jefatura de Gabinete de Ministros de la Naci\u00f3n\u2013, concret\u00e1ndose finalmente la r\u00fabrica de un acuerdo marco de cooperaci\u00f3n en marzo pasado.<\/p>\n\n\n\n<p>Todo ello forma parte de una pol\u00edtica institucional de constante modernizaci\u00f3n de los procesos judiciales. Tal es as\u00ed, que el 1 de noviembre de 2018 se alcanz\u00f3 la digitalizaci\u00f3n masiva del fuero penal con la implementaci\u00f3n del Sistema de Gesti\u00f3n de Legajos Penales (Sigelp); y el 1 de julio de 2020 se lleg\u00f3 al mismo objetivo en los fueros civil y comercial; de miner\u00eda; laboral; de ejecuci\u00f3n, concursos y quiebras; de familia, ni\u00f1as, ni\u00f1os y adolescentes; y contencioso administrativo, a trav\u00e9s del Sistema Inform\u00e1tico de Gesti\u00f3n de Expedientes (SIGE).<\/p>\n\n\n\n<p>La acordada tiene un anexo sobre las pautas para la tramitaci\u00f3n de los expedientes administrativos, detall\u00e1ndose que las presentaciones de personas no usuarias del GDE podr\u00e1n hacerse por medios electr\u00f3nicos&nbsp; o por escritos en formato papel. En caso de utilizar el papel, esas presentaciones ser\u00e1n digitalizadas por el personal facultado para ello e incorporadas al sistema GDE.<\/p>\n\n\n\n<p>La administraci\u00f3n local del sistema estar\u00e1 a cargo de la Oficina de Inform\u00e1tica y Tecnolog\u00eda, dependiente del STJ.&nbsp; Desde el \u00e1rea se organizaron las pruebas y ensayos para la implementaci\u00f3n del GDE y se dictaron las capacitaciones para el personal de las \u00e1reas administrativas. Teniendo en cuenta la intervenci\u00f3n legal que les compete, el viernes pasado, con el acompa\u00f1amiento de autoridades de la Direcci\u00f3n General de Administraci\u00f3n, se realiz\u00f3 una presentaci\u00f3n sobre el funcionamiento del sistema a las autoridades y personal del Tribunal de Cuentas.<\/p>\n\n\n\n<hr class=\"wp-block-separator\"\/>\n\n\n\n<p><a href=\"javascript:reaccion('mg')\">Fuente: <\/a>https:\/\/yatecuento.com.ar\/noticia\/La_Pampa_la_Justicia_comenzo_con_la_digitalizacion_de_los_expedientes_administrativos<\/p>\n","protected":false},"excerpt":{"rendered":"","protected":false},"author":6,"featured_media":73743,"comment_status":"open","ping_status":"open","sticky":false,"template":"","format":"standard","meta":{"site-sidebar-layout":"default","site-content-layout":"","ast-site-content-layout":"default","site-content-style":"default","site-sidebar-style":"default","ast-global-header-display":"","ast-banner-title-visibility":"","ast-main-header-display":"","ast-hfb-above-header-display":"","ast-hfb-below-header-display":"","ast-hfb-mobile-header-display":"","site-post-title":"","ast-breadcrumbs-content":"","ast-featured-img":"","footer-sml-layout":"","ast-disable-related-posts":"","theme-transparent-header-meta":"","adv-header-id-meta":"","stick-header-meta":"","header-above-stick-meta":"","header-main-stick-meta":"","header-below-stick-meta":"","astra-migrate-meta-layouts":"default","ast-page-background-enabled":"default","ast-page-background-meta":{"desktop":{"background-color":"var(--ast-global-color-5)","background-image":"","background-repeat":"repeat","background-position":"center center","background-size":"auto","background-attachment":"scroll","background-type":"","background-media":"","overlay-type":"","overlay-color":"","overlay-opacity":"","overlay-gradient":""},"tablet":{"background-color":"","background-image":"","background-repeat":"repeat","background-position":"center center","background-size":"auto","background-attachment":"scroll","background-type":"","background-media":"","overlay-type":"","overlay-color":"","overlay-opacity":"","overlay-gradient":""},"mobile":{"background-color":"","background-image":"","background-repeat":"repeat","background-position":"center center","background-size":"auto","background-attachment":"scroll","background-type":"","background-media":"","overlay-type":"","overlay-color":"","overlay-opacity":"","overlay-gradient":""}},"ast-content-background-meta":{"desktop":{"background-color":"var(--ast-global-color-4)","background-image":"","background-repeat":"repeat","background-position":"center center","background-size":"auto","background-attachment":"scroll","background-type":"","background-media":"","overlay-type":"","overlay-color":"","overlay-opacity":"","overlay-gradient":""},"tablet":{"background-color":"var(--ast-global-color-4)","background-image":"","background-repeat":"repeat","background-position":"center center","background-size":"auto","background-attachment":"scroll","background-type":"","background-media":"","overlay-type":"","overlay-color":"","overlay-opacity":"","overlay-gradient":""},"mobile":{"background-color":"var(--ast-global-color-4)","background-image":"","background-repeat":"repeat","background-position":"center center","background-size":"auto","background-attachment":"scroll","background-type":"","background-media":"","overlay-type":"","overlay-color":"","overlay-opacity":"","overlay-gradient":""}},"footnotes":""},"categories":[3357,59,1,13],"tags":[],"class_list":["post-73742","post","type-post","status-publish","format-standard","has-post-thumbnail","hentry","category-girsu","category-la-pampa","category-noticias","category-provinciales"],"yoast_head":"<!-- This site is optimized with the Yoast SEO Premium plugin v23.0 (Yoast SEO v27.5) - https:\/\/yoast.com\/product\/yoast-seo-premium-wordpress\/ -->\n<title>LA PAMPA: La justicia de la Provincia de La Pampa comenz\u00f3 con la digitalizaci\u00f3n de los expedientes administrativos<\/title>\n<meta name=\"robots\" content=\"index, follow, max-snippet:-1, max-image-preview:large, max-video-preview:-1\" \/>\n<link rel=\"canonical\" href=\"https:\/\/patagoniambiental.com.ar\/info\/la-pampa-la-justicia-de-la-provincia-de-la-pampa-comenzo-con-la-digitalizacion-de-los-expedientes-administrativos\/\" \/>\n<meta property=\"og:locale\" content=\"es_ES\" \/>\n<meta property=\"og:type\" content=\"article\" \/>\n<meta property=\"og:title\" content=\"LA PAMPA: La justicia de la Provincia de La Pampa comenz\u00f3 con la digitalizaci\u00f3n de los expedientes administrativos\" \/>\n<meta property=\"og:url\" content=\"https:\/\/patagoniambiental.com.ar\/info\/la-pampa-la-justicia-de-la-provincia-de-la-pampa-comenzo-con-la-digitalizacion-de-los-expedientes-administrativos\/\" \/>\n<meta property=\"og:site_name\" content=\"Patagonia Ambiental\" \/>\n<meta property=\"article:publisher\" content=\"https:\/\/www.facebook.com\/patagonia.ambiental\" \/>\n<meta property=\"article:published_time\" content=\"2021-08-10T10:00:00+00:00\" \/>\n<meta property=\"og:image\" content=\"https:\/\/patagoniambiental.com.ar\/info\/wp-content\/uploads\/2021\/08\/61104b3648768DIGITALIZACIONEXPEDIENTES.jpg\" \/>\n\t<meta property=\"og:image:width\" content=\"768\" \/>\n\t<meta property=\"og:image:height\" content=\"499\" \/>\n\t<meta property=\"og:image:type\" content=\"image\/jpeg\" \/>\n<meta name=\"author\" content=\"BRAIAN ESTEVEZ\" \/>\n<meta name=\"twitter:card\" content=\"summary_large_image\" \/>\n<meta name=\"twitter:creator\" content=\"@PatAmb\" \/>\n<meta name=\"twitter:site\" content=\"@PatAmb\" \/>\n<script type=\"application\/ld+json\" class=\"yoast-schema-graph\">{\"@context\":\"https:\\\/\\\/schema.org\",\"@graph\":[{\"@type\":\"Article\",\"@id\":\"https:\\\/\\\/patagoniambiental.com.ar\\\/info\\\/la-pampa-la-justicia-de-la-provincia-de-la-pampa-comenzo-con-la-digitalizacion-de-los-expedientes-administrativos\\\/#article\",\"isPartOf\":{\"@id\":\"https:\\\/\\\/patagoniambiental.com.ar\\\/info\\\/la-pampa-la-justicia-de-la-provincia-de-la-pampa-comenzo-con-la-digitalizacion-de-los-expedientes-administrativos\\\/\"},\"author\":{\"name\":\"BRAIAN ESTEVEZ\",\"@id\":\"https:\\\/\\\/patagoniambiental.com.ar\\\/info\\\/#\\\/schema\\\/person\\\/e5af09d700b2e82cb10c6b8800e0c691\"},\"headline\":\"LA PAMPA: La justicia de la Provincia de La Pampa comenz\u00f3 con la digitalizaci\u00f3n de los expedientes administrativos\",\"datePublished\":\"2021-08-10T10:00:00+00:00\",\"mainEntityOfPage\":{\"@id\":\"https:\\\/\\\/patagoniambiental.com.ar\\\/info\\\/la-pampa-la-justicia-de-la-provincia-de-la-pampa-comenzo-con-la-digitalizacion-de-los-expedientes-administrativos\\\/\"},\"wordCount\":722,\"commentCount\":0,\"publisher\":{\"@id\":\"https:\\\/\\\/patagoniambiental.com.ar\\\/info\\\/#organization\"},\"image\":{\"@id\":\"https:\\\/\\\/patagoniambiental.com.ar\\\/info\\\/la-pampa-la-justicia-de-la-provincia-de-la-pampa-comenzo-con-la-digitalizacion-de-los-expedientes-administrativos\\\/#primaryimage\"},\"thumbnailUrl\":\"https:\\\/\\\/patagoniambiental.com.ar\\\/info\\\/wp-content\\\/uploads\\\/2021\\\/08\\\/61104b3648768DIGITALIZACIONEXPEDIENTES.jpg\",\"articleSection\":[\"GIRSU\",\"La Pampa\",\"Noticias\",\"Provinciales\"],\"inLanguage\":\"es\",\"potentialAction\":[{\"@type\":\"CommentAction\",\"name\":\"Comment\",\"target\":[\"https:\\\/\\\/patagoniambiental.com.ar\\\/info\\\/la-pampa-la-justicia-de-la-provincia-de-la-pampa-comenzo-con-la-digitalizacion-de-los-expedientes-administrativos\\\/#respond\"]}]},{\"@type\":\"WebPage\",\"@id\":\"https:\\\/\\\/patagoniambiental.com.ar\\\/info\\\/la-pampa-la-justicia-de-la-provincia-de-la-pampa-comenzo-con-la-digitalizacion-de-los-expedientes-administrativos\\\/\",\"url\":\"https:\\\/\\\/patagoniambiental.com.ar\\\/info\\\/la-pampa-la-justicia-de-la-provincia-de-la-pampa-comenzo-con-la-digitalizacion-de-los-expedientes-administrativos\\\/\",\"name\":\"LA PAMPA: La justicia de la Provincia de La Pampa comenz\u00f3 con la digitalizaci\u00f3n de los expedientes administrativos\",\"isPartOf\":{\"@id\":\"https:\\\/\\\/patagoniambiental.com.ar\\\/info\\\/#website\"},\"primaryImageOfPage\":{\"@id\":\"https:\\\/\\\/patagoniambiental.com.ar\\\/info\\\/la-pampa-la-justicia-de-la-provincia-de-la-pampa-comenzo-con-la-digitalizacion-de-los-expedientes-administrativos\\\/#primaryimage\"},\"image\":{\"@id\":\"https:\\\/\\\/patagoniambiental.com.ar\\\/info\\\/la-pampa-la-justicia-de-la-provincia-de-la-pampa-comenzo-con-la-digitalizacion-de-los-expedientes-administrativos\\\/#primaryimage\"},\"thumbnailUrl\":\"https:\\\/\\\/patagoniambiental.com.ar\\\/info\\\/wp-content\\\/uploads\\\/2021\\\/08\\\/61104b3648768DIGITALIZACIONEXPEDIENTES.jpg\",\"datePublished\":\"2021-08-10T10:00:00+00:00\",\"breadcrumb\":{\"@id\":\"https:\\\/\\\/patagoniambiental.com.ar\\\/info\\\/la-pampa-la-justicia-de-la-provincia-de-la-pampa-comenzo-con-la-digitalizacion-de-los-expedientes-administrativos\\\/#breadcrumb\"},\"inLanguage\":\"es\",\"potentialAction\":[{\"@type\":\"ReadAction\",\"target\":[\"https:\\\/\\\/patagoniambiental.com.ar\\\/info\\\/la-pampa-la-justicia-de-la-provincia-de-la-pampa-comenzo-con-la-digitalizacion-de-los-expedientes-administrativos\\\/\"]}]},{\"@type\":\"ImageObject\",\"inLanguage\":\"es\",\"@id\":\"https:\\\/\\\/patagoniambiental.com.ar\\\/info\\\/la-pampa-la-justicia-de-la-provincia-de-la-pampa-comenzo-con-la-digitalizacion-de-los-expedientes-administrativos\\\/#primaryimage\",\"url\":\"https:\\\/\\\/patagoniambiental.com.ar\\\/info\\\/wp-content\\\/uploads\\\/2021\\\/08\\\/61104b3648768DIGITALIZACIONEXPEDIENTES.jpg\",\"contentUrl\":\"https:\\\/\\\/patagoniambiental.com.ar\\\/info\\\/wp-content\\\/uploads\\\/2021\\\/08\\\/61104b3648768DIGITALIZACIONEXPEDIENTES.jpg\",\"width\":768,\"height\":499},{\"@type\":\"BreadcrumbList\",\"@id\":\"https:\\\/\\\/patagoniambiental.com.ar\\\/info\\\/la-pampa-la-justicia-de-la-provincia-de-la-pampa-comenzo-con-la-digitalizacion-de-los-expedientes-administrativos\\\/#breadcrumb\",\"itemListElement\":[{\"@type\":\"ListItem\",\"position\":1,\"name\":\"Inicio\",\"item\":\"https:\\\/\\\/patagoniambiental.com.ar\\\/info\\\/\"},{\"@type\":\"ListItem\",\"position\":2,\"name\":\"LA PAMPA: La justicia de la Provincia de La Pampa comenz\u00f3 con la digitalizaci\u00f3n de los expedientes administrativos\"}]},{\"@type\":\"WebSite\",\"@id\":\"https:\\\/\\\/patagoniambiental.com.ar\\\/info\\\/#website\",\"url\":\"https:\\\/\\\/patagoniambiental.com.ar\\\/info\\\/\",\"name\":\"Patagonia Ambiental\",\"description\":\"Monitoreo y an\u00e1lisis de la situaci\u00f3n geopol\u00edtica en el mundo y su implicancia en la Patagonia\",\"publisher\":{\"@id\":\"https:\\\/\\\/patagoniambiental.com.ar\\\/info\\\/#organization\"},\"potentialAction\":[{\"@type\":\"SearchAction\",\"target\":{\"@type\":\"EntryPoint\",\"urlTemplate\":\"https:\\\/\\\/patagoniambiental.com.ar\\\/info\\\/?s={search_term_string}\"},\"query-input\":{\"@type\":\"PropertyValueSpecification\",\"valueRequired\":true,\"valueName\":\"search_term_string\"}}],\"inLanguage\":\"es\"},{\"@type\":\"Organization\",\"@id\":\"https:\\\/\\\/patagoniambiental.com.ar\\\/info\\\/#organization\",\"name\":\"Patagonia Ambiental\",\"url\":\"https:\\\/\\\/patagoniambiental.com.ar\\\/info\\\/\",\"logo\":{\"@type\":\"ImageObject\",\"inLanguage\":\"es\",\"@id\":\"https:\\\/\\\/patagoniambiental.com.ar\\\/info\\\/#\\\/schema\\\/logo\\\/image\\\/\",\"url\":\"https:\\\/\\\/patagoniambiental.com.ar\\\/info\\\/wp-content\\\/uploads\\\/2025\\\/05\\\/LOGO-PATAGONIA-AMBIENTAL.png\",\"contentUrl\":\"https:\\\/\\\/patagoniambiental.com.ar\\\/info\\\/wp-content\\\/uploads\\\/2025\\\/05\\\/LOGO-PATAGONIA-AMBIENTAL.png\",\"width\":433,\"height\":250,\"caption\":\"Patagonia Ambiental\"},\"image\":{\"@id\":\"https:\\\/\\\/patagoniambiental.com.ar\\\/info\\\/#\\\/schema\\\/logo\\\/image\\\/\"},\"sameAs\":[\"https:\\\/\\\/www.facebook.com\\\/patagonia.ambiental\",\"https:\\\/\\\/x.com\\\/PatAmb\"]},{\"@type\":\"Person\",\"@id\":\"https:\\\/\\\/patagoniambiental.com.ar\\\/info\\\/#\\\/schema\\\/person\\\/e5af09d700b2e82cb10c6b8800e0c691\",\"name\":\"BRAIAN ESTEVEZ\",\"sameAs\":[\"http:\\\/\\\/www.patagoniambiental.com.ar\"]}]}<\/script>\n<!-- \/ Yoast SEO Premium plugin. -->","yoast_head_json":{"title":"LA PAMPA: La justicia de la Provincia de La Pampa comenz\u00f3 con la digitalizaci\u00f3n de los expedientes administrativos","robots":{"index":"index","follow":"follow","max-snippet":"max-snippet:-1","max-image-preview":"max-image-preview:large","max-video-preview":"max-video-preview:-1"},"canonical":"https:\/\/patagoniambiental.com.ar\/info\/la-pampa-la-justicia-de-la-provincia-de-la-pampa-comenzo-con-la-digitalizacion-de-los-expedientes-administrativos\/","og_locale":"es_ES","og_type":"article","og_title":"LA PAMPA: La justicia de la Provincia de La Pampa comenz\u00f3 con la digitalizaci\u00f3n de los expedientes administrativos","og_url":"https:\/\/patagoniambiental.com.ar\/info\/la-pampa-la-justicia-de-la-provincia-de-la-pampa-comenzo-con-la-digitalizacion-de-los-expedientes-administrativos\/","og_site_name":"Patagonia Ambiental","article_publisher":"https:\/\/www.facebook.com\/patagonia.ambiental","article_published_time":"2021-08-10T10:00:00+00:00","og_image":[{"width":768,"height":499,"url":"https:\/\/patagoniambiental.com.ar\/info\/wp-content\/uploads\/2021\/08\/61104b3648768DIGITALIZACIONEXPEDIENTES.jpg","type":"image\/jpeg"}],"author":"BRAIAN ESTEVEZ","twitter_card":"summary_large_image","twitter_creator":"@PatAmb","twitter_site":"@PatAmb","schema":{"@context":"https:\/\/schema.org","@graph":[{"@type":"Article","@id":"https:\/\/patagoniambiental.com.ar\/info\/la-pampa-la-justicia-de-la-provincia-de-la-pampa-comenzo-con-la-digitalizacion-de-los-expedientes-administrativos\/#article","isPartOf":{"@id":"https:\/\/patagoniambiental.com.ar\/info\/la-pampa-la-justicia-de-la-provincia-de-la-pampa-comenzo-con-la-digitalizacion-de-los-expedientes-administrativos\/"},"author":{"name":"BRAIAN ESTEVEZ","@id":"https:\/\/patagoniambiental.com.ar\/info\/#\/schema\/person\/e5af09d700b2e82cb10c6b8800e0c691"},"headline":"LA PAMPA: La justicia de la Provincia de La Pampa comenz\u00f3 con la digitalizaci\u00f3n de los expedientes administrativos","datePublished":"2021-08-10T10:00:00+00:00","mainEntityOfPage":{"@id":"https:\/\/patagoniambiental.com.ar\/info\/la-pampa-la-justicia-de-la-provincia-de-la-pampa-comenzo-con-la-digitalizacion-de-los-expedientes-administrativos\/"},"wordCount":722,"commentCount":0,"publisher":{"@id":"https:\/\/patagoniambiental.com.ar\/info\/#organization"},"image":{"@id":"https:\/\/patagoniambiental.com.ar\/info\/la-pampa-la-justicia-de-la-provincia-de-la-pampa-comenzo-con-la-digitalizacion-de-los-expedientes-administrativos\/#primaryimage"},"thumbnailUrl":"https:\/\/patagoniambiental.com.ar\/info\/wp-content\/uploads\/2021\/08\/61104b3648768DIGITALIZACIONEXPEDIENTES.jpg","articleSection":["GIRSU","La Pampa","Noticias","Provinciales"],"inLanguage":"es","potentialAction":[{"@type":"CommentAction","name":"Comment","target":["https:\/\/patagoniambiental.com.ar\/info\/la-pampa-la-justicia-de-la-provincia-de-la-pampa-comenzo-con-la-digitalizacion-de-los-expedientes-administrativos\/#respond"]}]},{"@type":"WebPage","@id":"https:\/\/patagoniambiental.com.ar\/info\/la-pampa-la-justicia-de-la-provincia-de-la-pampa-comenzo-con-la-digitalizacion-de-los-expedientes-administrativos\/","url":"https:\/\/patagoniambiental.com.ar\/info\/la-pampa-la-justicia-de-la-provincia-de-la-pampa-comenzo-con-la-digitalizacion-de-los-expedientes-administrativos\/","name":"LA PAMPA: La justicia de la Provincia de La Pampa comenz\u00f3 con la digitalizaci\u00f3n de los expedientes administrativos","isPartOf":{"@id":"https:\/\/patagoniambiental.com.ar\/info\/#website"},"primaryImageOfPage":{"@id":"https:\/\/patagoniambiental.com.ar\/info\/la-pampa-la-justicia-de-la-provincia-de-la-pampa-comenzo-con-la-digitalizacion-de-los-expedientes-administrativos\/#primaryimage"},"image":{"@id":"https:\/\/patagoniambiental.com.ar\/info\/la-pampa-la-justicia-de-la-provincia-de-la-pampa-comenzo-con-la-digitalizacion-de-los-expedientes-administrativos\/#primaryimage"},"thumbnailUrl":"https:\/\/patagoniambiental.com.ar\/info\/wp-content\/uploads\/2021\/08\/61104b3648768DIGITALIZACIONEXPEDIENTES.jpg","datePublished":"2021-08-10T10:00:00+00:00","breadcrumb":{"@id":"https:\/\/patagoniambiental.com.ar\/info\/la-pampa-la-justicia-de-la-provincia-de-la-pampa-comenzo-con-la-digitalizacion-de-los-expedientes-administrativos\/#breadcrumb"},"inLanguage":"es","potentialAction":[{"@type":"ReadAction","target":["https:\/\/patagoniambiental.com.ar\/info\/la-pampa-la-justicia-de-la-provincia-de-la-pampa-comenzo-con-la-digitalizacion-de-los-expedientes-administrativos\/"]}]},{"@type":"ImageObject","inLanguage":"es","@id":"https:\/\/patagoniambiental.com.ar\/info\/la-pampa-la-justicia-de-la-provincia-de-la-pampa-comenzo-con-la-digitalizacion-de-los-expedientes-administrativos\/#primaryimage","url":"https:\/\/patagoniambiental.com.ar\/info\/wp-content\/uploads\/2021\/08\/61104b3648768DIGITALIZACIONEXPEDIENTES.jpg","contentUrl":"https:\/\/patagoniambiental.com.ar\/info\/wp-content\/uploads\/2021\/08\/61104b3648768DIGITALIZACIONEXPEDIENTES.jpg","width":768,"height":499},{"@type":"BreadcrumbList","@id":"https:\/\/patagoniambiental.com.ar\/info\/la-pampa-la-justicia-de-la-provincia-de-la-pampa-comenzo-con-la-digitalizacion-de-los-expedientes-administrativos\/#breadcrumb","itemListElement":[{"@type":"ListItem","position":1,"name":"Inicio","item":"https:\/\/patagoniambiental.com.ar\/info\/"},{"@type":"ListItem","position":2,"name":"LA PAMPA: La justicia de la Provincia de La Pampa comenz\u00f3 con la digitalizaci\u00f3n de los expedientes administrativos"}]},{"@type":"WebSite","@id":"https:\/\/patagoniambiental.com.ar\/info\/#website","url":"https:\/\/patagoniambiental.com.ar\/info\/","name":"Patagonia Ambiental","description":"Monitoreo y an\u00e1lisis de la situaci\u00f3n geopol\u00edtica en el mundo y su implicancia en la Patagonia","publisher":{"@id":"https:\/\/patagoniambiental.com.ar\/info\/#organization"},"potentialAction":[{"@type":"SearchAction","target":{"@type":"EntryPoint","urlTemplate":"https:\/\/patagoniambiental.com.ar\/info\/?s={search_term_string}"},"query-input":{"@type":"PropertyValueSpecification","valueRequired":true,"valueName":"search_term_string"}}],"inLanguage":"es"},{"@type":"Organization","@id":"https:\/\/patagoniambiental.com.ar\/info\/#organization","name":"Patagonia Ambiental","url":"https:\/\/patagoniambiental.com.ar\/info\/","logo":{"@type":"ImageObject","inLanguage":"es","@id":"https:\/\/patagoniambiental.com.ar\/info\/#\/schema\/logo\/image\/","url":"https:\/\/patagoniambiental.com.ar\/info\/wp-content\/uploads\/2025\/05\/LOGO-PATAGONIA-AMBIENTAL.png","contentUrl":"https:\/\/patagoniambiental.com.ar\/info\/wp-content\/uploads\/2025\/05\/LOGO-PATAGONIA-AMBIENTAL.png","width":433,"height":250,"caption":"Patagonia Ambiental"},"image":{"@id":"https:\/\/patagoniambiental.com.ar\/info\/#\/schema\/logo\/image\/"},"sameAs":["https:\/\/www.facebook.com\/patagonia.ambiental","https:\/\/x.com\/PatAmb"]},{"@type":"Person","@id":"https:\/\/patagoniambiental.com.ar\/info\/#\/schema\/person\/e5af09d700b2e82cb10c6b8800e0c691","name":"BRAIAN ESTEVEZ","sameAs":["http:\/\/www.patagoniambiental.com.ar"]}]}},"_links":{"self":[{"href":"https:\/\/patagoniambiental.com.ar\/info\/wp-json\/wp\/v2\/posts\/73742","targetHints":{"allow":["GET"]}}],"collection":[{"href":"https:\/\/patagoniambiental.com.ar\/info\/wp-json\/wp\/v2\/posts"}],"about":[{"href":"https:\/\/patagoniambiental.com.ar\/info\/wp-json\/wp\/v2\/types\/post"}],"author":[{"embeddable":true,"href":"https:\/\/patagoniambiental.com.ar\/info\/wp-json\/wp\/v2\/users\/6"}],"replies":[{"embeddable":true,"href":"https:\/\/patagoniambiental.com.ar\/info\/wp-json\/wp\/v2\/comments?post=73742"}],"version-history":[{"count":0,"href":"https:\/\/patagoniambiental.com.ar\/info\/wp-json\/wp\/v2\/posts\/73742\/revisions"}],"wp:featuredmedia":[{"embeddable":true,"href":"https:\/\/patagoniambiental.com.ar\/info\/wp-json\/wp\/v2\/media\/73743"}],"wp:attachment":[{"href":"https:\/\/patagoniambiental.com.ar\/info\/wp-json\/wp\/v2\/media?parent=73742"}],"wp:term":[{"taxonomy":"category","embeddable":true,"href":"https:\/\/patagoniambiental.com.ar\/info\/wp-json\/wp\/v2\/categories?post=73742"},{"taxonomy":"post_tag","embeddable":true,"href":"https:\/\/patagoniambiental.com.ar\/info\/wp-json\/wp\/v2\/tags?post=73742"}],"curies":[{"name":"wp","href":"https:\/\/api.w.org\/{rel}","templated":true}]}}