{"id":73752,"date":"2021-08-11T07:00:00","date_gmt":"2021-08-11T10:00:00","guid":{"rendered":"http:\/\/patagoniambiental.com.ar\/info\/?p=73752"},"modified":"2021-08-10T21:08:09","modified_gmt":"2021-08-11T00:08:09","slug":"conformaron-la-mesa-de-consenso-bariloche-para-abordar-el-otorgamiento-de-tierras","status":"publish","type":"post","link":"https:\/\/patagoniambiental.com.ar\/info\/conformaron-la-mesa-de-consenso-bariloche-para-abordar-el-otorgamiento-de-tierras\/","title":{"rendered":"Conformaron \u201cLa Mesa de Consenso Bariloche\u201d para abordar el otorgamiento de tierras"},"content":{"rendered":"\n<!--more-->\n\n\n\n<h3 class=\"wp-block-heading\">El pr\u00f3ximo 25 de agosto organizan un encuentro con la presencia de expertos, autoridades, legisladores, vecinos y otros referentes.<\/h3>\n\n\n\n<p><\/p>\n\n\n\n<figure class=\"wp-block-image\"><img decoding=\"async\" src=\"https:\/\/anbariloche1.cdn.net.ar\/252\/anbariloche\/images\/89\/48\/894875_3326064de5ef1800519e4600ed86d903cdc0d6e63aa8e41c89689f54970bb35f\/md.webp\" alt=\"Conformaron \u201cLa Mesa de Consenso Bariloche\u201d para abordar el otorgamiento de tierras\" title=\"Conformaron \u201cLa Mesa de Consenso Bariloche\u201d para abordar el otorgamiento de tierras\"\/><\/figure>\n\n\n\n<p>Representantes de las juntas vecinales de Villa Mascardi, P\u00e1jaro Azul, Nahuel Malal y Lao Llao, representantes de la C\u00e1mara de Comercio, Industria, Turismo, Servicios y Productos de Bariloche, la C\u00e1mara de Turismo de Bariloche, la Asociaci\u00f3n Empresaria Hotelera Gastron\u00f3mica de Bariloche, la Sociedad Rural de Bariloche y el Club Los Pehuenes se unieron para crear un espacio de di\u00e1logo y trabajo conjunto focalizado en \u201cla inminente p\u00e9rdida de grandes extensiones de tierras de uso p\u00fablico\u201d, expresaron en su primer comunicado.<\/p>\n\n\n\n<p>Adem\u00e1s, se\u00f1alaron que \u201ccausa especial preocupaci\u00f3n el proceso de reconocimiento de la ocupaci\u00f3n de 2.900 hect\u00e1reas que actualmente tiene en custodia el Ej\u00e9rcito Argentino, donde est\u00e1 proyectada la construcci\u00f3n del Parque Central\u201d.<\/p>\n\n\n\n<p>Los participantes manifestaron la importancia de \u201cpreservar las tierras p\u00fablicas \u00e2\u20ac\u2019en custodia del Ej\u00e9rcito Argentino y de Parques Nacionales\u00e2\u20ac\u2019para garantizar el uso y disfrute de habitantes y visitantes de Bariloche\u201d. Tambi\u00e9n coincidieron en la necesidad de \u201cdefender la preservaci\u00f3n ambiental y del espacio p\u00fablico, de los bosques y de la flora y fauna aut\u00f3ctona, rechazando los actos de violencia que afectan la convivencia y comprometen a la industria tur\u00edstica, principal fuente de empleo y motor econ\u00f3mico de la comunidad\u201d.<\/p>\n\n\n\n<p>En este contexto, la&nbsp;<em>Mesa de Consenso de Bariloche defini\u00f3 los siguientes objetivos conjuntos: \u201c<\/em>Asegurar la condici\u00f3n jur\u00eddica de las tierras p\u00fablicas de Bariloche y el libre acceso, uso y goce de dichas tierras, atractivo tur\u00edstico y fuente de trabajo y desarrollo de nuestra comunidad; promover el libre acceso a la informaci\u00f3n p\u00fablica en materia de otorgamiento de tierras; llevar adelante acciones de visibilizaci\u00f3n e identificaci\u00f3n de tierras p\u00fablicas destinadas al uso recreativo, deportivo, cultural y social por la comunidad de Bariloche y quienes la visitan; concretar acciones de protecci\u00f3n, cuidado y prevenci\u00f3n del medioambiente de Bariloche y sus alrededores\u201d.<\/p>\n\n\n\n<p>Como primera acci\u00f3n p\u00fablica, la Mesa resolvi\u00f3 realizar el Foro Consenso Bariloche como un espacio de intercambio en el que estar\u00e1n presentes diferentes actores de la comunidad.<\/p>\n\n\n\n<p>Este encuentro tendr\u00e1 lugar el pr\u00f3ximo mi\u00e9rcoles 25 de agosto de 9.30 a 16.30 hs en el Sal\u00f3n El Tehuelches del hotel Cacique Inacayal.<\/p>\n\n\n\n<p>Fuente: https:\/\/www.anbariloche.com.ar\/noticias\/2021\/08\/09\/81448-conformaron-la-mesa-de-conceso-bariloche-para-abordar-el-otorgamiento-de-tierras<\/p>\n","protected":false},"excerpt":{"rendered":"","protected":false},"author":6,"featured_media":73753,"comment_status":"open","ping_status":"open","sticky":false,"template":"","format":"standard","meta":{"site-sidebar-layout":"default","site-content-layout":"","ast-site-content-layout":"default","site-content-style":"default","site-sidebar-style":"default","ast-global-header-display":"","ast-banner-title-visibility":"","ast-main-header-display":"","ast-hfb-above-header-display":"","ast-hfb-below-header-display":"","ast-hfb-mobile-header-display":"","site-post-title":"","ast-breadcrumbs-content":"","ast-featured-img":"","footer-sml-layout":"","ast-disable-related-posts":"","theme-transparent-header-meta":"","adv-header-id-meta":"","stick-header-meta":"","header-above-stick-meta":"","header-main-stick-meta":"","header-below-stick-meta":"","astra-migrate-meta-layouts":"default","ast-page-background-enabled":"default","ast-page-background-meta":{"desktop":{"background-color":"var(--ast-global-color-5)","background-image":"","background-repeat":"repeat","background-position":"center center","background-size":"auto","background-attachment":"scroll","background-type":"","background-media":"","overlay-type":"","overlay-color":"","overlay-opacity":"","overlay-gradient":""},"tablet":{"background-color":"","background-image":"","background-repeat":"repeat","background-position":"center center","background-size":"auto","background-attachment":"scroll","background-type":"","background-media":"","overlay-type":"","overlay-color":"","overlay-opacity":"","overlay-gradient":""},"mobile":{"background-color":"","background-image":"","background-repeat":"repeat","background-position":"center center","background-size":"auto","background-attachment":"scroll","background-type":"","background-media":"","overlay-type":"","overlay-color":"","overlay-opacity":"","overlay-gradient":""}},"ast-content-background-meta":{"desktop":{"background-color":"var(--ast-global-color-4)","background-image":"","background-repeat":"repeat","background-position":"center center","background-size":"auto","background-attachment":"scroll","background-type":"","background-media":"","overlay-type":"","overlay-color":"","overlay-opacity":"","overlay-gradient":""},"tablet":{"background-color":"var(--ast-global-color-4)","background-image":"","background-repeat":"repeat","background-position":"center center","background-size":"auto","background-attachment":"scroll","background-type":"","background-media":"","overlay-type":"","overlay-color":"","overlay-opacity":"","overlay-gradient":""},"mobile":{"background-color":"var(--ast-global-color-4)","background-image":"","background-repeat":"repeat","background-position":"center center","background-size":"auto","background-attachment":"scroll","background-type":"","background-media":"","overlay-type":"","overlay-color":"","overlay-opacity":"","overlay-gradient":""}},"footnotes":""},"categories":[1,13,14],"tags":[],"class_list":["post-73752","post","type-post","status-publish","format-standard","has-post-thumbnail","hentry","category-noticias","category-provinciales","category-rio-negro"],"yoast_head":"<!-- This site is optimized with the Yoast SEO Premium plugin v23.0 (Yoast SEO v27.5) - https:\/\/yoast.com\/product\/yoast-seo-premium-wordpress\/ -->\n<title>Conformaron \u201cLa Mesa de Consenso Bariloche\u201d para abordar el otorgamiento de tierras<\/title>\n<meta name=\"robots\" content=\"index, follow, max-snippet:-1, max-image-preview:large, max-video-preview:-1\" \/>\n<link rel=\"canonical\" href=\"https:\/\/patagoniambiental.com.ar\/info\/conformaron-la-mesa-de-consenso-bariloche-para-abordar-el-otorgamiento-de-tierras\/\" \/>\n<meta property=\"og:locale\" content=\"es_ES\" \/>\n<meta property=\"og:type\" content=\"article\" \/>\n<meta property=\"og:title\" content=\"Conformaron \u201cLa Mesa de Consenso Bariloche\u201d para abordar el otorgamiento de tierras\" \/>\n<meta property=\"og:url\" content=\"https:\/\/patagoniambiental.com.ar\/info\/conformaron-la-mesa-de-consenso-bariloche-para-abordar-el-otorgamiento-de-tierras\/\" \/>\n<meta property=\"og:site_name\" content=\"Patagonia Ambiental\" \/>\n<meta property=\"article:publisher\" content=\"https:\/\/www.facebook.com\/patagonia.ambiental\" \/>\n<meta property=\"article:published_time\" content=\"2021-08-11T10:00:00+00:00\" \/>\n<meta property=\"og:image\" content=\"https:\/\/patagoniambiental.com.ar\/info\/wp-content\/uploads\/2021\/08\/Sin-titulo-5.jpg\" \/>\n\t<meta property=\"og:image:width\" content=\"870\" \/>\n\t<meta property=\"og:image:height\" content=\"461\" \/>\n\t<meta property=\"og:image:type\" content=\"image\/jpeg\" \/>\n<meta name=\"author\" content=\"BRAIAN ESTEVEZ\" \/>\n<meta name=\"twitter:card\" content=\"summary_large_image\" \/>\n<meta name=\"twitter:creator\" content=\"@PatAmb\" \/>\n<meta name=\"twitter:site\" content=\"@PatAmb\" \/>\n<script type=\"application\/ld+json\" class=\"yoast-schema-graph\">{\"@context\":\"https:\\\/\\\/schema.org\",\"@graph\":[{\"@type\":\"Article\",\"@id\":\"https:\\\/\\\/patagoniambiental.com.ar\\\/info\\\/conformaron-la-mesa-de-consenso-bariloche-para-abordar-el-otorgamiento-de-tierras\\\/#article\",\"isPartOf\":{\"@id\":\"https:\\\/\\\/patagoniambiental.com.ar\\\/info\\\/conformaron-la-mesa-de-consenso-bariloche-para-abordar-el-otorgamiento-de-tierras\\\/\"},\"author\":{\"name\":\"BRAIAN ESTEVEZ\",\"@id\":\"https:\\\/\\\/patagoniambiental.com.ar\\\/info\\\/#\\\/schema\\\/person\\\/e5af09d700b2e82cb10c6b8800e0c691\"},\"headline\":\"Conformaron \u201cLa Mesa de Consenso Bariloche\u201d para abordar el otorgamiento de tierras\",\"datePublished\":\"2021-08-11T10:00:00+00:00\",\"mainEntityOfPage\":{\"@id\":\"https:\\\/\\\/patagoniambiental.com.ar\\\/info\\\/conformaron-la-mesa-de-consenso-bariloche-para-abordar-el-otorgamiento-de-tierras\\\/\"},\"wordCount\":419,\"commentCount\":0,\"publisher\":{\"@id\":\"https:\\\/\\\/patagoniambiental.com.ar\\\/info\\\/#organization\"},\"image\":{\"@id\":\"https:\\\/\\\/patagoniambiental.com.ar\\\/info\\\/conformaron-la-mesa-de-consenso-bariloche-para-abordar-el-otorgamiento-de-tierras\\\/#primaryimage\"},\"thumbnailUrl\":\"https:\\\/\\\/patagoniambiental.com.ar\\\/info\\\/wp-content\\\/uploads\\\/2021\\\/08\\\/Sin-titulo-5.jpg\",\"articleSection\":[\"Noticias\",\"Provinciales\",\"R\u00edo Negro\"],\"inLanguage\":\"es\",\"potentialAction\":[{\"@type\":\"CommentAction\",\"name\":\"Comment\",\"target\":[\"https:\\\/\\\/patagoniambiental.com.ar\\\/info\\\/conformaron-la-mesa-de-consenso-bariloche-para-abordar-el-otorgamiento-de-tierras\\\/#respond\"]}]},{\"@type\":\"WebPage\",\"@id\":\"https:\\\/\\\/patagoniambiental.com.ar\\\/info\\\/conformaron-la-mesa-de-consenso-bariloche-para-abordar-el-otorgamiento-de-tierras\\\/\",\"url\":\"https:\\\/\\\/patagoniambiental.com.ar\\\/info\\\/conformaron-la-mesa-de-consenso-bariloche-para-abordar-el-otorgamiento-de-tierras\\\/\",\"name\":\"Conformaron \u201cLa Mesa de Consenso Bariloche\u201d para abordar el otorgamiento de tierras\",\"isPartOf\":{\"@id\":\"https:\\\/\\\/patagoniambiental.com.ar\\\/info\\\/#website\"},\"primaryImageOfPage\":{\"@id\":\"https:\\\/\\\/patagoniambiental.com.ar\\\/info\\\/conformaron-la-mesa-de-consenso-bariloche-para-abordar-el-otorgamiento-de-tierras\\\/#primaryimage\"},\"image\":{\"@id\":\"https:\\\/\\\/patagoniambiental.com.ar\\\/info\\\/conformaron-la-mesa-de-consenso-bariloche-para-abordar-el-otorgamiento-de-tierras\\\/#primaryimage\"},\"thumbnailUrl\":\"https:\\\/\\\/patagoniambiental.com.ar\\\/info\\\/wp-content\\\/uploads\\\/2021\\\/08\\\/Sin-titulo-5.jpg\",\"datePublished\":\"2021-08-11T10:00:00+00:00\",\"breadcrumb\":{\"@id\":\"https:\\\/\\\/patagoniambiental.com.ar\\\/info\\\/conformaron-la-mesa-de-consenso-bariloche-para-abordar-el-otorgamiento-de-tierras\\\/#breadcrumb\"},\"inLanguage\":\"es\",\"potentialAction\":[{\"@type\":\"ReadAction\",\"target\":[\"https:\\\/\\\/patagoniambiental.com.ar\\\/info\\\/conformaron-la-mesa-de-consenso-bariloche-para-abordar-el-otorgamiento-de-tierras\\\/\"]}]},{\"@type\":\"ImageObject\",\"inLanguage\":\"es\",\"@id\":\"https:\\\/\\\/patagoniambiental.com.ar\\\/info\\\/conformaron-la-mesa-de-consenso-bariloche-para-abordar-el-otorgamiento-de-tierras\\\/#primaryimage\",\"url\":\"https:\\\/\\\/patagoniambiental.com.ar\\\/info\\\/wp-content\\\/uploads\\\/2021\\\/08\\\/Sin-titulo-5.jpg\",\"contentUrl\":\"https:\\\/\\\/patagoniambiental.com.ar\\\/info\\\/wp-content\\\/uploads\\\/2021\\\/08\\\/Sin-titulo-5.jpg\",\"width\":870,\"height\":461},{\"@type\":\"BreadcrumbList\",\"@id\":\"https:\\\/\\\/patagoniambiental.com.ar\\\/info\\\/conformaron-la-mesa-de-consenso-bariloche-para-abordar-el-otorgamiento-de-tierras\\\/#breadcrumb\",\"itemListElement\":[{\"@type\":\"ListItem\",\"position\":1,\"name\":\"Inicio\",\"item\":\"https:\\\/\\\/patagoniambiental.com.ar\\\/info\\\/\"},{\"@type\":\"ListItem\",\"position\":2,\"name\":\"Conformaron \u201cLa Mesa de Consenso Bariloche\u201d para abordar el otorgamiento de tierras\"}]},{\"@type\":\"WebSite\",\"@id\":\"https:\\\/\\\/patagoniambiental.com.ar\\\/info\\\/#website\",\"url\":\"https:\\\/\\\/patagoniambiental.com.ar\\\/info\\\/\",\"name\":\"Patagonia Ambiental\",\"description\":\"Monitoreo y an\u00e1lisis de la situaci\u00f3n geopol\u00edtica en el mundo y su implicancia en la Patagonia\",\"publisher\":{\"@id\":\"https:\\\/\\\/patagoniambiental.com.ar\\\/info\\\/#organization\"},\"potentialAction\":[{\"@type\":\"SearchAction\",\"target\":{\"@type\":\"EntryPoint\",\"urlTemplate\":\"https:\\\/\\\/patagoniambiental.com.ar\\\/info\\\/?s={search_term_string}\"},\"query-input\":{\"@type\":\"PropertyValueSpecification\",\"valueRequired\":true,\"valueName\":\"search_term_string\"}}],\"inLanguage\":\"es\"},{\"@type\":\"Organization\",\"@id\":\"https:\\\/\\\/patagoniambiental.com.ar\\\/info\\\/#organization\",\"name\":\"Patagonia Ambiental\",\"url\":\"https:\\\/\\\/patagoniambiental.com.ar\\\/info\\\/\",\"logo\":{\"@type\":\"ImageObject\",\"inLanguage\":\"es\",\"@id\":\"https:\\\/\\\/patagoniambiental.com.ar\\\/info\\\/#\\\/schema\\\/logo\\\/image\\\/\",\"url\":\"https:\\\/\\\/patagoniambiental.com.ar\\\/info\\\/wp-content\\\/uploads\\\/2025\\\/05\\\/LOGO-PATAGONIA-AMBIENTAL.png\",\"contentUrl\":\"https:\\\/\\\/patagoniambiental.com.ar\\\/info\\\/wp-content\\\/uploads\\\/2025\\\/05\\\/LOGO-PATAGONIA-AMBIENTAL.png\",\"width\":433,\"height\":250,\"caption\":\"Patagonia Ambiental\"},\"image\":{\"@id\":\"https:\\\/\\\/patagoniambiental.com.ar\\\/info\\\/#\\\/schema\\\/logo\\\/image\\\/\"},\"sameAs\":[\"https:\\\/\\\/www.facebook.com\\\/patagonia.ambiental\",\"https:\\\/\\\/x.com\\\/PatAmb\"]},{\"@type\":\"Person\",\"@id\":\"https:\\\/\\\/patagoniambiental.com.ar\\\/info\\\/#\\\/schema\\\/person\\\/e5af09d700b2e82cb10c6b8800e0c691\",\"name\":\"BRAIAN ESTEVEZ\",\"sameAs\":[\"http:\\\/\\\/www.patagoniambiental.com.ar\"]}]}<\/script>\n<!-- \/ Yoast SEO Premium plugin. -->","yoast_head_json":{"title":"Conformaron \u201cLa Mesa de Consenso Bariloche\u201d para abordar el otorgamiento de tierras","robots":{"index":"index","follow":"follow","max-snippet":"max-snippet:-1","max-image-preview":"max-image-preview:large","max-video-preview":"max-video-preview:-1"},"canonical":"https:\/\/patagoniambiental.com.ar\/info\/conformaron-la-mesa-de-consenso-bariloche-para-abordar-el-otorgamiento-de-tierras\/","og_locale":"es_ES","og_type":"article","og_title":"Conformaron \u201cLa Mesa de Consenso Bariloche\u201d para abordar el otorgamiento de tierras","og_url":"https:\/\/patagoniambiental.com.ar\/info\/conformaron-la-mesa-de-consenso-bariloche-para-abordar-el-otorgamiento-de-tierras\/","og_site_name":"Patagonia Ambiental","article_publisher":"https:\/\/www.facebook.com\/patagonia.ambiental","article_published_time":"2021-08-11T10:00:00+00:00","og_image":[{"width":870,"height":461,"url":"https:\/\/patagoniambiental.com.ar\/info\/wp-content\/uploads\/2021\/08\/Sin-titulo-5.jpg","type":"image\/jpeg"}],"author":"BRAIAN ESTEVEZ","twitter_card":"summary_large_image","twitter_creator":"@PatAmb","twitter_site":"@PatAmb","schema":{"@context":"https:\/\/schema.org","@graph":[{"@type":"Article","@id":"https:\/\/patagoniambiental.com.ar\/info\/conformaron-la-mesa-de-consenso-bariloche-para-abordar-el-otorgamiento-de-tierras\/#article","isPartOf":{"@id":"https:\/\/patagoniambiental.com.ar\/info\/conformaron-la-mesa-de-consenso-bariloche-para-abordar-el-otorgamiento-de-tierras\/"},"author":{"name":"BRAIAN ESTEVEZ","@id":"https:\/\/patagoniambiental.com.ar\/info\/#\/schema\/person\/e5af09d700b2e82cb10c6b8800e0c691"},"headline":"Conformaron \u201cLa Mesa de Consenso Bariloche\u201d para abordar el otorgamiento de tierras","datePublished":"2021-08-11T10:00:00+00:00","mainEntityOfPage":{"@id":"https:\/\/patagoniambiental.com.ar\/info\/conformaron-la-mesa-de-consenso-bariloche-para-abordar-el-otorgamiento-de-tierras\/"},"wordCount":419,"commentCount":0,"publisher":{"@id":"https:\/\/patagoniambiental.com.ar\/info\/#organization"},"image":{"@id":"https:\/\/patagoniambiental.com.ar\/info\/conformaron-la-mesa-de-consenso-bariloche-para-abordar-el-otorgamiento-de-tierras\/#primaryimage"},"thumbnailUrl":"https:\/\/patagoniambiental.com.ar\/info\/wp-content\/uploads\/2021\/08\/Sin-titulo-5.jpg","articleSection":["Noticias","Provinciales","R\u00edo Negro"],"inLanguage":"es","potentialAction":[{"@type":"CommentAction","name":"Comment","target":["https:\/\/patagoniambiental.com.ar\/info\/conformaron-la-mesa-de-consenso-bariloche-para-abordar-el-otorgamiento-de-tierras\/#respond"]}]},{"@type":"WebPage","@id":"https:\/\/patagoniambiental.com.ar\/info\/conformaron-la-mesa-de-consenso-bariloche-para-abordar-el-otorgamiento-de-tierras\/","url":"https:\/\/patagoniambiental.com.ar\/info\/conformaron-la-mesa-de-consenso-bariloche-para-abordar-el-otorgamiento-de-tierras\/","name":"Conformaron \u201cLa Mesa de Consenso Bariloche\u201d para abordar el otorgamiento de tierras","isPartOf":{"@id":"https:\/\/patagoniambiental.com.ar\/info\/#website"},"primaryImageOfPage":{"@id":"https:\/\/patagoniambiental.com.ar\/info\/conformaron-la-mesa-de-consenso-bariloche-para-abordar-el-otorgamiento-de-tierras\/#primaryimage"},"image":{"@id":"https:\/\/patagoniambiental.com.ar\/info\/conformaron-la-mesa-de-consenso-bariloche-para-abordar-el-otorgamiento-de-tierras\/#primaryimage"},"thumbnailUrl":"https:\/\/patagoniambiental.com.ar\/info\/wp-content\/uploads\/2021\/08\/Sin-titulo-5.jpg","datePublished":"2021-08-11T10:00:00+00:00","breadcrumb":{"@id":"https:\/\/patagoniambiental.com.ar\/info\/conformaron-la-mesa-de-consenso-bariloche-para-abordar-el-otorgamiento-de-tierras\/#breadcrumb"},"inLanguage":"es","potentialAction":[{"@type":"ReadAction","target":["https:\/\/patagoniambiental.com.ar\/info\/conformaron-la-mesa-de-consenso-bariloche-para-abordar-el-otorgamiento-de-tierras\/"]}]},{"@type":"ImageObject","inLanguage":"es","@id":"https:\/\/patagoniambiental.com.ar\/info\/conformaron-la-mesa-de-consenso-bariloche-para-abordar-el-otorgamiento-de-tierras\/#primaryimage","url":"https:\/\/patagoniambiental.com.ar\/info\/wp-content\/uploads\/2021\/08\/Sin-titulo-5.jpg","contentUrl":"https:\/\/patagoniambiental.com.ar\/info\/wp-content\/uploads\/2021\/08\/Sin-titulo-5.jpg","width":870,"height":461},{"@type":"BreadcrumbList","@id":"https:\/\/patagoniambiental.com.ar\/info\/conformaron-la-mesa-de-consenso-bariloche-para-abordar-el-otorgamiento-de-tierras\/#breadcrumb","itemListElement":[{"@type":"ListItem","position":1,"name":"Inicio","item":"https:\/\/patagoniambiental.com.ar\/info\/"},{"@type":"ListItem","position":2,"name":"Conformaron \u201cLa Mesa de Consenso Bariloche\u201d para abordar el otorgamiento de tierras"}]},{"@type":"WebSite","@id":"https:\/\/patagoniambiental.com.ar\/info\/#website","url":"https:\/\/patagoniambiental.com.ar\/info\/","name":"Patagonia Ambiental","description":"Monitoreo y an\u00e1lisis de la situaci\u00f3n geopol\u00edtica en el mundo y su implicancia en la Patagonia","publisher":{"@id":"https:\/\/patagoniambiental.com.ar\/info\/#organization"},"potentialAction":[{"@type":"SearchAction","target":{"@type":"EntryPoint","urlTemplate":"https:\/\/patagoniambiental.com.ar\/info\/?s={search_term_string}"},"query-input":{"@type":"PropertyValueSpecification","valueRequired":true,"valueName":"search_term_string"}}],"inLanguage":"es"},{"@type":"Organization","@id":"https:\/\/patagoniambiental.com.ar\/info\/#organization","name":"Patagonia Ambiental","url":"https:\/\/patagoniambiental.com.ar\/info\/","logo":{"@type":"ImageObject","inLanguage":"es","@id":"https:\/\/patagoniambiental.com.ar\/info\/#\/schema\/logo\/image\/","url":"https:\/\/patagoniambiental.com.ar\/info\/wp-content\/uploads\/2025\/05\/LOGO-PATAGONIA-AMBIENTAL.png","contentUrl":"https:\/\/patagoniambiental.com.ar\/info\/wp-content\/uploads\/2025\/05\/LOGO-PATAGONIA-AMBIENTAL.png","width":433,"height":250,"caption":"Patagonia Ambiental"},"image":{"@id":"https:\/\/patagoniambiental.com.ar\/info\/#\/schema\/logo\/image\/"},"sameAs":["https:\/\/www.facebook.com\/patagonia.ambiental","https:\/\/x.com\/PatAmb"]},{"@type":"Person","@id":"https:\/\/patagoniambiental.com.ar\/info\/#\/schema\/person\/e5af09d700b2e82cb10c6b8800e0c691","name":"BRAIAN ESTEVEZ","sameAs":["http:\/\/www.patagoniambiental.com.ar"]}]}},"_links":{"self":[{"href":"https:\/\/patagoniambiental.com.ar\/info\/wp-json\/wp\/v2\/posts\/73752","targetHints":{"allow":["GET"]}}],"collection":[{"href":"https:\/\/patagoniambiental.com.ar\/info\/wp-json\/wp\/v2\/posts"}],"about":[{"href":"https:\/\/patagoniambiental.com.ar\/info\/wp-json\/wp\/v2\/types\/post"}],"author":[{"embeddable":true,"href":"https:\/\/patagoniambiental.com.ar\/info\/wp-json\/wp\/v2\/users\/6"}],"replies":[{"embeddable":true,"href":"https:\/\/patagoniambiental.com.ar\/info\/wp-json\/wp\/v2\/comments?post=73752"}],"version-history":[{"count":0,"href":"https:\/\/patagoniambiental.com.ar\/info\/wp-json\/wp\/v2\/posts\/73752\/revisions"}],"wp:featuredmedia":[{"embeddable":true,"href":"https:\/\/patagoniambiental.com.ar\/info\/wp-json\/wp\/v2\/media\/73753"}],"wp:attachment":[{"href":"https:\/\/patagoniambiental.com.ar\/info\/wp-json\/wp\/v2\/media?parent=73752"}],"wp:term":[{"taxonomy":"category","embeddable":true,"href":"https:\/\/patagoniambiental.com.ar\/info\/wp-json\/wp\/v2\/categories?post=73752"},{"taxonomy":"post_tag","embeddable":true,"href":"https:\/\/patagoniambiental.com.ar\/info\/wp-json\/wp\/v2\/tags?post=73752"}],"curies":[{"name":"wp","href":"https:\/\/api.w.org\/{rel}","templated":true}]}}