{"id":7378,"date":"2015-01-23T18:30:37","date_gmt":"2015-01-23T21:30:37","guid":{"rendered":"http:\/\/patagoniambiental.com.ar\/?p=7378"},"modified":"2015-01-23T18:30:37","modified_gmt":"2015-01-23T21:30:37","slug":"se-relaizo-el-2o-encuentro-cultural-de-los-pueblos-unidos-por-el-agua","status":"publish","type":"post","link":"https:\/\/patagoniambiental.com.ar\/info\/se-relaizo-el-2o-encuentro-cultural-de-los-pueblos-unidos-por-el-agua\/","title":{"rendered":"Se relaiz\u00f3 el 2\u00ba Encuentro cultural de los pueblos unidos por el agua"},"content":{"rendered":"<p style=\"text-align: justify;\">Caleta Olivia &#8211; El evento se realiz\u00f3 del 7 al 11 de enero en Los Antiguos, all\u00ed se present\u00f3 el balance sobre las distintas problem\u00e1ticas tratadas de este recurso vital.<!--more--><\/p>\n<p style=\"text-align: justify;\">\n<p style=\"text-align: justify;\">Las jornadas se llevaron adelante en la chacra Abya Yala, con diferentes actividades culturales como talleres vivenciales relacionados con la permacultura, papel reciclado, construcci\u00f3n natural, yoga y percusi\u00f3n; asimismo tuvieron lugar al escenario abierto presentaciones musicales de artistas de la regi\u00f3n.<\/p>\n<p style=\"text-align: justify;\">\n<p style=\"text-align: justify;\">En este sentido el s\u00e1bado 10, se realiz\u00f3 una intervenci\u00f3n art\u00edstica que tuvo inicio en la Plazoleta Malvinas Argentinas para luego marchar en la avenida principal en el marco del Festival Nacional de la Cereza con el objeto de hacer p\u00fablico el manifiesto de los pueblos unidos por el agua.<\/p>\n<p style=\"text-align: justify;\">\n<p style=\"text-align: justify;\">Por su parte, Guadalupe Nieto integrante del espacio se\u00f1al\u00f3: \u201cSomos un grupo de personas preocupadas y comprometidas con las diferentes problem\u00e1ticas que involucran al agua en nuestra regi\u00f3n. Nos convocamos de manera voluntaria, individual y apartidaria con el \u00fanico objetivo de defender los ecosistemas naturales y sus recursos para garantizar el bienestar de estas generaciones y las futuras.<\/p>\n<p style=\"text-align: justify;\">\n<p style=\"text-align: justify;\">Del encuentro participaron las localidades de Caleta Olivia, Los Antiguos, Las Heras, R\u00edo Turbio, Perito Moreno, R\u00edo Gallegos, entre otras, adem\u00e1s de ciudadanos del vecino pa\u00eds trasandino (Chile).<\/p>\n<p style=\"text-align: justify;\">\n<p style=\"text-align: justify;\">En ese contexto, se debati\u00f3 sobre las distintas problem\u00e1ticas que acontecen en la regi\u00f3n patag\u00f3nica tanto de Chile como de Argentina. Fueron dos asambleas de las cuales surgieron propuestas para una nueva pol\u00edtica de vida respetuosa con el medio ambiente para la b\u00fasqueda de posibles soluciones.<\/p>\n<p style=\"text-align: justify;\">\n<p style=\"text-align: justify;\">Entre los puntos destacados se expusieron diversos temas. La creaci\u00f3n del Parque Nacional en la meseta Lago Buenos Aires, creaci\u00f3n del acueducto de Lago Buenos Aires a Caleta Olivia, utilizaci\u00f3n de agro t\u00f3xicos, ecosistemas amenazados por la venta de terrenos privados, adem\u00e1s de las inquietudes por el basural, planta de agua y represas.<\/p>\n<p style=\"text-align: justify;\">\n<p style=\"text-align: justify;\">Finalizada la asamblea se form\u00f3 una subcomisi\u00f3n de trabajo para redactar el manifiesto final. La misma se puede apreciar en el face de la p\u00e1gina.<\/p>\n<p style=\"text-align: justify;\"><strong>\u00a0<\/strong><\/p>\n<p style=\"text-align: justify;\"><strong>Artistas invitados y agradecimientos <\/strong><\/p>\n<p style=\"text-align: justify;\">\n<p style=\"text-align: justify;\">Rock Murguero, Murga Franca Suburbano Rock, Dellepiane, Marcelo Monsalvo con malabares, Parley, Franco Gerez y Marceyaso (Caleta Olivia). Or\u00edgenes y Mat\u00edas el Bagualero (Los Antiguos), Naara Andariega y Percusi\u00f3n (Chile), Eduardo Guajardo (R\u00edo Turbio), Murga Locura Lashere\u00f1a, Tributo a Spinetta y Jazm\u00edn (Las Heras), Tanya Veloso (Perito Moreno) y La Tarambana (R\u00edo Gallegos).<\/p>\n<p style=\"text-align: justify;\">\n<p style=\"text-align: justify;\">Agradecimientos a: Germ\u00e1n Rayel y Juanjo Rayel (sonido), Radio Fm Araca, Radio Fm C\u00f3ndor, Radio Fm L\u00edmite, Canal 13, Prensa y difusi\u00f3n municipal (Los Antiguos), Radio Fm Glaciar (Las Heras), Chacra La Pillarica y a todos los que colaboraron para hacer posible este encuentro<\/p>\n<p style=\"text-align: justify;\"><strong>\u00a0<\/strong><\/p>\n<p style=\"text-align: justify;\"><strong>Reflexi\u00f3n<\/strong><\/p>\n<p style=\"text-align: justify;\">\n<p style=\"text-align: justify;\">La generaci\u00f3n de este espacio de construcci\u00f3n colectiva gener\u00f3 una serie de propuestas que van m\u00e1s all\u00e1 del diagn\u00f3stico de problem\u00e1ticas, para crear y recrear desde un modo m\u00e1s sano de ver el mundo, las alternativas sustentables de bajo impacto ambiental que permitan sustentabilidad en el tiempo. Todo en un marco de armon\u00eda y respeto entrelazando las artes, la cultura y la naturaleza.<\/p>\n<p style=\"text-align: justify;\">FUENTE: Cr\u00f3nica<\/p>\n","protected":false},"excerpt":{"rendered":"<p>Caleta Olivia &#8211; El evento se realiz\u00f3 del 7 al 11 de enero en Los Antiguos, all\u00ed se present\u00f3 el [&hellip;]<\/p>\n","protected":false},"author":2,"featured_media":7379,"comment_status":"closed","ping_status":"closed","sticky":false,"template":"","format":"standard","meta":{"site-sidebar-layout":"default","site-content-layout":"","ast-site-content-layout":"default","site-content-style":"default","site-sidebar-style":"default","ast-global-header-display":"","ast-banner-title-visibility":"","ast-main-header-display":"","ast-hfb-above-header-display":"","ast-hfb-below-header-display":"","ast-hfb-mobile-header-display":"","site-post-title":"","ast-breadcrumbs-content":"","ast-featured-img":"","footer-sml-layout":"","ast-disable-related-posts":"","theme-transparent-header-meta":"","adv-header-id-meta":"","stick-header-meta":"","header-above-stick-meta":"","header-main-stick-meta":"","header-below-stick-meta":"","astra-migrate-meta-layouts":"default","ast-page-background-enabled":"default","ast-page-background-meta":{"desktop":{"background-color":"var(--ast-global-color-5)","background-image":"","background-repeat":"repeat","background-position":"center center","background-size":"auto","background-attachment":"scroll","background-type":"","background-media":"","overlay-type":"","overlay-color":"","overlay-opacity":"","overlay-gradient":""},"tablet":{"background-color":"","background-image":"","background-repeat":"repeat","background-position":"center center","background-size":"auto","background-attachment":"scroll","background-type":"","background-media":"","overlay-type":"","overlay-color":"","overlay-opacity":"","overlay-gradient":""},"mobile":{"background-color":"","background-image":"","background-repeat":"repeat","background-position":"center center","background-size":"auto","background-attachment":"scroll","background-type":"","background-media":"","overlay-type":"","overlay-color":"","overlay-opacity":"","overlay-gradient":""}},"ast-content-background-meta":{"desktop":{"background-color":"var(--ast-global-color-4)","background-image":"","background-repeat":"repeat","background-position":"center center","background-size":"auto","background-attachment":"scroll","background-type":"","background-media":"","overlay-type":"","overlay-color":"","overlay-opacity":"","overlay-gradient":""},"tablet":{"background-color":"var(--ast-global-color-4)","background-image":"","background-repeat":"repeat","background-position":"center center","background-size":"auto","background-attachment":"scroll","background-type":"","background-media":"","overlay-type":"","overlay-color":"","overlay-opacity":"","overlay-gradient":""},"mobile":{"background-color":"var(--ast-global-color-4)","background-image":"","background-repeat":"repeat","background-position":"center center","background-size":"auto","background-attachment":"scroll","background-type":"","background-media":"","overlay-type":"","overlay-color":"","overlay-opacity":"","overlay-gradient":""}},"footnotes":""},"categories":[53,1],"tags":[87,2003,105,690,2265],"class_list":["post-7378","post","type-post","status-publish","format-standard","has-post-thumbnail","hentry","category-general","category-noticias","tag-agua","tag-caleta-olivia","tag-malvinas","tag-permacultura","tag-pueblos-unidos"],"yoast_head":"<!-- This site is optimized with the Yoast SEO Premium plugin v23.0 (Yoast SEO v27.5) - https:\/\/yoast.com\/product\/yoast-seo-premium-wordpress\/ -->\n<title>Se relaiz\u00f3 el 2\u00ba Encuentro cultural de los pueblos unidos por el agua<\/title>\n<meta name=\"robots\" content=\"index, follow, max-snippet:-1, max-image-preview:large, max-video-preview:-1\" \/>\n<link rel=\"canonical\" href=\"https:\/\/patagoniambiental.com.ar\/info\/se-relaizo-el-2o-encuentro-cultural-de-los-pueblos-unidos-por-el-agua\/\" \/>\n<meta property=\"og:locale\" content=\"es_ES\" \/>\n<meta property=\"og:type\" content=\"article\" \/>\n<meta property=\"og:title\" content=\"Se relaiz\u00f3 el 2\u00ba Encuentro cultural de los pueblos unidos por el agua\" \/>\n<meta property=\"og:description\" content=\"Caleta Olivia &#8211; El evento se realiz\u00f3 del 7 al 11 de enero en Los Antiguos, all\u00ed se present\u00f3 el [&hellip;]\" \/>\n<meta property=\"og:url\" content=\"https:\/\/patagoniambiental.com.ar\/info\/se-relaizo-el-2o-encuentro-cultural-de-los-pueblos-unidos-por-el-agua\/\" \/>\n<meta property=\"og:site_name\" content=\"Patagonia Ambiental\" \/>\n<meta property=\"article:publisher\" content=\"https:\/\/www.facebook.com\/patagonia.ambiental\" \/>\n<meta property=\"article:author\" content=\"https:\/\/www.facebook.com\/share\/1C1V8Gv9BX\/?mibextid=qi2Omg\" \/>\n<meta property=\"article:published_time\" content=\"2015-01-23T21:30:37+00:00\" \/>\n<meta name=\"author\" content=\"Patagonia Ambiental\" \/>\n<meta name=\"twitter:card\" content=\"summary_large_image\" \/>\n<meta name=\"twitter:creator\" content=\"@PatAmb\" \/>\n<meta name=\"twitter:site\" content=\"@PatAmb\" \/>\n<script type=\"application\/ld+json\" class=\"yoast-schema-graph\">{\"@context\":\"https:\\\/\\\/schema.org\",\"@graph\":[{\"@type\":\"Article\",\"@id\":\"https:\\\/\\\/patagoniambiental.com.ar\\\/info\\\/se-relaizo-el-2o-encuentro-cultural-de-los-pueblos-unidos-por-el-agua\\\/#article\",\"isPartOf\":{\"@id\":\"https:\\\/\\\/patagoniambiental.com.ar\\\/info\\\/se-relaizo-el-2o-encuentro-cultural-de-los-pueblos-unidos-por-el-agua\\\/\"},\"author\":{\"name\":\"Patagonia Ambiental\",\"@id\":\"https:\\\/\\\/patagoniambiental.com.ar\\\/info\\\/#\\\/schema\\\/person\\\/db12bff64bbcbf6a253710bf0ea37b5d\"},\"headline\":\"Se relaiz\u00f3 el 2\u00ba Encuentro cultural de los pueblos unidos por el agua\",\"datePublished\":\"2015-01-23T21:30:37+00:00\",\"mainEntityOfPage\":{\"@id\":\"https:\\\/\\\/patagoniambiental.com.ar\\\/info\\\/se-relaizo-el-2o-encuentro-cultural-de-los-pueblos-unidos-por-el-agua\\\/\"},\"wordCount\":553,\"publisher\":{\"@id\":\"https:\\\/\\\/patagoniambiental.com.ar\\\/info\\\/#organization\"},\"image\":{\"@id\":\"https:\\\/\\\/patagoniambiental.com.ar\\\/info\\\/se-relaizo-el-2o-encuentro-cultural-de-los-pueblos-unidos-por-el-agua\\\/#primaryimage\"},\"thumbnailUrl\":\"\",\"keywords\":[\"Agua\",\"caleta olivia\",\"Malvinas\",\"permacultura\",\"pueblos unidos\"],\"articleSection\":[\"General\",\"Noticias\"],\"inLanguage\":\"es\"},{\"@type\":\"WebPage\",\"@id\":\"https:\\\/\\\/patagoniambiental.com.ar\\\/info\\\/se-relaizo-el-2o-encuentro-cultural-de-los-pueblos-unidos-por-el-agua\\\/\",\"url\":\"https:\\\/\\\/patagoniambiental.com.ar\\\/info\\\/se-relaizo-el-2o-encuentro-cultural-de-los-pueblos-unidos-por-el-agua\\\/\",\"name\":\"Se relaiz\u00f3 el 2\u00ba Encuentro cultural de los pueblos unidos por el agua\",\"isPartOf\":{\"@id\":\"https:\\\/\\\/patagoniambiental.com.ar\\\/info\\\/#website\"},\"primaryImageOfPage\":{\"@id\":\"https:\\\/\\\/patagoniambiental.com.ar\\\/info\\\/se-relaizo-el-2o-encuentro-cultural-de-los-pueblos-unidos-por-el-agua\\\/#primaryimage\"},\"image\":{\"@id\":\"https:\\\/\\\/patagoniambiental.com.ar\\\/info\\\/se-relaizo-el-2o-encuentro-cultural-de-los-pueblos-unidos-por-el-agua\\\/#primaryimage\"},\"thumbnailUrl\":\"\",\"datePublished\":\"2015-01-23T21:30:37+00:00\",\"breadcrumb\":{\"@id\":\"https:\\\/\\\/patagoniambiental.com.ar\\\/info\\\/se-relaizo-el-2o-encuentro-cultural-de-los-pueblos-unidos-por-el-agua\\\/#breadcrumb\"},\"inLanguage\":\"es\",\"potentialAction\":[{\"@type\":\"ReadAction\",\"target\":[\"https:\\\/\\\/patagoniambiental.com.ar\\\/info\\\/se-relaizo-el-2o-encuentro-cultural-de-los-pueblos-unidos-por-el-agua\\\/\"]}]},{\"@type\":\"ImageObject\",\"inLanguage\":\"es\",\"@id\":\"https:\\\/\\\/patagoniambiental.com.ar\\\/info\\\/se-relaizo-el-2o-encuentro-cultural-de-los-pueblos-unidos-por-el-agua\\\/#primaryimage\",\"url\":\"\",\"contentUrl\":\"\"},{\"@type\":\"BreadcrumbList\",\"@id\":\"https:\\\/\\\/patagoniambiental.com.ar\\\/info\\\/se-relaizo-el-2o-encuentro-cultural-de-los-pueblos-unidos-por-el-agua\\\/#breadcrumb\",\"itemListElement\":[{\"@type\":\"ListItem\",\"position\":1,\"name\":\"Inicio\",\"item\":\"https:\\\/\\\/patagoniambiental.com.ar\\\/info\\\/\"},{\"@type\":\"ListItem\",\"position\":2,\"name\":\"Se relaiz\u00f3 el 2\u00ba Encuentro cultural de los pueblos unidos por el agua\"}]},{\"@type\":\"WebSite\",\"@id\":\"https:\\\/\\\/patagoniambiental.com.ar\\\/info\\\/#website\",\"url\":\"https:\\\/\\\/patagoniambiental.com.ar\\\/info\\\/\",\"name\":\"Patagonia Ambiental\",\"description\":\"Monitoreo y an\u00e1lisis de la situaci\u00f3n geopol\u00edtica en el mundo y su implicancia en la Patagonia\",\"publisher\":{\"@id\":\"https:\\\/\\\/patagoniambiental.com.ar\\\/info\\\/#organization\"},\"potentialAction\":[{\"@type\":\"SearchAction\",\"target\":{\"@type\":\"EntryPoint\",\"urlTemplate\":\"https:\\\/\\\/patagoniambiental.com.ar\\\/info\\\/?s={search_term_string}\"},\"query-input\":{\"@type\":\"PropertyValueSpecification\",\"valueRequired\":true,\"valueName\":\"search_term_string\"}}],\"inLanguage\":\"es\"},{\"@type\":\"Organization\",\"@id\":\"https:\\\/\\\/patagoniambiental.com.ar\\\/info\\\/#organization\",\"name\":\"Patagonia Ambiental\",\"url\":\"https:\\\/\\\/patagoniambiental.com.ar\\\/info\\\/\",\"logo\":{\"@type\":\"ImageObject\",\"inLanguage\":\"es\",\"@id\":\"https:\\\/\\\/patagoniambiental.com.ar\\\/info\\\/#\\\/schema\\\/logo\\\/image\\\/\",\"url\":\"https:\\\/\\\/patagoniambiental.com.ar\\\/info\\\/wp-content\\\/uploads\\\/2025\\\/05\\\/LOGO-PATAGONIA-AMBIENTAL.png\",\"contentUrl\":\"https:\\\/\\\/patagoniambiental.com.ar\\\/info\\\/wp-content\\\/uploads\\\/2025\\\/05\\\/LOGO-PATAGONIA-AMBIENTAL.png\",\"width\":433,\"height\":250,\"caption\":\"Patagonia Ambiental\"},\"image\":{\"@id\":\"https:\\\/\\\/patagoniambiental.com.ar\\\/info\\\/#\\\/schema\\\/logo\\\/image\\\/\"},\"sameAs\":[\"https:\\\/\\\/www.facebook.com\\\/patagonia.ambiental\",\"https:\\\/\\\/x.com\\\/PatAmb\"]},{\"@type\":\"Person\",\"@id\":\"https:\\\/\\\/patagoniambiental.com.ar\\\/info\\\/#\\\/schema\\\/person\\\/db12bff64bbcbf6a253710bf0ea37b5d\",\"name\":\"Patagonia Ambiental\",\"description\":\"Andr\u00e9s Nievas T\u00e9cnico en manejo ambiental, consultor Ambiental y escritor para medios locales e internacionales sobre temas de geopolitica y medio ambiente.\",\"sameAs\":[\"http:\\\/\\\/www.patagoniambiental.com.ar\",\"https:\\\/\\\/www.facebook.com\\\/share\\\/1C1V8Gv9BX\\\/?mibextid=qi2Omg\",\"@patagoniambiental\",\"https:\\\/\\\/youtube.com\\\/@patagoniaambiental2023?si=BLt58t0wuXquxlYZ\"]}]}<\/script>\n<!-- \/ Yoast SEO Premium plugin. -->","yoast_head_json":{"title":"Se relaiz\u00f3 el 2\u00ba Encuentro cultural de los pueblos unidos por el agua","robots":{"index":"index","follow":"follow","max-snippet":"max-snippet:-1","max-image-preview":"max-image-preview:large","max-video-preview":"max-video-preview:-1"},"canonical":"https:\/\/patagoniambiental.com.ar\/info\/se-relaizo-el-2o-encuentro-cultural-de-los-pueblos-unidos-por-el-agua\/","og_locale":"es_ES","og_type":"article","og_title":"Se relaiz\u00f3 el 2\u00ba Encuentro cultural de los pueblos unidos por el agua","og_description":"Caleta Olivia &#8211; El evento se realiz\u00f3 del 7 al 11 de enero en Los Antiguos, all\u00ed se present\u00f3 el [&hellip;]","og_url":"https:\/\/patagoniambiental.com.ar\/info\/se-relaizo-el-2o-encuentro-cultural-de-los-pueblos-unidos-por-el-agua\/","og_site_name":"Patagonia Ambiental","article_publisher":"https:\/\/www.facebook.com\/patagonia.ambiental","article_author":"https:\/\/www.facebook.com\/share\/1C1V8Gv9BX\/?mibextid=qi2Omg","article_published_time":"2015-01-23T21:30:37+00:00","author":"Patagonia Ambiental","twitter_card":"summary_large_image","twitter_creator":"@PatAmb","twitter_site":"@PatAmb","schema":{"@context":"https:\/\/schema.org","@graph":[{"@type":"Article","@id":"https:\/\/patagoniambiental.com.ar\/info\/se-relaizo-el-2o-encuentro-cultural-de-los-pueblos-unidos-por-el-agua\/#article","isPartOf":{"@id":"https:\/\/patagoniambiental.com.ar\/info\/se-relaizo-el-2o-encuentro-cultural-de-los-pueblos-unidos-por-el-agua\/"},"author":{"name":"Patagonia Ambiental","@id":"https:\/\/patagoniambiental.com.ar\/info\/#\/schema\/person\/db12bff64bbcbf6a253710bf0ea37b5d"},"headline":"Se relaiz\u00f3 el 2\u00ba Encuentro cultural de los pueblos unidos por el agua","datePublished":"2015-01-23T21:30:37+00:00","mainEntityOfPage":{"@id":"https:\/\/patagoniambiental.com.ar\/info\/se-relaizo-el-2o-encuentro-cultural-de-los-pueblos-unidos-por-el-agua\/"},"wordCount":553,"publisher":{"@id":"https:\/\/patagoniambiental.com.ar\/info\/#organization"},"image":{"@id":"https:\/\/patagoniambiental.com.ar\/info\/se-relaizo-el-2o-encuentro-cultural-de-los-pueblos-unidos-por-el-agua\/#primaryimage"},"thumbnailUrl":"","keywords":["Agua","caleta olivia","Malvinas","permacultura","pueblos unidos"],"articleSection":["General","Noticias"],"inLanguage":"es"},{"@type":"WebPage","@id":"https:\/\/patagoniambiental.com.ar\/info\/se-relaizo-el-2o-encuentro-cultural-de-los-pueblos-unidos-por-el-agua\/","url":"https:\/\/patagoniambiental.com.ar\/info\/se-relaizo-el-2o-encuentro-cultural-de-los-pueblos-unidos-por-el-agua\/","name":"Se relaiz\u00f3 el 2\u00ba Encuentro cultural de los pueblos unidos por el agua","isPartOf":{"@id":"https:\/\/patagoniambiental.com.ar\/info\/#website"},"primaryImageOfPage":{"@id":"https:\/\/patagoniambiental.com.ar\/info\/se-relaizo-el-2o-encuentro-cultural-de-los-pueblos-unidos-por-el-agua\/#primaryimage"},"image":{"@id":"https:\/\/patagoniambiental.com.ar\/info\/se-relaizo-el-2o-encuentro-cultural-de-los-pueblos-unidos-por-el-agua\/#primaryimage"},"thumbnailUrl":"","datePublished":"2015-01-23T21:30:37+00:00","breadcrumb":{"@id":"https:\/\/patagoniambiental.com.ar\/info\/se-relaizo-el-2o-encuentro-cultural-de-los-pueblos-unidos-por-el-agua\/#breadcrumb"},"inLanguage":"es","potentialAction":[{"@type":"ReadAction","target":["https:\/\/patagoniambiental.com.ar\/info\/se-relaizo-el-2o-encuentro-cultural-de-los-pueblos-unidos-por-el-agua\/"]}]},{"@type":"ImageObject","inLanguage":"es","@id":"https:\/\/patagoniambiental.com.ar\/info\/se-relaizo-el-2o-encuentro-cultural-de-los-pueblos-unidos-por-el-agua\/#primaryimage","url":"","contentUrl":""},{"@type":"BreadcrumbList","@id":"https:\/\/patagoniambiental.com.ar\/info\/se-relaizo-el-2o-encuentro-cultural-de-los-pueblos-unidos-por-el-agua\/#breadcrumb","itemListElement":[{"@type":"ListItem","position":1,"name":"Inicio","item":"https:\/\/patagoniambiental.com.ar\/info\/"},{"@type":"ListItem","position":2,"name":"Se relaiz\u00f3 el 2\u00ba Encuentro cultural de los pueblos unidos por el agua"}]},{"@type":"WebSite","@id":"https:\/\/patagoniambiental.com.ar\/info\/#website","url":"https:\/\/patagoniambiental.com.ar\/info\/","name":"Patagonia Ambiental","description":"Monitoreo y an\u00e1lisis de la situaci\u00f3n geopol\u00edtica en el mundo y su implicancia en la Patagonia","publisher":{"@id":"https:\/\/patagoniambiental.com.ar\/info\/#organization"},"potentialAction":[{"@type":"SearchAction","target":{"@type":"EntryPoint","urlTemplate":"https:\/\/patagoniambiental.com.ar\/info\/?s={search_term_string}"},"query-input":{"@type":"PropertyValueSpecification","valueRequired":true,"valueName":"search_term_string"}}],"inLanguage":"es"},{"@type":"Organization","@id":"https:\/\/patagoniambiental.com.ar\/info\/#organization","name":"Patagonia Ambiental","url":"https:\/\/patagoniambiental.com.ar\/info\/","logo":{"@type":"ImageObject","inLanguage":"es","@id":"https:\/\/patagoniambiental.com.ar\/info\/#\/schema\/logo\/image\/","url":"https:\/\/patagoniambiental.com.ar\/info\/wp-content\/uploads\/2025\/05\/LOGO-PATAGONIA-AMBIENTAL.png","contentUrl":"https:\/\/patagoniambiental.com.ar\/info\/wp-content\/uploads\/2025\/05\/LOGO-PATAGONIA-AMBIENTAL.png","width":433,"height":250,"caption":"Patagonia Ambiental"},"image":{"@id":"https:\/\/patagoniambiental.com.ar\/info\/#\/schema\/logo\/image\/"},"sameAs":["https:\/\/www.facebook.com\/patagonia.ambiental","https:\/\/x.com\/PatAmb"]},{"@type":"Person","@id":"https:\/\/patagoniambiental.com.ar\/info\/#\/schema\/person\/db12bff64bbcbf6a253710bf0ea37b5d","name":"Patagonia Ambiental","description":"Andr\u00e9s Nievas T\u00e9cnico en manejo ambiental, consultor Ambiental y escritor para medios locales e internacionales sobre temas de geopolitica y medio ambiente.","sameAs":["http:\/\/www.patagoniambiental.com.ar","https:\/\/www.facebook.com\/share\/1C1V8Gv9BX\/?mibextid=qi2Omg","@patagoniambiental","https:\/\/youtube.com\/@patagoniaambiental2023?si=BLt58t0wuXquxlYZ"]}]}},"_links":{"self":[{"href":"https:\/\/patagoniambiental.com.ar\/info\/wp-json\/wp\/v2\/posts\/7378","targetHints":{"allow":["GET"]}}],"collection":[{"href":"https:\/\/patagoniambiental.com.ar\/info\/wp-json\/wp\/v2\/posts"}],"about":[{"href":"https:\/\/patagoniambiental.com.ar\/info\/wp-json\/wp\/v2\/types\/post"}],"author":[{"embeddable":true,"href":"https:\/\/patagoniambiental.com.ar\/info\/wp-json\/wp\/v2\/users\/2"}],"replies":[{"embeddable":true,"href":"https:\/\/patagoniambiental.com.ar\/info\/wp-json\/wp\/v2\/comments?post=7378"}],"version-history":[{"count":0,"href":"https:\/\/patagoniambiental.com.ar\/info\/wp-json\/wp\/v2\/posts\/7378\/revisions"}],"wp:featuredmedia":[{"embeddable":true,"href":"https:\/\/patagoniambiental.com.ar\/info\/wp-json\/"}],"wp:attachment":[{"href":"https:\/\/patagoniambiental.com.ar\/info\/wp-json\/wp\/v2\/media?parent=7378"}],"wp:term":[{"taxonomy":"category","embeddable":true,"href":"https:\/\/patagoniambiental.com.ar\/info\/wp-json\/wp\/v2\/categories?post=7378"},{"taxonomy":"post_tag","embeddable":true,"href":"https:\/\/patagoniambiental.com.ar\/info\/wp-json\/wp\/v2\/tags?post=7378"}],"curies":[{"name":"wp","href":"https:\/\/api.w.org\/{rel}","templated":true}]}}