{"id":73806,"date":"2021-08-14T19:00:00","date_gmt":"2021-08-14T22:00:00","guid":{"rendered":"http:\/\/patagoniambiental.com.ar\/info\/?p=73806"},"modified":"2021-08-13T11:13:06","modified_gmt":"2021-08-13T14:13:06","slug":"buscaran-saber-cuanta-agua-gastan-los-neuquinos","status":"publish","type":"post","link":"https:\/\/patagoniambiental.com.ar\/info\/buscaran-saber-cuanta-agua-gastan-los-neuquinos\/","title":{"rendered":"Buscar\u00e1n saber cu\u00e1nta agua gastan los neuquinos"},"content":{"rendered":"\n<!--more-->\n\n\n\n<p><strong>El Colegio de Profesionales del Ambiente de Neuqu\u00e9n est\u00e1 participando en varias acciones en conjunto con el Estado para medir y cuidar el recurso. Tambi\u00e9n quieren establecer la \u00abSemana del Ambiente\u00bb.<\/strong><\/p>\n\n\n\n<figure class=\"wp-block-image\"><img decoding=\"async\" src=\"https:\/\/www.mejorinformado.com\/u\/fotografias\/m\/2021\/1\/20\/f800x450-90302_141748_5050.jpeg\" alt=\"Buscar\u00e1n saber cu\u00e1nta agua gastan los neuquinos\"\/><\/figure>\n\n\n\n<p><\/p>\n\n\n\n<p><a href=\"https:\/\/www.mejorinformado.com\/autor\/jorgelina-reyente.html\">Por&nbsp;Jorgelina Reyente<\/a>jueves, 12 de agosto de 2021 \u00b7 22:53<\/p>\n\n\n\n<p>En el Concejo Deliberante de la ciudad de Neuqu\u00e9n se trabaja en un proyecto de Ordenanza para se declare la \u00abSemana del Ambiente\u00bb, es en este contexto que el&nbsp;Presidente del Colegio de Profesionales del Ambiente de la Provincia del Neuqu\u00e9n,&nbsp;<strong>Licenciado Mart\u00edn Islas,<\/strong>&nbsp;dialog\u00f3 con&nbsp;Noticiero Central de 24\/7 Canal de Noticias&nbsp;para explicar cu\u00e1l es la situaci\u00f3n en cuanto al cuidado del agua, que tanto preocupa en \u00e9sta emergencia h\u00eddrica por la sequ\u00eda&nbsp;, y del ambiente en general.&nbsp;<\/p>\n\n\n\n<p>La idea puntual que est\u00e1 en tratamiento en el Concejo Deliberante es&nbsp;establecer&nbsp;<strong>la primera semana de junio de cada a\u00f1o como la \u201cSemana del Ambiente\u201d.&nbsp;<\/strong>Al respecto Islas mencion\u00f3 que \u201cla ciudad tiene la madurez para encarar una concientizaci\u00f3n ambiental, necesitamos que Neuqu\u00e9n tenga ciudadanos ambientalmente conscientes. Firmamos un convenio con la municipalidad para trabajar en estos temas, creemos que es necesario darle continuidad en el tiempo\u201d.<\/p>\n\n\n\n<h5 class=\"wp-block-heading\">NOTICIAS RELACIONADAS<\/h5>\n\n\n\n<ul class=\"wp-block-list\"><li><a href=\"https:\/\/www.mejorinformado.com\/regionales\/2021\/8\/12\/quieren-concientizar-sobre-el-uso-racional-del-agua-en-neuqun-81729.html\">Quieren concientizar sobre el uso racional del agua en Neuqu\u00e9n<\/a><\/li><li><a href=\"https:\/\/www.mejorinformado.com\/regionales\/2021\/8\/3\/sequa-aseguran-que-no-habr-alimento-ni-agua-para-animales-81303.html\">Sequ\u00eda: aseguran que no habr\u00e1 alimento ni agua para animales<\/a><\/li><\/ul>\n\n\n\n<p>Adem\u00e1s mencion\u00f3 que, en cuanto a las acciones que llevan a cabo en conjunto con el Estado, fueron convocados por el EPAS -Ente Provincial de Agua y Saneamiento- para trabajar en el tema de efluentes cloacales. Tambi\u00e9n, est\u00e1n poniendo el foco en que existan caudal\u00edmetros, es decir que se sepa \u00abcu\u00e1nto gasta cada una de las viviendas o de las industrias, porque hoy Neuqu\u00e9n no tiene un control\u00bb.&nbsp;<\/p>\n\n\n\n<p>En cuanto al&nbsp;<strong>tratamiento de residuos, tema que se volvi\u00f3 a instalar en la zona con la disposici\u00f3n del intendente neuquino, Mariano Gaido,&nbsp;de recibir los residuos separados en origen desde los municipios cercanos mediante la firma de convenios,&nbsp;<\/strong>Islas enfatiz\u00f3 en la necesidad de \u00abregionalizar los tratamientos\u00bb y mencion\u00f3 que los intendentes deben \u00absacarse las banderas pol\u00edticas\u00bb.<\/p>\n\n\n\n<p>La nota completa, aqu\u00ed:https:\/\/www.youtube.com\/embed\/kuu3D4z3X2g?feature=oembed<\/p>\n\n\n\n<p>Fuente: https:\/\/www.mejorinformado.com\/regionales\/2021\/8\/12\/buscarn-saber-cunta-agua-gastan-los-neuquinos-81775.html<\/p>\n","protected":false},"excerpt":{"rendered":"","protected":false},"author":6,"featured_media":73807,"comment_status":"open","ping_status":"open","sticky":false,"template":"","format":"standard","meta":{"site-sidebar-layout":"default","site-content-layout":"","ast-site-content-layout":"default","site-content-style":"default","site-sidebar-style":"default","ast-global-header-display":"","ast-banner-title-visibility":"","ast-main-header-display":"","ast-hfb-above-header-display":"","ast-hfb-below-header-display":"","ast-hfb-mobile-header-display":"","site-post-title":"","ast-breadcrumbs-content":"","ast-featured-img":"","footer-sml-layout":"","ast-disable-related-posts":"","theme-transparent-header-meta":"","adv-header-id-meta":"","stick-header-meta":"","header-above-stick-meta":"","header-main-stick-meta":"","header-below-stick-meta":"","astra-migrate-meta-layouts":"default","ast-page-background-enabled":"default","ast-page-background-meta":{"desktop":{"background-color":"var(--ast-global-color-5)","background-image":"","background-repeat":"repeat","background-position":"center center","background-size":"auto","background-attachment":"scroll","background-type":"","background-media":"","overlay-type":"","overlay-color":"","overlay-opacity":"","overlay-gradient":""},"tablet":{"background-color":"","background-image":"","background-repeat":"repeat","background-position":"center center","background-size":"auto","background-attachment":"scroll","background-type":"","background-media":"","overlay-type":"","overlay-color":"","overlay-opacity":"","overlay-gradient":""},"mobile":{"background-color":"","background-image":"","background-repeat":"repeat","background-position":"center center","background-size":"auto","background-attachment":"scroll","background-type":"","background-media":"","overlay-type":"","overlay-color":"","overlay-opacity":"","overlay-gradient":""}},"ast-content-background-meta":{"desktop":{"background-color":"var(--ast-global-color-4)","background-image":"","background-repeat":"repeat","background-position":"center center","background-size":"auto","background-attachment":"scroll","background-type":"","background-media":"","overlay-type":"","overlay-color":"","overlay-opacity":"","overlay-gradient":""},"tablet":{"background-color":"var(--ast-global-color-4)","background-image":"","background-repeat":"repeat","background-position":"center center","background-size":"auto","background-attachment":"scroll","background-type":"","background-media":"","overlay-type":"","overlay-color":"","overlay-opacity":"","overlay-gradient":""},"mobile":{"background-color":"var(--ast-global-color-4)","background-image":"","background-repeat":"repeat","background-position":"center center","background-size":"auto","background-attachment":"scroll","background-type":"","background-media":"","overlay-type":"","overlay-color":"","overlay-opacity":"","overlay-gradient":""}},"footnotes":""},"categories":[11,18,1,13,10],"tags":[],"class_list":["post-73806","post","type-post","status-publish","format-standard","has-post-thumbnail","hentry","category-boletin","category-neuquen","category-noticias","category-provinciales","category-rotador"],"yoast_head":"<!-- This site is optimized with the Yoast SEO Premium plugin v23.0 (Yoast SEO v27.5) - https:\/\/yoast.com\/product\/yoast-seo-premium-wordpress\/ -->\n<title>Buscar\u00e1n saber cu\u00e1nta agua gastan los neuquinos<\/title>\n<meta name=\"robots\" content=\"index, follow, max-snippet:-1, max-image-preview:large, max-video-preview:-1\" \/>\n<link rel=\"canonical\" href=\"https:\/\/patagoniambiental.com.ar\/info\/buscaran-saber-cuanta-agua-gastan-los-neuquinos\/\" \/>\n<meta property=\"og:locale\" content=\"es_ES\" \/>\n<meta property=\"og:type\" content=\"article\" \/>\n<meta property=\"og:title\" content=\"Buscar\u00e1n saber cu\u00e1nta agua gastan los neuquinos\" \/>\n<meta property=\"og:url\" content=\"https:\/\/patagoniambiental.com.ar\/info\/buscaran-saber-cuanta-agua-gastan-los-neuquinos\/\" \/>\n<meta property=\"og:site_name\" content=\"Patagonia Ambiental\" \/>\n<meta property=\"article:publisher\" content=\"https:\/\/www.facebook.com\/patagonia.ambiental\" \/>\n<meta property=\"article:published_time\" content=\"2021-08-14T22:00:00+00:00\" \/>\n<meta property=\"og:image\" content=\"https:\/\/patagoniambiental.com.ar\/info\/wp-content\/uploads\/2021\/08\/f800x450-90302_141748_5050.jpeg\" \/>\n\t<meta property=\"og:image:width\" content=\"800\" \/>\n\t<meta property=\"og:image:height\" content=\"450\" \/>\n\t<meta property=\"og:image:type\" content=\"image\/jpeg\" \/>\n<meta name=\"author\" content=\"BRAIAN ESTEVEZ\" \/>\n<meta name=\"twitter:card\" content=\"summary_large_image\" \/>\n<meta name=\"twitter:creator\" content=\"@PatAmb\" \/>\n<meta name=\"twitter:site\" content=\"@PatAmb\" \/>\n<script type=\"application\/ld+json\" class=\"yoast-schema-graph\">{\"@context\":\"https:\\\/\\\/schema.org\",\"@graph\":[{\"@type\":\"Article\",\"@id\":\"https:\\\/\\\/patagoniambiental.com.ar\\\/info\\\/buscaran-saber-cuanta-agua-gastan-los-neuquinos\\\/#article\",\"isPartOf\":{\"@id\":\"https:\\\/\\\/patagoniambiental.com.ar\\\/info\\\/buscaran-saber-cuanta-agua-gastan-los-neuquinos\\\/\"},\"author\":{\"name\":\"BRAIAN ESTEVEZ\",\"@id\":\"https:\\\/\\\/patagoniambiental.com.ar\\\/info\\\/#\\\/schema\\\/person\\\/e5af09d700b2e82cb10c6b8800e0c691\"},\"headline\":\"Buscar\u00e1n saber cu\u00e1nta agua gastan los neuquinos\",\"datePublished\":\"2021-08-14T22:00:00+00:00\",\"mainEntityOfPage\":{\"@id\":\"https:\\\/\\\/patagoniambiental.com.ar\\\/info\\\/buscaran-saber-cuanta-agua-gastan-los-neuquinos\\\/\"},\"wordCount\":402,\"commentCount\":0,\"publisher\":{\"@id\":\"https:\\\/\\\/patagoniambiental.com.ar\\\/info\\\/#organization\"},\"image\":{\"@id\":\"https:\\\/\\\/patagoniambiental.com.ar\\\/info\\\/buscaran-saber-cuanta-agua-gastan-los-neuquinos\\\/#primaryimage\"},\"thumbnailUrl\":\"https:\\\/\\\/patagoniambiental.com.ar\\\/info\\\/wp-content\\\/uploads\\\/2021\\\/08\\\/f800x450-90302_141748_5050.jpeg\",\"articleSection\":[\"Bolet\u00edn\",\"Neuqu\u00e9n\",\"Noticias\",\"Provinciales\",\"Rotador\"],\"inLanguage\":\"es\",\"potentialAction\":[{\"@type\":\"CommentAction\",\"name\":\"Comment\",\"target\":[\"https:\\\/\\\/patagoniambiental.com.ar\\\/info\\\/buscaran-saber-cuanta-agua-gastan-los-neuquinos\\\/#respond\"]}]},{\"@type\":\"WebPage\",\"@id\":\"https:\\\/\\\/patagoniambiental.com.ar\\\/info\\\/buscaran-saber-cuanta-agua-gastan-los-neuquinos\\\/\",\"url\":\"https:\\\/\\\/patagoniambiental.com.ar\\\/info\\\/buscaran-saber-cuanta-agua-gastan-los-neuquinos\\\/\",\"name\":\"Buscar\u00e1n saber cu\u00e1nta agua gastan los neuquinos\",\"isPartOf\":{\"@id\":\"https:\\\/\\\/patagoniambiental.com.ar\\\/info\\\/#website\"},\"primaryImageOfPage\":{\"@id\":\"https:\\\/\\\/patagoniambiental.com.ar\\\/info\\\/buscaran-saber-cuanta-agua-gastan-los-neuquinos\\\/#primaryimage\"},\"image\":{\"@id\":\"https:\\\/\\\/patagoniambiental.com.ar\\\/info\\\/buscaran-saber-cuanta-agua-gastan-los-neuquinos\\\/#primaryimage\"},\"thumbnailUrl\":\"https:\\\/\\\/patagoniambiental.com.ar\\\/info\\\/wp-content\\\/uploads\\\/2021\\\/08\\\/f800x450-90302_141748_5050.jpeg\",\"datePublished\":\"2021-08-14T22:00:00+00:00\",\"breadcrumb\":{\"@id\":\"https:\\\/\\\/patagoniambiental.com.ar\\\/info\\\/buscaran-saber-cuanta-agua-gastan-los-neuquinos\\\/#breadcrumb\"},\"inLanguage\":\"es\",\"potentialAction\":[{\"@type\":\"ReadAction\",\"target\":[\"https:\\\/\\\/patagoniambiental.com.ar\\\/info\\\/buscaran-saber-cuanta-agua-gastan-los-neuquinos\\\/\"]}]},{\"@type\":\"ImageObject\",\"inLanguage\":\"es\",\"@id\":\"https:\\\/\\\/patagoniambiental.com.ar\\\/info\\\/buscaran-saber-cuanta-agua-gastan-los-neuquinos\\\/#primaryimage\",\"url\":\"https:\\\/\\\/patagoniambiental.com.ar\\\/info\\\/wp-content\\\/uploads\\\/2021\\\/08\\\/f800x450-90302_141748_5050.jpeg\",\"contentUrl\":\"https:\\\/\\\/patagoniambiental.com.ar\\\/info\\\/wp-content\\\/uploads\\\/2021\\\/08\\\/f800x450-90302_141748_5050.jpeg\",\"width\":800,\"height\":450},{\"@type\":\"BreadcrumbList\",\"@id\":\"https:\\\/\\\/patagoniambiental.com.ar\\\/info\\\/buscaran-saber-cuanta-agua-gastan-los-neuquinos\\\/#breadcrumb\",\"itemListElement\":[{\"@type\":\"ListItem\",\"position\":1,\"name\":\"Inicio\",\"item\":\"https:\\\/\\\/patagoniambiental.com.ar\\\/info\\\/\"},{\"@type\":\"ListItem\",\"position\":2,\"name\":\"Buscar\u00e1n saber cu\u00e1nta agua gastan los neuquinos\"}]},{\"@type\":\"WebSite\",\"@id\":\"https:\\\/\\\/patagoniambiental.com.ar\\\/info\\\/#website\",\"url\":\"https:\\\/\\\/patagoniambiental.com.ar\\\/info\\\/\",\"name\":\"Patagonia Ambiental\",\"description\":\"Monitoreo y an\u00e1lisis de la situaci\u00f3n geopol\u00edtica en el mundo y su implicancia en la Patagonia\",\"publisher\":{\"@id\":\"https:\\\/\\\/patagoniambiental.com.ar\\\/info\\\/#organization\"},\"potentialAction\":[{\"@type\":\"SearchAction\",\"target\":{\"@type\":\"EntryPoint\",\"urlTemplate\":\"https:\\\/\\\/patagoniambiental.com.ar\\\/info\\\/?s={search_term_string}\"},\"query-input\":{\"@type\":\"PropertyValueSpecification\",\"valueRequired\":true,\"valueName\":\"search_term_string\"}}],\"inLanguage\":\"es\"},{\"@type\":\"Organization\",\"@id\":\"https:\\\/\\\/patagoniambiental.com.ar\\\/info\\\/#organization\",\"name\":\"Patagonia Ambiental\",\"url\":\"https:\\\/\\\/patagoniambiental.com.ar\\\/info\\\/\",\"logo\":{\"@type\":\"ImageObject\",\"inLanguage\":\"es\",\"@id\":\"https:\\\/\\\/patagoniambiental.com.ar\\\/info\\\/#\\\/schema\\\/logo\\\/image\\\/\",\"url\":\"https:\\\/\\\/patagoniambiental.com.ar\\\/info\\\/wp-content\\\/uploads\\\/2025\\\/05\\\/LOGO-PATAGONIA-AMBIENTAL.png\",\"contentUrl\":\"https:\\\/\\\/patagoniambiental.com.ar\\\/info\\\/wp-content\\\/uploads\\\/2025\\\/05\\\/LOGO-PATAGONIA-AMBIENTAL.png\",\"width\":433,\"height\":250,\"caption\":\"Patagonia Ambiental\"},\"image\":{\"@id\":\"https:\\\/\\\/patagoniambiental.com.ar\\\/info\\\/#\\\/schema\\\/logo\\\/image\\\/\"},\"sameAs\":[\"https:\\\/\\\/www.facebook.com\\\/patagonia.ambiental\",\"https:\\\/\\\/x.com\\\/PatAmb\"]},{\"@type\":\"Person\",\"@id\":\"https:\\\/\\\/patagoniambiental.com.ar\\\/info\\\/#\\\/schema\\\/person\\\/e5af09d700b2e82cb10c6b8800e0c691\",\"name\":\"BRAIAN ESTEVEZ\",\"sameAs\":[\"http:\\\/\\\/www.patagoniambiental.com.ar\"]}]}<\/script>\n<!-- \/ Yoast SEO Premium plugin. -->","yoast_head_json":{"title":"Buscar\u00e1n saber cu\u00e1nta agua gastan los neuquinos","robots":{"index":"index","follow":"follow","max-snippet":"max-snippet:-1","max-image-preview":"max-image-preview:large","max-video-preview":"max-video-preview:-1"},"canonical":"https:\/\/patagoniambiental.com.ar\/info\/buscaran-saber-cuanta-agua-gastan-los-neuquinos\/","og_locale":"es_ES","og_type":"article","og_title":"Buscar\u00e1n saber cu\u00e1nta agua gastan los neuquinos","og_url":"https:\/\/patagoniambiental.com.ar\/info\/buscaran-saber-cuanta-agua-gastan-los-neuquinos\/","og_site_name":"Patagonia Ambiental","article_publisher":"https:\/\/www.facebook.com\/patagonia.ambiental","article_published_time":"2021-08-14T22:00:00+00:00","og_image":[{"width":800,"height":450,"url":"https:\/\/patagoniambiental.com.ar\/info\/wp-content\/uploads\/2021\/08\/f800x450-90302_141748_5050.jpeg","type":"image\/jpeg"}],"author":"BRAIAN ESTEVEZ","twitter_card":"summary_large_image","twitter_creator":"@PatAmb","twitter_site":"@PatAmb","schema":{"@context":"https:\/\/schema.org","@graph":[{"@type":"Article","@id":"https:\/\/patagoniambiental.com.ar\/info\/buscaran-saber-cuanta-agua-gastan-los-neuquinos\/#article","isPartOf":{"@id":"https:\/\/patagoniambiental.com.ar\/info\/buscaran-saber-cuanta-agua-gastan-los-neuquinos\/"},"author":{"name":"BRAIAN ESTEVEZ","@id":"https:\/\/patagoniambiental.com.ar\/info\/#\/schema\/person\/e5af09d700b2e82cb10c6b8800e0c691"},"headline":"Buscar\u00e1n saber cu\u00e1nta agua gastan los neuquinos","datePublished":"2021-08-14T22:00:00+00:00","mainEntityOfPage":{"@id":"https:\/\/patagoniambiental.com.ar\/info\/buscaran-saber-cuanta-agua-gastan-los-neuquinos\/"},"wordCount":402,"commentCount":0,"publisher":{"@id":"https:\/\/patagoniambiental.com.ar\/info\/#organization"},"image":{"@id":"https:\/\/patagoniambiental.com.ar\/info\/buscaran-saber-cuanta-agua-gastan-los-neuquinos\/#primaryimage"},"thumbnailUrl":"https:\/\/patagoniambiental.com.ar\/info\/wp-content\/uploads\/2021\/08\/f800x450-90302_141748_5050.jpeg","articleSection":["Bolet\u00edn","Neuqu\u00e9n","Noticias","Provinciales","Rotador"],"inLanguage":"es","potentialAction":[{"@type":"CommentAction","name":"Comment","target":["https:\/\/patagoniambiental.com.ar\/info\/buscaran-saber-cuanta-agua-gastan-los-neuquinos\/#respond"]}]},{"@type":"WebPage","@id":"https:\/\/patagoniambiental.com.ar\/info\/buscaran-saber-cuanta-agua-gastan-los-neuquinos\/","url":"https:\/\/patagoniambiental.com.ar\/info\/buscaran-saber-cuanta-agua-gastan-los-neuquinos\/","name":"Buscar\u00e1n saber cu\u00e1nta agua gastan los neuquinos","isPartOf":{"@id":"https:\/\/patagoniambiental.com.ar\/info\/#website"},"primaryImageOfPage":{"@id":"https:\/\/patagoniambiental.com.ar\/info\/buscaran-saber-cuanta-agua-gastan-los-neuquinos\/#primaryimage"},"image":{"@id":"https:\/\/patagoniambiental.com.ar\/info\/buscaran-saber-cuanta-agua-gastan-los-neuquinos\/#primaryimage"},"thumbnailUrl":"https:\/\/patagoniambiental.com.ar\/info\/wp-content\/uploads\/2021\/08\/f800x450-90302_141748_5050.jpeg","datePublished":"2021-08-14T22:00:00+00:00","breadcrumb":{"@id":"https:\/\/patagoniambiental.com.ar\/info\/buscaran-saber-cuanta-agua-gastan-los-neuquinos\/#breadcrumb"},"inLanguage":"es","potentialAction":[{"@type":"ReadAction","target":["https:\/\/patagoniambiental.com.ar\/info\/buscaran-saber-cuanta-agua-gastan-los-neuquinos\/"]}]},{"@type":"ImageObject","inLanguage":"es","@id":"https:\/\/patagoniambiental.com.ar\/info\/buscaran-saber-cuanta-agua-gastan-los-neuquinos\/#primaryimage","url":"https:\/\/patagoniambiental.com.ar\/info\/wp-content\/uploads\/2021\/08\/f800x450-90302_141748_5050.jpeg","contentUrl":"https:\/\/patagoniambiental.com.ar\/info\/wp-content\/uploads\/2021\/08\/f800x450-90302_141748_5050.jpeg","width":800,"height":450},{"@type":"BreadcrumbList","@id":"https:\/\/patagoniambiental.com.ar\/info\/buscaran-saber-cuanta-agua-gastan-los-neuquinos\/#breadcrumb","itemListElement":[{"@type":"ListItem","position":1,"name":"Inicio","item":"https:\/\/patagoniambiental.com.ar\/info\/"},{"@type":"ListItem","position":2,"name":"Buscar\u00e1n saber cu\u00e1nta agua gastan los neuquinos"}]},{"@type":"WebSite","@id":"https:\/\/patagoniambiental.com.ar\/info\/#website","url":"https:\/\/patagoniambiental.com.ar\/info\/","name":"Patagonia Ambiental","description":"Monitoreo y an\u00e1lisis de la situaci\u00f3n geopol\u00edtica en el mundo y su implicancia en la Patagonia","publisher":{"@id":"https:\/\/patagoniambiental.com.ar\/info\/#organization"},"potentialAction":[{"@type":"SearchAction","target":{"@type":"EntryPoint","urlTemplate":"https:\/\/patagoniambiental.com.ar\/info\/?s={search_term_string}"},"query-input":{"@type":"PropertyValueSpecification","valueRequired":true,"valueName":"search_term_string"}}],"inLanguage":"es"},{"@type":"Organization","@id":"https:\/\/patagoniambiental.com.ar\/info\/#organization","name":"Patagonia Ambiental","url":"https:\/\/patagoniambiental.com.ar\/info\/","logo":{"@type":"ImageObject","inLanguage":"es","@id":"https:\/\/patagoniambiental.com.ar\/info\/#\/schema\/logo\/image\/","url":"https:\/\/patagoniambiental.com.ar\/info\/wp-content\/uploads\/2025\/05\/LOGO-PATAGONIA-AMBIENTAL.png","contentUrl":"https:\/\/patagoniambiental.com.ar\/info\/wp-content\/uploads\/2025\/05\/LOGO-PATAGONIA-AMBIENTAL.png","width":433,"height":250,"caption":"Patagonia Ambiental"},"image":{"@id":"https:\/\/patagoniambiental.com.ar\/info\/#\/schema\/logo\/image\/"},"sameAs":["https:\/\/www.facebook.com\/patagonia.ambiental","https:\/\/x.com\/PatAmb"]},{"@type":"Person","@id":"https:\/\/patagoniambiental.com.ar\/info\/#\/schema\/person\/e5af09d700b2e82cb10c6b8800e0c691","name":"BRAIAN ESTEVEZ","sameAs":["http:\/\/www.patagoniambiental.com.ar"]}]}},"_links":{"self":[{"href":"https:\/\/patagoniambiental.com.ar\/info\/wp-json\/wp\/v2\/posts\/73806","targetHints":{"allow":["GET"]}}],"collection":[{"href":"https:\/\/patagoniambiental.com.ar\/info\/wp-json\/wp\/v2\/posts"}],"about":[{"href":"https:\/\/patagoniambiental.com.ar\/info\/wp-json\/wp\/v2\/types\/post"}],"author":[{"embeddable":true,"href":"https:\/\/patagoniambiental.com.ar\/info\/wp-json\/wp\/v2\/users\/6"}],"replies":[{"embeddable":true,"href":"https:\/\/patagoniambiental.com.ar\/info\/wp-json\/wp\/v2\/comments?post=73806"}],"version-history":[{"count":0,"href":"https:\/\/patagoniambiental.com.ar\/info\/wp-json\/wp\/v2\/posts\/73806\/revisions"}],"wp:featuredmedia":[{"embeddable":true,"href":"https:\/\/patagoniambiental.com.ar\/info\/wp-json\/wp\/v2\/media\/73807"}],"wp:attachment":[{"href":"https:\/\/patagoniambiental.com.ar\/info\/wp-json\/wp\/v2\/media?parent=73806"}],"wp:term":[{"taxonomy":"category","embeddable":true,"href":"https:\/\/patagoniambiental.com.ar\/info\/wp-json\/wp\/v2\/categories?post=73806"},{"taxonomy":"post_tag","embeddable":true,"href":"https:\/\/patagoniambiental.com.ar\/info\/wp-json\/wp\/v2\/tags?post=73806"}],"curies":[{"name":"wp","href":"https:\/\/api.w.org\/{rel}","templated":true}]}}