{"id":73835,"date":"2021-08-16T19:00:00","date_gmt":"2021-08-16T22:00:00","guid":{"rendered":"http:\/\/patagoniambiental.com.ar\/info\/?p=73835"},"modified":"2021-08-17T10:33:56","modified_gmt":"2021-08-17T13:33:56","slug":"rawson-se-incorporo-a-la-red-argentina-de-municipios-frente-al-cambio-climatico","status":"publish","type":"post","link":"https:\/\/patagoniambiental.com.ar\/info\/rawson-se-incorporo-a-la-red-argentina-de-municipios-frente-al-cambio-climatico\/","title":{"rendered":"Rawson se incorpor\u00f3 a la \u201cRed Argentina de Municipios Frente al Cambio Clim\u00e1tico\u201d"},"content":{"rendered":"\n<!--more-->\n\n\n\n<p>Rawson.-La secretaria de Ambiente, Li. Paola Ciccarone se refiri\u00f3 a la ratificaci\u00f3n por Ordenanza de la adhesi\u00f3n del Municipio capitalino a la \u201cRed Argentina de Municipios al Cambio Clim\u00e1tico\u201d, coalici\u00f3n de 225 municipios argentinos que, junto a una secretaria Ejecutiva coordina planes estrat\u00e9gicos para hacer frente al cambio clim\u00e1tico.<\/p>\n\n\n\n<p>por&nbsp;<strong>REDACCI\u00d3N CHUBUT&nbsp;<\/strong>15\/08\/2021 &#8211; 18.49.hs<\/p>\n\n\n\n<figure class=\"wp-block-image\"><img decoding=\"async\" src=\"https:\/\/pxb.cdn.elchubut.com.ar\/chubut\/082021\/1627856160226.webp?cw=1315&amp;ch=749&amp;extw=jpg\" alt=\"Rawson se incorpor\u00f3 a la \u201cRed Argentina de Municipios Frente al Cambio Clim\u00e1tico\u201d\" title=\"Rawson se incorpor\u00f3 a la \u201cRed Argentina de Municipios Frente al Cambio Clim\u00e1tico\u201d\"\/><\/figure>\n\n\n\n<p>Los planes se encuentran enmarcados en los objetivos del Pacto Global de Alcaldes por el Clima y la Energ\u00eda (GCoM por sus siglas en ingl\u00e9s), que aborda tres aspectos de la acci\u00f3n clim\u00e1tica como la mitigaci\u00f3n del cambio clim\u00e1tico, la adaptaci\u00f3n a los efectos adversos y el acceso universal a energ\u00eda segura y limpia.<\/p>\n\n\n\n<p>La funcionaria municipal indic\u00f3 que \u201cel Concejo Deliberante definitivamente ha ratificado gran parte de los acuerdos de colaboraci\u00f3n entre la Municipalidad de Rawson y la Red Argentina de Municipios Frente al Cambio Clim\u00e1tico, ya est\u00e1 la ordenanza, faltaba el paso por el Concejo y podemos decir que ya est\u00e1 incorporada la ciudad de Rawson al conjunto de m\u00e1s de 200 municipios del pa\u00eds que se encuentran trabajando firmemente en el desarrollo de planes de acciones clim\u00e1ticas y la incorporaci\u00f3n a actividades de formaci\u00f3n y capacitaci\u00f3n de sus cuadros t\u00e9cnicos, por ejemplo. Estamos muy satisfechos, contentos\u201d.<\/p>\n\n\n\n<p>Ciccarone record\u00f3 que \u201cel intendente Dami\u00e1n Biss ha firmado durante la semana del Ambiente, hace poco m\u00e1s de dos meses la adhesi\u00f3n de la ciudad de Rawson a la Red Argentina de Municipios Frente al Cambio Clim\u00e1tico, que es una organizaci\u00f3n que brinda apoyatura t\u00e9cnica y acompa\u00f1amiento a los municipios del pa\u00eds que se hacen cargo de llevar adelante pol\u00edticas p\u00fablicas para atender a la problem\u00e1tica del cambio clim\u00e1tico\u201d.<\/p>\n\n\n\n<p>Explic\u00f3 adem\u00e1s que \u201cel Cambio Clim\u00e1tico es el principal desaf\u00edo que enfrenta la humanidad, un fen\u00f3meno causado en gran parte por el aumento continuo de la concentraci\u00f3n de gases de efecto invernadero en la atm\u00f3sfera, los cuales provienen en gran parte de actividades realizadas por el ser humano\u201d.<\/p>\n\n\n\n<p><strong>Proyecto 2030<\/strong><\/p>\n\n\n\n<p>La integraci\u00f3n de la Municipalidad de Rawson a la RAMCC representa la tarea de impulsar y ejecutar proyectos o programas municipales relacionados con la adaptaci\u00f3n al cambio clim\u00e1tico, a partir de la movilizaci\u00f3n de recursos locales, nacionales e internacionales con el objetivo central de reducir las emisiones de gases de efecto invernadero a un 45% al a\u00f1o 2030 y aumentar la resiliencia de las ciudades frente a los fen\u00f3menos climatol\u00f3gicos extremos que se profundizar\u00e1n.<\/p>\n\n\n\n<p>Adem\u00e1s, se coordinan conjuntamente con los gobiernos locales, la transici\u00f3n hacia un Nuevo Modelo de Gesti\u00f3n, basado en la participaci\u00f3n ciudadana, reducci\u00f3n de las desigualdades y uso m\u00e1s eficiente de los recursos.<\/p>\n\n\n\n<p>Hay que resaltar que los municipios adheridos comparten aprendizajes y socializan herramientas que permiten aumentar el impacto de sus acciones a trav\u00e9s de Programas de formaci\u00f3n, gesti\u00f3n de proyectos y la difusi\u00f3n y comunicaci\u00f3n de buenas pr\u00e1cticas.<\/p>\n\n\n\n<p>Fuente: https:\/\/www.elchubut.com.ar\/rawson\/2021-8-15-18-49-0-rawson-se-incorporo-a-la-red-argentina-de-municipios-frente-al-cambio-climatico<\/p>\n","protected":false},"excerpt":{"rendered":"","protected":false},"author":6,"featured_media":73836,"comment_status":"open","ping_status":"open","sticky":false,"template":"","format":"standard","meta":{"site-sidebar-layout":"default","site-content-layout":"","ast-site-content-layout":"default","site-content-style":"default","site-sidebar-style":"default","ast-global-header-display":"","ast-banner-title-visibility":"","ast-main-header-display":"","ast-hfb-above-header-display":"","ast-hfb-below-header-display":"","ast-hfb-mobile-header-display":"","site-post-title":"","ast-breadcrumbs-content":"","ast-featured-img":"","footer-sml-layout":"","ast-disable-related-posts":"","theme-transparent-header-meta":"","adv-header-id-meta":"","stick-header-meta":"","header-above-stick-meta":"","header-main-stick-meta":"","header-below-stick-meta":"","astra-migrate-meta-layouts":"default","ast-page-background-enabled":"default","ast-page-background-meta":{"desktop":{"background-color":"var(--ast-global-color-5)","background-image":"","background-repeat":"repeat","background-position":"center center","background-size":"auto","background-attachment":"scroll","background-type":"","background-media":"","overlay-type":"","overlay-color":"","overlay-opacity":"","overlay-gradient":""},"tablet":{"background-color":"","background-image":"","background-repeat":"repeat","background-position":"center center","background-size":"auto","background-attachment":"scroll","background-type":"","background-media":"","overlay-type":"","overlay-color":"","overlay-opacity":"","overlay-gradient":""},"mobile":{"background-color":"","background-image":"","background-repeat":"repeat","background-position":"center center","background-size":"auto","background-attachment":"scroll","background-type":"","background-media":"","overlay-type":"","overlay-color":"","overlay-opacity":"","overlay-gradient":""}},"ast-content-background-meta":{"desktop":{"background-color":"var(--ast-global-color-4)","background-image":"","background-repeat":"repeat","background-position":"center center","background-size":"auto","background-attachment":"scroll","background-type":"","background-media":"","overlay-type":"","overlay-color":"","overlay-opacity":"","overlay-gradient":""},"tablet":{"background-color":"var(--ast-global-color-4)","background-image":"","background-repeat":"repeat","background-position":"center center","background-size":"auto","background-attachment":"scroll","background-type":"","background-media":"","overlay-type":"","overlay-color":"","overlay-opacity":"","overlay-gradient":""},"mobile":{"background-color":"var(--ast-global-color-4)","background-image":"","background-repeat":"repeat","background-position":"center center","background-size":"auto","background-attachment":"scroll","background-type":"","background-media":"","overlay-type":"","overlay-color":"","overlay-opacity":"","overlay-gradient":""}},"footnotes":""},"categories":[16,1],"tags":[],"class_list":["post-73835","post","type-post","status-publish","format-standard","has-post-thumbnail","hentry","category-municipales","category-noticias"],"yoast_head":"<!-- This site is optimized with the Yoast SEO Premium plugin v23.0 (Yoast SEO v27.5) - https:\/\/yoast.com\/product\/yoast-seo-premium-wordpress\/ -->\n<title>Rawson se incorpor\u00f3 a la \u201cRed Argentina de Municipios Frente al Cambio Clim\u00e1tico\u201d<\/title>\n<meta name=\"robots\" content=\"index, follow, max-snippet:-1, max-image-preview:large, max-video-preview:-1\" \/>\n<link rel=\"canonical\" href=\"https:\/\/patagoniambiental.com.ar\/info\/rawson-se-incorporo-a-la-red-argentina-de-municipios-frente-al-cambio-climatico\/\" \/>\n<meta property=\"og:locale\" content=\"es_ES\" \/>\n<meta property=\"og:type\" content=\"article\" \/>\n<meta property=\"og:title\" content=\"Rawson se incorpor\u00f3 a la \u201cRed Argentina de Municipios Frente al Cambio Clim\u00e1tico\u201d\" \/>\n<meta property=\"og:url\" content=\"https:\/\/patagoniambiental.com.ar\/info\/rawson-se-incorporo-a-la-red-argentina-de-municipios-frente-al-cambio-climatico\/\" \/>\n<meta property=\"og:site_name\" content=\"Patagonia Ambiental\" \/>\n<meta property=\"article:publisher\" content=\"https:\/\/www.facebook.com\/patagonia.ambiental\" \/>\n<meta property=\"article:published_time\" content=\"2021-08-16T22:00:00+00:00\" \/>\n<meta property=\"article:modified_time\" content=\"2021-08-17T13:33:56+00:00\" \/>\n<meta property=\"og:image\" content=\"https:\/\/patagoniambiental.com.ar\/info\/wp-content\/uploads\/2021\/08\/Sin-titulo-9.jpg\" \/>\n\t<meta property=\"og:image:width\" content=\"1366\" \/>\n\t<meta property=\"og:image:height\" content=\"768\" \/>\n\t<meta property=\"og:image:type\" content=\"image\/jpeg\" \/>\n<meta name=\"author\" content=\"BRAIAN ESTEVEZ\" \/>\n<meta name=\"twitter:card\" content=\"summary_large_image\" \/>\n<meta name=\"twitter:creator\" content=\"@PatAmb\" \/>\n<meta name=\"twitter:site\" content=\"@PatAmb\" \/>\n<script type=\"application\/ld+json\" class=\"yoast-schema-graph\">{\"@context\":\"https:\\\/\\\/schema.org\",\"@graph\":[{\"@type\":\"Article\",\"@id\":\"https:\\\/\\\/patagoniambiental.com.ar\\\/info\\\/rawson-se-incorporo-a-la-red-argentina-de-municipios-frente-al-cambio-climatico\\\/#article\",\"isPartOf\":{\"@id\":\"https:\\\/\\\/patagoniambiental.com.ar\\\/info\\\/rawson-se-incorporo-a-la-red-argentina-de-municipios-frente-al-cambio-climatico\\\/\"},\"author\":{\"name\":\"BRAIAN ESTEVEZ\",\"@id\":\"https:\\\/\\\/patagoniambiental.com.ar\\\/info\\\/#\\\/schema\\\/person\\\/e5af09d700b2e82cb10c6b8800e0c691\"},\"headline\":\"Rawson se incorpor\u00f3 a la \u201cRed Argentina de Municipios Frente al Cambio Clim\u00e1tico\u201d\",\"datePublished\":\"2021-08-16T22:00:00+00:00\",\"dateModified\":\"2021-08-17T13:33:56+00:00\",\"mainEntityOfPage\":{\"@id\":\"https:\\\/\\\/patagoniambiental.com.ar\\\/info\\\/rawson-se-incorporo-a-la-red-argentina-de-municipios-frente-al-cambio-climatico\\\/\"},\"wordCount\":552,\"commentCount\":0,\"publisher\":{\"@id\":\"https:\\\/\\\/patagoniambiental.com.ar\\\/info\\\/#organization\"},\"image\":{\"@id\":\"https:\\\/\\\/patagoniambiental.com.ar\\\/info\\\/rawson-se-incorporo-a-la-red-argentina-de-municipios-frente-al-cambio-climatico\\\/#primaryimage\"},\"thumbnailUrl\":\"https:\\\/\\\/patagoniambiental.com.ar\\\/info\\\/wp-content\\\/uploads\\\/2021\\\/08\\\/Sin-titulo-9.jpg\",\"articleSection\":[\"Municipales\",\"Noticias\"],\"inLanguage\":\"es\",\"potentialAction\":[{\"@type\":\"CommentAction\",\"name\":\"Comment\",\"target\":[\"https:\\\/\\\/patagoniambiental.com.ar\\\/info\\\/rawson-se-incorporo-a-la-red-argentina-de-municipios-frente-al-cambio-climatico\\\/#respond\"]}]},{\"@type\":\"WebPage\",\"@id\":\"https:\\\/\\\/patagoniambiental.com.ar\\\/info\\\/rawson-se-incorporo-a-la-red-argentina-de-municipios-frente-al-cambio-climatico\\\/\",\"url\":\"https:\\\/\\\/patagoniambiental.com.ar\\\/info\\\/rawson-se-incorporo-a-la-red-argentina-de-municipios-frente-al-cambio-climatico\\\/\",\"name\":\"Rawson se incorpor\u00f3 a la \u201cRed Argentina de Municipios Frente al Cambio Clim\u00e1tico\u201d\",\"isPartOf\":{\"@id\":\"https:\\\/\\\/patagoniambiental.com.ar\\\/info\\\/#website\"},\"primaryImageOfPage\":{\"@id\":\"https:\\\/\\\/patagoniambiental.com.ar\\\/info\\\/rawson-se-incorporo-a-la-red-argentina-de-municipios-frente-al-cambio-climatico\\\/#primaryimage\"},\"image\":{\"@id\":\"https:\\\/\\\/patagoniambiental.com.ar\\\/info\\\/rawson-se-incorporo-a-la-red-argentina-de-municipios-frente-al-cambio-climatico\\\/#primaryimage\"},\"thumbnailUrl\":\"https:\\\/\\\/patagoniambiental.com.ar\\\/info\\\/wp-content\\\/uploads\\\/2021\\\/08\\\/Sin-titulo-9.jpg\",\"datePublished\":\"2021-08-16T22:00:00+00:00\",\"dateModified\":\"2021-08-17T13:33:56+00:00\",\"breadcrumb\":{\"@id\":\"https:\\\/\\\/patagoniambiental.com.ar\\\/info\\\/rawson-se-incorporo-a-la-red-argentina-de-municipios-frente-al-cambio-climatico\\\/#breadcrumb\"},\"inLanguage\":\"es\",\"potentialAction\":[{\"@type\":\"ReadAction\",\"target\":[\"https:\\\/\\\/patagoniambiental.com.ar\\\/info\\\/rawson-se-incorporo-a-la-red-argentina-de-municipios-frente-al-cambio-climatico\\\/\"]}]},{\"@type\":\"ImageObject\",\"inLanguage\":\"es\",\"@id\":\"https:\\\/\\\/patagoniambiental.com.ar\\\/info\\\/rawson-se-incorporo-a-la-red-argentina-de-municipios-frente-al-cambio-climatico\\\/#primaryimage\",\"url\":\"https:\\\/\\\/patagoniambiental.com.ar\\\/info\\\/wp-content\\\/uploads\\\/2021\\\/08\\\/Sin-titulo-9.jpg\",\"contentUrl\":\"https:\\\/\\\/patagoniambiental.com.ar\\\/info\\\/wp-content\\\/uploads\\\/2021\\\/08\\\/Sin-titulo-9.jpg\",\"width\":1067,\"height\":600},{\"@type\":\"BreadcrumbList\",\"@id\":\"https:\\\/\\\/patagoniambiental.com.ar\\\/info\\\/rawson-se-incorporo-a-la-red-argentina-de-municipios-frente-al-cambio-climatico\\\/#breadcrumb\",\"itemListElement\":[{\"@type\":\"ListItem\",\"position\":1,\"name\":\"Inicio\",\"item\":\"https:\\\/\\\/patagoniambiental.com.ar\\\/info\\\/\"},{\"@type\":\"ListItem\",\"position\":2,\"name\":\"Rawson se incorpor\u00f3 a la \u201cRed Argentina de Municipios Frente al Cambio Clim\u00e1tico\u201d\"}]},{\"@type\":\"WebSite\",\"@id\":\"https:\\\/\\\/patagoniambiental.com.ar\\\/info\\\/#website\",\"url\":\"https:\\\/\\\/patagoniambiental.com.ar\\\/info\\\/\",\"name\":\"Patagonia Ambiental\",\"description\":\"Monitoreo y an\u00e1lisis de la situaci\u00f3n geopol\u00edtica en el mundo y su implicancia en la Patagonia\",\"publisher\":{\"@id\":\"https:\\\/\\\/patagoniambiental.com.ar\\\/info\\\/#organization\"},\"potentialAction\":[{\"@type\":\"SearchAction\",\"target\":{\"@type\":\"EntryPoint\",\"urlTemplate\":\"https:\\\/\\\/patagoniambiental.com.ar\\\/info\\\/?s={search_term_string}\"},\"query-input\":{\"@type\":\"PropertyValueSpecification\",\"valueRequired\":true,\"valueName\":\"search_term_string\"}}],\"inLanguage\":\"es\"},{\"@type\":\"Organization\",\"@id\":\"https:\\\/\\\/patagoniambiental.com.ar\\\/info\\\/#organization\",\"name\":\"Patagonia Ambiental\",\"url\":\"https:\\\/\\\/patagoniambiental.com.ar\\\/info\\\/\",\"logo\":{\"@type\":\"ImageObject\",\"inLanguage\":\"es\",\"@id\":\"https:\\\/\\\/patagoniambiental.com.ar\\\/info\\\/#\\\/schema\\\/logo\\\/image\\\/\",\"url\":\"https:\\\/\\\/patagoniambiental.com.ar\\\/info\\\/wp-content\\\/uploads\\\/2025\\\/05\\\/LOGO-PATAGONIA-AMBIENTAL.png\",\"contentUrl\":\"https:\\\/\\\/patagoniambiental.com.ar\\\/info\\\/wp-content\\\/uploads\\\/2025\\\/05\\\/LOGO-PATAGONIA-AMBIENTAL.png\",\"width\":433,\"height\":250,\"caption\":\"Patagonia Ambiental\"},\"image\":{\"@id\":\"https:\\\/\\\/patagoniambiental.com.ar\\\/info\\\/#\\\/schema\\\/logo\\\/image\\\/\"},\"sameAs\":[\"https:\\\/\\\/www.facebook.com\\\/patagonia.ambiental\",\"https:\\\/\\\/x.com\\\/PatAmb\"]},{\"@type\":\"Person\",\"@id\":\"https:\\\/\\\/patagoniambiental.com.ar\\\/info\\\/#\\\/schema\\\/person\\\/e5af09d700b2e82cb10c6b8800e0c691\",\"name\":\"BRAIAN ESTEVEZ\",\"sameAs\":[\"http:\\\/\\\/www.patagoniambiental.com.ar\"]}]}<\/script>\n<!-- \/ Yoast SEO Premium plugin. -->","yoast_head_json":{"title":"Rawson se incorpor\u00f3 a la \u201cRed Argentina de Municipios Frente al Cambio Clim\u00e1tico\u201d","robots":{"index":"index","follow":"follow","max-snippet":"max-snippet:-1","max-image-preview":"max-image-preview:large","max-video-preview":"max-video-preview:-1"},"canonical":"https:\/\/patagoniambiental.com.ar\/info\/rawson-se-incorporo-a-la-red-argentina-de-municipios-frente-al-cambio-climatico\/","og_locale":"es_ES","og_type":"article","og_title":"Rawson se incorpor\u00f3 a la \u201cRed Argentina de Municipios Frente al Cambio Clim\u00e1tico\u201d","og_url":"https:\/\/patagoniambiental.com.ar\/info\/rawson-se-incorporo-a-la-red-argentina-de-municipios-frente-al-cambio-climatico\/","og_site_name":"Patagonia Ambiental","article_publisher":"https:\/\/www.facebook.com\/patagonia.ambiental","article_published_time":"2021-08-16T22:00:00+00:00","article_modified_time":"2021-08-17T13:33:56+00:00","og_image":[{"width":1366,"height":768,"url":"https:\/\/patagoniambiental.com.ar\/info\/wp-content\/uploads\/2021\/08\/Sin-titulo-9.jpg","type":"image\/jpeg"}],"author":"BRAIAN ESTEVEZ","twitter_card":"summary_large_image","twitter_creator":"@PatAmb","twitter_site":"@PatAmb","schema":{"@context":"https:\/\/schema.org","@graph":[{"@type":"Article","@id":"https:\/\/patagoniambiental.com.ar\/info\/rawson-se-incorporo-a-la-red-argentina-de-municipios-frente-al-cambio-climatico\/#article","isPartOf":{"@id":"https:\/\/patagoniambiental.com.ar\/info\/rawson-se-incorporo-a-la-red-argentina-de-municipios-frente-al-cambio-climatico\/"},"author":{"name":"BRAIAN ESTEVEZ","@id":"https:\/\/patagoniambiental.com.ar\/info\/#\/schema\/person\/e5af09d700b2e82cb10c6b8800e0c691"},"headline":"Rawson se incorpor\u00f3 a la \u201cRed Argentina de Municipios Frente al Cambio Clim\u00e1tico\u201d","datePublished":"2021-08-16T22:00:00+00:00","dateModified":"2021-08-17T13:33:56+00:00","mainEntityOfPage":{"@id":"https:\/\/patagoniambiental.com.ar\/info\/rawson-se-incorporo-a-la-red-argentina-de-municipios-frente-al-cambio-climatico\/"},"wordCount":552,"commentCount":0,"publisher":{"@id":"https:\/\/patagoniambiental.com.ar\/info\/#organization"},"image":{"@id":"https:\/\/patagoniambiental.com.ar\/info\/rawson-se-incorporo-a-la-red-argentina-de-municipios-frente-al-cambio-climatico\/#primaryimage"},"thumbnailUrl":"https:\/\/patagoniambiental.com.ar\/info\/wp-content\/uploads\/2021\/08\/Sin-titulo-9.jpg","articleSection":["Municipales","Noticias"],"inLanguage":"es","potentialAction":[{"@type":"CommentAction","name":"Comment","target":["https:\/\/patagoniambiental.com.ar\/info\/rawson-se-incorporo-a-la-red-argentina-de-municipios-frente-al-cambio-climatico\/#respond"]}]},{"@type":"WebPage","@id":"https:\/\/patagoniambiental.com.ar\/info\/rawson-se-incorporo-a-la-red-argentina-de-municipios-frente-al-cambio-climatico\/","url":"https:\/\/patagoniambiental.com.ar\/info\/rawson-se-incorporo-a-la-red-argentina-de-municipios-frente-al-cambio-climatico\/","name":"Rawson se incorpor\u00f3 a la \u201cRed Argentina de Municipios Frente al Cambio Clim\u00e1tico\u201d","isPartOf":{"@id":"https:\/\/patagoniambiental.com.ar\/info\/#website"},"primaryImageOfPage":{"@id":"https:\/\/patagoniambiental.com.ar\/info\/rawson-se-incorporo-a-la-red-argentina-de-municipios-frente-al-cambio-climatico\/#primaryimage"},"image":{"@id":"https:\/\/patagoniambiental.com.ar\/info\/rawson-se-incorporo-a-la-red-argentina-de-municipios-frente-al-cambio-climatico\/#primaryimage"},"thumbnailUrl":"https:\/\/patagoniambiental.com.ar\/info\/wp-content\/uploads\/2021\/08\/Sin-titulo-9.jpg","datePublished":"2021-08-16T22:00:00+00:00","dateModified":"2021-08-17T13:33:56+00:00","breadcrumb":{"@id":"https:\/\/patagoniambiental.com.ar\/info\/rawson-se-incorporo-a-la-red-argentina-de-municipios-frente-al-cambio-climatico\/#breadcrumb"},"inLanguage":"es","potentialAction":[{"@type":"ReadAction","target":["https:\/\/patagoniambiental.com.ar\/info\/rawson-se-incorporo-a-la-red-argentina-de-municipios-frente-al-cambio-climatico\/"]}]},{"@type":"ImageObject","inLanguage":"es","@id":"https:\/\/patagoniambiental.com.ar\/info\/rawson-se-incorporo-a-la-red-argentina-de-municipios-frente-al-cambio-climatico\/#primaryimage","url":"https:\/\/patagoniambiental.com.ar\/info\/wp-content\/uploads\/2021\/08\/Sin-titulo-9.jpg","contentUrl":"https:\/\/patagoniambiental.com.ar\/info\/wp-content\/uploads\/2021\/08\/Sin-titulo-9.jpg","width":1067,"height":600},{"@type":"BreadcrumbList","@id":"https:\/\/patagoniambiental.com.ar\/info\/rawson-se-incorporo-a-la-red-argentina-de-municipios-frente-al-cambio-climatico\/#breadcrumb","itemListElement":[{"@type":"ListItem","position":1,"name":"Inicio","item":"https:\/\/patagoniambiental.com.ar\/info\/"},{"@type":"ListItem","position":2,"name":"Rawson se incorpor\u00f3 a la \u201cRed Argentina de Municipios Frente al Cambio Clim\u00e1tico\u201d"}]},{"@type":"WebSite","@id":"https:\/\/patagoniambiental.com.ar\/info\/#website","url":"https:\/\/patagoniambiental.com.ar\/info\/","name":"Patagonia Ambiental","description":"Monitoreo y an\u00e1lisis de la situaci\u00f3n geopol\u00edtica en el mundo y su implicancia en la Patagonia","publisher":{"@id":"https:\/\/patagoniambiental.com.ar\/info\/#organization"},"potentialAction":[{"@type":"SearchAction","target":{"@type":"EntryPoint","urlTemplate":"https:\/\/patagoniambiental.com.ar\/info\/?s={search_term_string}"},"query-input":{"@type":"PropertyValueSpecification","valueRequired":true,"valueName":"search_term_string"}}],"inLanguage":"es"},{"@type":"Organization","@id":"https:\/\/patagoniambiental.com.ar\/info\/#organization","name":"Patagonia Ambiental","url":"https:\/\/patagoniambiental.com.ar\/info\/","logo":{"@type":"ImageObject","inLanguage":"es","@id":"https:\/\/patagoniambiental.com.ar\/info\/#\/schema\/logo\/image\/","url":"https:\/\/patagoniambiental.com.ar\/info\/wp-content\/uploads\/2025\/05\/LOGO-PATAGONIA-AMBIENTAL.png","contentUrl":"https:\/\/patagoniambiental.com.ar\/info\/wp-content\/uploads\/2025\/05\/LOGO-PATAGONIA-AMBIENTAL.png","width":433,"height":250,"caption":"Patagonia Ambiental"},"image":{"@id":"https:\/\/patagoniambiental.com.ar\/info\/#\/schema\/logo\/image\/"},"sameAs":["https:\/\/www.facebook.com\/patagonia.ambiental","https:\/\/x.com\/PatAmb"]},{"@type":"Person","@id":"https:\/\/patagoniambiental.com.ar\/info\/#\/schema\/person\/e5af09d700b2e82cb10c6b8800e0c691","name":"BRAIAN ESTEVEZ","sameAs":["http:\/\/www.patagoniambiental.com.ar"]}]}},"_links":{"self":[{"href":"https:\/\/patagoniambiental.com.ar\/info\/wp-json\/wp\/v2\/posts\/73835","targetHints":{"allow":["GET"]}}],"collection":[{"href":"https:\/\/patagoniambiental.com.ar\/info\/wp-json\/wp\/v2\/posts"}],"about":[{"href":"https:\/\/patagoniambiental.com.ar\/info\/wp-json\/wp\/v2\/types\/post"}],"author":[{"embeddable":true,"href":"https:\/\/patagoniambiental.com.ar\/info\/wp-json\/wp\/v2\/users\/6"}],"replies":[{"embeddable":true,"href":"https:\/\/patagoniambiental.com.ar\/info\/wp-json\/wp\/v2\/comments?post=73835"}],"version-history":[{"count":0,"href":"https:\/\/patagoniambiental.com.ar\/info\/wp-json\/wp\/v2\/posts\/73835\/revisions"}],"wp:featuredmedia":[{"embeddable":true,"href":"https:\/\/patagoniambiental.com.ar\/info\/wp-json\/wp\/v2\/media\/73836"}],"wp:attachment":[{"href":"https:\/\/patagoniambiental.com.ar\/info\/wp-json\/wp\/v2\/media?parent=73835"}],"wp:term":[{"taxonomy":"category","embeddable":true,"href":"https:\/\/patagoniambiental.com.ar\/info\/wp-json\/wp\/v2\/categories?post=73835"},{"taxonomy":"post_tag","embeddable":true,"href":"https:\/\/patagoniambiental.com.ar\/info\/wp-json\/wp\/v2\/tags?post=73835"}],"curies":[{"name":"wp","href":"https:\/\/api.w.org\/{rel}","templated":true}]}}