{"id":73852,"date":"2021-08-18T07:00:00","date_gmt":"2021-08-18T10:00:00","guid":{"rendered":"http:\/\/patagoniambiental.com.ar\/info\/?p=73852"},"modified":"2021-08-18T10:11:10","modified_gmt":"2021-08-18T13:11:10","slug":"avanza-estudio-tecnico-para-definir-ubicacion-del-puerto-fueguino","status":"publish","type":"post","link":"https:\/\/patagoniambiental.com.ar\/info\/avanza-estudio-tecnico-para-definir-ubicacion-del-puerto-fueguino\/","title":{"rendered":"Avanza estudio t\u00e9cnico para definir ubicaci\u00f3n del puerto fueguino"},"content":{"rendered":"\n<!--more-->\n\n\n\n<p>Tierra del Fuego, AIAS.-Un equipo t\u00e9cnico arribar\u00e1 a la Provincia para analizar en campo los cinco puntos donde se podr\u00eda emplazar el embarcadero fueguino del cruce que permitir\u00e1 vincular por aguas argentinas nuestra provincia con la de Santa Cruz.<\/p>\n\n\n\n<p>uncionarios de la Administraci\u00f3n General de Puertos confirmaron que en los pr\u00f3ximos d\u00edas llegar\u00e1 a la Provincia un equipo t\u00e9cnico de la empresa contratada para hacer el trabajo de consultor\u00eda y evaluaci\u00f3n del emplazamiento de los puertos del Cruce Mar\u00edtimo Austral.<br>El equipo t\u00e9cnico, conformado por tres ingenieros y una bi\u00f3loga, se reunir\u00e1n con la Direcci\u00f3n Provincial de Puertos y con la Secretar\u00eda de Ambiente de la Provincia, y realizar\u00e1n el trabajo de campo para analizar los cinco puntos donde se podr\u00eda ubicar la cabecera para crear el embarcadero fueguino del cruce austral, ya que la intenci\u00f3n del Gobierno nacional \u201ces que en el mes de mayo o abril del 2022 podamos comenzar con los procesos de licitaci\u00f3n\u201d para la concreci\u00f3n de las obras, indic\u00f3 el subinterventor de la Administraci\u00f3n General de Puertos, Patricio Hogan, durante el encuentro que mantuvo a fines de la semana pasada con la vicegobernadora M\u00f3nica Urquiza.<br>El funcionario nacional record\u00f3 que en la actual gesti\u00f3n de la AGP \u201cse han licitado los estudios para hacer la contrataci\u00f3n de d\u00f3nde se van a emplazar estos dos puertos y seguramente en el transcurso de la pr\u00f3xima semana el equipo t\u00e9cnico a cargo, arribar\u00e1 a la provincia para hacer el relevamiento necesario. La idea es que en el mes de mayo o abril del 2022 podamos comenzar con los procesos de licitaci\u00f3n\u201d. Dijo que la decisi\u00f3n de avanzar en el proyecto \u201ctal como plantea el ministro de Transporte de Naci\u00f3n, Alexis Guerrera, apunta a una gesti\u00f3n que tenga el federalismo como una de sus banderas, y en pocos lugares es tan importante el aporte que podemos hacer como el de conectar e impulsar el crecimiento de Tierra del Fuego\u201d.<br>Hogan refiri\u00f3 que \u201cesta obra data de los a\u00f1os 60, 70 pero no se concretaba, y hoy nos hemos encontrado con un Gobierno provincial como el de Tierra del Fuego AIAS y uno de Santa Cruz; que han impulsado este proyecto que lleg\u00f3 a o\u00eddos del Presidente Alberto Fern\u00e1ndez y que avanz\u00f3 fuertemente para concretarlo\u201d.<br>Por su parte, la vicegobernadora Urquiza expres\u00f3 que \u201cpara nosotros esto es muy importante como provincia, porque durante muchos a\u00f1os hemos recibido anuncios de esta obra y hoy lo vemos formalizado con el aporte de la AGP y tambi\u00e9n de nuestra Direcci\u00f3n Provincial de Puertos, desde donde estamos a total disposici\u00f3n\u201d.<br>\u201cEste cruce tiene una visi\u00f3n estrat\u00e9gicamente geopol\u00edtica, de soberan\u00eda y tambi\u00e9n tiene que ver con todo el desarrollo tur\u00edstico y econ\u00f3mico de la regi\u00f3n\u201d asever\u00f3 Urquiza, que agradeci\u00f3 tanto el apoyo de la AGP \u201cen todos los proyectos que estamos llevando adelante, como es el caso de la ampliaci\u00f3n del muelle tur\u00edstico del Puerto Comercial de Ushuaia\u201d, como del Gobierno nacional por el aporte para concretar la obra del cruce por aguas argentinas.<br>Acompa\u00f1aron a la Vicegobernadora la ministra de Obras y Servicios P\u00fablicos, Gabriela Castillo, el secretario de Planificaci\u00f3n Estrat\u00e9gica, Roberto Daniels, el Presidente y el Vicepresidente de la Direcci\u00f3n Provincial de Puertos, Roberto Murcia y Miguel Ram\u00edrez, respectivamente; el gerente de Institucionales y Comunicaci\u00f3n de AGP, Ariel De\u00e1n, y equipos t\u00e9cnicos de la autoridad portuaria nacional.<\/p>\n","protected":false},"excerpt":{"rendered":"","protected":false},"author":6,"featured_media":73853,"comment_status":"open","ping_status":"open","sticky":false,"template":"","format":"standard","meta":{"site-sidebar-layout":"default","site-content-layout":"","ast-site-content-layout":"default","site-content-style":"default","site-sidebar-style":"default","ast-global-header-display":"","ast-banner-title-visibility":"","ast-main-header-display":"","ast-hfb-above-header-display":"","ast-hfb-below-header-display":"","ast-hfb-mobile-header-display":"","site-post-title":"","ast-breadcrumbs-content":"","ast-featured-img":"","footer-sml-layout":"","ast-disable-related-posts":"","theme-transparent-header-meta":"","adv-header-id-meta":"","stick-header-meta":"","header-above-stick-meta":"","header-main-stick-meta":"","header-below-stick-meta":"","astra-migrate-meta-layouts":"default","ast-page-background-enabled":"default","ast-page-background-meta":{"desktop":{"background-color":"var(--ast-global-color-5)","background-image":"","background-repeat":"repeat","background-position":"center center","background-size":"auto","background-attachment":"scroll","background-type":"","background-media":"","overlay-type":"","overlay-color":"","overlay-opacity":"","overlay-gradient":""},"tablet":{"background-color":"","background-image":"","background-repeat":"repeat","background-position":"center center","background-size":"auto","background-attachment":"scroll","background-type":"","background-media":"","overlay-type":"","overlay-color":"","overlay-opacity":"","overlay-gradient":""},"mobile":{"background-color":"","background-image":"","background-repeat":"repeat","background-position":"center center","background-size":"auto","background-attachment":"scroll","background-type":"","background-media":"","overlay-type":"","overlay-color":"","overlay-opacity":"","overlay-gradient":""}},"ast-content-background-meta":{"desktop":{"background-color":"var(--ast-global-color-4)","background-image":"","background-repeat":"repeat","background-position":"center center","background-size":"auto","background-attachment":"scroll","background-type":"","background-media":"","overlay-type":"","overlay-color":"","overlay-opacity":"","overlay-gradient":""},"tablet":{"background-color":"var(--ast-global-color-4)","background-image":"","background-repeat":"repeat","background-position":"center center","background-size":"auto","background-attachment":"scroll","background-type":"","background-media":"","overlay-type":"","overlay-color":"","overlay-opacity":"","overlay-gradient":""},"mobile":{"background-color":"var(--ast-global-color-4)","background-image":"","background-repeat":"repeat","background-position":"center center","background-size":"auto","background-attachment":"scroll","background-type":"","background-media":"","overlay-type":"","overlay-color":"","overlay-opacity":"","overlay-gradient":""}},"footnotes":""},"categories":[11,1,13,10,25],"tags":[],"class_list":["post-73852","post","type-post","status-publish","format-standard","has-post-thumbnail","hentry","category-boletin","category-noticias","category-provinciales","category-rotador","category-tierra-del-fuego"],"yoast_head":"<!-- This site is optimized with the Yoast SEO Premium plugin v23.0 (Yoast SEO v27.5) - https:\/\/yoast.com\/product\/yoast-seo-premium-wordpress\/ -->\n<title>Avanza estudio t\u00e9cnico para definir ubicaci\u00f3n del puerto fueguino<\/title>\n<meta name=\"robots\" content=\"index, follow, max-snippet:-1, max-image-preview:large, max-video-preview:-1\" \/>\n<link rel=\"canonical\" href=\"https:\/\/patagoniambiental.com.ar\/info\/avanza-estudio-tecnico-para-definir-ubicacion-del-puerto-fueguino\/\" \/>\n<meta property=\"og:locale\" content=\"es_ES\" \/>\n<meta property=\"og:type\" content=\"article\" \/>\n<meta property=\"og:title\" content=\"Avanza estudio t\u00e9cnico para definir ubicaci\u00f3n del puerto fueguino\" \/>\n<meta property=\"og:url\" content=\"https:\/\/patagoniambiental.com.ar\/info\/avanza-estudio-tecnico-para-definir-ubicacion-del-puerto-fueguino\/\" \/>\n<meta property=\"og:site_name\" content=\"Patagonia Ambiental\" \/>\n<meta property=\"article:publisher\" content=\"https:\/\/www.facebook.com\/patagonia.ambiental\" \/>\n<meta property=\"article:published_time\" content=\"2021-08-18T10:00:00+00:00\" \/>\n<meta property=\"article:modified_time\" content=\"2021-08-18T13:11:10+00:00\" \/>\n<meta property=\"og:image\" content=\"https:\/\/patagoniambiental.com.ar\/info\/wp-content\/uploads\/2021\/08\/202108161016109acb5a14e8e95e6c68976ea6d14c382d.jpg\" \/>\n\t<meta property=\"og:image:width\" content=\"800\" \/>\n\t<meta property=\"og:image:height\" content=\"533\" \/>\n\t<meta property=\"og:image:type\" content=\"image\/jpeg\" \/>\n<meta name=\"author\" content=\"BRAIAN ESTEVEZ\" \/>\n<meta name=\"twitter:card\" content=\"summary_large_image\" \/>\n<meta name=\"twitter:creator\" content=\"@PatAmb\" \/>\n<meta name=\"twitter:site\" content=\"@PatAmb\" \/>\n<script type=\"application\/ld+json\" class=\"yoast-schema-graph\">{\"@context\":\"https:\\\/\\\/schema.org\",\"@graph\":[{\"@type\":\"Article\",\"@id\":\"https:\\\/\\\/patagoniambiental.com.ar\\\/info\\\/avanza-estudio-tecnico-para-definir-ubicacion-del-puerto-fueguino\\\/#article\",\"isPartOf\":{\"@id\":\"https:\\\/\\\/patagoniambiental.com.ar\\\/info\\\/avanza-estudio-tecnico-para-definir-ubicacion-del-puerto-fueguino\\\/\"},\"author\":{\"name\":\"BRAIAN ESTEVEZ\",\"@id\":\"https:\\\/\\\/patagoniambiental.com.ar\\\/info\\\/#\\\/schema\\\/person\\\/e5af09d700b2e82cb10c6b8800e0c691\"},\"headline\":\"Avanza estudio t\u00e9cnico para definir ubicaci\u00f3n del puerto fueguino\",\"datePublished\":\"2021-08-18T10:00:00+00:00\",\"dateModified\":\"2021-08-18T13:11:10+00:00\",\"mainEntityOfPage\":{\"@id\":\"https:\\\/\\\/patagoniambiental.com.ar\\\/info\\\/avanza-estudio-tecnico-para-definir-ubicacion-del-puerto-fueguino\\\/\"},\"wordCount\":618,\"commentCount\":0,\"publisher\":{\"@id\":\"https:\\\/\\\/patagoniambiental.com.ar\\\/info\\\/#organization\"},\"image\":{\"@id\":\"https:\\\/\\\/patagoniambiental.com.ar\\\/info\\\/avanza-estudio-tecnico-para-definir-ubicacion-del-puerto-fueguino\\\/#primaryimage\"},\"thumbnailUrl\":\"https:\\\/\\\/patagoniambiental.com.ar\\\/info\\\/wp-content\\\/uploads\\\/2021\\\/08\\\/202108161016109acb5a14e8e95e6c68976ea6d14c382d.jpg\",\"articleSection\":[\"Bolet\u00edn\",\"Noticias\",\"Provinciales\",\"Rotador\",\"Tierra del Fuego\"],\"inLanguage\":\"es\",\"potentialAction\":[{\"@type\":\"CommentAction\",\"name\":\"Comment\",\"target\":[\"https:\\\/\\\/patagoniambiental.com.ar\\\/info\\\/avanza-estudio-tecnico-para-definir-ubicacion-del-puerto-fueguino\\\/#respond\"]}]},{\"@type\":\"WebPage\",\"@id\":\"https:\\\/\\\/patagoniambiental.com.ar\\\/info\\\/avanza-estudio-tecnico-para-definir-ubicacion-del-puerto-fueguino\\\/\",\"url\":\"https:\\\/\\\/patagoniambiental.com.ar\\\/info\\\/avanza-estudio-tecnico-para-definir-ubicacion-del-puerto-fueguino\\\/\",\"name\":\"Avanza estudio t\u00e9cnico para definir ubicaci\u00f3n del puerto fueguino\",\"isPartOf\":{\"@id\":\"https:\\\/\\\/patagoniambiental.com.ar\\\/info\\\/#website\"},\"primaryImageOfPage\":{\"@id\":\"https:\\\/\\\/patagoniambiental.com.ar\\\/info\\\/avanza-estudio-tecnico-para-definir-ubicacion-del-puerto-fueguino\\\/#primaryimage\"},\"image\":{\"@id\":\"https:\\\/\\\/patagoniambiental.com.ar\\\/info\\\/avanza-estudio-tecnico-para-definir-ubicacion-del-puerto-fueguino\\\/#primaryimage\"},\"thumbnailUrl\":\"https:\\\/\\\/patagoniambiental.com.ar\\\/info\\\/wp-content\\\/uploads\\\/2021\\\/08\\\/202108161016109acb5a14e8e95e6c68976ea6d14c382d.jpg\",\"datePublished\":\"2021-08-18T10:00:00+00:00\",\"dateModified\":\"2021-08-18T13:11:10+00:00\",\"breadcrumb\":{\"@id\":\"https:\\\/\\\/patagoniambiental.com.ar\\\/info\\\/avanza-estudio-tecnico-para-definir-ubicacion-del-puerto-fueguino\\\/#breadcrumb\"},\"inLanguage\":\"es\",\"potentialAction\":[{\"@type\":\"ReadAction\",\"target\":[\"https:\\\/\\\/patagoniambiental.com.ar\\\/info\\\/avanza-estudio-tecnico-para-definir-ubicacion-del-puerto-fueguino\\\/\"]}]},{\"@type\":\"ImageObject\",\"inLanguage\":\"es\",\"@id\":\"https:\\\/\\\/patagoniambiental.com.ar\\\/info\\\/avanza-estudio-tecnico-para-definir-ubicacion-del-puerto-fueguino\\\/#primaryimage\",\"url\":\"https:\\\/\\\/patagoniambiental.com.ar\\\/info\\\/wp-content\\\/uploads\\\/2021\\\/08\\\/202108161016109acb5a14e8e95e6c68976ea6d14c382d.jpg\",\"contentUrl\":\"https:\\\/\\\/patagoniambiental.com.ar\\\/info\\\/wp-content\\\/uploads\\\/2021\\\/08\\\/202108161016109acb5a14e8e95e6c68976ea6d14c382d.jpg\",\"width\":800,\"height\":533},{\"@type\":\"BreadcrumbList\",\"@id\":\"https:\\\/\\\/patagoniambiental.com.ar\\\/info\\\/avanza-estudio-tecnico-para-definir-ubicacion-del-puerto-fueguino\\\/#breadcrumb\",\"itemListElement\":[{\"@type\":\"ListItem\",\"position\":1,\"name\":\"Inicio\",\"item\":\"https:\\\/\\\/patagoniambiental.com.ar\\\/info\\\/\"},{\"@type\":\"ListItem\",\"position\":2,\"name\":\"Avanza estudio t\u00e9cnico para definir ubicaci\u00f3n del puerto fueguino\"}]},{\"@type\":\"WebSite\",\"@id\":\"https:\\\/\\\/patagoniambiental.com.ar\\\/info\\\/#website\",\"url\":\"https:\\\/\\\/patagoniambiental.com.ar\\\/info\\\/\",\"name\":\"Patagonia Ambiental\",\"description\":\"Monitoreo y an\u00e1lisis de la situaci\u00f3n geopol\u00edtica en el mundo y su implicancia en la Patagonia\",\"publisher\":{\"@id\":\"https:\\\/\\\/patagoniambiental.com.ar\\\/info\\\/#organization\"},\"potentialAction\":[{\"@type\":\"SearchAction\",\"target\":{\"@type\":\"EntryPoint\",\"urlTemplate\":\"https:\\\/\\\/patagoniambiental.com.ar\\\/info\\\/?s={search_term_string}\"},\"query-input\":{\"@type\":\"PropertyValueSpecification\",\"valueRequired\":true,\"valueName\":\"search_term_string\"}}],\"inLanguage\":\"es\"},{\"@type\":\"Organization\",\"@id\":\"https:\\\/\\\/patagoniambiental.com.ar\\\/info\\\/#organization\",\"name\":\"Patagonia Ambiental\",\"url\":\"https:\\\/\\\/patagoniambiental.com.ar\\\/info\\\/\",\"logo\":{\"@type\":\"ImageObject\",\"inLanguage\":\"es\",\"@id\":\"https:\\\/\\\/patagoniambiental.com.ar\\\/info\\\/#\\\/schema\\\/logo\\\/image\\\/\",\"url\":\"https:\\\/\\\/patagoniambiental.com.ar\\\/info\\\/wp-content\\\/uploads\\\/2025\\\/05\\\/LOGO-PATAGONIA-AMBIENTAL.png\",\"contentUrl\":\"https:\\\/\\\/patagoniambiental.com.ar\\\/info\\\/wp-content\\\/uploads\\\/2025\\\/05\\\/LOGO-PATAGONIA-AMBIENTAL.png\",\"width\":433,\"height\":250,\"caption\":\"Patagonia Ambiental\"},\"image\":{\"@id\":\"https:\\\/\\\/patagoniambiental.com.ar\\\/info\\\/#\\\/schema\\\/logo\\\/image\\\/\"},\"sameAs\":[\"https:\\\/\\\/www.facebook.com\\\/patagonia.ambiental\",\"https:\\\/\\\/x.com\\\/PatAmb\"]},{\"@type\":\"Person\",\"@id\":\"https:\\\/\\\/patagoniambiental.com.ar\\\/info\\\/#\\\/schema\\\/person\\\/e5af09d700b2e82cb10c6b8800e0c691\",\"name\":\"BRAIAN ESTEVEZ\",\"sameAs\":[\"http:\\\/\\\/www.patagoniambiental.com.ar\"]}]}<\/script>\n<!-- \/ Yoast SEO Premium plugin. -->","yoast_head_json":{"title":"Avanza estudio t\u00e9cnico para definir ubicaci\u00f3n del puerto fueguino","robots":{"index":"index","follow":"follow","max-snippet":"max-snippet:-1","max-image-preview":"max-image-preview:large","max-video-preview":"max-video-preview:-1"},"canonical":"https:\/\/patagoniambiental.com.ar\/info\/avanza-estudio-tecnico-para-definir-ubicacion-del-puerto-fueguino\/","og_locale":"es_ES","og_type":"article","og_title":"Avanza estudio t\u00e9cnico para definir ubicaci\u00f3n del puerto fueguino","og_url":"https:\/\/patagoniambiental.com.ar\/info\/avanza-estudio-tecnico-para-definir-ubicacion-del-puerto-fueguino\/","og_site_name":"Patagonia Ambiental","article_publisher":"https:\/\/www.facebook.com\/patagonia.ambiental","article_published_time":"2021-08-18T10:00:00+00:00","article_modified_time":"2021-08-18T13:11:10+00:00","og_image":[{"width":800,"height":533,"url":"https:\/\/patagoniambiental.com.ar\/info\/wp-content\/uploads\/2021\/08\/202108161016109acb5a14e8e95e6c68976ea6d14c382d.jpg","type":"image\/jpeg"}],"author":"BRAIAN ESTEVEZ","twitter_card":"summary_large_image","twitter_creator":"@PatAmb","twitter_site":"@PatAmb","schema":{"@context":"https:\/\/schema.org","@graph":[{"@type":"Article","@id":"https:\/\/patagoniambiental.com.ar\/info\/avanza-estudio-tecnico-para-definir-ubicacion-del-puerto-fueguino\/#article","isPartOf":{"@id":"https:\/\/patagoniambiental.com.ar\/info\/avanza-estudio-tecnico-para-definir-ubicacion-del-puerto-fueguino\/"},"author":{"name":"BRAIAN ESTEVEZ","@id":"https:\/\/patagoniambiental.com.ar\/info\/#\/schema\/person\/e5af09d700b2e82cb10c6b8800e0c691"},"headline":"Avanza estudio t\u00e9cnico para definir ubicaci\u00f3n del puerto fueguino","datePublished":"2021-08-18T10:00:00+00:00","dateModified":"2021-08-18T13:11:10+00:00","mainEntityOfPage":{"@id":"https:\/\/patagoniambiental.com.ar\/info\/avanza-estudio-tecnico-para-definir-ubicacion-del-puerto-fueguino\/"},"wordCount":618,"commentCount":0,"publisher":{"@id":"https:\/\/patagoniambiental.com.ar\/info\/#organization"},"image":{"@id":"https:\/\/patagoniambiental.com.ar\/info\/avanza-estudio-tecnico-para-definir-ubicacion-del-puerto-fueguino\/#primaryimage"},"thumbnailUrl":"https:\/\/patagoniambiental.com.ar\/info\/wp-content\/uploads\/2021\/08\/202108161016109acb5a14e8e95e6c68976ea6d14c382d.jpg","articleSection":["Bolet\u00edn","Noticias","Provinciales","Rotador","Tierra del Fuego"],"inLanguage":"es","potentialAction":[{"@type":"CommentAction","name":"Comment","target":["https:\/\/patagoniambiental.com.ar\/info\/avanza-estudio-tecnico-para-definir-ubicacion-del-puerto-fueguino\/#respond"]}]},{"@type":"WebPage","@id":"https:\/\/patagoniambiental.com.ar\/info\/avanza-estudio-tecnico-para-definir-ubicacion-del-puerto-fueguino\/","url":"https:\/\/patagoniambiental.com.ar\/info\/avanza-estudio-tecnico-para-definir-ubicacion-del-puerto-fueguino\/","name":"Avanza estudio t\u00e9cnico para definir ubicaci\u00f3n del puerto fueguino","isPartOf":{"@id":"https:\/\/patagoniambiental.com.ar\/info\/#website"},"primaryImageOfPage":{"@id":"https:\/\/patagoniambiental.com.ar\/info\/avanza-estudio-tecnico-para-definir-ubicacion-del-puerto-fueguino\/#primaryimage"},"image":{"@id":"https:\/\/patagoniambiental.com.ar\/info\/avanza-estudio-tecnico-para-definir-ubicacion-del-puerto-fueguino\/#primaryimage"},"thumbnailUrl":"https:\/\/patagoniambiental.com.ar\/info\/wp-content\/uploads\/2021\/08\/202108161016109acb5a14e8e95e6c68976ea6d14c382d.jpg","datePublished":"2021-08-18T10:00:00+00:00","dateModified":"2021-08-18T13:11:10+00:00","breadcrumb":{"@id":"https:\/\/patagoniambiental.com.ar\/info\/avanza-estudio-tecnico-para-definir-ubicacion-del-puerto-fueguino\/#breadcrumb"},"inLanguage":"es","potentialAction":[{"@type":"ReadAction","target":["https:\/\/patagoniambiental.com.ar\/info\/avanza-estudio-tecnico-para-definir-ubicacion-del-puerto-fueguino\/"]}]},{"@type":"ImageObject","inLanguage":"es","@id":"https:\/\/patagoniambiental.com.ar\/info\/avanza-estudio-tecnico-para-definir-ubicacion-del-puerto-fueguino\/#primaryimage","url":"https:\/\/patagoniambiental.com.ar\/info\/wp-content\/uploads\/2021\/08\/202108161016109acb5a14e8e95e6c68976ea6d14c382d.jpg","contentUrl":"https:\/\/patagoniambiental.com.ar\/info\/wp-content\/uploads\/2021\/08\/202108161016109acb5a14e8e95e6c68976ea6d14c382d.jpg","width":800,"height":533},{"@type":"BreadcrumbList","@id":"https:\/\/patagoniambiental.com.ar\/info\/avanza-estudio-tecnico-para-definir-ubicacion-del-puerto-fueguino\/#breadcrumb","itemListElement":[{"@type":"ListItem","position":1,"name":"Inicio","item":"https:\/\/patagoniambiental.com.ar\/info\/"},{"@type":"ListItem","position":2,"name":"Avanza estudio t\u00e9cnico para definir ubicaci\u00f3n del puerto fueguino"}]},{"@type":"WebSite","@id":"https:\/\/patagoniambiental.com.ar\/info\/#website","url":"https:\/\/patagoniambiental.com.ar\/info\/","name":"Patagonia Ambiental","description":"Monitoreo y an\u00e1lisis de la situaci\u00f3n geopol\u00edtica en el mundo y su implicancia en la Patagonia","publisher":{"@id":"https:\/\/patagoniambiental.com.ar\/info\/#organization"},"potentialAction":[{"@type":"SearchAction","target":{"@type":"EntryPoint","urlTemplate":"https:\/\/patagoniambiental.com.ar\/info\/?s={search_term_string}"},"query-input":{"@type":"PropertyValueSpecification","valueRequired":true,"valueName":"search_term_string"}}],"inLanguage":"es"},{"@type":"Organization","@id":"https:\/\/patagoniambiental.com.ar\/info\/#organization","name":"Patagonia Ambiental","url":"https:\/\/patagoniambiental.com.ar\/info\/","logo":{"@type":"ImageObject","inLanguage":"es","@id":"https:\/\/patagoniambiental.com.ar\/info\/#\/schema\/logo\/image\/","url":"https:\/\/patagoniambiental.com.ar\/info\/wp-content\/uploads\/2025\/05\/LOGO-PATAGONIA-AMBIENTAL.png","contentUrl":"https:\/\/patagoniambiental.com.ar\/info\/wp-content\/uploads\/2025\/05\/LOGO-PATAGONIA-AMBIENTAL.png","width":433,"height":250,"caption":"Patagonia Ambiental"},"image":{"@id":"https:\/\/patagoniambiental.com.ar\/info\/#\/schema\/logo\/image\/"},"sameAs":["https:\/\/www.facebook.com\/patagonia.ambiental","https:\/\/x.com\/PatAmb"]},{"@type":"Person","@id":"https:\/\/patagoniambiental.com.ar\/info\/#\/schema\/person\/e5af09d700b2e82cb10c6b8800e0c691","name":"BRAIAN ESTEVEZ","sameAs":["http:\/\/www.patagoniambiental.com.ar"]}]}},"_links":{"self":[{"href":"https:\/\/patagoniambiental.com.ar\/info\/wp-json\/wp\/v2\/posts\/73852","targetHints":{"allow":["GET"]}}],"collection":[{"href":"https:\/\/patagoniambiental.com.ar\/info\/wp-json\/wp\/v2\/posts"}],"about":[{"href":"https:\/\/patagoniambiental.com.ar\/info\/wp-json\/wp\/v2\/types\/post"}],"author":[{"embeddable":true,"href":"https:\/\/patagoniambiental.com.ar\/info\/wp-json\/wp\/v2\/users\/6"}],"replies":[{"embeddable":true,"href":"https:\/\/patagoniambiental.com.ar\/info\/wp-json\/wp\/v2\/comments?post=73852"}],"version-history":[{"count":0,"href":"https:\/\/patagoniambiental.com.ar\/info\/wp-json\/wp\/v2\/posts\/73852\/revisions"}],"wp:featuredmedia":[{"embeddable":true,"href":"https:\/\/patagoniambiental.com.ar\/info\/wp-json\/wp\/v2\/media\/73853"}],"wp:attachment":[{"href":"https:\/\/patagoniambiental.com.ar\/info\/wp-json\/wp\/v2\/media?parent=73852"}],"wp:term":[{"taxonomy":"category","embeddable":true,"href":"https:\/\/patagoniambiental.com.ar\/info\/wp-json\/wp\/v2\/categories?post=73852"},{"taxonomy":"post_tag","embeddable":true,"href":"https:\/\/patagoniambiental.com.ar\/info\/wp-json\/wp\/v2\/tags?post=73852"}],"curies":[{"name":"wp","href":"https:\/\/api.w.org\/{rel}","templated":true}]}}