{"id":73855,"date":"2021-08-18T19:00:00","date_gmt":"2021-08-18T22:00:00","guid":{"rendered":"http:\/\/patagoniambiental.com.ar\/info\/?p=73855"},"modified":"2021-08-18T10:14:10","modified_gmt":"2021-08-18T13:14:10","slug":"la-secretaria-de-ambiente-del-gobierno-de-tierra-del-fuego-y-el-servicio-meteorologico-iniciaron-la-campana-de-ozono-sondeo-2021","status":"publish","type":"post","link":"https:\/\/patagoniambiental.com.ar\/info\/la-secretaria-de-ambiente-del-gobierno-de-tierra-del-fuego-y-el-servicio-meteorologico-iniciaron-la-campana-de-ozono-sondeo-2021\/","title":{"rendered":"La Secretar\u00eda de Ambiente del Gobierno de Tierra del Fuego y el Servicio Meteorol\u00f3gico iniciaron la Campa\u00f1a de Ozono-Sondeo 2021"},"content":{"rendered":"\n<!--more-->\n\n\n\n<p>Tierra del Fuego, AIAS.-La Secretar\u00eda de Ambiente a trav\u00e9s de la Direcci\u00f3n de Cambio Clim\u00e1tico y en conjunto con el Servicio Meteorol\u00f3gico Nacional, dieron comienzo a los sondeos de ozono en la Estaci\u00f3n de Vigilancia Atmosf\u00e9rica Global (VAG), para obtener y estudiar las variaciones de la capa de ozono de este a\u00f1o.<\/p>\n\n\n\n<p>Una vez por semana -si el clima lo permite- desde el mes de agosto hasta noviembre inclusive (dando un total de 14 lanzamientos) se dispondr\u00e1n instrumentos de medici\u00f3n vinculados a un globo de gran dimensi\u00f3n inflado con gas helio, que ascender\u00e1 hasta unos 35 kil\u00f3metros de altitud y, a medida que la sonda suba, medir\u00e1 de manera constante el ozono y los par\u00e1metros atmosf\u00e9ricos como por ejemplo: la temperatura, la humedad, la presi\u00f3n, etc.<\/p>\n\n\n\n<figure class=\"wp-block-image\"><img decoding=\"async\" src=\"https:\/\/www.tierradelfuego.gob.ar\/wp-content\/uploads\/2021\/08\/ozono1.jpg\" alt=\"\" class=\"wp-image-49789\"\/><\/figure>\n\n\n\n<p>El director de la Direcci\u00f3n de Cambio Clim\u00e1tico de Tierra del Fuego, Sergio Camargo coment\u00f3 que \u201chace varios a\u00f1os, el agujero en la superficie de la capa de ozono estaba en constante reducci\u00f3n, el a\u00f1o pasado, cuando terminamos de procesar los datos, nos alarmamos al ver que el agujero en la capa hab\u00eda aumentado su tama\u00f1o. Estamos ansiosos de ver los resultados de este a\u00f1o para ver en qu\u00e9 estado est\u00e1\u201d.<\/p>\n\n\n\n<p>Desde 1992, la Estaci\u00f3n VAG, que fue creada con el objetivo de monitorear el ozono de superficie y troposf\u00e9rico, es sede de estas importantes mediciones de ozono y otras, como los gases de efecto invernadero (GEIs), el di\u00f3xido de Carbono (CO2), el Metano (CH4) y el \u00d3xido Nitroso entre Otros (N2O), tan importantes para entender la din\u00e1mica de los mismos y su influencia directa en el Cambio Clim\u00e1tico Global.<\/p>\n\n\n\n<p>Para comienzos de diciembre se espera que la Direcci\u00f3n de Cambio Clim\u00e1tico de la Secretar\u00eda de Ambiente, junto al Servicio Meteorol\u00f3gico Nacional, terminen de analizar y comparar los datos obtenidos con a\u00f1os anteriores, y as\u00ed, detectar qu\u00e9 es lo que sucede con la capa.<\/p>\n\n\n\n<p>Fuente: https:\/\/www.tierradelfuego.gob.ar\/la-secretaria-de-ambiente-y-el-servicio-meteorologico-iniciaron-la-campana-de-ozono-sondeo-2021\/<\/p>\n","protected":false},"excerpt":{"rendered":"","protected":false},"author":6,"featured_media":73856,"comment_status":"open","ping_status":"open","sticky":false,"template":"","format":"standard","meta":{"site-sidebar-layout":"default","site-content-layout":"","ast-site-content-layout":"default","site-content-style":"default","site-sidebar-style":"default","ast-global-header-display":"","ast-banner-title-visibility":"","ast-main-header-display":"","ast-hfb-above-header-display":"","ast-hfb-below-header-display":"","ast-hfb-mobile-header-display":"","site-post-title":"","ast-breadcrumbs-content":"","ast-featured-img":"","footer-sml-layout":"","ast-disable-related-posts":"","theme-transparent-header-meta":"","adv-header-id-meta":"","stick-header-meta":"","header-above-stick-meta":"","header-main-stick-meta":"","header-below-stick-meta":"","astra-migrate-meta-layouts":"default","ast-page-background-enabled":"default","ast-page-background-meta":{"desktop":{"background-color":"var(--ast-global-color-5)","background-image":"","background-repeat":"repeat","background-position":"center center","background-size":"auto","background-attachment":"scroll","background-type":"","background-media":"","overlay-type":"","overlay-color":"","overlay-opacity":"","overlay-gradient":""},"tablet":{"background-color":"","background-image":"","background-repeat":"repeat","background-position":"center center","background-size":"auto","background-attachment":"scroll","background-type":"","background-media":"","overlay-type":"","overlay-color":"","overlay-opacity":"","overlay-gradient":""},"mobile":{"background-color":"","background-image":"","background-repeat":"repeat","background-position":"center center","background-size":"auto","background-attachment":"scroll","background-type":"","background-media":"","overlay-type":"","overlay-color":"","overlay-opacity":"","overlay-gradient":""}},"ast-content-background-meta":{"desktop":{"background-color":"var(--ast-global-color-4)","background-image":"","background-repeat":"repeat","background-position":"center center","background-size":"auto","background-attachment":"scroll","background-type":"","background-media":"","overlay-type":"","overlay-color":"","overlay-opacity":"","overlay-gradient":""},"tablet":{"background-color":"var(--ast-global-color-4)","background-image":"","background-repeat":"repeat","background-position":"center center","background-size":"auto","background-attachment":"scroll","background-type":"","background-media":"","overlay-type":"","overlay-color":"","overlay-opacity":"","overlay-gradient":""},"mobile":{"background-color":"var(--ast-global-color-4)","background-image":"","background-repeat":"repeat","background-position":"center center","background-size":"auto","background-attachment":"scroll","background-type":"","background-media":"","overlay-type":"","overlay-color":"","overlay-opacity":"","overlay-gradient":""}},"footnotes":""},"categories":[1,13,25],"tags":[],"class_list":["post-73855","post","type-post","status-publish","format-standard","has-post-thumbnail","hentry","category-noticias","category-provinciales","category-tierra-del-fuego"],"yoast_head":"<!-- This site is optimized with the Yoast SEO Premium plugin v23.0 (Yoast SEO v27.5) - https:\/\/yoast.com\/product\/yoast-seo-premium-wordpress\/ -->\n<title>La Secretar\u00eda de Ambiente del Gobierno de Tierra del Fuego y el Servicio Meteorol\u00f3gico iniciaron la Campa\u00f1a de Ozono-Sondeo 2021<\/title>\n<meta name=\"robots\" content=\"index, follow, max-snippet:-1, max-image-preview:large, max-video-preview:-1\" \/>\n<link rel=\"canonical\" href=\"https:\/\/patagoniambiental.com.ar\/info\/la-secretaria-de-ambiente-del-gobierno-de-tierra-del-fuego-y-el-servicio-meteorologico-iniciaron-la-campana-de-ozono-sondeo-2021\/\" \/>\n<meta property=\"og:locale\" content=\"es_ES\" \/>\n<meta property=\"og:type\" content=\"article\" \/>\n<meta property=\"og:title\" content=\"La Secretar\u00eda de Ambiente del Gobierno de Tierra del Fuego y el Servicio Meteorol\u00f3gico iniciaron la Campa\u00f1a de Ozono-Sondeo 2021\" \/>\n<meta property=\"og:url\" content=\"https:\/\/patagoniambiental.com.ar\/info\/la-secretaria-de-ambiente-del-gobierno-de-tierra-del-fuego-y-el-servicio-meteorologico-iniciaron-la-campana-de-ozono-sondeo-2021\/\" \/>\n<meta property=\"og:site_name\" content=\"Patagonia Ambiental\" \/>\n<meta property=\"article:publisher\" content=\"https:\/\/www.facebook.com\/patagonia.ambiental\" \/>\n<meta property=\"article:published_time\" content=\"2021-08-18T22:00:00+00:00\" \/>\n<meta property=\"og:image\" content=\"https:\/\/patagoniambiental.com.ar\/info\/wp-content\/uploads\/2021\/08\/ozono-e1629142191464.jpg\" \/>\n\t<meta property=\"og:image:width\" content=\"529\" \/>\n\t<meta property=\"og:image:height\" content=\"353\" \/>\n\t<meta property=\"og:image:type\" content=\"image\/jpeg\" \/>\n<meta name=\"author\" content=\"BRAIAN ESTEVEZ\" \/>\n<meta name=\"twitter:card\" content=\"summary_large_image\" \/>\n<meta name=\"twitter:creator\" content=\"@PatAmb\" \/>\n<meta name=\"twitter:site\" content=\"@PatAmb\" \/>\n<script type=\"application\/ld+json\" class=\"yoast-schema-graph\">{\"@context\":\"https:\\\/\\\/schema.org\",\"@graph\":[{\"@type\":\"Article\",\"@id\":\"https:\\\/\\\/patagoniambiental.com.ar\\\/info\\\/la-secretaria-de-ambiente-del-gobierno-de-tierra-del-fuego-y-el-servicio-meteorologico-iniciaron-la-campana-de-ozono-sondeo-2021\\\/#article\",\"isPartOf\":{\"@id\":\"https:\\\/\\\/patagoniambiental.com.ar\\\/info\\\/la-secretaria-de-ambiente-del-gobierno-de-tierra-del-fuego-y-el-servicio-meteorologico-iniciaron-la-campana-de-ozono-sondeo-2021\\\/\"},\"author\":{\"name\":\"BRAIAN ESTEVEZ\",\"@id\":\"https:\\\/\\\/patagoniambiental.com.ar\\\/info\\\/#\\\/schema\\\/person\\\/e5af09d700b2e82cb10c6b8800e0c691\"},\"headline\":\"La Secretar\u00eda de Ambiente del Gobierno de Tierra del Fuego y el Servicio Meteorol\u00f3gico iniciaron la Campa\u00f1a de Ozono-Sondeo 2021\",\"datePublished\":\"2021-08-18T22:00:00+00:00\",\"mainEntityOfPage\":{\"@id\":\"https:\\\/\\\/patagoniambiental.com.ar\\\/info\\\/la-secretaria-de-ambiente-del-gobierno-de-tierra-del-fuego-y-el-servicio-meteorologico-iniciaron-la-campana-de-ozono-sondeo-2021\\\/\"},\"wordCount\":371,\"commentCount\":0,\"publisher\":{\"@id\":\"https:\\\/\\\/patagoniambiental.com.ar\\\/info\\\/#organization\"},\"image\":{\"@id\":\"https:\\\/\\\/patagoniambiental.com.ar\\\/info\\\/la-secretaria-de-ambiente-del-gobierno-de-tierra-del-fuego-y-el-servicio-meteorologico-iniciaron-la-campana-de-ozono-sondeo-2021\\\/#primaryimage\"},\"thumbnailUrl\":\"https:\\\/\\\/patagoniambiental.com.ar\\\/info\\\/wp-content\\\/uploads\\\/2021\\\/08\\\/ozono-e1629142191464.jpg\",\"articleSection\":[\"Noticias\",\"Provinciales\",\"Tierra del Fuego\"],\"inLanguage\":\"es\",\"potentialAction\":[{\"@type\":\"CommentAction\",\"name\":\"Comment\",\"target\":[\"https:\\\/\\\/patagoniambiental.com.ar\\\/info\\\/la-secretaria-de-ambiente-del-gobierno-de-tierra-del-fuego-y-el-servicio-meteorologico-iniciaron-la-campana-de-ozono-sondeo-2021\\\/#respond\"]}]},{\"@type\":\"WebPage\",\"@id\":\"https:\\\/\\\/patagoniambiental.com.ar\\\/info\\\/la-secretaria-de-ambiente-del-gobierno-de-tierra-del-fuego-y-el-servicio-meteorologico-iniciaron-la-campana-de-ozono-sondeo-2021\\\/\",\"url\":\"https:\\\/\\\/patagoniambiental.com.ar\\\/info\\\/la-secretaria-de-ambiente-del-gobierno-de-tierra-del-fuego-y-el-servicio-meteorologico-iniciaron-la-campana-de-ozono-sondeo-2021\\\/\",\"name\":\"La Secretar\u00eda de Ambiente del Gobierno de Tierra del Fuego y el Servicio Meteorol\u00f3gico iniciaron la Campa\u00f1a de Ozono-Sondeo 2021\",\"isPartOf\":{\"@id\":\"https:\\\/\\\/patagoniambiental.com.ar\\\/info\\\/#website\"},\"primaryImageOfPage\":{\"@id\":\"https:\\\/\\\/patagoniambiental.com.ar\\\/info\\\/la-secretaria-de-ambiente-del-gobierno-de-tierra-del-fuego-y-el-servicio-meteorologico-iniciaron-la-campana-de-ozono-sondeo-2021\\\/#primaryimage\"},\"image\":{\"@id\":\"https:\\\/\\\/patagoniambiental.com.ar\\\/info\\\/la-secretaria-de-ambiente-del-gobierno-de-tierra-del-fuego-y-el-servicio-meteorologico-iniciaron-la-campana-de-ozono-sondeo-2021\\\/#primaryimage\"},\"thumbnailUrl\":\"https:\\\/\\\/patagoniambiental.com.ar\\\/info\\\/wp-content\\\/uploads\\\/2021\\\/08\\\/ozono-e1629142191464.jpg\",\"datePublished\":\"2021-08-18T22:00:00+00:00\",\"breadcrumb\":{\"@id\":\"https:\\\/\\\/patagoniambiental.com.ar\\\/info\\\/la-secretaria-de-ambiente-del-gobierno-de-tierra-del-fuego-y-el-servicio-meteorologico-iniciaron-la-campana-de-ozono-sondeo-2021\\\/#breadcrumb\"},\"inLanguage\":\"es\",\"potentialAction\":[{\"@type\":\"ReadAction\",\"target\":[\"https:\\\/\\\/patagoniambiental.com.ar\\\/info\\\/la-secretaria-de-ambiente-del-gobierno-de-tierra-del-fuego-y-el-servicio-meteorologico-iniciaron-la-campana-de-ozono-sondeo-2021\\\/\"]}]},{\"@type\":\"ImageObject\",\"inLanguage\":\"es\",\"@id\":\"https:\\\/\\\/patagoniambiental.com.ar\\\/info\\\/la-secretaria-de-ambiente-del-gobierno-de-tierra-del-fuego-y-el-servicio-meteorologico-iniciaron-la-campana-de-ozono-sondeo-2021\\\/#primaryimage\",\"url\":\"https:\\\/\\\/patagoniambiental.com.ar\\\/info\\\/wp-content\\\/uploads\\\/2021\\\/08\\\/ozono-e1629142191464.jpg\",\"contentUrl\":\"https:\\\/\\\/patagoniambiental.com.ar\\\/info\\\/wp-content\\\/uploads\\\/2021\\\/08\\\/ozono-e1629142191464.jpg\",\"width\":529,\"height\":353},{\"@type\":\"BreadcrumbList\",\"@id\":\"https:\\\/\\\/patagoniambiental.com.ar\\\/info\\\/la-secretaria-de-ambiente-del-gobierno-de-tierra-del-fuego-y-el-servicio-meteorologico-iniciaron-la-campana-de-ozono-sondeo-2021\\\/#breadcrumb\",\"itemListElement\":[{\"@type\":\"ListItem\",\"position\":1,\"name\":\"Inicio\",\"item\":\"https:\\\/\\\/patagoniambiental.com.ar\\\/info\\\/\"},{\"@type\":\"ListItem\",\"position\":2,\"name\":\"La Secretar\u00eda de Ambiente del Gobierno de Tierra del Fuego y el Servicio Meteorol\u00f3gico iniciaron la Campa\u00f1a de Ozono-Sondeo 2021\"}]},{\"@type\":\"WebSite\",\"@id\":\"https:\\\/\\\/patagoniambiental.com.ar\\\/info\\\/#website\",\"url\":\"https:\\\/\\\/patagoniambiental.com.ar\\\/info\\\/\",\"name\":\"Patagonia Ambiental\",\"description\":\"Monitoreo y an\u00e1lisis de la situaci\u00f3n geopol\u00edtica en el mundo y su implicancia en la Patagonia\",\"publisher\":{\"@id\":\"https:\\\/\\\/patagoniambiental.com.ar\\\/info\\\/#organization\"},\"potentialAction\":[{\"@type\":\"SearchAction\",\"target\":{\"@type\":\"EntryPoint\",\"urlTemplate\":\"https:\\\/\\\/patagoniambiental.com.ar\\\/info\\\/?s={search_term_string}\"},\"query-input\":{\"@type\":\"PropertyValueSpecification\",\"valueRequired\":true,\"valueName\":\"search_term_string\"}}],\"inLanguage\":\"es\"},{\"@type\":\"Organization\",\"@id\":\"https:\\\/\\\/patagoniambiental.com.ar\\\/info\\\/#organization\",\"name\":\"Patagonia Ambiental\",\"url\":\"https:\\\/\\\/patagoniambiental.com.ar\\\/info\\\/\",\"logo\":{\"@type\":\"ImageObject\",\"inLanguage\":\"es\",\"@id\":\"https:\\\/\\\/patagoniambiental.com.ar\\\/info\\\/#\\\/schema\\\/logo\\\/image\\\/\",\"url\":\"https:\\\/\\\/patagoniambiental.com.ar\\\/info\\\/wp-content\\\/uploads\\\/2025\\\/05\\\/LOGO-PATAGONIA-AMBIENTAL.png\",\"contentUrl\":\"https:\\\/\\\/patagoniambiental.com.ar\\\/info\\\/wp-content\\\/uploads\\\/2025\\\/05\\\/LOGO-PATAGONIA-AMBIENTAL.png\",\"width\":433,\"height\":250,\"caption\":\"Patagonia Ambiental\"},\"image\":{\"@id\":\"https:\\\/\\\/patagoniambiental.com.ar\\\/info\\\/#\\\/schema\\\/logo\\\/image\\\/\"},\"sameAs\":[\"https:\\\/\\\/www.facebook.com\\\/patagonia.ambiental\",\"https:\\\/\\\/x.com\\\/PatAmb\"]},{\"@type\":\"Person\",\"@id\":\"https:\\\/\\\/patagoniambiental.com.ar\\\/info\\\/#\\\/schema\\\/person\\\/e5af09d700b2e82cb10c6b8800e0c691\",\"name\":\"BRAIAN ESTEVEZ\",\"sameAs\":[\"http:\\\/\\\/www.patagoniambiental.com.ar\"]}]}<\/script>\n<!-- \/ Yoast SEO Premium plugin. -->","yoast_head_json":{"title":"La Secretar\u00eda de Ambiente del Gobierno de Tierra del Fuego y el Servicio Meteorol\u00f3gico iniciaron la Campa\u00f1a de Ozono-Sondeo 2021","robots":{"index":"index","follow":"follow","max-snippet":"max-snippet:-1","max-image-preview":"max-image-preview:large","max-video-preview":"max-video-preview:-1"},"canonical":"https:\/\/patagoniambiental.com.ar\/info\/la-secretaria-de-ambiente-del-gobierno-de-tierra-del-fuego-y-el-servicio-meteorologico-iniciaron-la-campana-de-ozono-sondeo-2021\/","og_locale":"es_ES","og_type":"article","og_title":"La Secretar\u00eda de Ambiente del Gobierno de Tierra del Fuego y el Servicio Meteorol\u00f3gico iniciaron la Campa\u00f1a de Ozono-Sondeo 2021","og_url":"https:\/\/patagoniambiental.com.ar\/info\/la-secretaria-de-ambiente-del-gobierno-de-tierra-del-fuego-y-el-servicio-meteorologico-iniciaron-la-campana-de-ozono-sondeo-2021\/","og_site_name":"Patagonia Ambiental","article_publisher":"https:\/\/www.facebook.com\/patagonia.ambiental","article_published_time":"2021-08-18T22:00:00+00:00","og_image":[{"width":529,"height":353,"url":"https:\/\/patagoniambiental.com.ar\/info\/wp-content\/uploads\/2021\/08\/ozono-e1629142191464.jpg","type":"image\/jpeg"}],"author":"BRAIAN ESTEVEZ","twitter_card":"summary_large_image","twitter_creator":"@PatAmb","twitter_site":"@PatAmb","schema":{"@context":"https:\/\/schema.org","@graph":[{"@type":"Article","@id":"https:\/\/patagoniambiental.com.ar\/info\/la-secretaria-de-ambiente-del-gobierno-de-tierra-del-fuego-y-el-servicio-meteorologico-iniciaron-la-campana-de-ozono-sondeo-2021\/#article","isPartOf":{"@id":"https:\/\/patagoniambiental.com.ar\/info\/la-secretaria-de-ambiente-del-gobierno-de-tierra-del-fuego-y-el-servicio-meteorologico-iniciaron-la-campana-de-ozono-sondeo-2021\/"},"author":{"name":"BRAIAN ESTEVEZ","@id":"https:\/\/patagoniambiental.com.ar\/info\/#\/schema\/person\/e5af09d700b2e82cb10c6b8800e0c691"},"headline":"La Secretar\u00eda de Ambiente del Gobierno de Tierra del Fuego y el Servicio Meteorol\u00f3gico iniciaron la Campa\u00f1a de Ozono-Sondeo 2021","datePublished":"2021-08-18T22:00:00+00:00","mainEntityOfPage":{"@id":"https:\/\/patagoniambiental.com.ar\/info\/la-secretaria-de-ambiente-del-gobierno-de-tierra-del-fuego-y-el-servicio-meteorologico-iniciaron-la-campana-de-ozono-sondeo-2021\/"},"wordCount":371,"commentCount":0,"publisher":{"@id":"https:\/\/patagoniambiental.com.ar\/info\/#organization"},"image":{"@id":"https:\/\/patagoniambiental.com.ar\/info\/la-secretaria-de-ambiente-del-gobierno-de-tierra-del-fuego-y-el-servicio-meteorologico-iniciaron-la-campana-de-ozono-sondeo-2021\/#primaryimage"},"thumbnailUrl":"https:\/\/patagoniambiental.com.ar\/info\/wp-content\/uploads\/2021\/08\/ozono-e1629142191464.jpg","articleSection":["Noticias","Provinciales","Tierra del Fuego"],"inLanguage":"es","potentialAction":[{"@type":"CommentAction","name":"Comment","target":["https:\/\/patagoniambiental.com.ar\/info\/la-secretaria-de-ambiente-del-gobierno-de-tierra-del-fuego-y-el-servicio-meteorologico-iniciaron-la-campana-de-ozono-sondeo-2021\/#respond"]}]},{"@type":"WebPage","@id":"https:\/\/patagoniambiental.com.ar\/info\/la-secretaria-de-ambiente-del-gobierno-de-tierra-del-fuego-y-el-servicio-meteorologico-iniciaron-la-campana-de-ozono-sondeo-2021\/","url":"https:\/\/patagoniambiental.com.ar\/info\/la-secretaria-de-ambiente-del-gobierno-de-tierra-del-fuego-y-el-servicio-meteorologico-iniciaron-la-campana-de-ozono-sondeo-2021\/","name":"La Secretar\u00eda de Ambiente del Gobierno de Tierra del Fuego y el Servicio Meteorol\u00f3gico iniciaron la Campa\u00f1a de Ozono-Sondeo 2021","isPartOf":{"@id":"https:\/\/patagoniambiental.com.ar\/info\/#website"},"primaryImageOfPage":{"@id":"https:\/\/patagoniambiental.com.ar\/info\/la-secretaria-de-ambiente-del-gobierno-de-tierra-del-fuego-y-el-servicio-meteorologico-iniciaron-la-campana-de-ozono-sondeo-2021\/#primaryimage"},"image":{"@id":"https:\/\/patagoniambiental.com.ar\/info\/la-secretaria-de-ambiente-del-gobierno-de-tierra-del-fuego-y-el-servicio-meteorologico-iniciaron-la-campana-de-ozono-sondeo-2021\/#primaryimage"},"thumbnailUrl":"https:\/\/patagoniambiental.com.ar\/info\/wp-content\/uploads\/2021\/08\/ozono-e1629142191464.jpg","datePublished":"2021-08-18T22:00:00+00:00","breadcrumb":{"@id":"https:\/\/patagoniambiental.com.ar\/info\/la-secretaria-de-ambiente-del-gobierno-de-tierra-del-fuego-y-el-servicio-meteorologico-iniciaron-la-campana-de-ozono-sondeo-2021\/#breadcrumb"},"inLanguage":"es","potentialAction":[{"@type":"ReadAction","target":["https:\/\/patagoniambiental.com.ar\/info\/la-secretaria-de-ambiente-del-gobierno-de-tierra-del-fuego-y-el-servicio-meteorologico-iniciaron-la-campana-de-ozono-sondeo-2021\/"]}]},{"@type":"ImageObject","inLanguage":"es","@id":"https:\/\/patagoniambiental.com.ar\/info\/la-secretaria-de-ambiente-del-gobierno-de-tierra-del-fuego-y-el-servicio-meteorologico-iniciaron-la-campana-de-ozono-sondeo-2021\/#primaryimage","url":"https:\/\/patagoniambiental.com.ar\/info\/wp-content\/uploads\/2021\/08\/ozono-e1629142191464.jpg","contentUrl":"https:\/\/patagoniambiental.com.ar\/info\/wp-content\/uploads\/2021\/08\/ozono-e1629142191464.jpg","width":529,"height":353},{"@type":"BreadcrumbList","@id":"https:\/\/patagoniambiental.com.ar\/info\/la-secretaria-de-ambiente-del-gobierno-de-tierra-del-fuego-y-el-servicio-meteorologico-iniciaron-la-campana-de-ozono-sondeo-2021\/#breadcrumb","itemListElement":[{"@type":"ListItem","position":1,"name":"Inicio","item":"https:\/\/patagoniambiental.com.ar\/info\/"},{"@type":"ListItem","position":2,"name":"La Secretar\u00eda de Ambiente del Gobierno de Tierra del Fuego y el Servicio Meteorol\u00f3gico iniciaron la Campa\u00f1a de Ozono-Sondeo 2021"}]},{"@type":"WebSite","@id":"https:\/\/patagoniambiental.com.ar\/info\/#website","url":"https:\/\/patagoniambiental.com.ar\/info\/","name":"Patagonia Ambiental","description":"Monitoreo y an\u00e1lisis de la situaci\u00f3n geopol\u00edtica en el mundo y su implicancia en la Patagonia","publisher":{"@id":"https:\/\/patagoniambiental.com.ar\/info\/#organization"},"potentialAction":[{"@type":"SearchAction","target":{"@type":"EntryPoint","urlTemplate":"https:\/\/patagoniambiental.com.ar\/info\/?s={search_term_string}"},"query-input":{"@type":"PropertyValueSpecification","valueRequired":true,"valueName":"search_term_string"}}],"inLanguage":"es"},{"@type":"Organization","@id":"https:\/\/patagoniambiental.com.ar\/info\/#organization","name":"Patagonia Ambiental","url":"https:\/\/patagoniambiental.com.ar\/info\/","logo":{"@type":"ImageObject","inLanguage":"es","@id":"https:\/\/patagoniambiental.com.ar\/info\/#\/schema\/logo\/image\/","url":"https:\/\/patagoniambiental.com.ar\/info\/wp-content\/uploads\/2025\/05\/LOGO-PATAGONIA-AMBIENTAL.png","contentUrl":"https:\/\/patagoniambiental.com.ar\/info\/wp-content\/uploads\/2025\/05\/LOGO-PATAGONIA-AMBIENTAL.png","width":433,"height":250,"caption":"Patagonia Ambiental"},"image":{"@id":"https:\/\/patagoniambiental.com.ar\/info\/#\/schema\/logo\/image\/"},"sameAs":["https:\/\/www.facebook.com\/patagonia.ambiental","https:\/\/x.com\/PatAmb"]},{"@type":"Person","@id":"https:\/\/patagoniambiental.com.ar\/info\/#\/schema\/person\/e5af09d700b2e82cb10c6b8800e0c691","name":"BRAIAN ESTEVEZ","sameAs":["http:\/\/www.patagoniambiental.com.ar"]}]}},"_links":{"self":[{"href":"https:\/\/patagoniambiental.com.ar\/info\/wp-json\/wp\/v2\/posts\/73855","targetHints":{"allow":["GET"]}}],"collection":[{"href":"https:\/\/patagoniambiental.com.ar\/info\/wp-json\/wp\/v2\/posts"}],"about":[{"href":"https:\/\/patagoniambiental.com.ar\/info\/wp-json\/wp\/v2\/types\/post"}],"author":[{"embeddable":true,"href":"https:\/\/patagoniambiental.com.ar\/info\/wp-json\/wp\/v2\/users\/6"}],"replies":[{"embeddable":true,"href":"https:\/\/patagoniambiental.com.ar\/info\/wp-json\/wp\/v2\/comments?post=73855"}],"version-history":[{"count":0,"href":"https:\/\/patagoniambiental.com.ar\/info\/wp-json\/wp\/v2\/posts\/73855\/revisions"}],"wp:featuredmedia":[{"embeddable":true,"href":"https:\/\/patagoniambiental.com.ar\/info\/wp-json\/wp\/v2\/media\/73856"}],"wp:attachment":[{"href":"https:\/\/patagoniambiental.com.ar\/info\/wp-json\/wp\/v2\/media?parent=73855"}],"wp:term":[{"taxonomy":"category","embeddable":true,"href":"https:\/\/patagoniambiental.com.ar\/info\/wp-json\/wp\/v2\/categories?post=73855"},{"taxonomy":"post_tag","embeddable":true,"href":"https:\/\/patagoniambiental.com.ar\/info\/wp-json\/wp\/v2\/tags?post=73855"}],"curies":[{"name":"wp","href":"https:\/\/api.w.org\/{rel}","templated":true}]}}