{"id":73904,"date":"2021-08-20T19:00:00","date_gmt":"2021-08-20T22:00:00","guid":{"rendered":"http:\/\/patagoniambiental.com.ar\/info\/?p=73904"},"modified":"2021-08-20T13:32:34","modified_gmt":"2021-08-20T16:32:34","slug":"acercaran-el-mundo-de-los-dinos-de-la-patagonia-a-los-mas-pequenos-en-neuquen","status":"publish","type":"post","link":"https:\/\/patagoniambiental.com.ar\/info\/acercaran-el-mundo-de-los-dinos-de-la-patagonia-a-los-mas-pequenos-en-neuquen\/","title":{"rendered":"Acercar\u00e1n el mundo de los dinos de la Patagonia a los m\u00e1s peque\u00f1os en Neuqu\u00e9n"},"content":{"rendered":"\n<!--more-->\n\n\n\n<h2 class=\"wp-block-heading\">Se trata de una muestra y charla abierta y gratuita, a cargo de los paleont\u00f3logos Juan Porfiri y Domenica Dos Santo, que tendr\u00e1 lugar este viernes 20 de agosto, de 15 a 18, en el Centro Cultural del Oeste (CCO).<\/h2>\n\n\n\n<ul class=\"wp-block-list\"><li><\/li><li><\/li><li><\/li><li><\/li><\/ul>\n\n\n\n<figure class=\"wp-block-image\"><img decoding=\"async\" src=\"https:\/\/media.lmneuquen.com\/p\/db7a33a84a814ef8b606dcc4707918a6\/adjuntos\/195\/imagenes\/006\/674\/0006674238\/muestra-charla-unco-ccojpg.jpg\" alt=\"Acercar\u00e1n el mundo de los dinos de la Patagonia a los m\u00e1s peque\u00f1os\" title=\"Acercar\u00e1n el mundo de los dinos de la Patagonia a los m\u00e1s peque\u00f1os | LM Neuquen\"\/><figcaption>Gentileza Museo de Ciencias Naturales (UNCo)<\/figcaption><\/figure>\n\n\n\n<p>Los paleont\u00f3logos de la Universidad Nacional del Comahue (UNCo) J<a href=\"https:\/\/www.lmneuquen.com\/una-pareja-que-vive-lo-indiana-jones-buscando-dinosaurios-n537666\" target=\"_blank\" rel=\"noreferrer noopener\">uan Porfiri y Domenica Dos Santo<\/a>, contagiar\u00e1n su pasi\u00f3n por los&nbsp;<strong><a href=\"https:\/\/www.lmneuquen.com\/dinos-a28968\">dinos<\/a><\/strong>&nbsp;de la Patagonia a los m\u00e1s peque\u00f1os en una muestra y&nbsp;<strong><a href=\"https:\/\/www.lmneuquen.com\/charla-a11010\">charla<\/a><\/strong>&nbsp;que se desarrollar\u00e1 este viernes 20 de agosto, de 15 a 18, en el Centro Cultural del Oeste&nbsp;<strong>(<a href=\"https:\/\/www.lmneuquen.com\/cco-a29830\">CCO<\/a>).<\/strong><\/p>\n\n\n\n<figure class=\"wp-block-image\"><a href=\"https:\/\/a-iad02-i01.e-planning.net\/ei\/3\/568d\/Notas\/NotasIN?rnd=0.3437457774497523&amp;pb=7bff137f09c5aff3&amp;fi=a0ba040bfc9f9e4e&amp;d_nvg_gender=2&amp;d_nvg_age=4&amp;d_nvg_education=1&amp;d_nvg_marital=2&amp;d_nvg_income=1&amp;d_nvg_city=1002193&amp;d_nvg_region=16&amp;d_nvg_country=AR&amp;d_nvg_connection=3|20&amp;d_nvg_product=122|1625|1640&amp;d_nvg_interest=1548|2579|2589|2602|2355|1619|1630|242|1638|65|2330|90|2259|1|2|3|4|8|9|10|11|12|13|14|15|17|2293|19|2297|24|27|31|34|35|40|46|61|62|64|2323|67|68|69|70|71|72|88|91|92|93|96|97|99|101|102|103|104|111|112|113|2369|116|117|2373|120|2375|122|123|124|125|126|128|129|130|131|137|138|95|140|2396|2399|2410|2411|2415|182|186|188|202|2446|2447|2366|119|2376|18|2379|22|2526|2536|2387|139&amp;d_nvg_cluster=45&amp;d_nvg_industry=1253|1254|1234|1235|1244|1245|1246|1231|1248|1249|1247|1232|1251|1233|1238|1239|1274|1275|1276|1241|1242&amp;d_nvg_pgender=2334&amp;d_nvg_page=2338&amp;d_nvg_peducation=2340&amp;d_nvg_pmarital=2343&amp;d_nvg_pincome=2344&amp;d_nvg_everyone=45&amp;d_nvg_everybuyer=1253|1254|1234|1235|1244|1245|1246|1231|1248|1249|1247|1232|1251|1233|1238|1239|1274|1275|1276|1241|1242&amp;ur=https%3A\/\/www.lmneuquen.com\/acercaran-el-mundo-los-dinos-la-patagonia-los-mas-pequenos-n835649\" target=\"_blank\" rel=\"noreferrer noopener\"><img decoding=\"async\" src=\"https:\/\/s.e-planning.net\/esb\/4\/1\/5676\/c36eb662b97245ca.gif\" alt=\"MUNI NQN 12 de julio 770x443 NOTAS (DSK)\"\/><\/a><\/figure>\n\n\n\n<p>\u201cSer\u00e1 una charla destinada a conocer los dinos de la Patagonia, especialmente de los principales hallazgos en la provincia de Neuqu\u00e9n\u201d, se\u00f1al\u00f3 Porfiri, coordinador del Museo de Ciencias Naturales de la UNCo.<\/p>\n\n\n\n<p>Te puede interesar&#8230;<\/p>\n\n\n\n<figure class=\"wp-block-image\"><a href=\"https:\/\/www.lmneuquen.com\/un-alud-la-angostura-complico-el-transito-la-ruta-40-n836020\"><img decoding=\"async\" src=\"https:\/\/media.lmneuquen.com\/p\/ea8314453d5c24b97b98f6fdec01a9ff\/adjuntos\/195\/imagenes\/006\/679\/0006679577\/cayo-un-alud-la-ruta-40-villa-la-angostura.jpg\" alt=\"un alud en la angostura complico el transito en la ruta 40\" title=\"un alud en la angostura complico el transito en la ruta 40\"\/><\/a><\/figure>\n\n\n\n<p><a href=\"https:\/\/www.lmneuquen.com\/un-alud-la-angostura-complico-el-transito-la-ruta-40-n836020\">Un alud en La Angostura complic\u00f3 el tr\u00e1nsito en la Ruta 40<\/a><\/p>\n\n\n\n<figure class=\"wp-block-image\"><a href=\"https:\/\/www.lmneuquen.com\/un-operario-vialidad-encontro-fosiles-un-reptil-marino-vaca-muerta-n836018\"><img decoding=\"async\" src=\"https:\/\/media.lmneuquen.com\/p\/672511cef094ad76a6bc9b8ac729a7db\/adjuntos\/195\/imagenes\/006\/679\/0006679521\/fosil-marino-vaca-muerta-2jpg.jpg\" alt=\"un operario de vialidad encontro fosiles de un reptil marino en vaca muerta\" title=\"un operario de vialidad encontro fosiles de un reptil marino en vaca muerta\"\/><\/a><\/figure>\n\n\n\n<p><a href=\"https:\/\/www.lmneuquen.com\/un-operario-vialidad-encontro-fosiles-un-reptil-marino-vaca-muerta-n836018\">Un operario de Vialidad encontr\u00f3 f\u00f3siles de un reptil marino en Vaca Muerta<\/a><\/p>\n\n\n\n<p>Llevar\u00e1n al CCO, ubicado en Dr. Ram\u00f3n y Casimiro G\u00f3mez, algunas piezas menores, como cr\u00e1neos, r\u00e9plicas de garras y bodones, que son bloques de yeso que se hacen para retirar los f\u00f3siles del campo. En esta oportunidad no se llevar\u00e1n esqueletos debido al espacio y al tiempo que durar\u00e1 la disertaci\u00f3n.<\/p>\n\n\n\n<p>Aclar\u00f3 que, si bien est\u00e1 destinada a los m\u00e1s chicos, estar\u00e1 abierta al p\u00fablico en general que quiera adentrarse tanto a los conocimientos b\u00e1sicos de la paleontolog\u00eda como a las acciones para resguardar el patrimonio como de trabajos paleontol\u00f3gicos. Adem\u00e1s, se les har\u00e1 un recorrido por el Museo Virtual de A\u00f1elo.<\/p>\n\n\n\n<figure class=\"wp-block-image\"><img decoding=\"async\" src=\"https:\/\/media.lmneuquen.com\/p\/d37f7992c87355e6d4287908e490339e\/adjuntos\/195\/imagenes\/002\/339\/0002339327\/jurassic-park-neuquino-el-museo-geologia-y-paleontologia-la-unco-estudian-los-recientes-descubrimientos-como-el-los-restos-fosiles-un-titanosaurio-85-millones-anos-antiguedad-que-fueron-rescatados-el-yacimiento-lomas-e.jpg?0000-00-00-00-00-00\" alt=\"Jurassic Park neuquino. En el Museo de Geolog\u00eda y Paleontolog\u00eda de la UNCo estudian los recientes descubrimientos, como el de los restos f\u00f3siles de un titanosaurio de 85 millones de a\u00f1os de antig\u00fcedad  que fueron rescatados en el yacimiento Entre Lom\"\/><\/figure>\n\n\n\n<p>Jurassic Park neuquino. En el Museo de Geolog\u00eda y Paleontolog\u00eda de la UNCo estudian los recientes descubrimientos, como el de los restos f\u00f3siles de un titanosaurio de 85 millones de a\u00f1os de antig\u00fcedad que fueron rescatados en el yacimiento Entre LomAgust\u00edn Mart\u00ednez<\/p>\n\n\n\n<p>Porfiri sostuvo que \u201clos chicos saben mucho de paleontolog\u00eda y de dinos, pero de los del hemisferio norte, y suelen desconocer de la importancia de los encontrados en la provincia de Neuqu\u00e9n\u201d, como el gigantosauros carn\u00edvoro carolinii o el Argentinosaurus huinculensis, entro otros.<\/p>\n\n\n\n<p>Esta charla se llevar\u00e1 a cabo en el marco de la \u201cSemana de las infancias\u201d en una acci\u00f3n coordinada entre el Museo de Ciencias Naturales de la UNCo y la Subsecretar\u00eda de Medio ambiente y protecci\u00f3n ciudadana de la Municipalidad de Neuqu\u00e9n.<\/p>\n\n\n\n<p>\u00abInvitamos a todas y todos a esta actividad, para hablar de la importancia de la paleontolog\u00eda en nuestra comunidad y para generar nuevos espacios donde las infancias se acerquen al fabuloso mundo de los dinos\u00bb, coment\u00f3 Emanuel Guagliardo quien junto a Alejandra Rodr\u00edguez Carrera ser\u00e1n los coordinadores de la actividad.<\/p>\n\n\n\n<p>Fuente: https:\/\/www.lmneuquen.com\/acercaran-el-mundo-los-dinos-la-patagonia-los-mas-pequenos-n835649<\/p>\n","protected":false},"excerpt":{"rendered":"","protected":false},"author":6,"featured_media":73905,"comment_status":"open","ping_status":"open","sticky":false,"template":"","format":"standard","meta":{"site-sidebar-layout":"default","site-content-layout":"","ast-site-content-layout":"default","site-content-style":"default","site-sidebar-style":"default","ast-global-header-display":"","ast-banner-title-visibility":"","ast-main-header-display":"","ast-hfb-above-header-display":"","ast-hfb-below-header-display":"","ast-hfb-mobile-header-display":"","site-post-title":"","ast-breadcrumbs-content":"","ast-featured-img":"","footer-sml-layout":"","ast-disable-related-posts":"","theme-transparent-header-meta":"","adv-header-id-meta":"","stick-header-meta":"","header-above-stick-meta":"","header-main-stick-meta":"","header-below-stick-meta":"","astra-migrate-meta-layouts":"default","ast-page-background-enabled":"default","ast-page-background-meta":{"desktop":{"background-color":"var(--ast-global-color-5)","background-image":"","background-repeat":"repeat","background-position":"center center","background-size":"auto","background-attachment":"scroll","background-type":"","background-media":"","overlay-type":"","overlay-color":"","overlay-opacity":"","overlay-gradient":""},"tablet":{"background-color":"","background-image":"","background-repeat":"repeat","background-position":"center center","background-size":"auto","background-attachment":"scroll","background-type":"","background-media":"","overlay-type":"","overlay-color":"","overlay-opacity":"","overlay-gradient":""},"mobile":{"background-color":"","background-image":"","background-repeat":"repeat","background-position":"center center","background-size":"auto","background-attachment":"scroll","background-type":"","background-media":"","overlay-type":"","overlay-color":"","overlay-opacity":"","overlay-gradient":""}},"ast-content-background-meta":{"desktop":{"background-color":"var(--ast-global-color-4)","background-image":"","background-repeat":"repeat","background-position":"center center","background-size":"auto","background-attachment":"scroll","background-type":"","background-media":"","overlay-type":"","overlay-color":"","overlay-opacity":"","overlay-gradient":""},"tablet":{"background-color":"var(--ast-global-color-4)","background-image":"","background-repeat":"repeat","background-position":"center center","background-size":"auto","background-attachment":"scroll","background-type":"","background-media":"","overlay-type":"","overlay-color":"","overlay-opacity":"","overlay-gradient":""},"mobile":{"background-color":"var(--ast-global-color-4)","background-image":"","background-repeat":"repeat","background-position":"center center","background-size":"auto","background-attachment":"scroll","background-type":"","background-media":"","overlay-type":"","overlay-color":"","overlay-opacity":"","overlay-gradient":""}},"footnotes":""},"categories":[18,1,13],"tags":[],"class_list":["post-73904","post","type-post","status-publish","format-standard","has-post-thumbnail","hentry","category-neuquen","category-noticias","category-provinciales"],"yoast_head":"<!-- This site is optimized with the Yoast SEO Premium plugin v23.0 (Yoast SEO v27.5) - https:\/\/yoast.com\/product\/yoast-seo-premium-wordpress\/ -->\n<title>Acercar\u00e1n el mundo de los dinos de la Patagonia a los m\u00e1s peque\u00f1os en Neuqu\u00e9n<\/title>\n<meta name=\"robots\" content=\"index, follow, max-snippet:-1, max-image-preview:large, max-video-preview:-1\" \/>\n<link rel=\"canonical\" href=\"https:\/\/patagoniambiental.com.ar\/info\/acercaran-el-mundo-de-los-dinos-de-la-patagonia-a-los-mas-pequenos-en-neuquen\/\" \/>\n<meta property=\"og:locale\" content=\"es_ES\" \/>\n<meta property=\"og:type\" content=\"article\" \/>\n<meta property=\"og:title\" content=\"Acercar\u00e1n el mundo de los dinos de la Patagonia a los m\u00e1s peque\u00f1os en Neuqu\u00e9n\" \/>\n<meta property=\"og:url\" content=\"https:\/\/patagoniambiental.com.ar\/info\/acercaran-el-mundo-de-los-dinos-de-la-patagonia-a-los-mas-pequenos-en-neuquen\/\" \/>\n<meta property=\"og:site_name\" content=\"Patagonia Ambiental\" \/>\n<meta property=\"article:publisher\" content=\"https:\/\/www.facebook.com\/patagonia.ambiental\" \/>\n<meta property=\"article:published_time\" content=\"2021-08-20T22:00:00+00:00\" \/>\n<meta property=\"og:image\" content=\"https:\/\/patagoniambiental.com.ar\/info\/wp-content\/uploads\/2021\/08\/muestra-charla-unco-ccojpg.jpg\" \/>\n\t<meta property=\"og:image:width\" content=\"770\" \/>\n\t<meta property=\"og:image:height\" content=\"435\" \/>\n\t<meta property=\"og:image:type\" content=\"image\/jpeg\" \/>\n<meta name=\"author\" content=\"BRAIAN ESTEVEZ\" \/>\n<meta name=\"twitter:card\" content=\"summary_large_image\" \/>\n<meta name=\"twitter:creator\" content=\"@PatAmb\" \/>\n<meta name=\"twitter:site\" content=\"@PatAmb\" \/>\n<script type=\"application\/ld+json\" class=\"yoast-schema-graph\">{\"@context\":\"https:\\\/\\\/schema.org\",\"@graph\":[{\"@type\":\"Article\",\"@id\":\"https:\\\/\\\/patagoniambiental.com.ar\\\/info\\\/acercaran-el-mundo-de-los-dinos-de-la-patagonia-a-los-mas-pequenos-en-neuquen\\\/#article\",\"isPartOf\":{\"@id\":\"https:\\\/\\\/patagoniambiental.com.ar\\\/info\\\/acercaran-el-mundo-de-los-dinos-de-la-patagonia-a-los-mas-pequenos-en-neuquen\\\/\"},\"author\":{\"name\":\"BRAIAN ESTEVEZ\",\"@id\":\"https:\\\/\\\/patagoniambiental.com.ar\\\/info\\\/#\\\/schema\\\/person\\\/e5af09d700b2e82cb10c6b8800e0c691\"},\"headline\":\"Acercar\u00e1n el mundo de los dinos de la Patagonia a los m\u00e1s peque\u00f1os en Neuqu\u00e9n\",\"datePublished\":\"2021-08-20T22:00:00+00:00\",\"mainEntityOfPage\":{\"@id\":\"https:\\\/\\\/patagoniambiental.com.ar\\\/info\\\/acercaran-el-mundo-de-los-dinos-de-la-patagonia-a-los-mas-pequenos-en-neuquen\\\/\"},\"wordCount\":501,\"commentCount\":0,\"publisher\":{\"@id\":\"https:\\\/\\\/patagoniambiental.com.ar\\\/info\\\/#organization\"},\"image\":{\"@id\":\"https:\\\/\\\/patagoniambiental.com.ar\\\/info\\\/acercaran-el-mundo-de-los-dinos-de-la-patagonia-a-los-mas-pequenos-en-neuquen\\\/#primaryimage\"},\"thumbnailUrl\":\"https:\\\/\\\/patagoniambiental.com.ar\\\/info\\\/wp-content\\\/uploads\\\/2021\\\/08\\\/muestra-charla-unco-ccojpg.jpg\",\"articleSection\":[\"Neuqu\u00e9n\",\"Noticias\",\"Provinciales\"],\"inLanguage\":\"es\",\"potentialAction\":[{\"@type\":\"CommentAction\",\"name\":\"Comment\",\"target\":[\"https:\\\/\\\/patagoniambiental.com.ar\\\/info\\\/acercaran-el-mundo-de-los-dinos-de-la-patagonia-a-los-mas-pequenos-en-neuquen\\\/#respond\"]}]},{\"@type\":\"WebPage\",\"@id\":\"https:\\\/\\\/patagoniambiental.com.ar\\\/info\\\/acercaran-el-mundo-de-los-dinos-de-la-patagonia-a-los-mas-pequenos-en-neuquen\\\/\",\"url\":\"https:\\\/\\\/patagoniambiental.com.ar\\\/info\\\/acercaran-el-mundo-de-los-dinos-de-la-patagonia-a-los-mas-pequenos-en-neuquen\\\/\",\"name\":\"Acercar\u00e1n el mundo de los dinos de la Patagonia a los m\u00e1s peque\u00f1os en Neuqu\u00e9n\",\"isPartOf\":{\"@id\":\"https:\\\/\\\/patagoniambiental.com.ar\\\/info\\\/#website\"},\"primaryImageOfPage\":{\"@id\":\"https:\\\/\\\/patagoniambiental.com.ar\\\/info\\\/acercaran-el-mundo-de-los-dinos-de-la-patagonia-a-los-mas-pequenos-en-neuquen\\\/#primaryimage\"},\"image\":{\"@id\":\"https:\\\/\\\/patagoniambiental.com.ar\\\/info\\\/acercaran-el-mundo-de-los-dinos-de-la-patagonia-a-los-mas-pequenos-en-neuquen\\\/#primaryimage\"},\"thumbnailUrl\":\"https:\\\/\\\/patagoniambiental.com.ar\\\/info\\\/wp-content\\\/uploads\\\/2021\\\/08\\\/muestra-charla-unco-ccojpg.jpg\",\"datePublished\":\"2021-08-20T22:00:00+00:00\",\"breadcrumb\":{\"@id\":\"https:\\\/\\\/patagoniambiental.com.ar\\\/info\\\/acercaran-el-mundo-de-los-dinos-de-la-patagonia-a-los-mas-pequenos-en-neuquen\\\/#breadcrumb\"},\"inLanguage\":\"es\",\"potentialAction\":[{\"@type\":\"ReadAction\",\"target\":[\"https:\\\/\\\/patagoniambiental.com.ar\\\/info\\\/acercaran-el-mundo-de-los-dinos-de-la-patagonia-a-los-mas-pequenos-en-neuquen\\\/\"]}]},{\"@type\":\"ImageObject\",\"inLanguage\":\"es\",\"@id\":\"https:\\\/\\\/patagoniambiental.com.ar\\\/info\\\/acercaran-el-mundo-de-los-dinos-de-la-patagonia-a-los-mas-pequenos-en-neuquen\\\/#primaryimage\",\"url\":\"https:\\\/\\\/patagoniambiental.com.ar\\\/info\\\/wp-content\\\/uploads\\\/2021\\\/08\\\/muestra-charla-unco-ccojpg.jpg\",\"contentUrl\":\"https:\\\/\\\/patagoniambiental.com.ar\\\/info\\\/wp-content\\\/uploads\\\/2021\\\/08\\\/muestra-charla-unco-ccojpg.jpg\",\"width\":770,\"height\":435},{\"@type\":\"BreadcrumbList\",\"@id\":\"https:\\\/\\\/patagoniambiental.com.ar\\\/info\\\/acercaran-el-mundo-de-los-dinos-de-la-patagonia-a-los-mas-pequenos-en-neuquen\\\/#breadcrumb\",\"itemListElement\":[{\"@type\":\"ListItem\",\"position\":1,\"name\":\"Inicio\",\"item\":\"https:\\\/\\\/patagoniambiental.com.ar\\\/info\\\/\"},{\"@type\":\"ListItem\",\"position\":2,\"name\":\"Acercar\u00e1n el mundo de los dinos de la Patagonia a los m\u00e1s peque\u00f1os en Neuqu\u00e9n\"}]},{\"@type\":\"WebSite\",\"@id\":\"https:\\\/\\\/patagoniambiental.com.ar\\\/info\\\/#website\",\"url\":\"https:\\\/\\\/patagoniambiental.com.ar\\\/info\\\/\",\"name\":\"Patagonia Ambiental\",\"description\":\"Monitoreo y an\u00e1lisis de la situaci\u00f3n geopol\u00edtica en el mundo y su implicancia en la Patagonia\",\"publisher\":{\"@id\":\"https:\\\/\\\/patagoniambiental.com.ar\\\/info\\\/#organization\"},\"potentialAction\":[{\"@type\":\"SearchAction\",\"target\":{\"@type\":\"EntryPoint\",\"urlTemplate\":\"https:\\\/\\\/patagoniambiental.com.ar\\\/info\\\/?s={search_term_string}\"},\"query-input\":{\"@type\":\"PropertyValueSpecification\",\"valueRequired\":true,\"valueName\":\"search_term_string\"}}],\"inLanguage\":\"es\"},{\"@type\":\"Organization\",\"@id\":\"https:\\\/\\\/patagoniambiental.com.ar\\\/info\\\/#organization\",\"name\":\"Patagonia Ambiental\",\"url\":\"https:\\\/\\\/patagoniambiental.com.ar\\\/info\\\/\",\"logo\":{\"@type\":\"ImageObject\",\"inLanguage\":\"es\",\"@id\":\"https:\\\/\\\/patagoniambiental.com.ar\\\/info\\\/#\\\/schema\\\/logo\\\/image\\\/\",\"url\":\"https:\\\/\\\/patagoniambiental.com.ar\\\/info\\\/wp-content\\\/uploads\\\/2025\\\/05\\\/LOGO-PATAGONIA-AMBIENTAL.png\",\"contentUrl\":\"https:\\\/\\\/patagoniambiental.com.ar\\\/info\\\/wp-content\\\/uploads\\\/2025\\\/05\\\/LOGO-PATAGONIA-AMBIENTAL.png\",\"width\":433,\"height\":250,\"caption\":\"Patagonia Ambiental\"},\"image\":{\"@id\":\"https:\\\/\\\/patagoniambiental.com.ar\\\/info\\\/#\\\/schema\\\/logo\\\/image\\\/\"},\"sameAs\":[\"https:\\\/\\\/www.facebook.com\\\/patagonia.ambiental\",\"https:\\\/\\\/x.com\\\/PatAmb\"]},{\"@type\":\"Person\",\"@id\":\"https:\\\/\\\/patagoniambiental.com.ar\\\/info\\\/#\\\/schema\\\/person\\\/e5af09d700b2e82cb10c6b8800e0c691\",\"name\":\"BRAIAN ESTEVEZ\",\"sameAs\":[\"http:\\\/\\\/www.patagoniambiental.com.ar\"]}]}<\/script>\n<!-- \/ Yoast SEO Premium plugin. -->","yoast_head_json":{"title":"Acercar\u00e1n el mundo de los dinos de la Patagonia a los m\u00e1s peque\u00f1os en Neuqu\u00e9n","robots":{"index":"index","follow":"follow","max-snippet":"max-snippet:-1","max-image-preview":"max-image-preview:large","max-video-preview":"max-video-preview:-1"},"canonical":"https:\/\/patagoniambiental.com.ar\/info\/acercaran-el-mundo-de-los-dinos-de-la-patagonia-a-los-mas-pequenos-en-neuquen\/","og_locale":"es_ES","og_type":"article","og_title":"Acercar\u00e1n el mundo de los dinos de la Patagonia a los m\u00e1s peque\u00f1os en Neuqu\u00e9n","og_url":"https:\/\/patagoniambiental.com.ar\/info\/acercaran-el-mundo-de-los-dinos-de-la-patagonia-a-los-mas-pequenos-en-neuquen\/","og_site_name":"Patagonia Ambiental","article_publisher":"https:\/\/www.facebook.com\/patagonia.ambiental","article_published_time":"2021-08-20T22:00:00+00:00","og_image":[{"width":770,"height":435,"url":"https:\/\/patagoniambiental.com.ar\/info\/wp-content\/uploads\/2021\/08\/muestra-charla-unco-ccojpg.jpg","type":"image\/jpeg"}],"author":"BRAIAN ESTEVEZ","twitter_card":"summary_large_image","twitter_creator":"@PatAmb","twitter_site":"@PatAmb","schema":{"@context":"https:\/\/schema.org","@graph":[{"@type":"Article","@id":"https:\/\/patagoniambiental.com.ar\/info\/acercaran-el-mundo-de-los-dinos-de-la-patagonia-a-los-mas-pequenos-en-neuquen\/#article","isPartOf":{"@id":"https:\/\/patagoniambiental.com.ar\/info\/acercaran-el-mundo-de-los-dinos-de-la-patagonia-a-los-mas-pequenos-en-neuquen\/"},"author":{"name":"BRAIAN ESTEVEZ","@id":"https:\/\/patagoniambiental.com.ar\/info\/#\/schema\/person\/e5af09d700b2e82cb10c6b8800e0c691"},"headline":"Acercar\u00e1n el mundo de los dinos de la Patagonia a los m\u00e1s peque\u00f1os en Neuqu\u00e9n","datePublished":"2021-08-20T22:00:00+00:00","mainEntityOfPage":{"@id":"https:\/\/patagoniambiental.com.ar\/info\/acercaran-el-mundo-de-los-dinos-de-la-patagonia-a-los-mas-pequenos-en-neuquen\/"},"wordCount":501,"commentCount":0,"publisher":{"@id":"https:\/\/patagoniambiental.com.ar\/info\/#organization"},"image":{"@id":"https:\/\/patagoniambiental.com.ar\/info\/acercaran-el-mundo-de-los-dinos-de-la-patagonia-a-los-mas-pequenos-en-neuquen\/#primaryimage"},"thumbnailUrl":"https:\/\/patagoniambiental.com.ar\/info\/wp-content\/uploads\/2021\/08\/muestra-charla-unco-ccojpg.jpg","articleSection":["Neuqu\u00e9n","Noticias","Provinciales"],"inLanguage":"es","potentialAction":[{"@type":"CommentAction","name":"Comment","target":["https:\/\/patagoniambiental.com.ar\/info\/acercaran-el-mundo-de-los-dinos-de-la-patagonia-a-los-mas-pequenos-en-neuquen\/#respond"]}]},{"@type":"WebPage","@id":"https:\/\/patagoniambiental.com.ar\/info\/acercaran-el-mundo-de-los-dinos-de-la-patagonia-a-los-mas-pequenos-en-neuquen\/","url":"https:\/\/patagoniambiental.com.ar\/info\/acercaran-el-mundo-de-los-dinos-de-la-patagonia-a-los-mas-pequenos-en-neuquen\/","name":"Acercar\u00e1n el mundo de los dinos de la Patagonia a los m\u00e1s peque\u00f1os en Neuqu\u00e9n","isPartOf":{"@id":"https:\/\/patagoniambiental.com.ar\/info\/#website"},"primaryImageOfPage":{"@id":"https:\/\/patagoniambiental.com.ar\/info\/acercaran-el-mundo-de-los-dinos-de-la-patagonia-a-los-mas-pequenos-en-neuquen\/#primaryimage"},"image":{"@id":"https:\/\/patagoniambiental.com.ar\/info\/acercaran-el-mundo-de-los-dinos-de-la-patagonia-a-los-mas-pequenos-en-neuquen\/#primaryimage"},"thumbnailUrl":"https:\/\/patagoniambiental.com.ar\/info\/wp-content\/uploads\/2021\/08\/muestra-charla-unco-ccojpg.jpg","datePublished":"2021-08-20T22:00:00+00:00","breadcrumb":{"@id":"https:\/\/patagoniambiental.com.ar\/info\/acercaran-el-mundo-de-los-dinos-de-la-patagonia-a-los-mas-pequenos-en-neuquen\/#breadcrumb"},"inLanguage":"es","potentialAction":[{"@type":"ReadAction","target":["https:\/\/patagoniambiental.com.ar\/info\/acercaran-el-mundo-de-los-dinos-de-la-patagonia-a-los-mas-pequenos-en-neuquen\/"]}]},{"@type":"ImageObject","inLanguage":"es","@id":"https:\/\/patagoniambiental.com.ar\/info\/acercaran-el-mundo-de-los-dinos-de-la-patagonia-a-los-mas-pequenos-en-neuquen\/#primaryimage","url":"https:\/\/patagoniambiental.com.ar\/info\/wp-content\/uploads\/2021\/08\/muestra-charla-unco-ccojpg.jpg","contentUrl":"https:\/\/patagoniambiental.com.ar\/info\/wp-content\/uploads\/2021\/08\/muestra-charla-unco-ccojpg.jpg","width":770,"height":435},{"@type":"BreadcrumbList","@id":"https:\/\/patagoniambiental.com.ar\/info\/acercaran-el-mundo-de-los-dinos-de-la-patagonia-a-los-mas-pequenos-en-neuquen\/#breadcrumb","itemListElement":[{"@type":"ListItem","position":1,"name":"Inicio","item":"https:\/\/patagoniambiental.com.ar\/info\/"},{"@type":"ListItem","position":2,"name":"Acercar\u00e1n el mundo de los dinos de la Patagonia a los m\u00e1s peque\u00f1os en Neuqu\u00e9n"}]},{"@type":"WebSite","@id":"https:\/\/patagoniambiental.com.ar\/info\/#website","url":"https:\/\/patagoniambiental.com.ar\/info\/","name":"Patagonia Ambiental","description":"Monitoreo y an\u00e1lisis de la situaci\u00f3n geopol\u00edtica en el mundo y su implicancia en la Patagonia","publisher":{"@id":"https:\/\/patagoniambiental.com.ar\/info\/#organization"},"potentialAction":[{"@type":"SearchAction","target":{"@type":"EntryPoint","urlTemplate":"https:\/\/patagoniambiental.com.ar\/info\/?s={search_term_string}"},"query-input":{"@type":"PropertyValueSpecification","valueRequired":true,"valueName":"search_term_string"}}],"inLanguage":"es"},{"@type":"Organization","@id":"https:\/\/patagoniambiental.com.ar\/info\/#organization","name":"Patagonia Ambiental","url":"https:\/\/patagoniambiental.com.ar\/info\/","logo":{"@type":"ImageObject","inLanguage":"es","@id":"https:\/\/patagoniambiental.com.ar\/info\/#\/schema\/logo\/image\/","url":"https:\/\/patagoniambiental.com.ar\/info\/wp-content\/uploads\/2025\/05\/LOGO-PATAGONIA-AMBIENTAL.png","contentUrl":"https:\/\/patagoniambiental.com.ar\/info\/wp-content\/uploads\/2025\/05\/LOGO-PATAGONIA-AMBIENTAL.png","width":433,"height":250,"caption":"Patagonia Ambiental"},"image":{"@id":"https:\/\/patagoniambiental.com.ar\/info\/#\/schema\/logo\/image\/"},"sameAs":["https:\/\/www.facebook.com\/patagonia.ambiental","https:\/\/x.com\/PatAmb"]},{"@type":"Person","@id":"https:\/\/patagoniambiental.com.ar\/info\/#\/schema\/person\/e5af09d700b2e82cb10c6b8800e0c691","name":"BRAIAN ESTEVEZ","sameAs":["http:\/\/www.patagoniambiental.com.ar"]}]}},"_links":{"self":[{"href":"https:\/\/patagoniambiental.com.ar\/info\/wp-json\/wp\/v2\/posts\/73904","targetHints":{"allow":["GET"]}}],"collection":[{"href":"https:\/\/patagoniambiental.com.ar\/info\/wp-json\/wp\/v2\/posts"}],"about":[{"href":"https:\/\/patagoniambiental.com.ar\/info\/wp-json\/wp\/v2\/types\/post"}],"author":[{"embeddable":true,"href":"https:\/\/patagoniambiental.com.ar\/info\/wp-json\/wp\/v2\/users\/6"}],"replies":[{"embeddable":true,"href":"https:\/\/patagoniambiental.com.ar\/info\/wp-json\/wp\/v2\/comments?post=73904"}],"version-history":[{"count":0,"href":"https:\/\/patagoniambiental.com.ar\/info\/wp-json\/wp\/v2\/posts\/73904\/revisions"}],"wp:featuredmedia":[{"embeddable":true,"href":"https:\/\/patagoniambiental.com.ar\/info\/wp-json\/wp\/v2\/media\/73905"}],"wp:attachment":[{"href":"https:\/\/patagoniambiental.com.ar\/info\/wp-json\/wp\/v2\/media?parent=73904"}],"wp:term":[{"taxonomy":"category","embeddable":true,"href":"https:\/\/patagoniambiental.com.ar\/info\/wp-json\/wp\/v2\/categories?post=73904"},{"taxonomy":"post_tag","embeddable":true,"href":"https:\/\/patagoniambiental.com.ar\/info\/wp-json\/wp\/v2\/tags?post=73904"}],"curies":[{"name":"wp","href":"https:\/\/api.w.org\/{rel}","templated":true}]}}