{"id":73917,"date":"2021-08-23T10:01:21","date_gmt":"2021-08-23T13:01:21","guid":{"rendered":"http:\/\/patagoniambiental.com.ar\/info\/?p=73917"},"modified":"2021-08-23T10:02:52","modified_gmt":"2021-08-23T13:02:52","slug":"la-municipalidad-de-viedma-inicio-cursos-para-desarmar-reutilizar-y-reciclar-componentes-electronicos","status":"publish","type":"post","link":"https:\/\/patagoniambiental.com.ar\/info\/la-municipalidad-de-viedma-inicio-cursos-para-desarmar-reutilizar-y-reciclar-componentes-electronicos\/","title":{"rendered":"La Municipalidad de Viedma inici\u00f3 cursos para desarmar, reutilizar y reciclar componentes electr\u00f3nicos"},"content":{"rendered":"\n<!--more-->\n\n\n\n<p>Viedma.-El gobierno de Viedma inici\u00f3 los cursos para capacitar a j\u00f3venes y adultos en el despiece y reciclado de residuos tecnol\u00f3gicos a partir de lo que se conoce como \u00abchatarra electr\u00f3nica\u00bb.<\/p>\n\n\n\n<p>El secretario de Desarrollo e Integraci\u00f3n Social, Mario S\u00e1nchez, expres\u00f3 que \u00abeste curso es sumamente novedoso, ya que cumple tres objetivos: la propia capacitaci\u00f3n en una tem\u00e1tica muy necesaria; el reciclado de artefactos y la incorporaci\u00f3n de componentes a nuestro laboratorio\u00bb.<\/p>\n\n\n\n<p>S\u00e1nchez inform\u00f3 que, para la mayor\u00eda de los cursos, \u00abse inscribi\u00f3 m\u00e1s gente que lo admisible para una instancia presencial, por lo que debimos sortear los cupos, aunque en el futuro seguramente replicaremos algunas de las propuestas\u00bb.<\/p>\n\n\n\n<p>El taller de reciclaje de artefactos electr\u00f3nicos se inici\u00f3 este s\u00e1bado con 18 participantes en dos turnos presenciales de 9 asistentes cada uno. \u00abLa participaci\u00f3n es muy buena por parte de los chicos y chicas que vinieron hasta el Punto Digital este s\u00e1bado\u00bb, explic\u00f3 Mauro Caldironi, responsable del espacio municipal.<\/p>\n\n\n\n<p>\u00abEl objetivo principal de este curso es reconocer distintos materiales que se encuentran en los residuos de los equipos el\u00e9ctricos y electr\u00f3nicos, de los cuales se puede recuperar la mayor\u00eda para ser reutilizados, o bien para reciclar, tanto elementos pl\u00e1sticos como metales\u00bb, agreg\u00f3 el coordinador de las capacitaciones del Punto Digital.<\/p>\n\n\n\n<p>Finalmente, Caldironi indic\u00f3 que \u00abla idea es tambi\u00e9n hacer un poco de experimentaci\u00f3n y aprender a utilizar las herramientas para desarmar y reconocer piezas y componentes electr\u00f3nicos, parte de los cuales servir\u00e1n para proveer al Laboratorio de Proyectos Digitales\u00bb.<\/p>\n\n\n\n<p>CAPACITACIONES<\/p>\n\n\n\n<p>Las capacitaciones que se est\u00e1n desarrollando desde el lunes 16 de agosto de forma presencial son Desarrollo Web, Modelado 3D, Programaci\u00f3n JAVA, Impresi\u00f3n 3D, Ofim\u00e1tica, Rob\u00f3tica Educativa, Desarrollo de APPs, Desarrollo de Videojuegos, Reciclaje de Aparatos El\u00e9ctricos y Electr\u00f3nicos, Introducci\u00f3n al AUTOCAD.<\/p>\n\n\n\n<p>Fuente: Municipalidad de Viedma<\/p>\n","protected":false},"excerpt":{"rendered":"","protected":false},"author":6,"featured_media":73918,"comment_status":"open","ping_status":"open","sticky":false,"template":"","format":"standard","meta":{"site-sidebar-layout":"default","site-content-layout":"","ast-site-content-layout":"default","site-content-style":"default","site-sidebar-style":"default","ast-global-header-display":"","ast-banner-title-visibility":"","ast-main-header-display":"","ast-hfb-above-header-display":"","ast-hfb-below-header-display":"","ast-hfb-mobile-header-display":"","site-post-title":"","ast-breadcrumbs-content":"","ast-featured-img":"","footer-sml-layout":"","ast-disable-related-posts":"","theme-transparent-header-meta":"","adv-header-id-meta":"","stick-header-meta":"","header-above-stick-meta":"","header-main-stick-meta":"","header-below-stick-meta":"","astra-migrate-meta-layouts":"default","ast-page-background-enabled":"default","ast-page-background-meta":{"desktop":{"background-color":"var(--ast-global-color-5)","background-image":"","background-repeat":"repeat","background-position":"center center","background-size":"auto","background-attachment":"scroll","background-type":"","background-media":"","overlay-type":"","overlay-color":"","overlay-opacity":"","overlay-gradient":""},"tablet":{"background-color":"","background-image":"","background-repeat":"repeat","background-position":"center center","background-size":"auto","background-attachment":"scroll","background-type":"","background-media":"","overlay-type":"","overlay-color":"","overlay-opacity":"","overlay-gradient":""},"mobile":{"background-color":"","background-image":"","background-repeat":"repeat","background-position":"center center","background-size":"auto","background-attachment":"scroll","background-type":"","background-media":"","overlay-type":"","overlay-color":"","overlay-opacity":"","overlay-gradient":""}},"ast-content-background-meta":{"desktop":{"background-color":"var(--ast-global-color-4)","background-image":"","background-repeat":"repeat","background-position":"center center","background-size":"auto","background-attachment":"scroll","background-type":"","background-media":"","overlay-type":"","overlay-color":"","overlay-opacity":"","overlay-gradient":""},"tablet":{"background-color":"var(--ast-global-color-4)","background-image":"","background-repeat":"repeat","background-position":"center center","background-size":"auto","background-attachment":"scroll","background-type":"","background-media":"","overlay-type":"","overlay-color":"","overlay-opacity":"","overlay-gradient":""},"mobile":{"background-color":"var(--ast-global-color-4)","background-image":"","background-repeat":"repeat","background-position":"center center","background-size":"auto","background-attachment":"scroll","background-type":"","background-media":"","overlay-type":"","overlay-color":"","overlay-opacity":"","overlay-gradient":""}},"footnotes":""},"categories":[12,11,3357,1,10],"tags":[],"class_list":["post-73917","post","type-post","status-publish","format-standard","has-post-thumbnail","hentry","category-agenda-ambiental","category-boletin","category-girsu","category-noticias","category-rotador"],"yoast_head":"<!-- This site is optimized with the Yoast SEO Premium plugin v23.0 (Yoast SEO v27.5) - https:\/\/yoast.com\/product\/yoast-seo-premium-wordpress\/ -->\n<title>La Municipalidad de Viedma inici\u00f3 cursos para desarmar, reutilizar y reciclar componentes electr\u00f3nicos<\/title>\n<meta name=\"robots\" content=\"index, follow, max-snippet:-1, max-image-preview:large, max-video-preview:-1\" \/>\n<link rel=\"canonical\" href=\"https:\/\/patagoniambiental.com.ar\/info\/la-municipalidad-de-viedma-inicio-cursos-para-desarmar-reutilizar-y-reciclar-componentes-electronicos\/\" \/>\n<meta property=\"og:locale\" content=\"es_ES\" \/>\n<meta property=\"og:type\" content=\"article\" \/>\n<meta property=\"og:title\" content=\"La Municipalidad de Viedma inici\u00f3 cursos para desarmar, reutilizar y reciclar componentes electr\u00f3nicos\" \/>\n<meta property=\"og:url\" content=\"https:\/\/patagoniambiental.com.ar\/info\/la-municipalidad-de-viedma-inicio-cursos-para-desarmar-reutilizar-y-reciclar-componentes-electronicos\/\" \/>\n<meta property=\"og:site_name\" content=\"Patagonia Ambiental\" \/>\n<meta property=\"article:publisher\" content=\"https:\/\/www.facebook.com\/patagonia.ambiental\" \/>\n<meta property=\"article:published_time\" content=\"2021-08-23T13:01:21+00:00\" \/>\n<meta property=\"article:modified_time\" content=\"2021-08-23T13:02:52+00:00\" \/>\n<meta property=\"og:image\" content=\"https:\/\/patagoniambiental.com.ar\/info\/wp-content\/uploads\/2021\/08\/4c2184f0-ff54-4940-a8b4-bb14dbeff356.jpg\" \/>\n\t<meta property=\"og:image:width\" content=\"1280\" \/>\n\t<meta property=\"og:image:height\" content=\"960\" \/>\n\t<meta property=\"og:image:type\" content=\"image\/jpeg\" \/>\n<meta name=\"author\" content=\"BRAIAN ESTEVEZ\" \/>\n<meta name=\"twitter:card\" content=\"summary_large_image\" \/>\n<meta name=\"twitter:creator\" content=\"@PatAmb\" \/>\n<meta name=\"twitter:site\" content=\"@PatAmb\" \/>\n<script type=\"application\/ld+json\" class=\"yoast-schema-graph\">{\"@context\":\"https:\\\/\\\/schema.org\",\"@graph\":[{\"@type\":\"Article\",\"@id\":\"https:\\\/\\\/patagoniambiental.com.ar\\\/info\\\/la-municipalidad-de-viedma-inicio-cursos-para-desarmar-reutilizar-y-reciclar-componentes-electronicos\\\/#article\",\"isPartOf\":{\"@id\":\"https:\\\/\\\/patagoniambiental.com.ar\\\/info\\\/la-municipalidad-de-viedma-inicio-cursos-para-desarmar-reutilizar-y-reciclar-componentes-electronicos\\\/\"},\"author\":{\"name\":\"BRAIAN ESTEVEZ\",\"@id\":\"https:\\\/\\\/patagoniambiental.com.ar\\\/info\\\/#\\\/schema\\\/person\\\/e5af09d700b2e82cb10c6b8800e0c691\"},\"headline\":\"La Municipalidad de Viedma inici\u00f3 cursos para desarmar, reutilizar y reciclar componentes electr\u00f3nicos\",\"datePublished\":\"2021-08-23T13:01:21+00:00\",\"dateModified\":\"2021-08-23T13:02:52+00:00\",\"mainEntityOfPage\":{\"@id\":\"https:\\\/\\\/patagoniambiental.com.ar\\\/info\\\/la-municipalidad-de-viedma-inicio-cursos-para-desarmar-reutilizar-y-reciclar-componentes-electronicos\\\/\"},\"wordCount\":339,\"commentCount\":0,\"publisher\":{\"@id\":\"https:\\\/\\\/patagoniambiental.com.ar\\\/info\\\/#organization\"},\"image\":{\"@id\":\"https:\\\/\\\/patagoniambiental.com.ar\\\/info\\\/la-municipalidad-de-viedma-inicio-cursos-para-desarmar-reutilizar-y-reciclar-componentes-electronicos\\\/#primaryimage\"},\"thumbnailUrl\":\"https:\\\/\\\/patagoniambiental.com.ar\\\/info\\\/wp-content\\\/uploads\\\/2021\\\/08\\\/4c2184f0-ff54-4940-a8b4-bb14dbeff356.jpg\",\"articleSection\":[\"Agenda Ambiental\",\"Bolet\u00edn\",\"GIRSU\",\"Noticias\",\"Rotador\"],\"inLanguage\":\"es\",\"potentialAction\":[{\"@type\":\"CommentAction\",\"name\":\"Comment\",\"target\":[\"https:\\\/\\\/patagoniambiental.com.ar\\\/info\\\/la-municipalidad-de-viedma-inicio-cursos-para-desarmar-reutilizar-y-reciclar-componentes-electronicos\\\/#respond\"]}]},{\"@type\":\"WebPage\",\"@id\":\"https:\\\/\\\/patagoniambiental.com.ar\\\/info\\\/la-municipalidad-de-viedma-inicio-cursos-para-desarmar-reutilizar-y-reciclar-componentes-electronicos\\\/\",\"url\":\"https:\\\/\\\/patagoniambiental.com.ar\\\/info\\\/la-municipalidad-de-viedma-inicio-cursos-para-desarmar-reutilizar-y-reciclar-componentes-electronicos\\\/\",\"name\":\"La Municipalidad de Viedma inici\u00f3 cursos para desarmar, reutilizar y reciclar componentes electr\u00f3nicos\",\"isPartOf\":{\"@id\":\"https:\\\/\\\/patagoniambiental.com.ar\\\/info\\\/#website\"},\"primaryImageOfPage\":{\"@id\":\"https:\\\/\\\/patagoniambiental.com.ar\\\/info\\\/la-municipalidad-de-viedma-inicio-cursos-para-desarmar-reutilizar-y-reciclar-componentes-electronicos\\\/#primaryimage\"},\"image\":{\"@id\":\"https:\\\/\\\/patagoniambiental.com.ar\\\/info\\\/la-municipalidad-de-viedma-inicio-cursos-para-desarmar-reutilizar-y-reciclar-componentes-electronicos\\\/#primaryimage\"},\"thumbnailUrl\":\"https:\\\/\\\/patagoniambiental.com.ar\\\/info\\\/wp-content\\\/uploads\\\/2021\\\/08\\\/4c2184f0-ff54-4940-a8b4-bb14dbeff356.jpg\",\"datePublished\":\"2021-08-23T13:01:21+00:00\",\"dateModified\":\"2021-08-23T13:02:52+00:00\",\"breadcrumb\":{\"@id\":\"https:\\\/\\\/patagoniambiental.com.ar\\\/info\\\/la-municipalidad-de-viedma-inicio-cursos-para-desarmar-reutilizar-y-reciclar-componentes-electronicos\\\/#breadcrumb\"},\"inLanguage\":\"es\",\"potentialAction\":[{\"@type\":\"ReadAction\",\"target\":[\"https:\\\/\\\/patagoniambiental.com.ar\\\/info\\\/la-municipalidad-de-viedma-inicio-cursos-para-desarmar-reutilizar-y-reciclar-componentes-electronicos\\\/\"]}]},{\"@type\":\"ImageObject\",\"inLanguage\":\"es\",\"@id\":\"https:\\\/\\\/patagoniambiental.com.ar\\\/info\\\/la-municipalidad-de-viedma-inicio-cursos-para-desarmar-reutilizar-y-reciclar-componentes-electronicos\\\/#primaryimage\",\"url\":\"https:\\\/\\\/patagoniambiental.com.ar\\\/info\\\/wp-content\\\/uploads\\\/2021\\\/08\\\/4c2184f0-ff54-4940-a8b4-bb14dbeff356.jpg\",\"contentUrl\":\"https:\\\/\\\/patagoniambiental.com.ar\\\/info\\\/wp-content\\\/uploads\\\/2021\\\/08\\\/4c2184f0-ff54-4940-a8b4-bb14dbeff356.jpg\",\"width\":800,\"height\":600},{\"@type\":\"BreadcrumbList\",\"@id\":\"https:\\\/\\\/patagoniambiental.com.ar\\\/info\\\/la-municipalidad-de-viedma-inicio-cursos-para-desarmar-reutilizar-y-reciclar-componentes-electronicos\\\/#breadcrumb\",\"itemListElement\":[{\"@type\":\"ListItem\",\"position\":1,\"name\":\"Inicio\",\"item\":\"https:\\\/\\\/patagoniambiental.com.ar\\\/info\\\/\"},{\"@type\":\"ListItem\",\"position\":2,\"name\":\"La Municipalidad de Viedma inici\u00f3 cursos para desarmar, reutilizar y reciclar componentes electr\u00f3nicos\"}]},{\"@type\":\"WebSite\",\"@id\":\"https:\\\/\\\/patagoniambiental.com.ar\\\/info\\\/#website\",\"url\":\"https:\\\/\\\/patagoniambiental.com.ar\\\/info\\\/\",\"name\":\"Patagonia Ambiental\",\"description\":\"Monitoreo y an\u00e1lisis de la situaci\u00f3n geopol\u00edtica en el mundo y su implicancia en la Patagonia\",\"publisher\":{\"@id\":\"https:\\\/\\\/patagoniambiental.com.ar\\\/info\\\/#organization\"},\"potentialAction\":[{\"@type\":\"SearchAction\",\"target\":{\"@type\":\"EntryPoint\",\"urlTemplate\":\"https:\\\/\\\/patagoniambiental.com.ar\\\/info\\\/?s={search_term_string}\"},\"query-input\":{\"@type\":\"PropertyValueSpecification\",\"valueRequired\":true,\"valueName\":\"search_term_string\"}}],\"inLanguage\":\"es\"},{\"@type\":\"Organization\",\"@id\":\"https:\\\/\\\/patagoniambiental.com.ar\\\/info\\\/#organization\",\"name\":\"Patagonia Ambiental\",\"url\":\"https:\\\/\\\/patagoniambiental.com.ar\\\/info\\\/\",\"logo\":{\"@type\":\"ImageObject\",\"inLanguage\":\"es\",\"@id\":\"https:\\\/\\\/patagoniambiental.com.ar\\\/info\\\/#\\\/schema\\\/logo\\\/image\\\/\",\"url\":\"https:\\\/\\\/patagoniambiental.com.ar\\\/info\\\/wp-content\\\/uploads\\\/2025\\\/05\\\/LOGO-PATAGONIA-AMBIENTAL.png\",\"contentUrl\":\"https:\\\/\\\/patagoniambiental.com.ar\\\/info\\\/wp-content\\\/uploads\\\/2025\\\/05\\\/LOGO-PATAGONIA-AMBIENTAL.png\",\"width\":433,\"height\":250,\"caption\":\"Patagonia Ambiental\"},\"image\":{\"@id\":\"https:\\\/\\\/patagoniambiental.com.ar\\\/info\\\/#\\\/schema\\\/logo\\\/image\\\/\"},\"sameAs\":[\"https:\\\/\\\/www.facebook.com\\\/patagonia.ambiental\",\"https:\\\/\\\/x.com\\\/PatAmb\"]},{\"@type\":\"Person\",\"@id\":\"https:\\\/\\\/patagoniambiental.com.ar\\\/info\\\/#\\\/schema\\\/person\\\/e5af09d700b2e82cb10c6b8800e0c691\",\"name\":\"BRAIAN ESTEVEZ\",\"sameAs\":[\"http:\\\/\\\/www.patagoniambiental.com.ar\"]}]}<\/script>\n<!-- \/ Yoast SEO Premium plugin. -->","yoast_head_json":{"title":"La Municipalidad de Viedma inici\u00f3 cursos para desarmar, reutilizar y reciclar componentes electr\u00f3nicos","robots":{"index":"index","follow":"follow","max-snippet":"max-snippet:-1","max-image-preview":"max-image-preview:large","max-video-preview":"max-video-preview:-1"},"canonical":"https:\/\/patagoniambiental.com.ar\/info\/la-municipalidad-de-viedma-inicio-cursos-para-desarmar-reutilizar-y-reciclar-componentes-electronicos\/","og_locale":"es_ES","og_type":"article","og_title":"La Municipalidad de Viedma inici\u00f3 cursos para desarmar, reutilizar y reciclar componentes electr\u00f3nicos","og_url":"https:\/\/patagoniambiental.com.ar\/info\/la-municipalidad-de-viedma-inicio-cursos-para-desarmar-reutilizar-y-reciclar-componentes-electronicos\/","og_site_name":"Patagonia Ambiental","article_publisher":"https:\/\/www.facebook.com\/patagonia.ambiental","article_published_time":"2021-08-23T13:01:21+00:00","article_modified_time":"2021-08-23T13:02:52+00:00","og_image":[{"width":1280,"height":960,"url":"https:\/\/patagoniambiental.com.ar\/info\/wp-content\/uploads\/2021\/08\/4c2184f0-ff54-4940-a8b4-bb14dbeff356.jpg","type":"image\/jpeg"}],"author":"BRAIAN ESTEVEZ","twitter_card":"summary_large_image","twitter_creator":"@PatAmb","twitter_site":"@PatAmb","schema":{"@context":"https:\/\/schema.org","@graph":[{"@type":"Article","@id":"https:\/\/patagoniambiental.com.ar\/info\/la-municipalidad-de-viedma-inicio-cursos-para-desarmar-reutilizar-y-reciclar-componentes-electronicos\/#article","isPartOf":{"@id":"https:\/\/patagoniambiental.com.ar\/info\/la-municipalidad-de-viedma-inicio-cursos-para-desarmar-reutilizar-y-reciclar-componentes-electronicos\/"},"author":{"name":"BRAIAN ESTEVEZ","@id":"https:\/\/patagoniambiental.com.ar\/info\/#\/schema\/person\/e5af09d700b2e82cb10c6b8800e0c691"},"headline":"La Municipalidad de Viedma inici\u00f3 cursos para desarmar, reutilizar y reciclar componentes electr\u00f3nicos","datePublished":"2021-08-23T13:01:21+00:00","dateModified":"2021-08-23T13:02:52+00:00","mainEntityOfPage":{"@id":"https:\/\/patagoniambiental.com.ar\/info\/la-municipalidad-de-viedma-inicio-cursos-para-desarmar-reutilizar-y-reciclar-componentes-electronicos\/"},"wordCount":339,"commentCount":0,"publisher":{"@id":"https:\/\/patagoniambiental.com.ar\/info\/#organization"},"image":{"@id":"https:\/\/patagoniambiental.com.ar\/info\/la-municipalidad-de-viedma-inicio-cursos-para-desarmar-reutilizar-y-reciclar-componentes-electronicos\/#primaryimage"},"thumbnailUrl":"https:\/\/patagoniambiental.com.ar\/info\/wp-content\/uploads\/2021\/08\/4c2184f0-ff54-4940-a8b4-bb14dbeff356.jpg","articleSection":["Agenda Ambiental","Bolet\u00edn","GIRSU","Noticias","Rotador"],"inLanguage":"es","potentialAction":[{"@type":"CommentAction","name":"Comment","target":["https:\/\/patagoniambiental.com.ar\/info\/la-municipalidad-de-viedma-inicio-cursos-para-desarmar-reutilizar-y-reciclar-componentes-electronicos\/#respond"]}]},{"@type":"WebPage","@id":"https:\/\/patagoniambiental.com.ar\/info\/la-municipalidad-de-viedma-inicio-cursos-para-desarmar-reutilizar-y-reciclar-componentes-electronicos\/","url":"https:\/\/patagoniambiental.com.ar\/info\/la-municipalidad-de-viedma-inicio-cursos-para-desarmar-reutilizar-y-reciclar-componentes-electronicos\/","name":"La Municipalidad de Viedma inici\u00f3 cursos para desarmar, reutilizar y reciclar componentes electr\u00f3nicos","isPartOf":{"@id":"https:\/\/patagoniambiental.com.ar\/info\/#website"},"primaryImageOfPage":{"@id":"https:\/\/patagoniambiental.com.ar\/info\/la-municipalidad-de-viedma-inicio-cursos-para-desarmar-reutilizar-y-reciclar-componentes-electronicos\/#primaryimage"},"image":{"@id":"https:\/\/patagoniambiental.com.ar\/info\/la-municipalidad-de-viedma-inicio-cursos-para-desarmar-reutilizar-y-reciclar-componentes-electronicos\/#primaryimage"},"thumbnailUrl":"https:\/\/patagoniambiental.com.ar\/info\/wp-content\/uploads\/2021\/08\/4c2184f0-ff54-4940-a8b4-bb14dbeff356.jpg","datePublished":"2021-08-23T13:01:21+00:00","dateModified":"2021-08-23T13:02:52+00:00","breadcrumb":{"@id":"https:\/\/patagoniambiental.com.ar\/info\/la-municipalidad-de-viedma-inicio-cursos-para-desarmar-reutilizar-y-reciclar-componentes-electronicos\/#breadcrumb"},"inLanguage":"es","potentialAction":[{"@type":"ReadAction","target":["https:\/\/patagoniambiental.com.ar\/info\/la-municipalidad-de-viedma-inicio-cursos-para-desarmar-reutilizar-y-reciclar-componentes-electronicos\/"]}]},{"@type":"ImageObject","inLanguage":"es","@id":"https:\/\/patagoniambiental.com.ar\/info\/la-municipalidad-de-viedma-inicio-cursos-para-desarmar-reutilizar-y-reciclar-componentes-electronicos\/#primaryimage","url":"https:\/\/patagoniambiental.com.ar\/info\/wp-content\/uploads\/2021\/08\/4c2184f0-ff54-4940-a8b4-bb14dbeff356.jpg","contentUrl":"https:\/\/patagoniambiental.com.ar\/info\/wp-content\/uploads\/2021\/08\/4c2184f0-ff54-4940-a8b4-bb14dbeff356.jpg","width":800,"height":600},{"@type":"BreadcrumbList","@id":"https:\/\/patagoniambiental.com.ar\/info\/la-municipalidad-de-viedma-inicio-cursos-para-desarmar-reutilizar-y-reciclar-componentes-electronicos\/#breadcrumb","itemListElement":[{"@type":"ListItem","position":1,"name":"Inicio","item":"https:\/\/patagoniambiental.com.ar\/info\/"},{"@type":"ListItem","position":2,"name":"La Municipalidad de Viedma inici\u00f3 cursos para desarmar, reutilizar y reciclar componentes electr\u00f3nicos"}]},{"@type":"WebSite","@id":"https:\/\/patagoniambiental.com.ar\/info\/#website","url":"https:\/\/patagoniambiental.com.ar\/info\/","name":"Patagonia Ambiental","description":"Monitoreo y an\u00e1lisis de la situaci\u00f3n geopol\u00edtica en el mundo y su implicancia en la Patagonia","publisher":{"@id":"https:\/\/patagoniambiental.com.ar\/info\/#organization"},"potentialAction":[{"@type":"SearchAction","target":{"@type":"EntryPoint","urlTemplate":"https:\/\/patagoniambiental.com.ar\/info\/?s={search_term_string}"},"query-input":{"@type":"PropertyValueSpecification","valueRequired":true,"valueName":"search_term_string"}}],"inLanguage":"es"},{"@type":"Organization","@id":"https:\/\/patagoniambiental.com.ar\/info\/#organization","name":"Patagonia Ambiental","url":"https:\/\/patagoniambiental.com.ar\/info\/","logo":{"@type":"ImageObject","inLanguage":"es","@id":"https:\/\/patagoniambiental.com.ar\/info\/#\/schema\/logo\/image\/","url":"https:\/\/patagoniambiental.com.ar\/info\/wp-content\/uploads\/2025\/05\/LOGO-PATAGONIA-AMBIENTAL.png","contentUrl":"https:\/\/patagoniambiental.com.ar\/info\/wp-content\/uploads\/2025\/05\/LOGO-PATAGONIA-AMBIENTAL.png","width":433,"height":250,"caption":"Patagonia Ambiental"},"image":{"@id":"https:\/\/patagoniambiental.com.ar\/info\/#\/schema\/logo\/image\/"},"sameAs":["https:\/\/www.facebook.com\/patagonia.ambiental","https:\/\/x.com\/PatAmb"]},{"@type":"Person","@id":"https:\/\/patagoniambiental.com.ar\/info\/#\/schema\/person\/e5af09d700b2e82cb10c6b8800e0c691","name":"BRAIAN ESTEVEZ","sameAs":["http:\/\/www.patagoniambiental.com.ar"]}]}},"_links":{"self":[{"href":"https:\/\/patagoniambiental.com.ar\/info\/wp-json\/wp\/v2\/posts\/73917","targetHints":{"allow":["GET"]}}],"collection":[{"href":"https:\/\/patagoniambiental.com.ar\/info\/wp-json\/wp\/v2\/posts"}],"about":[{"href":"https:\/\/patagoniambiental.com.ar\/info\/wp-json\/wp\/v2\/types\/post"}],"author":[{"embeddable":true,"href":"https:\/\/patagoniambiental.com.ar\/info\/wp-json\/wp\/v2\/users\/6"}],"replies":[{"embeddable":true,"href":"https:\/\/patagoniambiental.com.ar\/info\/wp-json\/wp\/v2\/comments?post=73917"}],"version-history":[{"count":0,"href":"https:\/\/patagoniambiental.com.ar\/info\/wp-json\/wp\/v2\/posts\/73917\/revisions"}],"wp:featuredmedia":[{"embeddable":true,"href":"https:\/\/patagoniambiental.com.ar\/info\/wp-json\/wp\/v2\/media\/73918"}],"wp:attachment":[{"href":"https:\/\/patagoniambiental.com.ar\/info\/wp-json\/wp\/v2\/media?parent=73917"}],"wp:term":[{"taxonomy":"category","embeddable":true,"href":"https:\/\/patagoniambiental.com.ar\/info\/wp-json\/wp\/v2\/categories?post=73917"},{"taxonomy":"post_tag","embeddable":true,"href":"https:\/\/patagoniambiental.com.ar\/info\/wp-json\/wp\/v2\/tags?post=73917"}],"curies":[{"name":"wp","href":"https:\/\/api.w.org\/{rel}","templated":true}]}}