{"id":73924,"date":"2021-08-23T20:12:20","date_gmt":"2021-08-23T23:12:20","guid":{"rendered":"http:\/\/patagoniambiental.com.ar\/info\/?p=73924"},"modified":"2021-08-23T20:12:24","modified_gmt":"2021-08-23T23:12:24","slug":"buscan-fomentar-el-cuidado-de-la-biodiversidad-en-represas-de-la-patagonia","status":"publish","type":"post","link":"https:\/\/patagoniambiental.com.ar\/info\/buscan-fomentar-el-cuidado-de-la-biodiversidad-en-represas-de-la-patagonia\/","title":{"rendered":"Buscan fomentar el cuidado de la biodiversidad en represas de la Patagonia"},"content":{"rendered":"\n<!--more-->\n\n\n\n<p>Es el marco de un programa que est\u00e1 llevando a cabo el Ministerio de Ambiente y Desarrollo Sustentable de la Naci\u00f3n con distintas organizaciones ambientalistas y empresas privadas, con el objetivo de proteger a la fauna y a la flora del sur argentino.<br><a href=\"https:\/\/weekend.perfil.com\/noticias\/informativo\/buscan-fomentar-el-cuidado-de-la-biodiversidad-en-represas-de-la-patagonia.phtml#\">&nbsp;Ver galer\u00eda de im\u00e1genes<\/a><\/p>\n\n\n\n<ul class=\"wp-block-list\"><li>COMPARTILA&nbsp;<\/li><li><\/li><li><\/li><li><\/li><li><\/li><\/ul>\n\n\n\n<figure class=\"wp-block-image\"><img decoding=\"async\" src=\"https:\/\/via.placeholder.com\/1140x641?text=WEEKEND\" alt=\"La movida busca preservar la fauna y flora patag\u00f3nica.\"\/><figcaption>La movida busca preservar la fauna y flora patag\u00f3nica.<\/figcaption><\/figure>\n\n\n\n<p>El&nbsp;<strong>cuidado y la concientizaci\u00f3n sobre el cuidado de la flora y&nbsp;fauna de nuestra Patagonia<\/strong>, como as\u00ed tambi\u00e9n de sus&nbsp;<strong>respectivas comunidades<\/strong>,&nbsp;son temas que requieren la implementaci\u00f3n de iniciativas de distinta \u00edndole, tanto por parte de autoridades gubernamentales como, as\u00ed tambi\u00e9n, de<strong>&nbsp;organizaciones ambientales&nbsp;<\/strong>y de empresas privadas comprometidas en la materia.<img decoding=\"async\" alt=\"0610_represas\" src=\"https:\/\/via.placeholder.com\/64x64?text=WEEKEND\" srcset=\"https:\/\/fotos.perfil.com\/2021\/06\/10\/trim\/64\/64\/0610represas-1188899.jpg\"><strong>Le\u00e9 tambi\u00e9n<\/strong><\/p>\n\n\n\n<h5 class=\"wp-block-heading\"><a href=\"https:\/\/weekend.perfil.com\/noticias\/informativo\/represas-en-el-rio-santa-cruz-la-polemica-no-se-detiene.phtml\">Represas en el r\u00edo Santa Cruz: la pol\u00e9mica no se detiene<\/a>&nbsp;<\/h5>\n\n\n\n<p>Precisamente, con ese objetivo principal, el&nbsp;<strong>Ministerio de Medio Ambiente y Desarrollo Sostenible de la Naci\u00f3n<\/strong>, a cargo de&nbsp;Juan Cabandi\u00e9 y la empresa ENEL Argentina, especializada en los mercados de energ\u00eda y recuros renovables, se unieron para llevar a cabo el&nbsp;<strong>programa \u00abPlanta Sustentable\u00bb<\/strong>&nbsp;que busca generar un<strong>&nbsp;impacto positivo&nbsp;<\/strong>en las&nbsp;<strong>comunidades donde operan las distintas plantas de generaci\u00f3n hidroel\u00e9ctrica de la Argentina<\/strong>.<\/p>\n\n\n\n<figure class=\"wp-block-image\"><img decoding=\"async\" src=\"https:\/\/fotos.perfil.com\/\/2021\/08\/19\/900\/0\/0819el-chocon-1219616.jpg\" alt=\"0819_el choc\u00f3n\"\/><\/figure>\n\n\n\n<p><img decoding=\"async\" alt=\"0511_maca_tobiano\" src=\"https:\/\/via.placeholder.com\/64x64?text=WEEKEND\" srcset=\"https:\/\/fotos.perfil.com\/2020\/11\/05\/trim\/64\/64\/0511macatobiano-1072129.jpg\"><strong>Le\u00e9 tambi\u00e9n<\/strong><\/p>\n\n\n\n<h5 class=\"wp-block-heading\"><a href=\"https:\/\/weekend.perfil.com\/noticias\/naturaleza\/represas-en-el-rio-santa-cruz-una-amenaza-para-el-maca-tobiano.phtml\">Represas en el r\u00edo Santa Cruz: una amenaza para el mac\u00e1 tobiano<\/a>&nbsp;<\/h5>\n\n\n\n<p>Entre tantas otras medidas, ya han logrado instalar una importante cantidad de diferentes&nbsp;<strong>carteles explicativos en varios miradores que se encuentran tanto e<\/strong>n las cercan\u00edas de las&nbsp;<strong>centrales&nbsp;hidroel\u00e9ctricas&nbsp;El Choc\u00f3n y Arroyito,<\/strong>&nbsp;ambasubicadas sobre el<strong>&nbsp;r\u00edo Limay<\/strong>, en las provincias de&nbsp;<strong>Neuqu\u00e8n y R\u00eco&nbsp;Negro.<\/strong><img decoding=\"async\" alt=\"0820_microcentralhidroelectricasalvatori\" src=\"https:\/\/via.placeholder.com\/64x64?text=WEEKEND\" srcset=\"https:\/\/fotos.perfil.com\/2020\/08\/20\/trim\/64\/64\/0820microcentralhidroelectricasalvatori-1004208.jpg\"><strong>Le\u00e9 tambi\u00e9n<\/strong><\/p>\n\n\n\n<h5 class=\"wp-block-heading\"><a href=\"https:\/\/weekend.perfil.com\/noticias\/informativo\/como-es-la-microcentral-hidroelectrica-pedro-salvatori-que-se-empezo-a-construir-en-neuquen.phtml\">C\u00f3mo es la microcentral hidroel\u00e9ctrica Pedro Salvatori que se empez\u00f3 a construir en Neuqu\u00e9n<\/a>&nbsp;<\/h5>\n\n\n\n<p>&nbsp;\u201cMucha gente visita El Choc\u00f3n, no solo de la zona, sino tambi\u00e9n turistas de todo el mundo, por eso pensamos que era una buena idea aprovechar los miradores y&nbsp;<strong>explicar gr\u00e1ficamente qu\u00e9 aporta cada especie en esta cadena del ciclo de vida<\/strong>\u201d, explic\u00f3&nbsp;Nadina Mart\u00edn, una de las responsables del proyecto.&nbsp;<img decoding=\"async\" alt=\"0429_iguazu\" src=\"https:\/\/via.placeholder.com\/64x64?text=WEEKEND\" srcset=\"https:\/\/fotos.perfil.com\/2020\/04\/29\/trim\/64\/64\/0429iguazu-948026.jpg\"><strong>Le\u00e9 tambi\u00e9n<\/strong><\/p>\n\n\n\n<h5 class=\"wp-block-heading\"><a href=\"https:\/\/weekend.perfil.com\/noticias\/turismo\/las-cataratas-van-recuperando-su-belleza.phtml\">Las Cataratas van recuperando de a poco su belleza y su caudal<\/a>&nbsp;<\/h5>\n\n\n\n<p>\u201c<strong>Cada cartel tiene un c\u00f3digo QR<\/strong>&nbsp;que al ser escaneado brinda m\u00e1s informaci\u00f3n al visitante. As\u00ed cumplimos con el esp\u00edritu de este gran proyecto global que es llegar a las comunidades y aportar nuestro granito de arena\u201d, agreg\u00f3 el especialista.<\/p>\n\n\n\n<figure class=\"wp-block-image\"><img decoding=\"async\" src=\"https:\/\/fotos.perfil.com\/\/2021\/08\/13\/900\/0\/0813represa-arroyito-1217480.jpg\" alt=\"0813_represa Arroyito\"\/><\/figure>\n\n\n\n<p>Ubicada en la\u00a0<strong>Patagonia Argentina<\/strong>, entre las provincias de R\u00edo Negro y Neuqu\u00e9n, a unos\u00a0<strong>80 kil\u00f2metros aguas arriba de su confluencia con el r\u00edo Neuqu\u00e9n,<\/strong>\u00a0Enel cuenta con una\u00a0<strong>capacidad de generaci\u00f3n media anual de 3.600 GWh,<\/strong>\u00a0que equivale, aproximadamente, al\u00a0<strong>5% del total de la generaci\u00f3n del Sistema Argentino de Interconexi\u00f3n (SADI).<\/strong><\/p>\n\n\n\n<p>FUENTE: https:\/\/weekend.perfil.com\/noticias\/informativo\/buscan-fomentar-el-cuidado-de-la-biodiversidad-en-represas-de-la-patagonia.phtml<\/p>\n","protected":false},"excerpt":{"rendered":"","protected":false},"author":6,"featured_media":73925,"comment_status":"open","ping_status":"open","sticky":false,"template":"","format":"standard","meta":{"site-sidebar-layout":"default","site-content-layout":"","ast-site-content-layout":"default","site-content-style":"default","site-sidebar-style":"default","ast-global-header-display":"","ast-banner-title-visibility":"","ast-main-header-display":"","ast-hfb-above-header-display":"","ast-hfb-below-header-display":"","ast-hfb-mobile-header-display":"","site-post-title":"","ast-breadcrumbs-content":"","ast-featured-img":"","footer-sml-layout":"","ast-disable-related-posts":"","theme-transparent-header-meta":"","adv-header-id-meta":"","stick-header-meta":"","header-above-stick-meta":"","header-main-stick-meta":"","header-below-stick-meta":"","astra-migrate-meta-layouts":"default","ast-page-background-enabled":"default","ast-page-background-meta":{"desktop":{"background-color":"var(--ast-global-color-5)","background-image":"","background-repeat":"repeat","background-position":"center center","background-size":"auto","background-attachment":"scroll","background-type":"","background-media":"","overlay-type":"","overlay-color":"","overlay-opacity":"","overlay-gradient":""},"tablet":{"background-color":"","background-image":"","background-repeat":"repeat","background-position":"center center","background-size":"auto","background-attachment":"scroll","background-type":"","background-media":"","overlay-type":"","overlay-color":"","overlay-opacity":"","overlay-gradient":""},"mobile":{"background-color":"","background-image":"","background-repeat":"repeat","background-position":"center center","background-size":"auto","background-attachment":"scroll","background-type":"","background-media":"","overlay-type":"","overlay-color":"","overlay-opacity":"","overlay-gradient":""}},"ast-content-background-meta":{"desktop":{"background-color":"var(--ast-global-color-4)","background-image":"","background-repeat":"repeat","background-position":"center center","background-size":"auto","background-attachment":"scroll","background-type":"","background-media":"","overlay-type":"","overlay-color":"","overlay-opacity":"","overlay-gradient":""},"tablet":{"background-color":"var(--ast-global-color-4)","background-image":"","background-repeat":"repeat","background-position":"center center","background-size":"auto","background-attachment":"scroll","background-type":"","background-media":"","overlay-type":"","overlay-color":"","overlay-opacity":"","overlay-gradient":""},"mobile":{"background-color":"var(--ast-global-color-4)","background-image":"","background-repeat":"repeat","background-position":"center center","background-size":"auto","background-attachment":"scroll","background-type":"","background-media":"","overlay-type":"","overlay-color":"","overlay-opacity":"","overlay-gradient":""}},"footnotes":""},"categories":[1,13],"tags":[],"class_list":["post-73924","post","type-post","status-publish","format-standard","has-post-thumbnail","hentry","category-noticias","category-provinciales"],"yoast_head":"<!-- This site is optimized with the Yoast SEO Premium plugin v23.0 (Yoast SEO v27.5) - https:\/\/yoast.com\/product\/yoast-seo-premium-wordpress\/ -->\n<title>Buscan fomentar el cuidado de la biodiversidad en represas de la Patagonia<\/title>\n<meta name=\"robots\" content=\"index, follow, max-snippet:-1, max-image-preview:large, max-video-preview:-1\" \/>\n<link rel=\"canonical\" href=\"https:\/\/patagoniambiental.com.ar\/info\/buscan-fomentar-el-cuidado-de-la-biodiversidad-en-represas-de-la-patagonia\/\" \/>\n<meta property=\"og:locale\" content=\"es_ES\" \/>\n<meta property=\"og:type\" content=\"article\" \/>\n<meta property=\"og:title\" content=\"Buscan fomentar el cuidado de la biodiversidad en represas de la Patagonia\" \/>\n<meta property=\"og:url\" content=\"https:\/\/patagoniambiental.com.ar\/info\/buscan-fomentar-el-cuidado-de-la-biodiversidad-en-represas-de-la-patagonia\/\" \/>\n<meta property=\"og:site_name\" content=\"Patagonia Ambiental\" \/>\n<meta property=\"article:publisher\" content=\"https:\/\/www.facebook.com\/patagonia.ambiental\" \/>\n<meta property=\"article:published_time\" content=\"2021-08-23T23:12:20+00:00\" \/>\n<meta property=\"article:modified_time\" content=\"2021-08-23T23:12:24+00:00\" \/>\n<meta property=\"og:image\" content=\"https:\/\/patagoniambiental.com.ar\/info\/wp-content\/uploads\/2021\/08\/0813enel-1217467.jpg\" \/>\n\t<meta property=\"og:image:width\" content=\"960\" \/>\n\t<meta property=\"og:image:height\" content=\"540\" \/>\n\t<meta property=\"og:image:type\" content=\"image\/jpeg\" \/>\n<meta name=\"author\" content=\"BRAIAN ESTEVEZ\" \/>\n<meta name=\"twitter:card\" content=\"summary_large_image\" \/>\n<meta name=\"twitter:creator\" content=\"@PatAmb\" \/>\n<meta name=\"twitter:site\" content=\"@PatAmb\" \/>\n<script type=\"application\/ld+json\" class=\"yoast-schema-graph\">{\"@context\":\"https:\\\/\\\/schema.org\",\"@graph\":[{\"@type\":\"Article\",\"@id\":\"https:\\\/\\\/patagoniambiental.com.ar\\\/info\\\/buscan-fomentar-el-cuidado-de-la-biodiversidad-en-represas-de-la-patagonia\\\/#article\",\"isPartOf\":{\"@id\":\"https:\\\/\\\/patagoniambiental.com.ar\\\/info\\\/buscan-fomentar-el-cuidado-de-la-biodiversidad-en-represas-de-la-patagonia\\\/\"},\"author\":{\"name\":\"BRAIAN ESTEVEZ\",\"@id\":\"https:\\\/\\\/patagoniambiental.com.ar\\\/info\\\/#\\\/schema\\\/person\\\/e5af09d700b2e82cb10c6b8800e0c691\"},\"headline\":\"Buscan fomentar el cuidado de la biodiversidad en represas de la Patagonia\",\"datePublished\":\"2021-08-23T23:12:20+00:00\",\"dateModified\":\"2021-08-23T23:12:24+00:00\",\"mainEntityOfPage\":{\"@id\":\"https:\\\/\\\/patagoniambiental.com.ar\\\/info\\\/buscan-fomentar-el-cuidado-de-la-biodiversidad-en-represas-de-la-patagonia\\\/\"},\"wordCount\":518,\"commentCount\":0,\"publisher\":{\"@id\":\"https:\\\/\\\/patagoniambiental.com.ar\\\/info\\\/#organization\"},\"image\":{\"@id\":\"https:\\\/\\\/patagoniambiental.com.ar\\\/info\\\/buscan-fomentar-el-cuidado-de-la-biodiversidad-en-represas-de-la-patagonia\\\/#primaryimage\"},\"thumbnailUrl\":\"https:\\\/\\\/patagoniambiental.com.ar\\\/info\\\/wp-content\\\/uploads\\\/2021\\\/08\\\/0813enel-1217467.jpg\",\"articleSection\":[\"Noticias\",\"Provinciales\"],\"inLanguage\":\"es\",\"potentialAction\":[{\"@type\":\"CommentAction\",\"name\":\"Comment\",\"target\":[\"https:\\\/\\\/patagoniambiental.com.ar\\\/info\\\/buscan-fomentar-el-cuidado-de-la-biodiversidad-en-represas-de-la-patagonia\\\/#respond\"]}]},{\"@type\":\"WebPage\",\"@id\":\"https:\\\/\\\/patagoniambiental.com.ar\\\/info\\\/buscan-fomentar-el-cuidado-de-la-biodiversidad-en-represas-de-la-patagonia\\\/\",\"url\":\"https:\\\/\\\/patagoniambiental.com.ar\\\/info\\\/buscan-fomentar-el-cuidado-de-la-biodiversidad-en-represas-de-la-patagonia\\\/\",\"name\":\"Buscan fomentar el cuidado de la biodiversidad en represas de la Patagonia\",\"isPartOf\":{\"@id\":\"https:\\\/\\\/patagoniambiental.com.ar\\\/info\\\/#website\"},\"primaryImageOfPage\":{\"@id\":\"https:\\\/\\\/patagoniambiental.com.ar\\\/info\\\/buscan-fomentar-el-cuidado-de-la-biodiversidad-en-represas-de-la-patagonia\\\/#primaryimage\"},\"image\":{\"@id\":\"https:\\\/\\\/patagoniambiental.com.ar\\\/info\\\/buscan-fomentar-el-cuidado-de-la-biodiversidad-en-represas-de-la-patagonia\\\/#primaryimage\"},\"thumbnailUrl\":\"https:\\\/\\\/patagoniambiental.com.ar\\\/info\\\/wp-content\\\/uploads\\\/2021\\\/08\\\/0813enel-1217467.jpg\",\"datePublished\":\"2021-08-23T23:12:20+00:00\",\"dateModified\":\"2021-08-23T23:12:24+00:00\",\"breadcrumb\":{\"@id\":\"https:\\\/\\\/patagoniambiental.com.ar\\\/info\\\/buscan-fomentar-el-cuidado-de-la-biodiversidad-en-represas-de-la-patagonia\\\/#breadcrumb\"},\"inLanguage\":\"es\",\"potentialAction\":[{\"@type\":\"ReadAction\",\"target\":[\"https:\\\/\\\/patagoniambiental.com.ar\\\/info\\\/buscan-fomentar-el-cuidado-de-la-biodiversidad-en-represas-de-la-patagonia\\\/\"]}]},{\"@type\":\"ImageObject\",\"inLanguage\":\"es\",\"@id\":\"https:\\\/\\\/patagoniambiental.com.ar\\\/info\\\/buscan-fomentar-el-cuidado-de-la-biodiversidad-en-represas-de-la-patagonia\\\/#primaryimage\",\"url\":\"https:\\\/\\\/patagoniambiental.com.ar\\\/info\\\/wp-content\\\/uploads\\\/2021\\\/08\\\/0813enel-1217467.jpg\",\"contentUrl\":\"https:\\\/\\\/patagoniambiental.com.ar\\\/info\\\/wp-content\\\/uploads\\\/2021\\\/08\\\/0813enel-1217467.jpg\",\"width\":960,\"height\":540},{\"@type\":\"BreadcrumbList\",\"@id\":\"https:\\\/\\\/patagoniambiental.com.ar\\\/info\\\/buscan-fomentar-el-cuidado-de-la-biodiversidad-en-represas-de-la-patagonia\\\/#breadcrumb\",\"itemListElement\":[{\"@type\":\"ListItem\",\"position\":1,\"name\":\"Inicio\",\"item\":\"https:\\\/\\\/patagoniambiental.com.ar\\\/info\\\/\"},{\"@type\":\"ListItem\",\"position\":2,\"name\":\"Buscan fomentar el cuidado de la biodiversidad en represas de la Patagonia\"}]},{\"@type\":\"WebSite\",\"@id\":\"https:\\\/\\\/patagoniambiental.com.ar\\\/info\\\/#website\",\"url\":\"https:\\\/\\\/patagoniambiental.com.ar\\\/info\\\/\",\"name\":\"Patagonia Ambiental\",\"description\":\"Monitoreo y an\u00e1lisis de la situaci\u00f3n geopol\u00edtica en el mundo y su implicancia en la Patagonia\",\"publisher\":{\"@id\":\"https:\\\/\\\/patagoniambiental.com.ar\\\/info\\\/#organization\"},\"potentialAction\":[{\"@type\":\"SearchAction\",\"target\":{\"@type\":\"EntryPoint\",\"urlTemplate\":\"https:\\\/\\\/patagoniambiental.com.ar\\\/info\\\/?s={search_term_string}\"},\"query-input\":{\"@type\":\"PropertyValueSpecification\",\"valueRequired\":true,\"valueName\":\"search_term_string\"}}],\"inLanguage\":\"es\"},{\"@type\":\"Organization\",\"@id\":\"https:\\\/\\\/patagoniambiental.com.ar\\\/info\\\/#organization\",\"name\":\"Patagonia Ambiental\",\"url\":\"https:\\\/\\\/patagoniambiental.com.ar\\\/info\\\/\",\"logo\":{\"@type\":\"ImageObject\",\"inLanguage\":\"es\",\"@id\":\"https:\\\/\\\/patagoniambiental.com.ar\\\/info\\\/#\\\/schema\\\/logo\\\/image\\\/\",\"url\":\"https:\\\/\\\/patagoniambiental.com.ar\\\/info\\\/wp-content\\\/uploads\\\/2025\\\/05\\\/LOGO-PATAGONIA-AMBIENTAL.png\",\"contentUrl\":\"https:\\\/\\\/patagoniambiental.com.ar\\\/info\\\/wp-content\\\/uploads\\\/2025\\\/05\\\/LOGO-PATAGONIA-AMBIENTAL.png\",\"width\":433,\"height\":250,\"caption\":\"Patagonia Ambiental\"},\"image\":{\"@id\":\"https:\\\/\\\/patagoniambiental.com.ar\\\/info\\\/#\\\/schema\\\/logo\\\/image\\\/\"},\"sameAs\":[\"https:\\\/\\\/www.facebook.com\\\/patagonia.ambiental\",\"https:\\\/\\\/x.com\\\/PatAmb\"]},{\"@type\":\"Person\",\"@id\":\"https:\\\/\\\/patagoniambiental.com.ar\\\/info\\\/#\\\/schema\\\/person\\\/e5af09d700b2e82cb10c6b8800e0c691\",\"name\":\"BRAIAN ESTEVEZ\",\"sameAs\":[\"http:\\\/\\\/www.patagoniambiental.com.ar\"]}]}<\/script>\n<!-- \/ Yoast SEO Premium plugin. -->","yoast_head_json":{"title":"Buscan fomentar el cuidado de la biodiversidad en represas de la Patagonia","robots":{"index":"index","follow":"follow","max-snippet":"max-snippet:-1","max-image-preview":"max-image-preview:large","max-video-preview":"max-video-preview:-1"},"canonical":"https:\/\/patagoniambiental.com.ar\/info\/buscan-fomentar-el-cuidado-de-la-biodiversidad-en-represas-de-la-patagonia\/","og_locale":"es_ES","og_type":"article","og_title":"Buscan fomentar el cuidado de la biodiversidad en represas de la Patagonia","og_url":"https:\/\/patagoniambiental.com.ar\/info\/buscan-fomentar-el-cuidado-de-la-biodiversidad-en-represas-de-la-patagonia\/","og_site_name":"Patagonia Ambiental","article_publisher":"https:\/\/www.facebook.com\/patagonia.ambiental","article_published_time":"2021-08-23T23:12:20+00:00","article_modified_time":"2021-08-23T23:12:24+00:00","og_image":[{"width":960,"height":540,"url":"https:\/\/patagoniambiental.com.ar\/info\/wp-content\/uploads\/2021\/08\/0813enel-1217467.jpg","type":"image\/jpeg"}],"author":"BRAIAN ESTEVEZ","twitter_card":"summary_large_image","twitter_creator":"@PatAmb","twitter_site":"@PatAmb","schema":{"@context":"https:\/\/schema.org","@graph":[{"@type":"Article","@id":"https:\/\/patagoniambiental.com.ar\/info\/buscan-fomentar-el-cuidado-de-la-biodiversidad-en-represas-de-la-patagonia\/#article","isPartOf":{"@id":"https:\/\/patagoniambiental.com.ar\/info\/buscan-fomentar-el-cuidado-de-la-biodiversidad-en-represas-de-la-patagonia\/"},"author":{"name":"BRAIAN ESTEVEZ","@id":"https:\/\/patagoniambiental.com.ar\/info\/#\/schema\/person\/e5af09d700b2e82cb10c6b8800e0c691"},"headline":"Buscan fomentar el cuidado de la biodiversidad en represas de la Patagonia","datePublished":"2021-08-23T23:12:20+00:00","dateModified":"2021-08-23T23:12:24+00:00","mainEntityOfPage":{"@id":"https:\/\/patagoniambiental.com.ar\/info\/buscan-fomentar-el-cuidado-de-la-biodiversidad-en-represas-de-la-patagonia\/"},"wordCount":518,"commentCount":0,"publisher":{"@id":"https:\/\/patagoniambiental.com.ar\/info\/#organization"},"image":{"@id":"https:\/\/patagoniambiental.com.ar\/info\/buscan-fomentar-el-cuidado-de-la-biodiversidad-en-represas-de-la-patagonia\/#primaryimage"},"thumbnailUrl":"https:\/\/patagoniambiental.com.ar\/info\/wp-content\/uploads\/2021\/08\/0813enel-1217467.jpg","articleSection":["Noticias","Provinciales"],"inLanguage":"es","potentialAction":[{"@type":"CommentAction","name":"Comment","target":["https:\/\/patagoniambiental.com.ar\/info\/buscan-fomentar-el-cuidado-de-la-biodiversidad-en-represas-de-la-patagonia\/#respond"]}]},{"@type":"WebPage","@id":"https:\/\/patagoniambiental.com.ar\/info\/buscan-fomentar-el-cuidado-de-la-biodiversidad-en-represas-de-la-patagonia\/","url":"https:\/\/patagoniambiental.com.ar\/info\/buscan-fomentar-el-cuidado-de-la-biodiversidad-en-represas-de-la-patagonia\/","name":"Buscan fomentar el cuidado de la biodiversidad en represas de la Patagonia","isPartOf":{"@id":"https:\/\/patagoniambiental.com.ar\/info\/#website"},"primaryImageOfPage":{"@id":"https:\/\/patagoniambiental.com.ar\/info\/buscan-fomentar-el-cuidado-de-la-biodiversidad-en-represas-de-la-patagonia\/#primaryimage"},"image":{"@id":"https:\/\/patagoniambiental.com.ar\/info\/buscan-fomentar-el-cuidado-de-la-biodiversidad-en-represas-de-la-patagonia\/#primaryimage"},"thumbnailUrl":"https:\/\/patagoniambiental.com.ar\/info\/wp-content\/uploads\/2021\/08\/0813enel-1217467.jpg","datePublished":"2021-08-23T23:12:20+00:00","dateModified":"2021-08-23T23:12:24+00:00","breadcrumb":{"@id":"https:\/\/patagoniambiental.com.ar\/info\/buscan-fomentar-el-cuidado-de-la-biodiversidad-en-represas-de-la-patagonia\/#breadcrumb"},"inLanguage":"es","potentialAction":[{"@type":"ReadAction","target":["https:\/\/patagoniambiental.com.ar\/info\/buscan-fomentar-el-cuidado-de-la-biodiversidad-en-represas-de-la-patagonia\/"]}]},{"@type":"ImageObject","inLanguage":"es","@id":"https:\/\/patagoniambiental.com.ar\/info\/buscan-fomentar-el-cuidado-de-la-biodiversidad-en-represas-de-la-patagonia\/#primaryimage","url":"https:\/\/patagoniambiental.com.ar\/info\/wp-content\/uploads\/2021\/08\/0813enel-1217467.jpg","contentUrl":"https:\/\/patagoniambiental.com.ar\/info\/wp-content\/uploads\/2021\/08\/0813enel-1217467.jpg","width":960,"height":540},{"@type":"BreadcrumbList","@id":"https:\/\/patagoniambiental.com.ar\/info\/buscan-fomentar-el-cuidado-de-la-biodiversidad-en-represas-de-la-patagonia\/#breadcrumb","itemListElement":[{"@type":"ListItem","position":1,"name":"Inicio","item":"https:\/\/patagoniambiental.com.ar\/info\/"},{"@type":"ListItem","position":2,"name":"Buscan fomentar el cuidado de la biodiversidad en represas de la Patagonia"}]},{"@type":"WebSite","@id":"https:\/\/patagoniambiental.com.ar\/info\/#website","url":"https:\/\/patagoniambiental.com.ar\/info\/","name":"Patagonia Ambiental","description":"Monitoreo y an\u00e1lisis de la situaci\u00f3n geopol\u00edtica en el mundo y su implicancia en la Patagonia","publisher":{"@id":"https:\/\/patagoniambiental.com.ar\/info\/#organization"},"potentialAction":[{"@type":"SearchAction","target":{"@type":"EntryPoint","urlTemplate":"https:\/\/patagoniambiental.com.ar\/info\/?s={search_term_string}"},"query-input":{"@type":"PropertyValueSpecification","valueRequired":true,"valueName":"search_term_string"}}],"inLanguage":"es"},{"@type":"Organization","@id":"https:\/\/patagoniambiental.com.ar\/info\/#organization","name":"Patagonia Ambiental","url":"https:\/\/patagoniambiental.com.ar\/info\/","logo":{"@type":"ImageObject","inLanguage":"es","@id":"https:\/\/patagoniambiental.com.ar\/info\/#\/schema\/logo\/image\/","url":"https:\/\/patagoniambiental.com.ar\/info\/wp-content\/uploads\/2025\/05\/LOGO-PATAGONIA-AMBIENTAL.png","contentUrl":"https:\/\/patagoniambiental.com.ar\/info\/wp-content\/uploads\/2025\/05\/LOGO-PATAGONIA-AMBIENTAL.png","width":433,"height":250,"caption":"Patagonia Ambiental"},"image":{"@id":"https:\/\/patagoniambiental.com.ar\/info\/#\/schema\/logo\/image\/"},"sameAs":["https:\/\/www.facebook.com\/patagonia.ambiental","https:\/\/x.com\/PatAmb"]},{"@type":"Person","@id":"https:\/\/patagoniambiental.com.ar\/info\/#\/schema\/person\/e5af09d700b2e82cb10c6b8800e0c691","name":"BRAIAN ESTEVEZ","sameAs":["http:\/\/www.patagoniambiental.com.ar"]}]}},"_links":{"self":[{"href":"https:\/\/patagoniambiental.com.ar\/info\/wp-json\/wp\/v2\/posts\/73924","targetHints":{"allow":["GET"]}}],"collection":[{"href":"https:\/\/patagoniambiental.com.ar\/info\/wp-json\/wp\/v2\/posts"}],"about":[{"href":"https:\/\/patagoniambiental.com.ar\/info\/wp-json\/wp\/v2\/types\/post"}],"author":[{"embeddable":true,"href":"https:\/\/patagoniambiental.com.ar\/info\/wp-json\/wp\/v2\/users\/6"}],"replies":[{"embeddable":true,"href":"https:\/\/patagoniambiental.com.ar\/info\/wp-json\/wp\/v2\/comments?post=73924"}],"version-history":[{"count":0,"href":"https:\/\/patagoniambiental.com.ar\/info\/wp-json\/wp\/v2\/posts\/73924\/revisions"}],"wp:featuredmedia":[{"embeddable":true,"href":"https:\/\/patagoniambiental.com.ar\/info\/wp-json\/wp\/v2\/media\/73925"}],"wp:attachment":[{"href":"https:\/\/patagoniambiental.com.ar\/info\/wp-json\/wp\/v2\/media?parent=73924"}],"wp:term":[{"taxonomy":"category","embeddable":true,"href":"https:\/\/patagoniambiental.com.ar\/info\/wp-json\/wp\/v2\/categories?post=73924"},{"taxonomy":"post_tag","embeddable":true,"href":"https:\/\/patagoniambiental.com.ar\/info\/wp-json\/wp\/v2\/tags?post=73924"}],"curies":[{"name":"wp","href":"https:\/\/api.w.org\/{rel}","templated":true}]}}