{"id":73927,"date":"2021-08-24T20:49:11","date_gmt":"2021-08-24T23:49:11","guid":{"rendered":"http:\/\/patagoniambiental.com.ar\/info\/?p=73927"},"modified":"2021-08-24T20:49:13","modified_gmt":"2021-08-24T23:49:13","slug":"presentaron-11-ofertas-para-abastecer-con-energia-renovable-a-tres-localidades-rionegrinas","status":"publish","type":"post","link":"https:\/\/patagoniambiental.com.ar\/info\/presentaron-11-ofertas-para-abastecer-con-energia-renovable-a-tres-localidades-rionegrinas\/","title":{"rendered":"Presentaron 11 ofertas para abastecer con energ\u00eda renovable a tres localidades rionegrinas"},"content":{"rendered":"\n<!--more-->\n\n\n\n<h4 class=\"wp-block-heading\">A trav\u00e9s del Proyecto de Energ\u00edas Renovables en Mercados Rurales (PERMER), se recibieron las ofertas para el montaje de miniredes de generaci\u00f3n solar y e\u00f3lica en Aguada Guzm\u00e1n, Col\u00e1n Conhu\u00e9 y Laguna Blanca.<\/h4>\n\n\n\n<h6 class=\"wp-block-heading\">Fecha:&nbsp;<strong>24 de agosto de 2021<\/strong><\/h6>\n\n\n\n<figure class=\"wp-block-image\"><img decoding=\"async\" src=\"https:\/\/rionegro.gov.ar\/_next\/image?url=https%3A%2F%2Fsilvercoder.rionegro.gov.ar%2Ffiles%2F1629816501_2de84733983bf7dd3264.jpg&amp;w=3840&amp;q=75\" alt=\"\"\/><\/figure>\n\n\n\n<p>Se van a montar miniredes de generaci\u00f3n solar y e\u00f3lica.Cr\u00e9dito:&nbsp;Gobierno de R\u00edo Negro<\/p>\n\n\n\n<p>La licitaci\u00f3n es impulsada desde el Gobierno Nacional y las tres localidades fueron incluidas en el programa a partir de diferentes gestiones efectuadas por la Secretar\u00eda de Energ\u00eda provincial. Este proceso licitatorio tambi\u00e9n incluye una minired en una localidad rural de Catamarca.<\/p>\n\n\n\n<p>Las instalaciones ser\u00e1n similares a la que se construir\u00e1 en Naupa Huen, donde ya fue adjudicada la realizaci\u00f3n de la obra para contar con 24 horas de servicio ininterrumpido y para la cual ya se hizo un recorrido por el poblado con la empresa que gan\u00f3 esa licitaci\u00f3n.<\/p>\n\n\n\n<p>Seg\u00fan se inform\u00f3, se recibieron ofertas de siete empresas para las obras, que tienen un plazo de ejecuci\u00f3n, seg\u00fan se desprende de los pliegos, de 10 meses desde la adjudicaci\u00f3n.<\/p>\n\n\n\n<figure class=\"wp-block-image\"><img decoding=\"async\" src=\"https:\/\/silvercoder.rionegro.gov.ar\/files\/1629816584_3349665a993aa28ea7ad.jpg\" alt=\"\"\/><\/figure>\n\n\n\n<p>En Aguada Guzm\u00e1n y Col\u00e1n Conhu\u00e9 se trata de dos sistemas que se montar\u00e1n desde cero. Para el primer caso, se recibieron dos ofertas. Una de SE.MI.SA Construcciones por USD 1.078.974,10 y otra de Obras Andinas SA de USD 1.560.000. Mientras que Col\u00e1n Conhue fue la localidad que m\u00e1s ofertas recibi\u00f3 con seis empresas interesadas: Proyecci\u00f3n Electroluz SRL, ofert\u00f3 USD 939.210; SE.MI.SA Construcciones, USD 703.439,84: EMA Electromec\u00e1nica SA, USD 1.296.753,23; CORADIR SA, USD 577.365; Obras Andinas SA, USD 998.000; y MULTIRADIO SA, USD 588.524<\/p>\n\n\n\n<p>En el caso de Laguna Blanca es una ampliaci\u00f3n que se ha pedido para responder al crecimiento de la demanda. Aqu\u00ed hubo tres ofrecimientos. El de SE.MI.SA Construcciones, por USD 437.332,91; el de EMA Electromec\u00e1nica SA, de USD 1.024.298,07; y el de Obras Andinas SA, por USD 600.000.<\/p>\n\n\n\n<figure class=\"wp-block-image\"><img decoding=\"async\" src=\"https:\/\/silvercoder.rionegro.gov.ar\/files\/1629816603_cced29c0f003931024c8.jpg\" alt=\"\"\/><\/figure>\n\n\n\n<p>Una vez que las miniredes est\u00e9n concluidas, los beneficios de las energ\u00edas limpias llegar\u00e1n durante las 24 horas a m\u00e1s de 150 familias de estas tres comunidades, donde tambi\u00e9n funcionan unos 11 edificios p\u00fablicos. Y en paralelo, se lograr\u00e1 reducir la generaci\u00f3n t\u00e9rmica con la cual hoy se abastece de electricidad a toda la poblaci\u00f3n.<\/p>\n\n\n\n<p>La informaci\u00f3n completa de la licitaci\u00f3n LPN 5\/2021 se puede obtener en&nbsp;<a href=\"https:\/\/www.argentina.gob.ar\/economia\/energia\/permer\">https:\/\/www.argentina.gob.ar\/economia\/energia\/permer<\/a>.<\/p>\n\n\n\n<h4 class=\"wp-block-heading\">\u00bfQu\u00e9 es el PERMER?<\/h4>\n\n\n\n<p>El Proyecto de Energ\u00edas Renovables en Mercados Rurales brinda acceso a la energ\u00eda con fuentes renovables a la poblaci\u00f3n rural del pa\u00eds que no tiene luz por estar alejada de las redes de distribuci\u00f3n.<\/p>\n\n\n\n<p>Desarrolla diversas iniciativas para proveer de energ\u00eda a hogares, escuelas rurales, comunidades aglomeradas y peque\u00f1os emprendimientos productivos. De esta manera, busca mejorar la calidad de vida de los habitantes rurales de la Argentina.<\/p>\n\n\n\n<p>Fuente: Gobierno de Rio Negro<\/p>\n","protected":false},"excerpt":{"rendered":"","protected":false},"author":6,"featured_media":73928,"comment_status":"open","ping_status":"open","sticky":false,"template":"","format":"standard","meta":{"site-sidebar-layout":"default","site-content-layout":"","ast-site-content-layout":"default","site-content-style":"default","site-sidebar-style":"default","ast-global-header-display":"","ast-banner-title-visibility":"","ast-main-header-display":"","ast-hfb-above-header-display":"","ast-hfb-below-header-display":"","ast-hfb-mobile-header-display":"","site-post-title":"","ast-breadcrumbs-content":"","ast-featured-img":"","footer-sml-layout":"","ast-disable-related-posts":"","theme-transparent-header-meta":"","adv-header-id-meta":"","stick-header-meta":"","header-above-stick-meta":"","header-main-stick-meta":"","header-below-stick-meta":"","astra-migrate-meta-layouts":"default","ast-page-background-enabled":"default","ast-page-background-meta":{"desktop":{"background-color":"var(--ast-global-color-5)","background-image":"","background-repeat":"repeat","background-position":"center center","background-size":"auto","background-attachment":"scroll","background-type":"","background-media":"","overlay-type":"","overlay-color":"","overlay-opacity":"","overlay-gradient":""},"tablet":{"background-color":"","background-image":"","background-repeat":"repeat","background-position":"center center","background-size":"auto","background-attachment":"scroll","background-type":"","background-media":"","overlay-type":"","overlay-color":"","overlay-opacity":"","overlay-gradient":""},"mobile":{"background-color":"","background-image":"","background-repeat":"repeat","background-position":"center center","background-size":"auto","background-attachment":"scroll","background-type":"","background-media":"","overlay-type":"","overlay-color":"","overlay-opacity":"","overlay-gradient":""}},"ast-content-background-meta":{"desktop":{"background-color":"var(--ast-global-color-4)","background-image":"","background-repeat":"repeat","background-position":"center center","background-size":"auto","background-attachment":"scroll","background-type":"","background-media":"","overlay-type":"","overlay-color":"","overlay-opacity":"","overlay-gradient":""},"tablet":{"background-color":"var(--ast-global-color-4)","background-image":"","background-repeat":"repeat","background-position":"center center","background-size":"auto","background-attachment":"scroll","background-type":"","background-media":"","overlay-type":"","overlay-color":"","overlay-opacity":"","overlay-gradient":""},"mobile":{"background-color":"var(--ast-global-color-4)","background-image":"","background-repeat":"repeat","background-position":"center center","background-size":"auto","background-attachment":"scroll","background-type":"","background-media":"","overlay-type":"","overlay-color":"","overlay-opacity":"","overlay-gradient":""}},"footnotes":""},"categories":[1],"tags":[],"class_list":["post-73927","post","type-post","status-publish","format-standard","has-post-thumbnail","hentry","category-noticias"],"yoast_head":"<!-- This site is optimized with the Yoast SEO Premium plugin v23.0 (Yoast SEO v27.5) - https:\/\/yoast.com\/product\/yoast-seo-premium-wordpress\/ -->\n<title>Presentaron 11 ofertas para abastecer con energ\u00eda renovable a tres localidades rionegrinas<\/title>\n<meta name=\"robots\" content=\"index, follow, max-snippet:-1, max-image-preview:large, max-video-preview:-1\" \/>\n<link rel=\"canonical\" href=\"https:\/\/patagoniambiental.com.ar\/info\/presentaron-11-ofertas-para-abastecer-con-energia-renovable-a-tres-localidades-rionegrinas\/\" \/>\n<meta property=\"og:locale\" content=\"es_ES\" \/>\n<meta property=\"og:type\" content=\"article\" \/>\n<meta property=\"og:title\" content=\"Presentaron 11 ofertas para abastecer con energ\u00eda renovable a tres localidades rionegrinas\" \/>\n<meta property=\"og:url\" content=\"https:\/\/patagoniambiental.com.ar\/info\/presentaron-11-ofertas-para-abastecer-con-energia-renovable-a-tres-localidades-rionegrinas\/\" \/>\n<meta property=\"og:site_name\" content=\"Patagonia Ambiental\" \/>\n<meta property=\"article:publisher\" content=\"https:\/\/www.facebook.com\/patagonia.ambiental\" \/>\n<meta property=\"article:published_time\" content=\"2021-08-24T23:49:11+00:00\" \/>\n<meta property=\"article:modified_time\" content=\"2021-08-24T23:49:13+00:00\" \/>\n<meta property=\"og:image\" content=\"https:\/\/patagoniambiental.com.ar\/info\/wp-content\/uploads\/2021\/08\/44.jpg\" \/>\n\t<meta property=\"og:image:width\" content=\"983\" \/>\n\t<meta property=\"og:image:height\" content=\"446\" \/>\n\t<meta property=\"og:image:type\" content=\"image\/jpeg\" \/>\n<meta name=\"author\" content=\"BRAIAN ESTEVEZ\" \/>\n<meta name=\"twitter:card\" content=\"summary_large_image\" \/>\n<meta name=\"twitter:creator\" content=\"@PatAmb\" \/>\n<meta name=\"twitter:site\" content=\"@PatAmb\" \/>\n<script type=\"application\/ld+json\" class=\"yoast-schema-graph\">{\"@context\":\"https:\\\/\\\/schema.org\",\"@graph\":[{\"@type\":\"Article\",\"@id\":\"https:\\\/\\\/patagoniambiental.com.ar\\\/info\\\/presentaron-11-ofertas-para-abastecer-con-energia-renovable-a-tres-localidades-rionegrinas\\\/#article\",\"isPartOf\":{\"@id\":\"https:\\\/\\\/patagoniambiental.com.ar\\\/info\\\/presentaron-11-ofertas-para-abastecer-con-energia-renovable-a-tres-localidades-rionegrinas\\\/\"},\"author\":{\"name\":\"BRAIAN ESTEVEZ\",\"@id\":\"https:\\\/\\\/patagoniambiental.com.ar\\\/info\\\/#\\\/schema\\\/person\\\/e5af09d700b2e82cb10c6b8800e0c691\"},\"headline\":\"Presentaron 11 ofertas para abastecer con energ\u00eda renovable a tres localidades rionegrinas\",\"datePublished\":\"2021-08-24T23:49:11+00:00\",\"dateModified\":\"2021-08-24T23:49:13+00:00\",\"mainEntityOfPage\":{\"@id\":\"https:\\\/\\\/patagoniambiental.com.ar\\\/info\\\/presentaron-11-ofertas-para-abastecer-con-energia-renovable-a-tres-localidades-rionegrinas\\\/\"},\"wordCount\":507,\"commentCount\":0,\"publisher\":{\"@id\":\"https:\\\/\\\/patagoniambiental.com.ar\\\/info\\\/#organization\"},\"image\":{\"@id\":\"https:\\\/\\\/patagoniambiental.com.ar\\\/info\\\/presentaron-11-ofertas-para-abastecer-con-energia-renovable-a-tres-localidades-rionegrinas\\\/#primaryimage\"},\"thumbnailUrl\":\"https:\\\/\\\/patagoniambiental.com.ar\\\/info\\\/wp-content\\\/uploads\\\/2021\\\/08\\\/44.jpg\",\"articleSection\":[\"Noticias\"],\"inLanguage\":\"es\",\"potentialAction\":[{\"@type\":\"CommentAction\",\"name\":\"Comment\",\"target\":[\"https:\\\/\\\/patagoniambiental.com.ar\\\/info\\\/presentaron-11-ofertas-para-abastecer-con-energia-renovable-a-tres-localidades-rionegrinas\\\/#respond\"]}]},{\"@type\":\"WebPage\",\"@id\":\"https:\\\/\\\/patagoniambiental.com.ar\\\/info\\\/presentaron-11-ofertas-para-abastecer-con-energia-renovable-a-tres-localidades-rionegrinas\\\/\",\"url\":\"https:\\\/\\\/patagoniambiental.com.ar\\\/info\\\/presentaron-11-ofertas-para-abastecer-con-energia-renovable-a-tres-localidades-rionegrinas\\\/\",\"name\":\"Presentaron 11 ofertas para abastecer con energ\u00eda renovable a tres localidades rionegrinas\",\"isPartOf\":{\"@id\":\"https:\\\/\\\/patagoniambiental.com.ar\\\/info\\\/#website\"},\"primaryImageOfPage\":{\"@id\":\"https:\\\/\\\/patagoniambiental.com.ar\\\/info\\\/presentaron-11-ofertas-para-abastecer-con-energia-renovable-a-tres-localidades-rionegrinas\\\/#primaryimage\"},\"image\":{\"@id\":\"https:\\\/\\\/patagoniambiental.com.ar\\\/info\\\/presentaron-11-ofertas-para-abastecer-con-energia-renovable-a-tres-localidades-rionegrinas\\\/#primaryimage\"},\"thumbnailUrl\":\"https:\\\/\\\/patagoniambiental.com.ar\\\/info\\\/wp-content\\\/uploads\\\/2021\\\/08\\\/44.jpg\",\"datePublished\":\"2021-08-24T23:49:11+00:00\",\"dateModified\":\"2021-08-24T23:49:13+00:00\",\"breadcrumb\":{\"@id\":\"https:\\\/\\\/patagoniambiental.com.ar\\\/info\\\/presentaron-11-ofertas-para-abastecer-con-energia-renovable-a-tres-localidades-rionegrinas\\\/#breadcrumb\"},\"inLanguage\":\"es\",\"potentialAction\":[{\"@type\":\"ReadAction\",\"target\":[\"https:\\\/\\\/patagoniambiental.com.ar\\\/info\\\/presentaron-11-ofertas-para-abastecer-con-energia-renovable-a-tres-localidades-rionegrinas\\\/\"]}]},{\"@type\":\"ImageObject\",\"inLanguage\":\"es\",\"@id\":\"https:\\\/\\\/patagoniambiental.com.ar\\\/info\\\/presentaron-11-ofertas-para-abastecer-con-energia-renovable-a-tres-localidades-rionegrinas\\\/#primaryimage\",\"url\":\"https:\\\/\\\/patagoniambiental.com.ar\\\/info\\\/wp-content\\\/uploads\\\/2021\\\/08\\\/44.jpg\",\"contentUrl\":\"https:\\\/\\\/patagoniambiental.com.ar\\\/info\\\/wp-content\\\/uploads\\\/2021\\\/08\\\/44.jpg\",\"width\":983,\"height\":446},{\"@type\":\"BreadcrumbList\",\"@id\":\"https:\\\/\\\/patagoniambiental.com.ar\\\/info\\\/presentaron-11-ofertas-para-abastecer-con-energia-renovable-a-tres-localidades-rionegrinas\\\/#breadcrumb\",\"itemListElement\":[{\"@type\":\"ListItem\",\"position\":1,\"name\":\"Inicio\",\"item\":\"https:\\\/\\\/patagoniambiental.com.ar\\\/info\\\/\"},{\"@type\":\"ListItem\",\"position\":2,\"name\":\"Presentaron 11 ofertas para abastecer con energ\u00eda renovable a tres localidades rionegrinas\"}]},{\"@type\":\"WebSite\",\"@id\":\"https:\\\/\\\/patagoniambiental.com.ar\\\/info\\\/#website\",\"url\":\"https:\\\/\\\/patagoniambiental.com.ar\\\/info\\\/\",\"name\":\"Patagonia Ambiental\",\"description\":\"Monitoreo y an\u00e1lisis de la situaci\u00f3n geopol\u00edtica en el mundo y su implicancia en la Patagonia\",\"publisher\":{\"@id\":\"https:\\\/\\\/patagoniambiental.com.ar\\\/info\\\/#organization\"},\"potentialAction\":[{\"@type\":\"SearchAction\",\"target\":{\"@type\":\"EntryPoint\",\"urlTemplate\":\"https:\\\/\\\/patagoniambiental.com.ar\\\/info\\\/?s={search_term_string}\"},\"query-input\":{\"@type\":\"PropertyValueSpecification\",\"valueRequired\":true,\"valueName\":\"search_term_string\"}}],\"inLanguage\":\"es\"},{\"@type\":\"Organization\",\"@id\":\"https:\\\/\\\/patagoniambiental.com.ar\\\/info\\\/#organization\",\"name\":\"Patagonia Ambiental\",\"url\":\"https:\\\/\\\/patagoniambiental.com.ar\\\/info\\\/\",\"logo\":{\"@type\":\"ImageObject\",\"inLanguage\":\"es\",\"@id\":\"https:\\\/\\\/patagoniambiental.com.ar\\\/info\\\/#\\\/schema\\\/logo\\\/image\\\/\",\"url\":\"https:\\\/\\\/patagoniambiental.com.ar\\\/info\\\/wp-content\\\/uploads\\\/2025\\\/05\\\/LOGO-PATAGONIA-AMBIENTAL.png\",\"contentUrl\":\"https:\\\/\\\/patagoniambiental.com.ar\\\/info\\\/wp-content\\\/uploads\\\/2025\\\/05\\\/LOGO-PATAGONIA-AMBIENTAL.png\",\"width\":433,\"height\":250,\"caption\":\"Patagonia Ambiental\"},\"image\":{\"@id\":\"https:\\\/\\\/patagoniambiental.com.ar\\\/info\\\/#\\\/schema\\\/logo\\\/image\\\/\"},\"sameAs\":[\"https:\\\/\\\/www.facebook.com\\\/patagonia.ambiental\",\"https:\\\/\\\/x.com\\\/PatAmb\"]},{\"@type\":\"Person\",\"@id\":\"https:\\\/\\\/patagoniambiental.com.ar\\\/info\\\/#\\\/schema\\\/person\\\/e5af09d700b2e82cb10c6b8800e0c691\",\"name\":\"BRAIAN ESTEVEZ\",\"sameAs\":[\"http:\\\/\\\/www.patagoniambiental.com.ar\"]}]}<\/script>\n<!-- \/ Yoast SEO Premium plugin. -->","yoast_head_json":{"title":"Presentaron 11 ofertas para abastecer con energ\u00eda renovable a tres localidades rionegrinas","robots":{"index":"index","follow":"follow","max-snippet":"max-snippet:-1","max-image-preview":"max-image-preview:large","max-video-preview":"max-video-preview:-1"},"canonical":"https:\/\/patagoniambiental.com.ar\/info\/presentaron-11-ofertas-para-abastecer-con-energia-renovable-a-tres-localidades-rionegrinas\/","og_locale":"es_ES","og_type":"article","og_title":"Presentaron 11 ofertas para abastecer con energ\u00eda renovable a tres localidades rionegrinas","og_url":"https:\/\/patagoniambiental.com.ar\/info\/presentaron-11-ofertas-para-abastecer-con-energia-renovable-a-tres-localidades-rionegrinas\/","og_site_name":"Patagonia Ambiental","article_publisher":"https:\/\/www.facebook.com\/patagonia.ambiental","article_published_time":"2021-08-24T23:49:11+00:00","article_modified_time":"2021-08-24T23:49:13+00:00","og_image":[{"width":983,"height":446,"url":"https:\/\/patagoniambiental.com.ar\/info\/wp-content\/uploads\/2021\/08\/44.jpg","type":"image\/jpeg"}],"author":"BRAIAN ESTEVEZ","twitter_card":"summary_large_image","twitter_creator":"@PatAmb","twitter_site":"@PatAmb","schema":{"@context":"https:\/\/schema.org","@graph":[{"@type":"Article","@id":"https:\/\/patagoniambiental.com.ar\/info\/presentaron-11-ofertas-para-abastecer-con-energia-renovable-a-tres-localidades-rionegrinas\/#article","isPartOf":{"@id":"https:\/\/patagoniambiental.com.ar\/info\/presentaron-11-ofertas-para-abastecer-con-energia-renovable-a-tres-localidades-rionegrinas\/"},"author":{"name":"BRAIAN ESTEVEZ","@id":"https:\/\/patagoniambiental.com.ar\/info\/#\/schema\/person\/e5af09d700b2e82cb10c6b8800e0c691"},"headline":"Presentaron 11 ofertas para abastecer con energ\u00eda renovable a tres localidades rionegrinas","datePublished":"2021-08-24T23:49:11+00:00","dateModified":"2021-08-24T23:49:13+00:00","mainEntityOfPage":{"@id":"https:\/\/patagoniambiental.com.ar\/info\/presentaron-11-ofertas-para-abastecer-con-energia-renovable-a-tres-localidades-rionegrinas\/"},"wordCount":507,"commentCount":0,"publisher":{"@id":"https:\/\/patagoniambiental.com.ar\/info\/#organization"},"image":{"@id":"https:\/\/patagoniambiental.com.ar\/info\/presentaron-11-ofertas-para-abastecer-con-energia-renovable-a-tres-localidades-rionegrinas\/#primaryimage"},"thumbnailUrl":"https:\/\/patagoniambiental.com.ar\/info\/wp-content\/uploads\/2021\/08\/44.jpg","articleSection":["Noticias"],"inLanguage":"es","potentialAction":[{"@type":"CommentAction","name":"Comment","target":["https:\/\/patagoniambiental.com.ar\/info\/presentaron-11-ofertas-para-abastecer-con-energia-renovable-a-tres-localidades-rionegrinas\/#respond"]}]},{"@type":"WebPage","@id":"https:\/\/patagoniambiental.com.ar\/info\/presentaron-11-ofertas-para-abastecer-con-energia-renovable-a-tres-localidades-rionegrinas\/","url":"https:\/\/patagoniambiental.com.ar\/info\/presentaron-11-ofertas-para-abastecer-con-energia-renovable-a-tres-localidades-rionegrinas\/","name":"Presentaron 11 ofertas para abastecer con energ\u00eda renovable a tres localidades rionegrinas","isPartOf":{"@id":"https:\/\/patagoniambiental.com.ar\/info\/#website"},"primaryImageOfPage":{"@id":"https:\/\/patagoniambiental.com.ar\/info\/presentaron-11-ofertas-para-abastecer-con-energia-renovable-a-tres-localidades-rionegrinas\/#primaryimage"},"image":{"@id":"https:\/\/patagoniambiental.com.ar\/info\/presentaron-11-ofertas-para-abastecer-con-energia-renovable-a-tres-localidades-rionegrinas\/#primaryimage"},"thumbnailUrl":"https:\/\/patagoniambiental.com.ar\/info\/wp-content\/uploads\/2021\/08\/44.jpg","datePublished":"2021-08-24T23:49:11+00:00","dateModified":"2021-08-24T23:49:13+00:00","breadcrumb":{"@id":"https:\/\/patagoniambiental.com.ar\/info\/presentaron-11-ofertas-para-abastecer-con-energia-renovable-a-tres-localidades-rionegrinas\/#breadcrumb"},"inLanguage":"es","potentialAction":[{"@type":"ReadAction","target":["https:\/\/patagoniambiental.com.ar\/info\/presentaron-11-ofertas-para-abastecer-con-energia-renovable-a-tres-localidades-rionegrinas\/"]}]},{"@type":"ImageObject","inLanguage":"es","@id":"https:\/\/patagoniambiental.com.ar\/info\/presentaron-11-ofertas-para-abastecer-con-energia-renovable-a-tres-localidades-rionegrinas\/#primaryimage","url":"https:\/\/patagoniambiental.com.ar\/info\/wp-content\/uploads\/2021\/08\/44.jpg","contentUrl":"https:\/\/patagoniambiental.com.ar\/info\/wp-content\/uploads\/2021\/08\/44.jpg","width":983,"height":446},{"@type":"BreadcrumbList","@id":"https:\/\/patagoniambiental.com.ar\/info\/presentaron-11-ofertas-para-abastecer-con-energia-renovable-a-tres-localidades-rionegrinas\/#breadcrumb","itemListElement":[{"@type":"ListItem","position":1,"name":"Inicio","item":"https:\/\/patagoniambiental.com.ar\/info\/"},{"@type":"ListItem","position":2,"name":"Presentaron 11 ofertas para abastecer con energ\u00eda renovable a tres localidades rionegrinas"}]},{"@type":"WebSite","@id":"https:\/\/patagoniambiental.com.ar\/info\/#website","url":"https:\/\/patagoniambiental.com.ar\/info\/","name":"Patagonia Ambiental","description":"Monitoreo y an\u00e1lisis de la situaci\u00f3n geopol\u00edtica en el mundo y su implicancia en la Patagonia","publisher":{"@id":"https:\/\/patagoniambiental.com.ar\/info\/#organization"},"potentialAction":[{"@type":"SearchAction","target":{"@type":"EntryPoint","urlTemplate":"https:\/\/patagoniambiental.com.ar\/info\/?s={search_term_string}"},"query-input":{"@type":"PropertyValueSpecification","valueRequired":true,"valueName":"search_term_string"}}],"inLanguage":"es"},{"@type":"Organization","@id":"https:\/\/patagoniambiental.com.ar\/info\/#organization","name":"Patagonia Ambiental","url":"https:\/\/patagoniambiental.com.ar\/info\/","logo":{"@type":"ImageObject","inLanguage":"es","@id":"https:\/\/patagoniambiental.com.ar\/info\/#\/schema\/logo\/image\/","url":"https:\/\/patagoniambiental.com.ar\/info\/wp-content\/uploads\/2025\/05\/LOGO-PATAGONIA-AMBIENTAL.png","contentUrl":"https:\/\/patagoniambiental.com.ar\/info\/wp-content\/uploads\/2025\/05\/LOGO-PATAGONIA-AMBIENTAL.png","width":433,"height":250,"caption":"Patagonia Ambiental"},"image":{"@id":"https:\/\/patagoniambiental.com.ar\/info\/#\/schema\/logo\/image\/"},"sameAs":["https:\/\/www.facebook.com\/patagonia.ambiental","https:\/\/x.com\/PatAmb"]},{"@type":"Person","@id":"https:\/\/patagoniambiental.com.ar\/info\/#\/schema\/person\/e5af09d700b2e82cb10c6b8800e0c691","name":"BRAIAN ESTEVEZ","sameAs":["http:\/\/www.patagoniambiental.com.ar"]}]}},"_links":{"self":[{"href":"https:\/\/patagoniambiental.com.ar\/info\/wp-json\/wp\/v2\/posts\/73927","targetHints":{"allow":["GET"]}}],"collection":[{"href":"https:\/\/patagoniambiental.com.ar\/info\/wp-json\/wp\/v2\/posts"}],"about":[{"href":"https:\/\/patagoniambiental.com.ar\/info\/wp-json\/wp\/v2\/types\/post"}],"author":[{"embeddable":true,"href":"https:\/\/patagoniambiental.com.ar\/info\/wp-json\/wp\/v2\/users\/6"}],"replies":[{"embeddable":true,"href":"https:\/\/patagoniambiental.com.ar\/info\/wp-json\/wp\/v2\/comments?post=73927"}],"version-history":[{"count":0,"href":"https:\/\/patagoniambiental.com.ar\/info\/wp-json\/wp\/v2\/posts\/73927\/revisions"}],"wp:featuredmedia":[{"embeddable":true,"href":"https:\/\/patagoniambiental.com.ar\/info\/wp-json\/wp\/v2\/media\/73928"}],"wp:attachment":[{"href":"https:\/\/patagoniambiental.com.ar\/info\/wp-json\/wp\/v2\/media?parent=73927"}],"wp:term":[{"taxonomy":"category","embeddable":true,"href":"https:\/\/patagoniambiental.com.ar\/info\/wp-json\/wp\/v2\/categories?post=73927"},{"taxonomy":"post_tag","embeddable":true,"href":"https:\/\/patagoniambiental.com.ar\/info\/wp-json\/wp\/v2\/tags?post=73927"}],"curies":[{"name":"wp","href":"https:\/\/api.w.org\/{rel}","templated":true}]}}