{"id":73955,"date":"2021-08-29T07:00:00","date_gmt":"2021-08-29T10:00:00","guid":{"rendered":"http:\/\/patagoniambiental.com.ar\/info\/?p=73955"},"modified":"2021-08-27T12:10:54","modified_gmt":"2021-08-27T15:10:54","slug":"playas-y-forestacion-en-el-dique-casa-de-piedra","status":"publish","type":"post","link":"https:\/\/patagoniambiental.com.ar\/info\/playas-y-forestacion-en-el-dique-casa-de-piedra\/","title":{"rendered":"Playas y forestaci\u00f3n en el dique Casa de Piedra"},"content":{"rendered":"\n<!--more-->\n\n\n\n<p>El delegado comunal de la Villa Casa de Piedra, Mart\u00edn Borthiry, revel\u00f3 de las numerosas mejoras en las que est\u00e1n trabajando a fin de aumentar servicios y propuestas tur\u00edsticas. Entre ellas est\u00e1n los trabajos de ampliaci\u00f3n y readecuaci\u00f3n de playas y el Camping de Pescadores. Tambi\u00e9n un importante proyecto relacionado con el arbolado urbano y forestaci\u00f3n.<\/p>\n\n\n\n<p>Mejoran forestaci\u00f3n.<br>En las \u00faltimas horas, se conoci\u00f3 en forma oficial las tareas en el mejoramiento del arbolado urbano y un plan forestaci\u00f3n que se lleva adelante en la Villa Casa de Piedra. Desde el Ministerio de la Producci\u00f3n, a trav\u00e9s de la Direcci\u00f3n General de Recursos Naturales, anunciaron que \u00abse trabaja en un plan de Forestaci\u00f3n Urbana en la Villa Casa de Piedra\u00bb.<br>La informaci\u00f3n corresponde al \u00e1rea de Arbolado Urbano y Forestaci\u00f3n, desde donde revelaron que un equipo t\u00e9cnico, junto al delegado de Casa de Piedra, Mart\u00edn Borthiry, \u00abavanzan en el plan de forestaci\u00f3n de la Villa a fin de embellecer el lugar, proteger la misma de los vientos predominantes generando de esta manera, un mejor ambiente para vecinos y visitantes\u00bb.<br>Confirmaron que las plantas a utilizar son provistas por los Viveros Forestales Provinciales, y que \u00abpara este caso, las especies que se seleccionaron fueron: casuarina, pino, eucalipto corteza de hierro, eucalipto cinera, \u00e1lamo I214,acacia blanca, thuja, aromos, entre otras\u00bb.<br>De acuerdo a lo informado, la actividad est\u00e1 enmarcada en el Programa de Arbolado urbano y Forestaci\u00f3n que se realiza en distintas localidades de la Provincia. En este caso, los t\u00e9cnicos revelaron que en Casa de Piedra tienen proyectado para el presente a\u00f1o realizar una plantaci\u00f3n de dos mil ejemplares.<\/p>\n\n\n\n<p>M\u00e1s playas.<br>Paralelamente Borthiry, con el entusiasmo que lo caracteriza en la funci\u00f3n de gesti\u00f3n de la Villa, revel\u00f3 tareas que apuntan a mejorar servicios y ofertas tur\u00edsticas para la pr\u00f3xima temporada. \u00abSeguimos haciendo el movimiento de suelos para la ampliaci\u00f3n de la playa del R\u00edo Colorado y recuperando la totalidad del camping de pescadores, pensando en este verano en \u2018La Villa\u2019 Casa de Piedra\u00bb, se\u00f1al\u00f3.<br>El Camping de Pescadores es uno de los sectores en los que se puso atenci\u00f3n. \u00abYa estamos trabajando en la reforma de esta espacio. Aqu\u00ed se largar\u00e1 oficialmente la temporada de pesca de pejerrey y percas en nuestra Villa\u00bb, adelant\u00f3.<br>En el verano pasado, la atracci\u00f3n de los miles de turistas que pasaron por Casa de Piedra fue sin dudas la playita sobre el r\u00edo Colorado, aguas debajo de la presa, hoy la idea es optimizar el lugar. \u00abEstamos terminando los trabajos en la ampliaci\u00f3n. Buscamos ofrecer m\u00e1s playa, m\u00e1s comodidad y mejores servicios para este pr\u00f3ximo verano en \u2018La Villa\u2019 Casa de Piedra. All\u00ed estamos trabajando con Vialidad Provincial en la limpieza y ampliaci\u00f3n de la playa que pasar\u00e1 de tener 110 metros a 600 metros, con escolleras y bajadas\u00bb, anunci\u00f3 Mart\u00edn.<br>Del mismo modo, y esperanzados en que las condiciones clim\u00e1ticas mejoren y el lago vuelva a tener los niveles deseados, adelantaron trabajos en la playa frente a la zona urbana, en especial de eliminaci\u00f3n de renuevos de tamariscos que infectaron el lugar. \u00abEstamos llevando a cabo tareas de limpieza y ampliaci\u00f3n de la playa del Lago con m\u00e1quinas de Vialidad\u00bb, dijo.<br>Todo estos trabajos p\u00fablicos en b\u00fasqueda de que \u00abLa Villa\u00bb Casa de Piedra tenga su propia impronta, es son dejar de lado el sector urbano, una de las prioridades de la gesti\u00f3n municipal. \u00abLos espacios verdes del pueblo van mejorando d\u00eda a d\u00eda. Hemos optimizado los sistemas de riego, los desag\u00fces y las pasturas. Nos estamos preparando para esperarlos esta temporada\u00bb, concluy\u00f3 Mart\u00edn Borthiry.<\/p>\n\n\n\n<p>Fuente: http:\/\/www.laarena.com.ar\/la_pampa-playas-y-forestacion-2192268-163.html<\/p>\n","protected":false},"excerpt":{"rendered":"","protected":false},"author":6,"featured_media":0,"comment_status":"open","ping_status":"open","sticky":false,"template":"","format":"standard","meta":{"site-sidebar-layout":"default","site-content-layout":"","ast-site-content-layout":"default","site-content-style":"default","site-sidebar-style":"default","ast-global-header-display":"","ast-banner-title-visibility":"","ast-main-header-display":"","ast-hfb-above-header-display":"","ast-hfb-below-header-display":"","ast-hfb-mobile-header-display":"","site-post-title":"","ast-breadcrumbs-content":"","ast-featured-img":"","footer-sml-layout":"","ast-disable-related-posts":"","theme-transparent-header-meta":"","adv-header-id-meta":"","stick-header-meta":"","header-above-stick-meta":"","header-main-stick-meta":"","header-below-stick-meta":"","astra-migrate-meta-layouts":"default","ast-page-background-enabled":"default","ast-page-background-meta":{"desktop":{"background-color":"var(--ast-global-color-5)","background-image":"","background-repeat":"repeat","background-position":"center center","background-size":"auto","background-attachment":"scroll","background-type":"","background-media":"","overlay-type":"","overlay-color":"","overlay-opacity":"","overlay-gradient":""},"tablet":{"background-color":"","background-image":"","background-repeat":"repeat","background-position":"center center","background-size":"auto","background-attachment":"scroll","background-type":"","background-media":"","overlay-type":"","overlay-color":"","overlay-opacity":"","overlay-gradient":""},"mobile":{"background-color":"","background-image":"","background-repeat":"repeat","background-position":"center center","background-size":"auto","background-attachment":"scroll","background-type":"","background-media":"","overlay-type":"","overlay-color":"","overlay-opacity":"","overlay-gradient":""}},"ast-content-background-meta":{"desktop":{"background-color":"var(--ast-global-color-4)","background-image":"","background-repeat":"repeat","background-position":"center center","background-size":"auto","background-attachment":"scroll","background-type":"","background-media":"","overlay-type":"","overlay-color":"","overlay-opacity":"","overlay-gradient":""},"tablet":{"background-color":"var(--ast-global-color-4)","background-image":"","background-repeat":"repeat","background-position":"center center","background-size":"auto","background-attachment":"scroll","background-type":"","background-media":"","overlay-type":"","overlay-color":"","overlay-opacity":"","overlay-gradient":""},"mobile":{"background-color":"var(--ast-global-color-4)","background-image":"","background-repeat":"repeat","background-position":"center center","background-size":"auto","background-attachment":"scroll","background-type":"","background-media":"","overlay-type":"","overlay-color":"","overlay-opacity":"","overlay-gradient":""}},"footnotes":""},"categories":[11,59,1,13,10],"tags":[],"class_list":["post-73955","post","type-post","status-publish","format-standard","hentry","category-boletin","category-la-pampa","category-noticias","category-provinciales","category-rotador"],"yoast_head":"<!-- This site is optimized with the Yoast SEO Premium plugin v23.0 (Yoast SEO v27.5) - https:\/\/yoast.com\/product\/yoast-seo-premium-wordpress\/ -->\n<title>Playas y forestaci\u00f3n en el dique Casa de Piedra<\/title>\n<meta name=\"robots\" content=\"index, follow, max-snippet:-1, max-image-preview:large, max-video-preview:-1\" \/>\n<link rel=\"canonical\" href=\"https:\/\/patagoniambiental.com.ar\/info\/playas-y-forestacion-en-el-dique-casa-de-piedra\/\" \/>\n<meta property=\"og:locale\" content=\"es_ES\" \/>\n<meta property=\"og:type\" content=\"article\" \/>\n<meta property=\"og:title\" content=\"Playas y forestaci\u00f3n en el dique Casa de Piedra\" \/>\n<meta property=\"og:url\" content=\"https:\/\/patagoniambiental.com.ar\/info\/playas-y-forestacion-en-el-dique-casa-de-piedra\/\" \/>\n<meta property=\"og:site_name\" content=\"Patagonia Ambiental\" \/>\n<meta property=\"article:publisher\" content=\"https:\/\/www.facebook.com\/patagonia.ambiental\" \/>\n<meta property=\"article:published_time\" content=\"2021-08-29T10:00:00+00:00\" \/>\n<meta name=\"author\" content=\"BRAIAN ESTEVEZ\" \/>\n<meta name=\"twitter:card\" content=\"summary_large_image\" \/>\n<meta name=\"twitter:creator\" content=\"@PatAmb\" \/>\n<meta name=\"twitter:site\" content=\"@PatAmb\" \/>\n<script type=\"application\/ld+json\" class=\"yoast-schema-graph\">{\"@context\":\"https:\\\/\\\/schema.org\",\"@graph\":[{\"@type\":\"Article\",\"@id\":\"https:\\\/\\\/patagoniambiental.com.ar\\\/info\\\/playas-y-forestacion-en-el-dique-casa-de-piedra\\\/#article\",\"isPartOf\":{\"@id\":\"https:\\\/\\\/patagoniambiental.com.ar\\\/info\\\/playas-y-forestacion-en-el-dique-casa-de-piedra\\\/\"},\"author\":{\"name\":\"BRAIAN ESTEVEZ\",\"@id\":\"https:\\\/\\\/patagoniambiental.com.ar\\\/info\\\/#\\\/schema\\\/person\\\/e5af09d700b2e82cb10c6b8800e0c691\"},\"headline\":\"Playas y forestaci\u00f3n en el dique Casa de Piedra\",\"datePublished\":\"2021-08-29T10:00:00+00:00\",\"mainEntityOfPage\":{\"@id\":\"https:\\\/\\\/patagoniambiental.com.ar\\\/info\\\/playas-y-forestacion-en-el-dique-casa-de-piedra\\\/\"},\"wordCount\":662,\"commentCount\":0,\"publisher\":{\"@id\":\"https:\\\/\\\/patagoniambiental.com.ar\\\/info\\\/#organization\"},\"articleSection\":[\"Bolet\u00edn\",\"La Pampa\",\"Noticias\",\"Provinciales\",\"Rotador\"],\"inLanguage\":\"es\",\"potentialAction\":[{\"@type\":\"CommentAction\",\"name\":\"Comment\",\"target\":[\"https:\\\/\\\/patagoniambiental.com.ar\\\/info\\\/playas-y-forestacion-en-el-dique-casa-de-piedra\\\/#respond\"]}]},{\"@type\":\"WebPage\",\"@id\":\"https:\\\/\\\/patagoniambiental.com.ar\\\/info\\\/playas-y-forestacion-en-el-dique-casa-de-piedra\\\/\",\"url\":\"https:\\\/\\\/patagoniambiental.com.ar\\\/info\\\/playas-y-forestacion-en-el-dique-casa-de-piedra\\\/\",\"name\":\"Playas y forestaci\u00f3n en el dique Casa de Piedra\",\"isPartOf\":{\"@id\":\"https:\\\/\\\/patagoniambiental.com.ar\\\/info\\\/#website\"},\"datePublished\":\"2021-08-29T10:00:00+00:00\",\"breadcrumb\":{\"@id\":\"https:\\\/\\\/patagoniambiental.com.ar\\\/info\\\/playas-y-forestacion-en-el-dique-casa-de-piedra\\\/#breadcrumb\"},\"inLanguage\":\"es\",\"potentialAction\":[{\"@type\":\"ReadAction\",\"target\":[\"https:\\\/\\\/patagoniambiental.com.ar\\\/info\\\/playas-y-forestacion-en-el-dique-casa-de-piedra\\\/\"]}]},{\"@type\":\"BreadcrumbList\",\"@id\":\"https:\\\/\\\/patagoniambiental.com.ar\\\/info\\\/playas-y-forestacion-en-el-dique-casa-de-piedra\\\/#breadcrumb\",\"itemListElement\":[{\"@type\":\"ListItem\",\"position\":1,\"name\":\"Inicio\",\"item\":\"https:\\\/\\\/patagoniambiental.com.ar\\\/info\\\/\"},{\"@type\":\"ListItem\",\"position\":2,\"name\":\"Playas y forestaci\u00f3n en el dique Casa de Piedra\"}]},{\"@type\":\"WebSite\",\"@id\":\"https:\\\/\\\/patagoniambiental.com.ar\\\/info\\\/#website\",\"url\":\"https:\\\/\\\/patagoniambiental.com.ar\\\/info\\\/\",\"name\":\"Patagonia Ambiental\",\"description\":\"Monitoreo y an\u00e1lisis de la situaci\u00f3n geopol\u00edtica en el mundo y su implicancia en la Patagonia\",\"publisher\":{\"@id\":\"https:\\\/\\\/patagoniambiental.com.ar\\\/info\\\/#organization\"},\"potentialAction\":[{\"@type\":\"SearchAction\",\"target\":{\"@type\":\"EntryPoint\",\"urlTemplate\":\"https:\\\/\\\/patagoniambiental.com.ar\\\/info\\\/?s={search_term_string}\"},\"query-input\":{\"@type\":\"PropertyValueSpecification\",\"valueRequired\":true,\"valueName\":\"search_term_string\"}}],\"inLanguage\":\"es\"},{\"@type\":\"Organization\",\"@id\":\"https:\\\/\\\/patagoniambiental.com.ar\\\/info\\\/#organization\",\"name\":\"Patagonia Ambiental\",\"url\":\"https:\\\/\\\/patagoniambiental.com.ar\\\/info\\\/\",\"logo\":{\"@type\":\"ImageObject\",\"inLanguage\":\"es\",\"@id\":\"https:\\\/\\\/patagoniambiental.com.ar\\\/info\\\/#\\\/schema\\\/logo\\\/image\\\/\",\"url\":\"https:\\\/\\\/patagoniambiental.com.ar\\\/info\\\/wp-content\\\/uploads\\\/2025\\\/05\\\/LOGO-PATAGONIA-AMBIENTAL.png\",\"contentUrl\":\"https:\\\/\\\/patagoniambiental.com.ar\\\/info\\\/wp-content\\\/uploads\\\/2025\\\/05\\\/LOGO-PATAGONIA-AMBIENTAL.png\",\"width\":433,\"height\":250,\"caption\":\"Patagonia Ambiental\"},\"image\":{\"@id\":\"https:\\\/\\\/patagoniambiental.com.ar\\\/info\\\/#\\\/schema\\\/logo\\\/image\\\/\"},\"sameAs\":[\"https:\\\/\\\/www.facebook.com\\\/patagonia.ambiental\",\"https:\\\/\\\/x.com\\\/PatAmb\"]},{\"@type\":\"Person\",\"@id\":\"https:\\\/\\\/patagoniambiental.com.ar\\\/info\\\/#\\\/schema\\\/person\\\/e5af09d700b2e82cb10c6b8800e0c691\",\"name\":\"BRAIAN ESTEVEZ\",\"sameAs\":[\"http:\\\/\\\/www.patagoniambiental.com.ar\"]}]}<\/script>\n<!-- \/ Yoast SEO Premium plugin. -->","yoast_head_json":{"title":"Playas y forestaci\u00f3n en el dique Casa de Piedra","robots":{"index":"index","follow":"follow","max-snippet":"max-snippet:-1","max-image-preview":"max-image-preview:large","max-video-preview":"max-video-preview:-1"},"canonical":"https:\/\/patagoniambiental.com.ar\/info\/playas-y-forestacion-en-el-dique-casa-de-piedra\/","og_locale":"es_ES","og_type":"article","og_title":"Playas y forestaci\u00f3n en el dique Casa de Piedra","og_url":"https:\/\/patagoniambiental.com.ar\/info\/playas-y-forestacion-en-el-dique-casa-de-piedra\/","og_site_name":"Patagonia Ambiental","article_publisher":"https:\/\/www.facebook.com\/patagonia.ambiental","article_published_time":"2021-08-29T10:00:00+00:00","author":"BRAIAN ESTEVEZ","twitter_card":"summary_large_image","twitter_creator":"@PatAmb","twitter_site":"@PatAmb","schema":{"@context":"https:\/\/schema.org","@graph":[{"@type":"Article","@id":"https:\/\/patagoniambiental.com.ar\/info\/playas-y-forestacion-en-el-dique-casa-de-piedra\/#article","isPartOf":{"@id":"https:\/\/patagoniambiental.com.ar\/info\/playas-y-forestacion-en-el-dique-casa-de-piedra\/"},"author":{"name":"BRAIAN ESTEVEZ","@id":"https:\/\/patagoniambiental.com.ar\/info\/#\/schema\/person\/e5af09d700b2e82cb10c6b8800e0c691"},"headline":"Playas y forestaci\u00f3n en el dique Casa de Piedra","datePublished":"2021-08-29T10:00:00+00:00","mainEntityOfPage":{"@id":"https:\/\/patagoniambiental.com.ar\/info\/playas-y-forestacion-en-el-dique-casa-de-piedra\/"},"wordCount":662,"commentCount":0,"publisher":{"@id":"https:\/\/patagoniambiental.com.ar\/info\/#organization"},"articleSection":["Bolet\u00edn","La Pampa","Noticias","Provinciales","Rotador"],"inLanguage":"es","potentialAction":[{"@type":"CommentAction","name":"Comment","target":["https:\/\/patagoniambiental.com.ar\/info\/playas-y-forestacion-en-el-dique-casa-de-piedra\/#respond"]}]},{"@type":"WebPage","@id":"https:\/\/patagoniambiental.com.ar\/info\/playas-y-forestacion-en-el-dique-casa-de-piedra\/","url":"https:\/\/patagoniambiental.com.ar\/info\/playas-y-forestacion-en-el-dique-casa-de-piedra\/","name":"Playas y forestaci\u00f3n en el dique Casa de Piedra","isPartOf":{"@id":"https:\/\/patagoniambiental.com.ar\/info\/#website"},"datePublished":"2021-08-29T10:00:00+00:00","breadcrumb":{"@id":"https:\/\/patagoniambiental.com.ar\/info\/playas-y-forestacion-en-el-dique-casa-de-piedra\/#breadcrumb"},"inLanguage":"es","potentialAction":[{"@type":"ReadAction","target":["https:\/\/patagoniambiental.com.ar\/info\/playas-y-forestacion-en-el-dique-casa-de-piedra\/"]}]},{"@type":"BreadcrumbList","@id":"https:\/\/patagoniambiental.com.ar\/info\/playas-y-forestacion-en-el-dique-casa-de-piedra\/#breadcrumb","itemListElement":[{"@type":"ListItem","position":1,"name":"Inicio","item":"https:\/\/patagoniambiental.com.ar\/info\/"},{"@type":"ListItem","position":2,"name":"Playas y forestaci\u00f3n en el dique Casa de Piedra"}]},{"@type":"WebSite","@id":"https:\/\/patagoniambiental.com.ar\/info\/#website","url":"https:\/\/patagoniambiental.com.ar\/info\/","name":"Patagonia Ambiental","description":"Monitoreo y an\u00e1lisis de la situaci\u00f3n geopol\u00edtica en el mundo y su implicancia en la Patagonia","publisher":{"@id":"https:\/\/patagoniambiental.com.ar\/info\/#organization"},"potentialAction":[{"@type":"SearchAction","target":{"@type":"EntryPoint","urlTemplate":"https:\/\/patagoniambiental.com.ar\/info\/?s={search_term_string}"},"query-input":{"@type":"PropertyValueSpecification","valueRequired":true,"valueName":"search_term_string"}}],"inLanguage":"es"},{"@type":"Organization","@id":"https:\/\/patagoniambiental.com.ar\/info\/#organization","name":"Patagonia Ambiental","url":"https:\/\/patagoniambiental.com.ar\/info\/","logo":{"@type":"ImageObject","inLanguage":"es","@id":"https:\/\/patagoniambiental.com.ar\/info\/#\/schema\/logo\/image\/","url":"https:\/\/patagoniambiental.com.ar\/info\/wp-content\/uploads\/2025\/05\/LOGO-PATAGONIA-AMBIENTAL.png","contentUrl":"https:\/\/patagoniambiental.com.ar\/info\/wp-content\/uploads\/2025\/05\/LOGO-PATAGONIA-AMBIENTAL.png","width":433,"height":250,"caption":"Patagonia Ambiental"},"image":{"@id":"https:\/\/patagoniambiental.com.ar\/info\/#\/schema\/logo\/image\/"},"sameAs":["https:\/\/www.facebook.com\/patagonia.ambiental","https:\/\/x.com\/PatAmb"]},{"@type":"Person","@id":"https:\/\/patagoniambiental.com.ar\/info\/#\/schema\/person\/e5af09d700b2e82cb10c6b8800e0c691","name":"BRAIAN ESTEVEZ","sameAs":["http:\/\/www.patagoniambiental.com.ar"]}]}},"_links":{"self":[{"href":"https:\/\/patagoniambiental.com.ar\/info\/wp-json\/wp\/v2\/posts\/73955","targetHints":{"allow":["GET"]}}],"collection":[{"href":"https:\/\/patagoniambiental.com.ar\/info\/wp-json\/wp\/v2\/posts"}],"about":[{"href":"https:\/\/patagoniambiental.com.ar\/info\/wp-json\/wp\/v2\/types\/post"}],"author":[{"embeddable":true,"href":"https:\/\/patagoniambiental.com.ar\/info\/wp-json\/wp\/v2\/users\/6"}],"replies":[{"embeddable":true,"href":"https:\/\/patagoniambiental.com.ar\/info\/wp-json\/wp\/v2\/comments?post=73955"}],"version-history":[{"count":0,"href":"https:\/\/patagoniambiental.com.ar\/info\/wp-json\/wp\/v2\/posts\/73955\/revisions"}],"wp:attachment":[{"href":"https:\/\/patagoniambiental.com.ar\/info\/wp-json\/wp\/v2\/media?parent=73955"}],"wp:term":[{"taxonomy":"category","embeddable":true,"href":"https:\/\/patagoniambiental.com.ar\/info\/wp-json\/wp\/v2\/categories?post=73955"},{"taxonomy":"post_tag","embeddable":true,"href":"https:\/\/patagoniambiental.com.ar\/info\/wp-json\/wp\/v2\/tags?post=73955"}],"curies":[{"name":"wp","href":"https:\/\/api.w.org\/{rel}","templated":true}]}}