{"id":73962,"date":"2021-08-27T12:20:15","date_gmt":"2021-08-27T15:20:15","guid":{"rendered":"http:\/\/patagoniambiental.com.ar\/info\/?p=73962"},"modified":"2021-08-27T12:20:19","modified_gmt":"2021-08-27T15:20:19","slug":"acto-frente-a-la-embajada-china-en-buenos-aires-contra-el-acuerdo-para-instalar-granjas-porcinas-en-chaco","status":"publish","type":"post","link":"https:\/\/patagoniambiental.com.ar\/info\/acto-frente-a-la-embajada-china-en-buenos-aires-contra-el-acuerdo-para-instalar-granjas-porcinas-en-chaco\/","title":{"rendered":"Acto frente a la embajada China en Buenos Aires contra el acuerdo para instalar granjas porcinas en Chaco"},"content":{"rendered":"\n<!--more-->\n\n\n\n<p>Este mi\u00e9rcoles por la tarde&nbsp;<strong>la&nbsp;Coordinadora Basta de Falsas Soluciones (BFS), acompa\u00f1ada por&nbsp;diversas organizaciones pol\u00edticas y de defensa del medio ambiente, llevaron adelante una protesta frente a la embajada de China, en la zona de Parque Sarmiento, para repudiar el acuerdo para la instalaci\u00f3n de granjas de cr\u00eda de cerdos en la provincia de Chaco.<\/strong><\/p>\n\n\n\n<p>La iniciativa la dio a conocer el propio&nbsp;<strong>gobernador chaque\u00f1o Jorge Capitanich hace algunas semanas, confirmando la instalaci\u00f3n de tres granjas en el territorio provincial<\/strong>, aunque algunos primeros embarques de cerdo hacia el gigante asi\u00e1tico ya podr\u00edan enviarse en el mes pr\u00f3ximo, con el producto de actuales instalaciones ganaderas.<\/p>\n\n\n\n<p>El acuerdo del que dio cuenta Capitanich es&nbsp;<strong>con la empresa de capitales chino-argentinos Feng Tian Food para poner en marcha tres complejos porcinos para exportar hacia China. Seg\u00fan detall\u00f3 el mandatario, \u201chabr\u00e1 2.400 madres en cada una, un frigor\u00edfico exportador, una planta de biodiesel, un biogestor con generaci\u00f3n de energ\u00eda y una planta de alimentos balanceados\u201d. El proyecto prev\u00e9 una inversi\u00f3n total de 129 millones de d\u00f3lares y generar\u00eda 360 empleos por granja.<\/strong><\/p>\n\n\n\n<blockquote class=\"wp-block-quote is-layout-flow wp-block-quote-is-layout-flow\"><p><a href=\"https:\/\/informepolitico.com.ar\/embajada-china-confirmo-acuerdo-para-producir-en-argentina-la-vacuna-de-sinopharm\/\">EMBAJADA CHINA CONFIRM\u00d3 ACUERDO PARA PRODUCIR EN ARGENTINA LA VACUNA DE SINOPHARM<\/a><\/p><\/blockquote>\n\n\n\n<figure class=\"wp-block-embed\"><div class=\"wp-block-embed__wrapper\">\nhttps:\/\/informepolitico.com.ar\/embajada-china-confirmo-acuerdo-para-producir-en-argentina-la-vacuna-de-sinopharm\/embed\/#?secret=w8lpq3WQYH\n<\/div><\/figure>\n\n\n\n<p>El cuestionamiento de los manifestantes apunta a que no se respetaron los requisitos de consulta previa a los habitantes de las zonas donde se instalar\u00edan las granjas ni se realizaron los impactos de estudio ambiental obligatorios, ya que una iniciativa de este tipo implica graves riesgos ecol\u00f3gicos no s\u00f3lo por el alto consumo de agua y energ\u00eda para las instalaciones sino tambi\u00e9n por la importante generaci\u00f3n de gases contaminantes por la cr\u00eda de los animales (principalmente metano) y los peligros de contaminaci\u00f3n del aire y de las napas de agua.<\/p>\n\n\n\n<p>Adem\u00e1s, apoy\u00e1ndose en estudios internacionales, se\u00f1alan que este tipo de iniciativas para la cr\u00eda concentrada de animales, a los que se trata constantemente con antibi\u00f3ticos, son potenciales caldos de cultivo de nuevas mutaciones de virus que pueden saltar a la poblaci\u00f3n humana, un tema especialmente sensible en el marco de la pandemia de coronavirus que viene golpeando al planeta hace un a\u00f1o y medio.<\/p>\n\n\n\n<div class=\"wp-block-image\"><figure class=\"aligncenter\"><a href=\"https:\/\/informepolitico.com.ar\/wp-content\/uploads\/2021\/08\/acto1.jpeg\"><img decoding=\"async\" src=\"https:\/\/informepolitico.com.ar\/wp-content\/uploads\/2021\/08\/acto1.jpeg\" alt=\"\" class=\"wp-image-83221\"\/><\/a><\/figure><\/div>\n\n\n\n<p>Seg\u00fan detallaron los organizadores, esta jornada de Acci\u00f3n Plurinacional contra el Acuerdo Porcino con China tuvo r\u00e9plicas en diferentes puntos del pa\u00eds, tales como distintos puntos de la provincia de Buenos Aires, C\u00f3rdoba, Mendoza, Entre R\u00edos, Chaco, Chubut, Corrientes, La Pampa, La Rioja, Neuqu\u00e9n, Misiones, R\u00edo Negro, Santa Fe, Salta, Tucum\u00e1n y Ushuaia.<\/p>\n\n\n\n<p>Fuente: https:\/\/informepolitico.com.ar\/acto-frente-a-la-embajada-china-contra-el-acuerdo-para-instalar-granjas-porcinas-en-chaco\/<\/p>\n","protected":false},"excerpt":{"rendered":"","protected":false},"author":6,"featured_media":73963,"comment_status":"open","ping_status":"open","sticky":false,"template":"","format":"standard","meta":{"site-sidebar-layout":"default","site-content-layout":"","ast-site-content-layout":"default","site-content-style":"default","site-sidebar-style":"default","ast-global-header-display":"","ast-banner-title-visibility":"","ast-main-header-display":"","ast-hfb-above-header-display":"","ast-hfb-below-header-display":"","ast-hfb-mobile-header-display":"","site-post-title":"","ast-breadcrumbs-content":"","ast-featured-img":"","footer-sml-layout":"","ast-disable-related-posts":"","theme-transparent-header-meta":"","adv-header-id-meta":"","stick-header-meta":"","header-above-stick-meta":"","header-main-stick-meta":"","header-below-stick-meta":"","astra-migrate-meta-layouts":"default","ast-page-background-enabled":"default","ast-page-background-meta":{"desktop":{"background-color":"var(--ast-global-color-5)","background-image":"","background-repeat":"repeat","background-position":"center center","background-size":"auto","background-attachment":"scroll","background-type":"","background-media":"","overlay-type":"","overlay-color":"","overlay-opacity":"","overlay-gradient":""},"tablet":{"background-color":"","background-image":"","background-repeat":"repeat","background-position":"center center","background-size":"auto","background-attachment":"scroll","background-type":"","background-media":"","overlay-type":"","overlay-color":"","overlay-opacity":"","overlay-gradient":""},"mobile":{"background-color":"","background-image":"","background-repeat":"repeat","background-position":"center center","background-size":"auto","background-attachment":"scroll","background-type":"","background-media":"","overlay-type":"","overlay-color":"","overlay-opacity":"","overlay-gradient":""}},"ast-content-background-meta":{"desktop":{"background-color":"var(--ast-global-color-4)","background-image":"","background-repeat":"repeat","background-position":"center center","background-size":"auto","background-attachment":"scroll","background-type":"","background-media":"","overlay-type":"","overlay-color":"","overlay-opacity":"","overlay-gradient":""},"tablet":{"background-color":"var(--ast-global-color-4)","background-image":"","background-repeat":"repeat","background-position":"center center","background-size":"auto","background-attachment":"scroll","background-type":"","background-media":"","overlay-type":"","overlay-color":"","overlay-opacity":"","overlay-gradient":""},"mobile":{"background-color":"var(--ast-global-color-4)","background-image":"","background-repeat":"repeat","background-position":"center center","background-size":"auto","background-attachment":"scroll","background-type":"","background-media":"","overlay-type":"","overlay-color":"","overlay-opacity":"","overlay-gradient":""}},"footnotes":""},"categories":[19,1],"tags":[],"class_list":["post-73962","post","type-post","status-publish","format-standard","has-post-thumbnail","hentry","category-nacionales","category-noticias"],"yoast_head":"<!-- This site is optimized with the Yoast SEO Premium plugin v23.0 (Yoast SEO v27.5) - https:\/\/yoast.com\/product\/yoast-seo-premium-wordpress\/ -->\n<title>Acto frente a la embajada China en Buenos Aires contra el acuerdo para instalar granjas porcinas en Chaco<\/title>\n<meta name=\"robots\" content=\"index, follow, max-snippet:-1, max-image-preview:large, max-video-preview:-1\" \/>\n<link rel=\"canonical\" href=\"https:\/\/patagoniambiental.com.ar\/info\/acto-frente-a-la-embajada-china-en-buenos-aires-contra-el-acuerdo-para-instalar-granjas-porcinas-en-chaco\/\" \/>\n<meta property=\"og:locale\" content=\"es_ES\" \/>\n<meta property=\"og:type\" content=\"article\" \/>\n<meta property=\"og:title\" content=\"Acto frente a la embajada China en Buenos Aires contra el acuerdo para instalar granjas porcinas en Chaco\" \/>\n<meta property=\"og:url\" content=\"https:\/\/patagoniambiental.com.ar\/info\/acto-frente-a-la-embajada-china-en-buenos-aires-contra-el-acuerdo-para-instalar-granjas-porcinas-en-chaco\/\" \/>\n<meta property=\"og:site_name\" content=\"Patagonia Ambiental\" \/>\n<meta property=\"article:publisher\" content=\"https:\/\/www.facebook.com\/patagonia.ambiental\" \/>\n<meta property=\"article:published_time\" content=\"2021-08-27T15:20:15+00:00\" \/>\n<meta property=\"article:modified_time\" content=\"2021-08-27T15:20:19+00:00\" \/>\n<meta property=\"og:image\" content=\"https:\/\/patagoniambiental.com.ar\/info\/wp-content\/uploads\/2021\/08\/chanchos-696x391-1.jpg\" \/>\n\t<meta property=\"og:image:width\" content=\"696\" \/>\n\t<meta property=\"og:image:height\" content=\"391\" \/>\n\t<meta property=\"og:image:type\" content=\"image\/jpeg\" \/>\n<meta name=\"author\" content=\"BRAIAN ESTEVEZ\" \/>\n<meta name=\"twitter:card\" content=\"summary_large_image\" \/>\n<meta name=\"twitter:creator\" content=\"@PatAmb\" \/>\n<meta name=\"twitter:site\" content=\"@PatAmb\" \/>\n<script type=\"application\/ld+json\" class=\"yoast-schema-graph\">{\"@context\":\"https:\\\/\\\/schema.org\",\"@graph\":[{\"@type\":\"Article\",\"@id\":\"https:\\\/\\\/patagoniambiental.com.ar\\\/info\\\/acto-frente-a-la-embajada-china-en-buenos-aires-contra-el-acuerdo-para-instalar-granjas-porcinas-en-chaco\\\/#article\",\"isPartOf\":{\"@id\":\"https:\\\/\\\/patagoniambiental.com.ar\\\/info\\\/acto-frente-a-la-embajada-china-en-buenos-aires-contra-el-acuerdo-para-instalar-granjas-porcinas-en-chaco\\\/\"},\"author\":{\"name\":\"BRAIAN ESTEVEZ\",\"@id\":\"https:\\\/\\\/patagoniambiental.com.ar\\\/info\\\/#\\\/schema\\\/person\\\/e5af09d700b2e82cb10c6b8800e0c691\"},\"headline\":\"Acto frente a la embajada China en Buenos Aires contra el acuerdo para instalar granjas porcinas en Chaco\",\"datePublished\":\"2021-08-27T15:20:15+00:00\",\"dateModified\":\"2021-08-27T15:20:19+00:00\",\"mainEntityOfPage\":{\"@id\":\"https:\\\/\\\/patagoniambiental.com.ar\\\/info\\\/acto-frente-a-la-embajada-china-en-buenos-aires-contra-el-acuerdo-para-instalar-granjas-porcinas-en-chaco\\\/\"},\"wordCount\":476,\"commentCount\":0,\"publisher\":{\"@id\":\"https:\\\/\\\/patagoniambiental.com.ar\\\/info\\\/#organization\"},\"image\":{\"@id\":\"https:\\\/\\\/patagoniambiental.com.ar\\\/info\\\/acto-frente-a-la-embajada-china-en-buenos-aires-contra-el-acuerdo-para-instalar-granjas-porcinas-en-chaco\\\/#primaryimage\"},\"thumbnailUrl\":\"https:\\\/\\\/patagoniambiental.com.ar\\\/info\\\/wp-content\\\/uploads\\\/2021\\\/08\\\/chanchos-696x391-1.jpg\",\"articleSection\":[\"Nacionales\",\"Noticias\"],\"inLanguage\":\"es\",\"potentialAction\":[{\"@type\":\"CommentAction\",\"name\":\"Comment\",\"target\":[\"https:\\\/\\\/patagoniambiental.com.ar\\\/info\\\/acto-frente-a-la-embajada-china-en-buenos-aires-contra-el-acuerdo-para-instalar-granjas-porcinas-en-chaco\\\/#respond\"]}]},{\"@type\":\"WebPage\",\"@id\":\"https:\\\/\\\/patagoniambiental.com.ar\\\/info\\\/acto-frente-a-la-embajada-china-en-buenos-aires-contra-el-acuerdo-para-instalar-granjas-porcinas-en-chaco\\\/\",\"url\":\"https:\\\/\\\/patagoniambiental.com.ar\\\/info\\\/acto-frente-a-la-embajada-china-en-buenos-aires-contra-el-acuerdo-para-instalar-granjas-porcinas-en-chaco\\\/\",\"name\":\"Acto frente a la embajada China en Buenos Aires contra el acuerdo para instalar granjas porcinas en Chaco\",\"isPartOf\":{\"@id\":\"https:\\\/\\\/patagoniambiental.com.ar\\\/info\\\/#website\"},\"primaryImageOfPage\":{\"@id\":\"https:\\\/\\\/patagoniambiental.com.ar\\\/info\\\/acto-frente-a-la-embajada-china-en-buenos-aires-contra-el-acuerdo-para-instalar-granjas-porcinas-en-chaco\\\/#primaryimage\"},\"image\":{\"@id\":\"https:\\\/\\\/patagoniambiental.com.ar\\\/info\\\/acto-frente-a-la-embajada-china-en-buenos-aires-contra-el-acuerdo-para-instalar-granjas-porcinas-en-chaco\\\/#primaryimage\"},\"thumbnailUrl\":\"https:\\\/\\\/patagoniambiental.com.ar\\\/info\\\/wp-content\\\/uploads\\\/2021\\\/08\\\/chanchos-696x391-1.jpg\",\"datePublished\":\"2021-08-27T15:20:15+00:00\",\"dateModified\":\"2021-08-27T15:20:19+00:00\",\"breadcrumb\":{\"@id\":\"https:\\\/\\\/patagoniambiental.com.ar\\\/info\\\/acto-frente-a-la-embajada-china-en-buenos-aires-contra-el-acuerdo-para-instalar-granjas-porcinas-en-chaco\\\/#breadcrumb\"},\"inLanguage\":\"es\",\"potentialAction\":[{\"@type\":\"ReadAction\",\"target\":[\"https:\\\/\\\/patagoniambiental.com.ar\\\/info\\\/acto-frente-a-la-embajada-china-en-buenos-aires-contra-el-acuerdo-para-instalar-granjas-porcinas-en-chaco\\\/\"]}]},{\"@type\":\"ImageObject\",\"inLanguage\":\"es\",\"@id\":\"https:\\\/\\\/patagoniambiental.com.ar\\\/info\\\/acto-frente-a-la-embajada-china-en-buenos-aires-contra-el-acuerdo-para-instalar-granjas-porcinas-en-chaco\\\/#primaryimage\",\"url\":\"https:\\\/\\\/patagoniambiental.com.ar\\\/info\\\/wp-content\\\/uploads\\\/2021\\\/08\\\/chanchos-696x391-1.jpg\",\"contentUrl\":\"https:\\\/\\\/patagoniambiental.com.ar\\\/info\\\/wp-content\\\/uploads\\\/2021\\\/08\\\/chanchos-696x391-1.jpg\",\"width\":696,\"height\":391},{\"@type\":\"BreadcrumbList\",\"@id\":\"https:\\\/\\\/patagoniambiental.com.ar\\\/info\\\/acto-frente-a-la-embajada-china-en-buenos-aires-contra-el-acuerdo-para-instalar-granjas-porcinas-en-chaco\\\/#breadcrumb\",\"itemListElement\":[{\"@type\":\"ListItem\",\"position\":1,\"name\":\"Inicio\",\"item\":\"https:\\\/\\\/patagoniambiental.com.ar\\\/info\\\/\"},{\"@type\":\"ListItem\",\"position\":2,\"name\":\"Acto frente a la embajada China en Buenos Aires contra el acuerdo para instalar granjas porcinas en Chaco\"}]},{\"@type\":\"WebSite\",\"@id\":\"https:\\\/\\\/patagoniambiental.com.ar\\\/info\\\/#website\",\"url\":\"https:\\\/\\\/patagoniambiental.com.ar\\\/info\\\/\",\"name\":\"Patagonia Ambiental\",\"description\":\"Monitoreo y an\u00e1lisis de la situaci\u00f3n geopol\u00edtica en el mundo y su implicancia en la Patagonia\",\"publisher\":{\"@id\":\"https:\\\/\\\/patagoniambiental.com.ar\\\/info\\\/#organization\"},\"potentialAction\":[{\"@type\":\"SearchAction\",\"target\":{\"@type\":\"EntryPoint\",\"urlTemplate\":\"https:\\\/\\\/patagoniambiental.com.ar\\\/info\\\/?s={search_term_string}\"},\"query-input\":{\"@type\":\"PropertyValueSpecification\",\"valueRequired\":true,\"valueName\":\"search_term_string\"}}],\"inLanguage\":\"es\"},{\"@type\":\"Organization\",\"@id\":\"https:\\\/\\\/patagoniambiental.com.ar\\\/info\\\/#organization\",\"name\":\"Patagonia Ambiental\",\"url\":\"https:\\\/\\\/patagoniambiental.com.ar\\\/info\\\/\",\"logo\":{\"@type\":\"ImageObject\",\"inLanguage\":\"es\",\"@id\":\"https:\\\/\\\/patagoniambiental.com.ar\\\/info\\\/#\\\/schema\\\/logo\\\/image\\\/\",\"url\":\"https:\\\/\\\/patagoniambiental.com.ar\\\/info\\\/wp-content\\\/uploads\\\/2025\\\/05\\\/LOGO-PATAGONIA-AMBIENTAL.png\",\"contentUrl\":\"https:\\\/\\\/patagoniambiental.com.ar\\\/info\\\/wp-content\\\/uploads\\\/2025\\\/05\\\/LOGO-PATAGONIA-AMBIENTAL.png\",\"width\":433,\"height\":250,\"caption\":\"Patagonia Ambiental\"},\"image\":{\"@id\":\"https:\\\/\\\/patagoniambiental.com.ar\\\/info\\\/#\\\/schema\\\/logo\\\/image\\\/\"},\"sameAs\":[\"https:\\\/\\\/www.facebook.com\\\/patagonia.ambiental\",\"https:\\\/\\\/x.com\\\/PatAmb\"]},{\"@type\":\"Person\",\"@id\":\"https:\\\/\\\/patagoniambiental.com.ar\\\/info\\\/#\\\/schema\\\/person\\\/e5af09d700b2e82cb10c6b8800e0c691\",\"name\":\"BRAIAN ESTEVEZ\",\"sameAs\":[\"http:\\\/\\\/www.patagoniambiental.com.ar\"]}]}<\/script>\n<!-- \/ Yoast SEO Premium plugin. -->","yoast_head_json":{"title":"Acto frente a la embajada China en Buenos Aires contra el acuerdo para instalar granjas porcinas en Chaco","robots":{"index":"index","follow":"follow","max-snippet":"max-snippet:-1","max-image-preview":"max-image-preview:large","max-video-preview":"max-video-preview:-1"},"canonical":"https:\/\/patagoniambiental.com.ar\/info\/acto-frente-a-la-embajada-china-en-buenos-aires-contra-el-acuerdo-para-instalar-granjas-porcinas-en-chaco\/","og_locale":"es_ES","og_type":"article","og_title":"Acto frente a la embajada China en Buenos Aires contra el acuerdo para instalar granjas porcinas en Chaco","og_url":"https:\/\/patagoniambiental.com.ar\/info\/acto-frente-a-la-embajada-china-en-buenos-aires-contra-el-acuerdo-para-instalar-granjas-porcinas-en-chaco\/","og_site_name":"Patagonia Ambiental","article_publisher":"https:\/\/www.facebook.com\/patagonia.ambiental","article_published_time":"2021-08-27T15:20:15+00:00","article_modified_time":"2021-08-27T15:20:19+00:00","og_image":[{"width":696,"height":391,"url":"https:\/\/patagoniambiental.com.ar\/info\/wp-content\/uploads\/2021\/08\/chanchos-696x391-1.jpg","type":"image\/jpeg"}],"author":"BRAIAN ESTEVEZ","twitter_card":"summary_large_image","twitter_creator":"@PatAmb","twitter_site":"@PatAmb","schema":{"@context":"https:\/\/schema.org","@graph":[{"@type":"Article","@id":"https:\/\/patagoniambiental.com.ar\/info\/acto-frente-a-la-embajada-china-en-buenos-aires-contra-el-acuerdo-para-instalar-granjas-porcinas-en-chaco\/#article","isPartOf":{"@id":"https:\/\/patagoniambiental.com.ar\/info\/acto-frente-a-la-embajada-china-en-buenos-aires-contra-el-acuerdo-para-instalar-granjas-porcinas-en-chaco\/"},"author":{"name":"BRAIAN ESTEVEZ","@id":"https:\/\/patagoniambiental.com.ar\/info\/#\/schema\/person\/e5af09d700b2e82cb10c6b8800e0c691"},"headline":"Acto frente a la embajada China en Buenos Aires contra el acuerdo para instalar granjas porcinas en Chaco","datePublished":"2021-08-27T15:20:15+00:00","dateModified":"2021-08-27T15:20:19+00:00","mainEntityOfPage":{"@id":"https:\/\/patagoniambiental.com.ar\/info\/acto-frente-a-la-embajada-china-en-buenos-aires-contra-el-acuerdo-para-instalar-granjas-porcinas-en-chaco\/"},"wordCount":476,"commentCount":0,"publisher":{"@id":"https:\/\/patagoniambiental.com.ar\/info\/#organization"},"image":{"@id":"https:\/\/patagoniambiental.com.ar\/info\/acto-frente-a-la-embajada-china-en-buenos-aires-contra-el-acuerdo-para-instalar-granjas-porcinas-en-chaco\/#primaryimage"},"thumbnailUrl":"https:\/\/patagoniambiental.com.ar\/info\/wp-content\/uploads\/2021\/08\/chanchos-696x391-1.jpg","articleSection":["Nacionales","Noticias"],"inLanguage":"es","potentialAction":[{"@type":"CommentAction","name":"Comment","target":["https:\/\/patagoniambiental.com.ar\/info\/acto-frente-a-la-embajada-china-en-buenos-aires-contra-el-acuerdo-para-instalar-granjas-porcinas-en-chaco\/#respond"]}]},{"@type":"WebPage","@id":"https:\/\/patagoniambiental.com.ar\/info\/acto-frente-a-la-embajada-china-en-buenos-aires-contra-el-acuerdo-para-instalar-granjas-porcinas-en-chaco\/","url":"https:\/\/patagoniambiental.com.ar\/info\/acto-frente-a-la-embajada-china-en-buenos-aires-contra-el-acuerdo-para-instalar-granjas-porcinas-en-chaco\/","name":"Acto frente a la embajada China en Buenos Aires contra el acuerdo para instalar granjas porcinas en Chaco","isPartOf":{"@id":"https:\/\/patagoniambiental.com.ar\/info\/#website"},"primaryImageOfPage":{"@id":"https:\/\/patagoniambiental.com.ar\/info\/acto-frente-a-la-embajada-china-en-buenos-aires-contra-el-acuerdo-para-instalar-granjas-porcinas-en-chaco\/#primaryimage"},"image":{"@id":"https:\/\/patagoniambiental.com.ar\/info\/acto-frente-a-la-embajada-china-en-buenos-aires-contra-el-acuerdo-para-instalar-granjas-porcinas-en-chaco\/#primaryimage"},"thumbnailUrl":"https:\/\/patagoniambiental.com.ar\/info\/wp-content\/uploads\/2021\/08\/chanchos-696x391-1.jpg","datePublished":"2021-08-27T15:20:15+00:00","dateModified":"2021-08-27T15:20:19+00:00","breadcrumb":{"@id":"https:\/\/patagoniambiental.com.ar\/info\/acto-frente-a-la-embajada-china-en-buenos-aires-contra-el-acuerdo-para-instalar-granjas-porcinas-en-chaco\/#breadcrumb"},"inLanguage":"es","potentialAction":[{"@type":"ReadAction","target":["https:\/\/patagoniambiental.com.ar\/info\/acto-frente-a-la-embajada-china-en-buenos-aires-contra-el-acuerdo-para-instalar-granjas-porcinas-en-chaco\/"]}]},{"@type":"ImageObject","inLanguage":"es","@id":"https:\/\/patagoniambiental.com.ar\/info\/acto-frente-a-la-embajada-china-en-buenos-aires-contra-el-acuerdo-para-instalar-granjas-porcinas-en-chaco\/#primaryimage","url":"https:\/\/patagoniambiental.com.ar\/info\/wp-content\/uploads\/2021\/08\/chanchos-696x391-1.jpg","contentUrl":"https:\/\/patagoniambiental.com.ar\/info\/wp-content\/uploads\/2021\/08\/chanchos-696x391-1.jpg","width":696,"height":391},{"@type":"BreadcrumbList","@id":"https:\/\/patagoniambiental.com.ar\/info\/acto-frente-a-la-embajada-china-en-buenos-aires-contra-el-acuerdo-para-instalar-granjas-porcinas-en-chaco\/#breadcrumb","itemListElement":[{"@type":"ListItem","position":1,"name":"Inicio","item":"https:\/\/patagoniambiental.com.ar\/info\/"},{"@type":"ListItem","position":2,"name":"Acto frente a la embajada China en Buenos Aires contra el acuerdo para instalar granjas porcinas en Chaco"}]},{"@type":"WebSite","@id":"https:\/\/patagoniambiental.com.ar\/info\/#website","url":"https:\/\/patagoniambiental.com.ar\/info\/","name":"Patagonia Ambiental","description":"Monitoreo y an\u00e1lisis de la situaci\u00f3n geopol\u00edtica en el mundo y su implicancia en la Patagonia","publisher":{"@id":"https:\/\/patagoniambiental.com.ar\/info\/#organization"},"potentialAction":[{"@type":"SearchAction","target":{"@type":"EntryPoint","urlTemplate":"https:\/\/patagoniambiental.com.ar\/info\/?s={search_term_string}"},"query-input":{"@type":"PropertyValueSpecification","valueRequired":true,"valueName":"search_term_string"}}],"inLanguage":"es"},{"@type":"Organization","@id":"https:\/\/patagoniambiental.com.ar\/info\/#organization","name":"Patagonia Ambiental","url":"https:\/\/patagoniambiental.com.ar\/info\/","logo":{"@type":"ImageObject","inLanguage":"es","@id":"https:\/\/patagoniambiental.com.ar\/info\/#\/schema\/logo\/image\/","url":"https:\/\/patagoniambiental.com.ar\/info\/wp-content\/uploads\/2025\/05\/LOGO-PATAGONIA-AMBIENTAL.png","contentUrl":"https:\/\/patagoniambiental.com.ar\/info\/wp-content\/uploads\/2025\/05\/LOGO-PATAGONIA-AMBIENTAL.png","width":433,"height":250,"caption":"Patagonia Ambiental"},"image":{"@id":"https:\/\/patagoniambiental.com.ar\/info\/#\/schema\/logo\/image\/"},"sameAs":["https:\/\/www.facebook.com\/patagonia.ambiental","https:\/\/x.com\/PatAmb"]},{"@type":"Person","@id":"https:\/\/patagoniambiental.com.ar\/info\/#\/schema\/person\/e5af09d700b2e82cb10c6b8800e0c691","name":"BRAIAN ESTEVEZ","sameAs":["http:\/\/www.patagoniambiental.com.ar"]}]}},"_links":{"self":[{"href":"https:\/\/patagoniambiental.com.ar\/info\/wp-json\/wp\/v2\/posts\/73962","targetHints":{"allow":["GET"]}}],"collection":[{"href":"https:\/\/patagoniambiental.com.ar\/info\/wp-json\/wp\/v2\/posts"}],"about":[{"href":"https:\/\/patagoniambiental.com.ar\/info\/wp-json\/wp\/v2\/types\/post"}],"author":[{"embeddable":true,"href":"https:\/\/patagoniambiental.com.ar\/info\/wp-json\/wp\/v2\/users\/6"}],"replies":[{"embeddable":true,"href":"https:\/\/patagoniambiental.com.ar\/info\/wp-json\/wp\/v2\/comments?post=73962"}],"version-history":[{"count":0,"href":"https:\/\/patagoniambiental.com.ar\/info\/wp-json\/wp\/v2\/posts\/73962\/revisions"}],"wp:featuredmedia":[{"embeddable":true,"href":"https:\/\/patagoniambiental.com.ar\/info\/wp-json\/wp\/v2\/media\/73963"}],"wp:attachment":[{"href":"https:\/\/patagoniambiental.com.ar\/info\/wp-json\/wp\/v2\/media?parent=73962"}],"wp:term":[{"taxonomy":"category","embeddable":true,"href":"https:\/\/patagoniambiental.com.ar\/info\/wp-json\/wp\/v2\/categories?post=73962"},{"taxonomy":"post_tag","embeddable":true,"href":"https:\/\/patagoniambiental.com.ar\/info\/wp-json\/wp\/v2\/tags?post=73962"}],"curies":[{"name":"wp","href":"https:\/\/api.w.org\/{rel}","templated":true}]}}