{"id":74015,"date":"2021-09-02T19:00:00","date_gmt":"2021-09-02T22:00:00","guid":{"rendered":"http:\/\/patagoniambiental.com.ar\/info\/?p=74015"},"modified":"2021-09-02T13:33:48","modified_gmt":"2021-09-02T16:33:48","slug":"escuelas-tecnicas-en-la-pampa-forman-en-habilidades-verdes","status":"publish","type":"post","link":"https:\/\/patagoniambiental.com.ar\/info\/escuelas-tecnicas-en-la-pampa-forman-en-habilidades-verdes\/","title":{"rendered":"Escuelas t\u00e9cnicas en La Pampa: forman en \u00abhabilidades verdes\u00bb"},"content":{"rendered":"\n<!--more-->\n\n\n\n<p>La Pampa.-Arranc\u00f3 el ateneo\u00a0<strong>\u201cFormando Futuro: Habilidades Verdes en la Educaci\u00f3n T\u00e9cnico Profesional\u201d.<\/strong><\/p>\n\n\n\n<p>El Ministerio de Educaci\u00f3n de La Pampa, a trav\u00e9s de la Subsecretar\u00eda de Educaci\u00f3n T\u00e9cnico Profesional, dio&nbsp;<strong>inicio al ateneo denominado \u201cFormando Futuro: Habilidades Verdes en la Educaci\u00f3n T\u00e9cnico Profesional\u201d<\/strong>.<\/p>\n\n\n\n<p>En la apertura, estuvieron presentes la subsecretaria de Educaci\u00f3n T\u00e9cnico Profesional,&nbsp;<strong>Gladys del Luj\u00e1n Cruse\u00f1o<\/strong>, el director general de Gesti\u00f3n Ambiental,&nbsp;<strong>Miguel \u00c1ngel Fantini<\/strong>, coordinadores\/as de \u00c1rea, secretarios\/as t\u00e9cnicos\/as, directivos, regentes y docentes de escuelas T\u00e9cnicas y Agrot\u00e9cnicas de la Provincia.<\/p>\n\n\n\n<p>La propuesta formativa, que se desarrollar\u00e1 a trav\u00e9s de la virtualidad durante septiembre y comienzos de octubre,&nbsp;<strong>formar\u00e1 a docentes y asesores\/as pedag\u00f3gicos\/as en relaci\u00f3n al concepto de habilidades verdes<\/strong>, entendidas como la capacidad que tiene un\/a profesional t\u00e9cnico\/a para interrelacionar aspectos econ\u00f3micos, ambientales y sociales, con el objetivo de revertir la crisis socio ambiental que se presenta en el mundo y avanzar hacia un nuevo modelo de desarrollo sostenible.<\/p>\n\n\n\n<p><strong>Cruse\u00f1o mencion\u00f3 que la Organizaci\u00f3n Internacional del Trabajo sostiene que, alrededor del 80% de los y las estudiantes que cursan el nivel primario, trabajar\u00e1n a futuro en empleos que a\u00fan no han sido creados<\/strong>. \u201cEs por esto que, en la actualidad, podemos formar en habilidades que ser\u00e1n requeridas en los pr\u00f3ximos a\u00f1os. La sanci\u00f3n de la Ley de Educaci\u00f3n Ambiental Integral en las escuelas viene a saldar la deuda que tenemos hace tiempo de ecologizar los dise\u00f1os curriculares y las instituciones educativas\u201d, a\u00f1adi\u00f3.<\/p>\n\n\n\n<p>El director general de Gesti\u00f3n Ambiental manifest\u00f3 que se trata de un proyecto sumamente importante en t\u00e9rminos de educaci\u00f3n ambiental. \u201cDesde la Subsecretar\u00eda de Ambiente de la Provincia apostamos a la formaci\u00f3n y la capacitaci\u00f3n en el marco de la nueva Ley de Agroqu\u00edmicos, como habitualmente se la conoce, para comenzar a trabajar sobre pr\u00e1cticas m\u00e1s sustentables y dentro del marco de la Agroecolog\u00eda\u201d.<\/p>\n\n\n\n<p>Fuente: https:\/\/www.eldiariodelapampa.com.ar\/la-pampa\/19880-escuelas-tecnicas-forman-en-habilidades-verdes<\/p>\n","protected":false},"excerpt":{"rendered":"","protected":false},"author":6,"featured_media":74016,"comment_status":"open","ping_status":"open","sticky":false,"template":"","format":"standard","meta":{"site-sidebar-layout":"default","site-content-layout":"","ast-site-content-layout":"default","site-content-style":"default","site-sidebar-style":"default","ast-global-header-display":"","ast-banner-title-visibility":"","ast-main-header-display":"","ast-hfb-above-header-display":"","ast-hfb-below-header-display":"","ast-hfb-mobile-header-display":"","site-post-title":"","ast-breadcrumbs-content":"","ast-featured-img":"","footer-sml-layout":"","ast-disable-related-posts":"","theme-transparent-header-meta":"","adv-header-id-meta":"","stick-header-meta":"","header-above-stick-meta":"","header-main-stick-meta":"","header-below-stick-meta":"","astra-migrate-meta-layouts":"default","ast-page-background-enabled":"default","ast-page-background-meta":{"desktop":{"background-color":"var(--ast-global-color-5)","background-image":"","background-repeat":"repeat","background-position":"center center","background-size":"auto","background-attachment":"scroll","background-type":"","background-media":"","overlay-type":"","overlay-color":"","overlay-opacity":"","overlay-gradient":""},"tablet":{"background-color":"","background-image":"","background-repeat":"repeat","background-position":"center center","background-size":"auto","background-attachment":"scroll","background-type":"","background-media":"","overlay-type":"","overlay-color":"","overlay-opacity":"","overlay-gradient":""},"mobile":{"background-color":"","background-image":"","background-repeat":"repeat","background-position":"center center","background-size":"auto","background-attachment":"scroll","background-type":"","background-media":"","overlay-type":"","overlay-color":"","overlay-opacity":"","overlay-gradient":""}},"ast-content-background-meta":{"desktop":{"background-color":"var(--ast-global-color-4)","background-image":"","background-repeat":"repeat","background-position":"center center","background-size":"auto","background-attachment":"scroll","background-type":"","background-media":"","overlay-type":"","overlay-color":"","overlay-opacity":"","overlay-gradient":""},"tablet":{"background-color":"var(--ast-global-color-4)","background-image":"","background-repeat":"repeat","background-position":"center center","background-size":"auto","background-attachment":"scroll","background-type":"","background-media":"","overlay-type":"","overlay-color":"","overlay-opacity":"","overlay-gradient":""},"mobile":{"background-color":"var(--ast-global-color-4)","background-image":"","background-repeat":"repeat","background-position":"center center","background-size":"auto","background-attachment":"scroll","background-type":"","background-media":"","overlay-type":"","overlay-color":"","overlay-opacity":"","overlay-gradient":""}},"footnotes":""},"categories":[59,1,13],"tags":[],"class_list":["post-74015","post","type-post","status-publish","format-standard","has-post-thumbnail","hentry","category-la-pampa","category-noticias","category-provinciales"],"yoast_head":"<!-- This site is optimized with the Yoast SEO Premium plugin v23.0 (Yoast SEO v27.5) - https:\/\/yoast.com\/product\/yoast-seo-premium-wordpress\/ -->\n<title>Escuelas t\u00e9cnicas en La Pampa: forman en &quot;habilidades verdes&quot;<\/title>\n<meta name=\"robots\" content=\"index, follow, max-snippet:-1, max-image-preview:large, max-video-preview:-1\" \/>\n<link rel=\"canonical\" href=\"https:\/\/patagoniambiental.com.ar\/info\/escuelas-tecnicas-en-la-pampa-forman-en-habilidades-verdes\/\" \/>\n<meta property=\"og:locale\" content=\"es_ES\" \/>\n<meta property=\"og:type\" content=\"article\" \/>\n<meta property=\"og:title\" content=\"Escuelas t\u00e9cnicas en La Pampa: forman en &quot;habilidades verdes&quot;\" \/>\n<meta property=\"og:url\" content=\"https:\/\/patagoniambiental.com.ar\/info\/escuelas-tecnicas-en-la-pampa-forman-en-habilidades-verdes\/\" \/>\n<meta property=\"og:site_name\" content=\"Patagonia Ambiental\" \/>\n<meta property=\"article:publisher\" content=\"https:\/\/www.facebook.com\/patagonia.ambiental\" \/>\n<meta property=\"article:published_time\" content=\"2021-09-02T22:00:00+00:00\" \/>\n<meta property=\"og:image\" content=\"https:\/\/patagoniambiental.com.ar\/info\/wp-content\/uploads\/2021\/09\/tecnics.jpg\" \/>\n\t<meta property=\"og:image:width\" content=\"900\" \/>\n\t<meta property=\"og:image:height\" content=\"507\" \/>\n\t<meta property=\"og:image:type\" content=\"image\/jpeg\" \/>\n<meta name=\"author\" content=\"BRAIAN ESTEVEZ\" \/>\n<meta name=\"twitter:card\" content=\"summary_large_image\" \/>\n<meta name=\"twitter:creator\" content=\"@PatAmb\" \/>\n<meta name=\"twitter:site\" content=\"@PatAmb\" \/>\n<script type=\"application\/ld+json\" class=\"yoast-schema-graph\">{\"@context\":\"https:\\\/\\\/schema.org\",\"@graph\":[{\"@type\":\"Article\",\"@id\":\"https:\\\/\\\/patagoniambiental.com.ar\\\/info\\\/escuelas-tecnicas-en-la-pampa-forman-en-habilidades-verdes\\\/#article\",\"isPartOf\":{\"@id\":\"https:\\\/\\\/patagoniambiental.com.ar\\\/info\\\/escuelas-tecnicas-en-la-pampa-forman-en-habilidades-verdes\\\/\"},\"author\":{\"name\":\"BRAIAN ESTEVEZ\",\"@id\":\"https:\\\/\\\/patagoniambiental.com.ar\\\/info\\\/#\\\/schema\\\/person\\\/e5af09d700b2e82cb10c6b8800e0c691\"},\"headline\":\"Escuelas t\u00e9cnicas en La Pampa: forman en \u00abhabilidades verdes\u00bb\",\"datePublished\":\"2021-09-02T22:00:00+00:00\",\"mainEntityOfPage\":{\"@id\":\"https:\\\/\\\/patagoniambiental.com.ar\\\/info\\\/escuelas-tecnicas-en-la-pampa-forman-en-habilidades-verdes\\\/\"},\"wordCount\":373,\"commentCount\":0,\"publisher\":{\"@id\":\"https:\\\/\\\/patagoniambiental.com.ar\\\/info\\\/#organization\"},\"image\":{\"@id\":\"https:\\\/\\\/patagoniambiental.com.ar\\\/info\\\/escuelas-tecnicas-en-la-pampa-forman-en-habilidades-verdes\\\/#primaryimage\"},\"thumbnailUrl\":\"https:\\\/\\\/patagoniambiental.com.ar\\\/info\\\/wp-content\\\/uploads\\\/2021\\\/09\\\/tecnics.jpg\",\"articleSection\":[\"La Pampa\",\"Noticias\",\"Provinciales\"],\"inLanguage\":\"es\",\"potentialAction\":[{\"@type\":\"CommentAction\",\"name\":\"Comment\",\"target\":[\"https:\\\/\\\/patagoniambiental.com.ar\\\/info\\\/escuelas-tecnicas-en-la-pampa-forman-en-habilidades-verdes\\\/#respond\"]}]},{\"@type\":\"WebPage\",\"@id\":\"https:\\\/\\\/patagoniambiental.com.ar\\\/info\\\/escuelas-tecnicas-en-la-pampa-forman-en-habilidades-verdes\\\/\",\"url\":\"https:\\\/\\\/patagoniambiental.com.ar\\\/info\\\/escuelas-tecnicas-en-la-pampa-forman-en-habilidades-verdes\\\/\",\"name\":\"Escuelas t\u00e9cnicas en La Pampa: forman en \\\"habilidades verdes\\\"\",\"isPartOf\":{\"@id\":\"https:\\\/\\\/patagoniambiental.com.ar\\\/info\\\/#website\"},\"primaryImageOfPage\":{\"@id\":\"https:\\\/\\\/patagoniambiental.com.ar\\\/info\\\/escuelas-tecnicas-en-la-pampa-forman-en-habilidades-verdes\\\/#primaryimage\"},\"image\":{\"@id\":\"https:\\\/\\\/patagoniambiental.com.ar\\\/info\\\/escuelas-tecnicas-en-la-pampa-forman-en-habilidades-verdes\\\/#primaryimage\"},\"thumbnailUrl\":\"https:\\\/\\\/patagoniambiental.com.ar\\\/info\\\/wp-content\\\/uploads\\\/2021\\\/09\\\/tecnics.jpg\",\"datePublished\":\"2021-09-02T22:00:00+00:00\",\"breadcrumb\":{\"@id\":\"https:\\\/\\\/patagoniambiental.com.ar\\\/info\\\/escuelas-tecnicas-en-la-pampa-forman-en-habilidades-verdes\\\/#breadcrumb\"},\"inLanguage\":\"es\",\"potentialAction\":[{\"@type\":\"ReadAction\",\"target\":[\"https:\\\/\\\/patagoniambiental.com.ar\\\/info\\\/escuelas-tecnicas-en-la-pampa-forman-en-habilidades-verdes\\\/\"]}]},{\"@type\":\"ImageObject\",\"inLanguage\":\"es\",\"@id\":\"https:\\\/\\\/patagoniambiental.com.ar\\\/info\\\/escuelas-tecnicas-en-la-pampa-forman-en-habilidades-verdes\\\/#primaryimage\",\"url\":\"https:\\\/\\\/patagoniambiental.com.ar\\\/info\\\/wp-content\\\/uploads\\\/2021\\\/09\\\/tecnics.jpg\",\"contentUrl\":\"https:\\\/\\\/patagoniambiental.com.ar\\\/info\\\/wp-content\\\/uploads\\\/2021\\\/09\\\/tecnics.jpg\",\"width\":900,\"height\":507},{\"@type\":\"BreadcrumbList\",\"@id\":\"https:\\\/\\\/patagoniambiental.com.ar\\\/info\\\/escuelas-tecnicas-en-la-pampa-forman-en-habilidades-verdes\\\/#breadcrumb\",\"itemListElement\":[{\"@type\":\"ListItem\",\"position\":1,\"name\":\"Inicio\",\"item\":\"https:\\\/\\\/patagoniambiental.com.ar\\\/info\\\/\"},{\"@type\":\"ListItem\",\"position\":2,\"name\":\"Escuelas t\u00e9cnicas en La Pampa: forman en \u00abhabilidades verdes\u00bb\"}]},{\"@type\":\"WebSite\",\"@id\":\"https:\\\/\\\/patagoniambiental.com.ar\\\/info\\\/#website\",\"url\":\"https:\\\/\\\/patagoniambiental.com.ar\\\/info\\\/\",\"name\":\"Patagonia Ambiental\",\"description\":\"Monitoreo y an\u00e1lisis de la situaci\u00f3n geopol\u00edtica en el mundo y su implicancia en la Patagonia\",\"publisher\":{\"@id\":\"https:\\\/\\\/patagoniambiental.com.ar\\\/info\\\/#organization\"},\"potentialAction\":[{\"@type\":\"SearchAction\",\"target\":{\"@type\":\"EntryPoint\",\"urlTemplate\":\"https:\\\/\\\/patagoniambiental.com.ar\\\/info\\\/?s={search_term_string}\"},\"query-input\":{\"@type\":\"PropertyValueSpecification\",\"valueRequired\":true,\"valueName\":\"search_term_string\"}}],\"inLanguage\":\"es\"},{\"@type\":\"Organization\",\"@id\":\"https:\\\/\\\/patagoniambiental.com.ar\\\/info\\\/#organization\",\"name\":\"Patagonia Ambiental\",\"url\":\"https:\\\/\\\/patagoniambiental.com.ar\\\/info\\\/\",\"logo\":{\"@type\":\"ImageObject\",\"inLanguage\":\"es\",\"@id\":\"https:\\\/\\\/patagoniambiental.com.ar\\\/info\\\/#\\\/schema\\\/logo\\\/image\\\/\",\"url\":\"https:\\\/\\\/patagoniambiental.com.ar\\\/info\\\/wp-content\\\/uploads\\\/2025\\\/05\\\/LOGO-PATAGONIA-AMBIENTAL.png\",\"contentUrl\":\"https:\\\/\\\/patagoniambiental.com.ar\\\/info\\\/wp-content\\\/uploads\\\/2025\\\/05\\\/LOGO-PATAGONIA-AMBIENTAL.png\",\"width\":433,\"height\":250,\"caption\":\"Patagonia Ambiental\"},\"image\":{\"@id\":\"https:\\\/\\\/patagoniambiental.com.ar\\\/info\\\/#\\\/schema\\\/logo\\\/image\\\/\"},\"sameAs\":[\"https:\\\/\\\/www.facebook.com\\\/patagonia.ambiental\",\"https:\\\/\\\/x.com\\\/PatAmb\"]},{\"@type\":\"Person\",\"@id\":\"https:\\\/\\\/patagoniambiental.com.ar\\\/info\\\/#\\\/schema\\\/person\\\/e5af09d700b2e82cb10c6b8800e0c691\",\"name\":\"BRAIAN ESTEVEZ\",\"sameAs\":[\"http:\\\/\\\/www.patagoniambiental.com.ar\"]}]}<\/script>\n<!-- \/ Yoast SEO Premium plugin. -->","yoast_head_json":{"title":"Escuelas t\u00e9cnicas en La Pampa: forman en \"habilidades verdes\"","robots":{"index":"index","follow":"follow","max-snippet":"max-snippet:-1","max-image-preview":"max-image-preview:large","max-video-preview":"max-video-preview:-1"},"canonical":"https:\/\/patagoniambiental.com.ar\/info\/escuelas-tecnicas-en-la-pampa-forman-en-habilidades-verdes\/","og_locale":"es_ES","og_type":"article","og_title":"Escuelas t\u00e9cnicas en La Pampa: forman en \"habilidades verdes\"","og_url":"https:\/\/patagoniambiental.com.ar\/info\/escuelas-tecnicas-en-la-pampa-forman-en-habilidades-verdes\/","og_site_name":"Patagonia Ambiental","article_publisher":"https:\/\/www.facebook.com\/patagonia.ambiental","article_published_time":"2021-09-02T22:00:00+00:00","og_image":[{"width":900,"height":507,"url":"https:\/\/patagoniambiental.com.ar\/info\/wp-content\/uploads\/2021\/09\/tecnics.jpg","type":"image\/jpeg"}],"author":"BRAIAN ESTEVEZ","twitter_card":"summary_large_image","twitter_creator":"@PatAmb","twitter_site":"@PatAmb","schema":{"@context":"https:\/\/schema.org","@graph":[{"@type":"Article","@id":"https:\/\/patagoniambiental.com.ar\/info\/escuelas-tecnicas-en-la-pampa-forman-en-habilidades-verdes\/#article","isPartOf":{"@id":"https:\/\/patagoniambiental.com.ar\/info\/escuelas-tecnicas-en-la-pampa-forman-en-habilidades-verdes\/"},"author":{"name":"BRAIAN ESTEVEZ","@id":"https:\/\/patagoniambiental.com.ar\/info\/#\/schema\/person\/e5af09d700b2e82cb10c6b8800e0c691"},"headline":"Escuelas t\u00e9cnicas en La Pampa: forman en \u00abhabilidades verdes\u00bb","datePublished":"2021-09-02T22:00:00+00:00","mainEntityOfPage":{"@id":"https:\/\/patagoniambiental.com.ar\/info\/escuelas-tecnicas-en-la-pampa-forman-en-habilidades-verdes\/"},"wordCount":373,"commentCount":0,"publisher":{"@id":"https:\/\/patagoniambiental.com.ar\/info\/#organization"},"image":{"@id":"https:\/\/patagoniambiental.com.ar\/info\/escuelas-tecnicas-en-la-pampa-forman-en-habilidades-verdes\/#primaryimage"},"thumbnailUrl":"https:\/\/patagoniambiental.com.ar\/info\/wp-content\/uploads\/2021\/09\/tecnics.jpg","articleSection":["La Pampa","Noticias","Provinciales"],"inLanguage":"es","potentialAction":[{"@type":"CommentAction","name":"Comment","target":["https:\/\/patagoniambiental.com.ar\/info\/escuelas-tecnicas-en-la-pampa-forman-en-habilidades-verdes\/#respond"]}]},{"@type":"WebPage","@id":"https:\/\/patagoniambiental.com.ar\/info\/escuelas-tecnicas-en-la-pampa-forman-en-habilidades-verdes\/","url":"https:\/\/patagoniambiental.com.ar\/info\/escuelas-tecnicas-en-la-pampa-forman-en-habilidades-verdes\/","name":"Escuelas t\u00e9cnicas en La Pampa: forman en \"habilidades verdes\"","isPartOf":{"@id":"https:\/\/patagoniambiental.com.ar\/info\/#website"},"primaryImageOfPage":{"@id":"https:\/\/patagoniambiental.com.ar\/info\/escuelas-tecnicas-en-la-pampa-forman-en-habilidades-verdes\/#primaryimage"},"image":{"@id":"https:\/\/patagoniambiental.com.ar\/info\/escuelas-tecnicas-en-la-pampa-forman-en-habilidades-verdes\/#primaryimage"},"thumbnailUrl":"https:\/\/patagoniambiental.com.ar\/info\/wp-content\/uploads\/2021\/09\/tecnics.jpg","datePublished":"2021-09-02T22:00:00+00:00","breadcrumb":{"@id":"https:\/\/patagoniambiental.com.ar\/info\/escuelas-tecnicas-en-la-pampa-forman-en-habilidades-verdes\/#breadcrumb"},"inLanguage":"es","potentialAction":[{"@type":"ReadAction","target":["https:\/\/patagoniambiental.com.ar\/info\/escuelas-tecnicas-en-la-pampa-forman-en-habilidades-verdes\/"]}]},{"@type":"ImageObject","inLanguage":"es","@id":"https:\/\/patagoniambiental.com.ar\/info\/escuelas-tecnicas-en-la-pampa-forman-en-habilidades-verdes\/#primaryimage","url":"https:\/\/patagoniambiental.com.ar\/info\/wp-content\/uploads\/2021\/09\/tecnics.jpg","contentUrl":"https:\/\/patagoniambiental.com.ar\/info\/wp-content\/uploads\/2021\/09\/tecnics.jpg","width":900,"height":507},{"@type":"BreadcrumbList","@id":"https:\/\/patagoniambiental.com.ar\/info\/escuelas-tecnicas-en-la-pampa-forman-en-habilidades-verdes\/#breadcrumb","itemListElement":[{"@type":"ListItem","position":1,"name":"Inicio","item":"https:\/\/patagoniambiental.com.ar\/info\/"},{"@type":"ListItem","position":2,"name":"Escuelas t\u00e9cnicas en La Pampa: forman en \u00abhabilidades verdes\u00bb"}]},{"@type":"WebSite","@id":"https:\/\/patagoniambiental.com.ar\/info\/#website","url":"https:\/\/patagoniambiental.com.ar\/info\/","name":"Patagonia Ambiental","description":"Monitoreo y an\u00e1lisis de la situaci\u00f3n geopol\u00edtica en el mundo y su implicancia en la Patagonia","publisher":{"@id":"https:\/\/patagoniambiental.com.ar\/info\/#organization"},"potentialAction":[{"@type":"SearchAction","target":{"@type":"EntryPoint","urlTemplate":"https:\/\/patagoniambiental.com.ar\/info\/?s={search_term_string}"},"query-input":{"@type":"PropertyValueSpecification","valueRequired":true,"valueName":"search_term_string"}}],"inLanguage":"es"},{"@type":"Organization","@id":"https:\/\/patagoniambiental.com.ar\/info\/#organization","name":"Patagonia Ambiental","url":"https:\/\/patagoniambiental.com.ar\/info\/","logo":{"@type":"ImageObject","inLanguage":"es","@id":"https:\/\/patagoniambiental.com.ar\/info\/#\/schema\/logo\/image\/","url":"https:\/\/patagoniambiental.com.ar\/info\/wp-content\/uploads\/2025\/05\/LOGO-PATAGONIA-AMBIENTAL.png","contentUrl":"https:\/\/patagoniambiental.com.ar\/info\/wp-content\/uploads\/2025\/05\/LOGO-PATAGONIA-AMBIENTAL.png","width":433,"height":250,"caption":"Patagonia Ambiental"},"image":{"@id":"https:\/\/patagoniambiental.com.ar\/info\/#\/schema\/logo\/image\/"},"sameAs":["https:\/\/www.facebook.com\/patagonia.ambiental","https:\/\/x.com\/PatAmb"]},{"@type":"Person","@id":"https:\/\/patagoniambiental.com.ar\/info\/#\/schema\/person\/e5af09d700b2e82cb10c6b8800e0c691","name":"BRAIAN ESTEVEZ","sameAs":["http:\/\/www.patagoniambiental.com.ar"]}]}},"_links":{"self":[{"href":"https:\/\/patagoniambiental.com.ar\/info\/wp-json\/wp\/v2\/posts\/74015","targetHints":{"allow":["GET"]}}],"collection":[{"href":"https:\/\/patagoniambiental.com.ar\/info\/wp-json\/wp\/v2\/posts"}],"about":[{"href":"https:\/\/patagoniambiental.com.ar\/info\/wp-json\/wp\/v2\/types\/post"}],"author":[{"embeddable":true,"href":"https:\/\/patagoniambiental.com.ar\/info\/wp-json\/wp\/v2\/users\/6"}],"replies":[{"embeddable":true,"href":"https:\/\/patagoniambiental.com.ar\/info\/wp-json\/wp\/v2\/comments?post=74015"}],"version-history":[{"count":0,"href":"https:\/\/patagoniambiental.com.ar\/info\/wp-json\/wp\/v2\/posts\/74015\/revisions"}],"wp:featuredmedia":[{"embeddable":true,"href":"https:\/\/patagoniambiental.com.ar\/info\/wp-json\/wp\/v2\/media\/74016"}],"wp:attachment":[{"href":"https:\/\/patagoniambiental.com.ar\/info\/wp-json\/wp\/v2\/media?parent=74015"}],"wp:term":[{"taxonomy":"category","embeddable":true,"href":"https:\/\/patagoniambiental.com.ar\/info\/wp-json\/wp\/v2\/categories?post=74015"},{"taxonomy":"post_tag","embeddable":true,"href":"https:\/\/patagoniambiental.com.ar\/info\/wp-json\/wp\/v2\/tags?post=74015"}],"curies":[{"name":"wp","href":"https:\/\/api.w.org\/{rel}","templated":true}]}}