{"id":74024,"date":"2021-09-03T19:00:00","date_gmt":"2021-09-03T22:00:00","guid":{"rendered":"http:\/\/patagoniambiental.com.ar\/info\/?p=74024"},"modified":"2021-09-03T11:32:54","modified_gmt":"2021-09-03T14:32:54","slug":"comunidades-de-chile-se-unen-para-clausurar-alto-maipo","status":"publish","type":"post","link":"https:\/\/patagoniambiental.com.ar\/info\/comunidades-de-chile-se-unen-para-clausurar-alto-maipo\/","title":{"rendered":"Comunidades de Chile se unen para clausurar Alto Maipo"},"content":{"rendered":"\n<!--more-->\n\n\n\n<blockquote class=\"wp-block-quote is-layout-flow wp-block-quote-is-layout-flow\"><p>Comunidades outdoors y aficionados a la naturaleza se manifestaron de forma pac\u00edfica contra el proyecto hidroel\u00e9ctrico en apoyo a la reciente acci\u00f3n legal impuesta ante la Superintendencia de Medio Ambiente que pide reiniciar el proceso sancionatorio, cerrar el proyecto y restaurar la cuenca del Maipo.&nbsp;<\/p><\/blockquote>\n\n\n\n<p>Bajo la consigna \u201cSalvemos el Maipo\u201d comunidades de deportistas outdoor, amantes de la vida al aire libre y activistas desplegaron dos lienzos en la zona alta del Caj\u00f3n del Maipo, demostrando su rechazo al proyecto hidroel\u00e9ctrico Alto Maipo que recientemente inform\u00f3 el inicio de sus operaciones en diciembre de este a\u00f1o. La manifestaci\u00f3n pac\u00edfica, que busca generar conciencia en torno a la importancia de proteger esta cuenca y la urgencia de clausurar Alto Maipo en el contexto actual de crisis clim\u00e1tica y emergencia h\u00eddrica en la zona, se realiz\u00f3 de manera autoconvocada y cont\u00f3 con el apoyo de Patagonia, la marca de ropa outdoor.<\/p>\n\n\n\n<p>La cuenca del Maipo es \u00fanica e invaluable y provee de una serie de servicios ecosist\u00e9micos, entre ellos, el abastecimiento de agua al 40% de la poblaci\u00f3n nacional, y forma parte de uno de los 35 lugares de biodiversidad end\u00e9mica m\u00e1s importantes del mundo. Adem\u00e1s, el Caj\u00f3n del Maipo forma parte de la historia de muchas personas que tuvieron all\u00ed su primera aventura al aire libre, es hogar de rutas inspiradoras y grandes desaf\u00edos de monta\u00f1a. Se ha demostrado que el proyecto tendr\u00e1 un alto impacto sobre el medio ambiente, poniendo&nbsp; en riesgo la posibilidad de que la comunidad, y las futuras generaciones, puedan disfrutar de estos paisajes y tener una conexi\u00f3n m\u00e1s profunda con la naturaleza.<img fetchpriority=\"high\" decoding=\"async\" src=\"https:\/\/assets.eldesconcierto.cl\/2021\/09\/Manifestacio%CC%81n-paci%CC%81fica-comunidad-de-escalada-Cre%CC%81dito-Juan-Luis-De-Heeckeren-e1630611769891.jpg\" alt=\"\" width=\"700\" height=\"234\"><\/p>\n\n\n\n<p id=\"caption-attachment-686090\">Manifestaci\u00f3n pac\u00edfica comunidad de escalada \u2013 Cr\u00e9dito Juan Luis De Heeckeren<\/p>\n\n\n\n<p>Esta intervenci\u00f3n de comunidades outdoor que quieren proteger la zona va en apoyo a una nueva denuncia interpuesta ante la Superintendencia de Medio Ambiente (SMA) que, con el apoyo de Patagonia, solicita reiniciar el proceso sancionatorio contra el proyecto hidroel\u00e9ctrico Alto Maipo, la clausura inmediata de la iniciativa y la restauraci\u00f3n de la cuenca, ante el impacto que est\u00e1 dejando sobre el ecosistema, las comunidades y tradiciones locales, as\u00ed como la amenaza que representa para el abastecimiento de agua potable para 7.1 millones de habitantes de Santiago.<\/p>\n\n\n\n<p>La acci\u00f3n legal se enmarca en la campa\u00f1a de activismo \u201cSalvemos el Maipo\u201d lanzada recientemente por Patagonia, la cual invita a las comunidades a informarse y tomar acci\u00f3n enviando un mail a las autoridades chilenas&nbsp;<a href=\"https:\/\/cl.patagonia.com\/pages\/salvemos-el-maipo\">exigiendo clausurar el proyecto hidroel\u00e9ctrico Alto<\/a>&nbsp;Maipo. El lanzamiento fue acompa\u00f1ado por el estreno del documental \u201cCorriendo para Salvar una Cuenca\u201d que se puede&nbsp;<a href=\"https:\/\/cl.patagonia.com\/pages\/salvemos-el-maipo\">ver de forma gratuita<\/a>&nbsp;y cuya&nbsp; producci\u00f3n, dirigida por Daniel Casado y protagonizada por el trail runner y activista Felipe Cancino, nos lleva en un recorrido de 120 km por el Caj\u00f3n del Maipo, revelando los impactos del proyecto hidroel\u00e9ctrico Alto Maipo.<\/p>\n\n\n\n<div class=\"wp-block-image\"><figure class=\"aligncenter\"><img decoding=\"async\" src=\"https:\/\/assets.eldesconcierto.cl\/2021\/09\/Gra%CC%81fica-Corriendo-Para-Salvar-una-Cuenca-scaled-e1630611802534.jpg\" alt=\"\" class=\"wp-image-686091\"\/><\/figure><\/div>\n\n\n\n<h3 class=\"wp-block-heading\"><strong>\u00bfSe puede detener el proyecto Alto Maipo?<\/strong><\/h3>\n\n\n\n<p>La estrategia legal es liderada por&nbsp;<a href=\"https:\/\/geute.cl\/\">Geute Conservaci\u00f3n Sur<\/a>&nbsp;y en esta nueva denuncia solicit\u00f3 a la Superintendencia del Medio Ambiente reiniciar el procedimiento sancionatorio contra el proyecto que se inici\u00f3 en 2017 por 14 incumplimientos. Esta acci\u00f3n no prosper\u00f3 en una sanci\u00f3n porque el Titular present\u00f3 un Programa de Cumplimiento. Sin embargo, no han ejecutado satisfactoriamente su propio programa y, peor a\u00fan, han seguido construyendo sus t\u00faneles y ya llevan un 98% de avance. Esto, a pesar de que se encuentra pendiente la revisi\u00f3n de la Resoluci\u00f3n de Calificaci\u00f3n Ambiental ante la Comisi\u00f3n de Evaluaci\u00f3n de la Regi\u00f3n Metropolitana.<\/p>\n\n\n\n<p>La gran pregunta es \u00bfSe puede detener Alto Maipo pese a su avance? Macarena Soler, Presidenta de Geute Conservaci\u00f3n Sur, responde tajante: \u201cClaro que s\u00ed. La Superintendencia del Medio Ambiente tiene la facultad para reiniciar el procedimiento sancionatorio que inici\u00f3 contra el proyecto en 2017 e imponer sanciones. Si se determinan infracciones administrativas graves o grav\u00edsimas, se puede clausurar el proyecto o revocar su Resoluci\u00f3n de Calificaci\u00f3n Ambiental\u201d.&nbsp;<\/p>\n\n\n\n<p>Alto Maipo se justific\u00f3 en un contexto de crisis energ\u00e9tica que ya no existe. Hoy, la estrategia legal se implementa en base a \u201comisiones graves a la hora de evaluar los impactos al medio ambiente, sobre flora, fauna, vegas y humedales. Tampoco evalu\u00f3 el impacto que generar\u00e1n las bocatomas al interrumpir la continuidad de los cauces, incluyendo riesgos de muerte que provocar\u00edan las turbinas sobre el ecosistema acu\u00e1tico. Y no incluy\u00f3 los impactos sociales ocasionados por la llegada masiva de trabajadores hombres a la zona\u201d explica Gabriela Barriga, abogada de Geute Conservaci\u00f3n Sur.<img decoding=\"async\" src=\"https:\/\/assets.eldesconcierto.cl\/2021\/09\/Correntina-en-ri%CC%81o-Maipo-Cre%CC%81dito-Paulo-Urrutia-1024x575.jpg\" alt=\"\" width=\"1024\" height=\"575\"><\/p>\n\n\n\n<p id=\"caption-attachment-686092\">Correntina en r\u00edo Maipo \u2013 Cr\u00e9dito Paulo Urrutia<\/p>\n\n\n\n<p>Al mismo tiempo, la operaci\u00f3n implica diversos riesgos no considerados como la ubicaci\u00f3n en que se dispusieron los sitios de acopio de marinas (botaderos), donde muchos de ellos est\u00e1n en zonas de riesgo de remoci\u00f3n en masa. Finalmente, el impacto m\u00e1s grave, tiene que ver con el desv\u00edo de los caudales de los r\u00edos para ser utilizados para la generaci\u00f3n de energ\u00eda y el \u201ccaudal ecol\u00f3gico\u201d que dejar\u00edan. Los caudales ecol\u00f3gicos fueron calculados con datos entre los a\u00f1os 1950 y 2005, pero hoy el panorama es muy distinto debido al cambio clim\u00e1tico y la mega sequ\u00eda, por lo que los r\u00edos no podr\u00edan asegurar la biodiversidad, ni la realizaci\u00f3n de actividades tur\u00edsticas como rafting y kayak.&nbsp;<\/p>\n\n\n\n<p>Juan Pablo Orrego, Presidente de la&nbsp;<a href=\"https:\/\/www.ecosistemas.cl\/\">ONG Ecosistemas<\/a>, expresa: \u201cEsta cuenca lo \u00fanico que se merece y necesita es restauraci\u00f3n y regeneraci\u00f3n. Alto Maipo es la ant\u00edtesis de lo que se deber\u00eda hacer en el presente y en el futuro en la cuenca.\u201d En tanto, Marcela Mella, Vocera&nbsp;<a href=\"https:\/\/noaltomaipo.org\/\">Coordinadora&nbsp;No Alto Maipo<\/a>,&nbsp;se\u00f1ala: \u201cEstamos comprometidos desde hace muchos a\u00f1os atr\u00e1s en asegurar el agua como un derecho humano\u201d.<\/p>\n\n\n\n<p>Adem\u00e1s de detener el proyecto hidroel\u00e9ctrico, una soluci\u00f3n viable de protecci\u00f3n es crear una ley de R\u00edos Salvajes. Sobre esto, se refiere Soler: \u201cEs fundamental cambiar la gesti\u00f3n de nuestras aguas, donde restaurar y conservar nuestros r\u00edos sea uno de sus pilares. Concretar este Proyecto de Ley nos permitir\u00e1 resguardar o restaurar aquellos r\u00edos como el Maipo que tiene un alto valor esc\u00e9nico, recreativo, geol\u00f3gico, hist\u00f3rico, cultural o ecol\u00f3gico, prohibiendo actividades que atenten contra las caracter\u00edsticas que hacen \u00fanico a ese r\u00edo\u201d.&nbsp;<\/p>\n\n\n\n<p>Mientras la pelea legal por detener Alto Maipo contin\u00faa y se hace m\u00e1s urgente que nunca, organizaciones sociales y la marca Patagonia llaman a la ciudadan\u00eda y comunidades deportivas outdoor a actuar informados a trav\u00e9s del&nbsp;<a href=\"https:\/\/cl.patagonia.com\/pages\/salvemos-el-maipo\">sitio web<\/a>,&nbsp;enviando correos electr\u00f3nicos directamente a las autoridades de gobierno y al Presidente Sebasti\u00e1n Pi\u00f1era, solicitando la consideraci\u00f3n de la acci\u00f3n legal y exigiendo la clausura inmediata del proyecto Alto Maipo y la restauraci\u00f3n del \u00e1rea.<\/p>\n\n\n\n<p><strong>Toma acci\u00f3n e inf\u00f3rmate en&nbsp;<\/strong><a href=\"https:\/\/cl.patagonia.com\/pages\/salvemos-el-maipo\"><strong>\u201cSalvemos el Maipo\u201d<\/strong><\/a><\/p>\n\n\n\n<p><a href=\"https:\/\/cl.patagonia.com\/pages\/salvemos-el-maipo\"><strong>Ve el documental \u201cCorriendo para Salvar una Cuenca\u201d<\/strong><\/a><\/p>\n\n\n\n<p>Fuente: https:\/\/www.eldesconcierto.cl\/sociedad-colaborativa\/2021\/09\/02\/comunidades-se-unen-para-clausurar-alto-maipo.html<\/p>\n","protected":false},"excerpt":{"rendered":"","protected":false},"author":6,"featured_media":74025,"comment_status":"open","ping_status":"open","sticky":false,"template":"","format":"standard","meta":{"site-sidebar-layout":"default","site-content-layout":"","ast-site-content-layout":"default","site-content-style":"default","site-sidebar-style":"default","ast-global-header-display":"","ast-banner-title-visibility":"","ast-main-header-display":"","ast-hfb-above-header-display":"","ast-hfb-below-header-display":"","ast-hfb-mobile-header-display":"","site-post-title":"","ast-breadcrumbs-content":"","ast-featured-img":"","footer-sml-layout":"","ast-disable-related-posts":"","theme-transparent-header-meta":"","adv-header-id-meta":"","stick-header-meta":"","header-above-stick-meta":"","header-main-stick-meta":"","header-below-stick-meta":"","astra-migrate-meta-layouts":"default","ast-page-background-enabled":"default","ast-page-background-meta":{"desktop":{"background-color":"var(--ast-global-color-5)","background-image":"","background-repeat":"repeat","background-position":"center center","background-size":"auto","background-attachment":"scroll","background-type":"","background-media":"","overlay-type":"","overlay-color":"","overlay-opacity":"","overlay-gradient":""},"tablet":{"background-color":"","background-image":"","background-repeat":"repeat","background-position":"center center","background-size":"auto","background-attachment":"scroll","background-type":"","background-media":"","overlay-type":"","overlay-color":"","overlay-opacity":"","overlay-gradient":""},"mobile":{"background-color":"","background-image":"","background-repeat":"repeat","background-position":"center center","background-size":"auto","background-attachment":"scroll","background-type":"","background-media":"","overlay-type":"","overlay-color":"","overlay-opacity":"","overlay-gradient":""}},"ast-content-background-meta":{"desktop":{"background-color":"var(--ast-global-color-4)","background-image":"","background-repeat":"repeat","background-position":"center center","background-size":"auto","background-attachment":"scroll","background-type":"","background-media":"","overlay-type":"","overlay-color":"","overlay-opacity":"","overlay-gradient":""},"tablet":{"background-color":"var(--ast-global-color-4)","background-image":"","background-repeat":"repeat","background-position":"center center","background-size":"auto","background-attachment":"scroll","background-type":"","background-media":"","overlay-type":"","overlay-color":"","overlay-opacity":"","overlay-gradient":""},"mobile":{"background-color":"var(--ast-global-color-4)","background-image":"","background-repeat":"repeat","background-position":"center center","background-size":"auto","background-attachment":"scroll","background-type":"","background-media":"","overlay-type":"","overlay-color":"","overlay-opacity":"","overlay-gradient":""}},"footnotes":""},"categories":[12,11,1,10],"tags":[],"class_list":["post-74024","post","type-post","status-publish","format-standard","has-post-thumbnail","hentry","category-agenda-ambiental","category-boletin","category-noticias","category-rotador"],"yoast_head":"<!-- This site is optimized with the Yoast SEO Premium plugin v23.0 (Yoast SEO v27.5) - https:\/\/yoast.com\/product\/yoast-seo-premium-wordpress\/ -->\n<title>Comunidades de Chile se unen para clausurar Alto Maipo<\/title>\n<meta name=\"robots\" content=\"index, follow, max-snippet:-1, max-image-preview:large, max-video-preview:-1\" \/>\n<link rel=\"canonical\" href=\"https:\/\/patagoniambiental.com.ar\/info\/comunidades-de-chile-se-unen-para-clausurar-alto-maipo\/\" \/>\n<meta property=\"og:locale\" content=\"es_ES\" \/>\n<meta property=\"og:type\" content=\"article\" \/>\n<meta property=\"og:title\" content=\"Comunidades de Chile se unen para clausurar Alto Maipo\" \/>\n<meta property=\"og:url\" content=\"https:\/\/patagoniambiental.com.ar\/info\/comunidades-de-chile-se-unen-para-clausurar-alto-maipo\/\" \/>\n<meta property=\"og:site_name\" content=\"Patagonia Ambiental\" \/>\n<meta property=\"article:publisher\" content=\"https:\/\/www.facebook.com\/patagonia.ambiental\" \/>\n<meta property=\"article:published_time\" content=\"2021-09-03T22:00:00+00:00\" \/>\n<meta property=\"og:image\" content=\"https:\/\/patagoniambiental.com.ar\/info\/wp-content\/uploads\/2021\/09\/Manifestacio\u0301n-paci\u0301fica-comunidad-de-kayak-Cre\u0301dito-Juan-Luis-De-Heeckeren-1024x682-1.jpg\" \/>\n\t<meta property=\"og:image:width\" content=\"1024\" \/>\n\t<meta property=\"og:image:height\" content=\"682\" \/>\n\t<meta property=\"og:image:type\" content=\"image\/jpeg\" \/>\n<meta name=\"author\" content=\"BRAIAN ESTEVEZ\" \/>\n<meta name=\"twitter:card\" content=\"summary_large_image\" \/>\n<meta name=\"twitter:creator\" content=\"@PatAmb\" \/>\n<meta name=\"twitter:site\" content=\"@PatAmb\" \/>\n<script type=\"application\/ld+json\" class=\"yoast-schema-graph\">{\"@context\":\"https:\\\/\\\/schema.org\",\"@graph\":[{\"@type\":\"Article\",\"@id\":\"https:\\\/\\\/patagoniambiental.com.ar\\\/info\\\/comunidades-de-chile-se-unen-para-clausurar-alto-maipo\\\/#article\",\"isPartOf\":{\"@id\":\"https:\\\/\\\/patagoniambiental.com.ar\\\/info\\\/comunidades-de-chile-se-unen-para-clausurar-alto-maipo\\\/\"},\"author\":{\"name\":\"BRAIAN ESTEVEZ\",\"@id\":\"https:\\\/\\\/patagoniambiental.com.ar\\\/info\\\/#\\\/schema\\\/person\\\/e5af09d700b2e82cb10c6b8800e0c691\"},\"headline\":\"Comunidades de Chile se unen para clausurar Alto Maipo\",\"datePublished\":\"2021-09-03T22:00:00+00:00\",\"mainEntityOfPage\":{\"@id\":\"https:\\\/\\\/patagoniambiental.com.ar\\\/info\\\/comunidades-de-chile-se-unen-para-clausurar-alto-maipo\\\/\"},\"wordCount\":1228,\"commentCount\":0,\"publisher\":{\"@id\":\"https:\\\/\\\/patagoniambiental.com.ar\\\/info\\\/#organization\"},\"image\":{\"@id\":\"https:\\\/\\\/patagoniambiental.com.ar\\\/info\\\/comunidades-de-chile-se-unen-para-clausurar-alto-maipo\\\/#primaryimage\"},\"thumbnailUrl\":\"https:\\\/\\\/patagoniambiental.com.ar\\\/info\\\/wp-content\\\/uploads\\\/2021\\\/09\\\/Manifestacio\u0301n-paci\u0301fica-comunidad-de-kayak-Cre\u0301dito-Juan-Luis-De-Heeckeren-1024x682-1.jpg\",\"articleSection\":[\"Agenda Ambiental\",\"Bolet\u00edn\",\"Noticias\",\"Rotador\"],\"inLanguage\":\"es\",\"potentialAction\":[{\"@type\":\"CommentAction\",\"name\":\"Comment\",\"target\":[\"https:\\\/\\\/patagoniambiental.com.ar\\\/info\\\/comunidades-de-chile-se-unen-para-clausurar-alto-maipo\\\/#respond\"]}]},{\"@type\":\"WebPage\",\"@id\":\"https:\\\/\\\/patagoniambiental.com.ar\\\/info\\\/comunidades-de-chile-se-unen-para-clausurar-alto-maipo\\\/\",\"url\":\"https:\\\/\\\/patagoniambiental.com.ar\\\/info\\\/comunidades-de-chile-se-unen-para-clausurar-alto-maipo\\\/\",\"name\":\"Comunidades de Chile se unen para clausurar Alto Maipo\",\"isPartOf\":{\"@id\":\"https:\\\/\\\/patagoniambiental.com.ar\\\/info\\\/#website\"},\"primaryImageOfPage\":{\"@id\":\"https:\\\/\\\/patagoniambiental.com.ar\\\/info\\\/comunidades-de-chile-se-unen-para-clausurar-alto-maipo\\\/#primaryimage\"},\"image\":{\"@id\":\"https:\\\/\\\/patagoniambiental.com.ar\\\/info\\\/comunidades-de-chile-se-unen-para-clausurar-alto-maipo\\\/#primaryimage\"},\"thumbnailUrl\":\"https:\\\/\\\/patagoniambiental.com.ar\\\/info\\\/wp-content\\\/uploads\\\/2021\\\/09\\\/Manifestacio\u0301n-paci\u0301fica-comunidad-de-kayak-Cre\u0301dito-Juan-Luis-De-Heeckeren-1024x682-1.jpg\",\"datePublished\":\"2021-09-03T22:00:00+00:00\",\"breadcrumb\":{\"@id\":\"https:\\\/\\\/patagoniambiental.com.ar\\\/info\\\/comunidades-de-chile-se-unen-para-clausurar-alto-maipo\\\/#breadcrumb\"},\"inLanguage\":\"es\",\"potentialAction\":[{\"@type\":\"ReadAction\",\"target\":[\"https:\\\/\\\/patagoniambiental.com.ar\\\/info\\\/comunidades-de-chile-se-unen-para-clausurar-alto-maipo\\\/\"]}]},{\"@type\":\"ImageObject\",\"inLanguage\":\"es\",\"@id\":\"https:\\\/\\\/patagoniambiental.com.ar\\\/info\\\/comunidades-de-chile-se-unen-para-clausurar-alto-maipo\\\/#primaryimage\",\"url\":\"https:\\\/\\\/patagoniambiental.com.ar\\\/info\\\/wp-content\\\/uploads\\\/2021\\\/09\\\/Manifestacio\u0301n-paci\u0301fica-comunidad-de-kayak-Cre\u0301dito-Juan-Luis-De-Heeckeren-1024x682-1.jpg\",\"contentUrl\":\"https:\\\/\\\/patagoniambiental.com.ar\\\/info\\\/wp-content\\\/uploads\\\/2021\\\/09\\\/Manifestacio\u0301n-paci\u0301fica-comunidad-de-kayak-Cre\u0301dito-Juan-Luis-De-Heeckeren-1024x682-1.jpg\",\"width\":901,\"height\":600},{\"@type\":\"BreadcrumbList\",\"@id\":\"https:\\\/\\\/patagoniambiental.com.ar\\\/info\\\/comunidades-de-chile-se-unen-para-clausurar-alto-maipo\\\/#breadcrumb\",\"itemListElement\":[{\"@type\":\"ListItem\",\"position\":1,\"name\":\"Inicio\",\"item\":\"https:\\\/\\\/patagoniambiental.com.ar\\\/info\\\/\"},{\"@type\":\"ListItem\",\"position\":2,\"name\":\"Comunidades de Chile se unen para clausurar Alto Maipo\"}]},{\"@type\":\"WebSite\",\"@id\":\"https:\\\/\\\/patagoniambiental.com.ar\\\/info\\\/#website\",\"url\":\"https:\\\/\\\/patagoniambiental.com.ar\\\/info\\\/\",\"name\":\"Patagonia Ambiental\",\"description\":\"Monitoreo y an\u00e1lisis de la situaci\u00f3n geopol\u00edtica en el mundo y su implicancia en la Patagonia\",\"publisher\":{\"@id\":\"https:\\\/\\\/patagoniambiental.com.ar\\\/info\\\/#organization\"},\"potentialAction\":[{\"@type\":\"SearchAction\",\"target\":{\"@type\":\"EntryPoint\",\"urlTemplate\":\"https:\\\/\\\/patagoniambiental.com.ar\\\/info\\\/?s={search_term_string}\"},\"query-input\":{\"@type\":\"PropertyValueSpecification\",\"valueRequired\":true,\"valueName\":\"search_term_string\"}}],\"inLanguage\":\"es\"},{\"@type\":\"Organization\",\"@id\":\"https:\\\/\\\/patagoniambiental.com.ar\\\/info\\\/#organization\",\"name\":\"Patagonia Ambiental\",\"url\":\"https:\\\/\\\/patagoniambiental.com.ar\\\/info\\\/\",\"logo\":{\"@type\":\"ImageObject\",\"inLanguage\":\"es\",\"@id\":\"https:\\\/\\\/patagoniambiental.com.ar\\\/info\\\/#\\\/schema\\\/logo\\\/image\\\/\",\"url\":\"https:\\\/\\\/patagoniambiental.com.ar\\\/info\\\/wp-content\\\/uploads\\\/2025\\\/05\\\/LOGO-PATAGONIA-AMBIENTAL.png\",\"contentUrl\":\"https:\\\/\\\/patagoniambiental.com.ar\\\/info\\\/wp-content\\\/uploads\\\/2025\\\/05\\\/LOGO-PATAGONIA-AMBIENTAL.png\",\"width\":433,\"height\":250,\"caption\":\"Patagonia Ambiental\"},\"image\":{\"@id\":\"https:\\\/\\\/patagoniambiental.com.ar\\\/info\\\/#\\\/schema\\\/logo\\\/image\\\/\"},\"sameAs\":[\"https:\\\/\\\/www.facebook.com\\\/patagonia.ambiental\",\"https:\\\/\\\/x.com\\\/PatAmb\"]},{\"@type\":\"Person\",\"@id\":\"https:\\\/\\\/patagoniambiental.com.ar\\\/info\\\/#\\\/schema\\\/person\\\/e5af09d700b2e82cb10c6b8800e0c691\",\"name\":\"BRAIAN ESTEVEZ\",\"sameAs\":[\"http:\\\/\\\/www.patagoniambiental.com.ar\"]}]}<\/script>\n<!-- \/ Yoast SEO Premium plugin. -->","yoast_head_json":{"title":"Comunidades de Chile se unen para clausurar Alto Maipo","robots":{"index":"index","follow":"follow","max-snippet":"max-snippet:-1","max-image-preview":"max-image-preview:large","max-video-preview":"max-video-preview:-1"},"canonical":"https:\/\/patagoniambiental.com.ar\/info\/comunidades-de-chile-se-unen-para-clausurar-alto-maipo\/","og_locale":"es_ES","og_type":"article","og_title":"Comunidades de Chile se unen para clausurar Alto Maipo","og_url":"https:\/\/patagoniambiental.com.ar\/info\/comunidades-de-chile-se-unen-para-clausurar-alto-maipo\/","og_site_name":"Patagonia Ambiental","article_publisher":"https:\/\/www.facebook.com\/patagonia.ambiental","article_published_time":"2021-09-03T22:00:00+00:00","og_image":[{"width":1024,"height":682,"url":"https:\/\/patagoniambiental.com.ar\/info\/wp-content\/uploads\/2021\/09\/Manifestacio\u0301n-paci\u0301fica-comunidad-de-kayak-Cre\u0301dito-Juan-Luis-De-Heeckeren-1024x682-1.jpg","type":"image\/jpeg"}],"author":"BRAIAN ESTEVEZ","twitter_card":"summary_large_image","twitter_creator":"@PatAmb","twitter_site":"@PatAmb","schema":{"@context":"https:\/\/schema.org","@graph":[{"@type":"Article","@id":"https:\/\/patagoniambiental.com.ar\/info\/comunidades-de-chile-se-unen-para-clausurar-alto-maipo\/#article","isPartOf":{"@id":"https:\/\/patagoniambiental.com.ar\/info\/comunidades-de-chile-se-unen-para-clausurar-alto-maipo\/"},"author":{"name":"BRAIAN ESTEVEZ","@id":"https:\/\/patagoniambiental.com.ar\/info\/#\/schema\/person\/e5af09d700b2e82cb10c6b8800e0c691"},"headline":"Comunidades de Chile se unen para clausurar Alto Maipo","datePublished":"2021-09-03T22:00:00+00:00","mainEntityOfPage":{"@id":"https:\/\/patagoniambiental.com.ar\/info\/comunidades-de-chile-se-unen-para-clausurar-alto-maipo\/"},"wordCount":1228,"commentCount":0,"publisher":{"@id":"https:\/\/patagoniambiental.com.ar\/info\/#organization"},"image":{"@id":"https:\/\/patagoniambiental.com.ar\/info\/comunidades-de-chile-se-unen-para-clausurar-alto-maipo\/#primaryimage"},"thumbnailUrl":"https:\/\/patagoniambiental.com.ar\/info\/wp-content\/uploads\/2021\/09\/Manifestacio\u0301n-paci\u0301fica-comunidad-de-kayak-Cre\u0301dito-Juan-Luis-De-Heeckeren-1024x682-1.jpg","articleSection":["Agenda Ambiental","Bolet\u00edn","Noticias","Rotador"],"inLanguage":"es","potentialAction":[{"@type":"CommentAction","name":"Comment","target":["https:\/\/patagoniambiental.com.ar\/info\/comunidades-de-chile-se-unen-para-clausurar-alto-maipo\/#respond"]}]},{"@type":"WebPage","@id":"https:\/\/patagoniambiental.com.ar\/info\/comunidades-de-chile-se-unen-para-clausurar-alto-maipo\/","url":"https:\/\/patagoniambiental.com.ar\/info\/comunidades-de-chile-se-unen-para-clausurar-alto-maipo\/","name":"Comunidades de Chile se unen para clausurar Alto Maipo","isPartOf":{"@id":"https:\/\/patagoniambiental.com.ar\/info\/#website"},"primaryImageOfPage":{"@id":"https:\/\/patagoniambiental.com.ar\/info\/comunidades-de-chile-se-unen-para-clausurar-alto-maipo\/#primaryimage"},"image":{"@id":"https:\/\/patagoniambiental.com.ar\/info\/comunidades-de-chile-se-unen-para-clausurar-alto-maipo\/#primaryimage"},"thumbnailUrl":"https:\/\/patagoniambiental.com.ar\/info\/wp-content\/uploads\/2021\/09\/Manifestacio\u0301n-paci\u0301fica-comunidad-de-kayak-Cre\u0301dito-Juan-Luis-De-Heeckeren-1024x682-1.jpg","datePublished":"2021-09-03T22:00:00+00:00","breadcrumb":{"@id":"https:\/\/patagoniambiental.com.ar\/info\/comunidades-de-chile-se-unen-para-clausurar-alto-maipo\/#breadcrumb"},"inLanguage":"es","potentialAction":[{"@type":"ReadAction","target":["https:\/\/patagoniambiental.com.ar\/info\/comunidades-de-chile-se-unen-para-clausurar-alto-maipo\/"]}]},{"@type":"ImageObject","inLanguage":"es","@id":"https:\/\/patagoniambiental.com.ar\/info\/comunidades-de-chile-se-unen-para-clausurar-alto-maipo\/#primaryimage","url":"https:\/\/patagoniambiental.com.ar\/info\/wp-content\/uploads\/2021\/09\/Manifestacio\u0301n-paci\u0301fica-comunidad-de-kayak-Cre\u0301dito-Juan-Luis-De-Heeckeren-1024x682-1.jpg","contentUrl":"https:\/\/patagoniambiental.com.ar\/info\/wp-content\/uploads\/2021\/09\/Manifestacio\u0301n-paci\u0301fica-comunidad-de-kayak-Cre\u0301dito-Juan-Luis-De-Heeckeren-1024x682-1.jpg","width":901,"height":600},{"@type":"BreadcrumbList","@id":"https:\/\/patagoniambiental.com.ar\/info\/comunidades-de-chile-se-unen-para-clausurar-alto-maipo\/#breadcrumb","itemListElement":[{"@type":"ListItem","position":1,"name":"Inicio","item":"https:\/\/patagoniambiental.com.ar\/info\/"},{"@type":"ListItem","position":2,"name":"Comunidades de Chile se unen para clausurar Alto Maipo"}]},{"@type":"WebSite","@id":"https:\/\/patagoniambiental.com.ar\/info\/#website","url":"https:\/\/patagoniambiental.com.ar\/info\/","name":"Patagonia Ambiental","description":"Monitoreo y an\u00e1lisis de la situaci\u00f3n geopol\u00edtica en el mundo y su implicancia en la Patagonia","publisher":{"@id":"https:\/\/patagoniambiental.com.ar\/info\/#organization"},"potentialAction":[{"@type":"SearchAction","target":{"@type":"EntryPoint","urlTemplate":"https:\/\/patagoniambiental.com.ar\/info\/?s={search_term_string}"},"query-input":{"@type":"PropertyValueSpecification","valueRequired":true,"valueName":"search_term_string"}}],"inLanguage":"es"},{"@type":"Organization","@id":"https:\/\/patagoniambiental.com.ar\/info\/#organization","name":"Patagonia Ambiental","url":"https:\/\/patagoniambiental.com.ar\/info\/","logo":{"@type":"ImageObject","inLanguage":"es","@id":"https:\/\/patagoniambiental.com.ar\/info\/#\/schema\/logo\/image\/","url":"https:\/\/patagoniambiental.com.ar\/info\/wp-content\/uploads\/2025\/05\/LOGO-PATAGONIA-AMBIENTAL.png","contentUrl":"https:\/\/patagoniambiental.com.ar\/info\/wp-content\/uploads\/2025\/05\/LOGO-PATAGONIA-AMBIENTAL.png","width":433,"height":250,"caption":"Patagonia Ambiental"},"image":{"@id":"https:\/\/patagoniambiental.com.ar\/info\/#\/schema\/logo\/image\/"},"sameAs":["https:\/\/www.facebook.com\/patagonia.ambiental","https:\/\/x.com\/PatAmb"]},{"@type":"Person","@id":"https:\/\/patagoniambiental.com.ar\/info\/#\/schema\/person\/e5af09d700b2e82cb10c6b8800e0c691","name":"BRAIAN ESTEVEZ","sameAs":["http:\/\/www.patagoniambiental.com.ar"]}]}},"_links":{"self":[{"href":"https:\/\/patagoniambiental.com.ar\/info\/wp-json\/wp\/v2\/posts\/74024","targetHints":{"allow":["GET"]}}],"collection":[{"href":"https:\/\/patagoniambiental.com.ar\/info\/wp-json\/wp\/v2\/posts"}],"about":[{"href":"https:\/\/patagoniambiental.com.ar\/info\/wp-json\/wp\/v2\/types\/post"}],"author":[{"embeddable":true,"href":"https:\/\/patagoniambiental.com.ar\/info\/wp-json\/wp\/v2\/users\/6"}],"replies":[{"embeddable":true,"href":"https:\/\/patagoniambiental.com.ar\/info\/wp-json\/wp\/v2\/comments?post=74024"}],"version-history":[{"count":0,"href":"https:\/\/patagoniambiental.com.ar\/info\/wp-json\/wp\/v2\/posts\/74024\/revisions"}],"wp:featuredmedia":[{"embeddable":true,"href":"https:\/\/patagoniambiental.com.ar\/info\/wp-json\/wp\/v2\/media\/74025"}],"wp:attachment":[{"href":"https:\/\/patagoniambiental.com.ar\/info\/wp-json\/wp\/v2\/media?parent=74024"}],"wp:term":[{"taxonomy":"category","embeddable":true,"href":"https:\/\/patagoniambiental.com.ar\/info\/wp-json\/wp\/v2\/categories?post=74024"},{"taxonomy":"post_tag","embeddable":true,"href":"https:\/\/patagoniambiental.com.ar\/info\/wp-json\/wp\/v2\/tags?post=74024"}],"curies":[{"name":"wp","href":"https:\/\/api.w.org\/{rel}","templated":true}]}}