{"id":74072,"date":"2021-09-09T19:00:00","date_gmt":"2021-09-09T22:00:00","guid":{"rendered":"http:\/\/patagoniambiental.com.ar\/info\/?p=74072"},"modified":"2021-09-09T12:44:50","modified_gmt":"2021-09-09T15:44:50","slug":"restringen-el-ingreso-al-basurero-de-general-pico","status":"publish","type":"post","link":"https:\/\/patagoniambiental.com.ar\/info\/restringen-el-ingreso-al-basurero-de-general-pico\/","title":{"rendered":"Restringen el ingreso al basurero de General Pico"},"content":{"rendered":"\n<!--more-->\n\n\n\n<p>La decisi\u00f3n la tom\u00f3 el municipio y apunta a controlar el acceso de personas que puedan meterse en el predio con la&nbsp;intenci\u00f3n de realizar da\u00f1os, como generar fuego, o recuperar residuos.<\/p>\n\n\n\n<p><strong>General Pico (Agencia)<\/strong>&nbsp;\u2013 La Municipalidad de Pico instal\u00f3 una garita en la calle y c\u00e1maras de seguridad en la calle de acceso al basurero local, que comenzaron a funcionar esta semana con personal de una empresa de medio, para controlar el ingreso al predio de vecinos que llegan para arrojar y recuperar residuos, pero tambi\u00e9n para evitar incendios como suele ocurrir. Por otra parte, desde Ambiente y Desarrollo Sustentable realizan un nuevo estudio para determinar la cantidad y el tipo de residuos que desecha la ciudadan\u00eda.<\/p>\n\n\n\n<p><br>Desde este mi\u00e9rcoles la Municipalidad implement\u00f3 controles m\u00e1s estrictos para ingresar al predio de la Planta de Separaci\u00f3n de Residuos S\u00f3lidos, ubicada en las inmediaciones de la Ruta Provincial 1.<\/p>\n\n\n\n<p>El secretario de Ambiente y Servicios P\u00fablicos, Alberto Ram\u00f3n Campo, se refiri\u00f3 al tema y explic\u00f3 que \u201cempieza a regir una nueva modalidad de acceso controlado y restringido al basurero local. Se realiz\u00f3 una licitaci\u00f3n para contratar un servicio de seguridad, que contempla no solamente la vigilancia de las instalaciones y de la maquinaria, sino tambi\u00e9n el control de acceso, la verificaci\u00f3n de los veh\u00edculos y el tipo de residuos a disponer, que llevan a nuestro basurero\u201d.<\/p>\n\n\n\n<p>\u201cEsto es algo que consideramos que ser\u00e1 un hito y un cambio muy importante en el manejo de nuestros residuos\u201d, adelant\u00f3 Campo y record\u00f3 que \u201chasta el momento el acceso era ilimitado\u201d.<\/p>\n\n\n\n<p>Por su parte, la directora de Ambiente y Desarrollo Sustentable, Melina Med\u00fas, coment\u00f3 que \u201cel camino estaba abierto a que pudiera meterse cualquiera, a partir de ahora, con este control vamos a llevar un registro mucho m\u00e1s minucioso de los veh\u00edculos que ingresan y de los residuos que se generan, para que no haya disposici\u00f3n de residuos de forma clandestina\u201d.<\/p>\n\n\n\n<p>En el lugar, desde esta semana funciona una garita de control con personal capacitado y c\u00e1maras que se instalaron recientemente en toda la zona de acceso al predio.<\/p>\n\n\n\n<p>\u201cQuer\u00edamos informar a los vecinos y vecinas de la ciudad, apelando a la buena disposici\u00f3n y colaboraci\u00f3n de todos para que este sistema funcione de la mejor manera. De la misma forma buscamos controlar el acceso de personas que puedan meterse en el predio, con la intenci\u00f3n de generar fuego o recuperar residuos, desde este mi\u00e9rcoles el lugar va a estar controlado y monitoreado\u201d, concluy\u00f3 Campo.<br><br><strong>Estudio<\/strong><br>Por otra parte, la Municipalidad la semana pasada un nuevo estudio de generaci\u00f3n y composici\u00f3n de los residuos s\u00f3lidos urbanos de la ciudad de General Pico. La directora general de Ambiente y Desarrollo Sustentable, Melina Med\u00fas, inform\u00f3 que desde el \u00e1rea se realiza un estudio actualizado para determinar la cantidad y el tipo de residuos que desecha la ciudadan\u00eda.<\/p>\n\n\n\n<p>\u201cEste es un muestreo, que cabe destacar tambi\u00e9n se realiz\u00f3 en el a\u00f1o 2019, y lo planificamos para realizar este a\u00f1o en el contexto de pandemia, para poder comprobar qu\u00e9 variaciones existen. Necesitamos saber cu\u00e1ntos residuos se generan diariamente en General Pico y cu\u00e1l es la composici\u00f3n para poder tomar medidas consistentes\u201d, dijo Med\u00fas.<\/p>\n\n\n\n<p>La funcionaria indic\u00f3 que este tipo de estudios se realiza bajo una metodolog\u00eda establecida por una norma que est\u00e1 estandarizada. Se busca, con los resultados de estos an\u00e1lisis, realizar cambios en la gesti\u00f3n y ajustes permanentes en el Plan de Gesti\u00f3n Integral de Residuos S\u00f3lidos Urbanos.<\/p>\n\n\n\n<p>La Direcci\u00f3n de Ambiente y Desarrollo Sustentable busca de esta manera mejorar, no solamente el servicio, sino tambi\u00e9n todos los proyectos que desde el \u00e1rea est\u00e1n ya encaminados, como as\u00ed tambi\u00e9n la aplicaci\u00f3n de toda la maquinaria que se ha adquirido recientemente.<\/p>\n\n\n\n<p>\u201cNecesitamos saber exactamente, c\u00f3mo redunda eso en cambios positivos o negativos y ajustar este sistema\u201d, complet\u00f3 Melina Med\u00fas.<\/p>\n\n\n\n<p>Fuente: https:\/\/www.eldiariodelapampa.com.ar\/la-pampa\/20215-restringen-el-ingreso-al-basurero-de-general-pico<\/p>\n","protected":false},"excerpt":{"rendered":"","protected":false},"author":6,"featured_media":0,"comment_status":"open","ping_status":"open","sticky":false,"template":"","format":"standard","meta":{"site-sidebar-layout":"default","site-content-layout":"","ast-site-content-layout":"default","site-content-style":"default","site-sidebar-style":"default","ast-global-header-display":"","ast-banner-title-visibility":"","ast-main-header-display":"","ast-hfb-above-header-display":"","ast-hfb-below-header-display":"","ast-hfb-mobile-header-display":"","site-post-title":"","ast-breadcrumbs-content":"","ast-featured-img":"","footer-sml-layout":"","ast-disable-related-posts":"","theme-transparent-header-meta":"","adv-header-id-meta":"","stick-header-meta":"","header-above-stick-meta":"","header-main-stick-meta":"","header-below-stick-meta":"","astra-migrate-meta-layouts":"default","ast-page-background-enabled":"default","ast-page-background-meta":{"desktop":{"background-color":"var(--ast-global-color-5)","background-image":"","background-repeat":"repeat","background-position":"center center","background-size":"auto","background-attachment":"scroll","background-type":"","background-media":"","overlay-type":"","overlay-color":"","overlay-opacity":"","overlay-gradient":""},"tablet":{"background-color":"","background-image":"","background-repeat":"repeat","background-position":"center center","background-size":"auto","background-attachment":"scroll","background-type":"","background-media":"","overlay-type":"","overlay-color":"","overlay-opacity":"","overlay-gradient":""},"mobile":{"background-color":"","background-image":"","background-repeat":"repeat","background-position":"center center","background-size":"auto","background-attachment":"scroll","background-type":"","background-media":"","overlay-type":"","overlay-color":"","overlay-opacity":"","overlay-gradient":""}},"ast-content-background-meta":{"desktop":{"background-color":"var(--ast-global-color-4)","background-image":"","background-repeat":"repeat","background-position":"center center","background-size":"auto","background-attachment":"scroll","background-type":"","background-media":"","overlay-type":"","overlay-color":"","overlay-opacity":"","overlay-gradient":""},"tablet":{"background-color":"var(--ast-global-color-4)","background-image":"","background-repeat":"repeat","background-position":"center center","background-size":"auto","background-attachment":"scroll","background-type":"","background-media":"","overlay-type":"","overlay-color":"","overlay-opacity":"","overlay-gradient":""},"mobile":{"background-color":"var(--ast-global-color-4)","background-image":"","background-repeat":"repeat","background-position":"center center","background-size":"auto","background-attachment":"scroll","background-type":"","background-media":"","overlay-type":"","overlay-color":"","overlay-opacity":"","overlay-gradient":""}},"footnotes":""},"categories":[1],"tags":[],"class_list":["post-74072","post","type-post","status-publish","format-standard","hentry","category-noticias"],"yoast_head":"<!-- This site is optimized with the Yoast SEO Premium plugin v23.0 (Yoast SEO v27.5) - https:\/\/yoast.com\/product\/yoast-seo-premium-wordpress\/ -->\n<title>Restringen el ingreso al basurero de General Pico<\/title>\n<meta name=\"robots\" content=\"index, follow, max-snippet:-1, max-image-preview:large, max-video-preview:-1\" \/>\n<link rel=\"canonical\" href=\"https:\/\/patagoniambiental.com.ar\/info\/restringen-el-ingreso-al-basurero-de-general-pico\/\" \/>\n<meta property=\"og:locale\" content=\"es_ES\" \/>\n<meta property=\"og:type\" content=\"article\" \/>\n<meta property=\"og:title\" content=\"Restringen el ingreso al basurero de General Pico\" \/>\n<meta property=\"og:url\" content=\"https:\/\/patagoniambiental.com.ar\/info\/restringen-el-ingreso-al-basurero-de-general-pico\/\" \/>\n<meta property=\"og:site_name\" content=\"Patagonia Ambiental\" \/>\n<meta property=\"article:publisher\" content=\"https:\/\/www.facebook.com\/patagonia.ambiental\" \/>\n<meta property=\"article:published_time\" content=\"2021-09-09T22:00:00+00:00\" \/>\n<meta name=\"author\" content=\"BRAIAN ESTEVEZ\" \/>\n<meta name=\"twitter:card\" content=\"summary_large_image\" \/>\n<meta name=\"twitter:creator\" content=\"@PatAmb\" \/>\n<meta name=\"twitter:site\" content=\"@PatAmb\" \/>\n<script type=\"application\/ld+json\" class=\"yoast-schema-graph\">{\"@context\":\"https:\\\/\\\/schema.org\",\"@graph\":[{\"@type\":\"Article\",\"@id\":\"https:\\\/\\\/patagoniambiental.com.ar\\\/info\\\/restringen-el-ingreso-al-basurero-de-general-pico\\\/#article\",\"isPartOf\":{\"@id\":\"https:\\\/\\\/patagoniambiental.com.ar\\\/info\\\/restringen-el-ingreso-al-basurero-de-general-pico\\\/\"},\"author\":{\"name\":\"BRAIAN ESTEVEZ\",\"@id\":\"https:\\\/\\\/patagoniambiental.com.ar\\\/info\\\/#\\\/schema\\\/person\\\/e5af09d700b2e82cb10c6b8800e0c691\"},\"headline\":\"Restringen el ingreso al basurero de General Pico\",\"datePublished\":\"2021-09-09T22:00:00+00:00\",\"mainEntityOfPage\":{\"@id\":\"https:\\\/\\\/patagoniambiental.com.ar\\\/info\\\/restringen-el-ingreso-al-basurero-de-general-pico\\\/\"},\"wordCount\":697,\"commentCount\":0,\"publisher\":{\"@id\":\"https:\\\/\\\/patagoniambiental.com.ar\\\/info\\\/#organization\"},\"articleSection\":[\"Noticias\"],\"inLanguage\":\"es\",\"potentialAction\":[{\"@type\":\"CommentAction\",\"name\":\"Comment\",\"target\":[\"https:\\\/\\\/patagoniambiental.com.ar\\\/info\\\/restringen-el-ingreso-al-basurero-de-general-pico\\\/#respond\"]}]},{\"@type\":\"WebPage\",\"@id\":\"https:\\\/\\\/patagoniambiental.com.ar\\\/info\\\/restringen-el-ingreso-al-basurero-de-general-pico\\\/\",\"url\":\"https:\\\/\\\/patagoniambiental.com.ar\\\/info\\\/restringen-el-ingreso-al-basurero-de-general-pico\\\/\",\"name\":\"Restringen el ingreso al basurero de General Pico\",\"isPartOf\":{\"@id\":\"https:\\\/\\\/patagoniambiental.com.ar\\\/info\\\/#website\"},\"datePublished\":\"2021-09-09T22:00:00+00:00\",\"breadcrumb\":{\"@id\":\"https:\\\/\\\/patagoniambiental.com.ar\\\/info\\\/restringen-el-ingreso-al-basurero-de-general-pico\\\/#breadcrumb\"},\"inLanguage\":\"es\",\"potentialAction\":[{\"@type\":\"ReadAction\",\"target\":[\"https:\\\/\\\/patagoniambiental.com.ar\\\/info\\\/restringen-el-ingreso-al-basurero-de-general-pico\\\/\"]}]},{\"@type\":\"BreadcrumbList\",\"@id\":\"https:\\\/\\\/patagoniambiental.com.ar\\\/info\\\/restringen-el-ingreso-al-basurero-de-general-pico\\\/#breadcrumb\",\"itemListElement\":[{\"@type\":\"ListItem\",\"position\":1,\"name\":\"Inicio\",\"item\":\"https:\\\/\\\/patagoniambiental.com.ar\\\/info\\\/\"},{\"@type\":\"ListItem\",\"position\":2,\"name\":\"Restringen el ingreso al basurero de General Pico\"}]},{\"@type\":\"WebSite\",\"@id\":\"https:\\\/\\\/patagoniambiental.com.ar\\\/info\\\/#website\",\"url\":\"https:\\\/\\\/patagoniambiental.com.ar\\\/info\\\/\",\"name\":\"Patagonia Ambiental\",\"description\":\"Monitoreo y an\u00e1lisis de la situaci\u00f3n geopol\u00edtica en el mundo y su implicancia en la Patagonia\",\"publisher\":{\"@id\":\"https:\\\/\\\/patagoniambiental.com.ar\\\/info\\\/#organization\"},\"potentialAction\":[{\"@type\":\"SearchAction\",\"target\":{\"@type\":\"EntryPoint\",\"urlTemplate\":\"https:\\\/\\\/patagoniambiental.com.ar\\\/info\\\/?s={search_term_string}\"},\"query-input\":{\"@type\":\"PropertyValueSpecification\",\"valueRequired\":true,\"valueName\":\"search_term_string\"}}],\"inLanguage\":\"es\"},{\"@type\":\"Organization\",\"@id\":\"https:\\\/\\\/patagoniambiental.com.ar\\\/info\\\/#organization\",\"name\":\"Patagonia Ambiental\",\"url\":\"https:\\\/\\\/patagoniambiental.com.ar\\\/info\\\/\",\"logo\":{\"@type\":\"ImageObject\",\"inLanguage\":\"es\",\"@id\":\"https:\\\/\\\/patagoniambiental.com.ar\\\/info\\\/#\\\/schema\\\/logo\\\/image\\\/\",\"url\":\"https:\\\/\\\/patagoniambiental.com.ar\\\/info\\\/wp-content\\\/uploads\\\/2025\\\/05\\\/LOGO-PATAGONIA-AMBIENTAL.png\",\"contentUrl\":\"https:\\\/\\\/patagoniambiental.com.ar\\\/info\\\/wp-content\\\/uploads\\\/2025\\\/05\\\/LOGO-PATAGONIA-AMBIENTAL.png\",\"width\":433,\"height\":250,\"caption\":\"Patagonia Ambiental\"},\"image\":{\"@id\":\"https:\\\/\\\/patagoniambiental.com.ar\\\/info\\\/#\\\/schema\\\/logo\\\/image\\\/\"},\"sameAs\":[\"https:\\\/\\\/www.facebook.com\\\/patagonia.ambiental\",\"https:\\\/\\\/x.com\\\/PatAmb\"]},{\"@type\":\"Person\",\"@id\":\"https:\\\/\\\/patagoniambiental.com.ar\\\/info\\\/#\\\/schema\\\/person\\\/e5af09d700b2e82cb10c6b8800e0c691\",\"name\":\"BRAIAN ESTEVEZ\",\"sameAs\":[\"http:\\\/\\\/www.patagoniambiental.com.ar\"]}]}<\/script>\n<!-- \/ Yoast SEO Premium plugin. -->","yoast_head_json":{"title":"Restringen el ingreso al basurero de General Pico","robots":{"index":"index","follow":"follow","max-snippet":"max-snippet:-1","max-image-preview":"max-image-preview:large","max-video-preview":"max-video-preview:-1"},"canonical":"https:\/\/patagoniambiental.com.ar\/info\/restringen-el-ingreso-al-basurero-de-general-pico\/","og_locale":"es_ES","og_type":"article","og_title":"Restringen el ingreso al basurero de General Pico","og_url":"https:\/\/patagoniambiental.com.ar\/info\/restringen-el-ingreso-al-basurero-de-general-pico\/","og_site_name":"Patagonia Ambiental","article_publisher":"https:\/\/www.facebook.com\/patagonia.ambiental","article_published_time":"2021-09-09T22:00:00+00:00","author":"BRAIAN ESTEVEZ","twitter_card":"summary_large_image","twitter_creator":"@PatAmb","twitter_site":"@PatAmb","schema":{"@context":"https:\/\/schema.org","@graph":[{"@type":"Article","@id":"https:\/\/patagoniambiental.com.ar\/info\/restringen-el-ingreso-al-basurero-de-general-pico\/#article","isPartOf":{"@id":"https:\/\/patagoniambiental.com.ar\/info\/restringen-el-ingreso-al-basurero-de-general-pico\/"},"author":{"name":"BRAIAN ESTEVEZ","@id":"https:\/\/patagoniambiental.com.ar\/info\/#\/schema\/person\/e5af09d700b2e82cb10c6b8800e0c691"},"headline":"Restringen el ingreso al basurero de General Pico","datePublished":"2021-09-09T22:00:00+00:00","mainEntityOfPage":{"@id":"https:\/\/patagoniambiental.com.ar\/info\/restringen-el-ingreso-al-basurero-de-general-pico\/"},"wordCount":697,"commentCount":0,"publisher":{"@id":"https:\/\/patagoniambiental.com.ar\/info\/#organization"},"articleSection":["Noticias"],"inLanguage":"es","potentialAction":[{"@type":"CommentAction","name":"Comment","target":["https:\/\/patagoniambiental.com.ar\/info\/restringen-el-ingreso-al-basurero-de-general-pico\/#respond"]}]},{"@type":"WebPage","@id":"https:\/\/patagoniambiental.com.ar\/info\/restringen-el-ingreso-al-basurero-de-general-pico\/","url":"https:\/\/patagoniambiental.com.ar\/info\/restringen-el-ingreso-al-basurero-de-general-pico\/","name":"Restringen el ingreso al basurero de General Pico","isPartOf":{"@id":"https:\/\/patagoniambiental.com.ar\/info\/#website"},"datePublished":"2021-09-09T22:00:00+00:00","breadcrumb":{"@id":"https:\/\/patagoniambiental.com.ar\/info\/restringen-el-ingreso-al-basurero-de-general-pico\/#breadcrumb"},"inLanguage":"es","potentialAction":[{"@type":"ReadAction","target":["https:\/\/patagoniambiental.com.ar\/info\/restringen-el-ingreso-al-basurero-de-general-pico\/"]}]},{"@type":"BreadcrumbList","@id":"https:\/\/patagoniambiental.com.ar\/info\/restringen-el-ingreso-al-basurero-de-general-pico\/#breadcrumb","itemListElement":[{"@type":"ListItem","position":1,"name":"Inicio","item":"https:\/\/patagoniambiental.com.ar\/info\/"},{"@type":"ListItem","position":2,"name":"Restringen el ingreso al basurero de General Pico"}]},{"@type":"WebSite","@id":"https:\/\/patagoniambiental.com.ar\/info\/#website","url":"https:\/\/patagoniambiental.com.ar\/info\/","name":"Patagonia Ambiental","description":"Monitoreo y an\u00e1lisis de la situaci\u00f3n geopol\u00edtica en el mundo y su implicancia en la Patagonia","publisher":{"@id":"https:\/\/patagoniambiental.com.ar\/info\/#organization"},"potentialAction":[{"@type":"SearchAction","target":{"@type":"EntryPoint","urlTemplate":"https:\/\/patagoniambiental.com.ar\/info\/?s={search_term_string}"},"query-input":{"@type":"PropertyValueSpecification","valueRequired":true,"valueName":"search_term_string"}}],"inLanguage":"es"},{"@type":"Organization","@id":"https:\/\/patagoniambiental.com.ar\/info\/#organization","name":"Patagonia Ambiental","url":"https:\/\/patagoniambiental.com.ar\/info\/","logo":{"@type":"ImageObject","inLanguage":"es","@id":"https:\/\/patagoniambiental.com.ar\/info\/#\/schema\/logo\/image\/","url":"https:\/\/patagoniambiental.com.ar\/info\/wp-content\/uploads\/2025\/05\/LOGO-PATAGONIA-AMBIENTAL.png","contentUrl":"https:\/\/patagoniambiental.com.ar\/info\/wp-content\/uploads\/2025\/05\/LOGO-PATAGONIA-AMBIENTAL.png","width":433,"height":250,"caption":"Patagonia Ambiental"},"image":{"@id":"https:\/\/patagoniambiental.com.ar\/info\/#\/schema\/logo\/image\/"},"sameAs":["https:\/\/www.facebook.com\/patagonia.ambiental","https:\/\/x.com\/PatAmb"]},{"@type":"Person","@id":"https:\/\/patagoniambiental.com.ar\/info\/#\/schema\/person\/e5af09d700b2e82cb10c6b8800e0c691","name":"BRAIAN ESTEVEZ","sameAs":["http:\/\/www.patagoniambiental.com.ar"]}]}},"_links":{"self":[{"href":"https:\/\/patagoniambiental.com.ar\/info\/wp-json\/wp\/v2\/posts\/74072","targetHints":{"allow":["GET"]}}],"collection":[{"href":"https:\/\/patagoniambiental.com.ar\/info\/wp-json\/wp\/v2\/posts"}],"about":[{"href":"https:\/\/patagoniambiental.com.ar\/info\/wp-json\/wp\/v2\/types\/post"}],"author":[{"embeddable":true,"href":"https:\/\/patagoniambiental.com.ar\/info\/wp-json\/wp\/v2\/users\/6"}],"replies":[{"embeddable":true,"href":"https:\/\/patagoniambiental.com.ar\/info\/wp-json\/wp\/v2\/comments?post=74072"}],"version-history":[{"count":0,"href":"https:\/\/patagoniambiental.com.ar\/info\/wp-json\/wp\/v2\/posts\/74072\/revisions"}],"wp:attachment":[{"href":"https:\/\/patagoniambiental.com.ar\/info\/wp-json\/wp\/v2\/media?parent=74072"}],"wp:term":[{"taxonomy":"category","embeddable":true,"href":"https:\/\/patagoniambiental.com.ar\/info\/wp-json\/wp\/v2\/categories?post=74072"},{"taxonomy":"post_tag","embeddable":true,"href":"https:\/\/patagoniambiental.com.ar\/info\/wp-json\/wp\/v2\/tags?post=74072"}],"curies":[{"name":"wp","href":"https:\/\/api.w.org\/{rel}","templated":true}]}}